{"id":48109,"date":"2023-10-10T09:07:19","date_gmt":"2023-10-10T07:07:19","guid":{"rendered":"https:\/\/www.musikzeitung.ch\/?p=48109"},"modified":"2023-10-12T10:02:41","modified_gmt":"2023-10-12T08:02:41","slug":"kulturwirtschaft-erholte-sich-2021-langsam-von-der-pandemie","status":"publish","type":"post","link":"https:\/\/www.musikzeitung.ch\/it\/news\/2023\/10\/kulturwirtschaft-erholte-sich-2021-langsam-von-der-pandemie","title":{"rendered":"Le industrie culturali si sono lentamente riprese dalla pandemia nel 2021"},"content":{"rendered":"<figure id=\"attachment_48111\" aria-describedby=\"caption-attachment-48111\" style=\"width: 1417px\" class=\"wp-caption alignnone\"><img loading=\"lazy\" decoding=\"async\" class=\"wp-image-48111 size-full\" src=\"https:\/\/www.musikzeitung.ch\/wp-content\/uploads\/2023\/10\/Depositphotos_73511523_XL.jpg\" alt=\"\" width=\"1417\" height=\"1181\" srcset=\"https:\/\/www.musikzeitung.ch\/wp-content\/uploads\/2023\/10\/Depositphotos_73511523_XL.jpg 1200w, https:\/\/www.musikzeitung.ch\/wp-content\/uploads\/2023\/10\/Depositphotos_73511523_XL-300x250.jpg 300w, https:\/\/www.musikzeitung.ch\/wp-content\/uploads\/2023\/10\/Depositphotos_73511523_XL-1024x853.jpg 1024w, https:\/\/www.musikzeitung.ch\/wp-content\/uploads\/2023\/10\/Depositphotos_73511523_XL-768x640.jpg 768w, https:\/\/www.musikzeitung.ch\/wp-content\/uploads\/2023\/10\/Depositphotos_73511523_XL-210x175.jpg 210w, https:\/\/www.musikzeitung.ch\/wp-content\/uploads\/2023\/10\/Depositphotos_73511523_XL-420x350.jpg 420w, https:\/\/www.musikzeitung.ch\/wp-content\/uploads\/2023\/10\/Depositphotos_73511523_XL-960x800.jpg 960w, https:\/\/www.musikzeitung.ch\/wp-content\/uploads\/2023\/10\/Depositphotos_73511523_XL-920x767.jpg 920w, https:\/\/www.musikzeitung.ch\/wp-content\/uploads\/2023\/10\/Depositphotos_73511523_XL-1400x1167.jpg 1400w\" sizes=\"auto, (max-width: 1417px) 100vw, 1417px\" \/><figcaption id=\"caption-attachment-48111\" class=\"wp-caption-text\">Immagine simbolica: stuartmiles\/depositphotos.com<\/figcaption><\/figure>\n<p>Secondo un comunicato stampa dell'UST, il valore aggiunto delle industrie culturali ha nuovamente superato la soglia dei 15 miliardi di franchi, ma non ha raggiunto il livello pre-coronavirus. Questi sono alcuni dei nuovi risultati delle statistiche dell'Ufficio federale di statistica (UST) sulle industrie culturali.<\/p>\n<p>Nel 2021, il settore culturale ha registrato 1426 imprese in pi\u00f9 rispetto al 2020 (+2,2%), per un totale di 65.369 imprese culturali. Questa cifra \u00e8 ancora pi\u00f9 alta rispetto a prima della pandemia di Covid-19 e rappresenta un nuovo massimo dal 2011. L'aumento del settore culturale (pi\u00f9 2,2 percento) \u00e8 stato quindi significativamente superiore a quello dell'economia nel suo complesso (pi\u00f9 1,5 percento). \u00c8 stato pi\u00f9 pronunciato nei settori audiovisivo e multimediale, arti visive e pubblicit\u00e0, pi\u00f9 debole nell'architettura e addirittura negativo nei libri e nella stampa (meno 1,5 percento).<\/p>\n<p>Nel 2021, invece, il numero di dipendenti del settore culturale \u00e8 aumentato in misura minore rispetto all'economia nel suo complesso. La ripresa ha interessato soprattutto le piccole strutture. La percentuale di piccole imprese culturali (meno di 3 dipendenti) non solo \u00e8 stata pi\u00f9 alta nel 2021 rispetto al 2020, ma anche rispetto al 2019.<\/p>","protected":false},"excerpt":{"rendered":"<p>Secondo l'Ufficio federale di statistica (UST), nel 2021 il numero di persone impiegate nel settore culturale \u00e8 aumentato nuovamente, ma in modo meno marcato rispetto all'economia nel suo complesso. <\/p>","protected":false},"author":30,"featured_media":48111,"comment_status":"closed","ping_status":"closed","sticky":false,"template":"","format":"standard","meta":{"_acf_changed":false,"_relevanssi_hide_post":"","_relevanssi_hide_content":"","_relevanssi_pin_for_all":"","_relevanssi_pin_keywords":"","_relevanssi_unpin_keywords":"","_relevanssi_related_keywords":"","_relevanssi_related_include_ids":"","_relevanssi_related_exclude_ids":"","_relevanssi_related_no_append":"","_relevanssi_related_not_related":"","_relevanssi_related_posts":"","_relevanssi_noindex_reason":"","pgc_sgb_lightbox_settings":"","footnotes":""},"categories":[27],"tags":[2754],"class_list":["post-48109","post","type-post","status-publish","format-standard","has-post-thumbnail","hentry","category-news","tag-kulturstatistik"],"acf":[],"yoast_head":"<!-- This site is optimized with the Yoast SEO plugin v27.4 - https:\/\/yoast.com\/product\/yoast-seo-wordpress\/ -->\n<title>Kulturwirtschaft erholte sich 2021 langsam von der Pandemie - Schweizer Musikzeitung<\/title>\n<meta name=\"description\" content=\"Die Anzahl Besch\u00e4ftigter in der Kultur ist laut dem Bundesamt f\u00fcr Statistik (BfS) 2021 wieder angestiegen, jedoch weniger stark als in der Gesamtwirtschaft.\" \/>\n<meta name=\"robots\" content=\"index, follow, max-snippet:-1, max-image-preview:large, max-video-preview:-1\" \/>\n<link rel=\"canonical\" href=\"https:\/\/www.musikzeitung.ch\/it\/news\/2023\/10\/kulturwirtschaft-erholte-sich-2021-langsam-von-der-pandemie\/\" \/>\n<meta property=\"og:locale\" content=\"it_IT\" \/>\n<meta property=\"og:type\" content=\"article\" \/>\n<meta property=\"og:title\" content=\"Kulturwirtschaft erholte sich 2021 langsam von der Pandemie - Schweizer Musikzeitung\" \/>\n<meta property=\"og:description\" content=\"Die Anzahl Besch\u00e4ftigter in der Kultur ist laut dem Bundesamt f\u00fcr Statistik (BfS) 2021 wieder angestiegen, jedoch weniger stark als in der Gesamtwirtschaft.\" \/>\n<meta property=\"og:url\" content=\"https:\/\/www.musikzeitung.ch\/it\/news\/2023\/10\/kulturwirtschaft-erholte-sich-2021-langsam-von-der-pandemie\/\" \/>\n<meta property=\"og:site_name\" content=\"Schweizer Musikzeitung\" \/>\n<meta property=\"article:publisher\" content=\"https:\/\/www.facebook.com\/SchweizerMusikzeitung\/\" \/>\n<meta property=\"article:author\" content=\"https:\/\/www.facebook.com\/wolfgang.bohler.75\" \/>\n<meta property=\"article:published_time\" content=\"2023-10-10T07:07:19+00:00\" \/>\n<meta property=\"article:modified_time\" content=\"2023-10-12T08:02:41+00:00\" \/>\n<meta property=\"og:image\" content=\"https:\/\/www.musikzeitung.ch\/wp-content\/uploads\/2023\/10\/Depositphotos_73511523_XL.jpg\" \/>\n\t<meta property=\"og:image:width\" content=\"1200\" \/>\n\t<meta property=\"og:image:height\" content=\"1000\" \/>\n\t<meta property=\"og:image:type\" content=\"image\/jpeg\" \/>\n<meta name=\"author\" content=\"Wolfgang B\u00f6hler\" \/>\n<meta name=\"twitter:card\" content=\"summary_large_image\" \/>\n<meta name=\"twitter:creator\" content=\"@smusikzeitung\" \/>\n<meta name=\"twitter:site\" content=\"@smusikzeitung\" \/>\n<meta name=\"twitter:label1\" content=\"Scritto da\" \/>\n\t<meta name=\"twitter:data1\" content=\"Wolfgang B\u00f6hler\" \/>\n\t<meta name=\"twitter:label2\" content=\"Tempo di lettura stimato\" \/>\n\t<meta name=\"twitter:data2\" content=\"2 minuti\" \/>\n<script type=\"application\/ld+json\" class=\"yoast-schema-graph\">{\"@context\":\"https:\\\/\\\/schema.org\",\"@graph\":[{\"@type\":\"Article\",\"@id\":\"https:\\\/\\\/www.musikzeitung.ch\\\/news\\\/2023\\\/10\\\/kulturwirtschaft-erholte-sich-2021-langsam-von-der-pandemie#article\",\"isPartOf\":{\"@id\":\"https:\\\/\\\/www.musikzeitung.ch\\\/news\\\/2023\\\/10\\\/kulturwirtschaft-erholte-sich-2021-langsam-von-der-pandemie\"},\"author\":{\"name\":\"Wolfgang B\u00f6hler\",\"@id\":\"https:\\\/\\\/www.musikzeitung.ch\\\/#\\\/schema\\\/person\\\/0da4fb82d243f1252850a35d0e87cf0c\"},\"headline\":\"Kulturwirtschaft erholte sich 2021 langsam von der Pandemie\",\"datePublished\":\"2023-10-10T07:07:19+00:00\",\"dateModified\":\"2023-10-12T08:02:41+00:00\",\"mainEntityOfPage\":{\"@id\":\"https:\\\/\\\/www.musikzeitung.ch\\\/news\\\/2023\\\/10\\\/kulturwirtschaft-erholte-sich-2021-langsam-von-der-pandemie\"},\"wordCount\":178,\"publisher\":{\"@id\":\"https:\\\/\\\/www.musikzeitung.ch\\\/#organization\"},\"image\":{\"@id\":\"https:\\\/\\\/www.musikzeitung.ch\\\/news\\\/2023\\\/10\\\/kulturwirtschaft-erholte-sich-2021-langsam-von-der-pandemie#primaryimage\"},\"thumbnailUrl\":\"https:\\\/\\\/www.musikzeitung.ch\\\/wp-content\\\/uploads\\\/2023\\\/10\\\/Depositphotos_73511523_XL.jpg\",\"keywords\":[\"Kulturstatistik\"],\"articleSection\":[\"News\"],\"inLanguage\":\"it-IT\"},{\"@type\":\"WebPage\",\"@id\":\"https:\\\/\\\/www.musikzeitung.ch\\\/news\\\/2023\\\/10\\\/kulturwirtschaft-erholte-sich-2021-langsam-von-der-pandemie\",\"url\":\"https:\\\/\\\/www.musikzeitung.ch\\\/news\\\/2023\\\/10\\\/kulturwirtschaft-erholte-sich-2021-langsam-von-der-pandemie\",\"name\":\"Kulturwirtschaft erholte sich 2021 langsam von der Pandemie - Schweizer Musikzeitung\",\"isPartOf\":{\"@id\":\"https:\\\/\\\/www.musikzeitung.ch\\\/#website\"},\"primaryImageOfPage\":{\"@id\":\"https:\\\/\\\/www.musikzeitung.ch\\\/news\\\/2023\\\/10\\\/kulturwirtschaft-erholte-sich-2021-langsam-von-der-pandemie#primaryimage\"},\"image\":{\"@id\":\"https:\\\/\\\/www.musikzeitung.ch\\\/news\\\/2023\\\/10\\\/kulturwirtschaft-erholte-sich-2021-langsam-von-der-pandemie#primaryimage\"},\"thumbnailUrl\":\"https:\\\/\\\/www.musikzeitung.ch\\\/wp-content\\\/uploads\\\/2023\\\/10\\\/Depositphotos_73511523_XL.jpg\",\"datePublished\":\"2023-10-10T07:07:19+00:00\",\"dateModified\":\"2023-10-12T08:02:41+00:00\",\"description\":\"Die Anzahl Besch\u00e4ftigter in der Kultur ist laut dem Bundesamt f\u00fcr Statistik (BfS) 2021 wieder angestiegen, jedoch weniger stark als in der Gesamtwirtschaft.\",\"breadcrumb\":{\"@id\":\"https:\\\/\\\/www.musikzeitung.ch\\\/news\\\/2023\\\/10\\\/kulturwirtschaft-erholte-sich-2021-langsam-von-der-pandemie#breadcrumb\"},\"inLanguage\":\"it-IT\",\"potentialAction\":[{\"@type\":\"ReadAction\",\"target\":[\"https:\\\/\\\/www.musikzeitung.ch\\\/news\\\/2023\\\/10\\\/kulturwirtschaft-erholte-sich-2021-langsam-von-der-pandemie\"]}]},{\"@type\":\"ImageObject\",\"inLanguage\":\"it-IT\",\"@id\":\"https:\\\/\\\/www.musikzeitung.ch\\\/news\\\/2023\\\/10\\\/kulturwirtschaft-erholte-sich-2021-langsam-von-der-pandemie#primaryimage\",\"url\":\"https:\\\/\\\/www.musikzeitung.ch\\\/wp-content\\\/uploads\\\/2023\\\/10\\\/Depositphotos_73511523_XL.jpg\",\"contentUrl\":\"https:\\\/\\\/www.musikzeitung.ch\\\/wp-content\\\/uploads\\\/2023\\\/10\\\/Depositphotos_73511523_XL.jpg\",\"width\":1200,\"height\":1000,\"caption\":\"Pie Chart Report Meaning Statistic Infograph And Statistical\"},{\"@type\":\"BreadcrumbList\",\"@id\":\"https:\\\/\\\/www.musikzeitung.ch\\\/news\\\/2023\\\/10\\\/kulturwirtschaft-erholte-sich-2021-langsam-von-der-pandemie#breadcrumb\",\"itemListElement\":[{\"@type\":\"ListItem\",\"position\":1,\"name\":\"Home\",\"item\":\"https:\\\/\\\/www.musikzeitung.ch\\\/\"},{\"@type\":\"ListItem\",\"position\":2,\"name\":\"Kulturwirtschaft erholte sich 2021 langsam von der Pandemie\"}]},{\"@type\":\"WebSite\",\"@id\":\"https:\\\/\\\/www.musikzeitung.ch\\\/#website\",\"url\":\"https:\\\/\\\/www.musikzeitung.ch\\\/\",\"name\":\"Schweizer Musikzeitung\",\"description\":\"Die f\u00fchrende sparten\u00fcbergreifende Monatszeitung in der Schweiz f\u00fcr musikalische Fragen.\",\"publisher\":{\"@id\":\"https:\\\/\\\/www.musikzeitung.ch\\\/#organization\"},\"potentialAction\":[{\"@type\":\"SearchAction\",\"target\":{\"@type\":\"EntryPoint\",\"urlTemplate\":\"https:\\\/\\\/www.musikzeitung.ch\\\/?s={search_term_string}\"},\"query-input\":{\"@type\":\"PropertyValueSpecification\",\"valueRequired\":true,\"valueName\":\"search_term_string\"}}],\"inLanguage\":\"it-IT\"},{\"@type\":\"Organization\",\"@id\":\"https:\\\/\\\/www.musikzeitung.ch\\\/#organization\",\"name\":\"Schweizer Musikzeitung\",\"url\":\"https:\\\/\\\/www.musikzeitung.ch\\\/\",\"logo\":{\"@type\":\"ImageObject\",\"inLanguage\":\"it-IT\",\"@id\":\"https:\\\/\\\/www.musikzeitung.ch\\\/#\\\/schema\\\/logo\\\/image\\\/\",\"url\":\"https:\\\/\\\/www.musikzeitung.ch\\\/wp-content\\\/uploads\\\/2023\\\/01\\\/SMZ_Schriftzug_Sprache.png\",\"contentUrl\":\"https:\\\/\\\/www.musikzeitung.ch\\\/wp-content\\\/uploads\\\/2023\\\/01\\\/SMZ_Schriftzug_Sprache.png\",\"width\":1400,\"height\":279,\"caption\":\"Schweizer Musikzeitung\"},\"image\":{\"@id\":\"https:\\\/\\\/www.musikzeitung.ch\\\/#\\\/schema\\\/logo\\\/image\\\/\"},\"sameAs\":[\"https:\\\/\\\/www.facebook.com\\\/SchweizerMusikzeitung\\\/\",\"https:\\\/\\\/x.com\\\/smusikzeitung\",\"https:\\\/\\\/www.instagram.com\\\/musikzeitung.ch\\\/\"]},{\"@type\":\"Person\",\"@id\":\"https:\\\/\\\/www.musikzeitung.ch\\\/#\\\/schema\\\/person\\\/0da4fb82d243f1252850a35d0e87cf0c\",\"name\":\"Wolfgang B\u00f6hler\",\"image\":{\"@type\":\"ImageObject\",\"inLanguage\":\"it-IT\",\"@id\":\"https:\\\/\\\/www.musikzeitung.ch\\\/wp-content\\\/uploads\\\/2023\\\/01\\\/boehler_portraet_web-e1674139782246-96x96.jpg\",\"url\":\"https:\\\/\\\/www.musikzeitung.ch\\\/wp-content\\\/uploads\\\/2023\\\/01\\\/boehler_portraet_web-e1674139782246-96x96.jpg\",\"contentUrl\":\"https:\\\/\\\/www.musikzeitung.ch\\\/wp-content\\\/uploads\\\/2023\\\/01\\\/boehler_portraet_web-e1674139782246-96x96.jpg\",\"caption\":\"Wolfgang B\u00f6hler\"},\"sameAs\":[\"http:\\\/\\\/www.manacanto.ch\",\"https:\\\/\\\/www.facebook.com\\\/wolfgang.bohler.75\"],\"url\":\"https:\\\/\\\/www.musikzeitung.ch\\\/it\\\/author\\\/wolfgang-boehler\"}]}<\/script>\n<!-- \/ Yoast SEO plugin. -->","yoast_head_json":{"title":"Kulturwirtschaft erholte sich 2021 langsam von der Pandemie - Schweizer Musikzeitung","description":"Secondo l'Ufficio federale di statistica (UST), nel 2021 il numero di persone impiegate nel settore culturale \u00e8 aumentato nuovamente, ma in modo meno marcato rispetto all'economia nel suo complesso.","robots":{"index":"index","follow":"follow","max-snippet":"max-snippet:-1","max-image-preview":"max-image-preview:large","max-video-preview":"max-video-preview:-1"},"canonical":"https:\/\/www.musikzeitung.ch\/it\/news\/2023\/10\/kulturwirtschaft-erholte-sich-2021-langsam-von-der-pandemie\/","og_locale":"it_IT","og_type":"article","og_title":"Kulturwirtschaft erholte sich 2021 langsam von der Pandemie - Schweizer Musikzeitung","og_description":"Die Anzahl Besch\u00e4ftigter in der Kultur ist laut dem Bundesamt f\u00fcr Statistik (BfS) 2021 wieder angestiegen, jedoch weniger stark als in der Gesamtwirtschaft.","og_url":"https:\/\/www.musikzeitung.ch\/it\/news\/2023\/10\/kulturwirtschaft-erholte-sich-2021-langsam-von-der-pandemie\/","og_site_name":"Schweizer Musikzeitung","article_publisher":"https:\/\/www.facebook.com\/SchweizerMusikzeitung\/","article_author":"https:\/\/www.facebook.com\/wolfgang.bohler.75","article_published_time":"2023-10-10T07:07:19+00:00","article_modified_time":"2023-10-12T08:02:41+00:00","og_image":[{"width":1200,"height":1000,"url":"https:\/\/www.musikzeitung.ch\/wp-content\/uploads\/2023\/10\/Depositphotos_73511523_XL.jpg","type":"image\/jpeg"}],"author":"Wolfgang B\u00f6hler","twitter_card":"summary_large_image","twitter_creator":"@smusikzeitung","twitter_site":"@smusikzeitung","twitter_misc":{"Scritto da":"Wolfgang B\u00f6hler","Tempo di lettura stimato":"2 minuti"},"schema":{"@context":"https:\/\/schema.org","@graph":[{"@type":"Article","@id":"https:\/\/www.musikzeitung.ch\/news\/2023\/10\/kulturwirtschaft-erholte-sich-2021-langsam-von-der-pandemie#article","isPartOf":{"@id":"https:\/\/www.musikzeitung.ch\/news\/2023\/10\/kulturwirtschaft-erholte-sich-2021-langsam-von-der-pandemie"},"author":{"name":"Wolfgang B\u00f6hler","@id":"https:\/\/www.musikzeitung.ch\/#\/schema\/person\/0da4fb82d243f1252850a35d0e87cf0c"},"headline":"Kulturwirtschaft erholte sich 2021 langsam von der Pandemie","datePublished":"2023-10-10T07:07:19+00:00","dateModified":"2023-10-12T08:02:41+00:00","mainEntityOfPage":{"@id":"https:\/\/www.musikzeitung.ch\/news\/2023\/10\/kulturwirtschaft-erholte-sich-2021-langsam-von-der-pandemie"},"wordCount":178,"publisher":{"@id":"https:\/\/www.musikzeitung.ch\/#organization"},"image":{"@id":"https:\/\/www.musikzeitung.ch\/news\/2023\/10\/kulturwirtschaft-erholte-sich-2021-langsam-von-der-pandemie#primaryimage"},"thumbnailUrl":"https:\/\/www.musikzeitung.ch\/wp-content\/uploads\/2023\/10\/Depositphotos_73511523_XL.jpg","keywords":["Kulturstatistik"],"articleSection":["News"],"inLanguage":"it-IT"},{"@type":"WebPage","@id":"https:\/\/www.musikzeitung.ch\/news\/2023\/10\/kulturwirtschaft-erholte-sich-2021-langsam-von-der-pandemie","url":"https:\/\/www.musikzeitung.ch\/news\/2023\/10\/kulturwirtschaft-erholte-sich-2021-langsam-von-der-pandemie","name":"Kulturwirtschaft erholte sich 2021 langsam von der Pandemie - Schweizer Musikzeitung","isPartOf":{"@id":"https:\/\/www.musikzeitung.ch\/#website"},"primaryImageOfPage":{"@id":"https:\/\/www.musikzeitung.ch\/news\/2023\/10\/kulturwirtschaft-erholte-sich-2021-langsam-von-der-pandemie#primaryimage"},"image":{"@id":"https:\/\/www.musikzeitung.ch\/news\/2023\/10\/kulturwirtschaft-erholte-sich-2021-langsam-von-der-pandemie#primaryimage"},"thumbnailUrl":"https:\/\/www.musikzeitung.ch\/wp-content\/uploads\/2023\/10\/Depositphotos_73511523_XL.jpg","datePublished":"2023-10-10T07:07:19+00:00","dateModified":"2023-10-12T08:02:41+00:00","description":"Secondo l'Ufficio federale di statistica (UST), nel 2021 il numero di persone impiegate nel settore culturale \u00e8 aumentato nuovamente, ma in modo meno marcato rispetto all'economia nel suo complesso.","breadcrumb":{"@id":"https:\/\/www.musikzeitung.ch\/news\/2023\/10\/kulturwirtschaft-erholte-sich-2021-langsam-von-der-pandemie#breadcrumb"},"inLanguage":"it-IT","potentialAction":[{"@type":"ReadAction","target":["https:\/\/www.musikzeitung.ch\/news\/2023\/10\/kulturwirtschaft-erholte-sich-2021-langsam-von-der-pandemie"]}]},{"@type":"ImageObject","inLanguage":"it-IT","@id":"https:\/\/www.musikzeitung.ch\/news\/2023\/10\/kulturwirtschaft-erholte-sich-2021-langsam-von-der-pandemie#primaryimage","url":"https:\/\/www.musikzeitung.ch\/wp-content\/uploads\/2023\/10\/Depositphotos_73511523_XL.jpg","contentUrl":"https:\/\/www.musikzeitung.ch\/wp-content\/uploads\/2023\/10\/Depositphotos_73511523_XL.jpg","width":1200,"height":1000,"caption":"Pie Chart Report Meaning Statistic Infograph And Statistical"},{"@type":"BreadcrumbList","@id":"https:\/\/www.musikzeitung.ch\/news\/2023\/10\/kulturwirtschaft-erholte-sich-2021-langsam-von-der-pandemie#breadcrumb","itemListElement":[{"@type":"ListItem","position":1,"name":"Home","item":"https:\/\/www.musikzeitung.ch\/"},{"@type":"ListItem","position":2,"name":"Kulturwirtschaft erholte sich 2021 langsam von der Pandemie"}]},{"@type":"WebSite","@id":"https:\/\/www.musikzeitung.ch\/#website","url":"https:\/\/www.musikzeitung.ch\/","name":"Giornale musicale svizzero","description":"Il principale mensile interdisciplinare della Svizzera per le questioni musicali.","publisher":{"@id":"https:\/\/www.musikzeitung.ch\/#organization"},"potentialAction":[{"@type":"SearchAction","target":{"@type":"EntryPoint","urlTemplate":"https:\/\/www.musikzeitung.ch\/?s={search_term_string}"},"query-input":{"@type":"PropertyValueSpecification","valueRequired":true,"valueName":"search_term_string"}}],"inLanguage":"it-IT"},{"@type":"Organization","@id":"https:\/\/www.musikzeitung.ch\/#organization","name":"Giornale musicale svizzero","url":"https:\/\/www.musikzeitung.ch\/","logo":{"@type":"ImageObject","inLanguage":"it-IT","@id":"https:\/\/www.musikzeitung.ch\/#\/schema\/logo\/image\/","url":"https:\/\/www.musikzeitung.ch\/wp-content\/uploads\/2023\/01\/SMZ_Schriftzug_Sprache.png","contentUrl":"https:\/\/www.musikzeitung.ch\/wp-content\/uploads\/2023\/01\/SMZ_Schriftzug_Sprache.png","width":1400,"height":279,"caption":"Schweizer Musikzeitung"},"image":{"@id":"https:\/\/www.musikzeitung.ch\/#\/schema\/logo\/image\/"},"sameAs":["https:\/\/www.facebook.com\/SchweizerMusikzeitung\/","https:\/\/x.com\/smusikzeitung","https:\/\/www.instagram.com\/musikzeitung.ch\/"]},{"@type":"Person","@id":"https:\/\/www.musikzeitung.ch\/#\/schema\/person\/0da4fb82d243f1252850a35d0e87cf0c","name":"Wolfgang B\u00f6hler","image":{"@type":"ImageObject","inLanguage":"it-IT","@id":"https:\/\/www.musikzeitung.ch\/wp-content\/uploads\/2023\/01\/boehler_portraet_web-e1674139782246-96x96.jpg","url":"https:\/\/www.musikzeitung.ch\/wp-content\/uploads\/2023\/01\/boehler_portraet_web-e1674139782246-96x96.jpg","contentUrl":"https:\/\/www.musikzeitung.ch\/wp-content\/uploads\/2023\/01\/boehler_portraet_web-e1674139782246-96x96.jpg","caption":"Wolfgang B\u00f6hler"},"sameAs":["http:\/\/www.manacanto.ch","https:\/\/www.facebook.com\/wolfgang.bohler.75"],"url":"https:\/\/www.musikzeitung.ch\/it\/author\/wolfgang-boehler"}]}},"publishpress_future_workflow_manual_trigger":{"enabledWorkflows":[]},"_links":{"self":[{"href":"https:\/\/www.musikzeitung.ch\/it\/wp-json\/wp\/v2\/posts\/48109","targetHints":{"allow":["GET"]}}],"collection":[{"href":"https:\/\/www.musikzeitung.ch\/it\/wp-json\/wp\/v2\/posts"}],"about":[{"href":"https:\/\/www.musikzeitung.ch\/it\/wp-json\/wp\/v2\/types\/post"}],"author":[{"embeddable":true,"href":"https:\/\/www.musikzeitung.ch\/it\/wp-json\/wp\/v2\/users\/30"}],"replies":[{"embeddable":true,"href":"https:\/\/www.musikzeitung.ch\/it\/wp-json\/wp\/v2\/comments?post=48109"}],"version-history":[{"count":3,"href":"https:\/\/www.musikzeitung.ch\/it\/wp-json\/wp\/v2\/posts\/48109\/revisions"}],"predecessor-version":[{"id":48113,"href":"https:\/\/www.musikzeitung.ch\/it\/wp-json\/wp\/v2\/posts\/48109\/revisions\/48113"}],"wp:featuredmedia":[{"embeddable":true,"href":"https:\/\/www.musikzeitung.ch\/it\/wp-json\/wp\/v2\/media\/48111"}],"wp:attachment":[{"href":"https:\/\/www.musikzeitung.ch\/it\/wp-json\/wp\/v2\/media?parent=48109"}],"wp:term":[{"taxonomy":"category","embeddable":true,"href":"https:\/\/www.musikzeitung.ch\/it\/wp-json\/wp\/v2\/categories?post=48109"},{"taxonomy":"post_tag","embeddable":true,"href":"https:\/\/www.musikzeitung.ch\/it\/wp-json\/wp\/v2\/tags?post=48109"}],"curies":[{"name":"wp","href":"https:\/\/api.w.org\/{rel}","templated":true}]}}