{"id":48119,"date":"2023-10-10T16:06:11","date_gmt":"2023-10-10T14:06:11","guid":{"rendered":"https:\/\/www.musikzeitung.ch\/?p=48119"},"modified":"2023-10-12T10:01:43","modified_gmt":"2023-10-12T08:01:43","slug":"weilerstein-wird-kuenstlerischer-leiter-des-orchestre-national-de-lille","status":"publish","type":"post","link":"https:\/\/www.musikzeitung.ch\/it\/news\/2023\/10\/weilerstein-wird-kuenstlerischer-leiter-des-orchestre-national-de-lille","title":{"rendered":"Weilerstein diventa direttore artistico dell'Orchestre National de Lille"},"content":{"rendered":"<figure id=\"attachment_48122\" aria-describedby=\"caption-attachment-48122\" style=\"width: 1179px\" class=\"wp-caption alignnone\"><img loading=\"lazy\" decoding=\"async\" class=\"size-full wp-image-48122\" src=\"https:\/\/www.musikzeitung.ch\/wp-content\/uploads\/2023\/10\/2310010weilerstein.jpg\" alt=\"\" width=\"1179\" height=\"783\" srcset=\"https:\/\/www.musikzeitung.ch\/wp-content\/uploads\/2023\/10\/2310010weilerstein.jpg 1179w, https:\/\/www.musikzeitung.ch\/wp-content\/uploads\/2023\/10\/2310010weilerstein-300x199.jpg 300w, https:\/\/www.musikzeitung.ch\/wp-content\/uploads\/2023\/10\/2310010weilerstein-1024x680.jpg 1024w, https:\/\/www.musikzeitung.ch\/wp-content\/uploads\/2023\/10\/2310010weilerstein-768x510.jpg 768w, https:\/\/www.musikzeitung.ch\/wp-content\/uploads\/2023\/10\/2310010weilerstein-264x175.jpg 264w, https:\/\/www.musikzeitung.ch\/wp-content\/uploads\/2023\/10\/2310010weilerstein-527x350.jpg 527w, https:\/\/www.musikzeitung.ch\/wp-content\/uploads\/2023\/10\/2310010weilerstein-920x611.jpg 920w\" sizes=\"auto, (max-width: 1179px) 100vw, 1179px\" \/><figcaption id=\"caption-attachment-48122\" class=\"wp-caption-text\">Joshua Weilerstein (Immagine: Paul Marc Mitchell)<\/figcaption><\/figure>\n<p>Joshua Weilerstein ha studiato violino e direzione d'orchestra al New England Conservatory e ha vinto sia il primo premio che il premio del pubblico al Concorso Malko per giovani direttori d'orchestra di Copenaghen nel 2009. Successivamente \u00e8 stato nominato direttore aggiunto della New York Philharmonic dal 2012 al 2015. Dal 2015 al 2021 \u00e8 stato direttore artistico dell'Orchestre de Chambre de Lausanne e direttore principale dell'Orchestra Sinfonica di Aalborg.<\/p>\n<p>L'Orchestre National de Lille \u00e8 un'orchestra francese con sede a Lille. Jean-Claude Casadesus \u00e8 stato direttore musicale dell'orchestra dal 1976 al 2016 e Alexandre Bloch dal 2016 in poi. \u00c8 anche l'orchestra dell'Op\u00e9ra de Lille e coltiva anche un repertorio contemporaneo con compositori in residenza.<\/p>","protected":false},"excerpt":{"rendered":"<p>Joshua Weilerstein, che \u00e8 stato direttore artistico dell'Orchestra da Camera di Losanna fino al 2021, assumer\u00e0 lo stesso ruolo presso l'Orchestre National de Lille nel settembre 2024. Succede ad Alexandre Bloch in questa posizione.<\/p>","protected":false},"author":30,"featured_media":48122,"comment_status":"closed","ping_status":"closed","sticky":false,"template":"","format":"standard","meta":{"_acf_changed":false,"_relevanssi_hide_post":"","_relevanssi_hide_content":"","_relevanssi_pin_for_all":"","_relevanssi_pin_keywords":"","_relevanssi_unpin_keywords":"","_relevanssi_related_keywords":"","_relevanssi_related_include_ids":"","_relevanssi_related_exclude_ids":"","_relevanssi_related_no_append":"","_relevanssi_related_not_related":"","_relevanssi_related_posts":"","_relevanssi_noindex_reason":"","pgc_sgb_lightbox_settings":"","footnotes":""},"categories":[27],"tags":[3149,3150],"class_list":["post-48119","post","type-post","status-publish","format-standard","has-post-thumbnail","hentry","category-news","tag-joshua-weilerstein","tag-orchestre-national-de-lille"],"acf":[],"yoast_head":"<!-- This site is optimized with the Yoast SEO plugin v27.4 - https:\/\/yoast.com\/product\/yoast-seo-wordpress\/ -->\n<title>Weilerstein wird k\u00fcnstlerischer Leiter des Orchestre National de Lille - Schweizer Musikzeitung<\/title>\n<meta name=\"description\" content=\"Joshua Weilerstein, bis 2021 k\u00fcnstlerischer Leiter des Kammerorchesters Lausanne, \u00fcbernimmt 2024 die gleiche Funktion beim Orchestre National de Lille.\" \/>\n<meta name=\"robots\" content=\"index, follow, max-snippet:-1, max-image-preview:large, max-video-preview:-1\" \/>\n<link rel=\"canonical\" href=\"https:\/\/www.musikzeitung.ch\/it\/news\/2023\/10\/weilerstein-wird-kuenstlerischer-leiter-des-orchestre-national-de-lille\/\" \/>\n<meta property=\"og:locale\" content=\"it_IT\" \/>\n<meta property=\"og:type\" content=\"article\" \/>\n<meta property=\"og:title\" content=\"Weilerstein wird k\u00fcnstlerischer Leiter des Orchestre National de Lille - Schweizer Musikzeitung\" \/>\n<meta property=\"og:description\" content=\"Joshua Weilerstein, bis 2021 k\u00fcnstlerischer Leiter des Kammerorchesters Lausanne, \u00fcbernimmt 2024 die gleiche Funktion beim Orchestre National de Lille.\" \/>\n<meta property=\"og:url\" content=\"https:\/\/www.musikzeitung.ch\/it\/news\/2023\/10\/weilerstein-wird-kuenstlerischer-leiter-des-orchestre-national-de-lille\/\" \/>\n<meta property=\"og:site_name\" content=\"Schweizer Musikzeitung\" \/>\n<meta property=\"article:publisher\" content=\"https:\/\/www.facebook.com\/SchweizerMusikzeitung\/\" \/>\n<meta property=\"article:author\" content=\"https:\/\/www.facebook.com\/wolfgang.bohler.75\" \/>\n<meta property=\"article:published_time\" content=\"2023-10-10T14:06:11+00:00\" \/>\n<meta property=\"article:modified_time\" content=\"2023-10-12T08:01:43+00:00\" \/>\n<meta property=\"og:image\" content=\"https:\/\/www.musikzeitung.ch\/wp-content\/uploads\/2023\/10\/2310010weilerstein.jpg\" \/>\n\t<meta property=\"og:image:width\" content=\"1179\" \/>\n\t<meta property=\"og:image:height\" content=\"783\" \/>\n\t<meta property=\"og:image:type\" content=\"image\/jpeg\" \/>\n<meta name=\"author\" content=\"Wolfgang B\u00f6hler\" \/>\n<meta name=\"twitter:card\" content=\"summary_large_image\" \/>\n<meta name=\"twitter:creator\" content=\"@smusikzeitung\" \/>\n<meta name=\"twitter:site\" content=\"@smusikzeitung\" \/>\n<meta name=\"twitter:label1\" content=\"Scritto da\" \/>\n\t<meta name=\"twitter:data1\" content=\"Wolfgang B\u00f6hler\" \/>\n\t<meta name=\"twitter:label2\" content=\"Tempo di lettura stimato\" \/>\n\t<meta name=\"twitter:data2\" content=\"1 minuto\" \/>\n<script type=\"application\/ld+json\" class=\"yoast-schema-graph\">{\"@context\":\"https:\\\/\\\/schema.org\",\"@graph\":[{\"@type\":\"Article\",\"@id\":\"https:\\\/\\\/www.musikzeitung.ch\\\/news\\\/2023\\\/10\\\/weilerstein-wird-kuenstlerischer-leiter-des-orchestre-national-de-lille#article\",\"isPartOf\":{\"@id\":\"https:\\\/\\\/www.musikzeitung.ch\\\/news\\\/2023\\\/10\\\/weilerstein-wird-kuenstlerischer-leiter-des-orchestre-national-de-lille\"},\"author\":{\"name\":\"Wolfgang B\u00f6hler\",\"@id\":\"https:\\\/\\\/www.musikzeitung.ch\\\/#\\\/schema\\\/person\\\/0da4fb82d243f1252850a35d0e87cf0c\"},\"headline\":\"Weilerstein wird k\u00fcnstlerischer Leiter des Orchestre National de Lille\",\"datePublished\":\"2023-10-10T14:06:11+00:00\",\"dateModified\":\"2023-10-12T08:01:43+00:00\",\"mainEntityOfPage\":{\"@id\":\"https:\\\/\\\/www.musikzeitung.ch\\\/news\\\/2023\\\/10\\\/weilerstein-wird-kuenstlerischer-leiter-des-orchestre-national-de-lille\"},\"wordCount\":129,\"publisher\":{\"@id\":\"https:\\\/\\\/www.musikzeitung.ch\\\/#organization\"},\"image\":{\"@id\":\"https:\\\/\\\/www.musikzeitung.ch\\\/news\\\/2023\\\/10\\\/weilerstein-wird-kuenstlerischer-leiter-des-orchestre-national-de-lille#primaryimage\"},\"thumbnailUrl\":\"https:\\\/\\\/www.musikzeitung.ch\\\/wp-content\\\/uploads\\\/2023\\\/10\\\/2310010weilerstein.jpg\",\"keywords\":[\"Joshua Weilerstein\",\"Orchestre National de Lille\"],\"articleSection\":[\"News\"],\"inLanguage\":\"it-IT\"},{\"@type\":\"WebPage\",\"@id\":\"https:\\\/\\\/www.musikzeitung.ch\\\/news\\\/2023\\\/10\\\/weilerstein-wird-kuenstlerischer-leiter-des-orchestre-national-de-lille\",\"url\":\"https:\\\/\\\/www.musikzeitung.ch\\\/news\\\/2023\\\/10\\\/weilerstein-wird-kuenstlerischer-leiter-des-orchestre-national-de-lille\",\"name\":\"Weilerstein wird k\u00fcnstlerischer Leiter des Orchestre National de Lille - Schweizer Musikzeitung\",\"isPartOf\":{\"@id\":\"https:\\\/\\\/www.musikzeitung.ch\\\/#website\"},\"primaryImageOfPage\":{\"@id\":\"https:\\\/\\\/www.musikzeitung.ch\\\/news\\\/2023\\\/10\\\/weilerstein-wird-kuenstlerischer-leiter-des-orchestre-national-de-lille#primaryimage\"},\"image\":{\"@id\":\"https:\\\/\\\/www.musikzeitung.ch\\\/news\\\/2023\\\/10\\\/weilerstein-wird-kuenstlerischer-leiter-des-orchestre-national-de-lille#primaryimage\"},\"thumbnailUrl\":\"https:\\\/\\\/www.musikzeitung.ch\\\/wp-content\\\/uploads\\\/2023\\\/10\\\/2310010weilerstein.jpg\",\"datePublished\":\"2023-10-10T14:06:11+00:00\",\"dateModified\":\"2023-10-12T08:01:43+00:00\",\"description\":\"Joshua Weilerstein, bis 2021 k\u00fcnstlerischer Leiter des Kammerorchesters Lausanne, \u00fcbernimmt 2024 die gleiche Funktion beim Orchestre National de Lille.\",\"breadcrumb\":{\"@id\":\"https:\\\/\\\/www.musikzeitung.ch\\\/news\\\/2023\\\/10\\\/weilerstein-wird-kuenstlerischer-leiter-des-orchestre-national-de-lille#breadcrumb\"},\"inLanguage\":\"it-IT\",\"potentialAction\":[{\"@type\":\"ReadAction\",\"target\":[\"https:\\\/\\\/www.musikzeitung.ch\\\/news\\\/2023\\\/10\\\/weilerstein-wird-kuenstlerischer-leiter-des-orchestre-national-de-lille\"]}]},{\"@type\":\"ImageObject\",\"inLanguage\":\"it-IT\",\"@id\":\"https:\\\/\\\/www.musikzeitung.ch\\\/news\\\/2023\\\/10\\\/weilerstein-wird-kuenstlerischer-leiter-des-orchestre-national-de-lille#primaryimage\",\"url\":\"https:\\\/\\\/www.musikzeitung.ch\\\/wp-content\\\/uploads\\\/2023\\\/10\\\/2310010weilerstein.jpg\",\"contentUrl\":\"https:\\\/\\\/www.musikzeitung.ch\\\/wp-content\\\/uploads\\\/2023\\\/10\\\/2310010weilerstein.jpg\",\"width\":1179,\"height\":783,\"caption\":\"Josua Weilerstein (Bild: Paul Marc Mitchell)\"},{\"@type\":\"BreadcrumbList\",\"@id\":\"https:\\\/\\\/www.musikzeitung.ch\\\/news\\\/2023\\\/10\\\/weilerstein-wird-kuenstlerischer-leiter-des-orchestre-national-de-lille#breadcrumb\",\"itemListElement\":[{\"@type\":\"ListItem\",\"position\":1,\"name\":\"Home\",\"item\":\"https:\\\/\\\/www.musikzeitung.ch\\\/\"},{\"@type\":\"ListItem\",\"position\":2,\"name\":\"Weilerstein wird k\u00fcnstlerischer Leiter des Orchestre National de Lille\"}]},{\"@type\":\"WebSite\",\"@id\":\"https:\\\/\\\/www.musikzeitung.ch\\\/#website\",\"url\":\"https:\\\/\\\/www.musikzeitung.ch\\\/\",\"name\":\"Schweizer Musikzeitung\",\"description\":\"Die f\u00fchrende sparten\u00fcbergreifende Monatszeitung in der Schweiz f\u00fcr musikalische Fragen.\",\"publisher\":{\"@id\":\"https:\\\/\\\/www.musikzeitung.ch\\\/#organization\"},\"potentialAction\":[{\"@type\":\"SearchAction\",\"target\":{\"@type\":\"EntryPoint\",\"urlTemplate\":\"https:\\\/\\\/www.musikzeitung.ch\\\/?s={search_term_string}\"},\"query-input\":{\"@type\":\"PropertyValueSpecification\",\"valueRequired\":true,\"valueName\":\"search_term_string\"}}],\"inLanguage\":\"it-IT\"},{\"@type\":\"Organization\",\"@id\":\"https:\\\/\\\/www.musikzeitung.ch\\\/#organization\",\"name\":\"Schweizer Musikzeitung\",\"url\":\"https:\\\/\\\/www.musikzeitung.ch\\\/\",\"logo\":{\"@type\":\"ImageObject\",\"inLanguage\":\"it-IT\",\"@id\":\"https:\\\/\\\/www.musikzeitung.ch\\\/#\\\/schema\\\/logo\\\/image\\\/\",\"url\":\"https:\\\/\\\/www.musikzeitung.ch\\\/wp-content\\\/uploads\\\/2023\\\/01\\\/SMZ_Schriftzug_Sprache.png\",\"contentUrl\":\"https:\\\/\\\/www.musikzeitung.ch\\\/wp-content\\\/uploads\\\/2023\\\/01\\\/SMZ_Schriftzug_Sprache.png\",\"width\":1400,\"height\":279,\"caption\":\"Schweizer Musikzeitung\"},\"image\":{\"@id\":\"https:\\\/\\\/www.musikzeitung.ch\\\/#\\\/schema\\\/logo\\\/image\\\/\"},\"sameAs\":[\"https:\\\/\\\/www.facebook.com\\\/SchweizerMusikzeitung\\\/\",\"https:\\\/\\\/x.com\\\/smusikzeitung\",\"https:\\\/\\\/www.instagram.com\\\/musikzeitung.ch\\\/\"]},{\"@type\":\"Person\",\"@id\":\"https:\\\/\\\/www.musikzeitung.ch\\\/#\\\/schema\\\/person\\\/0da4fb82d243f1252850a35d0e87cf0c\",\"name\":\"Wolfgang B\u00f6hler\",\"image\":{\"@type\":\"ImageObject\",\"inLanguage\":\"it-IT\",\"@id\":\"https:\\\/\\\/www.musikzeitung.ch\\\/wp-content\\\/uploads\\\/2023\\\/01\\\/boehler_portraet_web-e1674139782246-96x96.jpg\",\"url\":\"https:\\\/\\\/www.musikzeitung.ch\\\/wp-content\\\/uploads\\\/2023\\\/01\\\/boehler_portraet_web-e1674139782246-96x96.jpg\",\"contentUrl\":\"https:\\\/\\\/www.musikzeitung.ch\\\/wp-content\\\/uploads\\\/2023\\\/01\\\/boehler_portraet_web-e1674139782246-96x96.jpg\",\"caption\":\"Wolfgang B\u00f6hler\"},\"sameAs\":[\"http:\\\/\\\/www.manacanto.ch\",\"https:\\\/\\\/www.facebook.com\\\/wolfgang.bohler.75\"],\"url\":\"https:\\\/\\\/www.musikzeitung.ch\\\/it\\\/author\\\/wolfgang-boehler\"}]}<\/script>\n<!-- \/ Yoast SEO plugin. -->","yoast_head_json":{"title":"Weilerstein wird k\u00fcnstlerischer Leiter des Orchestre National de Lille - Schweizer Musikzeitung","description":"Joshua Weilerstein, bis 2021 k\u00fcnstlerischer Leiter des Kammerorchesters Lausanne, \u00fcbernimmt 2024 die gleiche Funktion beim Orchestre National de Lille.","robots":{"index":"index","follow":"follow","max-snippet":"max-snippet:-1","max-image-preview":"max-image-preview:large","max-video-preview":"max-video-preview:-1"},"canonical":"https:\/\/www.musikzeitung.ch\/it\/news\/2023\/10\/weilerstein-wird-kuenstlerischer-leiter-des-orchestre-national-de-lille\/","og_locale":"it_IT","og_type":"article","og_title":"Weilerstein wird k\u00fcnstlerischer Leiter des Orchestre National de Lille - Schweizer Musikzeitung","og_description":"Joshua Weilerstein, bis 2021 k\u00fcnstlerischer Leiter des Kammerorchesters Lausanne, \u00fcbernimmt 2024 die gleiche Funktion beim Orchestre National de Lille.","og_url":"https:\/\/www.musikzeitung.ch\/it\/news\/2023\/10\/weilerstein-wird-kuenstlerischer-leiter-des-orchestre-national-de-lille\/","og_site_name":"Schweizer Musikzeitung","article_publisher":"https:\/\/www.facebook.com\/SchweizerMusikzeitung\/","article_author":"https:\/\/www.facebook.com\/wolfgang.bohler.75","article_published_time":"2023-10-10T14:06:11+00:00","article_modified_time":"2023-10-12T08:01:43+00:00","og_image":[{"width":1179,"height":783,"url":"https:\/\/www.musikzeitung.ch\/wp-content\/uploads\/2023\/10\/2310010weilerstein.jpg","type":"image\/jpeg"}],"author":"Wolfgang B\u00f6hler","twitter_card":"summary_large_image","twitter_creator":"@smusikzeitung","twitter_site":"@smusikzeitung","twitter_misc":{"Scritto da":"Wolfgang B\u00f6hler","Tempo di lettura stimato":"1 minuto"},"schema":{"@context":"https:\/\/schema.org","@graph":[{"@type":"Article","@id":"https:\/\/www.musikzeitung.ch\/news\/2023\/10\/weilerstein-wird-kuenstlerischer-leiter-des-orchestre-national-de-lille#article","isPartOf":{"@id":"https:\/\/www.musikzeitung.ch\/news\/2023\/10\/weilerstein-wird-kuenstlerischer-leiter-des-orchestre-national-de-lille"},"author":{"name":"Wolfgang B\u00f6hler","@id":"https:\/\/www.musikzeitung.ch\/#\/schema\/person\/0da4fb82d243f1252850a35d0e87cf0c"},"headline":"Weilerstein wird k\u00fcnstlerischer Leiter des Orchestre National de Lille","datePublished":"2023-10-10T14:06:11+00:00","dateModified":"2023-10-12T08:01:43+00:00","mainEntityOfPage":{"@id":"https:\/\/www.musikzeitung.ch\/news\/2023\/10\/weilerstein-wird-kuenstlerischer-leiter-des-orchestre-national-de-lille"},"wordCount":129,"publisher":{"@id":"https:\/\/www.musikzeitung.ch\/#organization"},"image":{"@id":"https:\/\/www.musikzeitung.ch\/news\/2023\/10\/weilerstein-wird-kuenstlerischer-leiter-des-orchestre-national-de-lille#primaryimage"},"thumbnailUrl":"https:\/\/www.musikzeitung.ch\/wp-content\/uploads\/2023\/10\/2310010weilerstein.jpg","keywords":["Joshua Weilerstein","Orchestre National de Lille"],"articleSection":["News"],"inLanguage":"it-IT"},{"@type":"WebPage","@id":"https:\/\/www.musikzeitung.ch\/news\/2023\/10\/weilerstein-wird-kuenstlerischer-leiter-des-orchestre-national-de-lille","url":"https:\/\/www.musikzeitung.ch\/news\/2023\/10\/weilerstein-wird-kuenstlerischer-leiter-des-orchestre-national-de-lille","name":"Weilerstein wird k\u00fcnstlerischer Leiter des Orchestre National de Lille - Schweizer Musikzeitung","isPartOf":{"@id":"https:\/\/www.musikzeitung.ch\/#website"},"primaryImageOfPage":{"@id":"https:\/\/www.musikzeitung.ch\/news\/2023\/10\/weilerstein-wird-kuenstlerischer-leiter-des-orchestre-national-de-lille#primaryimage"},"image":{"@id":"https:\/\/www.musikzeitung.ch\/news\/2023\/10\/weilerstein-wird-kuenstlerischer-leiter-des-orchestre-national-de-lille#primaryimage"},"thumbnailUrl":"https:\/\/www.musikzeitung.ch\/wp-content\/uploads\/2023\/10\/2310010weilerstein.jpg","datePublished":"2023-10-10T14:06:11+00:00","dateModified":"2023-10-12T08:01:43+00:00","description":"Joshua Weilerstein, bis 2021 k\u00fcnstlerischer Leiter des Kammerorchesters Lausanne, \u00fcbernimmt 2024 die gleiche Funktion beim Orchestre National de Lille.","breadcrumb":{"@id":"https:\/\/www.musikzeitung.ch\/news\/2023\/10\/weilerstein-wird-kuenstlerischer-leiter-des-orchestre-national-de-lille#breadcrumb"},"inLanguage":"it-IT","potentialAction":[{"@type":"ReadAction","target":["https:\/\/www.musikzeitung.ch\/news\/2023\/10\/weilerstein-wird-kuenstlerischer-leiter-des-orchestre-national-de-lille"]}]},{"@type":"ImageObject","inLanguage":"it-IT","@id":"https:\/\/www.musikzeitung.ch\/news\/2023\/10\/weilerstein-wird-kuenstlerischer-leiter-des-orchestre-national-de-lille#primaryimage","url":"https:\/\/www.musikzeitung.ch\/wp-content\/uploads\/2023\/10\/2310010weilerstein.jpg","contentUrl":"https:\/\/www.musikzeitung.ch\/wp-content\/uploads\/2023\/10\/2310010weilerstein.jpg","width":1179,"height":783,"caption":"Josua Weilerstein (Bild: Paul Marc Mitchell)"},{"@type":"BreadcrumbList","@id":"https:\/\/www.musikzeitung.ch\/news\/2023\/10\/weilerstein-wird-kuenstlerischer-leiter-des-orchestre-national-de-lille#breadcrumb","itemListElement":[{"@type":"ListItem","position":1,"name":"Home","item":"https:\/\/www.musikzeitung.ch\/"},{"@type":"ListItem","position":2,"name":"Weilerstein wird k\u00fcnstlerischer Leiter des Orchestre National de Lille"}]},{"@type":"WebSite","@id":"https:\/\/www.musikzeitung.ch\/#website","url":"https:\/\/www.musikzeitung.ch\/","name":"Giornale musicale svizzero","description":"Il principale mensile interdisciplinare della Svizzera per le questioni musicali.","publisher":{"@id":"https:\/\/www.musikzeitung.ch\/#organization"},"potentialAction":[{"@type":"SearchAction","target":{"@type":"EntryPoint","urlTemplate":"https:\/\/www.musikzeitung.ch\/?s={search_term_string}"},"query-input":{"@type":"PropertyValueSpecification","valueRequired":true,"valueName":"search_term_string"}}],"inLanguage":"it-IT"},{"@type":"Organization","@id":"https:\/\/www.musikzeitung.ch\/#organization","name":"Giornale musicale svizzero","url":"https:\/\/www.musikzeitung.ch\/","logo":{"@type":"ImageObject","inLanguage":"it-IT","@id":"https:\/\/www.musikzeitung.ch\/#\/schema\/logo\/image\/","url":"https:\/\/www.musikzeitung.ch\/wp-content\/uploads\/2023\/01\/SMZ_Schriftzug_Sprache.png","contentUrl":"https:\/\/www.musikzeitung.ch\/wp-content\/uploads\/2023\/01\/SMZ_Schriftzug_Sprache.png","width":1400,"height":279,"caption":"Schweizer Musikzeitung"},"image":{"@id":"https:\/\/www.musikzeitung.ch\/#\/schema\/logo\/image\/"},"sameAs":["https:\/\/www.facebook.com\/SchweizerMusikzeitung\/","https:\/\/x.com\/smusikzeitung","https:\/\/www.instagram.com\/musikzeitung.ch\/"]},{"@type":"Person","@id":"https:\/\/www.musikzeitung.ch\/#\/schema\/person\/0da4fb82d243f1252850a35d0e87cf0c","name":"Wolfgang B\u00f6hler","image":{"@type":"ImageObject","inLanguage":"it-IT","@id":"https:\/\/www.musikzeitung.ch\/wp-content\/uploads\/2023\/01\/boehler_portraet_web-e1674139782246-96x96.jpg","url":"https:\/\/www.musikzeitung.ch\/wp-content\/uploads\/2023\/01\/boehler_portraet_web-e1674139782246-96x96.jpg","contentUrl":"https:\/\/www.musikzeitung.ch\/wp-content\/uploads\/2023\/01\/boehler_portraet_web-e1674139782246-96x96.jpg","caption":"Wolfgang B\u00f6hler"},"sameAs":["http:\/\/www.manacanto.ch","https:\/\/www.facebook.com\/wolfgang.bohler.75"],"url":"https:\/\/www.musikzeitung.ch\/it\/author\/wolfgang-boehler"}]}},"publishpress_future_workflow_manual_trigger":{"enabledWorkflows":[]},"_links":{"self":[{"href":"https:\/\/www.musikzeitung.ch\/it\/wp-json\/wp\/v2\/posts\/48119","targetHints":{"allow":["GET"]}}],"collection":[{"href":"https:\/\/www.musikzeitung.ch\/it\/wp-json\/wp\/v2\/posts"}],"about":[{"href":"https:\/\/www.musikzeitung.ch\/it\/wp-json\/wp\/v2\/types\/post"}],"author":[{"embeddable":true,"href":"https:\/\/www.musikzeitung.ch\/it\/wp-json\/wp\/v2\/users\/30"}],"replies":[{"embeddable":true,"href":"https:\/\/www.musikzeitung.ch\/it\/wp-json\/wp\/v2\/comments?post=48119"}],"version-history":[{"count":3,"href":"https:\/\/www.musikzeitung.ch\/it\/wp-json\/wp\/v2\/posts\/48119\/revisions"}],"predecessor-version":[{"id":48212,"href":"https:\/\/www.musikzeitung.ch\/it\/wp-json\/wp\/v2\/posts\/48119\/revisions\/48212"}],"wp:featuredmedia":[{"embeddable":true,"href":"https:\/\/www.musikzeitung.ch\/it\/wp-json\/wp\/v2\/media\/48122"}],"wp:attachment":[{"href":"https:\/\/www.musikzeitung.ch\/it\/wp-json\/wp\/v2\/media?parent=48119"}],"wp:term":[{"taxonomy":"category","embeddable":true,"href":"https:\/\/www.musikzeitung.ch\/it\/wp-json\/wp\/v2\/categories?post=48119"},{"taxonomy":"post_tag","embeddable":true,"href":"https:\/\/www.musikzeitung.ch\/it\/wp-json\/wp\/v2\/tags?post=48119"}],"curies":[{"name":"wp","href":"https:\/\/api.w.org\/{rel}","templated":true}]}}