{"id":48153,"date":"2023-10-11T08:39:09","date_gmt":"2023-10-11T06:39:09","guid":{"rendered":"https:\/\/www.musikzeitung.ch\/?p=48153"},"modified":"2023-10-11T16:32:59","modified_gmt":"2023-10-11T14:32:59","slug":"kanton-wallis-erinnert-an-francois-xavier-delacoste","status":"publish","type":"post","link":"https:\/\/www.musikzeitung.ch\/it\/news\/2023\/10\/kanton-wallis-erinnert-an-francois-xavier-delacoste","title":{"rendered":"Il patrimonio di Delacoste nella Biblioteca musicale del Vallese"},"content":{"rendered":"<figure id=\"attachment_48154\" aria-describedby=\"caption-attachment-48154\" style=\"width: 555px\" class=\"wp-caption aligncenter\"><img loading=\"lazy\" decoding=\"async\" class=\"wp-image-48154\" src=\"https:\/\/www.musikzeitung.ch\/wp-content\/uploads\/2023\/10\/2310011wallis.jpg\" alt=\"\" width=\"555\" height=\"402\" srcset=\"https:\/\/www.musikzeitung.ch\/wp-content\/uploads\/2023\/10\/2310011wallis.jpg 1223w, https:\/\/www.musikzeitung.ch\/wp-content\/uploads\/2023\/10\/2310011wallis-300x218.jpg 300w, https:\/\/www.musikzeitung.ch\/wp-content\/uploads\/2023\/10\/2310011wallis-1024x743.jpg 1024w, https:\/\/www.musikzeitung.ch\/wp-content\/uploads\/2023\/10\/2310011wallis-768x557.jpg 768w, https:\/\/www.musikzeitung.ch\/wp-content\/uploads\/2023\/10\/2310011wallis-241x175.jpg 241w, https:\/\/www.musikzeitung.ch\/wp-content\/uploads\/2023\/10\/2310011wallis-483x350.jpg 483w, https:\/\/www.musikzeitung.ch\/wp-content\/uploads\/2023\/10\/2310011wallis-1103x800.jpg 1103w, https:\/\/www.musikzeitung.ch\/wp-content\/uploads\/2023\/10\/2310011wallis-920x667.jpg 920w\" sizes=\"auto, (max-width: 555px) 100vw, 555px\" \/><figcaption id=\"caption-attachment-48154\" class=\"wp-caption-text\">Fran\u00e7ois-Xavier Delacoste (Immagine: M\u00e9diath\u00e8que Valais, Jean-Philippe Dubuis)<\/figcaption><\/figure>\n<p>Nato a Monthey nel 1950, Fran\u00e7ois-Xavier Delacoste ha studiato al Conservatorio di Losanna e successivamente a Ginevra. Si \u00e8 specializzato in orchestrazione, direzione d'orchestra e composizione. Ha insegnato armonia, contrappunto e analisi al Conservatorio di Ginevra. Dal 1989 al 2005 \u00e8 stato direttore del Conservatorio di Neuch\u00e2tel. \u00c8 stato anche direttore artistico del Festival internazionale di musica corale di Neuch\u00e2tel. Dal 2005 al 2015 \u00e8 stato direttore del Conservatorio cantonale di Sion.<\/p>\n<p>Con il supporto della delegazione vallesana della Loterie Romande, la <a href=\"https:\/\/www.mediathek.ch\/\" target=\"_blank\" rel=\"noopener\">Centro media Vallese<\/a> la Biblioteca musicale del Vallese dal 2003. Ad oggi conserva oltre 17.000 registrazioni, 24.000 partiture e 1.200 opere e supporti audiovisivi. Avviata nel 2018, la collezione Fran\u00e7ois-Xavier Delacoste \u00e8 la sesta ad essere depositata presso la Mediateca del Vallese, dopo Pierre Mari\u00e9tan nel 2005, Jean-Luc Darbellay nel 2009, Jean Daetwyler nel 2013, Marie-Christine Raboud-Theurillat nel 2016 e Oskar Lagger nel 2018.<\/p>","protected":false},"excerpt":{"rendered":"<p>Il compositore vallesano Fran\u00e7ois-Xavier Delacoste ha depositato le sue opere presso la Mediateca del Vallese-Sion nel 2018. Per attirare l'attenzione su questa importante collezione, la Mediateca del Vallese pubblica una pubblicazione illustrata.<\/p>","protected":false},"author":30,"featured_media":48154,"comment_status":"closed","ping_status":"closed","sticky":false,"template":"","format":"standard","meta":{"_acf_changed":false,"_relevanssi_hide_post":"","_relevanssi_hide_content":"","_relevanssi_pin_for_all":"","_relevanssi_pin_keywords":"","_relevanssi_unpin_keywords":"","_relevanssi_related_keywords":"","_relevanssi_related_include_ids":"","_relevanssi_related_exclude_ids":"","_relevanssi_related_no_append":"","_relevanssi_related_not_related":"","_relevanssi_related_posts":"","_relevanssi_noindex_reason":"","pgc_sgb_lightbox_settings":"","footnotes":""},"categories":[27],"tags":[3151,3152],"class_list":["post-48153","post","type-post","status-publish","format-standard","has-post-thumbnail","hentry","category-news","tag-francois-xavier-delacoste","tag-mediathek-wallis"],"acf":[],"yoast_head":"<!-- This site is optimized with the Yoast SEO plugin v27.4 - https:\/\/yoast.com\/product\/yoast-seo-wordpress\/ -->\n<title>Delacostes Best\u00e4nde in der Walliser Musikbibliothek - Schweizer Musikzeitung<\/title>\n<meta name=\"description\" content=\"Der Walliser Komponist Fran\u00e7ois-Xavier Delacoste hat 2018 seine Werke in der Mediathek Wallis-Sitten deponiert.\" \/>\n<meta name=\"robots\" content=\"index, follow, max-snippet:-1, max-image-preview:large, max-video-preview:-1\" \/>\n<link rel=\"canonical\" href=\"https:\/\/www.musikzeitung.ch\/it\/news\/2023\/10\/kanton-wallis-erinnert-an-francois-xavier-delacoste\/\" \/>\n<meta property=\"og:locale\" content=\"it_IT\" \/>\n<meta property=\"og:type\" content=\"article\" \/>\n<meta property=\"og:title\" content=\"Delacostes Best\u00e4nde in der Walliser Musikbibliothek - Schweizer Musikzeitung\" \/>\n<meta property=\"og:description\" content=\"Der Walliser Komponist Fran\u00e7ois-Xavier Delacoste hat 2018 seine Werke in der Mediathek Wallis-Sitten deponiert.\" \/>\n<meta property=\"og:url\" content=\"https:\/\/www.musikzeitung.ch\/it\/news\/2023\/10\/kanton-wallis-erinnert-an-francois-xavier-delacoste\/\" \/>\n<meta property=\"og:site_name\" content=\"Schweizer Musikzeitung\" \/>\n<meta property=\"article:publisher\" content=\"https:\/\/www.facebook.com\/SchweizerMusikzeitung\/\" \/>\n<meta property=\"article:author\" content=\"https:\/\/www.facebook.com\/wolfgang.bohler.75\" \/>\n<meta property=\"article:published_time\" content=\"2023-10-11T06:39:09+00:00\" \/>\n<meta property=\"article:modified_time\" content=\"2023-10-11T14:32:59+00:00\" \/>\n<meta property=\"og:image\" content=\"https:\/\/www.musikzeitung.ch\/wp-content\/uploads\/2023\/10\/2310011wallis.jpg\" \/>\n\t<meta property=\"og:image:width\" content=\"1223\" \/>\n\t<meta property=\"og:image:height\" content=\"887\" \/>\n\t<meta property=\"og:image:type\" content=\"image\/jpeg\" \/>\n<meta name=\"author\" content=\"Wolfgang B\u00f6hler\" \/>\n<meta name=\"twitter:card\" content=\"summary_large_image\" \/>\n<meta name=\"twitter:creator\" content=\"@smusikzeitung\" \/>\n<meta name=\"twitter:site\" content=\"@smusikzeitung\" \/>\n<meta name=\"twitter:label1\" content=\"Scritto da\" \/>\n\t<meta name=\"twitter:data1\" content=\"Wolfgang B\u00f6hler\" \/>\n\t<meta name=\"twitter:label2\" content=\"Tempo di lettura stimato\" \/>\n\t<meta name=\"twitter:data2\" content=\"1 minuto\" \/>\n<script type=\"application\/ld+json\" class=\"yoast-schema-graph\">{\"@context\":\"https:\\\/\\\/schema.org\",\"@graph\":[{\"@type\":\"Article\",\"@id\":\"https:\\\/\\\/www.musikzeitung.ch\\\/news\\\/2023\\\/10\\\/kanton-wallis-erinnert-an-francois-xavier-delacoste#article\",\"isPartOf\":{\"@id\":\"https:\\\/\\\/www.musikzeitung.ch\\\/news\\\/2023\\\/10\\\/kanton-wallis-erinnert-an-francois-xavier-delacoste\"},\"author\":{\"name\":\"Wolfgang B\u00f6hler\",\"@id\":\"https:\\\/\\\/www.musikzeitung.ch\\\/#\\\/schema\\\/person\\\/0da4fb82d243f1252850a35d0e87cf0c\"},\"headline\":\"Delacostes Best\u00e4nde in der Walliser Musikbibliothek\",\"datePublished\":\"2023-10-11T06:39:09+00:00\",\"dateModified\":\"2023-10-11T14:32:59+00:00\",\"mainEntityOfPage\":{\"@id\":\"https:\\\/\\\/www.musikzeitung.ch\\\/news\\\/2023\\\/10\\\/kanton-wallis-erinnert-an-francois-xavier-delacoste\"},\"wordCount\":149,\"publisher\":{\"@id\":\"https:\\\/\\\/www.musikzeitung.ch\\\/#organization\"},\"image\":{\"@id\":\"https:\\\/\\\/www.musikzeitung.ch\\\/news\\\/2023\\\/10\\\/kanton-wallis-erinnert-an-francois-xavier-delacoste#primaryimage\"},\"thumbnailUrl\":\"https:\\\/\\\/www.musikzeitung.ch\\\/wp-content\\\/uploads\\\/2023\\\/10\\\/2310011wallis.jpg\",\"keywords\":[\"Fran\u00e7ois-Xavier Delacoste\",\"Mediathek Wallis\"],\"articleSection\":[\"News\"],\"inLanguage\":\"it-IT\"},{\"@type\":\"WebPage\",\"@id\":\"https:\\\/\\\/www.musikzeitung.ch\\\/news\\\/2023\\\/10\\\/kanton-wallis-erinnert-an-francois-xavier-delacoste\",\"url\":\"https:\\\/\\\/www.musikzeitung.ch\\\/news\\\/2023\\\/10\\\/kanton-wallis-erinnert-an-francois-xavier-delacoste\",\"name\":\"Delacostes Best\u00e4nde in der Walliser Musikbibliothek - Schweizer Musikzeitung\",\"isPartOf\":{\"@id\":\"https:\\\/\\\/www.musikzeitung.ch\\\/#website\"},\"primaryImageOfPage\":{\"@id\":\"https:\\\/\\\/www.musikzeitung.ch\\\/news\\\/2023\\\/10\\\/kanton-wallis-erinnert-an-francois-xavier-delacoste#primaryimage\"},\"image\":{\"@id\":\"https:\\\/\\\/www.musikzeitung.ch\\\/news\\\/2023\\\/10\\\/kanton-wallis-erinnert-an-francois-xavier-delacoste#primaryimage\"},\"thumbnailUrl\":\"https:\\\/\\\/www.musikzeitung.ch\\\/wp-content\\\/uploads\\\/2023\\\/10\\\/2310011wallis.jpg\",\"datePublished\":\"2023-10-11T06:39:09+00:00\",\"dateModified\":\"2023-10-11T14:32:59+00:00\",\"description\":\"Der Walliser Komponist Fran\u00e7ois-Xavier Delacoste hat 2018 seine Werke in der Mediathek Wallis-Sitten deponiert.\",\"breadcrumb\":{\"@id\":\"https:\\\/\\\/www.musikzeitung.ch\\\/news\\\/2023\\\/10\\\/kanton-wallis-erinnert-an-francois-xavier-delacoste#breadcrumb\"},\"inLanguage\":\"it-IT\",\"potentialAction\":[{\"@type\":\"ReadAction\",\"target\":[\"https:\\\/\\\/www.musikzeitung.ch\\\/news\\\/2023\\\/10\\\/kanton-wallis-erinnert-an-francois-xavier-delacoste\"]}]},{\"@type\":\"ImageObject\",\"inLanguage\":\"it-IT\",\"@id\":\"https:\\\/\\\/www.musikzeitung.ch\\\/news\\\/2023\\\/10\\\/kanton-wallis-erinnert-an-francois-xavier-delacoste#primaryimage\",\"url\":\"https:\\\/\\\/www.musikzeitung.ch\\\/wp-content\\\/uploads\\\/2023\\\/10\\\/2310011wallis.jpg\",\"contentUrl\":\"https:\\\/\\\/www.musikzeitung.ch\\\/wp-content\\\/uploads\\\/2023\\\/10\\\/2310011wallis.jpg\",\"width\":1223,\"height\":887,\"caption\":\"Fran\u00e7ois-Xavier Delacoste (Bild: M\u00e9diath\u00e8que Valais, Jean-Philippe Dubuis)\"},{\"@type\":\"BreadcrumbList\",\"@id\":\"https:\\\/\\\/www.musikzeitung.ch\\\/news\\\/2023\\\/10\\\/kanton-wallis-erinnert-an-francois-xavier-delacoste#breadcrumb\",\"itemListElement\":[{\"@type\":\"ListItem\",\"position\":1,\"name\":\"Home\",\"item\":\"https:\\\/\\\/www.musikzeitung.ch\\\/\"},{\"@type\":\"ListItem\",\"position\":2,\"name\":\"Delacostes Best\u00e4nde in der Walliser Musikbibliothek\"}]},{\"@type\":\"WebSite\",\"@id\":\"https:\\\/\\\/www.musikzeitung.ch\\\/#website\",\"url\":\"https:\\\/\\\/www.musikzeitung.ch\\\/\",\"name\":\"Schweizer Musikzeitung\",\"description\":\"Die f\u00fchrende sparten\u00fcbergreifende Monatszeitung in der Schweiz f\u00fcr musikalische Fragen.\",\"publisher\":{\"@id\":\"https:\\\/\\\/www.musikzeitung.ch\\\/#organization\"},\"potentialAction\":[{\"@type\":\"SearchAction\",\"target\":{\"@type\":\"EntryPoint\",\"urlTemplate\":\"https:\\\/\\\/www.musikzeitung.ch\\\/?s={search_term_string}\"},\"query-input\":{\"@type\":\"PropertyValueSpecification\",\"valueRequired\":true,\"valueName\":\"search_term_string\"}}],\"inLanguage\":\"it-IT\"},{\"@type\":\"Organization\",\"@id\":\"https:\\\/\\\/www.musikzeitung.ch\\\/#organization\",\"name\":\"Schweizer Musikzeitung\",\"url\":\"https:\\\/\\\/www.musikzeitung.ch\\\/\",\"logo\":{\"@type\":\"ImageObject\",\"inLanguage\":\"it-IT\",\"@id\":\"https:\\\/\\\/www.musikzeitung.ch\\\/#\\\/schema\\\/logo\\\/image\\\/\",\"url\":\"https:\\\/\\\/www.musikzeitung.ch\\\/wp-content\\\/uploads\\\/2023\\\/01\\\/SMZ_Schriftzug_Sprache.png\",\"contentUrl\":\"https:\\\/\\\/www.musikzeitung.ch\\\/wp-content\\\/uploads\\\/2023\\\/01\\\/SMZ_Schriftzug_Sprache.png\",\"width\":1400,\"height\":279,\"caption\":\"Schweizer Musikzeitung\"},\"image\":{\"@id\":\"https:\\\/\\\/www.musikzeitung.ch\\\/#\\\/schema\\\/logo\\\/image\\\/\"},\"sameAs\":[\"https:\\\/\\\/www.facebook.com\\\/SchweizerMusikzeitung\\\/\",\"https:\\\/\\\/x.com\\\/smusikzeitung\",\"https:\\\/\\\/www.instagram.com\\\/musikzeitung.ch\\\/\"]},{\"@type\":\"Person\",\"@id\":\"https:\\\/\\\/www.musikzeitung.ch\\\/#\\\/schema\\\/person\\\/0da4fb82d243f1252850a35d0e87cf0c\",\"name\":\"Wolfgang B\u00f6hler\",\"image\":{\"@type\":\"ImageObject\",\"inLanguage\":\"it-IT\",\"@id\":\"https:\\\/\\\/www.musikzeitung.ch\\\/wp-content\\\/uploads\\\/2023\\\/01\\\/boehler_portraet_web-e1674139782246-96x96.jpg\",\"url\":\"https:\\\/\\\/www.musikzeitung.ch\\\/wp-content\\\/uploads\\\/2023\\\/01\\\/boehler_portraet_web-e1674139782246-96x96.jpg\",\"contentUrl\":\"https:\\\/\\\/www.musikzeitung.ch\\\/wp-content\\\/uploads\\\/2023\\\/01\\\/boehler_portraet_web-e1674139782246-96x96.jpg\",\"caption\":\"Wolfgang B\u00f6hler\"},\"sameAs\":[\"http:\\\/\\\/www.manacanto.ch\",\"https:\\\/\\\/www.facebook.com\\\/wolfgang.bohler.75\"],\"url\":\"https:\\\/\\\/www.musikzeitung.ch\\\/it\\\/author\\\/wolfgang-boehler\"}]}<\/script>\n<!-- \/ Yoast SEO plugin. -->","yoast_head_json":{"title":"Delacostes Best\u00e4nde in der Walliser Musikbibliothek - Schweizer Musikzeitung","description":"Der Walliser Komponist Fran\u00e7ois-Xavier Delacoste hat 2018 seine Werke in der Mediathek Wallis-Sitten deponiert.","robots":{"index":"index","follow":"follow","max-snippet":"max-snippet:-1","max-image-preview":"max-image-preview:large","max-video-preview":"max-video-preview:-1"},"canonical":"https:\/\/www.musikzeitung.ch\/it\/news\/2023\/10\/kanton-wallis-erinnert-an-francois-xavier-delacoste\/","og_locale":"it_IT","og_type":"article","og_title":"Delacostes Best\u00e4nde in der Walliser Musikbibliothek - Schweizer Musikzeitung","og_description":"Der Walliser Komponist Fran\u00e7ois-Xavier Delacoste hat 2018 seine Werke in der Mediathek Wallis-Sitten deponiert.","og_url":"https:\/\/www.musikzeitung.ch\/it\/news\/2023\/10\/kanton-wallis-erinnert-an-francois-xavier-delacoste\/","og_site_name":"Schweizer Musikzeitung","article_publisher":"https:\/\/www.facebook.com\/SchweizerMusikzeitung\/","article_author":"https:\/\/www.facebook.com\/wolfgang.bohler.75","article_published_time":"2023-10-11T06:39:09+00:00","article_modified_time":"2023-10-11T14:32:59+00:00","og_image":[{"width":1223,"height":887,"url":"https:\/\/www.musikzeitung.ch\/wp-content\/uploads\/2023\/10\/2310011wallis.jpg","type":"image\/jpeg"}],"author":"Wolfgang B\u00f6hler","twitter_card":"summary_large_image","twitter_creator":"@smusikzeitung","twitter_site":"@smusikzeitung","twitter_misc":{"Scritto da":"Wolfgang B\u00f6hler","Tempo di lettura stimato":"1 minuto"},"schema":{"@context":"https:\/\/schema.org","@graph":[{"@type":"Article","@id":"https:\/\/www.musikzeitung.ch\/news\/2023\/10\/kanton-wallis-erinnert-an-francois-xavier-delacoste#article","isPartOf":{"@id":"https:\/\/www.musikzeitung.ch\/news\/2023\/10\/kanton-wallis-erinnert-an-francois-xavier-delacoste"},"author":{"name":"Wolfgang B\u00f6hler","@id":"https:\/\/www.musikzeitung.ch\/#\/schema\/person\/0da4fb82d243f1252850a35d0e87cf0c"},"headline":"Delacostes Best\u00e4nde in der Walliser Musikbibliothek","datePublished":"2023-10-11T06:39:09+00:00","dateModified":"2023-10-11T14:32:59+00:00","mainEntityOfPage":{"@id":"https:\/\/www.musikzeitung.ch\/news\/2023\/10\/kanton-wallis-erinnert-an-francois-xavier-delacoste"},"wordCount":149,"publisher":{"@id":"https:\/\/www.musikzeitung.ch\/#organization"},"image":{"@id":"https:\/\/www.musikzeitung.ch\/news\/2023\/10\/kanton-wallis-erinnert-an-francois-xavier-delacoste#primaryimage"},"thumbnailUrl":"https:\/\/www.musikzeitung.ch\/wp-content\/uploads\/2023\/10\/2310011wallis.jpg","keywords":["Fran\u00e7ois-Xavier Delacoste","Mediathek Wallis"],"articleSection":["News"],"inLanguage":"it-IT"},{"@type":"WebPage","@id":"https:\/\/www.musikzeitung.ch\/news\/2023\/10\/kanton-wallis-erinnert-an-francois-xavier-delacoste","url":"https:\/\/www.musikzeitung.ch\/news\/2023\/10\/kanton-wallis-erinnert-an-francois-xavier-delacoste","name":"Delacostes Best\u00e4nde in der Walliser Musikbibliothek - Schweizer Musikzeitung","isPartOf":{"@id":"https:\/\/www.musikzeitung.ch\/#website"},"primaryImageOfPage":{"@id":"https:\/\/www.musikzeitung.ch\/news\/2023\/10\/kanton-wallis-erinnert-an-francois-xavier-delacoste#primaryimage"},"image":{"@id":"https:\/\/www.musikzeitung.ch\/news\/2023\/10\/kanton-wallis-erinnert-an-francois-xavier-delacoste#primaryimage"},"thumbnailUrl":"https:\/\/www.musikzeitung.ch\/wp-content\/uploads\/2023\/10\/2310011wallis.jpg","datePublished":"2023-10-11T06:39:09+00:00","dateModified":"2023-10-11T14:32:59+00:00","description":"Der Walliser Komponist Fran\u00e7ois-Xavier Delacoste hat 2018 seine Werke in der Mediathek Wallis-Sitten deponiert.","breadcrumb":{"@id":"https:\/\/www.musikzeitung.ch\/news\/2023\/10\/kanton-wallis-erinnert-an-francois-xavier-delacoste#breadcrumb"},"inLanguage":"it-IT","potentialAction":[{"@type":"ReadAction","target":["https:\/\/www.musikzeitung.ch\/news\/2023\/10\/kanton-wallis-erinnert-an-francois-xavier-delacoste"]}]},{"@type":"ImageObject","inLanguage":"it-IT","@id":"https:\/\/www.musikzeitung.ch\/news\/2023\/10\/kanton-wallis-erinnert-an-francois-xavier-delacoste#primaryimage","url":"https:\/\/www.musikzeitung.ch\/wp-content\/uploads\/2023\/10\/2310011wallis.jpg","contentUrl":"https:\/\/www.musikzeitung.ch\/wp-content\/uploads\/2023\/10\/2310011wallis.jpg","width":1223,"height":887,"caption":"Fran\u00e7ois-Xavier Delacoste (Bild: M\u00e9diath\u00e8que Valais, Jean-Philippe Dubuis)"},{"@type":"BreadcrumbList","@id":"https:\/\/www.musikzeitung.ch\/news\/2023\/10\/kanton-wallis-erinnert-an-francois-xavier-delacoste#breadcrumb","itemListElement":[{"@type":"ListItem","position":1,"name":"Home","item":"https:\/\/www.musikzeitung.ch\/"},{"@type":"ListItem","position":2,"name":"Delacostes Best\u00e4nde in der Walliser Musikbibliothek"}]},{"@type":"WebSite","@id":"https:\/\/www.musikzeitung.ch\/#website","url":"https:\/\/www.musikzeitung.ch\/","name":"Giornale musicale svizzero","description":"Il principale mensile interdisciplinare della Svizzera per le questioni musicali.","publisher":{"@id":"https:\/\/www.musikzeitung.ch\/#organization"},"potentialAction":[{"@type":"SearchAction","target":{"@type":"EntryPoint","urlTemplate":"https:\/\/www.musikzeitung.ch\/?s={search_term_string}"},"query-input":{"@type":"PropertyValueSpecification","valueRequired":true,"valueName":"search_term_string"}}],"inLanguage":"it-IT"},{"@type":"Organization","@id":"https:\/\/www.musikzeitung.ch\/#organization","name":"Giornale musicale svizzero","url":"https:\/\/www.musikzeitung.ch\/","logo":{"@type":"ImageObject","inLanguage":"it-IT","@id":"https:\/\/www.musikzeitung.ch\/#\/schema\/logo\/image\/","url":"https:\/\/www.musikzeitung.ch\/wp-content\/uploads\/2023\/01\/SMZ_Schriftzug_Sprache.png","contentUrl":"https:\/\/www.musikzeitung.ch\/wp-content\/uploads\/2023\/01\/SMZ_Schriftzug_Sprache.png","width":1400,"height":279,"caption":"Schweizer Musikzeitung"},"image":{"@id":"https:\/\/www.musikzeitung.ch\/#\/schema\/logo\/image\/"},"sameAs":["https:\/\/www.facebook.com\/SchweizerMusikzeitung\/","https:\/\/x.com\/smusikzeitung","https:\/\/www.instagram.com\/musikzeitung.ch\/"]},{"@type":"Person","@id":"https:\/\/www.musikzeitung.ch\/#\/schema\/person\/0da4fb82d243f1252850a35d0e87cf0c","name":"Wolfgang B\u00f6hler","image":{"@type":"ImageObject","inLanguage":"it-IT","@id":"https:\/\/www.musikzeitung.ch\/wp-content\/uploads\/2023\/01\/boehler_portraet_web-e1674139782246-96x96.jpg","url":"https:\/\/www.musikzeitung.ch\/wp-content\/uploads\/2023\/01\/boehler_portraet_web-e1674139782246-96x96.jpg","contentUrl":"https:\/\/www.musikzeitung.ch\/wp-content\/uploads\/2023\/01\/boehler_portraet_web-e1674139782246-96x96.jpg","caption":"Wolfgang B\u00f6hler"},"sameAs":["http:\/\/www.manacanto.ch","https:\/\/www.facebook.com\/wolfgang.bohler.75"],"url":"https:\/\/www.musikzeitung.ch\/it\/author\/wolfgang-boehler"}]}},"publishpress_future_workflow_manual_trigger":{"enabledWorkflows":[]},"_links":{"self":[{"href":"https:\/\/www.musikzeitung.ch\/it\/wp-json\/wp\/v2\/posts\/48153","targetHints":{"allow":["GET"]}}],"collection":[{"href":"https:\/\/www.musikzeitung.ch\/it\/wp-json\/wp\/v2\/posts"}],"about":[{"href":"https:\/\/www.musikzeitung.ch\/it\/wp-json\/wp\/v2\/types\/post"}],"author":[{"embeddable":true,"href":"https:\/\/www.musikzeitung.ch\/it\/wp-json\/wp\/v2\/users\/30"}],"replies":[{"embeddable":true,"href":"https:\/\/www.musikzeitung.ch\/it\/wp-json\/wp\/v2\/comments?post=48153"}],"version-history":[{"count":3,"href":"https:\/\/www.musikzeitung.ch\/it\/wp-json\/wp\/v2\/posts\/48153\/revisions"}],"predecessor-version":[{"id":48191,"href":"https:\/\/www.musikzeitung.ch\/it\/wp-json\/wp\/v2\/posts\/48153\/revisions\/48191"}],"wp:featuredmedia":[{"embeddable":true,"href":"https:\/\/www.musikzeitung.ch\/it\/wp-json\/wp\/v2\/media\/48154"}],"wp:attachment":[{"href":"https:\/\/www.musikzeitung.ch\/it\/wp-json\/wp\/v2\/media?parent=48153"}],"wp:term":[{"taxonomy":"category","embeddable":true,"href":"https:\/\/www.musikzeitung.ch\/it\/wp-json\/wp\/v2\/categories?post=48153"},{"taxonomy":"post_tag","embeddable":true,"href":"https:\/\/www.musikzeitung.ch\/it\/wp-json\/wp\/v2\/tags?post=48153"}],"curies":[{"name":"wp","href":"https:\/\/api.w.org\/{rel}","templated":true}]}}