{"id":48870,"date":"2023-10-27T08:56:58","date_gmt":"2023-10-27T06:56:58","guid":{"rendered":"https:\/\/www.musikzeitung.ch\/?p=48870"},"modified":"2023-11-02T09:47:48","modified_gmt":"2023-11-02T08:47:48","slug":"luginbuehl-wird-stiftungsrats-praesident-von-buehnen-bern","status":"publish","type":"post","link":"https:\/\/www.musikzeitung.ch\/it\/news\/2023\/10\/luginbuehl-wird-stiftungsrats-praesident-von-buehnen-bern","title":{"rendered":"Luginb\u00fchl diventa presidente del Consiglio di fondazione del B\u00fchnen Bern"},"content":{"rendered":"<figure id=\"attachment_48871\" aria-describedby=\"caption-attachment-48871\" style=\"width: 518px\" class=\"wp-caption aligncenter\"><img loading=\"lazy\" decoding=\"async\" class=\"wp-image-48871\" src=\"https:\/\/www.musikzeitung.ch\/wp-content\/uploads\/2023\/10\/2310027bb.jpg\" alt=\"\" width=\"518\" height=\"393\" srcset=\"https:\/\/www.musikzeitung.ch\/wp-content\/uploads\/2023\/10\/2310027bb.jpg 1028w, https:\/\/www.musikzeitung.ch\/wp-content\/uploads\/2023\/10\/2310027bb-300x227.jpg 300w, https:\/\/www.musikzeitung.ch\/wp-content\/uploads\/2023\/10\/2310027bb-1024x776.jpg 1024w, https:\/\/www.musikzeitung.ch\/wp-content\/uploads\/2023\/10\/2310027bb-768x582.jpg 768w, https:\/\/www.musikzeitung.ch\/wp-content\/uploads\/2023\/10\/2310027bb-231x175.jpg 231w, https:\/\/www.musikzeitung.ch\/wp-content\/uploads\/2023\/10\/2310027bb-462x350.jpg 462w, https:\/\/www.musikzeitung.ch\/wp-content\/uploads\/2023\/10\/2310027bb-920x697.jpg 920w\" sizes=\"auto, (max-width: 518px) 100vw, 518px\" \/><figcaption id=\"caption-attachment-48871\" class=\"wp-caption-text\">Werner Luginb\u00fchl (Immagine: zVg)<\/figcaption><\/figure>\n<p>Il predecessore di Luginb\u00fchl, Nadine Borter, continuer\u00e0 a presiedere il consiglio fino alla fine del 2023. Come presidente del Consiglio di fondazione, ha svolto un importante lavoro di stabilizzazione, scrive la citt\u00e0. Sotto la sua presidenza, \"i colloqui con i sindacati sono stati incanalati in canali costruttivi, \u00e8 stato redatto un codice di condotta, sono state fatte nuove nomine alla direzione artistica e a tutti i capi divisione, \u00e8 stata affrontata la pandemia di coronavirus e l'istituzione \u00e8 stata ben posizionata con il nuovo nome B\u00fchnen Bern\".<\/p>\n<p>In seguito alle accuse di abusi nella compagnia di danza, Nadine Borter ha assicurato un'indagine completa, una formazione interna e lo sviluppo di strategie di prevenzione. Il Consiglio di fondazione ha reagito alla riduzione del contratto di rappresentazione con meno finanziamenti pubblici passando alla gestione della stagione, garantendo cos\u00ec il mantenimento delle tre sezioni teatrali e dell'Orchestra sinfonica di Berna.<\/p>\n<p>Dal 1998 al 2008, Werner Luginb\u00fchl ha diretto il Dipartimento di giustizia, comuni e chiese del Cantone di Berna come membro del governo cantonale. Dal 2007 al 2019 ha rappresentato il Cantone di Berna al Consiglio degli Stati e allo stesso tempo ha lavorato per la Mobiliare come responsabile degli affari pubblici. Dal 1\u00b0 marzo 2020 \u00e8 presidente della Commissione federale dell'energia elettrica (ElCom). Negli ultimi anni, Werner Luginb\u00fchl ha presieduto istituzioni culturali in vari settori.<\/p>","protected":false},"excerpt":{"rendered":"<p>Werner Luginb\u00fchl succede a Nadine Borter come Presidente del Consiglio di fondazione del B\u00fchnen Bern. Il suo compito principale \u00e8 quello di supervisionare la completa transizione delle operazioni verso un modello di stagione.<\/p>","protected":false},"author":30,"featured_media":48871,"comment_status":"closed","ping_status":"closed","sticky":false,"template":"","format":"standard","meta":{"_acf_changed":false,"_relevanssi_hide_post":"","_relevanssi_hide_content":"","_relevanssi_pin_for_all":"","_relevanssi_pin_keywords":"","_relevanssi_unpin_keywords":"","_relevanssi_related_keywords":"","_relevanssi_related_include_ids":"","_relevanssi_related_exclude_ids":"","_relevanssi_related_no_append":"","_relevanssi_related_not_related":"","_relevanssi_related_posts":"","_relevanssi_noindex_reason":"","pgc_sgb_lightbox_settings":"","footnotes":""},"categories":[27],"tags":[3295,3296],"class_list":["post-48870","post","type-post","status-publish","format-standard","has-post-thumbnail","hentry","category-news","tag-buehnen-bern","tag-werner-luginbuehl"],"acf":[],"yoast_head":"<!-- This site is optimized with the Yoast SEO plugin v27.4 - https:\/\/yoast.com\/product\/yoast-seo-wordpress\/ -->\n<title>Luginb\u00fchl wird Stiftungsrats-Pr\u00e4sident von B\u00fchnen Bern - Schweizer Musikzeitung<\/title>\n<meta name=\"description\" content=\"Werner Luginb\u00fchl folgt als Pr\u00e4sident des Stiftungsrats von B\u00fchnen Bern auf Nadine Borter.\" \/>\n<meta name=\"robots\" content=\"index, follow, max-snippet:-1, max-image-preview:large, max-video-preview:-1\" \/>\n<link rel=\"canonical\" href=\"https:\/\/www.musikzeitung.ch\/it\/news\/2023\/10\/luginbuehl-wird-stiftungsrats-praesident-von-buehnen-bern\/\" \/>\n<meta property=\"og:locale\" content=\"it_IT\" \/>\n<meta property=\"og:type\" content=\"article\" \/>\n<meta property=\"og:title\" content=\"Luginb\u00fchl wird Stiftungsrats-Pr\u00e4sident von B\u00fchnen Bern - Schweizer Musikzeitung\" \/>\n<meta property=\"og:description\" content=\"Werner Luginb\u00fchl folgt als Pr\u00e4sident des Stiftungsrats von B\u00fchnen Bern auf Nadine Borter.\" \/>\n<meta property=\"og:url\" content=\"https:\/\/www.musikzeitung.ch\/it\/news\/2023\/10\/luginbuehl-wird-stiftungsrats-praesident-von-buehnen-bern\/\" \/>\n<meta property=\"og:site_name\" content=\"Schweizer Musikzeitung\" \/>\n<meta property=\"article:publisher\" content=\"https:\/\/www.facebook.com\/SchweizerMusikzeitung\/\" \/>\n<meta property=\"article:author\" content=\"https:\/\/www.facebook.com\/wolfgang.bohler.75\" \/>\n<meta property=\"article:published_time\" content=\"2023-10-27T06:56:58+00:00\" \/>\n<meta property=\"article:modified_time\" content=\"2023-11-02T08:47:48+00:00\" \/>\n<meta property=\"og:image\" content=\"https:\/\/www.musikzeitung.ch\/wp-content\/uploads\/2023\/10\/2310027bb.jpg\" \/>\n\t<meta property=\"og:image:width\" content=\"1028\" \/>\n\t<meta property=\"og:image:height\" content=\"779\" \/>\n\t<meta property=\"og:image:type\" content=\"image\/jpeg\" \/>\n<meta name=\"author\" content=\"Wolfgang B\u00f6hler\" \/>\n<meta name=\"twitter:card\" content=\"summary_large_image\" \/>\n<meta name=\"twitter:creator\" content=\"@smusikzeitung\" \/>\n<meta name=\"twitter:site\" content=\"@smusikzeitung\" \/>\n<meta name=\"twitter:label1\" content=\"Scritto da\" \/>\n\t<meta name=\"twitter:data1\" content=\"Wolfgang B\u00f6hler\" \/>\n\t<meta name=\"twitter:label2\" content=\"Tempo di lettura stimato\" \/>\n\t<meta name=\"twitter:data2\" content=\"2 minuti\" \/>\n<script type=\"application\/ld+json\" class=\"yoast-schema-graph\">{\"@context\":\"https:\\\/\\\/schema.org\",\"@graph\":[{\"@type\":\"Article\",\"@id\":\"https:\\\/\\\/www.musikzeitung.ch\\\/news\\\/2023\\\/10\\\/luginbuehl-wird-stiftungsrats-praesident-von-buehnen-bern#article\",\"isPartOf\":{\"@id\":\"https:\\\/\\\/www.musikzeitung.ch\\\/news\\\/2023\\\/10\\\/luginbuehl-wird-stiftungsrats-praesident-von-buehnen-bern\"},\"author\":{\"name\":\"Wolfgang B\u00f6hler\",\"@id\":\"https:\\\/\\\/www.musikzeitung.ch\\\/#\\\/schema\\\/person\\\/0da4fb82d243f1252850a35d0e87cf0c\"},\"headline\":\"Luginb\u00fchl wird Stiftungsrats-Pr\u00e4sident von B\u00fchnen Bern\",\"datePublished\":\"2023-10-27T06:56:58+00:00\",\"dateModified\":\"2023-11-02T08:47:48+00:00\",\"mainEntityOfPage\":{\"@id\":\"https:\\\/\\\/www.musikzeitung.ch\\\/news\\\/2023\\\/10\\\/luginbuehl-wird-stiftungsrats-praesident-von-buehnen-bern\"},\"wordCount\":216,\"publisher\":{\"@id\":\"https:\\\/\\\/www.musikzeitung.ch\\\/#organization\"},\"image\":{\"@id\":\"https:\\\/\\\/www.musikzeitung.ch\\\/news\\\/2023\\\/10\\\/luginbuehl-wird-stiftungsrats-praesident-von-buehnen-bern#primaryimage\"},\"thumbnailUrl\":\"https:\\\/\\\/www.musikzeitung.ch\\\/wp-content\\\/uploads\\\/2023\\\/10\\\/2310027bb.jpg\",\"keywords\":[\"B\u00fchnen Bern\",\"Werner Luginb\u00fchl\"],\"articleSection\":[\"News\"],\"inLanguage\":\"it-IT\"},{\"@type\":\"WebPage\",\"@id\":\"https:\\\/\\\/www.musikzeitung.ch\\\/news\\\/2023\\\/10\\\/luginbuehl-wird-stiftungsrats-praesident-von-buehnen-bern\",\"url\":\"https:\\\/\\\/www.musikzeitung.ch\\\/news\\\/2023\\\/10\\\/luginbuehl-wird-stiftungsrats-praesident-von-buehnen-bern\",\"name\":\"Luginb\u00fchl wird Stiftungsrats-Pr\u00e4sident von B\u00fchnen Bern - Schweizer Musikzeitung\",\"isPartOf\":{\"@id\":\"https:\\\/\\\/www.musikzeitung.ch\\\/#website\"},\"primaryImageOfPage\":{\"@id\":\"https:\\\/\\\/www.musikzeitung.ch\\\/news\\\/2023\\\/10\\\/luginbuehl-wird-stiftungsrats-praesident-von-buehnen-bern#primaryimage\"},\"image\":{\"@id\":\"https:\\\/\\\/www.musikzeitung.ch\\\/news\\\/2023\\\/10\\\/luginbuehl-wird-stiftungsrats-praesident-von-buehnen-bern#primaryimage\"},\"thumbnailUrl\":\"https:\\\/\\\/www.musikzeitung.ch\\\/wp-content\\\/uploads\\\/2023\\\/10\\\/2310027bb.jpg\",\"datePublished\":\"2023-10-27T06:56:58+00:00\",\"dateModified\":\"2023-11-02T08:47:48+00:00\",\"description\":\"Werner Luginb\u00fchl folgt als Pr\u00e4sident des Stiftungsrats von B\u00fchnen Bern auf Nadine Borter.\",\"breadcrumb\":{\"@id\":\"https:\\\/\\\/www.musikzeitung.ch\\\/news\\\/2023\\\/10\\\/luginbuehl-wird-stiftungsrats-praesident-von-buehnen-bern#breadcrumb\"},\"inLanguage\":\"it-IT\",\"potentialAction\":[{\"@type\":\"ReadAction\",\"target\":[\"https:\\\/\\\/www.musikzeitung.ch\\\/news\\\/2023\\\/10\\\/luginbuehl-wird-stiftungsrats-praesident-von-buehnen-bern\"]}]},{\"@type\":\"ImageObject\",\"inLanguage\":\"it-IT\",\"@id\":\"https:\\\/\\\/www.musikzeitung.ch\\\/news\\\/2023\\\/10\\\/luginbuehl-wird-stiftungsrats-praesident-von-buehnen-bern#primaryimage\",\"url\":\"https:\\\/\\\/www.musikzeitung.ch\\\/wp-content\\\/uploads\\\/2023\\\/10\\\/2310027bb.jpg\",\"contentUrl\":\"https:\\\/\\\/www.musikzeitung.ch\\\/wp-content\\\/uploads\\\/2023\\\/10\\\/2310027bb.jpg\",\"width\":1028,\"height\":779,\"caption\":\"Werner Luginb\u00fchl (Bild: zVg)\"},{\"@type\":\"BreadcrumbList\",\"@id\":\"https:\\\/\\\/www.musikzeitung.ch\\\/news\\\/2023\\\/10\\\/luginbuehl-wird-stiftungsrats-praesident-von-buehnen-bern#breadcrumb\",\"itemListElement\":[{\"@type\":\"ListItem\",\"position\":1,\"name\":\"Home\",\"item\":\"https:\\\/\\\/www.musikzeitung.ch\\\/\"},{\"@type\":\"ListItem\",\"position\":2,\"name\":\"Luginb\u00fchl wird Stiftungsrats-Pr\u00e4sident von B\u00fchnen Bern\"}]},{\"@type\":\"WebSite\",\"@id\":\"https:\\\/\\\/www.musikzeitung.ch\\\/#website\",\"url\":\"https:\\\/\\\/www.musikzeitung.ch\\\/\",\"name\":\"Schweizer Musikzeitung\",\"description\":\"Die f\u00fchrende sparten\u00fcbergreifende Monatszeitung in der Schweiz f\u00fcr musikalische Fragen.\",\"publisher\":{\"@id\":\"https:\\\/\\\/www.musikzeitung.ch\\\/#organization\"},\"potentialAction\":[{\"@type\":\"SearchAction\",\"target\":{\"@type\":\"EntryPoint\",\"urlTemplate\":\"https:\\\/\\\/www.musikzeitung.ch\\\/?s={search_term_string}\"},\"query-input\":{\"@type\":\"PropertyValueSpecification\",\"valueRequired\":true,\"valueName\":\"search_term_string\"}}],\"inLanguage\":\"it-IT\"},{\"@type\":\"Organization\",\"@id\":\"https:\\\/\\\/www.musikzeitung.ch\\\/#organization\",\"name\":\"Schweizer Musikzeitung\",\"url\":\"https:\\\/\\\/www.musikzeitung.ch\\\/\",\"logo\":{\"@type\":\"ImageObject\",\"inLanguage\":\"it-IT\",\"@id\":\"https:\\\/\\\/www.musikzeitung.ch\\\/#\\\/schema\\\/logo\\\/image\\\/\",\"url\":\"https:\\\/\\\/www.musikzeitung.ch\\\/wp-content\\\/uploads\\\/2023\\\/01\\\/SMZ_Schriftzug_Sprache.png\",\"contentUrl\":\"https:\\\/\\\/www.musikzeitung.ch\\\/wp-content\\\/uploads\\\/2023\\\/01\\\/SMZ_Schriftzug_Sprache.png\",\"width\":1400,\"height\":279,\"caption\":\"Schweizer Musikzeitung\"},\"image\":{\"@id\":\"https:\\\/\\\/www.musikzeitung.ch\\\/#\\\/schema\\\/logo\\\/image\\\/\"},\"sameAs\":[\"https:\\\/\\\/www.facebook.com\\\/SchweizerMusikzeitung\\\/\",\"https:\\\/\\\/x.com\\\/smusikzeitung\",\"https:\\\/\\\/www.instagram.com\\\/musikzeitung.ch\\\/\"]},{\"@type\":\"Person\",\"@id\":\"https:\\\/\\\/www.musikzeitung.ch\\\/#\\\/schema\\\/person\\\/0da4fb82d243f1252850a35d0e87cf0c\",\"name\":\"Wolfgang B\u00f6hler\",\"image\":{\"@type\":\"ImageObject\",\"inLanguage\":\"it-IT\",\"@id\":\"https:\\\/\\\/www.musikzeitung.ch\\\/wp-content\\\/uploads\\\/2023\\\/01\\\/boehler_portraet_web-e1674139782246-96x96.jpg\",\"url\":\"https:\\\/\\\/www.musikzeitung.ch\\\/wp-content\\\/uploads\\\/2023\\\/01\\\/boehler_portraet_web-e1674139782246-96x96.jpg\",\"contentUrl\":\"https:\\\/\\\/www.musikzeitung.ch\\\/wp-content\\\/uploads\\\/2023\\\/01\\\/boehler_portraet_web-e1674139782246-96x96.jpg\",\"caption\":\"Wolfgang B\u00f6hler\"},\"sameAs\":[\"http:\\\/\\\/www.manacanto.ch\",\"https:\\\/\\\/www.facebook.com\\\/wolfgang.bohler.75\"],\"url\":\"https:\\\/\\\/www.musikzeitung.ch\\\/it\\\/author\\\/wolfgang-boehler\"}]}<\/script>\n<!-- \/ Yoast SEO plugin. -->","yoast_head_json":{"title":"Luginb\u00fchl wird Stiftungsrats-Pr\u00e4sident von B\u00fchnen Bern - Schweizer Musikzeitung","description":"Werner Luginb\u00fchl folgt als Pr\u00e4sident des Stiftungsrats von B\u00fchnen Bern auf Nadine Borter.","robots":{"index":"index","follow":"follow","max-snippet":"max-snippet:-1","max-image-preview":"max-image-preview:large","max-video-preview":"max-video-preview:-1"},"canonical":"https:\/\/www.musikzeitung.ch\/it\/news\/2023\/10\/luginbuehl-wird-stiftungsrats-praesident-von-buehnen-bern\/","og_locale":"it_IT","og_type":"article","og_title":"Luginb\u00fchl wird Stiftungsrats-Pr\u00e4sident von B\u00fchnen Bern - Schweizer Musikzeitung","og_description":"Werner Luginb\u00fchl folgt als Pr\u00e4sident des Stiftungsrats von B\u00fchnen Bern auf Nadine Borter.","og_url":"https:\/\/www.musikzeitung.ch\/it\/news\/2023\/10\/luginbuehl-wird-stiftungsrats-praesident-von-buehnen-bern\/","og_site_name":"Schweizer Musikzeitung","article_publisher":"https:\/\/www.facebook.com\/SchweizerMusikzeitung\/","article_author":"https:\/\/www.facebook.com\/wolfgang.bohler.75","article_published_time":"2023-10-27T06:56:58+00:00","article_modified_time":"2023-11-02T08:47:48+00:00","og_image":[{"width":1028,"height":779,"url":"https:\/\/www.musikzeitung.ch\/wp-content\/uploads\/2023\/10\/2310027bb.jpg","type":"image\/jpeg"}],"author":"Wolfgang B\u00f6hler","twitter_card":"summary_large_image","twitter_creator":"@smusikzeitung","twitter_site":"@smusikzeitung","twitter_misc":{"Scritto da":"Wolfgang B\u00f6hler","Tempo di lettura stimato":"2 minuti"},"schema":{"@context":"https:\/\/schema.org","@graph":[{"@type":"Article","@id":"https:\/\/www.musikzeitung.ch\/news\/2023\/10\/luginbuehl-wird-stiftungsrats-praesident-von-buehnen-bern#article","isPartOf":{"@id":"https:\/\/www.musikzeitung.ch\/news\/2023\/10\/luginbuehl-wird-stiftungsrats-praesident-von-buehnen-bern"},"author":{"name":"Wolfgang B\u00f6hler","@id":"https:\/\/www.musikzeitung.ch\/#\/schema\/person\/0da4fb82d243f1252850a35d0e87cf0c"},"headline":"Luginb\u00fchl wird Stiftungsrats-Pr\u00e4sident von B\u00fchnen Bern","datePublished":"2023-10-27T06:56:58+00:00","dateModified":"2023-11-02T08:47:48+00:00","mainEntityOfPage":{"@id":"https:\/\/www.musikzeitung.ch\/news\/2023\/10\/luginbuehl-wird-stiftungsrats-praesident-von-buehnen-bern"},"wordCount":216,"publisher":{"@id":"https:\/\/www.musikzeitung.ch\/#organization"},"image":{"@id":"https:\/\/www.musikzeitung.ch\/news\/2023\/10\/luginbuehl-wird-stiftungsrats-praesident-von-buehnen-bern#primaryimage"},"thumbnailUrl":"https:\/\/www.musikzeitung.ch\/wp-content\/uploads\/2023\/10\/2310027bb.jpg","keywords":["B\u00fchnen Bern","Werner Luginb\u00fchl"],"articleSection":["News"],"inLanguage":"it-IT"},{"@type":"WebPage","@id":"https:\/\/www.musikzeitung.ch\/news\/2023\/10\/luginbuehl-wird-stiftungsrats-praesident-von-buehnen-bern","url":"https:\/\/www.musikzeitung.ch\/news\/2023\/10\/luginbuehl-wird-stiftungsrats-praesident-von-buehnen-bern","name":"Luginb\u00fchl wird Stiftungsrats-Pr\u00e4sident von B\u00fchnen Bern - Schweizer Musikzeitung","isPartOf":{"@id":"https:\/\/www.musikzeitung.ch\/#website"},"primaryImageOfPage":{"@id":"https:\/\/www.musikzeitung.ch\/news\/2023\/10\/luginbuehl-wird-stiftungsrats-praesident-von-buehnen-bern#primaryimage"},"image":{"@id":"https:\/\/www.musikzeitung.ch\/news\/2023\/10\/luginbuehl-wird-stiftungsrats-praesident-von-buehnen-bern#primaryimage"},"thumbnailUrl":"https:\/\/www.musikzeitung.ch\/wp-content\/uploads\/2023\/10\/2310027bb.jpg","datePublished":"2023-10-27T06:56:58+00:00","dateModified":"2023-11-02T08:47:48+00:00","description":"Werner Luginb\u00fchl folgt als Pr\u00e4sident des Stiftungsrats von B\u00fchnen Bern auf Nadine Borter.","breadcrumb":{"@id":"https:\/\/www.musikzeitung.ch\/news\/2023\/10\/luginbuehl-wird-stiftungsrats-praesident-von-buehnen-bern#breadcrumb"},"inLanguage":"it-IT","potentialAction":[{"@type":"ReadAction","target":["https:\/\/www.musikzeitung.ch\/news\/2023\/10\/luginbuehl-wird-stiftungsrats-praesident-von-buehnen-bern"]}]},{"@type":"ImageObject","inLanguage":"it-IT","@id":"https:\/\/www.musikzeitung.ch\/news\/2023\/10\/luginbuehl-wird-stiftungsrats-praesident-von-buehnen-bern#primaryimage","url":"https:\/\/www.musikzeitung.ch\/wp-content\/uploads\/2023\/10\/2310027bb.jpg","contentUrl":"https:\/\/www.musikzeitung.ch\/wp-content\/uploads\/2023\/10\/2310027bb.jpg","width":1028,"height":779,"caption":"Werner Luginb\u00fchl (Bild: zVg)"},{"@type":"BreadcrumbList","@id":"https:\/\/www.musikzeitung.ch\/news\/2023\/10\/luginbuehl-wird-stiftungsrats-praesident-von-buehnen-bern#breadcrumb","itemListElement":[{"@type":"ListItem","position":1,"name":"Home","item":"https:\/\/www.musikzeitung.ch\/"},{"@type":"ListItem","position":2,"name":"Luginb\u00fchl wird Stiftungsrats-Pr\u00e4sident von B\u00fchnen Bern"}]},{"@type":"WebSite","@id":"https:\/\/www.musikzeitung.ch\/#website","url":"https:\/\/www.musikzeitung.ch\/","name":"Giornale musicale svizzero","description":"Il principale mensile interdisciplinare della Svizzera per le questioni musicali.","publisher":{"@id":"https:\/\/www.musikzeitung.ch\/#organization"},"potentialAction":[{"@type":"SearchAction","target":{"@type":"EntryPoint","urlTemplate":"https:\/\/www.musikzeitung.ch\/?s={search_term_string}"},"query-input":{"@type":"PropertyValueSpecification","valueRequired":true,"valueName":"search_term_string"}}],"inLanguage":"it-IT"},{"@type":"Organization","@id":"https:\/\/www.musikzeitung.ch\/#organization","name":"Giornale musicale svizzero","url":"https:\/\/www.musikzeitung.ch\/","logo":{"@type":"ImageObject","inLanguage":"it-IT","@id":"https:\/\/www.musikzeitung.ch\/#\/schema\/logo\/image\/","url":"https:\/\/www.musikzeitung.ch\/wp-content\/uploads\/2023\/01\/SMZ_Schriftzug_Sprache.png","contentUrl":"https:\/\/www.musikzeitung.ch\/wp-content\/uploads\/2023\/01\/SMZ_Schriftzug_Sprache.png","width":1400,"height":279,"caption":"Schweizer Musikzeitung"},"image":{"@id":"https:\/\/www.musikzeitung.ch\/#\/schema\/logo\/image\/"},"sameAs":["https:\/\/www.facebook.com\/SchweizerMusikzeitung\/","https:\/\/x.com\/smusikzeitung","https:\/\/www.instagram.com\/musikzeitung.ch\/"]},{"@type":"Person","@id":"https:\/\/www.musikzeitung.ch\/#\/schema\/person\/0da4fb82d243f1252850a35d0e87cf0c","name":"Wolfgang B\u00f6hler","image":{"@type":"ImageObject","inLanguage":"it-IT","@id":"https:\/\/www.musikzeitung.ch\/wp-content\/uploads\/2023\/01\/boehler_portraet_web-e1674139782246-96x96.jpg","url":"https:\/\/www.musikzeitung.ch\/wp-content\/uploads\/2023\/01\/boehler_portraet_web-e1674139782246-96x96.jpg","contentUrl":"https:\/\/www.musikzeitung.ch\/wp-content\/uploads\/2023\/01\/boehler_portraet_web-e1674139782246-96x96.jpg","caption":"Wolfgang B\u00f6hler"},"sameAs":["http:\/\/www.manacanto.ch","https:\/\/www.facebook.com\/wolfgang.bohler.75"],"url":"https:\/\/www.musikzeitung.ch\/it\/author\/wolfgang-boehler"}]}},"publishpress_future_workflow_manual_trigger":{"enabledWorkflows":[]},"_links":{"self":[{"href":"https:\/\/www.musikzeitung.ch\/it\/wp-json\/wp\/v2\/posts\/48870","targetHints":{"allow":["GET"]}}],"collection":[{"href":"https:\/\/www.musikzeitung.ch\/it\/wp-json\/wp\/v2\/posts"}],"about":[{"href":"https:\/\/www.musikzeitung.ch\/it\/wp-json\/wp\/v2\/types\/post"}],"author":[{"embeddable":true,"href":"https:\/\/www.musikzeitung.ch\/it\/wp-json\/wp\/v2\/users\/30"}],"replies":[{"embeddable":true,"href":"https:\/\/www.musikzeitung.ch\/it\/wp-json\/wp\/v2\/comments?post=48870"}],"version-history":[{"count":1,"href":"https:\/\/www.musikzeitung.ch\/it\/wp-json\/wp\/v2\/posts\/48870\/revisions"}],"predecessor-version":[{"id":48872,"href":"https:\/\/www.musikzeitung.ch\/it\/wp-json\/wp\/v2\/posts\/48870\/revisions\/48872"}],"wp:featuredmedia":[{"embeddable":true,"href":"https:\/\/www.musikzeitung.ch\/it\/wp-json\/wp\/v2\/media\/48871"}],"wp:attachment":[{"href":"https:\/\/www.musikzeitung.ch\/it\/wp-json\/wp\/v2\/media?parent=48870"}],"wp:term":[{"taxonomy":"category","embeddable":true,"href":"https:\/\/www.musikzeitung.ch\/it\/wp-json\/wp\/v2\/categories?post=48870"},{"taxonomy":"post_tag","embeddable":true,"href":"https:\/\/www.musikzeitung.ch\/it\/wp-json\/wp\/v2\/tags?post=48870"}],"curies":[{"name":"wp","href":"https:\/\/api.w.org\/{rel}","templated":true}]}}