{"id":48877,"date":"2023-10-30T07:41:54","date_gmt":"2023-10-30T06:41:54","guid":{"rendered":"https:\/\/www.musikzeitung.ch\/?p=48877"},"modified":"2023-11-02T09:37:51","modified_gmt":"2023-11-02T08:37:51","slug":"st-galler-kulturamt-mit-koleitung","status":"publish","type":"post","link":"https:\/\/www.musikzeitung.ch\/it\/news\/2023\/10\/st-galler-kulturamt-mit-koleitung","title":{"rendered":"Ufficio culturale di San Gallo con cogestione"},"content":{"rendered":"<figure id=\"attachment_48878\" aria-describedby=\"caption-attachment-48878\" style=\"width: 587px\" class=\"wp-caption aligncenter\"><img loading=\"lazy\" decoding=\"async\" class=\"wp-image-48878\" src=\"https:\/\/www.musikzeitung.ch\/wp-content\/uploads\/2023\/10\/231030stgallen.jpg\" alt=\"\" width=\"587\" height=\"295\" srcset=\"https:\/\/www.musikzeitung.ch\/wp-content\/uploads\/2023\/10\/231030stgallen.jpg 955w, https:\/\/www.musikzeitung.ch\/wp-content\/uploads\/2023\/10\/231030stgallen-300x151.jpg 300w, https:\/\/www.musikzeitung.ch\/wp-content\/uploads\/2023\/10\/231030stgallen-768x386.jpg 768w, https:\/\/www.musikzeitung.ch\/wp-content\/uploads\/2023\/10\/231030stgallen-348x175.jpg 348w, https:\/\/www.musikzeitung.ch\/wp-content\/uploads\/2023\/10\/231030stgallen-696x350.jpg 696w, https:\/\/www.musikzeitung.ch\/wp-content\/uploads\/2023\/10\/231030stgallen-920x462.jpg 920w\" sizes=\"auto, (max-width: 587px) 100vw, 587px\" \/><figcaption id=\"caption-attachment-48878\" class=\"wp-caption-text\">Christopher R\u00fchle e Sabina Brunnschweiler (Immagine: Cantone di San Gallo)<\/figcaption><\/figure>\n<p>Christopher R\u00fchle e Sabina Brunnschweiler succedono a Tanja Scartazzini, che ha diretto l'Ufficio Cultura fino allo scorso agosto e che ora lavora per la Citt\u00e0 di Winterthur. R\u00fchle lavora gi\u00e0 nell'ufficio come responsabile degli affari legali e del dipartimento dei beni culturali. Sabina Brunnschweiler lavora attualmente presso il Dipartimento Cultura del Cantone di Zurigo come responsabile del team di promozione.<\/p>\n<p>I nuovi capi ufficio lavoreranno insieme su compiti di gestione generale. Tuttavia, la responsabilit\u00e0 per le singole aree dell'ufficio, che conta un centinaio di dipendenti, sar\u00e0 suddivisa. Secondo i piani attuali, Sabina Brunnschweiler sar\u00e0 responsabile della promozione culturale, degli archivi di Stato e della biblioteca cantonale, mentre Christopher R\u00fchle sar\u00e0 responsabile della conservazione dei monumenti, dell'archeologia e del patrimonio culturale.<\/p>\n<p>Christopher R\u00fchle, dottore in scienze politiche, \u00e8 cresciuto a Wil, dove vive anche. Lavora presso l'Ufficio della cultura da 16 anni, attualmente come responsabile degli affari legali e del dipartimento dei beni culturali. Ha completato le competenze di progetto e i corsi di perfezionamento nei settori della gestione, dell'amministrazione aziendale e della cultura ed \u00e8 un membro di lunga data della direzione dell'Ufficio e anche un membro dell'attuale direzione provvisoria. R\u00fchle \u00e8 sposato e padre di una figlia e due figli.<\/p>\n<p>Sabina Brunnschweiler \u00e8 cresciuta nel Toggenburg. Ha studiato linguistica e letteratura tedesca, storia generale e giornalismo. Ha lavorato per diversi anni come giornalista nel Cantone di San Gallo e poi si \u00e8 trasferita per alcuni anni all'Ufficio della cultura, dove ha lavorato nel dipartimento di promozione culturale. Nel 2011 si \u00e8 trasferita al Cantone di Zurigo nel Dipartimento Cultura. Dal 2018 \u00e8 membro del team di gestione e responsabile del team di finanziamento e del dipartimento di danza e teatro. \u00c8 sposata e madre di due figlie.<\/p>\n<p>&nbsp;<\/p>","protected":false},"excerpt":{"rendered":"<p>Sabina Brunnschweiler e Christopher R\u00fchle guideranno l'Ufficio per la cultura del Cantone di San Gallo in un modello di cogestione a partire dalla prossima primavera.<\/p>","protected":false},"author":30,"featured_media":48878,"comment_status":"closed","ping_status":"closed","sticky":false,"template":"","format":"standard","meta":{"_acf_changed":false,"_relevanssi_hide_post":"","_relevanssi_hide_content":"","_relevanssi_pin_for_all":"","_relevanssi_pin_keywords":"","_relevanssi_unpin_keywords":"","_relevanssi_related_keywords":"","_relevanssi_related_include_ids":"","_relevanssi_related_exclude_ids":"","_relevanssi_related_no_append":"","_relevanssi_related_not_related":"","_relevanssi_related_posts":"","_relevanssi_noindex_reason":"","pgc_sgb_lightbox_settings":"","footnotes":""},"categories":[27],"tags":[3297,3298],"class_list":["post-48877","post","type-post","status-publish","format-standard","has-post-thumbnail","hentry","category-news","tag-christopher-ruehle","tag-sabina-brunnschweiler-kanton-st-gallen"],"acf":[],"yoast_head":"<!-- This site is optimized with the Yoast SEO plugin v27.4 - https:\/\/yoast.com\/product\/yoast-seo-wordpress\/ -->\n<title>St. Galler Kulturamt mit Koleitung - Schweizer Musikzeitung<\/title>\n<meta name=\"description\" content=\"Sabina Brunnschweiler und Christopher R\u00fchle werden ab kommendem Fr\u00fchling das Amt f\u00fcr Kultur des Kantons St. Gallen in einem Koleitungsmodell f\u00fchren.\" \/>\n<meta name=\"robots\" content=\"index, follow, max-snippet:-1, max-image-preview:large, max-video-preview:-1\" \/>\n<link rel=\"canonical\" href=\"https:\/\/www.musikzeitung.ch\/it\/news\/2023\/10\/st-galler-kulturamt-mit-koleitung\/\" \/>\n<meta property=\"og:locale\" content=\"it_IT\" \/>\n<meta property=\"og:type\" content=\"article\" \/>\n<meta property=\"og:title\" content=\"St. Galler Kulturamt mit Koleitung - Schweizer Musikzeitung\" \/>\n<meta property=\"og:description\" content=\"Sabina Brunnschweiler und Christopher R\u00fchle werden ab kommendem Fr\u00fchling das Amt f\u00fcr Kultur des Kantons St. Gallen in einem Koleitungsmodell f\u00fchren.\" \/>\n<meta property=\"og:url\" content=\"https:\/\/www.musikzeitung.ch\/it\/news\/2023\/10\/st-galler-kulturamt-mit-koleitung\/\" \/>\n<meta property=\"og:site_name\" content=\"Schweizer Musikzeitung\" \/>\n<meta property=\"article:publisher\" content=\"https:\/\/www.facebook.com\/SchweizerMusikzeitung\/\" \/>\n<meta property=\"article:author\" content=\"https:\/\/www.facebook.com\/wolfgang.bohler.75\" \/>\n<meta property=\"article:published_time\" content=\"2023-10-30T06:41:54+00:00\" \/>\n<meta property=\"article:modified_time\" content=\"2023-11-02T08:37:51+00:00\" \/>\n<meta property=\"og:image\" content=\"https:\/\/www.musikzeitung.ch\/wp-content\/uploads\/2023\/10\/231030stgallen.jpg\" \/>\n\t<meta property=\"og:image:width\" content=\"955\" \/>\n\t<meta property=\"og:image:height\" content=\"480\" \/>\n\t<meta property=\"og:image:type\" content=\"image\/jpeg\" \/>\n<meta name=\"author\" content=\"Wolfgang B\u00f6hler\" \/>\n<meta name=\"twitter:card\" content=\"summary_large_image\" \/>\n<meta name=\"twitter:creator\" content=\"@smusikzeitung\" \/>\n<meta name=\"twitter:site\" content=\"@smusikzeitung\" \/>\n<meta name=\"twitter:label1\" content=\"Scritto da\" \/>\n\t<meta name=\"twitter:data1\" content=\"Wolfgang B\u00f6hler\" \/>\n\t<meta name=\"twitter:label2\" content=\"Tempo di lettura stimato\" \/>\n\t<meta name=\"twitter:data2\" content=\"2 minuti\" \/>\n<script type=\"application\/ld+json\" class=\"yoast-schema-graph\">{\"@context\":\"https:\\\/\\\/schema.org\",\"@graph\":[{\"@type\":\"Article\",\"@id\":\"https:\\\/\\\/www.musikzeitung.ch\\\/news\\\/2023\\\/10\\\/st-galler-kulturamt-mit-koleitung#article\",\"isPartOf\":{\"@id\":\"https:\\\/\\\/www.musikzeitung.ch\\\/news\\\/2023\\\/10\\\/st-galler-kulturamt-mit-koleitung\"},\"author\":{\"name\":\"Wolfgang B\u00f6hler\",\"@id\":\"https:\\\/\\\/www.musikzeitung.ch\\\/#\\\/schema\\\/person\\\/0da4fb82d243f1252850a35d0e87cf0c\"},\"headline\":\"St. Galler Kulturamt mit Koleitung\",\"datePublished\":\"2023-10-30T06:41:54+00:00\",\"dateModified\":\"2023-11-02T08:37:51+00:00\",\"mainEntityOfPage\":{\"@id\":\"https:\\\/\\\/www.musikzeitung.ch\\\/news\\\/2023\\\/10\\\/st-galler-kulturamt-mit-koleitung\"},\"wordCount\":316,\"publisher\":{\"@id\":\"https:\\\/\\\/www.musikzeitung.ch\\\/#organization\"},\"image\":{\"@id\":\"https:\\\/\\\/www.musikzeitung.ch\\\/news\\\/2023\\\/10\\\/st-galler-kulturamt-mit-koleitung#primaryimage\"},\"thumbnailUrl\":\"https:\\\/\\\/www.musikzeitung.ch\\\/wp-content\\\/uploads\\\/2023\\\/10\\\/231030stgallen.jpg\",\"keywords\":[\"Christopher R\u00fchle\",\"Sabina Brunnschweiler. Kanton St. Gallen\"],\"articleSection\":[\"News\"],\"inLanguage\":\"it-IT\"},{\"@type\":\"WebPage\",\"@id\":\"https:\\\/\\\/www.musikzeitung.ch\\\/news\\\/2023\\\/10\\\/st-galler-kulturamt-mit-koleitung\",\"url\":\"https:\\\/\\\/www.musikzeitung.ch\\\/news\\\/2023\\\/10\\\/st-galler-kulturamt-mit-koleitung\",\"name\":\"St. Galler Kulturamt mit Koleitung - Schweizer Musikzeitung\",\"isPartOf\":{\"@id\":\"https:\\\/\\\/www.musikzeitung.ch\\\/#website\"},\"primaryImageOfPage\":{\"@id\":\"https:\\\/\\\/www.musikzeitung.ch\\\/news\\\/2023\\\/10\\\/st-galler-kulturamt-mit-koleitung#primaryimage\"},\"image\":{\"@id\":\"https:\\\/\\\/www.musikzeitung.ch\\\/news\\\/2023\\\/10\\\/st-galler-kulturamt-mit-koleitung#primaryimage\"},\"thumbnailUrl\":\"https:\\\/\\\/www.musikzeitung.ch\\\/wp-content\\\/uploads\\\/2023\\\/10\\\/231030stgallen.jpg\",\"datePublished\":\"2023-10-30T06:41:54+00:00\",\"dateModified\":\"2023-11-02T08:37:51+00:00\",\"description\":\"Sabina Brunnschweiler und Christopher R\u00fchle werden ab kommendem Fr\u00fchling das Amt f\u00fcr Kultur des Kantons St. Gallen in einem Koleitungsmodell f\u00fchren.\",\"breadcrumb\":{\"@id\":\"https:\\\/\\\/www.musikzeitung.ch\\\/news\\\/2023\\\/10\\\/st-galler-kulturamt-mit-koleitung#breadcrumb\"},\"inLanguage\":\"it-IT\",\"potentialAction\":[{\"@type\":\"ReadAction\",\"target\":[\"https:\\\/\\\/www.musikzeitung.ch\\\/news\\\/2023\\\/10\\\/st-galler-kulturamt-mit-koleitung\"]}]},{\"@type\":\"ImageObject\",\"inLanguage\":\"it-IT\",\"@id\":\"https:\\\/\\\/www.musikzeitung.ch\\\/news\\\/2023\\\/10\\\/st-galler-kulturamt-mit-koleitung#primaryimage\",\"url\":\"https:\\\/\\\/www.musikzeitung.ch\\\/wp-content\\\/uploads\\\/2023\\\/10\\\/231030stgallen.jpg\",\"contentUrl\":\"https:\\\/\\\/www.musikzeitung.ch\\\/wp-content\\\/uploads\\\/2023\\\/10\\\/231030stgallen.jpg\",\"width\":955,\"height\":480,\"caption\":\"Christopher R\u00fchle und Sabina Brunnschweiler (Bild: Kanton St. Gallen)\"},{\"@type\":\"BreadcrumbList\",\"@id\":\"https:\\\/\\\/www.musikzeitung.ch\\\/news\\\/2023\\\/10\\\/st-galler-kulturamt-mit-koleitung#breadcrumb\",\"itemListElement\":[{\"@type\":\"ListItem\",\"position\":1,\"name\":\"Home\",\"item\":\"https:\\\/\\\/www.musikzeitung.ch\\\/\"},{\"@type\":\"ListItem\",\"position\":2,\"name\":\"St. Galler Kulturamt mit Koleitung\"}]},{\"@type\":\"WebSite\",\"@id\":\"https:\\\/\\\/www.musikzeitung.ch\\\/#website\",\"url\":\"https:\\\/\\\/www.musikzeitung.ch\\\/\",\"name\":\"Schweizer Musikzeitung\",\"description\":\"Die f\u00fchrende sparten\u00fcbergreifende Monatszeitung in der Schweiz f\u00fcr musikalische Fragen.\",\"publisher\":{\"@id\":\"https:\\\/\\\/www.musikzeitung.ch\\\/#organization\"},\"potentialAction\":[{\"@type\":\"SearchAction\",\"target\":{\"@type\":\"EntryPoint\",\"urlTemplate\":\"https:\\\/\\\/www.musikzeitung.ch\\\/?s={search_term_string}\"},\"query-input\":{\"@type\":\"PropertyValueSpecification\",\"valueRequired\":true,\"valueName\":\"search_term_string\"}}],\"inLanguage\":\"it-IT\"},{\"@type\":\"Organization\",\"@id\":\"https:\\\/\\\/www.musikzeitung.ch\\\/#organization\",\"name\":\"Schweizer Musikzeitung\",\"url\":\"https:\\\/\\\/www.musikzeitung.ch\\\/\",\"logo\":{\"@type\":\"ImageObject\",\"inLanguage\":\"it-IT\",\"@id\":\"https:\\\/\\\/www.musikzeitung.ch\\\/#\\\/schema\\\/logo\\\/image\\\/\",\"url\":\"https:\\\/\\\/www.musikzeitung.ch\\\/wp-content\\\/uploads\\\/2023\\\/01\\\/SMZ_Schriftzug_Sprache.png\",\"contentUrl\":\"https:\\\/\\\/www.musikzeitung.ch\\\/wp-content\\\/uploads\\\/2023\\\/01\\\/SMZ_Schriftzug_Sprache.png\",\"width\":1400,\"height\":279,\"caption\":\"Schweizer Musikzeitung\"},\"image\":{\"@id\":\"https:\\\/\\\/www.musikzeitung.ch\\\/#\\\/schema\\\/logo\\\/image\\\/\"},\"sameAs\":[\"https:\\\/\\\/www.facebook.com\\\/SchweizerMusikzeitung\\\/\",\"https:\\\/\\\/x.com\\\/smusikzeitung\",\"https:\\\/\\\/www.instagram.com\\\/musikzeitung.ch\\\/\"]},{\"@type\":\"Person\",\"@id\":\"https:\\\/\\\/www.musikzeitung.ch\\\/#\\\/schema\\\/person\\\/0da4fb82d243f1252850a35d0e87cf0c\",\"name\":\"Wolfgang B\u00f6hler\",\"image\":{\"@type\":\"ImageObject\",\"inLanguage\":\"it-IT\",\"@id\":\"https:\\\/\\\/www.musikzeitung.ch\\\/wp-content\\\/uploads\\\/2023\\\/01\\\/boehler_portraet_web-e1674139782246-96x96.jpg\",\"url\":\"https:\\\/\\\/www.musikzeitung.ch\\\/wp-content\\\/uploads\\\/2023\\\/01\\\/boehler_portraet_web-e1674139782246-96x96.jpg\",\"contentUrl\":\"https:\\\/\\\/www.musikzeitung.ch\\\/wp-content\\\/uploads\\\/2023\\\/01\\\/boehler_portraet_web-e1674139782246-96x96.jpg\",\"caption\":\"Wolfgang B\u00f6hler\"},\"sameAs\":[\"http:\\\/\\\/www.manacanto.ch\",\"https:\\\/\\\/www.facebook.com\\\/wolfgang.bohler.75\"],\"url\":\"https:\\\/\\\/www.musikzeitung.ch\\\/it\\\/author\\\/wolfgang-boehler\"}]}<\/script>\n<!-- \/ Yoast SEO plugin. -->","yoast_head_json":{"title":"St. Galler Kulturamt mit Koleitung - Schweizer Musikzeitung","description":"Sabina Brunnschweiler e Christopher R\u00fchle guideranno l'Ufficio per la cultura del Cantone di San Gallo in un modello di cogestione a partire dalla prossima primavera.","robots":{"index":"index","follow":"follow","max-snippet":"max-snippet:-1","max-image-preview":"max-image-preview:large","max-video-preview":"max-video-preview:-1"},"canonical":"https:\/\/www.musikzeitung.ch\/it\/news\/2023\/10\/st-galler-kulturamt-mit-koleitung\/","og_locale":"it_IT","og_type":"article","og_title":"St. Galler Kulturamt mit Koleitung - Schweizer Musikzeitung","og_description":"Sabina Brunnschweiler und Christopher R\u00fchle werden ab kommendem Fr\u00fchling das Amt f\u00fcr Kultur des Kantons St. Gallen in einem Koleitungsmodell f\u00fchren.","og_url":"https:\/\/www.musikzeitung.ch\/it\/news\/2023\/10\/st-galler-kulturamt-mit-koleitung\/","og_site_name":"Schweizer Musikzeitung","article_publisher":"https:\/\/www.facebook.com\/SchweizerMusikzeitung\/","article_author":"https:\/\/www.facebook.com\/wolfgang.bohler.75","article_published_time":"2023-10-30T06:41:54+00:00","article_modified_time":"2023-11-02T08:37:51+00:00","og_image":[{"width":955,"height":480,"url":"https:\/\/www.musikzeitung.ch\/wp-content\/uploads\/2023\/10\/231030stgallen.jpg","type":"image\/jpeg"}],"author":"Wolfgang B\u00f6hler","twitter_card":"summary_large_image","twitter_creator":"@smusikzeitung","twitter_site":"@smusikzeitung","twitter_misc":{"Scritto da":"Wolfgang B\u00f6hler","Tempo di lettura stimato":"2 minuti"},"schema":{"@context":"https:\/\/schema.org","@graph":[{"@type":"Article","@id":"https:\/\/www.musikzeitung.ch\/news\/2023\/10\/st-galler-kulturamt-mit-koleitung#article","isPartOf":{"@id":"https:\/\/www.musikzeitung.ch\/news\/2023\/10\/st-galler-kulturamt-mit-koleitung"},"author":{"name":"Wolfgang B\u00f6hler","@id":"https:\/\/www.musikzeitung.ch\/#\/schema\/person\/0da4fb82d243f1252850a35d0e87cf0c"},"headline":"St. Galler Kulturamt mit Koleitung","datePublished":"2023-10-30T06:41:54+00:00","dateModified":"2023-11-02T08:37:51+00:00","mainEntityOfPage":{"@id":"https:\/\/www.musikzeitung.ch\/news\/2023\/10\/st-galler-kulturamt-mit-koleitung"},"wordCount":316,"publisher":{"@id":"https:\/\/www.musikzeitung.ch\/#organization"},"image":{"@id":"https:\/\/www.musikzeitung.ch\/news\/2023\/10\/st-galler-kulturamt-mit-koleitung#primaryimage"},"thumbnailUrl":"https:\/\/www.musikzeitung.ch\/wp-content\/uploads\/2023\/10\/231030stgallen.jpg","keywords":["Christopher R\u00fchle","Sabina Brunnschweiler. Kanton St. Gallen"],"articleSection":["News"],"inLanguage":"it-IT"},{"@type":"WebPage","@id":"https:\/\/www.musikzeitung.ch\/news\/2023\/10\/st-galler-kulturamt-mit-koleitung","url":"https:\/\/www.musikzeitung.ch\/news\/2023\/10\/st-galler-kulturamt-mit-koleitung","name":"St. Galler Kulturamt mit Koleitung - Schweizer Musikzeitung","isPartOf":{"@id":"https:\/\/www.musikzeitung.ch\/#website"},"primaryImageOfPage":{"@id":"https:\/\/www.musikzeitung.ch\/news\/2023\/10\/st-galler-kulturamt-mit-koleitung#primaryimage"},"image":{"@id":"https:\/\/www.musikzeitung.ch\/news\/2023\/10\/st-galler-kulturamt-mit-koleitung#primaryimage"},"thumbnailUrl":"https:\/\/www.musikzeitung.ch\/wp-content\/uploads\/2023\/10\/231030stgallen.jpg","datePublished":"2023-10-30T06:41:54+00:00","dateModified":"2023-11-02T08:37:51+00:00","description":"Sabina Brunnschweiler e Christopher R\u00fchle guideranno l'Ufficio per la cultura del Cantone di San Gallo in un modello di cogestione a partire dalla prossima primavera.","breadcrumb":{"@id":"https:\/\/www.musikzeitung.ch\/news\/2023\/10\/st-galler-kulturamt-mit-koleitung#breadcrumb"},"inLanguage":"it-IT","potentialAction":[{"@type":"ReadAction","target":["https:\/\/www.musikzeitung.ch\/news\/2023\/10\/st-galler-kulturamt-mit-koleitung"]}]},{"@type":"ImageObject","inLanguage":"it-IT","@id":"https:\/\/www.musikzeitung.ch\/news\/2023\/10\/st-galler-kulturamt-mit-koleitung#primaryimage","url":"https:\/\/www.musikzeitung.ch\/wp-content\/uploads\/2023\/10\/231030stgallen.jpg","contentUrl":"https:\/\/www.musikzeitung.ch\/wp-content\/uploads\/2023\/10\/231030stgallen.jpg","width":955,"height":480,"caption":"Christopher R\u00fchle und Sabina Brunnschweiler (Bild: Kanton St. Gallen)"},{"@type":"BreadcrumbList","@id":"https:\/\/www.musikzeitung.ch\/news\/2023\/10\/st-galler-kulturamt-mit-koleitung#breadcrumb","itemListElement":[{"@type":"ListItem","position":1,"name":"Home","item":"https:\/\/www.musikzeitung.ch\/"},{"@type":"ListItem","position":2,"name":"St. Galler Kulturamt mit Koleitung"}]},{"@type":"WebSite","@id":"https:\/\/www.musikzeitung.ch\/#website","url":"https:\/\/www.musikzeitung.ch\/","name":"Giornale musicale svizzero","description":"Il principale mensile interdisciplinare della Svizzera per le questioni musicali.","publisher":{"@id":"https:\/\/www.musikzeitung.ch\/#organization"},"potentialAction":[{"@type":"SearchAction","target":{"@type":"EntryPoint","urlTemplate":"https:\/\/www.musikzeitung.ch\/?s={search_term_string}"},"query-input":{"@type":"PropertyValueSpecification","valueRequired":true,"valueName":"search_term_string"}}],"inLanguage":"it-IT"},{"@type":"Organization","@id":"https:\/\/www.musikzeitung.ch\/#organization","name":"Giornale musicale svizzero","url":"https:\/\/www.musikzeitung.ch\/","logo":{"@type":"ImageObject","inLanguage":"it-IT","@id":"https:\/\/www.musikzeitung.ch\/#\/schema\/logo\/image\/","url":"https:\/\/www.musikzeitung.ch\/wp-content\/uploads\/2023\/01\/SMZ_Schriftzug_Sprache.png","contentUrl":"https:\/\/www.musikzeitung.ch\/wp-content\/uploads\/2023\/01\/SMZ_Schriftzug_Sprache.png","width":1400,"height":279,"caption":"Schweizer Musikzeitung"},"image":{"@id":"https:\/\/www.musikzeitung.ch\/#\/schema\/logo\/image\/"},"sameAs":["https:\/\/www.facebook.com\/SchweizerMusikzeitung\/","https:\/\/x.com\/smusikzeitung","https:\/\/www.instagram.com\/musikzeitung.ch\/"]},{"@type":"Person","@id":"https:\/\/www.musikzeitung.ch\/#\/schema\/person\/0da4fb82d243f1252850a35d0e87cf0c","name":"Wolfgang B\u00f6hler","image":{"@type":"ImageObject","inLanguage":"it-IT","@id":"https:\/\/www.musikzeitung.ch\/wp-content\/uploads\/2023\/01\/boehler_portraet_web-e1674139782246-96x96.jpg","url":"https:\/\/www.musikzeitung.ch\/wp-content\/uploads\/2023\/01\/boehler_portraet_web-e1674139782246-96x96.jpg","contentUrl":"https:\/\/www.musikzeitung.ch\/wp-content\/uploads\/2023\/01\/boehler_portraet_web-e1674139782246-96x96.jpg","caption":"Wolfgang B\u00f6hler"},"sameAs":["http:\/\/www.manacanto.ch","https:\/\/www.facebook.com\/wolfgang.bohler.75"],"url":"https:\/\/www.musikzeitung.ch\/it\/author\/wolfgang-boehler"}]}},"publishpress_future_workflow_manual_trigger":{"enabledWorkflows":[]},"_links":{"self":[{"href":"https:\/\/www.musikzeitung.ch\/it\/wp-json\/wp\/v2\/posts\/48877","targetHints":{"allow":["GET"]}}],"collection":[{"href":"https:\/\/www.musikzeitung.ch\/it\/wp-json\/wp\/v2\/posts"}],"about":[{"href":"https:\/\/www.musikzeitung.ch\/it\/wp-json\/wp\/v2\/types\/post"}],"author":[{"embeddable":true,"href":"https:\/\/www.musikzeitung.ch\/it\/wp-json\/wp\/v2\/users\/30"}],"replies":[{"embeddable":true,"href":"https:\/\/www.musikzeitung.ch\/it\/wp-json\/wp\/v2\/comments?post=48877"}],"version-history":[{"count":3,"href":"https:\/\/www.musikzeitung.ch\/it\/wp-json\/wp\/v2\/posts\/48877\/revisions"}],"predecessor-version":[{"id":48881,"href":"https:\/\/www.musikzeitung.ch\/it\/wp-json\/wp\/v2\/posts\/48877\/revisions\/48881"}],"wp:featuredmedia":[{"embeddable":true,"href":"https:\/\/www.musikzeitung.ch\/it\/wp-json\/wp\/v2\/media\/48878"}],"wp:attachment":[{"href":"https:\/\/www.musikzeitung.ch\/it\/wp-json\/wp\/v2\/media?parent=48877"}],"wp:term":[{"taxonomy":"category","embeddable":true,"href":"https:\/\/www.musikzeitung.ch\/it\/wp-json\/wp\/v2\/categories?post=48877"},{"taxonomy":"post_tag","embeddable":true,"href":"https:\/\/www.musikzeitung.ch\/it\/wp-json\/wp\/v2\/tags?post=48877"}],"curies":[{"name":"wp","href":"https:\/\/api.w.org\/{rel}","templated":true}]}}