{"id":49395,"date":"2023-11-15T08:11:59","date_gmt":"2023-11-15T07:11:59","guid":{"rendered":"https:\/\/www.musikzeitung.ch\/?p=49395"},"modified":"2023-11-15T08:11:59","modified_gmt":"2023-11-15T07:11:59","slug":"neue-aufgaben-fuer-grazinyte-tyla-in-birmingham","status":"publish","type":"post","link":"https:\/\/www.musikzeitung.ch\/it\/news\/2023\/11\/neue-aufgaben-fuer-grazinyte-tyla-in-birmingham","title":{"rendered":"Nuovi compiti per Gra\u017einyt\u0117-Tyla a Birmingham"},"content":{"rendered":"<figure id=\"attachment_49396\" aria-describedby=\"caption-attachment-49396\" style=\"width: 687px\" class=\"wp-caption aligncenter\"><img loading=\"lazy\" decoding=\"async\" class=\"wp-image-49396\" src=\"https:\/\/www.musikzeitung.ch\/wp-content\/uploads\/2023\/11\/231115mirga.jpg\" alt=\"\" width=\"687\" height=\"459\" srcset=\"https:\/\/www.musikzeitung.ch\/wp-content\/uploads\/2023\/11\/231115mirga.jpg 1090w, https:\/\/www.musikzeitung.ch\/wp-content\/uploads\/2023\/11\/231115mirga-300x200.jpg 300w, https:\/\/www.musikzeitung.ch\/wp-content\/uploads\/2023\/11\/231115mirga-1024x684.jpg 1024w, https:\/\/www.musikzeitung.ch\/wp-content\/uploads\/2023\/11\/231115mirga-600x400.jpg 600w, https:\/\/www.musikzeitung.ch\/wp-content\/uploads\/2023\/11\/231115mirga-768x513.jpg 768w, https:\/\/www.musikzeitung.ch\/wp-content\/uploads\/2023\/11\/231115mirga-262x175.jpg 262w, https:\/\/www.musikzeitung.ch\/wp-content\/uploads\/2023\/11\/231115mirga-524x350.jpg 524w, https:\/\/www.musikzeitung.ch\/wp-content\/uploads\/2023\/11\/231115mirga-920x614.jpg 920w\" sizes=\"auto, (max-width: 687px) 100vw, 687px\" \/><figcaption id=\"caption-attachment-49396\" class=\"wp-caption-text\">Mirga Gra\u017einyt\u0117-Tyla (Immagine: CBSO\/Hannah Fathers)<\/figcaption><\/figure>\n<p>Gra\u017einyt\u0117-Tyla, che si \u00e8 formata tra l'altro con Johannes Schl\u00e4fli all'Universit\u00e0 delle Arti di Zurigo, \u00e8 attualmente Direttore Principale Ospite della CBSO ed \u00e8 stata Direttore Musicale dell'ensemble dal 2016 al 2022. Nella sua nuova posizione, torner\u00e0 regolarmente a Birmingham per continuare la sua collaborazione con l'orchestra e i cori.<\/p>\n<p>Fondata nel 1920, la City of Birmingham Symphony Orchestra \u00e8 una delle pi\u00f9 importanti orchestre inglesi, accanto alle principali orchestre londinesi. I suoi ultimi direttori principali sono stati Simon Rattle (1980-1998), Sakari Oramo e Andris Nelsons (2008-2015) come predecessore di Gra\u017einyt\u0117-Tyla. Attualmente \u00e8 diretta da Kazuki Yamada (dal 2023).<\/p>\n<p>&nbsp;<\/p>","protected":false},"excerpt":{"rendered":"<p>Mirga Gra\u017einyt\u0117-Tyla, che \u00e8 stata direttore principale del Konzert Theater di Berna dal 2013 al 2015, \u00e8 stata nominata artista associata della City of Birmingham Symphony Orchestra (CBSO).<\/p>","protected":false},"author":30,"featured_media":49396,"comment_status":"closed","ping_status":"closed","sticky":false,"template":"","format":"standard","meta":{"_acf_changed":false,"_relevanssi_hide_post":"","_relevanssi_hide_content":"","_relevanssi_pin_for_all":"","_relevanssi_pin_keywords":"","_relevanssi_unpin_keywords":"","_relevanssi_related_keywords":"","_relevanssi_related_include_ids":"","_relevanssi_related_exclude_ids":"","_relevanssi_related_no_append":"","_relevanssi_related_not_related":"","_relevanssi_related_posts":"","_relevanssi_noindex_reason":"","pgc_sgb_lightbox_settings":"","footnotes":""},"categories":[27],"tags":[3347,3346],"class_list":["post-49395","post","type-post","status-publish","format-standard","has-post-thumbnail","hentry","category-news","tag-city-of-birmingham-symphony-orchestra","tag-mirga-grazinyte-tyla"],"acf":[],"yoast_head":"<!-- This site is optimized with the Yoast SEO plugin v27.4 - https:\/\/yoast.com\/product\/yoast-seo-wordpress\/ -->\n<title>Neue Aufgaben f\u00fcr Gra\u017einyt\u0117-Tyla in Birmingham - Schweizer Musikzeitung<\/title>\n<meta name=\"robots\" content=\"index, follow, max-snippet:-1, max-image-preview:large, max-video-preview:-1\" \/>\n<link rel=\"canonical\" href=\"https:\/\/www.musikzeitung.ch\/it\/news\/2023\/11\/neue-aufgaben-fuer-grazinyte-tyla-in-birmingham\/\" \/>\n<meta property=\"og:locale\" content=\"it_IT\" \/>\n<meta property=\"og:type\" content=\"article\" \/>\n<meta property=\"og:title\" content=\"Neue Aufgaben f\u00fcr Gra\u017einyt\u0117-Tyla in Birmingham - Schweizer Musikzeitung\" \/>\n<meta property=\"og:description\" content=\"Mirga Gra\u017einyt\u0117-Tyla, die 2013 bis 2015 bei Konzert Theater Bern als Erste Kapellmeisterin amtete, wird beim City of Birmingham Symphony Orchestra (CBSO) Associate Artist.\" \/>\n<meta property=\"og:url\" content=\"https:\/\/www.musikzeitung.ch\/it\/news\/2023\/11\/neue-aufgaben-fuer-grazinyte-tyla-in-birmingham\/\" \/>\n<meta property=\"og:site_name\" content=\"Schweizer Musikzeitung\" \/>\n<meta property=\"article:publisher\" content=\"https:\/\/www.facebook.com\/SchweizerMusikzeitung\/\" \/>\n<meta property=\"article:author\" content=\"https:\/\/www.facebook.com\/wolfgang.bohler.75\" \/>\n<meta property=\"article:published_time\" content=\"2023-11-15T07:11:59+00:00\" \/>\n<meta property=\"og:image\" content=\"https:\/\/www.musikzeitung.ch\/wp-content\/uploads\/2023\/11\/231115mirga.jpg\" \/>\n\t<meta property=\"og:image:width\" content=\"1090\" \/>\n\t<meta property=\"og:image:height\" content=\"728\" \/>\n\t<meta property=\"og:image:type\" content=\"image\/jpeg\" \/>\n<meta name=\"author\" content=\"Wolfgang B\u00f6hler\" \/>\n<meta name=\"twitter:card\" content=\"summary_large_image\" \/>\n<meta name=\"twitter:creator\" content=\"@smusikzeitung\" \/>\n<meta name=\"twitter:site\" content=\"@smusikzeitung\" \/>\n<meta name=\"twitter:label1\" content=\"Scritto da\" \/>\n\t<meta name=\"twitter:data1\" content=\"Wolfgang B\u00f6hler\" \/>\n\t<meta name=\"twitter:label2\" content=\"Tempo di lettura stimato\" \/>\n\t<meta name=\"twitter:data2\" content=\"1 minuto\" \/>\n<script type=\"application\/ld+json\" class=\"yoast-schema-graph\">{\"@context\":\"https:\\\/\\\/schema.org\",\"@graph\":[{\"@type\":\"Article\",\"@id\":\"https:\\\/\\\/www.musikzeitung.ch\\\/news\\\/2023\\\/11\\\/neue-aufgaben-fuer-grazinyte-tyla-in-birmingham#article\",\"isPartOf\":{\"@id\":\"https:\\\/\\\/www.musikzeitung.ch\\\/news\\\/2023\\\/11\\\/neue-aufgaben-fuer-grazinyte-tyla-in-birmingham\"},\"author\":{\"name\":\"Wolfgang B\u00f6hler\",\"@id\":\"https:\\\/\\\/www.musikzeitung.ch\\\/#\\\/schema\\\/person\\\/0da4fb82d243f1252850a35d0e87cf0c\"},\"headline\":\"Neue Aufgaben f\u00fcr Gra\u017einyt\u0117-Tyla in Birmingham\",\"datePublished\":\"2023-11-15T07:11:59+00:00\",\"mainEntityOfPage\":{\"@id\":\"https:\\\/\\\/www.musikzeitung.ch\\\/news\\\/2023\\\/11\\\/neue-aufgaben-fuer-grazinyte-tyla-in-birmingham\"},\"wordCount\":132,\"publisher\":{\"@id\":\"https:\\\/\\\/www.musikzeitung.ch\\\/#organization\"},\"image\":{\"@id\":\"https:\\\/\\\/www.musikzeitung.ch\\\/news\\\/2023\\\/11\\\/neue-aufgaben-fuer-grazinyte-tyla-in-birmingham#primaryimage\"},\"thumbnailUrl\":\"https:\\\/\\\/www.musikzeitung.ch\\\/wp-content\\\/uploads\\\/2023\\\/11\\\/231115mirga.jpg\",\"keywords\":[\"City of Birmingham Symphony Orchestra\",\"Mirga Gra\u017einyt\u0117-Tyla\"],\"articleSection\":[\"News\"],\"inLanguage\":\"it-IT\"},{\"@type\":\"WebPage\",\"@id\":\"https:\\\/\\\/www.musikzeitung.ch\\\/news\\\/2023\\\/11\\\/neue-aufgaben-fuer-grazinyte-tyla-in-birmingham\",\"url\":\"https:\\\/\\\/www.musikzeitung.ch\\\/news\\\/2023\\\/11\\\/neue-aufgaben-fuer-grazinyte-tyla-in-birmingham\",\"name\":\"Neue Aufgaben f\u00fcr Gra\u017einyt\u0117-Tyla in Birmingham - Schweizer Musikzeitung\",\"isPartOf\":{\"@id\":\"https:\\\/\\\/www.musikzeitung.ch\\\/#website\"},\"primaryImageOfPage\":{\"@id\":\"https:\\\/\\\/www.musikzeitung.ch\\\/news\\\/2023\\\/11\\\/neue-aufgaben-fuer-grazinyte-tyla-in-birmingham#primaryimage\"},\"image\":{\"@id\":\"https:\\\/\\\/www.musikzeitung.ch\\\/news\\\/2023\\\/11\\\/neue-aufgaben-fuer-grazinyte-tyla-in-birmingham#primaryimage\"},\"thumbnailUrl\":\"https:\\\/\\\/www.musikzeitung.ch\\\/wp-content\\\/uploads\\\/2023\\\/11\\\/231115mirga.jpg\",\"datePublished\":\"2023-11-15T07:11:59+00:00\",\"breadcrumb\":{\"@id\":\"https:\\\/\\\/www.musikzeitung.ch\\\/news\\\/2023\\\/11\\\/neue-aufgaben-fuer-grazinyte-tyla-in-birmingham#breadcrumb\"},\"inLanguage\":\"it-IT\",\"potentialAction\":[{\"@type\":\"ReadAction\",\"target\":[\"https:\\\/\\\/www.musikzeitung.ch\\\/news\\\/2023\\\/11\\\/neue-aufgaben-fuer-grazinyte-tyla-in-birmingham\"]}]},{\"@type\":\"ImageObject\",\"inLanguage\":\"it-IT\",\"@id\":\"https:\\\/\\\/www.musikzeitung.ch\\\/news\\\/2023\\\/11\\\/neue-aufgaben-fuer-grazinyte-tyla-in-birmingham#primaryimage\",\"url\":\"https:\\\/\\\/www.musikzeitung.ch\\\/wp-content\\\/uploads\\\/2023\\\/11\\\/231115mirga.jpg\",\"contentUrl\":\"https:\\\/\\\/www.musikzeitung.ch\\\/wp-content\\\/uploads\\\/2023\\\/11\\\/231115mirga.jpg\",\"width\":1090,\"height\":728,\"caption\":\"Mirga Gra\u017einyt\u0117-Tyla (Bild: CBSO\\\/Hannah Fathers)\"},{\"@type\":\"BreadcrumbList\",\"@id\":\"https:\\\/\\\/www.musikzeitung.ch\\\/news\\\/2023\\\/11\\\/neue-aufgaben-fuer-grazinyte-tyla-in-birmingham#breadcrumb\",\"itemListElement\":[{\"@type\":\"ListItem\",\"position\":1,\"name\":\"Home\",\"item\":\"https:\\\/\\\/www.musikzeitung.ch\\\/\"},{\"@type\":\"ListItem\",\"position\":2,\"name\":\"Neue Aufgaben f\u00fcr Gra\u017einyt\u0117-Tyla in Birmingham\"}]},{\"@type\":\"WebSite\",\"@id\":\"https:\\\/\\\/www.musikzeitung.ch\\\/#website\",\"url\":\"https:\\\/\\\/www.musikzeitung.ch\\\/\",\"name\":\"Schweizer Musikzeitung\",\"description\":\"Die f\u00fchrende sparten\u00fcbergreifende Monatszeitung in der Schweiz f\u00fcr musikalische Fragen.\",\"publisher\":{\"@id\":\"https:\\\/\\\/www.musikzeitung.ch\\\/#organization\"},\"potentialAction\":[{\"@type\":\"SearchAction\",\"target\":{\"@type\":\"EntryPoint\",\"urlTemplate\":\"https:\\\/\\\/www.musikzeitung.ch\\\/?s={search_term_string}\"},\"query-input\":{\"@type\":\"PropertyValueSpecification\",\"valueRequired\":true,\"valueName\":\"search_term_string\"}}],\"inLanguage\":\"it-IT\"},{\"@type\":\"Organization\",\"@id\":\"https:\\\/\\\/www.musikzeitung.ch\\\/#organization\",\"name\":\"Schweizer Musikzeitung\",\"url\":\"https:\\\/\\\/www.musikzeitung.ch\\\/\",\"logo\":{\"@type\":\"ImageObject\",\"inLanguage\":\"it-IT\",\"@id\":\"https:\\\/\\\/www.musikzeitung.ch\\\/#\\\/schema\\\/logo\\\/image\\\/\",\"url\":\"https:\\\/\\\/www.musikzeitung.ch\\\/wp-content\\\/uploads\\\/2023\\\/01\\\/SMZ_Schriftzug_Sprache.png\",\"contentUrl\":\"https:\\\/\\\/www.musikzeitung.ch\\\/wp-content\\\/uploads\\\/2023\\\/01\\\/SMZ_Schriftzug_Sprache.png\",\"width\":1400,\"height\":279,\"caption\":\"Schweizer Musikzeitung\"},\"image\":{\"@id\":\"https:\\\/\\\/www.musikzeitung.ch\\\/#\\\/schema\\\/logo\\\/image\\\/\"},\"sameAs\":[\"https:\\\/\\\/www.facebook.com\\\/SchweizerMusikzeitung\\\/\",\"https:\\\/\\\/x.com\\\/smusikzeitung\",\"https:\\\/\\\/www.instagram.com\\\/musikzeitung.ch\\\/\"]},{\"@type\":\"Person\",\"@id\":\"https:\\\/\\\/www.musikzeitung.ch\\\/#\\\/schema\\\/person\\\/0da4fb82d243f1252850a35d0e87cf0c\",\"name\":\"Wolfgang B\u00f6hler\",\"image\":{\"@type\":\"ImageObject\",\"inLanguage\":\"it-IT\",\"@id\":\"https:\\\/\\\/www.musikzeitung.ch\\\/wp-content\\\/uploads\\\/2023\\\/01\\\/boehler_portraet_web-e1674139782246-96x96.jpg\",\"url\":\"https:\\\/\\\/www.musikzeitung.ch\\\/wp-content\\\/uploads\\\/2023\\\/01\\\/boehler_portraet_web-e1674139782246-96x96.jpg\",\"contentUrl\":\"https:\\\/\\\/www.musikzeitung.ch\\\/wp-content\\\/uploads\\\/2023\\\/01\\\/boehler_portraet_web-e1674139782246-96x96.jpg\",\"caption\":\"Wolfgang B\u00f6hler\"},\"sameAs\":[\"http:\\\/\\\/www.manacanto.ch\",\"https:\\\/\\\/www.facebook.com\\\/wolfgang.bohler.75\"],\"url\":\"https:\\\/\\\/www.musikzeitung.ch\\\/it\\\/author\\\/wolfgang-boehler\"}]}<\/script>\n<!-- \/ Yoast SEO plugin. -->","yoast_head_json":{"title":"Neue Aufgaben f\u00fcr Gra\u017einyt\u0117-Tyla in Birmingham - Schweizer Musikzeitung","robots":{"index":"index","follow":"follow","max-snippet":"max-snippet:-1","max-image-preview":"max-image-preview:large","max-video-preview":"max-video-preview:-1"},"canonical":"https:\/\/www.musikzeitung.ch\/it\/news\/2023\/11\/neue-aufgaben-fuer-grazinyte-tyla-in-birmingham\/","og_locale":"it_IT","og_type":"article","og_title":"Neue Aufgaben f\u00fcr Gra\u017einyt\u0117-Tyla in Birmingham - Schweizer Musikzeitung","og_description":"Mirga Gra\u017einyt\u0117-Tyla, die 2013 bis 2015 bei Konzert Theater Bern als Erste Kapellmeisterin amtete, wird beim City of Birmingham Symphony Orchestra (CBSO) Associate Artist.","og_url":"https:\/\/www.musikzeitung.ch\/it\/news\/2023\/11\/neue-aufgaben-fuer-grazinyte-tyla-in-birmingham\/","og_site_name":"Schweizer Musikzeitung","article_publisher":"https:\/\/www.facebook.com\/SchweizerMusikzeitung\/","article_author":"https:\/\/www.facebook.com\/wolfgang.bohler.75","article_published_time":"2023-11-15T07:11:59+00:00","og_image":[{"width":1090,"height":728,"url":"https:\/\/www.musikzeitung.ch\/wp-content\/uploads\/2023\/11\/231115mirga.jpg","type":"image\/jpeg"}],"author":"Wolfgang B\u00f6hler","twitter_card":"summary_large_image","twitter_creator":"@smusikzeitung","twitter_site":"@smusikzeitung","twitter_misc":{"Scritto da":"Wolfgang B\u00f6hler","Tempo di lettura stimato":"1 minuto"},"schema":{"@context":"https:\/\/schema.org","@graph":[{"@type":"Article","@id":"https:\/\/www.musikzeitung.ch\/news\/2023\/11\/neue-aufgaben-fuer-grazinyte-tyla-in-birmingham#article","isPartOf":{"@id":"https:\/\/www.musikzeitung.ch\/news\/2023\/11\/neue-aufgaben-fuer-grazinyte-tyla-in-birmingham"},"author":{"name":"Wolfgang B\u00f6hler","@id":"https:\/\/www.musikzeitung.ch\/#\/schema\/person\/0da4fb82d243f1252850a35d0e87cf0c"},"headline":"Neue Aufgaben f\u00fcr Gra\u017einyt\u0117-Tyla in Birmingham","datePublished":"2023-11-15T07:11:59+00:00","mainEntityOfPage":{"@id":"https:\/\/www.musikzeitung.ch\/news\/2023\/11\/neue-aufgaben-fuer-grazinyte-tyla-in-birmingham"},"wordCount":132,"publisher":{"@id":"https:\/\/www.musikzeitung.ch\/#organization"},"image":{"@id":"https:\/\/www.musikzeitung.ch\/news\/2023\/11\/neue-aufgaben-fuer-grazinyte-tyla-in-birmingham#primaryimage"},"thumbnailUrl":"https:\/\/www.musikzeitung.ch\/wp-content\/uploads\/2023\/11\/231115mirga.jpg","keywords":["City of Birmingham Symphony Orchestra","Mirga Gra\u017einyt\u0117-Tyla"],"articleSection":["News"],"inLanguage":"it-IT"},{"@type":"WebPage","@id":"https:\/\/www.musikzeitung.ch\/news\/2023\/11\/neue-aufgaben-fuer-grazinyte-tyla-in-birmingham","url":"https:\/\/www.musikzeitung.ch\/news\/2023\/11\/neue-aufgaben-fuer-grazinyte-tyla-in-birmingham","name":"Neue Aufgaben f\u00fcr Gra\u017einyt\u0117-Tyla in Birmingham - Schweizer Musikzeitung","isPartOf":{"@id":"https:\/\/www.musikzeitung.ch\/#website"},"primaryImageOfPage":{"@id":"https:\/\/www.musikzeitung.ch\/news\/2023\/11\/neue-aufgaben-fuer-grazinyte-tyla-in-birmingham#primaryimage"},"image":{"@id":"https:\/\/www.musikzeitung.ch\/news\/2023\/11\/neue-aufgaben-fuer-grazinyte-tyla-in-birmingham#primaryimage"},"thumbnailUrl":"https:\/\/www.musikzeitung.ch\/wp-content\/uploads\/2023\/11\/231115mirga.jpg","datePublished":"2023-11-15T07:11:59+00:00","breadcrumb":{"@id":"https:\/\/www.musikzeitung.ch\/news\/2023\/11\/neue-aufgaben-fuer-grazinyte-tyla-in-birmingham#breadcrumb"},"inLanguage":"it-IT","potentialAction":[{"@type":"ReadAction","target":["https:\/\/www.musikzeitung.ch\/news\/2023\/11\/neue-aufgaben-fuer-grazinyte-tyla-in-birmingham"]}]},{"@type":"ImageObject","inLanguage":"it-IT","@id":"https:\/\/www.musikzeitung.ch\/news\/2023\/11\/neue-aufgaben-fuer-grazinyte-tyla-in-birmingham#primaryimage","url":"https:\/\/www.musikzeitung.ch\/wp-content\/uploads\/2023\/11\/231115mirga.jpg","contentUrl":"https:\/\/www.musikzeitung.ch\/wp-content\/uploads\/2023\/11\/231115mirga.jpg","width":1090,"height":728,"caption":"Mirga Gra\u017einyt\u0117-Tyla (Bild: CBSO\/Hannah Fathers)"},{"@type":"BreadcrumbList","@id":"https:\/\/www.musikzeitung.ch\/news\/2023\/11\/neue-aufgaben-fuer-grazinyte-tyla-in-birmingham#breadcrumb","itemListElement":[{"@type":"ListItem","position":1,"name":"Home","item":"https:\/\/www.musikzeitung.ch\/"},{"@type":"ListItem","position":2,"name":"Neue Aufgaben f\u00fcr Gra\u017einyt\u0117-Tyla in Birmingham"}]},{"@type":"WebSite","@id":"https:\/\/www.musikzeitung.ch\/#website","url":"https:\/\/www.musikzeitung.ch\/","name":"Giornale musicale svizzero","description":"Il principale mensile interdisciplinare della Svizzera per le questioni musicali.","publisher":{"@id":"https:\/\/www.musikzeitung.ch\/#organization"},"potentialAction":[{"@type":"SearchAction","target":{"@type":"EntryPoint","urlTemplate":"https:\/\/www.musikzeitung.ch\/?s={search_term_string}"},"query-input":{"@type":"PropertyValueSpecification","valueRequired":true,"valueName":"search_term_string"}}],"inLanguage":"it-IT"},{"@type":"Organization","@id":"https:\/\/www.musikzeitung.ch\/#organization","name":"Giornale musicale svizzero","url":"https:\/\/www.musikzeitung.ch\/","logo":{"@type":"ImageObject","inLanguage":"it-IT","@id":"https:\/\/www.musikzeitung.ch\/#\/schema\/logo\/image\/","url":"https:\/\/www.musikzeitung.ch\/wp-content\/uploads\/2023\/01\/SMZ_Schriftzug_Sprache.png","contentUrl":"https:\/\/www.musikzeitung.ch\/wp-content\/uploads\/2023\/01\/SMZ_Schriftzug_Sprache.png","width":1400,"height":279,"caption":"Schweizer Musikzeitung"},"image":{"@id":"https:\/\/www.musikzeitung.ch\/#\/schema\/logo\/image\/"},"sameAs":["https:\/\/www.facebook.com\/SchweizerMusikzeitung\/","https:\/\/x.com\/smusikzeitung","https:\/\/www.instagram.com\/musikzeitung.ch\/"]},{"@type":"Person","@id":"https:\/\/www.musikzeitung.ch\/#\/schema\/person\/0da4fb82d243f1252850a35d0e87cf0c","name":"Wolfgang B\u00f6hler","image":{"@type":"ImageObject","inLanguage":"it-IT","@id":"https:\/\/www.musikzeitung.ch\/wp-content\/uploads\/2023\/01\/boehler_portraet_web-e1674139782246-96x96.jpg","url":"https:\/\/www.musikzeitung.ch\/wp-content\/uploads\/2023\/01\/boehler_portraet_web-e1674139782246-96x96.jpg","contentUrl":"https:\/\/www.musikzeitung.ch\/wp-content\/uploads\/2023\/01\/boehler_portraet_web-e1674139782246-96x96.jpg","caption":"Wolfgang B\u00f6hler"},"sameAs":["http:\/\/www.manacanto.ch","https:\/\/www.facebook.com\/wolfgang.bohler.75"],"url":"https:\/\/www.musikzeitung.ch\/it\/author\/wolfgang-boehler"}]}},"publishpress_future_workflow_manual_trigger":{"enabledWorkflows":[]},"_links":{"self":[{"href":"https:\/\/www.musikzeitung.ch\/it\/wp-json\/wp\/v2\/posts\/49395","targetHints":{"allow":["GET"]}}],"collection":[{"href":"https:\/\/www.musikzeitung.ch\/it\/wp-json\/wp\/v2\/posts"}],"about":[{"href":"https:\/\/www.musikzeitung.ch\/it\/wp-json\/wp\/v2\/types\/post"}],"author":[{"embeddable":true,"href":"https:\/\/www.musikzeitung.ch\/it\/wp-json\/wp\/v2\/users\/30"}],"replies":[{"embeddable":true,"href":"https:\/\/www.musikzeitung.ch\/it\/wp-json\/wp\/v2\/comments?post=49395"}],"version-history":[{"count":1,"href":"https:\/\/www.musikzeitung.ch\/it\/wp-json\/wp\/v2\/posts\/49395\/revisions"}],"predecessor-version":[{"id":49397,"href":"https:\/\/www.musikzeitung.ch\/it\/wp-json\/wp\/v2\/posts\/49395\/revisions\/49397"}],"wp:featuredmedia":[{"embeddable":true,"href":"https:\/\/www.musikzeitung.ch\/it\/wp-json\/wp\/v2\/media\/49396"}],"wp:attachment":[{"href":"https:\/\/www.musikzeitung.ch\/it\/wp-json\/wp\/v2\/media?parent=49395"}],"wp:term":[{"taxonomy":"category","embeddable":true,"href":"https:\/\/www.musikzeitung.ch\/it\/wp-json\/wp\/v2\/categories?post=49395"},{"taxonomy":"post_tag","embeddable":true,"href":"https:\/\/www.musikzeitung.ch\/it\/wp-json\/wp\/v2\/tags?post=49395"}],"curies":[{"name":"wp","href":"https:\/\/api.w.org\/{rel}","templated":true}]}}