{"id":4942,"date":"2018-12-28T00:00:00","date_gmt":"2018-12-27T23:00:00","guid":{"rendered":"https:\/\/www.musikzeitung.ch\/allgemein\/new-york-stipendium-kuenftig-in-brooklyn\/"},"modified":"2018-12-28T00:00:00","modified_gmt":"2018-12-27T23:00:00","slug":"new-york-stipendium-kuenftig-in-brooklyn","status":"publish","type":"post","link":"https:\/\/www.musikzeitung.ch\/it\/politik\/2018\/12\/new-york-stipendium-kuenftig-in-brooklyn","title":{"rendered":"Borsa di studio di New York a Brooklyn in futuro"},"content":{"rendered":"<figure style=\"width: 1200px\" class=\"wp-caption alignnone\"><img decoding=\"async\" class=\"size-full\" src=\"https:\/\/www.musikzeitung.ch\/wp-content\/uploads\/2023\/01\/South_Congregational_Pres_Court_jeh.jpg\" alt=\"\" \/><figcaption class=\"wp-caption-text\">Sede dell'IF: South Congregational Church di Brooklyn. Foto: Jim Henderson\/wikimedia commons<\/figcaption><\/figure>\n<div class='text-section'>\n<p>Per decenni, il Cantone e la citt\u00e0 di Berna hanno affittato ciascuno due studi residenziali nel quartiere newyorkese di Manhattan, potendo cos\u00ec pubblicizzare e assegnare ogni anno due borse di studio di sei mesi per artisti all'estero. La fine \u00e8 arrivata a sorpresa nell'autunno 2017. La proprietaria, l'attrice bernese Linda Geiser, ha venduto la sua propriet\u00e0 e ha annullato il contratto di locazione, che durava da oltre 35 anni. <\/p>\n<p>I responsabili della cultura della citt\u00e0 e del cantone hanno esaminato varie opzioni. Alla fine hanno deciso di continuare la cooperazione citt\u00e0-cantone a New York e di lavorare con il nuovo partner \"Residency Unlimited\" RU (<a href='http:\/\/www.residencyunlimited.org'>www.residencyunlimited.org<\/a>) per lavorare insieme. Gli artisti selezionati si recheranno ora a Brooklyn, il centro della scena artistica e culturale pi\u00f9 giovane di New York.  <\/p>\n<p>Fondata da artisti, l'organizzazione ha sviluppato uno spazio artistico multifunzionale in una chiesa riconvertita di Carroll Gardens, nel quartiere di Brooklyn, come fulcro e punto di partenza per mostre, proiezioni, conferenze pubbliche e performance, nonch\u00e9 per incontri informali di ospiti internazionali e delle loro produzioni. RU organizza anche studi, opportunit\u00e0 di performance e appartamenti per gli ospiti internazionali.<\/p>\n<p>Come in passato, la citt\u00e0 e il cantone annunceranno due borse di studio di New York ogni sei mesi alle stesse condizioni. La citt\u00e0 di Berna sar\u00e0 la prima a farlo, offrendo le prime due borse di studio in collaborazione con la RU per il periodo dal 1\u00b0 agosto alla fine del 2019. Oltre a uno studio e a un alloggio (ora separato), la borsa di studio comprende un contributo di 15.000 franchi svizzeri per le spese di soggiorno. <\/p>\n<p>A causa dell'aumento dei prezzi a New York, si \u00e8 dovuto accorciare di un mese, passando a cinque mesi. Oggi pi\u00f9 che mai, il fattore decisivo per il successo di un soggiorno di lavoro a New York \u00e8 la rapidit\u00e0 con cui si conoscono i luoghi e le persone \"giuste\". Ci\u00f2 che Linda Geiser ha fatto finora in modo informale sar\u00e0 istituzionalizzato nei prossimi anni. Gli operatori culturali che si recano a New York potranno beneficiare della rete di RU.<br \/> \u00a0<\/p>\n<\/div>","protected":false},"excerpt":{"rendered":"<p><strong>Dopo l'inattesa cancellazione dei precedenti studi ospiti a New York, il Cantone e la citt\u00e0 di Berna hanno trovato insieme una nuova soluzione per continuare a offrire borse di studio agli artisti: Ora collaborano con Residency Unlimited. <\/strong><\/p>","protected":false},"author":1,"featured_media":4943,"comment_status":"open","ping_status":"open","sticky":false,"template":"","format":"standard","meta":{"_acf_changed":false,"_relevanssi_hide_post":"","_relevanssi_hide_content":"","_relevanssi_pin_for_all":"","_relevanssi_pin_keywords":"","_relevanssi_unpin_keywords":"","_relevanssi_related_keywords":"","_relevanssi_related_include_ids":"","_relevanssi_related_exclude_ids":"","_relevanssi_related_no_append":"","_relevanssi_related_not_related":"","_relevanssi_related_posts":"","_relevanssi_noindex_reason":"","pgc_sgb_lightbox_settings":"","footnotes":""},"categories":[1081,767],"tags":[],"class_list":["post-4942","post","type-post","status-publish","format-standard","has-post-thumbnail","hentry","category-kantone-und-gemeinden","category-politik"],"acf":[],"yoast_head":"<!-- This site is optimized with the Yoast SEO plugin v27.5 - https:\/\/yoast.com\/product\/yoast-seo-wordpress\/ -->\n<title>New-York-Stipendium k\u00fcnftig in Brooklyn - Schweizer Musikzeitung<\/title>\n<meta name=\"robots\" content=\"index, follow, max-snippet:-1, max-image-preview:large, max-video-preview:-1\" \/>\n<link rel=\"canonical\" href=\"https:\/\/www.musikzeitung.ch\/it\/politik\/2018\/12\/new-york-stipendium-kuenftig-in-brooklyn\/\" \/>\n<meta property=\"og:locale\" content=\"it_IT\" \/>\n<meta property=\"og:type\" content=\"article\" \/>\n<meta property=\"og:title\" content=\"New-York-Stipendium k\u00fcnftig in Brooklyn - Schweizer Musikzeitung\" \/>\n<meta property=\"og:description\" content=\"Nach einer unerwarteten K\u00fcndigung der bisherigen Gastateliers in New York haben der Kanton und die Stadt Bern gemeinsam eine neue L\u00f6sung gefunden, um weiterhin Stipendien f\u00fcr Kulturschaffende auszuschreiben: Neu arbeiten sie mit Residency Unlimited zusammen.\" \/>\n<meta property=\"og:url\" content=\"https:\/\/www.musikzeitung.ch\/it\/politik\/2018\/12\/new-york-stipendium-kuenftig-in-brooklyn\/\" \/>\n<meta property=\"og:site_name\" content=\"Schweizer Musikzeitung\" \/>\n<meta property=\"article:publisher\" content=\"https:\/\/www.facebook.com\/SchweizerMusikzeitung\/\" \/>\n<meta property=\"article:published_time\" content=\"2018-12-27T23:00:00+00:00\" \/>\n<meta property=\"og:image\" content=\"https:\/\/www.musikzeitung.ch\/wp-content\/uploads\/2023\/01\/South_Congregational_Pres_Court_jeh.jpg\" \/>\n\t<meta property=\"og:image:width\" content=\"554\" \/>\n\t<meta property=\"og:image:height\" content=\"400\" \/>\n\t<meta property=\"og:image:type\" content=\"image\/jpeg\" \/>\n<meta name=\"author\" content=\"Musikzeitung-Redaktion\" \/>\n<meta name=\"twitter:card\" content=\"summary_large_image\" \/>\n<meta name=\"twitter:creator\" content=\"@smusikzeitung\" \/>\n<meta name=\"twitter:site\" content=\"@smusikzeitung\" \/>\n<meta name=\"twitter:label1\" content=\"Scritto da\" \/>\n\t<meta name=\"twitter:data1\" content=\"Musikzeitung-Redaktion\" \/>\n\t<meta name=\"twitter:label2\" content=\"Tempo di lettura stimato\" \/>\n\t<meta name=\"twitter:data2\" content=\"2 minuti\" \/>\n<script type=\"application\/ld+json\" class=\"yoast-schema-graph\">{\"@context\":\"https:\\\/\\\/schema.org\",\"@graph\":[{\"@type\":\"Article\",\"@id\":\"https:\\\/\\\/www.musikzeitung.ch\\\/politik\\\/2018\\\/12\\\/new-york-stipendium-kuenftig-in-brooklyn#article\",\"isPartOf\":{\"@id\":\"https:\\\/\\\/www.musikzeitung.ch\\\/politik\\\/2018\\\/12\\\/new-york-stipendium-kuenftig-in-brooklyn\"},\"author\":{\"name\":\"Musikzeitung-Redaktion\",\"@id\":\"https:\\\/\\\/www.musikzeitung.ch\\\/#\\\/schema\\\/person\\\/b2fd892c800856270b9dcc6001265712\"},\"headline\":\"New-York-Stipendium k\u00fcnftig in Brooklyn\",\"datePublished\":\"2018-12-27T23:00:00+00:00\",\"mainEntityOfPage\":{\"@id\":\"https:\\\/\\\/www.musikzeitung.ch\\\/politik\\\/2018\\\/12\\\/new-york-stipendium-kuenftig-in-brooklyn\"},\"wordCount\":333,\"commentCount\":0,\"publisher\":{\"@id\":\"https:\\\/\\\/www.musikzeitung.ch\\\/#organization\"},\"image\":{\"@id\":\"https:\\\/\\\/www.musikzeitung.ch\\\/politik\\\/2018\\\/12\\\/new-york-stipendium-kuenftig-in-brooklyn#primaryimage\"},\"thumbnailUrl\":\"https:\\\/\\\/www.musikzeitung.ch\\\/wp-content\\\/uploads\\\/2023\\\/01\\\/South_Congregational_Pres_Court_jeh.jpg\",\"articleSection\":[\"Kantone und Gemeinden\",\"Politik\"],\"inLanguage\":\"it-IT\"},{\"@type\":\"WebPage\",\"@id\":\"https:\\\/\\\/www.musikzeitung.ch\\\/politik\\\/2018\\\/12\\\/new-york-stipendium-kuenftig-in-brooklyn\",\"url\":\"https:\\\/\\\/www.musikzeitung.ch\\\/politik\\\/2018\\\/12\\\/new-york-stipendium-kuenftig-in-brooklyn\",\"name\":\"New-York-Stipendium k\u00fcnftig in Brooklyn - Schweizer Musikzeitung\",\"isPartOf\":{\"@id\":\"https:\\\/\\\/www.musikzeitung.ch\\\/#website\"},\"primaryImageOfPage\":{\"@id\":\"https:\\\/\\\/www.musikzeitung.ch\\\/politik\\\/2018\\\/12\\\/new-york-stipendium-kuenftig-in-brooklyn#primaryimage\"},\"image\":{\"@id\":\"https:\\\/\\\/www.musikzeitung.ch\\\/politik\\\/2018\\\/12\\\/new-york-stipendium-kuenftig-in-brooklyn#primaryimage\"},\"thumbnailUrl\":\"https:\\\/\\\/www.musikzeitung.ch\\\/wp-content\\\/uploads\\\/2023\\\/01\\\/South_Congregational_Pres_Court_jeh.jpg\",\"datePublished\":\"2018-12-27T23:00:00+00:00\",\"breadcrumb\":{\"@id\":\"https:\\\/\\\/www.musikzeitung.ch\\\/politik\\\/2018\\\/12\\\/new-york-stipendium-kuenftig-in-brooklyn#breadcrumb\"},\"inLanguage\":\"it-IT\",\"potentialAction\":[{\"@type\":\"ReadAction\",\"target\":[\"https:\\\/\\\/www.musikzeitung.ch\\\/politik\\\/2018\\\/12\\\/new-york-stipendium-kuenftig-in-brooklyn\"]}]},{\"@type\":\"ImageObject\",\"inLanguage\":\"it-IT\",\"@id\":\"https:\\\/\\\/www.musikzeitung.ch\\\/politik\\\/2018\\\/12\\\/new-york-stipendium-kuenftig-in-brooklyn#primaryimage\",\"url\":\"https:\\\/\\\/www.musikzeitung.ch\\\/wp-content\\\/uploads\\\/2023\\\/01\\\/South_Congregational_Pres_Court_jeh.jpg\",\"contentUrl\":\"https:\\\/\\\/www.musikzeitung.ch\\\/wp-content\\\/uploads\\\/2023\\\/01\\\/South_Congregational_Pres_Court_jeh.jpg\",\"width\":554,\"height\":400},{\"@type\":\"BreadcrumbList\",\"@id\":\"https:\\\/\\\/www.musikzeitung.ch\\\/politik\\\/2018\\\/12\\\/new-york-stipendium-kuenftig-in-brooklyn#breadcrumb\",\"itemListElement\":[{\"@type\":\"ListItem\",\"position\":1,\"name\":\"Home\",\"item\":\"https:\\\/\\\/www.musikzeitung.ch\\\/\"},{\"@type\":\"ListItem\",\"position\":2,\"name\":\"New-York-Stipendium k\u00fcnftig in Brooklyn\"}]},{\"@type\":\"WebSite\",\"@id\":\"https:\\\/\\\/www.musikzeitung.ch\\\/#website\",\"url\":\"https:\\\/\\\/www.musikzeitung.ch\\\/\",\"name\":\"Schweizer Musikzeitung\",\"description\":\"Die f\u00fchrende sparten\u00fcbergreifende Monatszeitung in der Schweiz f\u00fcr musikalische Fragen.\",\"publisher\":{\"@id\":\"https:\\\/\\\/www.musikzeitung.ch\\\/#organization\"},\"potentialAction\":[{\"@type\":\"SearchAction\",\"target\":{\"@type\":\"EntryPoint\",\"urlTemplate\":\"https:\\\/\\\/www.musikzeitung.ch\\\/?s={search_term_string}\"},\"query-input\":{\"@type\":\"PropertyValueSpecification\",\"valueRequired\":true,\"valueName\":\"search_term_string\"}}],\"inLanguage\":\"it-IT\"},{\"@type\":\"Organization\",\"@id\":\"https:\\\/\\\/www.musikzeitung.ch\\\/#organization\",\"name\":\"Schweizer Musikzeitung\",\"url\":\"https:\\\/\\\/www.musikzeitung.ch\\\/\",\"logo\":{\"@type\":\"ImageObject\",\"inLanguage\":\"it-IT\",\"@id\":\"https:\\\/\\\/www.musikzeitung.ch\\\/#\\\/schema\\\/logo\\\/image\\\/\",\"url\":\"https:\\\/\\\/www.musikzeitung.ch\\\/wp-content\\\/uploads\\\/2023\\\/01\\\/SMZ_Schriftzug_Sprache.png\",\"contentUrl\":\"https:\\\/\\\/www.musikzeitung.ch\\\/wp-content\\\/uploads\\\/2023\\\/01\\\/SMZ_Schriftzug_Sprache.png\",\"width\":1400,\"height\":279,\"caption\":\"Schweizer Musikzeitung\"},\"image\":{\"@id\":\"https:\\\/\\\/www.musikzeitung.ch\\\/#\\\/schema\\\/logo\\\/image\\\/\"},\"sameAs\":[\"https:\\\/\\\/www.facebook.com\\\/SchweizerMusikzeitung\\\/\",\"https:\\\/\\\/x.com\\\/smusikzeitung\",\"https:\\\/\\\/www.instagram.com\\\/musikzeitung.ch\\\/\"]},{\"@type\":\"Person\",\"@id\":\"https:\\\/\\\/www.musikzeitung.ch\\\/#\\\/schema\\\/person\\\/b2fd892c800856270b9dcc6001265712\",\"name\":\"Musikzeitung-Redaktion\",\"image\":{\"@type\":\"ImageObject\",\"inLanguage\":\"it-IT\",\"@id\":\"https:\\\/\\\/www.musikzeitung.ch\\\/wp-content\\\/uploads\\\/2022\\\/05\\\/usericon_musikzeitung-96x96.jpg\",\"url\":\"https:\\\/\\\/www.musikzeitung.ch\\\/wp-content\\\/uploads\\\/2022\\\/05\\\/usericon_musikzeitung-96x96.jpg\",\"contentUrl\":\"https:\\\/\\\/www.musikzeitung.ch\\\/wp-content\\\/uploads\\\/2022\\\/05\\\/usericon_musikzeitung-96x96.jpg\",\"caption\":\"Musikzeitung-Redaktion\"},\"url\":\"https:\\\/\\\/www.musikzeitung.ch\\\/it\\\/author\\\/admin\"}]}<\/script>\n<!-- \/ Yoast SEO plugin. -->","yoast_head_json":{"title":"New-York-Stipendium k\u00fcnftig in Brooklyn - Schweizer Musikzeitung","robots":{"index":"index","follow":"follow","max-snippet":"max-snippet:-1","max-image-preview":"max-image-preview:large","max-video-preview":"max-video-preview:-1"},"canonical":"https:\/\/www.musikzeitung.ch\/it\/politik\/2018\/12\/new-york-stipendium-kuenftig-in-brooklyn\/","og_locale":"it_IT","og_type":"article","og_title":"New-York-Stipendium k\u00fcnftig in Brooklyn - Schweizer Musikzeitung","og_description":"Nach einer unerwarteten K\u00fcndigung der bisherigen Gastateliers in New York haben der Kanton und die Stadt Bern gemeinsam eine neue L\u00f6sung gefunden, um weiterhin Stipendien f\u00fcr Kulturschaffende auszuschreiben: Neu arbeiten sie mit Residency Unlimited zusammen.","og_url":"https:\/\/www.musikzeitung.ch\/it\/politik\/2018\/12\/new-york-stipendium-kuenftig-in-brooklyn\/","og_site_name":"Schweizer Musikzeitung","article_publisher":"https:\/\/www.facebook.com\/SchweizerMusikzeitung\/","article_published_time":"2018-12-27T23:00:00+00:00","og_image":[{"width":554,"height":400,"url":"https:\/\/www.musikzeitung.ch\/wp-content\/uploads\/2023\/01\/South_Congregational_Pres_Court_jeh.jpg","type":"image\/jpeg"}],"author":"Musikzeitung-Redaktion","twitter_card":"summary_large_image","twitter_creator":"@smusikzeitung","twitter_site":"@smusikzeitung","twitter_misc":{"Scritto da":"Musikzeitung-Redaktion","Tempo di lettura stimato":"2 minuti"},"schema":{"@context":"https:\/\/schema.org","@graph":[{"@type":"Article","@id":"https:\/\/www.musikzeitung.ch\/politik\/2018\/12\/new-york-stipendium-kuenftig-in-brooklyn#article","isPartOf":{"@id":"https:\/\/www.musikzeitung.ch\/politik\/2018\/12\/new-york-stipendium-kuenftig-in-brooklyn"},"author":{"name":"Musikzeitung-Redaktion","@id":"https:\/\/www.musikzeitung.ch\/#\/schema\/person\/b2fd892c800856270b9dcc6001265712"},"headline":"New-York-Stipendium k\u00fcnftig in Brooklyn","datePublished":"2018-12-27T23:00:00+00:00","mainEntityOfPage":{"@id":"https:\/\/www.musikzeitung.ch\/politik\/2018\/12\/new-york-stipendium-kuenftig-in-brooklyn"},"wordCount":333,"commentCount":0,"publisher":{"@id":"https:\/\/www.musikzeitung.ch\/#organization"},"image":{"@id":"https:\/\/www.musikzeitung.ch\/politik\/2018\/12\/new-york-stipendium-kuenftig-in-brooklyn#primaryimage"},"thumbnailUrl":"https:\/\/www.musikzeitung.ch\/wp-content\/uploads\/2023\/01\/South_Congregational_Pres_Court_jeh.jpg","articleSection":["Kantone und Gemeinden","Politik"],"inLanguage":"it-IT"},{"@type":"WebPage","@id":"https:\/\/www.musikzeitung.ch\/politik\/2018\/12\/new-york-stipendium-kuenftig-in-brooklyn","url":"https:\/\/www.musikzeitung.ch\/politik\/2018\/12\/new-york-stipendium-kuenftig-in-brooklyn","name":"New-York-Stipendium k\u00fcnftig in Brooklyn - Schweizer Musikzeitung","isPartOf":{"@id":"https:\/\/www.musikzeitung.ch\/#website"},"primaryImageOfPage":{"@id":"https:\/\/www.musikzeitung.ch\/politik\/2018\/12\/new-york-stipendium-kuenftig-in-brooklyn#primaryimage"},"image":{"@id":"https:\/\/www.musikzeitung.ch\/politik\/2018\/12\/new-york-stipendium-kuenftig-in-brooklyn#primaryimage"},"thumbnailUrl":"https:\/\/www.musikzeitung.ch\/wp-content\/uploads\/2023\/01\/South_Congregational_Pres_Court_jeh.jpg","datePublished":"2018-12-27T23:00:00+00:00","breadcrumb":{"@id":"https:\/\/www.musikzeitung.ch\/politik\/2018\/12\/new-york-stipendium-kuenftig-in-brooklyn#breadcrumb"},"inLanguage":"it-IT","potentialAction":[{"@type":"ReadAction","target":["https:\/\/www.musikzeitung.ch\/politik\/2018\/12\/new-york-stipendium-kuenftig-in-brooklyn"]}]},{"@type":"ImageObject","inLanguage":"it-IT","@id":"https:\/\/www.musikzeitung.ch\/politik\/2018\/12\/new-york-stipendium-kuenftig-in-brooklyn#primaryimage","url":"https:\/\/www.musikzeitung.ch\/wp-content\/uploads\/2023\/01\/South_Congregational_Pres_Court_jeh.jpg","contentUrl":"https:\/\/www.musikzeitung.ch\/wp-content\/uploads\/2023\/01\/South_Congregational_Pres_Court_jeh.jpg","width":554,"height":400},{"@type":"BreadcrumbList","@id":"https:\/\/www.musikzeitung.ch\/politik\/2018\/12\/new-york-stipendium-kuenftig-in-brooklyn#breadcrumb","itemListElement":[{"@type":"ListItem","position":1,"name":"Home","item":"https:\/\/www.musikzeitung.ch\/"},{"@type":"ListItem","position":2,"name":"New-York-Stipendium k\u00fcnftig in Brooklyn"}]},{"@type":"WebSite","@id":"https:\/\/www.musikzeitung.ch\/#website","url":"https:\/\/www.musikzeitung.ch\/","name":"Giornale musicale svizzero","description":"Il principale mensile interdisciplinare della Svizzera per le questioni musicali.","publisher":{"@id":"https:\/\/www.musikzeitung.ch\/#organization"},"potentialAction":[{"@type":"SearchAction","target":{"@type":"EntryPoint","urlTemplate":"https:\/\/www.musikzeitung.ch\/?s={search_term_string}"},"query-input":{"@type":"PropertyValueSpecification","valueRequired":true,"valueName":"search_term_string"}}],"inLanguage":"it-IT"},{"@type":"Organization","@id":"https:\/\/www.musikzeitung.ch\/#organization","name":"Giornale musicale svizzero","url":"https:\/\/www.musikzeitung.ch\/","logo":{"@type":"ImageObject","inLanguage":"it-IT","@id":"https:\/\/www.musikzeitung.ch\/#\/schema\/logo\/image\/","url":"https:\/\/www.musikzeitung.ch\/wp-content\/uploads\/2023\/01\/SMZ_Schriftzug_Sprache.png","contentUrl":"https:\/\/www.musikzeitung.ch\/wp-content\/uploads\/2023\/01\/SMZ_Schriftzug_Sprache.png","width":1400,"height":279,"caption":"Schweizer Musikzeitung"},"image":{"@id":"https:\/\/www.musikzeitung.ch\/#\/schema\/logo\/image\/"},"sameAs":["https:\/\/www.facebook.com\/SchweizerMusikzeitung\/","https:\/\/x.com\/smusikzeitung","https:\/\/www.instagram.com\/musikzeitung.ch\/"]},{"@type":"Person","@id":"https:\/\/www.musikzeitung.ch\/#\/schema\/person\/b2fd892c800856270b9dcc6001265712","name":"Redazione Musikzeitung","image":{"@type":"ImageObject","inLanguage":"it-IT","@id":"https:\/\/www.musikzeitung.ch\/wp-content\/uploads\/2022\/05\/usericon_musikzeitung-96x96.jpg","url":"https:\/\/www.musikzeitung.ch\/wp-content\/uploads\/2022\/05\/usericon_musikzeitung-96x96.jpg","contentUrl":"https:\/\/www.musikzeitung.ch\/wp-content\/uploads\/2022\/05\/usericon_musikzeitung-96x96.jpg","caption":"Musikzeitung-Redaktion"},"url":"https:\/\/www.musikzeitung.ch\/it\/author\/admin"}]}},"publishpress_future_workflow_manual_trigger":{"enabledWorkflows":[]},"_links":{"self":[{"href":"https:\/\/www.musikzeitung.ch\/it\/wp-json\/wp\/v2\/posts\/4942","targetHints":{"allow":["GET"]}}],"collection":[{"href":"https:\/\/www.musikzeitung.ch\/it\/wp-json\/wp\/v2\/posts"}],"about":[{"href":"https:\/\/www.musikzeitung.ch\/it\/wp-json\/wp\/v2\/types\/post"}],"author":[{"embeddable":true,"href":"https:\/\/www.musikzeitung.ch\/it\/wp-json\/wp\/v2\/users\/1"}],"replies":[{"embeddable":true,"href":"https:\/\/www.musikzeitung.ch\/it\/wp-json\/wp\/v2\/comments?post=4942"}],"version-history":[{"count":0,"href":"https:\/\/www.musikzeitung.ch\/it\/wp-json\/wp\/v2\/posts\/4942\/revisions"}],"wp:featuredmedia":[{"embeddable":true,"href":"https:\/\/www.musikzeitung.ch\/it\/wp-json\/wp\/v2\/media\/4943"}],"wp:attachment":[{"href":"https:\/\/www.musikzeitung.ch\/it\/wp-json\/wp\/v2\/media?parent=4942"}],"wp:term":[{"taxonomy":"category","embeddable":true,"href":"https:\/\/www.musikzeitung.ch\/it\/wp-json\/wp\/v2\/categories?post=4942"},{"taxonomy":"post_tag","embeddable":true,"href":"https:\/\/www.musikzeitung.ch\/it\/wp-json\/wp\/v2\/tags?post=4942"}],"curies":[{"name":"wp","href":"https:\/\/api.w.org\/{rel}","templated":true}]}}