{"id":49764,"date":"2023-11-28T07:22:37","date_gmt":"2023-11-28T06:22:37","guid":{"rendered":"https:\/\/www.musikzeitung.ch\/?p=49764"},"modified":"2023-11-28T10:50:08","modified_gmt":"2023-11-28T09:50:08","slug":"foerderpreise-klassik-der-musikschule-konservatorium-zuerich","status":"publish","type":"post","link":"https:\/\/www.musikzeitung.ch\/it\/news\/2023\/11\/foerderpreise-klassik-der-musikschule-konservatorium-zuerich","title":{"rendered":"Premi di musica classica del Conservatorio di Zurigo"},"content":{"rendered":"<figure id=\"attachment_49765\" aria-describedby=\"caption-attachment-49765\" style=\"width: 822px\" class=\"wp-caption aligncenter\"><img loading=\"lazy\" decoding=\"async\" class=\"wp-image-49765\" src=\"https:\/\/www.musikzeitung.ch\/wp-content\/uploads\/2023\/11\/231128mkz.jpg\" alt=\"\" width=\"822\" height=\"459\" srcset=\"https:\/\/www.musikzeitung.ch\/wp-content\/uploads\/2023\/11\/231128mkz.jpg 1325w, https:\/\/www.musikzeitung.ch\/wp-content\/uploads\/2023\/11\/231128mkz-300x168.jpg 300w, https:\/\/www.musikzeitung.ch\/wp-content\/uploads\/2023\/11\/231128mkz-1024x572.jpg 1024w, https:\/\/www.musikzeitung.ch\/wp-content\/uploads\/2023\/11\/231128mkz-768x429.jpg 768w, https:\/\/www.musikzeitung.ch\/wp-content\/uploads\/2023\/11\/231128mkz-313x175.jpg 313w, https:\/\/www.musikzeitung.ch\/wp-content\/uploads\/2023\/11\/231128mkz-627x350.jpg 627w, https:\/\/www.musikzeitung.ch\/wp-content\/uploads\/2023\/11\/231128mkz-920x514.jpg 920w\" sizes=\"auto, (max-width: 822px) 100vw, 822px\" \/><figcaption id=\"caption-attachment-49765\" class=\"wp-caption-text\">Erich Zumstein (a destra), direttore del MKZ e Michael B\u00fchler (a sinistra), vicepresidente della Fondazione Musica e MKZ con i premiati (Foto: MKZ\/Frederic Meyer)<\/figcaption><\/figure>\n<p>Estelle Presler, di Unterseen, nel cantone di Berna, suona il violino dall'et\u00e0 di tre anni. Attualmente prende lezioni di violino alla MKZ con Xiaoming Wang. \u00c8 stata premiata al Concorso svizzero di musica per la giovent\u00f9, dove \u00e8 stata la pi\u00f9 giovane partecipante della sua categoria a vincere il primo premio con lode. Ha vinto il primo premio al \"MKZ F\u00f6rderpreis Klassik\" con la Sonata n. 3 in re minore di Eug\u00e8ne Ysa\u00ffe e il Rondo in do maggiore di Mozart.<\/p>\n<p>Laurin Caprez del Root di Lucerna ha vinto il primo premio alla marimba con un brano di Johann Sebastian Bach e due composizioni moderne di Eric Sammut e Steve Weiss.<\/p>\n<p>Ogni anno, i musicisti di talento della Musikschule Konservatorium Z\u00fcrich (MKZ) partecipano al concorso \"MKZ F\u00f6rderpreis Klassik\". I qualificati per la finale presso il centro musicale Florhofgasse erano dodici.  Il premio \u00e8 stato assegnato in due categorie di et\u00e0, con tre premi in palio per ogni categoria.<\/p>\n<p><strong>Tutti onorati:<\/strong><br \/>\n<a href=\"https:\/\/www.stadt-zuerich.ch\/ssd\/de\/index\/departement_schul_sport\/medien\/medienmitteilungen\/2023\/november\/231127a.html\" target=\"_blank\" rel=\"noopener\">https:\/\/www.stadt-zuerich.ch\/ssd\/de\/index\/departement_schul_sport\/medien\/medienmitteilungen\/2023\/november\/231127a.html<\/a><\/p>","protected":false},"excerpt":{"rendered":"<p>L'undicesimo premio per la promozione della musica classica della Scuola di Musica del Conservatorio di Zurigo va alla violinista Estelle Presler e al percussionista Laurin Caprez.<\/p>","protected":false},"author":30,"featured_media":49765,"comment_status":"closed","ping_status":"closed","sticky":false,"template":"","format":"standard","meta":{"_acf_changed":false,"_relevanssi_hide_post":"","_relevanssi_hide_content":"","_relevanssi_pin_for_all":"","_relevanssi_pin_keywords":"","_relevanssi_unpin_keywords":"","_relevanssi_related_keywords":"","_relevanssi_related_include_ids":"","_relevanssi_related_exclude_ids":"","_relevanssi_related_no_append":"","_relevanssi_related_not_related":"","_relevanssi_related_posts":"","_relevanssi_noindex_reason":"","pgc_sgb_lightbox_settings":"","footnotes":""},"categories":[27],"tags":[3424,3425,3414],"class_list":["post-49764","post","type-post","status-publish","format-standard","has-post-thumbnail","hentry","category-news","tag-estelle-presler","tag-laurin-caprez","tag-musikschule-konservatorium-zuerich"],"acf":[],"yoast_head":"<!-- This site is optimized with the Yoast SEO plugin v27.4 - https:\/\/yoast.com\/product\/yoast-seo-wordpress\/ -->\n<title>F\u00f6rderpreise Klassik der Musikschule Konservatorium Z\u00fcrich - Schweizer Musikzeitung<\/title>\n<meta name=\"description\" content=\"Die elften F\u00f6rderpreise Klassik der Musikschule Konservatorium Z\u00fcrich gehen an die Geigerin Estelle Presler und den Schlagzeuger Laurin Caprez.\" \/>\n<meta name=\"robots\" content=\"index, follow, max-snippet:-1, max-image-preview:large, max-video-preview:-1\" \/>\n<link rel=\"canonical\" href=\"https:\/\/www.musikzeitung.ch\/it\/news\/2023\/11\/foerderpreise-klassik-der-musikschule-konservatorium-zuerich\/\" \/>\n<meta property=\"og:locale\" content=\"it_IT\" \/>\n<meta property=\"og:type\" content=\"article\" \/>\n<meta property=\"og:title\" content=\"F\u00f6rderpreise Klassik der Musikschule Konservatorium Z\u00fcrich - Schweizer Musikzeitung\" \/>\n<meta property=\"og:description\" content=\"Die elften F\u00f6rderpreise Klassik der Musikschule Konservatorium Z\u00fcrich gehen an die Geigerin Estelle Presler und den Schlagzeuger Laurin Caprez.\" \/>\n<meta property=\"og:url\" content=\"https:\/\/www.musikzeitung.ch\/it\/news\/2023\/11\/foerderpreise-klassik-der-musikschule-konservatorium-zuerich\/\" \/>\n<meta property=\"og:site_name\" content=\"Schweizer Musikzeitung\" \/>\n<meta property=\"article:publisher\" content=\"https:\/\/www.facebook.com\/SchweizerMusikzeitung\/\" \/>\n<meta property=\"article:author\" content=\"https:\/\/www.facebook.com\/wolfgang.bohler.75\" \/>\n<meta property=\"article:published_time\" content=\"2023-11-28T06:22:37+00:00\" \/>\n<meta property=\"article:modified_time\" content=\"2023-11-28T09:50:08+00:00\" \/>\n<meta property=\"og:image\" content=\"https:\/\/www.musikzeitung.ch\/wp-content\/uploads\/2023\/11\/231128mkz.jpg\" \/>\n\t<meta property=\"og:image:width\" content=\"1325\" \/>\n\t<meta property=\"og:image:height\" content=\"740\" \/>\n\t<meta property=\"og:image:type\" content=\"image\/jpeg\" \/>\n<meta name=\"author\" content=\"Wolfgang B\u00f6hler\" \/>\n<meta name=\"twitter:card\" content=\"summary_large_image\" \/>\n<meta name=\"twitter:creator\" content=\"@smusikzeitung\" \/>\n<meta name=\"twitter:site\" content=\"@smusikzeitung\" \/>\n<meta name=\"twitter:label1\" content=\"Scritto da\" \/>\n\t<meta name=\"twitter:data1\" content=\"Wolfgang B\u00f6hler\" \/>\n\t<meta name=\"twitter:label2\" content=\"Tempo di lettura stimato\" \/>\n\t<meta name=\"twitter:data2\" content=\"2 minuti\" \/>\n<script type=\"application\/ld+json\" class=\"yoast-schema-graph\">{\"@context\":\"https:\\\/\\\/schema.org\",\"@graph\":[{\"@type\":\"Article\",\"@id\":\"https:\\\/\\\/www.musikzeitung.ch\\\/news\\\/2023\\\/11\\\/foerderpreise-klassik-der-musikschule-konservatorium-zuerich#article\",\"isPartOf\":{\"@id\":\"https:\\\/\\\/www.musikzeitung.ch\\\/news\\\/2023\\\/11\\\/foerderpreise-klassik-der-musikschule-konservatorium-zuerich\"},\"author\":{\"name\":\"Wolfgang B\u00f6hler\",\"@id\":\"https:\\\/\\\/www.musikzeitung.ch\\\/#\\\/schema\\\/person\\\/0da4fb82d243f1252850a35d0e87cf0c\"},\"headline\":\"F\u00f6rderpreise Klassik der Musikschule Konservatorium Z\u00fcrich\",\"datePublished\":\"2023-11-28T06:22:37+00:00\",\"dateModified\":\"2023-11-28T09:50:08+00:00\",\"mainEntityOfPage\":{\"@id\":\"https:\\\/\\\/www.musikzeitung.ch\\\/news\\\/2023\\\/11\\\/foerderpreise-klassik-der-musikschule-konservatorium-zuerich\"},\"wordCount\":205,\"publisher\":{\"@id\":\"https:\\\/\\\/www.musikzeitung.ch\\\/#organization\"},\"image\":{\"@id\":\"https:\\\/\\\/www.musikzeitung.ch\\\/news\\\/2023\\\/11\\\/foerderpreise-klassik-der-musikschule-konservatorium-zuerich#primaryimage\"},\"thumbnailUrl\":\"https:\\\/\\\/www.musikzeitung.ch\\\/wp-content\\\/uploads\\\/2023\\\/11\\\/231128mkz.jpg\",\"keywords\":[\"Estelle Presler\",\"Laurin Caprez\",\"Musikschule Konservatorium Z\u00fcrich\"],\"articleSection\":[\"News\"],\"inLanguage\":\"it-IT\"},{\"@type\":\"WebPage\",\"@id\":\"https:\\\/\\\/www.musikzeitung.ch\\\/news\\\/2023\\\/11\\\/foerderpreise-klassik-der-musikschule-konservatorium-zuerich\",\"url\":\"https:\\\/\\\/www.musikzeitung.ch\\\/news\\\/2023\\\/11\\\/foerderpreise-klassik-der-musikschule-konservatorium-zuerich\",\"name\":\"F\u00f6rderpreise Klassik der Musikschule Konservatorium Z\u00fcrich - Schweizer Musikzeitung\",\"isPartOf\":{\"@id\":\"https:\\\/\\\/www.musikzeitung.ch\\\/#website\"},\"primaryImageOfPage\":{\"@id\":\"https:\\\/\\\/www.musikzeitung.ch\\\/news\\\/2023\\\/11\\\/foerderpreise-klassik-der-musikschule-konservatorium-zuerich#primaryimage\"},\"image\":{\"@id\":\"https:\\\/\\\/www.musikzeitung.ch\\\/news\\\/2023\\\/11\\\/foerderpreise-klassik-der-musikschule-konservatorium-zuerich#primaryimage\"},\"thumbnailUrl\":\"https:\\\/\\\/www.musikzeitung.ch\\\/wp-content\\\/uploads\\\/2023\\\/11\\\/231128mkz.jpg\",\"datePublished\":\"2023-11-28T06:22:37+00:00\",\"dateModified\":\"2023-11-28T09:50:08+00:00\",\"description\":\"Die elften F\u00f6rderpreise Klassik der Musikschule Konservatorium Z\u00fcrich gehen an die Geigerin Estelle Presler und den Schlagzeuger Laurin Caprez.\",\"breadcrumb\":{\"@id\":\"https:\\\/\\\/www.musikzeitung.ch\\\/news\\\/2023\\\/11\\\/foerderpreise-klassik-der-musikschule-konservatorium-zuerich#breadcrumb\"},\"inLanguage\":\"it-IT\",\"potentialAction\":[{\"@type\":\"ReadAction\",\"target\":[\"https:\\\/\\\/www.musikzeitung.ch\\\/news\\\/2023\\\/11\\\/foerderpreise-klassik-der-musikschule-konservatorium-zuerich\"]}]},{\"@type\":\"ImageObject\",\"inLanguage\":\"it-IT\",\"@id\":\"https:\\\/\\\/www.musikzeitung.ch\\\/news\\\/2023\\\/11\\\/foerderpreise-klassik-der-musikschule-konservatorium-zuerich#primaryimage\",\"url\":\"https:\\\/\\\/www.musikzeitung.ch\\\/wp-content\\\/uploads\\\/2023\\\/11\\\/231128mkz.jpg\",\"contentUrl\":\"https:\\\/\\\/www.musikzeitung.ch\\\/wp-content\\\/uploads\\\/2023\\\/11\\\/231128mkz.jpg\",\"width\":1325,\"height\":740,\"caption\":\"F\u00f6rderpreis Klassik Ausgezeichnete, Erich Zumstein, Direktor MKZ sowie Michael B\u00fchler, Vize-Pr\u00e4sident F\u00f6rderstiftung Musik und MKZ, (Bild: MKZ\\\/Frederic Meyer)\"},{\"@type\":\"BreadcrumbList\",\"@id\":\"https:\\\/\\\/www.musikzeitung.ch\\\/news\\\/2023\\\/11\\\/foerderpreise-klassik-der-musikschule-konservatorium-zuerich#breadcrumb\",\"itemListElement\":[{\"@type\":\"ListItem\",\"position\":1,\"name\":\"Home\",\"item\":\"https:\\\/\\\/www.musikzeitung.ch\\\/\"},{\"@type\":\"ListItem\",\"position\":2,\"name\":\"F\u00f6rderpreise Klassik der Musikschule Konservatorium Z\u00fcrich\"}]},{\"@type\":\"WebSite\",\"@id\":\"https:\\\/\\\/www.musikzeitung.ch\\\/#website\",\"url\":\"https:\\\/\\\/www.musikzeitung.ch\\\/\",\"name\":\"Schweizer Musikzeitung\",\"description\":\"Die f\u00fchrende sparten\u00fcbergreifende Monatszeitung in der Schweiz f\u00fcr musikalische Fragen.\",\"publisher\":{\"@id\":\"https:\\\/\\\/www.musikzeitung.ch\\\/#organization\"},\"potentialAction\":[{\"@type\":\"SearchAction\",\"target\":{\"@type\":\"EntryPoint\",\"urlTemplate\":\"https:\\\/\\\/www.musikzeitung.ch\\\/?s={search_term_string}\"},\"query-input\":{\"@type\":\"PropertyValueSpecification\",\"valueRequired\":true,\"valueName\":\"search_term_string\"}}],\"inLanguage\":\"it-IT\"},{\"@type\":\"Organization\",\"@id\":\"https:\\\/\\\/www.musikzeitung.ch\\\/#organization\",\"name\":\"Schweizer Musikzeitung\",\"url\":\"https:\\\/\\\/www.musikzeitung.ch\\\/\",\"logo\":{\"@type\":\"ImageObject\",\"inLanguage\":\"it-IT\",\"@id\":\"https:\\\/\\\/www.musikzeitung.ch\\\/#\\\/schema\\\/logo\\\/image\\\/\",\"url\":\"https:\\\/\\\/www.musikzeitung.ch\\\/wp-content\\\/uploads\\\/2023\\\/01\\\/SMZ_Schriftzug_Sprache.png\",\"contentUrl\":\"https:\\\/\\\/www.musikzeitung.ch\\\/wp-content\\\/uploads\\\/2023\\\/01\\\/SMZ_Schriftzug_Sprache.png\",\"width\":1400,\"height\":279,\"caption\":\"Schweizer Musikzeitung\"},\"image\":{\"@id\":\"https:\\\/\\\/www.musikzeitung.ch\\\/#\\\/schema\\\/logo\\\/image\\\/\"},\"sameAs\":[\"https:\\\/\\\/www.facebook.com\\\/SchweizerMusikzeitung\\\/\",\"https:\\\/\\\/x.com\\\/smusikzeitung\",\"https:\\\/\\\/www.instagram.com\\\/musikzeitung.ch\\\/\"]},{\"@type\":\"Person\",\"@id\":\"https:\\\/\\\/www.musikzeitung.ch\\\/#\\\/schema\\\/person\\\/0da4fb82d243f1252850a35d0e87cf0c\",\"name\":\"Wolfgang B\u00f6hler\",\"image\":{\"@type\":\"ImageObject\",\"inLanguage\":\"it-IT\",\"@id\":\"https:\\\/\\\/www.musikzeitung.ch\\\/wp-content\\\/uploads\\\/2023\\\/01\\\/boehler_portraet_web-e1674139782246-96x96.jpg\",\"url\":\"https:\\\/\\\/www.musikzeitung.ch\\\/wp-content\\\/uploads\\\/2023\\\/01\\\/boehler_portraet_web-e1674139782246-96x96.jpg\",\"contentUrl\":\"https:\\\/\\\/www.musikzeitung.ch\\\/wp-content\\\/uploads\\\/2023\\\/01\\\/boehler_portraet_web-e1674139782246-96x96.jpg\",\"caption\":\"Wolfgang B\u00f6hler\"},\"sameAs\":[\"http:\\\/\\\/www.manacanto.ch\",\"https:\\\/\\\/www.facebook.com\\\/wolfgang.bohler.75\"],\"url\":\"https:\\\/\\\/www.musikzeitung.ch\\\/it\\\/author\\\/wolfgang-boehler\"}]}<\/script>\n<!-- \/ Yoast SEO plugin. -->","yoast_head_json":{"title":"F\u00f6rderpreise Klassik der Musikschule Konservatorium Z\u00fcrich - Schweizer Musikzeitung","description":"L'undicesimo premio per la promozione della musica classica della Scuola di Musica del Conservatorio di Zurigo va alla violinista Estelle Presler e al percussionista Laurin Caprez.","robots":{"index":"index","follow":"follow","max-snippet":"max-snippet:-1","max-image-preview":"max-image-preview:large","max-video-preview":"max-video-preview:-1"},"canonical":"https:\/\/www.musikzeitung.ch\/it\/news\/2023\/11\/foerderpreise-klassik-der-musikschule-konservatorium-zuerich\/","og_locale":"it_IT","og_type":"article","og_title":"F\u00f6rderpreise Klassik der Musikschule Konservatorium Z\u00fcrich - Schweizer Musikzeitung","og_description":"Die elften F\u00f6rderpreise Klassik der Musikschule Konservatorium Z\u00fcrich gehen an die Geigerin Estelle Presler und den Schlagzeuger Laurin Caprez.","og_url":"https:\/\/www.musikzeitung.ch\/it\/news\/2023\/11\/foerderpreise-klassik-der-musikschule-konservatorium-zuerich\/","og_site_name":"Schweizer Musikzeitung","article_publisher":"https:\/\/www.facebook.com\/SchweizerMusikzeitung\/","article_author":"https:\/\/www.facebook.com\/wolfgang.bohler.75","article_published_time":"2023-11-28T06:22:37+00:00","article_modified_time":"2023-11-28T09:50:08+00:00","og_image":[{"width":1325,"height":740,"url":"https:\/\/www.musikzeitung.ch\/wp-content\/uploads\/2023\/11\/231128mkz.jpg","type":"image\/jpeg"}],"author":"Wolfgang B\u00f6hler","twitter_card":"summary_large_image","twitter_creator":"@smusikzeitung","twitter_site":"@smusikzeitung","twitter_misc":{"Scritto da":"Wolfgang B\u00f6hler","Tempo di lettura stimato":"2 minuti"},"schema":{"@context":"https:\/\/schema.org","@graph":[{"@type":"Article","@id":"https:\/\/www.musikzeitung.ch\/news\/2023\/11\/foerderpreise-klassik-der-musikschule-konservatorium-zuerich#article","isPartOf":{"@id":"https:\/\/www.musikzeitung.ch\/news\/2023\/11\/foerderpreise-klassik-der-musikschule-konservatorium-zuerich"},"author":{"name":"Wolfgang B\u00f6hler","@id":"https:\/\/www.musikzeitung.ch\/#\/schema\/person\/0da4fb82d243f1252850a35d0e87cf0c"},"headline":"F\u00f6rderpreise Klassik der Musikschule Konservatorium Z\u00fcrich","datePublished":"2023-11-28T06:22:37+00:00","dateModified":"2023-11-28T09:50:08+00:00","mainEntityOfPage":{"@id":"https:\/\/www.musikzeitung.ch\/news\/2023\/11\/foerderpreise-klassik-der-musikschule-konservatorium-zuerich"},"wordCount":205,"publisher":{"@id":"https:\/\/www.musikzeitung.ch\/#organization"},"image":{"@id":"https:\/\/www.musikzeitung.ch\/news\/2023\/11\/foerderpreise-klassik-der-musikschule-konservatorium-zuerich#primaryimage"},"thumbnailUrl":"https:\/\/www.musikzeitung.ch\/wp-content\/uploads\/2023\/11\/231128mkz.jpg","keywords":["Estelle Presler","Laurin Caprez","Musikschule Konservatorium Z\u00fcrich"],"articleSection":["News"],"inLanguage":"it-IT"},{"@type":"WebPage","@id":"https:\/\/www.musikzeitung.ch\/news\/2023\/11\/foerderpreise-klassik-der-musikschule-konservatorium-zuerich","url":"https:\/\/www.musikzeitung.ch\/news\/2023\/11\/foerderpreise-klassik-der-musikschule-konservatorium-zuerich","name":"F\u00f6rderpreise Klassik der Musikschule Konservatorium Z\u00fcrich - Schweizer Musikzeitung","isPartOf":{"@id":"https:\/\/www.musikzeitung.ch\/#website"},"primaryImageOfPage":{"@id":"https:\/\/www.musikzeitung.ch\/news\/2023\/11\/foerderpreise-klassik-der-musikschule-konservatorium-zuerich#primaryimage"},"image":{"@id":"https:\/\/www.musikzeitung.ch\/news\/2023\/11\/foerderpreise-klassik-der-musikschule-konservatorium-zuerich#primaryimage"},"thumbnailUrl":"https:\/\/www.musikzeitung.ch\/wp-content\/uploads\/2023\/11\/231128mkz.jpg","datePublished":"2023-11-28T06:22:37+00:00","dateModified":"2023-11-28T09:50:08+00:00","description":"L'undicesimo premio per la promozione della musica classica della Scuola di Musica del Conservatorio di Zurigo va alla violinista Estelle Presler e al percussionista Laurin Caprez.","breadcrumb":{"@id":"https:\/\/www.musikzeitung.ch\/news\/2023\/11\/foerderpreise-klassik-der-musikschule-konservatorium-zuerich#breadcrumb"},"inLanguage":"it-IT","potentialAction":[{"@type":"ReadAction","target":["https:\/\/www.musikzeitung.ch\/news\/2023\/11\/foerderpreise-klassik-der-musikschule-konservatorium-zuerich"]}]},{"@type":"ImageObject","inLanguage":"it-IT","@id":"https:\/\/www.musikzeitung.ch\/news\/2023\/11\/foerderpreise-klassik-der-musikschule-konservatorium-zuerich#primaryimage","url":"https:\/\/www.musikzeitung.ch\/wp-content\/uploads\/2023\/11\/231128mkz.jpg","contentUrl":"https:\/\/www.musikzeitung.ch\/wp-content\/uploads\/2023\/11\/231128mkz.jpg","width":1325,"height":740,"caption":"F\u00f6rderpreis Klassik Ausgezeichnete, Erich Zumstein, Direktor MKZ sowie Michael B\u00fchler, Vize-Pr\u00e4sident F\u00f6rderstiftung Musik und MKZ, (Bild: MKZ\/Frederic Meyer)"},{"@type":"BreadcrumbList","@id":"https:\/\/www.musikzeitung.ch\/news\/2023\/11\/foerderpreise-klassik-der-musikschule-konservatorium-zuerich#breadcrumb","itemListElement":[{"@type":"ListItem","position":1,"name":"Home","item":"https:\/\/www.musikzeitung.ch\/"},{"@type":"ListItem","position":2,"name":"F\u00f6rderpreise Klassik der Musikschule Konservatorium Z\u00fcrich"}]},{"@type":"WebSite","@id":"https:\/\/www.musikzeitung.ch\/#website","url":"https:\/\/www.musikzeitung.ch\/","name":"Giornale musicale svizzero","description":"Il principale mensile interdisciplinare della Svizzera per le questioni musicali.","publisher":{"@id":"https:\/\/www.musikzeitung.ch\/#organization"},"potentialAction":[{"@type":"SearchAction","target":{"@type":"EntryPoint","urlTemplate":"https:\/\/www.musikzeitung.ch\/?s={search_term_string}"},"query-input":{"@type":"PropertyValueSpecification","valueRequired":true,"valueName":"search_term_string"}}],"inLanguage":"it-IT"},{"@type":"Organization","@id":"https:\/\/www.musikzeitung.ch\/#organization","name":"Giornale musicale svizzero","url":"https:\/\/www.musikzeitung.ch\/","logo":{"@type":"ImageObject","inLanguage":"it-IT","@id":"https:\/\/www.musikzeitung.ch\/#\/schema\/logo\/image\/","url":"https:\/\/www.musikzeitung.ch\/wp-content\/uploads\/2023\/01\/SMZ_Schriftzug_Sprache.png","contentUrl":"https:\/\/www.musikzeitung.ch\/wp-content\/uploads\/2023\/01\/SMZ_Schriftzug_Sprache.png","width":1400,"height":279,"caption":"Schweizer Musikzeitung"},"image":{"@id":"https:\/\/www.musikzeitung.ch\/#\/schema\/logo\/image\/"},"sameAs":["https:\/\/www.facebook.com\/SchweizerMusikzeitung\/","https:\/\/x.com\/smusikzeitung","https:\/\/www.instagram.com\/musikzeitung.ch\/"]},{"@type":"Person","@id":"https:\/\/www.musikzeitung.ch\/#\/schema\/person\/0da4fb82d243f1252850a35d0e87cf0c","name":"Wolfgang B\u00f6hler","image":{"@type":"ImageObject","inLanguage":"it-IT","@id":"https:\/\/www.musikzeitung.ch\/wp-content\/uploads\/2023\/01\/boehler_portraet_web-e1674139782246-96x96.jpg","url":"https:\/\/www.musikzeitung.ch\/wp-content\/uploads\/2023\/01\/boehler_portraet_web-e1674139782246-96x96.jpg","contentUrl":"https:\/\/www.musikzeitung.ch\/wp-content\/uploads\/2023\/01\/boehler_portraet_web-e1674139782246-96x96.jpg","caption":"Wolfgang B\u00f6hler"},"sameAs":["http:\/\/www.manacanto.ch","https:\/\/www.facebook.com\/wolfgang.bohler.75"],"url":"https:\/\/www.musikzeitung.ch\/it\/author\/wolfgang-boehler"}]}},"publishpress_future_workflow_manual_trigger":{"enabledWorkflows":[]},"_links":{"self":[{"href":"https:\/\/www.musikzeitung.ch\/it\/wp-json\/wp\/v2\/posts\/49764","targetHints":{"allow":["GET"]}}],"collection":[{"href":"https:\/\/www.musikzeitung.ch\/it\/wp-json\/wp\/v2\/posts"}],"about":[{"href":"https:\/\/www.musikzeitung.ch\/it\/wp-json\/wp\/v2\/types\/post"}],"author":[{"embeddable":true,"href":"https:\/\/www.musikzeitung.ch\/it\/wp-json\/wp\/v2\/users\/30"}],"replies":[{"embeddable":true,"href":"https:\/\/www.musikzeitung.ch\/it\/wp-json\/wp\/v2\/comments?post=49764"}],"version-history":[{"count":3,"href":"https:\/\/www.musikzeitung.ch\/it\/wp-json\/wp\/v2\/posts\/49764\/revisions"}],"predecessor-version":[{"id":49790,"href":"https:\/\/www.musikzeitung.ch\/it\/wp-json\/wp\/v2\/posts\/49764\/revisions\/49790"}],"wp:featuredmedia":[{"embeddable":true,"href":"https:\/\/www.musikzeitung.ch\/it\/wp-json\/wp\/v2\/media\/49765"}],"wp:attachment":[{"href":"https:\/\/www.musikzeitung.ch\/it\/wp-json\/wp\/v2\/media?parent=49764"}],"wp:term":[{"taxonomy":"category","embeddable":true,"href":"https:\/\/www.musikzeitung.ch\/it\/wp-json\/wp\/v2\/categories?post=49764"},{"taxonomy":"post_tag","embeddable":true,"href":"https:\/\/www.musikzeitung.ch\/it\/wp-json\/wp\/v2\/tags?post=49764"}],"curies":[{"name":"wp","href":"https:\/\/api.w.org\/{rel}","templated":true}]}}