{"id":50084,"date":"2023-12-01T07:46:34","date_gmt":"2023-12-01T06:46:34","guid":{"rendered":"https:\/\/www.musikzeitung.ch\/?p=50084"},"modified":"2023-12-07T14:45:45","modified_gmt":"2023-12-07T13:45:45","slug":"nemesis-quartet-gewinnt-orpheus-competition","status":"publish","type":"post","link":"https:\/\/www.musikzeitung.ch\/it\/news\/2023\/12\/nemesis-quartet-gewinnt-orpheus-competition","title":{"rendered":"Il Quartetto Nemesis vince il Concorso Orpheus"},"content":{"rendered":"<figure id=\"attachment_50085\" aria-describedby=\"caption-attachment-50085\" style=\"width: 602px\" class=\"wp-caption aligncenter\"><img loading=\"lazy\" decoding=\"async\" class=\"wp-image-50085\" src=\"https:\/\/www.musikzeitung.ch\/wp-content\/uploads\/2023\/12\/231201orpheus.jpg\" alt=\"\" width=\"602\" height=\"387\" srcset=\"https:\/\/www.musikzeitung.ch\/wp-content\/uploads\/2023\/12\/231201orpheus.jpg 1266w, https:\/\/www.musikzeitung.ch\/wp-content\/uploads\/2023\/12\/231201orpheus-300x193.jpg 300w, https:\/\/www.musikzeitung.ch\/wp-content\/uploads\/2023\/12\/231201orpheus-1024x658.jpg 1024w, https:\/\/www.musikzeitung.ch\/wp-content\/uploads\/2023\/12\/231201orpheus-768x494.jpg 768w, https:\/\/www.musikzeitung.ch\/wp-content\/uploads\/2023\/12\/231201orpheus-272x175.jpg 272w, https:\/\/www.musikzeitung.ch\/wp-content\/uploads\/2023\/12\/231201orpheus-544x350.jpg 544w, https:\/\/www.musikzeitung.ch\/wp-content\/uploads\/2023\/12\/231201orpheus-1244x800.jpg 1244w, https:\/\/www.musikzeitung.ch\/wp-content\/uploads\/2023\/12\/231201orpheus-920x592.jpg 920w\" sizes=\"auto, (max-width: 602px) 100vw, 602px\" \/><figcaption id=\"caption-attachment-50085\" class=\"wp-caption-text\">Quartetto Nemesis (Foto: Aleksandra Janusz)<\/figcaption><\/figure>\n<p>Secondo un comunicato dell'Universit\u00e0 delle Arti di Zurigo (ZHdK), il quartetto \u00e8 composto dagli studenti della ZHdK Oskar Rzazewski, Wojciech Chalupka e dai due sassofonisti \u0141ukasz Dyczko Mastalerz. Rzazewski sta attualmente studiando sassofono nel Master Specialised Performance, solista con Lars Mlekusch. Wojciech Chalupka ha conseguito il Bachelor of Music con Lars Mlekusch come studente di scambio e attualmente frequenta il programma di Master in Composizione.<\/p>\n<p>Ogni anno, dal 1974, il Concorso svizzero di musica da camera Orpheus ha premiato eccellenti ensemble di musica da camera. Ad oggi sono stati premiati circa 800 vincitori, molti dei quali appartengono oggi all'\u00e9lite svizzera, europea e mondiale.<br \/>\nI concerti dei premiati si svolgono sempre nell'ambito del Festival svizzero di musica da camera di Adelboden. Altri organizzatori includono costantemente gli ensemble vincitori del premio Orpheus nelle loro serie di concerti.<\/p>","protected":false},"excerpt":{"rendered":"<p>Il Quartetto Nemesis, fondato di recente e composto da studenti della ZHdK, \u00e8 uno dei vincitori del Concorso svizzero di musica da camera Orpheus 2023. <\/p>","protected":false},"author":30,"featured_media":50085,"comment_status":"closed","ping_status":"closed","sticky":false,"template":"","format":"standard","meta":{"_acf_changed":false,"_relevanssi_hide_post":"","_relevanssi_hide_content":"","_relevanssi_pin_for_all":"","_relevanssi_pin_keywords":"","_relevanssi_unpin_keywords":"","_relevanssi_related_keywords":"","_relevanssi_related_include_ids":"","_relevanssi_related_exclude_ids":"","_relevanssi_related_no_append":"","_relevanssi_related_not_related":"","_relevanssi_related_posts":"","_relevanssi_noindex_reason":"","pgc_sgb_lightbox_settings":"","footnotes":""},"categories":[27],"tags":[3484,3483],"class_list":["post-50084","post","type-post","status-publish","format-standard","has-post-thumbnail","hentry","category-news","tag-nemesis-quartet","tag-orpheus-swiss-chamber-music-competition"],"acf":[],"yoast_head":"<!-- This site is optimized with the Yoast SEO plugin v27.4 - https:\/\/yoast.com\/product\/yoast-seo-wordpress\/ -->\n<title>Nemesis Quartet gewinnt Orpheus Competition - Schweizer Musikzeitung<\/title>\n<meta name=\"description\" content=\"Das k\u00fcrzlich gegr\u00fcndete Nemesis Quartet mit Studierenden der ZHdK ist Preistr\u00e4ger der Orpheus Swiss Chamber Music Competition 2023.\" \/>\n<meta name=\"robots\" content=\"index, follow, max-snippet:-1, max-image-preview:large, max-video-preview:-1\" \/>\n<link rel=\"canonical\" href=\"https:\/\/www.musikzeitung.ch\/it\/news\/2023\/12\/nemesis-quartet-gewinnt-orpheus-competition\/\" \/>\n<meta property=\"og:locale\" content=\"it_IT\" \/>\n<meta property=\"og:type\" content=\"article\" \/>\n<meta property=\"og:title\" content=\"Nemesis Quartet gewinnt Orpheus Competition - Schweizer Musikzeitung\" \/>\n<meta property=\"og:description\" content=\"Das k\u00fcrzlich gegr\u00fcndete Nemesis Quartet mit Studierenden der ZHdK ist Preistr\u00e4ger der Orpheus Swiss Chamber Music Competition 2023.\" \/>\n<meta property=\"og:url\" content=\"https:\/\/www.musikzeitung.ch\/it\/news\/2023\/12\/nemesis-quartet-gewinnt-orpheus-competition\/\" \/>\n<meta property=\"og:site_name\" content=\"Schweizer Musikzeitung\" \/>\n<meta property=\"article:publisher\" content=\"https:\/\/www.facebook.com\/SchweizerMusikzeitung\/\" \/>\n<meta property=\"article:author\" content=\"https:\/\/www.facebook.com\/wolfgang.bohler.75\" \/>\n<meta property=\"article:published_time\" content=\"2023-12-01T06:46:34+00:00\" \/>\n<meta property=\"article:modified_time\" content=\"2023-12-07T13:45:45+00:00\" \/>\n<meta property=\"og:image\" content=\"https:\/\/www.musikzeitung.ch\/wp-content\/uploads\/2023\/12\/231201orpheus.jpg\" \/>\n\t<meta property=\"og:image:width\" content=\"1266\" \/>\n\t<meta property=\"og:image:height\" content=\"814\" \/>\n\t<meta property=\"og:image:type\" content=\"image\/jpeg\" \/>\n<meta name=\"author\" content=\"Wolfgang B\u00f6hler\" \/>\n<meta name=\"twitter:card\" content=\"summary_large_image\" \/>\n<meta name=\"twitter:creator\" content=\"@smusikzeitung\" \/>\n<meta name=\"twitter:site\" content=\"@smusikzeitung\" \/>\n<meta name=\"twitter:label1\" content=\"Scritto da\" \/>\n\t<meta name=\"twitter:data1\" content=\"Wolfgang B\u00f6hler\" \/>\n\t<meta name=\"twitter:label2\" content=\"Tempo di lettura stimato\" \/>\n\t<meta name=\"twitter:data2\" content=\"1 minuto\" \/>\n<script type=\"application\/ld+json\" class=\"yoast-schema-graph\">{\"@context\":\"https:\\\/\\\/schema.org\",\"@graph\":[{\"@type\":\"Article\",\"@id\":\"https:\\\/\\\/www.musikzeitung.ch\\\/news\\\/2023\\\/12\\\/nemesis-quartet-gewinnt-orpheus-competition#article\",\"isPartOf\":{\"@id\":\"https:\\\/\\\/www.musikzeitung.ch\\\/news\\\/2023\\\/12\\\/nemesis-quartet-gewinnt-orpheus-competition\"},\"author\":{\"name\":\"Wolfgang B\u00f6hler\",\"@id\":\"https:\\\/\\\/www.musikzeitung.ch\\\/#\\\/schema\\\/person\\\/0da4fb82d243f1252850a35d0e87cf0c\"},\"headline\":\"Nemesis Quartet gewinnt Orpheus Competition\",\"datePublished\":\"2023-12-01T06:46:34+00:00\",\"dateModified\":\"2023-12-07T13:45:45+00:00\",\"mainEntityOfPage\":{\"@id\":\"https:\\\/\\\/www.musikzeitung.ch\\\/news\\\/2023\\\/12\\\/nemesis-quartet-gewinnt-orpheus-competition\"},\"wordCount\":132,\"publisher\":{\"@id\":\"https:\\\/\\\/www.musikzeitung.ch\\\/#organization\"},\"image\":{\"@id\":\"https:\\\/\\\/www.musikzeitung.ch\\\/news\\\/2023\\\/12\\\/nemesis-quartet-gewinnt-orpheus-competition#primaryimage\"},\"thumbnailUrl\":\"https:\\\/\\\/www.musikzeitung.ch\\\/wp-content\\\/uploads\\\/2023\\\/12\\\/231201orpheus.jpg\",\"keywords\":[\"Nemesis Quartet\",\"Orpheus Swiss Chamber Music Competition\"],\"articleSection\":[\"News\"],\"inLanguage\":\"it-IT\"},{\"@type\":\"WebPage\",\"@id\":\"https:\\\/\\\/www.musikzeitung.ch\\\/news\\\/2023\\\/12\\\/nemesis-quartet-gewinnt-orpheus-competition\",\"url\":\"https:\\\/\\\/www.musikzeitung.ch\\\/news\\\/2023\\\/12\\\/nemesis-quartet-gewinnt-orpheus-competition\",\"name\":\"Nemesis Quartet gewinnt Orpheus Competition - Schweizer Musikzeitung\",\"isPartOf\":{\"@id\":\"https:\\\/\\\/www.musikzeitung.ch\\\/#website\"},\"primaryImageOfPage\":{\"@id\":\"https:\\\/\\\/www.musikzeitung.ch\\\/news\\\/2023\\\/12\\\/nemesis-quartet-gewinnt-orpheus-competition#primaryimage\"},\"image\":{\"@id\":\"https:\\\/\\\/www.musikzeitung.ch\\\/news\\\/2023\\\/12\\\/nemesis-quartet-gewinnt-orpheus-competition#primaryimage\"},\"thumbnailUrl\":\"https:\\\/\\\/www.musikzeitung.ch\\\/wp-content\\\/uploads\\\/2023\\\/12\\\/231201orpheus.jpg\",\"datePublished\":\"2023-12-01T06:46:34+00:00\",\"dateModified\":\"2023-12-07T13:45:45+00:00\",\"description\":\"Das k\u00fcrzlich gegr\u00fcndete Nemesis Quartet mit Studierenden der ZHdK ist Preistr\u00e4ger der Orpheus Swiss Chamber Music Competition 2023.\",\"breadcrumb\":{\"@id\":\"https:\\\/\\\/www.musikzeitung.ch\\\/news\\\/2023\\\/12\\\/nemesis-quartet-gewinnt-orpheus-competition#breadcrumb\"},\"inLanguage\":\"it-IT\",\"potentialAction\":[{\"@type\":\"ReadAction\",\"target\":[\"https:\\\/\\\/www.musikzeitung.ch\\\/news\\\/2023\\\/12\\\/nemesis-quartet-gewinnt-orpheus-competition\"]}]},{\"@type\":\"ImageObject\",\"inLanguage\":\"it-IT\",\"@id\":\"https:\\\/\\\/www.musikzeitung.ch\\\/news\\\/2023\\\/12\\\/nemesis-quartet-gewinnt-orpheus-competition#primaryimage\",\"url\":\"https:\\\/\\\/www.musikzeitung.ch\\\/wp-content\\\/uploads\\\/2023\\\/12\\\/231201orpheus.jpg\",\"contentUrl\":\"https:\\\/\\\/www.musikzeitung.ch\\\/wp-content\\\/uploads\\\/2023\\\/12\\\/231201orpheus.jpg\",\"width\":1266,\"height\":814,\"caption\":\"Nemesis Quartet (Bild: Aleksandra Janusz)\"},{\"@type\":\"BreadcrumbList\",\"@id\":\"https:\\\/\\\/www.musikzeitung.ch\\\/news\\\/2023\\\/12\\\/nemesis-quartet-gewinnt-orpheus-competition#breadcrumb\",\"itemListElement\":[{\"@type\":\"ListItem\",\"position\":1,\"name\":\"Home\",\"item\":\"https:\\\/\\\/www.musikzeitung.ch\\\/\"},{\"@type\":\"ListItem\",\"position\":2,\"name\":\"Nemesis Quartet gewinnt Orpheus Competition\"}]},{\"@type\":\"WebSite\",\"@id\":\"https:\\\/\\\/www.musikzeitung.ch\\\/#website\",\"url\":\"https:\\\/\\\/www.musikzeitung.ch\\\/\",\"name\":\"Schweizer Musikzeitung\",\"description\":\"Die f\u00fchrende sparten\u00fcbergreifende Monatszeitung in der Schweiz f\u00fcr musikalische Fragen.\",\"publisher\":{\"@id\":\"https:\\\/\\\/www.musikzeitung.ch\\\/#organization\"},\"potentialAction\":[{\"@type\":\"SearchAction\",\"target\":{\"@type\":\"EntryPoint\",\"urlTemplate\":\"https:\\\/\\\/www.musikzeitung.ch\\\/?s={search_term_string}\"},\"query-input\":{\"@type\":\"PropertyValueSpecification\",\"valueRequired\":true,\"valueName\":\"search_term_string\"}}],\"inLanguage\":\"it-IT\"},{\"@type\":\"Organization\",\"@id\":\"https:\\\/\\\/www.musikzeitung.ch\\\/#organization\",\"name\":\"Schweizer Musikzeitung\",\"url\":\"https:\\\/\\\/www.musikzeitung.ch\\\/\",\"logo\":{\"@type\":\"ImageObject\",\"inLanguage\":\"it-IT\",\"@id\":\"https:\\\/\\\/www.musikzeitung.ch\\\/#\\\/schema\\\/logo\\\/image\\\/\",\"url\":\"https:\\\/\\\/www.musikzeitung.ch\\\/wp-content\\\/uploads\\\/2023\\\/01\\\/SMZ_Schriftzug_Sprache.png\",\"contentUrl\":\"https:\\\/\\\/www.musikzeitung.ch\\\/wp-content\\\/uploads\\\/2023\\\/01\\\/SMZ_Schriftzug_Sprache.png\",\"width\":1400,\"height\":279,\"caption\":\"Schweizer Musikzeitung\"},\"image\":{\"@id\":\"https:\\\/\\\/www.musikzeitung.ch\\\/#\\\/schema\\\/logo\\\/image\\\/\"},\"sameAs\":[\"https:\\\/\\\/www.facebook.com\\\/SchweizerMusikzeitung\\\/\",\"https:\\\/\\\/x.com\\\/smusikzeitung\",\"https:\\\/\\\/www.instagram.com\\\/musikzeitung.ch\\\/\"]},{\"@type\":\"Person\",\"@id\":\"https:\\\/\\\/www.musikzeitung.ch\\\/#\\\/schema\\\/person\\\/0da4fb82d243f1252850a35d0e87cf0c\",\"name\":\"Wolfgang B\u00f6hler\",\"image\":{\"@type\":\"ImageObject\",\"inLanguage\":\"it-IT\",\"@id\":\"https:\\\/\\\/www.musikzeitung.ch\\\/wp-content\\\/uploads\\\/2023\\\/01\\\/boehler_portraet_web-e1674139782246-96x96.jpg\",\"url\":\"https:\\\/\\\/www.musikzeitung.ch\\\/wp-content\\\/uploads\\\/2023\\\/01\\\/boehler_portraet_web-e1674139782246-96x96.jpg\",\"contentUrl\":\"https:\\\/\\\/www.musikzeitung.ch\\\/wp-content\\\/uploads\\\/2023\\\/01\\\/boehler_portraet_web-e1674139782246-96x96.jpg\",\"caption\":\"Wolfgang B\u00f6hler\"},\"sameAs\":[\"http:\\\/\\\/www.manacanto.ch\",\"https:\\\/\\\/www.facebook.com\\\/wolfgang.bohler.75\"],\"url\":\"https:\\\/\\\/www.musikzeitung.ch\\\/it\\\/author\\\/wolfgang-boehler\"}]}<\/script>\n<!-- \/ Yoast SEO plugin. -->","yoast_head_json":{"title":"Nemesis Quartet gewinnt Orpheus Competition - Schweizer Musikzeitung","description":"Il Quartetto Nemesis, fondato di recente e composto da studenti della ZHdK, \u00e8 uno dei vincitori del Concorso svizzero di musica da camera Orpheus 2023.","robots":{"index":"index","follow":"follow","max-snippet":"max-snippet:-1","max-image-preview":"max-image-preview:large","max-video-preview":"max-video-preview:-1"},"canonical":"https:\/\/www.musikzeitung.ch\/it\/news\/2023\/12\/nemesis-quartet-gewinnt-orpheus-competition\/","og_locale":"it_IT","og_type":"article","og_title":"Nemesis Quartet gewinnt Orpheus Competition - Schweizer Musikzeitung","og_description":"Das k\u00fcrzlich gegr\u00fcndete Nemesis Quartet mit Studierenden der ZHdK ist Preistr\u00e4ger der Orpheus Swiss Chamber Music Competition 2023.","og_url":"https:\/\/www.musikzeitung.ch\/it\/news\/2023\/12\/nemesis-quartet-gewinnt-orpheus-competition\/","og_site_name":"Schweizer Musikzeitung","article_publisher":"https:\/\/www.facebook.com\/SchweizerMusikzeitung\/","article_author":"https:\/\/www.facebook.com\/wolfgang.bohler.75","article_published_time":"2023-12-01T06:46:34+00:00","article_modified_time":"2023-12-07T13:45:45+00:00","og_image":[{"width":1266,"height":814,"url":"https:\/\/www.musikzeitung.ch\/wp-content\/uploads\/2023\/12\/231201orpheus.jpg","type":"image\/jpeg"}],"author":"Wolfgang B\u00f6hler","twitter_card":"summary_large_image","twitter_creator":"@smusikzeitung","twitter_site":"@smusikzeitung","twitter_misc":{"Scritto da":"Wolfgang B\u00f6hler","Tempo di lettura stimato":"1 minuto"},"schema":{"@context":"https:\/\/schema.org","@graph":[{"@type":"Article","@id":"https:\/\/www.musikzeitung.ch\/news\/2023\/12\/nemesis-quartet-gewinnt-orpheus-competition#article","isPartOf":{"@id":"https:\/\/www.musikzeitung.ch\/news\/2023\/12\/nemesis-quartet-gewinnt-orpheus-competition"},"author":{"name":"Wolfgang B\u00f6hler","@id":"https:\/\/www.musikzeitung.ch\/#\/schema\/person\/0da4fb82d243f1252850a35d0e87cf0c"},"headline":"Nemesis Quartet gewinnt Orpheus Competition","datePublished":"2023-12-01T06:46:34+00:00","dateModified":"2023-12-07T13:45:45+00:00","mainEntityOfPage":{"@id":"https:\/\/www.musikzeitung.ch\/news\/2023\/12\/nemesis-quartet-gewinnt-orpheus-competition"},"wordCount":132,"publisher":{"@id":"https:\/\/www.musikzeitung.ch\/#organization"},"image":{"@id":"https:\/\/www.musikzeitung.ch\/news\/2023\/12\/nemesis-quartet-gewinnt-orpheus-competition#primaryimage"},"thumbnailUrl":"https:\/\/www.musikzeitung.ch\/wp-content\/uploads\/2023\/12\/231201orpheus.jpg","keywords":["Nemesis Quartet","Orpheus Swiss Chamber Music Competition"],"articleSection":["News"],"inLanguage":"it-IT"},{"@type":"WebPage","@id":"https:\/\/www.musikzeitung.ch\/news\/2023\/12\/nemesis-quartet-gewinnt-orpheus-competition","url":"https:\/\/www.musikzeitung.ch\/news\/2023\/12\/nemesis-quartet-gewinnt-orpheus-competition","name":"Nemesis Quartet gewinnt Orpheus Competition - Schweizer Musikzeitung","isPartOf":{"@id":"https:\/\/www.musikzeitung.ch\/#website"},"primaryImageOfPage":{"@id":"https:\/\/www.musikzeitung.ch\/news\/2023\/12\/nemesis-quartet-gewinnt-orpheus-competition#primaryimage"},"image":{"@id":"https:\/\/www.musikzeitung.ch\/news\/2023\/12\/nemesis-quartet-gewinnt-orpheus-competition#primaryimage"},"thumbnailUrl":"https:\/\/www.musikzeitung.ch\/wp-content\/uploads\/2023\/12\/231201orpheus.jpg","datePublished":"2023-12-01T06:46:34+00:00","dateModified":"2023-12-07T13:45:45+00:00","description":"Il Quartetto Nemesis, fondato di recente e composto da studenti della ZHdK, \u00e8 uno dei vincitori del Concorso svizzero di musica da camera Orpheus 2023.","breadcrumb":{"@id":"https:\/\/www.musikzeitung.ch\/news\/2023\/12\/nemesis-quartet-gewinnt-orpheus-competition#breadcrumb"},"inLanguage":"it-IT","potentialAction":[{"@type":"ReadAction","target":["https:\/\/www.musikzeitung.ch\/news\/2023\/12\/nemesis-quartet-gewinnt-orpheus-competition"]}]},{"@type":"ImageObject","inLanguage":"it-IT","@id":"https:\/\/www.musikzeitung.ch\/news\/2023\/12\/nemesis-quartet-gewinnt-orpheus-competition#primaryimage","url":"https:\/\/www.musikzeitung.ch\/wp-content\/uploads\/2023\/12\/231201orpheus.jpg","contentUrl":"https:\/\/www.musikzeitung.ch\/wp-content\/uploads\/2023\/12\/231201orpheus.jpg","width":1266,"height":814,"caption":"Nemesis Quartet (Bild: Aleksandra Janusz)"},{"@type":"BreadcrumbList","@id":"https:\/\/www.musikzeitung.ch\/news\/2023\/12\/nemesis-quartet-gewinnt-orpheus-competition#breadcrumb","itemListElement":[{"@type":"ListItem","position":1,"name":"Home","item":"https:\/\/www.musikzeitung.ch\/"},{"@type":"ListItem","position":2,"name":"Nemesis Quartet gewinnt Orpheus Competition"}]},{"@type":"WebSite","@id":"https:\/\/www.musikzeitung.ch\/#website","url":"https:\/\/www.musikzeitung.ch\/","name":"Giornale musicale svizzero","description":"Il principale mensile interdisciplinare della Svizzera per le questioni musicali.","publisher":{"@id":"https:\/\/www.musikzeitung.ch\/#organization"},"potentialAction":[{"@type":"SearchAction","target":{"@type":"EntryPoint","urlTemplate":"https:\/\/www.musikzeitung.ch\/?s={search_term_string}"},"query-input":{"@type":"PropertyValueSpecification","valueRequired":true,"valueName":"search_term_string"}}],"inLanguage":"it-IT"},{"@type":"Organization","@id":"https:\/\/www.musikzeitung.ch\/#organization","name":"Giornale musicale svizzero","url":"https:\/\/www.musikzeitung.ch\/","logo":{"@type":"ImageObject","inLanguage":"it-IT","@id":"https:\/\/www.musikzeitung.ch\/#\/schema\/logo\/image\/","url":"https:\/\/www.musikzeitung.ch\/wp-content\/uploads\/2023\/01\/SMZ_Schriftzug_Sprache.png","contentUrl":"https:\/\/www.musikzeitung.ch\/wp-content\/uploads\/2023\/01\/SMZ_Schriftzug_Sprache.png","width":1400,"height":279,"caption":"Schweizer Musikzeitung"},"image":{"@id":"https:\/\/www.musikzeitung.ch\/#\/schema\/logo\/image\/"},"sameAs":["https:\/\/www.facebook.com\/SchweizerMusikzeitung\/","https:\/\/x.com\/smusikzeitung","https:\/\/www.instagram.com\/musikzeitung.ch\/"]},{"@type":"Person","@id":"https:\/\/www.musikzeitung.ch\/#\/schema\/person\/0da4fb82d243f1252850a35d0e87cf0c","name":"Wolfgang B\u00f6hler","image":{"@type":"ImageObject","inLanguage":"it-IT","@id":"https:\/\/www.musikzeitung.ch\/wp-content\/uploads\/2023\/01\/boehler_portraet_web-e1674139782246-96x96.jpg","url":"https:\/\/www.musikzeitung.ch\/wp-content\/uploads\/2023\/01\/boehler_portraet_web-e1674139782246-96x96.jpg","contentUrl":"https:\/\/www.musikzeitung.ch\/wp-content\/uploads\/2023\/01\/boehler_portraet_web-e1674139782246-96x96.jpg","caption":"Wolfgang B\u00f6hler"},"sameAs":["http:\/\/www.manacanto.ch","https:\/\/www.facebook.com\/wolfgang.bohler.75"],"url":"https:\/\/www.musikzeitung.ch\/it\/author\/wolfgang-boehler"}]}},"publishpress_future_workflow_manual_trigger":{"enabledWorkflows":[]},"_links":{"self":[{"href":"https:\/\/www.musikzeitung.ch\/it\/wp-json\/wp\/v2\/posts\/50084","targetHints":{"allow":["GET"]}}],"collection":[{"href":"https:\/\/www.musikzeitung.ch\/it\/wp-json\/wp\/v2\/posts"}],"about":[{"href":"https:\/\/www.musikzeitung.ch\/it\/wp-json\/wp\/v2\/types\/post"}],"author":[{"embeddable":true,"href":"https:\/\/www.musikzeitung.ch\/it\/wp-json\/wp\/v2\/users\/30"}],"replies":[{"embeddable":true,"href":"https:\/\/www.musikzeitung.ch\/it\/wp-json\/wp\/v2\/comments?post=50084"}],"version-history":[{"count":1,"href":"https:\/\/www.musikzeitung.ch\/it\/wp-json\/wp\/v2\/posts\/50084\/revisions"}],"predecessor-version":[{"id":50086,"href":"https:\/\/www.musikzeitung.ch\/it\/wp-json\/wp\/v2\/posts\/50084\/revisions\/50086"}],"wp:featuredmedia":[{"embeddable":true,"href":"https:\/\/www.musikzeitung.ch\/it\/wp-json\/wp\/v2\/media\/50085"}],"wp:attachment":[{"href":"https:\/\/www.musikzeitung.ch\/it\/wp-json\/wp\/v2\/media?parent=50084"}],"wp:term":[{"taxonomy":"category","embeddable":true,"href":"https:\/\/www.musikzeitung.ch\/it\/wp-json\/wp\/v2\/categories?post=50084"},{"taxonomy":"post_tag","embeddable":true,"href":"https:\/\/www.musikzeitung.ch\/it\/wp-json\/wp\/v2\/tags?post=50084"}],"curies":[{"name":"wp","href":"https:\/\/api.w.org\/{rel}","templated":true}]}}