{"id":5014,"date":"2018-05-30T00:00:00","date_gmt":"2018-05-29T23:00:00","guid":{"rendered":"https:\/\/www.musikzeitung.ch\/allgemein\/appenzell-ausserrhoden-foerdert-kulturprojekte\/"},"modified":"2018-05-30T00:00:00","modified_gmt":"2018-05-29T23:00:00","slug":"appenzell-ausserrhoden-foerdert-kulturprojekte","status":"publish","type":"post","link":"https:\/\/www.musikzeitung.ch\/it\/politik\/2018\/05\/appenzell-ausserrhoden-foerdert-kulturprojekte","title":{"rendered":"Appenzell Ausserrhoden promuove i progetti culturali"},"content":{"rendered":"<figure style=\"width: 1200px\" class=\"wp-caption alignnone\"><img decoding=\"async\" class=\"size-full\" src=\"https:\/\/www.musikzeitung.ch\/wp-content\/uploads\/2023\/01\/ltr.jpg\" alt=\"\" \/><figcaption class=\"wp-caption-text\">Trogener Landsgemeindeplatz. Foto: Joachim Kohler, Brema. WikimediaCommons<\/figcaption><\/figure>\n<div class='text-section'>\n<p>Secondo il comunicato stampa del Cantone, il teatro all'aperto affronta un tema sociale rilevante nel corso dei secoli - la ricerca della felicit\u00e0 individuale e collettiva - e lo collega alla ristrutturazione attualmente prevista della piazza del paese. Il progetto sar\u00e0 realizzato da artisti professionisti con il coinvolgimento di circa 70 dilettanti, tra cui un coro.<\/p>\n<p>Su raccomandazione del suo Consiglio culturale, il Consiglio governativo di Appenzello Esterno ha assegnato un finanziamento a cinque domande nell'ambito della prima tranche di finanziamento del 2018. Gli altri quattro progetti finanziati includono il film documentario \"Pl\u00f6tzlich Heimweh\" di Yu Hao, che tratta il processo di integrazione attraverso la telecamera di una donna cinese giunta per la prima volta in Svizzera nel 2002.<\/p>\n<p>Il progetto teatrale \"Ap\u00e9ro riche\" del gruppo teatrale Varain riguarda le forme di impegno individuale e sociale. Lo spettacolo \u00e8 legato allo sciopero nazionale del 1918 e mira a scoprire in cosa si impegnano le persone oggi. La trilogia interdisciplinare e autobiografica \"Ryf\" di Michael Finger riguarda un processo di sviluppo personale. Per accompagnare la pi\u00e8ce teatrale \u00e8 in fase di produzione un album, per il quale il regista sta scrivendo i testi e componendo le musiche. La quinta sovvenzione va al progetto letterario Schulhausromane.<\/p>\n<p>Inoltre, il Dipartimento dell'educazione e della cultura ha concesso un totale di 54.600 franchi svizzeri per 33 domande tra la fine di ottobre 2017 e febbraio 2018.<\/p>\n<\/div>","protected":false},"excerpt":{"rendered":"<p><strong>Appenzell Ausserrhoden cofinanzia un teatro all'aperto intitolato \"Das gl\u00fcckselige Leben\" (La vita beata), che sar\u00e0 rappresentato sulla piazza del villaggio di Trogen nell'autunno 2019 con la partecipazione di un coro amatoriale. Si tratta di uno dei cinque progetti che beneficeranno del finanziamento cantonale.<\/strong><\/p>","protected":false},"author":1,"featured_media":5015,"comment_status":"open","ping_status":"open","sticky":false,"template":"","format":"standard","meta":{"_acf_changed":false,"_relevanssi_hide_post":"","_relevanssi_hide_content":"","_relevanssi_pin_for_all":"","_relevanssi_pin_keywords":"","_relevanssi_unpin_keywords":"","_relevanssi_related_keywords":"","_relevanssi_related_include_ids":"","_relevanssi_related_exclude_ids":"","_relevanssi_related_no_append":"","_relevanssi_related_not_related":"","_relevanssi_related_posts":"","_relevanssi_noindex_reason":"","pgc_sgb_lightbox_settings":"","footnotes":""},"categories":[1081,767],"tags":[],"class_list":["post-5014","post","type-post","status-publish","format-standard","has-post-thumbnail","hentry","category-kantone-und-gemeinden","category-politik"],"acf":[],"yoast_head":"<!-- This site is optimized with the Yoast SEO plugin v27.5 - https:\/\/yoast.com\/product\/yoast-seo-wordpress\/ -->\n<title>Appenzell Ausserrhoden f\u00f6rdert Kulturprojekte - Schweizer Musikzeitung<\/title>\n<meta name=\"robots\" content=\"index, follow, max-snippet:-1, max-image-preview:large, max-video-preview:-1\" \/>\n<link rel=\"canonical\" href=\"https:\/\/www.musikzeitung.ch\/it\/politik\/2018\/05\/appenzell-ausserrhoden-foerdert-kulturprojekte\/\" \/>\n<meta property=\"og:locale\" content=\"it_IT\" \/>\n<meta property=\"og:type\" content=\"article\" \/>\n<meta property=\"og:title\" content=\"Appenzell Ausserrhoden f\u00f6rdert Kulturprojekte - Schweizer Musikzeitung\" \/>\n<meta property=\"og:description\" content=\"Ein Freilufttheater mit dem Titel \u00abDas gl\u00fcckselige Leben\u00bb, das im Herbst 2019 unter Mitwirkung eines Laienchores auf dem Dorfplatz in Trogen aufgef\u00fchrt werden soll, wird von Appenzell Ausserrhoden mitfinanziert. Es ist eines von f\u00fcnf Projekten, das von F\u00f6rdergeldern des Kantons profitiert.\" \/>\n<meta property=\"og:url\" content=\"https:\/\/www.musikzeitung.ch\/it\/politik\/2018\/05\/appenzell-ausserrhoden-foerdert-kulturprojekte\/\" \/>\n<meta property=\"og:site_name\" content=\"Schweizer Musikzeitung\" \/>\n<meta property=\"article:publisher\" content=\"https:\/\/www.facebook.com\/SchweizerMusikzeitung\/\" \/>\n<meta property=\"article:published_time\" content=\"2018-05-29T23:00:00+00:00\" \/>\n<meta property=\"og:image\" content=\"https:\/\/www.musikzeitung.ch\/wp-content\/uploads\/2023\/01\/ltr.jpg\" \/>\n\t<meta property=\"og:image:width\" content=\"554\" \/>\n\t<meta property=\"og:image:height\" content=\"368\" \/>\n\t<meta property=\"og:image:type\" content=\"image\/jpeg\" \/>\n<meta name=\"author\" content=\"Musikzeitung-Redaktion\" \/>\n<meta name=\"twitter:card\" content=\"summary_large_image\" \/>\n<meta name=\"twitter:creator\" content=\"@smusikzeitung\" \/>\n<meta name=\"twitter:site\" content=\"@smusikzeitung\" \/>\n<meta name=\"twitter:label1\" content=\"Scritto da\" \/>\n\t<meta name=\"twitter:data1\" content=\"Musikzeitung-Redaktion\" \/>\n\t<meta name=\"twitter:label2\" content=\"Tempo di lettura stimato\" \/>\n\t<meta name=\"twitter:data2\" content=\"1 minuto\" \/>\n<script type=\"application\/ld+json\" class=\"yoast-schema-graph\">{\"@context\":\"https:\\\/\\\/schema.org\",\"@graph\":[{\"@type\":\"Article\",\"@id\":\"https:\\\/\\\/www.musikzeitung.ch\\\/politik\\\/2018\\\/05\\\/appenzell-ausserrhoden-foerdert-kulturprojekte#article\",\"isPartOf\":{\"@id\":\"https:\\\/\\\/www.musikzeitung.ch\\\/politik\\\/2018\\\/05\\\/appenzell-ausserrhoden-foerdert-kulturprojekte\"},\"author\":{\"name\":\"Musikzeitung-Redaktion\",\"@id\":\"https:\\\/\\\/www.musikzeitung.ch\\\/#\\\/schema\\\/person\\\/b2fd892c800856270b9dcc6001265712\"},\"headline\":\"Appenzell Ausserrhoden f\u00f6rdert Kulturprojekte\",\"datePublished\":\"2018-05-29T23:00:00+00:00\",\"mainEntityOfPage\":{\"@id\":\"https:\\\/\\\/www.musikzeitung.ch\\\/politik\\\/2018\\\/05\\\/appenzell-ausserrhoden-foerdert-kulturprojekte\"},\"wordCount\":232,\"commentCount\":0,\"publisher\":{\"@id\":\"https:\\\/\\\/www.musikzeitung.ch\\\/#organization\"},\"image\":{\"@id\":\"https:\\\/\\\/www.musikzeitung.ch\\\/politik\\\/2018\\\/05\\\/appenzell-ausserrhoden-foerdert-kulturprojekte#primaryimage\"},\"thumbnailUrl\":\"https:\\\/\\\/www.musikzeitung.ch\\\/wp-content\\\/uploads\\\/2023\\\/01\\\/ltr.jpg\",\"articleSection\":[\"Kantone und Gemeinden\",\"Politik\"],\"inLanguage\":\"it-IT\"},{\"@type\":\"WebPage\",\"@id\":\"https:\\\/\\\/www.musikzeitung.ch\\\/politik\\\/2018\\\/05\\\/appenzell-ausserrhoden-foerdert-kulturprojekte\",\"url\":\"https:\\\/\\\/www.musikzeitung.ch\\\/politik\\\/2018\\\/05\\\/appenzell-ausserrhoden-foerdert-kulturprojekte\",\"name\":\"Appenzell Ausserrhoden f\u00f6rdert Kulturprojekte - Schweizer Musikzeitung\",\"isPartOf\":{\"@id\":\"https:\\\/\\\/www.musikzeitung.ch\\\/#website\"},\"primaryImageOfPage\":{\"@id\":\"https:\\\/\\\/www.musikzeitung.ch\\\/politik\\\/2018\\\/05\\\/appenzell-ausserrhoden-foerdert-kulturprojekte#primaryimage\"},\"image\":{\"@id\":\"https:\\\/\\\/www.musikzeitung.ch\\\/politik\\\/2018\\\/05\\\/appenzell-ausserrhoden-foerdert-kulturprojekte#primaryimage\"},\"thumbnailUrl\":\"https:\\\/\\\/www.musikzeitung.ch\\\/wp-content\\\/uploads\\\/2023\\\/01\\\/ltr.jpg\",\"datePublished\":\"2018-05-29T23:00:00+00:00\",\"breadcrumb\":{\"@id\":\"https:\\\/\\\/www.musikzeitung.ch\\\/politik\\\/2018\\\/05\\\/appenzell-ausserrhoden-foerdert-kulturprojekte#breadcrumb\"},\"inLanguage\":\"it-IT\",\"potentialAction\":[{\"@type\":\"ReadAction\",\"target\":[\"https:\\\/\\\/www.musikzeitung.ch\\\/politik\\\/2018\\\/05\\\/appenzell-ausserrhoden-foerdert-kulturprojekte\"]}]},{\"@type\":\"ImageObject\",\"inLanguage\":\"it-IT\",\"@id\":\"https:\\\/\\\/www.musikzeitung.ch\\\/politik\\\/2018\\\/05\\\/appenzell-ausserrhoden-foerdert-kulturprojekte#primaryimage\",\"url\":\"https:\\\/\\\/www.musikzeitung.ch\\\/wp-content\\\/uploads\\\/2023\\\/01\\\/ltr.jpg\",\"contentUrl\":\"https:\\\/\\\/www.musikzeitung.ch\\\/wp-content\\\/uploads\\\/2023\\\/01\\\/ltr.jpg\",\"width\":554,\"height\":368},{\"@type\":\"BreadcrumbList\",\"@id\":\"https:\\\/\\\/www.musikzeitung.ch\\\/politik\\\/2018\\\/05\\\/appenzell-ausserrhoden-foerdert-kulturprojekte#breadcrumb\",\"itemListElement\":[{\"@type\":\"ListItem\",\"position\":1,\"name\":\"Home\",\"item\":\"https:\\\/\\\/www.musikzeitung.ch\\\/\"},{\"@type\":\"ListItem\",\"position\":2,\"name\":\"Appenzell Ausserrhoden f\u00f6rdert Kulturprojekte\"}]},{\"@type\":\"WebSite\",\"@id\":\"https:\\\/\\\/www.musikzeitung.ch\\\/#website\",\"url\":\"https:\\\/\\\/www.musikzeitung.ch\\\/\",\"name\":\"Schweizer Musikzeitung\",\"description\":\"Die f\u00fchrende sparten\u00fcbergreifende Monatszeitung in der Schweiz f\u00fcr musikalische Fragen.\",\"publisher\":{\"@id\":\"https:\\\/\\\/www.musikzeitung.ch\\\/#organization\"},\"potentialAction\":[{\"@type\":\"SearchAction\",\"target\":{\"@type\":\"EntryPoint\",\"urlTemplate\":\"https:\\\/\\\/www.musikzeitung.ch\\\/?s={search_term_string}\"},\"query-input\":{\"@type\":\"PropertyValueSpecification\",\"valueRequired\":true,\"valueName\":\"search_term_string\"}}],\"inLanguage\":\"it-IT\"},{\"@type\":\"Organization\",\"@id\":\"https:\\\/\\\/www.musikzeitung.ch\\\/#organization\",\"name\":\"Schweizer Musikzeitung\",\"url\":\"https:\\\/\\\/www.musikzeitung.ch\\\/\",\"logo\":{\"@type\":\"ImageObject\",\"inLanguage\":\"it-IT\",\"@id\":\"https:\\\/\\\/www.musikzeitung.ch\\\/#\\\/schema\\\/logo\\\/image\\\/\",\"url\":\"https:\\\/\\\/www.musikzeitung.ch\\\/wp-content\\\/uploads\\\/2023\\\/01\\\/SMZ_Schriftzug_Sprache.png\",\"contentUrl\":\"https:\\\/\\\/www.musikzeitung.ch\\\/wp-content\\\/uploads\\\/2023\\\/01\\\/SMZ_Schriftzug_Sprache.png\",\"width\":1400,\"height\":279,\"caption\":\"Schweizer Musikzeitung\"},\"image\":{\"@id\":\"https:\\\/\\\/www.musikzeitung.ch\\\/#\\\/schema\\\/logo\\\/image\\\/\"},\"sameAs\":[\"https:\\\/\\\/www.facebook.com\\\/SchweizerMusikzeitung\\\/\",\"https:\\\/\\\/x.com\\\/smusikzeitung\",\"https:\\\/\\\/www.instagram.com\\\/musikzeitung.ch\\\/\"]},{\"@type\":\"Person\",\"@id\":\"https:\\\/\\\/www.musikzeitung.ch\\\/#\\\/schema\\\/person\\\/b2fd892c800856270b9dcc6001265712\",\"name\":\"Musikzeitung-Redaktion\",\"image\":{\"@type\":\"ImageObject\",\"inLanguage\":\"it-IT\",\"@id\":\"https:\\\/\\\/www.musikzeitung.ch\\\/wp-content\\\/uploads\\\/2022\\\/05\\\/usericon_musikzeitung-96x96.jpg\",\"url\":\"https:\\\/\\\/www.musikzeitung.ch\\\/wp-content\\\/uploads\\\/2022\\\/05\\\/usericon_musikzeitung-96x96.jpg\",\"contentUrl\":\"https:\\\/\\\/www.musikzeitung.ch\\\/wp-content\\\/uploads\\\/2022\\\/05\\\/usericon_musikzeitung-96x96.jpg\",\"caption\":\"Musikzeitung-Redaktion\"},\"url\":\"https:\\\/\\\/www.musikzeitung.ch\\\/it\\\/author\\\/admin\"}]}<\/script>\n<!-- \/ Yoast SEO plugin. -->","yoast_head_json":{"title":"Appenzell Ausserrhoden f\u00f6rdert Kulturprojekte - Schweizer Musikzeitung","robots":{"index":"index","follow":"follow","max-snippet":"max-snippet:-1","max-image-preview":"max-image-preview:large","max-video-preview":"max-video-preview:-1"},"canonical":"https:\/\/www.musikzeitung.ch\/it\/politik\/2018\/05\/appenzell-ausserrhoden-foerdert-kulturprojekte\/","og_locale":"it_IT","og_type":"article","og_title":"Appenzell Ausserrhoden f\u00f6rdert Kulturprojekte - Schweizer Musikzeitung","og_description":"Ein Freilufttheater mit dem Titel \u00abDas gl\u00fcckselige Leben\u00bb, das im Herbst 2019 unter Mitwirkung eines Laienchores auf dem Dorfplatz in Trogen aufgef\u00fchrt werden soll, wird von Appenzell Ausserrhoden mitfinanziert. Es ist eines von f\u00fcnf Projekten, das von F\u00f6rdergeldern des Kantons profitiert.","og_url":"https:\/\/www.musikzeitung.ch\/it\/politik\/2018\/05\/appenzell-ausserrhoden-foerdert-kulturprojekte\/","og_site_name":"Schweizer Musikzeitung","article_publisher":"https:\/\/www.facebook.com\/SchweizerMusikzeitung\/","article_published_time":"2018-05-29T23:00:00+00:00","og_image":[{"width":554,"height":368,"url":"https:\/\/www.musikzeitung.ch\/wp-content\/uploads\/2023\/01\/ltr.jpg","type":"image\/jpeg"}],"author":"Musikzeitung-Redaktion","twitter_card":"summary_large_image","twitter_creator":"@smusikzeitung","twitter_site":"@smusikzeitung","twitter_misc":{"Scritto da":"Musikzeitung-Redaktion","Tempo di lettura stimato":"1 minuto"},"schema":{"@context":"https:\/\/schema.org","@graph":[{"@type":"Article","@id":"https:\/\/www.musikzeitung.ch\/politik\/2018\/05\/appenzell-ausserrhoden-foerdert-kulturprojekte#article","isPartOf":{"@id":"https:\/\/www.musikzeitung.ch\/politik\/2018\/05\/appenzell-ausserrhoden-foerdert-kulturprojekte"},"author":{"name":"Musikzeitung-Redaktion","@id":"https:\/\/www.musikzeitung.ch\/#\/schema\/person\/b2fd892c800856270b9dcc6001265712"},"headline":"Appenzell Ausserrhoden f\u00f6rdert Kulturprojekte","datePublished":"2018-05-29T23:00:00+00:00","mainEntityOfPage":{"@id":"https:\/\/www.musikzeitung.ch\/politik\/2018\/05\/appenzell-ausserrhoden-foerdert-kulturprojekte"},"wordCount":232,"commentCount":0,"publisher":{"@id":"https:\/\/www.musikzeitung.ch\/#organization"},"image":{"@id":"https:\/\/www.musikzeitung.ch\/politik\/2018\/05\/appenzell-ausserrhoden-foerdert-kulturprojekte#primaryimage"},"thumbnailUrl":"https:\/\/www.musikzeitung.ch\/wp-content\/uploads\/2023\/01\/ltr.jpg","articleSection":["Kantone und Gemeinden","Politik"],"inLanguage":"it-IT"},{"@type":"WebPage","@id":"https:\/\/www.musikzeitung.ch\/politik\/2018\/05\/appenzell-ausserrhoden-foerdert-kulturprojekte","url":"https:\/\/www.musikzeitung.ch\/politik\/2018\/05\/appenzell-ausserrhoden-foerdert-kulturprojekte","name":"Appenzell Ausserrhoden f\u00f6rdert Kulturprojekte - Schweizer Musikzeitung","isPartOf":{"@id":"https:\/\/www.musikzeitung.ch\/#website"},"primaryImageOfPage":{"@id":"https:\/\/www.musikzeitung.ch\/politik\/2018\/05\/appenzell-ausserrhoden-foerdert-kulturprojekte#primaryimage"},"image":{"@id":"https:\/\/www.musikzeitung.ch\/politik\/2018\/05\/appenzell-ausserrhoden-foerdert-kulturprojekte#primaryimage"},"thumbnailUrl":"https:\/\/www.musikzeitung.ch\/wp-content\/uploads\/2023\/01\/ltr.jpg","datePublished":"2018-05-29T23:00:00+00:00","breadcrumb":{"@id":"https:\/\/www.musikzeitung.ch\/politik\/2018\/05\/appenzell-ausserrhoden-foerdert-kulturprojekte#breadcrumb"},"inLanguage":"it-IT","potentialAction":[{"@type":"ReadAction","target":["https:\/\/www.musikzeitung.ch\/politik\/2018\/05\/appenzell-ausserrhoden-foerdert-kulturprojekte"]}]},{"@type":"ImageObject","inLanguage":"it-IT","@id":"https:\/\/www.musikzeitung.ch\/politik\/2018\/05\/appenzell-ausserrhoden-foerdert-kulturprojekte#primaryimage","url":"https:\/\/www.musikzeitung.ch\/wp-content\/uploads\/2023\/01\/ltr.jpg","contentUrl":"https:\/\/www.musikzeitung.ch\/wp-content\/uploads\/2023\/01\/ltr.jpg","width":554,"height":368},{"@type":"BreadcrumbList","@id":"https:\/\/www.musikzeitung.ch\/politik\/2018\/05\/appenzell-ausserrhoden-foerdert-kulturprojekte#breadcrumb","itemListElement":[{"@type":"ListItem","position":1,"name":"Home","item":"https:\/\/www.musikzeitung.ch\/"},{"@type":"ListItem","position":2,"name":"Appenzell Ausserrhoden f\u00f6rdert Kulturprojekte"}]},{"@type":"WebSite","@id":"https:\/\/www.musikzeitung.ch\/#website","url":"https:\/\/www.musikzeitung.ch\/","name":"Giornale musicale svizzero","description":"Il principale mensile interdisciplinare della Svizzera per le questioni musicali.","publisher":{"@id":"https:\/\/www.musikzeitung.ch\/#organization"},"potentialAction":[{"@type":"SearchAction","target":{"@type":"EntryPoint","urlTemplate":"https:\/\/www.musikzeitung.ch\/?s={search_term_string}"},"query-input":{"@type":"PropertyValueSpecification","valueRequired":true,"valueName":"search_term_string"}}],"inLanguage":"it-IT"},{"@type":"Organization","@id":"https:\/\/www.musikzeitung.ch\/#organization","name":"Giornale musicale svizzero","url":"https:\/\/www.musikzeitung.ch\/","logo":{"@type":"ImageObject","inLanguage":"it-IT","@id":"https:\/\/www.musikzeitung.ch\/#\/schema\/logo\/image\/","url":"https:\/\/www.musikzeitung.ch\/wp-content\/uploads\/2023\/01\/SMZ_Schriftzug_Sprache.png","contentUrl":"https:\/\/www.musikzeitung.ch\/wp-content\/uploads\/2023\/01\/SMZ_Schriftzug_Sprache.png","width":1400,"height":279,"caption":"Schweizer Musikzeitung"},"image":{"@id":"https:\/\/www.musikzeitung.ch\/#\/schema\/logo\/image\/"},"sameAs":["https:\/\/www.facebook.com\/SchweizerMusikzeitung\/","https:\/\/x.com\/smusikzeitung","https:\/\/www.instagram.com\/musikzeitung.ch\/"]},{"@type":"Person","@id":"https:\/\/www.musikzeitung.ch\/#\/schema\/person\/b2fd892c800856270b9dcc6001265712","name":"Redazione Musikzeitung","image":{"@type":"ImageObject","inLanguage":"it-IT","@id":"https:\/\/www.musikzeitung.ch\/wp-content\/uploads\/2022\/05\/usericon_musikzeitung-96x96.jpg","url":"https:\/\/www.musikzeitung.ch\/wp-content\/uploads\/2022\/05\/usericon_musikzeitung-96x96.jpg","contentUrl":"https:\/\/www.musikzeitung.ch\/wp-content\/uploads\/2022\/05\/usericon_musikzeitung-96x96.jpg","caption":"Musikzeitung-Redaktion"},"url":"https:\/\/www.musikzeitung.ch\/it\/author\/admin"}]}},"publishpress_future_workflow_manual_trigger":{"enabledWorkflows":[]},"_links":{"self":[{"href":"https:\/\/www.musikzeitung.ch\/it\/wp-json\/wp\/v2\/posts\/5014","targetHints":{"allow":["GET"]}}],"collection":[{"href":"https:\/\/www.musikzeitung.ch\/it\/wp-json\/wp\/v2\/posts"}],"about":[{"href":"https:\/\/www.musikzeitung.ch\/it\/wp-json\/wp\/v2\/types\/post"}],"author":[{"embeddable":true,"href":"https:\/\/www.musikzeitung.ch\/it\/wp-json\/wp\/v2\/users\/1"}],"replies":[{"embeddable":true,"href":"https:\/\/www.musikzeitung.ch\/it\/wp-json\/wp\/v2\/comments?post=5014"}],"version-history":[{"count":0,"href":"https:\/\/www.musikzeitung.ch\/it\/wp-json\/wp\/v2\/posts\/5014\/revisions"}],"wp:featuredmedia":[{"embeddable":true,"href":"https:\/\/www.musikzeitung.ch\/it\/wp-json\/wp\/v2\/media\/5015"}],"wp:attachment":[{"href":"https:\/\/www.musikzeitung.ch\/it\/wp-json\/wp\/v2\/media?parent=5014"}],"wp:term":[{"taxonomy":"category","embeddable":true,"href":"https:\/\/www.musikzeitung.ch\/it\/wp-json\/wp\/v2\/categories?post=5014"},{"taxonomy":"post_tag","embeddable":true,"href":"https:\/\/www.musikzeitung.ch\/it\/wp-json\/wp\/v2\/tags?post=5014"}],"curies":[{"name":"wp","href":"https:\/\/api.w.org\/{rel}","templated":true}]}}