{"id":50168,"date":"2023-12-11T08:04:46","date_gmt":"2023-12-11T07:04:46","guid":{"rendered":"https:\/\/www.musikzeitung.ch\/?p=50168"},"modified":"2023-12-11T16:46:55","modified_gmt":"2023-12-11T15:46:55","slug":"vilem-vlcek-gewinnt-penderecki-cello-competition","status":"publish","type":"post","link":"https:\/\/www.musikzeitung.ch\/it\/news\/2023\/12\/vilem-vlcek-gewinnt-penderecki-cello-competition","title":{"rendered":"Vil\u00e9m Vl\u010dek vince il Concorso Penderecki di violoncello"},"content":{"rendered":"<figure id=\"attachment_50169\" aria-describedby=\"caption-attachment-50169\" style=\"width: 502px\" class=\"wp-caption aligncenter\"><img loading=\"lazy\" decoding=\"async\" class=\"wp-image-50169\" src=\"https:\/\/www.musikzeitung.ch\/wp-content\/uploads\/2023\/12\/231211cello.jpg\" alt=\"\" width=\"502\" height=\"342\" srcset=\"https:\/\/www.musikzeitung.ch\/wp-content\/uploads\/2023\/12\/231211cello.jpg 1202w, https:\/\/www.musikzeitung.ch\/wp-content\/uploads\/2023\/12\/231211cello-300x204.jpg 300w, https:\/\/www.musikzeitung.ch\/wp-content\/uploads\/2023\/12\/231211cello-1024x697.jpg 1024w, https:\/\/www.musikzeitung.ch\/wp-content\/uploads\/2023\/12\/231211cello-768x523.jpg 768w, https:\/\/www.musikzeitung.ch\/wp-content\/uploads\/2023\/12\/231211cello-257x175.jpg 257w, https:\/\/www.musikzeitung.ch\/wp-content\/uploads\/2023\/12\/231211cello-514x350.jpg 514w, https:\/\/www.musikzeitung.ch\/wp-content\/uploads\/2023\/12\/231211cello-1176x800.jpg 1176w, https:\/\/www.musikzeitung.ch\/wp-content\/uploads\/2023\/12\/231211cello-920x626.jpg 920w\" sizes=\"auto, (max-width: 502px) 100vw, 502px\" \/><figcaption id=\"caption-attachment-50169\" class=\"wp-caption-text\">Vil\u00e9m Vl\u010dek (Immagine: Youtube video still Markneukirchen)<\/figcaption><\/figure>\n<p>Vl\u010dek ha ricevuto il premio speciale per la migliore interpretazione del Concerto per viola di Penderecki nella versione per violoncello. Vil\u00e9m ha completato il suo MA SP Soloist nella classe di violoncello di Danjulo Ishizaka presso l'Universit\u00e0 di Musica di Basilea nell'estate del 2023. Nato nella Repubblica Ceca nel 1998, \u00e8 stato borsista del Rahn Kulturfonds nel 2020 e nel 2022 e vincitore del primo premio per violoncello del Rahn Music Prize dopo aver ricevuto numerosi altri riconoscimenti.<\/p>\n<p>Il Concorso Internazionale di Violoncello Krzysztof Penderecki \u00e8 organizzato ogni cinque anni dall'Accademia di Musica Krzysztof Penderecki di Cracovia in occasione delle ricorrenze del compleanno del compositore. La giuria di quest'anno era composta da El\u017cbieta Penderecka (direttore), Zdzis\u0142aw \u0141api\u0144ski, Julius Berger, Anne Gastinel, Liwu Ji, Kangho Lee, Ivan Monighetti, Arto Noras, Csaba Onczay e Amit Peled.<\/p>\n<p>&nbsp;<\/p>\n<p>&nbsp;<\/p>\n<p>&nbsp;<\/p>","protected":false},"excerpt":{"rendered":"<p>Vil\u00e9m Vl\u010dek, laureato all'Universit\u00e0 di Musica di Basilea, ha vinto il primo premio e un premio speciale al Concorso Internazionale Penderecki di Cracovia.<\/p>","protected":false},"author":30,"featured_media":50169,"comment_status":"closed","ping_status":"closed","sticky":false,"template":"","format":"standard","meta":{"_acf_changed":false,"_relevanssi_hide_post":"","_relevanssi_hide_content":"","_relevanssi_pin_for_all":"","_relevanssi_pin_keywords":"","_relevanssi_unpin_keywords":"","_relevanssi_related_keywords":"","_relevanssi_related_include_ids":"","_relevanssi_related_exclude_ids":"","_relevanssi_related_no_append":"","_relevanssi_related_not_related":"","_relevanssi_related_posts":"","_relevanssi_noindex_reason":"","pgc_sgb_lightbox_settings":"","footnotes":""},"categories":[27],"tags":[3498,2467],"class_list":["post-50168","post","type-post","status-publish","format-standard","has-post-thumbnail","hentry","category-news","tag-penderecki-cello-competition","tag-vilem-vlcek"],"acf":[],"yoast_head":"<!-- This site is optimized with the Yoast SEO plugin v27.4 - https:\/\/yoast.com\/product\/yoast-seo-wordpress\/ -->\n<title>Vil\u00e9m Vl\u010dek gewinnt Penderecki Cello Competition - Schweizer Musikzeitung<\/title>\n<meta name=\"description\" content=\"Vil\u00e9m Vl\u010dek, Absolvent der Hochschule f\u00fcr Musik Basel, hat beim Internationalen Penderecki Wettbewerb in Krakau den ersten Preis gewonnen.\" \/>\n<meta name=\"robots\" content=\"index, follow, max-snippet:-1, max-image-preview:large, max-video-preview:-1\" \/>\n<link rel=\"canonical\" href=\"https:\/\/www.musikzeitung.ch\/it\/news\/2023\/12\/vilem-vlcek-gewinnt-penderecki-cello-competition\/\" \/>\n<meta property=\"og:locale\" content=\"it_IT\" \/>\n<meta property=\"og:type\" content=\"article\" \/>\n<meta property=\"og:title\" content=\"Vil\u00e9m Vl\u010dek gewinnt Penderecki Cello Competition - Schweizer Musikzeitung\" \/>\n<meta property=\"og:description\" content=\"Vil\u00e9m Vl\u010dek, Absolvent der Hochschule f\u00fcr Musik Basel, hat beim Internationalen Penderecki Wettbewerb in Krakau den ersten Preis gewonnen.\" \/>\n<meta property=\"og:url\" content=\"https:\/\/www.musikzeitung.ch\/it\/news\/2023\/12\/vilem-vlcek-gewinnt-penderecki-cello-competition\/\" \/>\n<meta property=\"og:site_name\" content=\"Schweizer Musikzeitung\" \/>\n<meta property=\"article:publisher\" content=\"https:\/\/www.facebook.com\/SchweizerMusikzeitung\/\" \/>\n<meta property=\"article:author\" content=\"https:\/\/www.facebook.com\/wolfgang.bohler.75\" \/>\n<meta property=\"article:published_time\" content=\"2023-12-11T07:04:46+00:00\" \/>\n<meta property=\"article:modified_time\" content=\"2023-12-11T15:46:55+00:00\" \/>\n<meta property=\"og:image\" content=\"https:\/\/www.musikzeitung.ch\/wp-content\/uploads\/2023\/12\/231211cello.jpg\" \/>\n\t<meta property=\"og:image:width\" content=\"1202\" \/>\n\t<meta property=\"og:image:height\" content=\"818\" \/>\n\t<meta property=\"og:image:type\" content=\"image\/jpeg\" \/>\n<meta name=\"author\" content=\"Wolfgang B\u00f6hler\" \/>\n<meta name=\"twitter:card\" content=\"summary_large_image\" \/>\n<meta name=\"twitter:creator\" content=\"@smusikzeitung\" \/>\n<meta name=\"twitter:site\" content=\"@smusikzeitung\" \/>\n<meta name=\"twitter:label1\" content=\"Scritto da\" \/>\n\t<meta name=\"twitter:data1\" content=\"Wolfgang B\u00f6hler\" \/>\n\t<meta name=\"twitter:label2\" content=\"Tempo di lettura stimato\" \/>\n\t<meta name=\"twitter:data2\" content=\"1 minuto\" \/>\n<script type=\"application\/ld+json\" class=\"yoast-schema-graph\">{\"@context\":\"https:\\\/\\\/schema.org\",\"@graph\":[{\"@type\":\"Article\",\"@id\":\"https:\\\/\\\/www.musikzeitung.ch\\\/news\\\/2023\\\/12\\\/vilem-vlcek-gewinnt-penderecki-cello-competition#article\",\"isPartOf\":{\"@id\":\"https:\\\/\\\/www.musikzeitung.ch\\\/news\\\/2023\\\/12\\\/vilem-vlcek-gewinnt-penderecki-cello-competition\"},\"author\":{\"name\":\"Wolfgang B\u00f6hler\",\"@id\":\"https:\\\/\\\/www.musikzeitung.ch\\\/#\\\/schema\\\/person\\\/0da4fb82d243f1252850a35d0e87cf0c\"},\"headline\":\"Vil\u00e9m Vl\u010dek gewinnt Penderecki Cello Competition\",\"datePublished\":\"2023-12-11T07:04:46+00:00\",\"dateModified\":\"2023-12-11T15:46:55+00:00\",\"mainEntityOfPage\":{\"@id\":\"https:\\\/\\\/www.musikzeitung.ch\\\/news\\\/2023\\\/12\\\/vilem-vlcek-gewinnt-penderecki-cello-competition\"},\"wordCount\":145,\"publisher\":{\"@id\":\"https:\\\/\\\/www.musikzeitung.ch\\\/#organization\"},\"image\":{\"@id\":\"https:\\\/\\\/www.musikzeitung.ch\\\/news\\\/2023\\\/12\\\/vilem-vlcek-gewinnt-penderecki-cello-competition#primaryimage\"},\"thumbnailUrl\":\"https:\\\/\\\/www.musikzeitung.ch\\\/wp-content\\\/uploads\\\/2023\\\/12\\\/231211cello.jpg\",\"keywords\":[\"Penderecki Cello Competition\",\"Vilem Vlcek\"],\"articleSection\":[\"News\"],\"inLanguage\":\"it-IT\"},{\"@type\":\"WebPage\",\"@id\":\"https:\\\/\\\/www.musikzeitung.ch\\\/news\\\/2023\\\/12\\\/vilem-vlcek-gewinnt-penderecki-cello-competition\",\"url\":\"https:\\\/\\\/www.musikzeitung.ch\\\/news\\\/2023\\\/12\\\/vilem-vlcek-gewinnt-penderecki-cello-competition\",\"name\":\"Vil\u00e9m Vl\u010dek gewinnt Penderecki Cello Competition - Schweizer Musikzeitung\",\"isPartOf\":{\"@id\":\"https:\\\/\\\/www.musikzeitung.ch\\\/#website\"},\"primaryImageOfPage\":{\"@id\":\"https:\\\/\\\/www.musikzeitung.ch\\\/news\\\/2023\\\/12\\\/vilem-vlcek-gewinnt-penderecki-cello-competition#primaryimage\"},\"image\":{\"@id\":\"https:\\\/\\\/www.musikzeitung.ch\\\/news\\\/2023\\\/12\\\/vilem-vlcek-gewinnt-penderecki-cello-competition#primaryimage\"},\"thumbnailUrl\":\"https:\\\/\\\/www.musikzeitung.ch\\\/wp-content\\\/uploads\\\/2023\\\/12\\\/231211cello.jpg\",\"datePublished\":\"2023-12-11T07:04:46+00:00\",\"dateModified\":\"2023-12-11T15:46:55+00:00\",\"description\":\"Vil\u00e9m Vl\u010dek, Absolvent der Hochschule f\u00fcr Musik Basel, hat beim Internationalen Penderecki Wettbewerb in Krakau den ersten Preis gewonnen.\",\"breadcrumb\":{\"@id\":\"https:\\\/\\\/www.musikzeitung.ch\\\/news\\\/2023\\\/12\\\/vilem-vlcek-gewinnt-penderecki-cello-competition#breadcrumb\"},\"inLanguage\":\"it-IT\",\"potentialAction\":[{\"@type\":\"ReadAction\",\"target\":[\"https:\\\/\\\/www.musikzeitung.ch\\\/news\\\/2023\\\/12\\\/vilem-vlcek-gewinnt-penderecki-cello-competition\"]}]},{\"@type\":\"ImageObject\",\"inLanguage\":\"it-IT\",\"@id\":\"https:\\\/\\\/www.musikzeitung.ch\\\/news\\\/2023\\\/12\\\/vilem-vlcek-gewinnt-penderecki-cello-competition#primaryimage\",\"url\":\"https:\\\/\\\/www.musikzeitung.ch\\\/wp-content\\\/uploads\\\/2023\\\/12\\\/231211cello.jpg\",\"contentUrl\":\"https:\\\/\\\/www.musikzeitung.ch\\\/wp-content\\\/uploads\\\/2023\\\/12\\\/231211cello.jpg\",\"width\":1202,\"height\":818,\"caption\":\"Vil\u00e9m Vl\u010dek (Bild: Youtube-Videostill Markneukirchen)\"},{\"@type\":\"BreadcrumbList\",\"@id\":\"https:\\\/\\\/www.musikzeitung.ch\\\/news\\\/2023\\\/12\\\/vilem-vlcek-gewinnt-penderecki-cello-competition#breadcrumb\",\"itemListElement\":[{\"@type\":\"ListItem\",\"position\":1,\"name\":\"Home\",\"item\":\"https:\\\/\\\/www.musikzeitung.ch\\\/\"},{\"@type\":\"ListItem\",\"position\":2,\"name\":\"Vil\u00e9m Vl\u010dek gewinnt Penderecki Cello Competition\"}]},{\"@type\":\"WebSite\",\"@id\":\"https:\\\/\\\/www.musikzeitung.ch\\\/#website\",\"url\":\"https:\\\/\\\/www.musikzeitung.ch\\\/\",\"name\":\"Schweizer Musikzeitung\",\"description\":\"Die f\u00fchrende sparten\u00fcbergreifende Monatszeitung in der Schweiz f\u00fcr musikalische Fragen.\",\"publisher\":{\"@id\":\"https:\\\/\\\/www.musikzeitung.ch\\\/#organization\"},\"potentialAction\":[{\"@type\":\"SearchAction\",\"target\":{\"@type\":\"EntryPoint\",\"urlTemplate\":\"https:\\\/\\\/www.musikzeitung.ch\\\/?s={search_term_string}\"},\"query-input\":{\"@type\":\"PropertyValueSpecification\",\"valueRequired\":true,\"valueName\":\"search_term_string\"}}],\"inLanguage\":\"it-IT\"},{\"@type\":\"Organization\",\"@id\":\"https:\\\/\\\/www.musikzeitung.ch\\\/#organization\",\"name\":\"Schweizer Musikzeitung\",\"url\":\"https:\\\/\\\/www.musikzeitung.ch\\\/\",\"logo\":{\"@type\":\"ImageObject\",\"inLanguage\":\"it-IT\",\"@id\":\"https:\\\/\\\/www.musikzeitung.ch\\\/#\\\/schema\\\/logo\\\/image\\\/\",\"url\":\"https:\\\/\\\/www.musikzeitung.ch\\\/wp-content\\\/uploads\\\/2023\\\/01\\\/SMZ_Schriftzug_Sprache.png\",\"contentUrl\":\"https:\\\/\\\/www.musikzeitung.ch\\\/wp-content\\\/uploads\\\/2023\\\/01\\\/SMZ_Schriftzug_Sprache.png\",\"width\":1400,\"height\":279,\"caption\":\"Schweizer Musikzeitung\"},\"image\":{\"@id\":\"https:\\\/\\\/www.musikzeitung.ch\\\/#\\\/schema\\\/logo\\\/image\\\/\"},\"sameAs\":[\"https:\\\/\\\/www.facebook.com\\\/SchweizerMusikzeitung\\\/\",\"https:\\\/\\\/x.com\\\/smusikzeitung\",\"https:\\\/\\\/www.instagram.com\\\/musikzeitung.ch\\\/\"]},{\"@type\":\"Person\",\"@id\":\"https:\\\/\\\/www.musikzeitung.ch\\\/#\\\/schema\\\/person\\\/0da4fb82d243f1252850a35d0e87cf0c\",\"name\":\"Wolfgang B\u00f6hler\",\"image\":{\"@type\":\"ImageObject\",\"inLanguage\":\"it-IT\",\"@id\":\"https:\\\/\\\/www.musikzeitung.ch\\\/wp-content\\\/uploads\\\/2023\\\/01\\\/boehler_portraet_web-e1674139782246-96x96.jpg\",\"url\":\"https:\\\/\\\/www.musikzeitung.ch\\\/wp-content\\\/uploads\\\/2023\\\/01\\\/boehler_portraet_web-e1674139782246-96x96.jpg\",\"contentUrl\":\"https:\\\/\\\/www.musikzeitung.ch\\\/wp-content\\\/uploads\\\/2023\\\/01\\\/boehler_portraet_web-e1674139782246-96x96.jpg\",\"caption\":\"Wolfgang B\u00f6hler\"},\"sameAs\":[\"http:\\\/\\\/www.manacanto.ch\",\"https:\\\/\\\/www.facebook.com\\\/wolfgang.bohler.75\"],\"url\":\"https:\\\/\\\/www.musikzeitung.ch\\\/it\\\/author\\\/wolfgang-boehler\"}]}<\/script>\n<!-- \/ Yoast SEO plugin. -->","yoast_head_json":{"title":"Vil\u00e9m Vl\u010dek gewinnt Penderecki Cello Competition - Schweizer Musikzeitung","description":"Vil\u00e9m Vl\u010dek, Absolvent der Hochschule f\u00fcr Musik Basel, hat beim Internationalen Penderecki Wettbewerb in Krakau den ersten Preis gewonnen.","robots":{"index":"index","follow":"follow","max-snippet":"max-snippet:-1","max-image-preview":"max-image-preview:large","max-video-preview":"max-video-preview:-1"},"canonical":"https:\/\/www.musikzeitung.ch\/it\/news\/2023\/12\/vilem-vlcek-gewinnt-penderecki-cello-competition\/","og_locale":"it_IT","og_type":"article","og_title":"Vil\u00e9m Vl\u010dek gewinnt Penderecki Cello Competition - Schweizer Musikzeitung","og_description":"Vil\u00e9m Vl\u010dek, Absolvent der Hochschule f\u00fcr Musik Basel, hat beim Internationalen Penderecki Wettbewerb in Krakau den ersten Preis gewonnen.","og_url":"https:\/\/www.musikzeitung.ch\/it\/news\/2023\/12\/vilem-vlcek-gewinnt-penderecki-cello-competition\/","og_site_name":"Schweizer Musikzeitung","article_publisher":"https:\/\/www.facebook.com\/SchweizerMusikzeitung\/","article_author":"https:\/\/www.facebook.com\/wolfgang.bohler.75","article_published_time":"2023-12-11T07:04:46+00:00","article_modified_time":"2023-12-11T15:46:55+00:00","og_image":[{"width":1202,"height":818,"url":"https:\/\/www.musikzeitung.ch\/wp-content\/uploads\/2023\/12\/231211cello.jpg","type":"image\/jpeg"}],"author":"Wolfgang B\u00f6hler","twitter_card":"summary_large_image","twitter_creator":"@smusikzeitung","twitter_site":"@smusikzeitung","twitter_misc":{"Scritto da":"Wolfgang B\u00f6hler","Tempo di lettura stimato":"1 minuto"},"schema":{"@context":"https:\/\/schema.org","@graph":[{"@type":"Article","@id":"https:\/\/www.musikzeitung.ch\/news\/2023\/12\/vilem-vlcek-gewinnt-penderecki-cello-competition#article","isPartOf":{"@id":"https:\/\/www.musikzeitung.ch\/news\/2023\/12\/vilem-vlcek-gewinnt-penderecki-cello-competition"},"author":{"name":"Wolfgang B\u00f6hler","@id":"https:\/\/www.musikzeitung.ch\/#\/schema\/person\/0da4fb82d243f1252850a35d0e87cf0c"},"headline":"Vil\u00e9m Vl\u010dek gewinnt Penderecki Cello Competition","datePublished":"2023-12-11T07:04:46+00:00","dateModified":"2023-12-11T15:46:55+00:00","mainEntityOfPage":{"@id":"https:\/\/www.musikzeitung.ch\/news\/2023\/12\/vilem-vlcek-gewinnt-penderecki-cello-competition"},"wordCount":145,"publisher":{"@id":"https:\/\/www.musikzeitung.ch\/#organization"},"image":{"@id":"https:\/\/www.musikzeitung.ch\/news\/2023\/12\/vilem-vlcek-gewinnt-penderecki-cello-competition#primaryimage"},"thumbnailUrl":"https:\/\/www.musikzeitung.ch\/wp-content\/uploads\/2023\/12\/231211cello.jpg","keywords":["Penderecki Cello Competition","Vilem Vlcek"],"articleSection":["News"],"inLanguage":"it-IT"},{"@type":"WebPage","@id":"https:\/\/www.musikzeitung.ch\/news\/2023\/12\/vilem-vlcek-gewinnt-penderecki-cello-competition","url":"https:\/\/www.musikzeitung.ch\/news\/2023\/12\/vilem-vlcek-gewinnt-penderecki-cello-competition","name":"Vil\u00e9m Vl\u010dek gewinnt Penderecki Cello Competition - Schweizer Musikzeitung","isPartOf":{"@id":"https:\/\/www.musikzeitung.ch\/#website"},"primaryImageOfPage":{"@id":"https:\/\/www.musikzeitung.ch\/news\/2023\/12\/vilem-vlcek-gewinnt-penderecki-cello-competition#primaryimage"},"image":{"@id":"https:\/\/www.musikzeitung.ch\/news\/2023\/12\/vilem-vlcek-gewinnt-penderecki-cello-competition#primaryimage"},"thumbnailUrl":"https:\/\/www.musikzeitung.ch\/wp-content\/uploads\/2023\/12\/231211cello.jpg","datePublished":"2023-12-11T07:04:46+00:00","dateModified":"2023-12-11T15:46:55+00:00","description":"Vil\u00e9m Vl\u010dek, Absolvent der Hochschule f\u00fcr Musik Basel, hat beim Internationalen Penderecki Wettbewerb in Krakau den ersten Preis gewonnen.","breadcrumb":{"@id":"https:\/\/www.musikzeitung.ch\/news\/2023\/12\/vilem-vlcek-gewinnt-penderecki-cello-competition#breadcrumb"},"inLanguage":"it-IT","potentialAction":[{"@type":"ReadAction","target":["https:\/\/www.musikzeitung.ch\/news\/2023\/12\/vilem-vlcek-gewinnt-penderecki-cello-competition"]}]},{"@type":"ImageObject","inLanguage":"it-IT","@id":"https:\/\/www.musikzeitung.ch\/news\/2023\/12\/vilem-vlcek-gewinnt-penderecki-cello-competition#primaryimage","url":"https:\/\/www.musikzeitung.ch\/wp-content\/uploads\/2023\/12\/231211cello.jpg","contentUrl":"https:\/\/www.musikzeitung.ch\/wp-content\/uploads\/2023\/12\/231211cello.jpg","width":1202,"height":818,"caption":"Vil\u00e9m Vl\u010dek (Bild: Youtube-Videostill Markneukirchen)"},{"@type":"BreadcrumbList","@id":"https:\/\/www.musikzeitung.ch\/news\/2023\/12\/vilem-vlcek-gewinnt-penderecki-cello-competition#breadcrumb","itemListElement":[{"@type":"ListItem","position":1,"name":"Home","item":"https:\/\/www.musikzeitung.ch\/"},{"@type":"ListItem","position":2,"name":"Vil\u00e9m Vl\u010dek gewinnt Penderecki Cello Competition"}]},{"@type":"WebSite","@id":"https:\/\/www.musikzeitung.ch\/#website","url":"https:\/\/www.musikzeitung.ch\/","name":"Giornale musicale svizzero","description":"Il principale mensile interdisciplinare della Svizzera per le questioni musicali.","publisher":{"@id":"https:\/\/www.musikzeitung.ch\/#organization"},"potentialAction":[{"@type":"SearchAction","target":{"@type":"EntryPoint","urlTemplate":"https:\/\/www.musikzeitung.ch\/?s={search_term_string}"},"query-input":{"@type":"PropertyValueSpecification","valueRequired":true,"valueName":"search_term_string"}}],"inLanguage":"it-IT"},{"@type":"Organization","@id":"https:\/\/www.musikzeitung.ch\/#organization","name":"Giornale musicale svizzero","url":"https:\/\/www.musikzeitung.ch\/","logo":{"@type":"ImageObject","inLanguage":"it-IT","@id":"https:\/\/www.musikzeitung.ch\/#\/schema\/logo\/image\/","url":"https:\/\/www.musikzeitung.ch\/wp-content\/uploads\/2023\/01\/SMZ_Schriftzug_Sprache.png","contentUrl":"https:\/\/www.musikzeitung.ch\/wp-content\/uploads\/2023\/01\/SMZ_Schriftzug_Sprache.png","width":1400,"height":279,"caption":"Schweizer Musikzeitung"},"image":{"@id":"https:\/\/www.musikzeitung.ch\/#\/schema\/logo\/image\/"},"sameAs":["https:\/\/www.facebook.com\/SchweizerMusikzeitung\/","https:\/\/x.com\/smusikzeitung","https:\/\/www.instagram.com\/musikzeitung.ch\/"]},{"@type":"Person","@id":"https:\/\/www.musikzeitung.ch\/#\/schema\/person\/0da4fb82d243f1252850a35d0e87cf0c","name":"Wolfgang B\u00f6hler","image":{"@type":"ImageObject","inLanguage":"it-IT","@id":"https:\/\/www.musikzeitung.ch\/wp-content\/uploads\/2023\/01\/boehler_portraet_web-e1674139782246-96x96.jpg","url":"https:\/\/www.musikzeitung.ch\/wp-content\/uploads\/2023\/01\/boehler_portraet_web-e1674139782246-96x96.jpg","contentUrl":"https:\/\/www.musikzeitung.ch\/wp-content\/uploads\/2023\/01\/boehler_portraet_web-e1674139782246-96x96.jpg","caption":"Wolfgang B\u00f6hler"},"sameAs":["http:\/\/www.manacanto.ch","https:\/\/www.facebook.com\/wolfgang.bohler.75"],"url":"https:\/\/www.musikzeitung.ch\/it\/author\/wolfgang-boehler"}]}},"publishpress_future_workflow_manual_trigger":{"enabledWorkflows":[]},"_links":{"self":[{"href":"https:\/\/www.musikzeitung.ch\/it\/wp-json\/wp\/v2\/posts\/50168","targetHints":{"allow":["GET"]}}],"collection":[{"href":"https:\/\/www.musikzeitung.ch\/it\/wp-json\/wp\/v2\/posts"}],"about":[{"href":"https:\/\/www.musikzeitung.ch\/it\/wp-json\/wp\/v2\/types\/post"}],"author":[{"embeddable":true,"href":"https:\/\/www.musikzeitung.ch\/it\/wp-json\/wp\/v2\/users\/30"}],"replies":[{"embeddable":true,"href":"https:\/\/www.musikzeitung.ch\/it\/wp-json\/wp\/v2\/comments?post=50168"}],"version-history":[{"count":2,"href":"https:\/\/www.musikzeitung.ch\/it\/wp-json\/wp\/v2\/posts\/50168\/revisions"}],"predecessor-version":[{"id":50171,"href":"https:\/\/www.musikzeitung.ch\/it\/wp-json\/wp\/v2\/posts\/50168\/revisions\/50171"}],"wp:featuredmedia":[{"embeddable":true,"href":"https:\/\/www.musikzeitung.ch\/it\/wp-json\/wp\/v2\/media\/50169"}],"wp:attachment":[{"href":"https:\/\/www.musikzeitung.ch\/it\/wp-json\/wp\/v2\/media?parent=50168"}],"wp:term":[{"taxonomy":"category","embeddable":true,"href":"https:\/\/www.musikzeitung.ch\/it\/wp-json\/wp\/v2\/categories?post=50168"},{"taxonomy":"post_tag","embeddable":true,"href":"https:\/\/www.musikzeitung.ch\/it\/wp-json\/wp\/v2\/tags?post=50168"}],"curies":[{"name":"wp","href":"https:\/\/api.w.org\/{rel}","templated":true}]}}