{"id":5056,"date":"2018-01-18T00:00:00","date_gmt":"2018-01-17T23:00:00","guid":{"rendered":"https:\/\/www.musikzeitung.ch\/allgemein\/aderi-ersetzt-frauchiger\/"},"modified":"2018-01-18T00:00:00","modified_gmt":"2018-01-17T23:00:00","slug":"aderi-ersetzt-frauchiger","status":"publish","type":"post","link":"https:\/\/www.musikzeitung.ch\/it\/politik\/2018\/01\/aderi-ersetzt-frauchiger","title":{"rendered":"Aderi sostituisce Frauchiger"},"content":{"rendered":"<figure style=\"width: 1200px\" class=\"wp-caption alignnone\"><img decoding=\"async\" class=\"size-full\" src=\"https:\/\/www.musikzeitung.ch\/wp-content\/uploads\/2023\/01\/Joana-hohe-aufloesung.jpg\" alt=\"\" \/><figcaption class=\"wp-caption-text\">Joana Maria Aderi. Foto: Mario Heller<\/figcaption><\/figure>\n<div class='text-section'>\n<p>La cantante, produttrice e interprete Aderi lavora nel campo della musica elettronica. Sostituisce Katrin Frauchiger, che \u00e8 stata membro del Comitato musicale dal 2012 al giugno 2017. Aderi \u00e8 cresciuta nella Svizzera centrale. Inizialmente si \u00e8 concentrata sulla musica rinascimentale, ma poi si \u00e8 interessata anche alla musica contemporanea, dall'hip-hop al free jazz e all'elettronica. Nel 2004 ha avviato il suo progetto elettronico sperimentale EIKO. Durante i suoi studi alla Basel Jazz School, ha completato un semestre di scambio in Norvegia, dove ha conseguito un Master of Performance a Trondheim. Aderi \u00e8 tornata in Svizzera nel 2012.<\/p>\n<p>Regina F\u00fcchslin \u00e8 un nuovo membro della Commissione Letteratura. La filologa classica \u00e8 co-direttrice della rivista letteraria \"orte\". Sostituisce Simone Ammann, che si \u00e8 dimessa alla fine del 2017. Dalla partenza di Claudine Metzger alla fine del 2016, la Commissione Arte \u00e8 composta da soli sei membri. Lucie Kolb \u00e8 stata ora eletta come membro aggiuntivo. Kolb insegna all'Universit\u00e0 delle Arti di Zurigo ed \u00e8 co-editore della rivista di critica d'arte \"Brand-New-Life\". <\/p>\n<\/div>","protected":false},"excerpt":{"rendered":"<p><strong>Il Consiglio comunale, organo esecutivo della citt\u00e0, ha eletto i sostituti di tre commissioni di promozione culturale di Berna a partire dal 1\u00b0 gennaio 2018: Ha eletto la cantante Joana Maria Aderi nella Commissione Musica.<\/strong><\/p>","protected":false},"author":1,"featured_media":5057,"comment_status":"open","ping_status":"open","sticky":false,"template":"","format":"standard","meta":{"_acf_changed":false,"_relevanssi_hide_post":"","_relevanssi_hide_content":"","_relevanssi_pin_for_all":"","_relevanssi_pin_keywords":"","_relevanssi_unpin_keywords":"","_relevanssi_related_keywords":"","_relevanssi_related_include_ids":"","_relevanssi_related_exclude_ids":"","_relevanssi_related_no_append":"","_relevanssi_related_not_related":"","_relevanssi_related_posts":"","_relevanssi_noindex_reason":"","pgc_sgb_lightbox_settings":"","footnotes":""},"categories":[1081,767],"tags":[],"class_list":["post-5056","post","type-post","status-publish","format-standard","has-post-thumbnail","hentry","category-kantone-und-gemeinden","category-politik"],"acf":[],"yoast_head":"<!-- This site is optimized with the Yoast SEO plugin v27.5 - https:\/\/yoast.com\/product\/yoast-seo-wordpress\/ -->\n<title>Aderi ersetzt Frauchiger - Schweizer Musikzeitung<\/title>\n<meta name=\"robots\" content=\"index, follow, max-snippet:-1, max-image-preview:large, max-video-preview:-1\" \/>\n<link rel=\"canonical\" href=\"https:\/\/www.musikzeitung.ch\/it\/politik\/2018\/01\/aderi-ersetzt-frauchiger\/\" \/>\n<meta property=\"og:locale\" content=\"it_IT\" \/>\n<meta property=\"og:type\" content=\"article\" \/>\n<meta property=\"og:title\" content=\"Aderi ersetzt Frauchiger - Schweizer Musikzeitung\" \/>\n<meta property=\"og:description\" content=\"Der Gemeinderat, die Exekutive der Stadt, hat per 1. Januar 2018 Ersatzwahlen in drei Kulturf\u00f6rderkommission Berns vorgenommen: In die Musikkommission w\u00e4hlte er die S\u00e4ngerin Joana Maria Aderi.\" \/>\n<meta property=\"og:url\" content=\"https:\/\/www.musikzeitung.ch\/it\/politik\/2018\/01\/aderi-ersetzt-frauchiger\/\" \/>\n<meta property=\"og:site_name\" content=\"Schweizer Musikzeitung\" \/>\n<meta property=\"article:publisher\" content=\"https:\/\/www.facebook.com\/SchweizerMusikzeitung\/\" \/>\n<meta property=\"article:published_time\" content=\"2018-01-17T23:00:00+00:00\" \/>\n<meta property=\"og:image\" content=\"https:\/\/www.musikzeitung.ch\/wp-content\/uploads\/2023\/01\/Joana-hohe-aufloesung.jpg\" \/>\n\t<meta property=\"og:image:width\" content=\"554\" \/>\n\t<meta property=\"og:image:height\" content=\"342\" \/>\n\t<meta property=\"og:image:type\" content=\"image\/jpeg\" \/>\n<meta name=\"author\" content=\"Musikzeitung-Redaktion\" \/>\n<meta name=\"twitter:card\" content=\"summary_large_image\" \/>\n<meta name=\"twitter:creator\" content=\"@smusikzeitung\" \/>\n<meta name=\"twitter:site\" content=\"@smusikzeitung\" \/>\n<meta name=\"twitter:label1\" content=\"Scritto da\" \/>\n\t<meta name=\"twitter:data1\" content=\"Musikzeitung-Redaktion\" \/>\n\t<meta name=\"twitter:label2\" content=\"Tempo di lettura stimato\" \/>\n\t<meta name=\"twitter:data2\" content=\"1 minuto\" \/>\n<script type=\"application\/ld+json\" class=\"yoast-schema-graph\">{\"@context\":\"https:\\\/\\\/schema.org\",\"@graph\":[{\"@type\":\"Article\",\"@id\":\"https:\\\/\\\/www.musikzeitung.ch\\\/politik\\\/2018\\\/01\\\/aderi-ersetzt-frauchiger#article\",\"isPartOf\":{\"@id\":\"https:\\\/\\\/www.musikzeitung.ch\\\/politik\\\/2018\\\/01\\\/aderi-ersetzt-frauchiger\"},\"author\":{\"name\":\"Musikzeitung-Redaktion\",\"@id\":\"https:\\\/\\\/www.musikzeitung.ch\\\/#\\\/schema\\\/person\\\/b2fd892c800856270b9dcc6001265712\"},\"headline\":\"Aderi ersetzt Frauchiger\",\"datePublished\":\"2018-01-17T23:00:00+00:00\",\"mainEntityOfPage\":{\"@id\":\"https:\\\/\\\/www.musikzeitung.ch\\\/politik\\\/2018\\\/01\\\/aderi-ersetzt-frauchiger\"},\"wordCount\":185,\"commentCount\":0,\"publisher\":{\"@id\":\"https:\\\/\\\/www.musikzeitung.ch\\\/#organization\"},\"image\":{\"@id\":\"https:\\\/\\\/www.musikzeitung.ch\\\/politik\\\/2018\\\/01\\\/aderi-ersetzt-frauchiger#primaryimage\"},\"thumbnailUrl\":\"https:\\\/\\\/www.musikzeitung.ch\\\/wp-content\\\/uploads\\\/2023\\\/01\\\/Joana-hohe-aufloesung.jpg\",\"articleSection\":[\"Kantone und Gemeinden\",\"Politik\"],\"inLanguage\":\"it-IT\"},{\"@type\":\"WebPage\",\"@id\":\"https:\\\/\\\/www.musikzeitung.ch\\\/politik\\\/2018\\\/01\\\/aderi-ersetzt-frauchiger\",\"url\":\"https:\\\/\\\/www.musikzeitung.ch\\\/politik\\\/2018\\\/01\\\/aderi-ersetzt-frauchiger\",\"name\":\"Aderi ersetzt Frauchiger - Schweizer Musikzeitung\",\"isPartOf\":{\"@id\":\"https:\\\/\\\/www.musikzeitung.ch\\\/#website\"},\"primaryImageOfPage\":{\"@id\":\"https:\\\/\\\/www.musikzeitung.ch\\\/politik\\\/2018\\\/01\\\/aderi-ersetzt-frauchiger#primaryimage\"},\"image\":{\"@id\":\"https:\\\/\\\/www.musikzeitung.ch\\\/politik\\\/2018\\\/01\\\/aderi-ersetzt-frauchiger#primaryimage\"},\"thumbnailUrl\":\"https:\\\/\\\/www.musikzeitung.ch\\\/wp-content\\\/uploads\\\/2023\\\/01\\\/Joana-hohe-aufloesung.jpg\",\"datePublished\":\"2018-01-17T23:00:00+00:00\",\"breadcrumb\":{\"@id\":\"https:\\\/\\\/www.musikzeitung.ch\\\/politik\\\/2018\\\/01\\\/aderi-ersetzt-frauchiger#breadcrumb\"},\"inLanguage\":\"it-IT\",\"potentialAction\":[{\"@type\":\"ReadAction\",\"target\":[\"https:\\\/\\\/www.musikzeitung.ch\\\/politik\\\/2018\\\/01\\\/aderi-ersetzt-frauchiger\"]}]},{\"@type\":\"ImageObject\",\"inLanguage\":\"it-IT\",\"@id\":\"https:\\\/\\\/www.musikzeitung.ch\\\/politik\\\/2018\\\/01\\\/aderi-ersetzt-frauchiger#primaryimage\",\"url\":\"https:\\\/\\\/www.musikzeitung.ch\\\/wp-content\\\/uploads\\\/2023\\\/01\\\/Joana-hohe-aufloesung.jpg\",\"contentUrl\":\"https:\\\/\\\/www.musikzeitung.ch\\\/wp-content\\\/uploads\\\/2023\\\/01\\\/Joana-hohe-aufloesung.jpg\",\"width\":554,\"height\":342},{\"@type\":\"BreadcrumbList\",\"@id\":\"https:\\\/\\\/www.musikzeitung.ch\\\/politik\\\/2018\\\/01\\\/aderi-ersetzt-frauchiger#breadcrumb\",\"itemListElement\":[{\"@type\":\"ListItem\",\"position\":1,\"name\":\"Home\",\"item\":\"https:\\\/\\\/www.musikzeitung.ch\\\/\"},{\"@type\":\"ListItem\",\"position\":2,\"name\":\"Aderi ersetzt Frauchiger\"}]},{\"@type\":\"WebSite\",\"@id\":\"https:\\\/\\\/www.musikzeitung.ch\\\/#website\",\"url\":\"https:\\\/\\\/www.musikzeitung.ch\\\/\",\"name\":\"Schweizer Musikzeitung\",\"description\":\"Die f\u00fchrende sparten\u00fcbergreifende Monatszeitung in der Schweiz f\u00fcr musikalische Fragen.\",\"publisher\":{\"@id\":\"https:\\\/\\\/www.musikzeitung.ch\\\/#organization\"},\"potentialAction\":[{\"@type\":\"SearchAction\",\"target\":{\"@type\":\"EntryPoint\",\"urlTemplate\":\"https:\\\/\\\/www.musikzeitung.ch\\\/?s={search_term_string}\"},\"query-input\":{\"@type\":\"PropertyValueSpecification\",\"valueRequired\":true,\"valueName\":\"search_term_string\"}}],\"inLanguage\":\"it-IT\"},{\"@type\":\"Organization\",\"@id\":\"https:\\\/\\\/www.musikzeitung.ch\\\/#organization\",\"name\":\"Schweizer Musikzeitung\",\"url\":\"https:\\\/\\\/www.musikzeitung.ch\\\/\",\"logo\":{\"@type\":\"ImageObject\",\"inLanguage\":\"it-IT\",\"@id\":\"https:\\\/\\\/www.musikzeitung.ch\\\/#\\\/schema\\\/logo\\\/image\\\/\",\"url\":\"https:\\\/\\\/www.musikzeitung.ch\\\/wp-content\\\/uploads\\\/2023\\\/01\\\/SMZ_Schriftzug_Sprache.png\",\"contentUrl\":\"https:\\\/\\\/www.musikzeitung.ch\\\/wp-content\\\/uploads\\\/2023\\\/01\\\/SMZ_Schriftzug_Sprache.png\",\"width\":1400,\"height\":279,\"caption\":\"Schweizer Musikzeitung\"},\"image\":{\"@id\":\"https:\\\/\\\/www.musikzeitung.ch\\\/#\\\/schema\\\/logo\\\/image\\\/\"},\"sameAs\":[\"https:\\\/\\\/www.facebook.com\\\/SchweizerMusikzeitung\\\/\",\"https:\\\/\\\/x.com\\\/smusikzeitung\",\"https:\\\/\\\/www.instagram.com\\\/musikzeitung.ch\\\/\"]},{\"@type\":\"Person\",\"@id\":\"https:\\\/\\\/www.musikzeitung.ch\\\/#\\\/schema\\\/person\\\/b2fd892c800856270b9dcc6001265712\",\"name\":\"Musikzeitung-Redaktion\",\"image\":{\"@type\":\"ImageObject\",\"inLanguage\":\"it-IT\",\"@id\":\"https:\\\/\\\/www.musikzeitung.ch\\\/wp-content\\\/uploads\\\/2022\\\/05\\\/usericon_musikzeitung-96x96.jpg\",\"url\":\"https:\\\/\\\/www.musikzeitung.ch\\\/wp-content\\\/uploads\\\/2022\\\/05\\\/usericon_musikzeitung-96x96.jpg\",\"contentUrl\":\"https:\\\/\\\/www.musikzeitung.ch\\\/wp-content\\\/uploads\\\/2022\\\/05\\\/usericon_musikzeitung-96x96.jpg\",\"caption\":\"Musikzeitung-Redaktion\"},\"url\":\"https:\\\/\\\/www.musikzeitung.ch\\\/it\\\/author\\\/admin\"}]}<\/script>\n<!-- \/ Yoast SEO plugin. -->","yoast_head_json":{"title":"Aderi ersetzt Frauchiger - Schweizer Musikzeitung","robots":{"index":"index","follow":"follow","max-snippet":"max-snippet:-1","max-image-preview":"max-image-preview:large","max-video-preview":"max-video-preview:-1"},"canonical":"https:\/\/www.musikzeitung.ch\/it\/politik\/2018\/01\/aderi-ersetzt-frauchiger\/","og_locale":"it_IT","og_type":"article","og_title":"Aderi ersetzt Frauchiger - Schweizer Musikzeitung","og_description":"Der Gemeinderat, die Exekutive der Stadt, hat per 1. Januar 2018 Ersatzwahlen in drei Kulturf\u00f6rderkommission Berns vorgenommen: In die Musikkommission w\u00e4hlte er die S\u00e4ngerin Joana Maria Aderi.","og_url":"https:\/\/www.musikzeitung.ch\/it\/politik\/2018\/01\/aderi-ersetzt-frauchiger\/","og_site_name":"Schweizer Musikzeitung","article_publisher":"https:\/\/www.facebook.com\/SchweizerMusikzeitung\/","article_published_time":"2018-01-17T23:00:00+00:00","og_image":[{"width":554,"height":342,"url":"https:\/\/www.musikzeitung.ch\/wp-content\/uploads\/2023\/01\/Joana-hohe-aufloesung.jpg","type":"image\/jpeg"}],"author":"Musikzeitung-Redaktion","twitter_card":"summary_large_image","twitter_creator":"@smusikzeitung","twitter_site":"@smusikzeitung","twitter_misc":{"Scritto da":"Musikzeitung-Redaktion","Tempo di lettura stimato":"1 minuto"},"schema":{"@context":"https:\/\/schema.org","@graph":[{"@type":"Article","@id":"https:\/\/www.musikzeitung.ch\/politik\/2018\/01\/aderi-ersetzt-frauchiger#article","isPartOf":{"@id":"https:\/\/www.musikzeitung.ch\/politik\/2018\/01\/aderi-ersetzt-frauchiger"},"author":{"name":"Musikzeitung-Redaktion","@id":"https:\/\/www.musikzeitung.ch\/#\/schema\/person\/b2fd892c800856270b9dcc6001265712"},"headline":"Aderi ersetzt Frauchiger","datePublished":"2018-01-17T23:00:00+00:00","mainEntityOfPage":{"@id":"https:\/\/www.musikzeitung.ch\/politik\/2018\/01\/aderi-ersetzt-frauchiger"},"wordCount":185,"commentCount":0,"publisher":{"@id":"https:\/\/www.musikzeitung.ch\/#organization"},"image":{"@id":"https:\/\/www.musikzeitung.ch\/politik\/2018\/01\/aderi-ersetzt-frauchiger#primaryimage"},"thumbnailUrl":"https:\/\/www.musikzeitung.ch\/wp-content\/uploads\/2023\/01\/Joana-hohe-aufloesung.jpg","articleSection":["Kantone und Gemeinden","Politik"],"inLanguage":"it-IT"},{"@type":"WebPage","@id":"https:\/\/www.musikzeitung.ch\/politik\/2018\/01\/aderi-ersetzt-frauchiger","url":"https:\/\/www.musikzeitung.ch\/politik\/2018\/01\/aderi-ersetzt-frauchiger","name":"Aderi ersetzt Frauchiger - Schweizer Musikzeitung","isPartOf":{"@id":"https:\/\/www.musikzeitung.ch\/#website"},"primaryImageOfPage":{"@id":"https:\/\/www.musikzeitung.ch\/politik\/2018\/01\/aderi-ersetzt-frauchiger#primaryimage"},"image":{"@id":"https:\/\/www.musikzeitung.ch\/politik\/2018\/01\/aderi-ersetzt-frauchiger#primaryimage"},"thumbnailUrl":"https:\/\/www.musikzeitung.ch\/wp-content\/uploads\/2023\/01\/Joana-hohe-aufloesung.jpg","datePublished":"2018-01-17T23:00:00+00:00","breadcrumb":{"@id":"https:\/\/www.musikzeitung.ch\/politik\/2018\/01\/aderi-ersetzt-frauchiger#breadcrumb"},"inLanguage":"it-IT","potentialAction":[{"@type":"ReadAction","target":["https:\/\/www.musikzeitung.ch\/politik\/2018\/01\/aderi-ersetzt-frauchiger"]}]},{"@type":"ImageObject","inLanguage":"it-IT","@id":"https:\/\/www.musikzeitung.ch\/politik\/2018\/01\/aderi-ersetzt-frauchiger#primaryimage","url":"https:\/\/www.musikzeitung.ch\/wp-content\/uploads\/2023\/01\/Joana-hohe-aufloesung.jpg","contentUrl":"https:\/\/www.musikzeitung.ch\/wp-content\/uploads\/2023\/01\/Joana-hohe-aufloesung.jpg","width":554,"height":342},{"@type":"BreadcrumbList","@id":"https:\/\/www.musikzeitung.ch\/politik\/2018\/01\/aderi-ersetzt-frauchiger#breadcrumb","itemListElement":[{"@type":"ListItem","position":1,"name":"Home","item":"https:\/\/www.musikzeitung.ch\/"},{"@type":"ListItem","position":2,"name":"Aderi ersetzt Frauchiger"}]},{"@type":"WebSite","@id":"https:\/\/www.musikzeitung.ch\/#website","url":"https:\/\/www.musikzeitung.ch\/","name":"Giornale musicale svizzero","description":"Il principale mensile interdisciplinare della Svizzera per le questioni musicali.","publisher":{"@id":"https:\/\/www.musikzeitung.ch\/#organization"},"potentialAction":[{"@type":"SearchAction","target":{"@type":"EntryPoint","urlTemplate":"https:\/\/www.musikzeitung.ch\/?s={search_term_string}"},"query-input":{"@type":"PropertyValueSpecification","valueRequired":true,"valueName":"search_term_string"}}],"inLanguage":"it-IT"},{"@type":"Organization","@id":"https:\/\/www.musikzeitung.ch\/#organization","name":"Giornale musicale svizzero","url":"https:\/\/www.musikzeitung.ch\/","logo":{"@type":"ImageObject","inLanguage":"it-IT","@id":"https:\/\/www.musikzeitung.ch\/#\/schema\/logo\/image\/","url":"https:\/\/www.musikzeitung.ch\/wp-content\/uploads\/2023\/01\/SMZ_Schriftzug_Sprache.png","contentUrl":"https:\/\/www.musikzeitung.ch\/wp-content\/uploads\/2023\/01\/SMZ_Schriftzug_Sprache.png","width":1400,"height":279,"caption":"Schweizer Musikzeitung"},"image":{"@id":"https:\/\/www.musikzeitung.ch\/#\/schema\/logo\/image\/"},"sameAs":["https:\/\/www.facebook.com\/SchweizerMusikzeitung\/","https:\/\/x.com\/smusikzeitung","https:\/\/www.instagram.com\/musikzeitung.ch\/"]},{"@type":"Person","@id":"https:\/\/www.musikzeitung.ch\/#\/schema\/person\/b2fd892c800856270b9dcc6001265712","name":"Redazione Musikzeitung","image":{"@type":"ImageObject","inLanguage":"it-IT","@id":"https:\/\/www.musikzeitung.ch\/wp-content\/uploads\/2022\/05\/usericon_musikzeitung-96x96.jpg","url":"https:\/\/www.musikzeitung.ch\/wp-content\/uploads\/2022\/05\/usericon_musikzeitung-96x96.jpg","contentUrl":"https:\/\/www.musikzeitung.ch\/wp-content\/uploads\/2022\/05\/usericon_musikzeitung-96x96.jpg","caption":"Musikzeitung-Redaktion"},"url":"https:\/\/www.musikzeitung.ch\/it\/author\/admin"}]}},"publishpress_future_workflow_manual_trigger":{"enabledWorkflows":[]},"_links":{"self":[{"href":"https:\/\/www.musikzeitung.ch\/it\/wp-json\/wp\/v2\/posts\/5056","targetHints":{"allow":["GET"]}}],"collection":[{"href":"https:\/\/www.musikzeitung.ch\/it\/wp-json\/wp\/v2\/posts"}],"about":[{"href":"https:\/\/www.musikzeitung.ch\/it\/wp-json\/wp\/v2\/types\/post"}],"author":[{"embeddable":true,"href":"https:\/\/www.musikzeitung.ch\/it\/wp-json\/wp\/v2\/users\/1"}],"replies":[{"embeddable":true,"href":"https:\/\/www.musikzeitung.ch\/it\/wp-json\/wp\/v2\/comments?post=5056"}],"version-history":[{"count":0,"href":"https:\/\/www.musikzeitung.ch\/it\/wp-json\/wp\/v2\/posts\/5056\/revisions"}],"wp:featuredmedia":[{"embeddable":true,"href":"https:\/\/www.musikzeitung.ch\/it\/wp-json\/wp\/v2\/media\/5057"}],"wp:attachment":[{"href":"https:\/\/www.musikzeitung.ch\/it\/wp-json\/wp\/v2\/media?parent=5056"}],"wp:term":[{"taxonomy":"category","embeddable":true,"href":"https:\/\/www.musikzeitung.ch\/it\/wp-json\/wp\/v2\/categories?post=5056"},{"taxonomy":"post_tag","embeddable":true,"href":"https:\/\/www.musikzeitung.ch\/it\/wp-json\/wp\/v2\/tags?post=5056"}],"curies":[{"name":"wp","href":"https:\/\/api.w.org\/{rel}","templated":true}]}}