{"id":50566,"date":"2024-01-05T12:54:39","date_gmt":"2024-01-05T11:54:39","guid":{"rendered":"https:\/\/www.musikzeitung.ch\/?p=50566"},"modified":"2024-02-28T14:32:17","modified_gmt":"2024-02-28T13:32:17","slug":"kirchschlager-verabschiedet-sich-von-der-opernbuehne","status":"publish","type":"post","link":"https:\/\/www.musikzeitung.ch\/it\/news\/2024\/01\/kirchschlager-verabschiedet-sich-von-der-opernbuehne","title":{"rendered":"Kirchschlager d\u00e0 l'addio al palcoscenico dell'opera"},"content":{"rendered":"<figure id=\"attachment_50567\" aria-describedby=\"caption-attachment-50567\" style=\"width: 641px\" class=\"wp-caption aligncenter\"><img loading=\"lazy\" decoding=\"async\" class=\"wp-image-50567\" src=\"https:\/\/www.musikzeitung.ch\/wp-content\/uploads\/2024\/01\/240105kirchschlager.jpg\" alt=\"\" width=\"641\" height=\"412\" srcset=\"https:\/\/www.musikzeitung.ch\/wp-content\/uploads\/2024\/01\/240105kirchschlager.jpg 941w, https:\/\/www.musikzeitung.ch\/wp-content\/uploads\/2024\/01\/240105kirchschlager-300x193.jpg 300w, https:\/\/www.musikzeitung.ch\/wp-content\/uploads\/2024\/01\/240105kirchschlager-768x494.jpg 768w, https:\/\/www.musikzeitung.ch\/wp-content\/uploads\/2024\/01\/240105kirchschlager-272x175.jpg 272w, https:\/\/www.musikzeitung.ch\/wp-content\/uploads\/2024\/01\/240105kirchschlager-544x350.jpg 544w, https:\/\/www.musikzeitung.ch\/wp-content\/uploads\/2024\/01\/240105kirchschlager-920x591.jpg 920w\" sizes=\"auto, (max-width: 641px) 100vw, 641px\" \/><figcaption id=\"caption-attachment-50567\" class=\"wp-caption-text\">Angelika Kirchschlager (Immagine: Wikimedia Commons\/Manfred Werner)<\/figcaption><\/figure>\n<p>Dopo oltre trent'anni di palcoscenico e una grande carriera internazionale, ha deciso di ritirarsi dalle scene. In futuro, vuole dedicarsi interamente alla sua cattedra di canto, oratorio e concerto presso l'Universit\u00e0 di Musica e Arti dello Spettacolo di Vienna.<\/p>\n<p><em>Sweeney Todd<\/em> al Teatro dell'Opera di Zurigo \u00e8 la sua produzione d'addio. Di questo e del suo ruolo preferito, Ottaviano, della sua passione per il canto e della sua nuova vita, un po' pi\u00f9 tranquilla, a Vienna, parla nel podcast del teatro dell'opera.<\/p>\n<p>Il mezzosoprano ha iniziato la sua formazione musicale al Mozarteum di Salisburgo e ha studiato canto con Walter Berry e Gerhard Kahry all'Universit\u00e0 di Musica e Arti dello Spettacolo di Vienna dal 1984. Nel 2007 \u00e8 stata nominata Kammers\u00e4ngerin dell'Opera di Stato di Vienna e nel 2009 \u00e8 stata nominata membro onorario della Royal Academy of Music di Londra. Dedica particolare attenzione ai lieder e al canto da concerto.<\/p>\n<p><strong>Link al podcast:<\/strong><br \/>\n<a href=\"https:\/\/www.opernhaus.ch\/backstage\/zwischenspiel-ein-podcast-aus-dem-opernhaus-zuerich\/folge-62\/\" target=\"_blank\" rel=\"noopener\">https:\/\/www.opernhaus.ch\/backstage\/zwischenspiel-ein-podcast-aus-dem-opernhaus-zuerich\/folge-62\/<\/a><\/p>","protected":false},"excerpt":{"rendered":"<p>Il mezzosoprano Angelika Kirchschlager si congeda dal teatro dell'Opera di Zurigo con un podcast. <\/p>","protected":false},"author":30,"featured_media":50567,"comment_status":"closed","ping_status":"closed","sticky":false,"template":"","format":"standard","meta":{"_acf_changed":false,"_relevanssi_hide_post":"","_relevanssi_hide_content":"","_relevanssi_pin_for_all":"","_relevanssi_pin_keywords":"","_relevanssi_unpin_keywords":"","_relevanssi_related_keywords":"","_relevanssi_related_include_ids":"","_relevanssi_related_exclude_ids":"","_relevanssi_related_no_append":"","_relevanssi_related_not_related":"","_relevanssi_related_posts":"","_relevanssi_noindex_reason":"","pgc_sgb_lightbox_settings":"","footnotes":""},"categories":[27,1624],"tags":[2408],"class_list":["post-50566","post","type-post","status-publish","format-standard","has-post-thumbnail","hentry","category-news","category-personen","tag-angelika-kirchschlager"],"acf":[],"yoast_head":"<!-- This site is optimized with the Yoast SEO plugin v27.4 - https:\/\/yoast.com\/product\/yoast-seo-wordpress\/ -->\n<title>Kirchschlager verabschiedet sich von der Opernb\u00fchne - Schweizer Musikzeitung<\/title>\n<meta name=\"description\" content=\"Die Mezzosopranistin Angelika Kirchschlager nutzt einen Podcast des Z\u00fcrcher Opernhauses, um sich von der B\u00fchne zu verabschieden.\" \/>\n<meta name=\"robots\" content=\"index, follow, max-snippet:-1, max-image-preview:large, max-video-preview:-1\" \/>\n<link rel=\"canonical\" href=\"https:\/\/www.musikzeitung.ch\/it\/news\/2024\/01\/kirchschlager-verabschiedet-sich-von-der-opernbuehne\/\" \/>\n<meta property=\"og:locale\" content=\"it_IT\" \/>\n<meta property=\"og:type\" content=\"article\" \/>\n<meta property=\"og:title\" content=\"Kirchschlager verabschiedet sich von der Opernb\u00fchne - Schweizer Musikzeitung\" \/>\n<meta property=\"og:description\" content=\"Die Mezzosopranistin Angelika Kirchschlager nutzt einen Podcast des Z\u00fcrcher Opernhauses, um sich von der B\u00fchne zu verabschieden.\" \/>\n<meta property=\"og:url\" content=\"https:\/\/www.musikzeitung.ch\/it\/news\/2024\/01\/kirchschlager-verabschiedet-sich-von-der-opernbuehne\/\" \/>\n<meta property=\"og:site_name\" content=\"Schweizer Musikzeitung\" \/>\n<meta property=\"article:publisher\" content=\"https:\/\/www.facebook.com\/SchweizerMusikzeitung\/\" \/>\n<meta property=\"article:author\" content=\"https:\/\/www.facebook.com\/wolfgang.bohler.75\" \/>\n<meta property=\"article:published_time\" content=\"2024-01-05T11:54:39+00:00\" \/>\n<meta property=\"article:modified_time\" content=\"2024-02-28T13:32:17+00:00\" \/>\n<meta property=\"og:image\" content=\"https:\/\/www.musikzeitung.ch\/wp-content\/uploads\/2024\/01\/240105kirchschlager.jpg\" \/>\n\t<meta property=\"og:image:width\" content=\"941\" \/>\n\t<meta property=\"og:image:height\" content=\"605\" \/>\n\t<meta property=\"og:image:type\" content=\"image\/jpeg\" \/>\n<meta name=\"author\" content=\"Wolfgang B\u00f6hler\" \/>\n<meta name=\"twitter:card\" content=\"summary_large_image\" \/>\n<meta name=\"twitter:creator\" content=\"@smusikzeitung\" \/>\n<meta name=\"twitter:site\" content=\"@smusikzeitung\" \/>\n<meta name=\"twitter:label1\" content=\"Scritto da\" \/>\n\t<meta name=\"twitter:data1\" content=\"Wolfgang B\u00f6hler\" \/>\n\t<meta name=\"twitter:label2\" content=\"Tempo di lettura stimato\" \/>\n\t<meta name=\"twitter:data2\" content=\"2 minuti\" \/>\n<script type=\"application\/ld+json\" class=\"yoast-schema-graph\">{\"@context\":\"https:\\\/\\\/schema.org\",\"@graph\":[{\"@type\":\"Article\",\"@id\":\"https:\\\/\\\/www.musikzeitung.ch\\\/news\\\/2024\\\/01\\\/kirchschlager-verabschiedet-sich-von-der-opernbuehne#article\",\"isPartOf\":{\"@id\":\"https:\\\/\\\/www.musikzeitung.ch\\\/news\\\/2024\\\/01\\\/kirchschlager-verabschiedet-sich-von-der-opernbuehne\"},\"author\":{\"name\":\"Wolfgang B\u00f6hler\",\"@id\":\"https:\\\/\\\/www.musikzeitung.ch\\\/#\\\/schema\\\/person\\\/0da4fb82d243f1252850a35d0e87cf0c\"},\"headline\":\"Kirchschlager verabschiedet sich von der Opernb\u00fchne\",\"datePublished\":\"2024-01-05T11:54:39+00:00\",\"dateModified\":\"2024-02-28T13:32:17+00:00\",\"mainEntityOfPage\":{\"@id\":\"https:\\\/\\\/www.musikzeitung.ch\\\/news\\\/2024\\\/01\\\/kirchschlager-verabschiedet-sich-von-der-opernbuehne\"},\"wordCount\":176,\"publisher\":{\"@id\":\"https:\\\/\\\/www.musikzeitung.ch\\\/#organization\"},\"image\":{\"@id\":\"https:\\\/\\\/www.musikzeitung.ch\\\/news\\\/2024\\\/01\\\/kirchschlager-verabschiedet-sich-von-der-opernbuehne#primaryimage\"},\"thumbnailUrl\":\"https:\\\/\\\/www.musikzeitung.ch\\\/wp-content\\\/uploads\\\/2024\\\/01\\\/240105kirchschlager.jpg\",\"keywords\":[\"Angelika Kirchschlager\"],\"articleSection\":[\"News\",\"Personen\"],\"inLanguage\":\"it-IT\"},{\"@type\":\"WebPage\",\"@id\":\"https:\\\/\\\/www.musikzeitung.ch\\\/news\\\/2024\\\/01\\\/kirchschlager-verabschiedet-sich-von-der-opernbuehne\",\"url\":\"https:\\\/\\\/www.musikzeitung.ch\\\/news\\\/2024\\\/01\\\/kirchschlager-verabschiedet-sich-von-der-opernbuehne\",\"name\":\"Kirchschlager verabschiedet sich von der Opernb\u00fchne - Schweizer Musikzeitung\",\"isPartOf\":{\"@id\":\"https:\\\/\\\/www.musikzeitung.ch\\\/#website\"},\"primaryImageOfPage\":{\"@id\":\"https:\\\/\\\/www.musikzeitung.ch\\\/news\\\/2024\\\/01\\\/kirchschlager-verabschiedet-sich-von-der-opernbuehne#primaryimage\"},\"image\":{\"@id\":\"https:\\\/\\\/www.musikzeitung.ch\\\/news\\\/2024\\\/01\\\/kirchschlager-verabschiedet-sich-von-der-opernbuehne#primaryimage\"},\"thumbnailUrl\":\"https:\\\/\\\/www.musikzeitung.ch\\\/wp-content\\\/uploads\\\/2024\\\/01\\\/240105kirchschlager.jpg\",\"datePublished\":\"2024-01-05T11:54:39+00:00\",\"dateModified\":\"2024-02-28T13:32:17+00:00\",\"description\":\"Die Mezzosopranistin Angelika Kirchschlager nutzt einen Podcast des Z\u00fcrcher Opernhauses, um sich von der B\u00fchne zu verabschieden.\",\"breadcrumb\":{\"@id\":\"https:\\\/\\\/www.musikzeitung.ch\\\/news\\\/2024\\\/01\\\/kirchschlager-verabschiedet-sich-von-der-opernbuehne#breadcrumb\"},\"inLanguage\":\"it-IT\",\"potentialAction\":[{\"@type\":\"ReadAction\",\"target\":[\"https:\\\/\\\/www.musikzeitung.ch\\\/news\\\/2024\\\/01\\\/kirchschlager-verabschiedet-sich-von-der-opernbuehne\"]}]},{\"@type\":\"ImageObject\",\"inLanguage\":\"it-IT\",\"@id\":\"https:\\\/\\\/www.musikzeitung.ch\\\/news\\\/2024\\\/01\\\/kirchschlager-verabschiedet-sich-von-der-opernbuehne#primaryimage\",\"url\":\"https:\\\/\\\/www.musikzeitung.ch\\\/wp-content\\\/uploads\\\/2024\\\/01\\\/240105kirchschlager.jpg\",\"contentUrl\":\"https:\\\/\\\/www.musikzeitung.ch\\\/wp-content\\\/uploads\\\/2024\\\/01\\\/240105kirchschlager.jpg\",\"width\":941,\"height\":605,\"caption\":\"Angelika Kirchschlager (Bild: Wikimedia Commons\\\/Manfred Werner)\"},{\"@type\":\"BreadcrumbList\",\"@id\":\"https:\\\/\\\/www.musikzeitung.ch\\\/news\\\/2024\\\/01\\\/kirchschlager-verabschiedet-sich-von-der-opernbuehne#breadcrumb\",\"itemListElement\":[{\"@type\":\"ListItem\",\"position\":1,\"name\":\"Home\",\"item\":\"https:\\\/\\\/www.musikzeitung.ch\\\/\"},{\"@type\":\"ListItem\",\"position\":2,\"name\":\"Kirchschlager verabschiedet sich von der Opernb\u00fchne\"}]},{\"@type\":\"WebSite\",\"@id\":\"https:\\\/\\\/www.musikzeitung.ch\\\/#website\",\"url\":\"https:\\\/\\\/www.musikzeitung.ch\\\/\",\"name\":\"Schweizer Musikzeitung\",\"description\":\"Die f\u00fchrende sparten\u00fcbergreifende Monatszeitung in der Schweiz f\u00fcr musikalische Fragen.\",\"publisher\":{\"@id\":\"https:\\\/\\\/www.musikzeitung.ch\\\/#organization\"},\"potentialAction\":[{\"@type\":\"SearchAction\",\"target\":{\"@type\":\"EntryPoint\",\"urlTemplate\":\"https:\\\/\\\/www.musikzeitung.ch\\\/?s={search_term_string}\"},\"query-input\":{\"@type\":\"PropertyValueSpecification\",\"valueRequired\":true,\"valueName\":\"search_term_string\"}}],\"inLanguage\":\"it-IT\"},{\"@type\":\"Organization\",\"@id\":\"https:\\\/\\\/www.musikzeitung.ch\\\/#organization\",\"name\":\"Schweizer Musikzeitung\",\"url\":\"https:\\\/\\\/www.musikzeitung.ch\\\/\",\"logo\":{\"@type\":\"ImageObject\",\"inLanguage\":\"it-IT\",\"@id\":\"https:\\\/\\\/www.musikzeitung.ch\\\/#\\\/schema\\\/logo\\\/image\\\/\",\"url\":\"https:\\\/\\\/www.musikzeitung.ch\\\/wp-content\\\/uploads\\\/2023\\\/01\\\/SMZ_Schriftzug_Sprache.png\",\"contentUrl\":\"https:\\\/\\\/www.musikzeitung.ch\\\/wp-content\\\/uploads\\\/2023\\\/01\\\/SMZ_Schriftzug_Sprache.png\",\"width\":1400,\"height\":279,\"caption\":\"Schweizer Musikzeitung\"},\"image\":{\"@id\":\"https:\\\/\\\/www.musikzeitung.ch\\\/#\\\/schema\\\/logo\\\/image\\\/\"},\"sameAs\":[\"https:\\\/\\\/www.facebook.com\\\/SchweizerMusikzeitung\\\/\",\"https:\\\/\\\/x.com\\\/smusikzeitung\",\"https:\\\/\\\/www.instagram.com\\\/musikzeitung.ch\\\/\"]},{\"@type\":\"Person\",\"@id\":\"https:\\\/\\\/www.musikzeitung.ch\\\/#\\\/schema\\\/person\\\/0da4fb82d243f1252850a35d0e87cf0c\",\"name\":\"Wolfgang B\u00f6hler\",\"image\":{\"@type\":\"ImageObject\",\"inLanguage\":\"it-IT\",\"@id\":\"https:\\\/\\\/www.musikzeitung.ch\\\/wp-content\\\/uploads\\\/2023\\\/01\\\/boehler_portraet_web-e1674139782246-96x96.jpg\",\"url\":\"https:\\\/\\\/www.musikzeitung.ch\\\/wp-content\\\/uploads\\\/2023\\\/01\\\/boehler_portraet_web-e1674139782246-96x96.jpg\",\"contentUrl\":\"https:\\\/\\\/www.musikzeitung.ch\\\/wp-content\\\/uploads\\\/2023\\\/01\\\/boehler_portraet_web-e1674139782246-96x96.jpg\",\"caption\":\"Wolfgang B\u00f6hler\"},\"sameAs\":[\"http:\\\/\\\/www.manacanto.ch\",\"https:\\\/\\\/www.facebook.com\\\/wolfgang.bohler.75\"],\"url\":\"https:\\\/\\\/www.musikzeitung.ch\\\/it\\\/author\\\/wolfgang-boehler\"}]}<\/script>\n<!-- \/ Yoast SEO plugin. -->","yoast_head_json":{"title":"Kirchschlager d\u00e0 l'addio al palcoscenico dell'opera - Schweizer Musikzeitung","description":"Il mezzosoprano Angelika Kirchschlager si congeda dal teatro dell'Opera di Zurigo con un podcast.","robots":{"index":"index","follow":"follow","max-snippet":"max-snippet:-1","max-image-preview":"max-image-preview:large","max-video-preview":"max-video-preview:-1"},"canonical":"https:\/\/www.musikzeitung.ch\/it\/news\/2024\/01\/kirchschlager-verabschiedet-sich-von-der-opernbuehne\/","og_locale":"it_IT","og_type":"article","og_title":"Kirchschlager verabschiedet sich von der Opernb\u00fchne - Schweizer Musikzeitung","og_description":"Die Mezzosopranistin Angelika Kirchschlager nutzt einen Podcast des Z\u00fcrcher Opernhauses, um sich von der B\u00fchne zu verabschieden.","og_url":"https:\/\/www.musikzeitung.ch\/it\/news\/2024\/01\/kirchschlager-verabschiedet-sich-von-der-opernbuehne\/","og_site_name":"Schweizer Musikzeitung","article_publisher":"https:\/\/www.facebook.com\/SchweizerMusikzeitung\/","article_author":"https:\/\/www.facebook.com\/wolfgang.bohler.75","article_published_time":"2024-01-05T11:54:39+00:00","article_modified_time":"2024-02-28T13:32:17+00:00","og_image":[{"width":941,"height":605,"url":"https:\/\/www.musikzeitung.ch\/wp-content\/uploads\/2024\/01\/240105kirchschlager.jpg","type":"image\/jpeg"}],"author":"Wolfgang B\u00f6hler","twitter_card":"summary_large_image","twitter_creator":"@smusikzeitung","twitter_site":"@smusikzeitung","twitter_misc":{"Scritto da":"Wolfgang B\u00f6hler","Tempo di lettura stimato":"2 minuti"},"schema":{"@context":"https:\/\/schema.org","@graph":[{"@type":"Article","@id":"https:\/\/www.musikzeitung.ch\/news\/2024\/01\/kirchschlager-verabschiedet-sich-von-der-opernbuehne#article","isPartOf":{"@id":"https:\/\/www.musikzeitung.ch\/news\/2024\/01\/kirchschlager-verabschiedet-sich-von-der-opernbuehne"},"author":{"name":"Wolfgang B\u00f6hler","@id":"https:\/\/www.musikzeitung.ch\/#\/schema\/person\/0da4fb82d243f1252850a35d0e87cf0c"},"headline":"Kirchschlager verabschiedet sich von der Opernb\u00fchne","datePublished":"2024-01-05T11:54:39+00:00","dateModified":"2024-02-28T13:32:17+00:00","mainEntityOfPage":{"@id":"https:\/\/www.musikzeitung.ch\/news\/2024\/01\/kirchschlager-verabschiedet-sich-von-der-opernbuehne"},"wordCount":176,"publisher":{"@id":"https:\/\/www.musikzeitung.ch\/#organization"},"image":{"@id":"https:\/\/www.musikzeitung.ch\/news\/2024\/01\/kirchschlager-verabschiedet-sich-von-der-opernbuehne#primaryimage"},"thumbnailUrl":"https:\/\/www.musikzeitung.ch\/wp-content\/uploads\/2024\/01\/240105kirchschlager.jpg","keywords":["Angelika Kirchschlager"],"articleSection":["News","Personen"],"inLanguage":"it-IT"},{"@type":"WebPage","@id":"https:\/\/www.musikzeitung.ch\/news\/2024\/01\/kirchschlager-verabschiedet-sich-von-der-opernbuehne","url":"https:\/\/www.musikzeitung.ch\/news\/2024\/01\/kirchschlager-verabschiedet-sich-von-der-opernbuehne","name":"Kirchschlager d\u00e0 l'addio al palcoscenico dell'opera - Schweizer Musikzeitung","isPartOf":{"@id":"https:\/\/www.musikzeitung.ch\/#website"},"primaryImageOfPage":{"@id":"https:\/\/www.musikzeitung.ch\/news\/2024\/01\/kirchschlager-verabschiedet-sich-von-der-opernbuehne#primaryimage"},"image":{"@id":"https:\/\/www.musikzeitung.ch\/news\/2024\/01\/kirchschlager-verabschiedet-sich-von-der-opernbuehne#primaryimage"},"thumbnailUrl":"https:\/\/www.musikzeitung.ch\/wp-content\/uploads\/2024\/01\/240105kirchschlager.jpg","datePublished":"2024-01-05T11:54:39+00:00","dateModified":"2024-02-28T13:32:17+00:00","description":"Il mezzosoprano Angelika Kirchschlager si congeda dal teatro dell'Opera di Zurigo con un podcast.","breadcrumb":{"@id":"https:\/\/www.musikzeitung.ch\/news\/2024\/01\/kirchschlager-verabschiedet-sich-von-der-opernbuehne#breadcrumb"},"inLanguage":"it-IT","potentialAction":[{"@type":"ReadAction","target":["https:\/\/www.musikzeitung.ch\/news\/2024\/01\/kirchschlager-verabschiedet-sich-von-der-opernbuehne"]}]},{"@type":"ImageObject","inLanguage":"it-IT","@id":"https:\/\/www.musikzeitung.ch\/news\/2024\/01\/kirchschlager-verabschiedet-sich-von-der-opernbuehne#primaryimage","url":"https:\/\/www.musikzeitung.ch\/wp-content\/uploads\/2024\/01\/240105kirchschlager.jpg","contentUrl":"https:\/\/www.musikzeitung.ch\/wp-content\/uploads\/2024\/01\/240105kirchschlager.jpg","width":941,"height":605,"caption":"Angelika Kirchschlager (Bild: Wikimedia Commons\/Manfred Werner)"},{"@type":"BreadcrumbList","@id":"https:\/\/www.musikzeitung.ch\/news\/2024\/01\/kirchschlager-verabschiedet-sich-von-der-opernbuehne#breadcrumb","itemListElement":[{"@type":"ListItem","position":1,"name":"Home","item":"https:\/\/www.musikzeitung.ch\/"},{"@type":"ListItem","position":2,"name":"Kirchschlager verabschiedet sich von der Opernb\u00fchne"}]},{"@type":"WebSite","@id":"https:\/\/www.musikzeitung.ch\/#website","url":"https:\/\/www.musikzeitung.ch\/","name":"Giornale musicale svizzero","description":"Il principale mensile interdisciplinare della Svizzera per le questioni musicali.","publisher":{"@id":"https:\/\/www.musikzeitung.ch\/#organization"},"potentialAction":[{"@type":"SearchAction","target":{"@type":"EntryPoint","urlTemplate":"https:\/\/www.musikzeitung.ch\/?s={search_term_string}"},"query-input":{"@type":"PropertyValueSpecification","valueRequired":true,"valueName":"search_term_string"}}],"inLanguage":"it-IT"},{"@type":"Organization","@id":"https:\/\/www.musikzeitung.ch\/#organization","name":"Giornale musicale svizzero","url":"https:\/\/www.musikzeitung.ch\/","logo":{"@type":"ImageObject","inLanguage":"it-IT","@id":"https:\/\/www.musikzeitung.ch\/#\/schema\/logo\/image\/","url":"https:\/\/www.musikzeitung.ch\/wp-content\/uploads\/2023\/01\/SMZ_Schriftzug_Sprache.png","contentUrl":"https:\/\/www.musikzeitung.ch\/wp-content\/uploads\/2023\/01\/SMZ_Schriftzug_Sprache.png","width":1400,"height":279,"caption":"Schweizer Musikzeitung"},"image":{"@id":"https:\/\/www.musikzeitung.ch\/#\/schema\/logo\/image\/"},"sameAs":["https:\/\/www.facebook.com\/SchweizerMusikzeitung\/","https:\/\/x.com\/smusikzeitung","https:\/\/www.instagram.com\/musikzeitung.ch\/"]},{"@type":"Person","@id":"https:\/\/www.musikzeitung.ch\/#\/schema\/person\/0da4fb82d243f1252850a35d0e87cf0c","name":"Wolfgang B\u00f6hler","image":{"@type":"ImageObject","inLanguage":"it-IT","@id":"https:\/\/www.musikzeitung.ch\/wp-content\/uploads\/2023\/01\/boehler_portraet_web-e1674139782246-96x96.jpg","url":"https:\/\/www.musikzeitung.ch\/wp-content\/uploads\/2023\/01\/boehler_portraet_web-e1674139782246-96x96.jpg","contentUrl":"https:\/\/www.musikzeitung.ch\/wp-content\/uploads\/2023\/01\/boehler_portraet_web-e1674139782246-96x96.jpg","caption":"Wolfgang B\u00f6hler"},"sameAs":["http:\/\/www.manacanto.ch","https:\/\/www.facebook.com\/wolfgang.bohler.75"],"url":"https:\/\/www.musikzeitung.ch\/it\/author\/wolfgang-boehler"}]}},"publishpress_future_workflow_manual_trigger":{"enabledWorkflows":[]},"_links":{"self":[{"href":"https:\/\/www.musikzeitung.ch\/it\/wp-json\/wp\/v2\/posts\/50566","targetHints":{"allow":["GET"]}}],"collection":[{"href":"https:\/\/www.musikzeitung.ch\/it\/wp-json\/wp\/v2\/posts"}],"about":[{"href":"https:\/\/www.musikzeitung.ch\/it\/wp-json\/wp\/v2\/types\/post"}],"author":[{"embeddable":true,"href":"https:\/\/www.musikzeitung.ch\/it\/wp-json\/wp\/v2\/users\/30"}],"replies":[{"embeddable":true,"href":"https:\/\/www.musikzeitung.ch\/it\/wp-json\/wp\/v2\/comments?post=50566"}],"version-history":[{"count":4,"href":"https:\/\/www.musikzeitung.ch\/it\/wp-json\/wp\/v2\/posts\/50566\/revisions"}],"predecessor-version":[{"id":50581,"href":"https:\/\/www.musikzeitung.ch\/it\/wp-json\/wp\/v2\/posts\/50566\/revisions\/50581"}],"wp:featuredmedia":[{"embeddable":true,"href":"https:\/\/www.musikzeitung.ch\/it\/wp-json\/wp\/v2\/media\/50567"}],"wp:attachment":[{"href":"https:\/\/www.musikzeitung.ch\/it\/wp-json\/wp\/v2\/media?parent=50566"}],"wp:term":[{"taxonomy":"category","embeddable":true,"href":"https:\/\/www.musikzeitung.ch\/it\/wp-json\/wp\/v2\/categories?post=50566"},{"taxonomy":"post_tag","embeddable":true,"href":"https:\/\/www.musikzeitung.ch\/it\/wp-json\/wp\/v2\/tags?post=50566"}],"curies":[{"name":"wp","href":"https:\/\/api.w.org\/{rel}","templated":true}]}}