{"id":50706,"date":"2024-01-12T13:24:45","date_gmt":"2024-01-12T12:24:45","guid":{"rendered":"https:\/\/www.musikzeitung.ch\/?p=50706"},"modified":"2024-01-15T15:39:48","modified_gmt":"2024-01-15T14:39:48","slug":"neue-geschaeftsfuehrung-fuer-kklick","status":"publish","type":"post","link":"https:\/\/www.musikzeitung.ch\/it\/news\/2024\/01\/neue-geschaeftsfuehrung-fuer-kklick","title":{"rendered":"Nuova gestione per kklick"},"content":{"rendered":"<figure id=\"attachment_50707\" aria-describedby=\"caption-attachment-50707\" style=\"width: 703px\" class=\"wp-caption aligncenter\"><img loading=\"lazy\" decoding=\"async\" class=\"wp-image-50707\" src=\"https:\/\/www.musikzeitung.ch\/wp-content\/uploads\/2024\/01\/240112kklick.jpg\" alt=\"\" width=\"703\" height=\"350\" srcset=\"https:\/\/www.musikzeitung.ch\/wp-content\/uploads\/2024\/01\/240112kklick.jpg 1246w, https:\/\/www.musikzeitung.ch\/wp-content\/uploads\/2024\/01\/240112kklick-300x149.jpg 300w, https:\/\/www.musikzeitung.ch\/wp-content\/uploads\/2024\/01\/240112kklick-1024x510.jpg 1024w, https:\/\/www.musikzeitung.ch\/wp-content\/uploads\/2024\/01\/240112kklick-768x382.jpg 768w, https:\/\/www.musikzeitung.ch\/wp-content\/uploads\/2024\/01\/240112kklick-352x175.jpg 352w, https:\/\/www.musikzeitung.ch\/wp-content\/uploads\/2024\/01\/240112kklick-703x350.jpg 703w, https:\/\/www.musikzeitung.ch\/wp-content\/uploads\/2024\/01\/240112kklick-920x458.jpg 920w\" sizes=\"auto, (max-width: 703px) 100vw, 703px\" \/><figcaption id=\"caption-attachment-50707\" class=\"wp-caption-text\">Da sinistra a destra: Jan Rutishauser, Kati Michalk, Richi K\u00fcttel, Rebecca C. Schnyder. (Immagine: zVg)<\/figcaption><\/figure>\n<p>Nell'ambito di una gara d'appalto pubblica, i Cantoni di San Gallo, Turgovia, Appenzello Esterno e Glarona hanno indetto i mandati di comunicazione per l'intero progetto \"kklick - Kulturvermittlung Ostschweiz\" e per l'ufficio di San Gallo\/Appenzello Esterno e l'ufficio di Turgovia per il periodo 2024-2027, secondo un comunicato stampa coordinato. Wirkpunkt GmbH, guidata da Kati Michalk, Richi K\u00fcttel e Rebecca C. Schnyder, si \u00e8 aggiudicata il contratto per tutti e tre i mandati.<\/p>\n<p>Ci\u00f2 non cambier\u00e0 nulla per i Cantoni di San Gallo e Appenzello Esterno, poich\u00e9 il loro ufficio comune era gi\u00e0 gestito da Wirkpunkt. Il mandato per l'ufficio del Cantone di Glarona non \u00e8 stato pubblicizzato e continuer\u00e0 ad essere gestito da Dani\u00e8le Florence Perrin. Stefanie Kasper, che ha gestito l'ufficio del Canton Turgovia per dieci anni, non si \u00e8 candidata per il posto vacante e ha lasciato kklick alla fine di dicembre 2023 per affrontare nuove sfide. La nuova persona di contatto per il Canton Turgovia \u00e8 Richi K\u00fcttel di Wirkpunkt.<\/p>\n<p>kklick - Kulturvermittlung Ostschweiz \u00e8 un progetto di cooperazione tra gli uffici culturali dei cantoni di Appenzello Esterno, Glarona, San Gallo e Turgovia. La piattaforma intercantonale per l'educazione culturale \u00e8 online dall'agosto 2014 ed \u00e8 attiva come punto di contatto per le domande relative all'educazione culturale nelle scuole della regione. kklick comunica le offerte di educazione culturale degli operatori culturali (istituzioni come musei, teatri, cinema o singoli individui come educatori culturali o artisti), raccoglie informazioni sull'educazione culturale e promuove l'uso delle offerte di educazione culturale nelle scuole.<\/p>","protected":false},"excerpt":{"rendered":"<p>\"kklick\", un progetto di cooperazione tra gli uffici culturali dei cantoni di Appenzello Esterno, Glarona, San Gallo e Turgovia, ha un nuovo team di gestione.<\/p>","protected":false},"author":30,"featured_media":50707,"comment_status":"closed","ping_status":"closed","sticky":false,"template":"","format":"standard","meta":{"_acf_changed":false,"_relevanssi_hide_post":"","_relevanssi_hide_content":"","_relevanssi_pin_for_all":"","_relevanssi_pin_keywords":"","_relevanssi_unpin_keywords":"","_relevanssi_related_keywords":"","_relevanssi_related_include_ids":"","_relevanssi_related_exclude_ids":"","_relevanssi_related_no_append":"","_relevanssi_related_not_related":"","_relevanssi_related_posts":"","_relevanssi_noindex_reason":"","pgc_sgb_lightbox_settings":"","footnotes":""},"categories":[27],"tags":[3550,3551],"class_list":["post-50706","post","type-post","status-publish","format-standard","has-post-thumbnail","hentry","category-news","tag-kklick","tag-kulturvermittlung"],"acf":[],"yoast_head":"<!-- This site is optimized with the Yoast SEO plugin v27.4 - https:\/\/yoast.com\/product\/yoast-seo-wordpress\/ -->\n<title>Neue Gesch\u00e4ftsf\u00fchrung f\u00fcr kklick - Schweizer Musikzeitung<\/title>\n<meta name=\"description\" content=\"\u00abkklick\u00bb, ein Kooperationsprojekt der \u00c4mter f\u00fcr Kultur der Kantone Appenzell Ausserrhoden, Glarus, St. Gallen und Thurgau erh\u00e4lt eine neue Gesch\u00e4ftsf\u00fchrung.\" \/>\n<meta name=\"robots\" content=\"index, follow, max-snippet:-1, max-image-preview:large, max-video-preview:-1\" \/>\n<link rel=\"canonical\" href=\"https:\/\/www.musikzeitung.ch\/it\/news\/2024\/01\/neue-geschaeftsfuehrung-fuer-kklick\/\" \/>\n<meta property=\"og:locale\" content=\"it_IT\" \/>\n<meta property=\"og:type\" content=\"article\" \/>\n<meta property=\"og:title\" content=\"Neue Gesch\u00e4ftsf\u00fchrung f\u00fcr kklick - Schweizer Musikzeitung\" \/>\n<meta property=\"og:description\" content=\"\u00abkklick\u00bb, ein Kooperationsprojekt der \u00c4mter f\u00fcr Kultur der Kantone Appenzell Ausserrhoden, Glarus, St. Gallen und Thurgau erh\u00e4lt eine neue Gesch\u00e4ftsf\u00fchrung.\" \/>\n<meta property=\"og:url\" content=\"https:\/\/www.musikzeitung.ch\/it\/news\/2024\/01\/neue-geschaeftsfuehrung-fuer-kklick\/\" \/>\n<meta property=\"og:site_name\" content=\"Schweizer Musikzeitung\" \/>\n<meta property=\"article:publisher\" content=\"https:\/\/www.facebook.com\/SchweizerMusikzeitung\/\" \/>\n<meta property=\"article:author\" content=\"https:\/\/www.facebook.com\/wolfgang.bohler.75\" \/>\n<meta property=\"article:published_time\" content=\"2024-01-12T12:24:45+00:00\" \/>\n<meta property=\"article:modified_time\" content=\"2024-01-15T14:39:48+00:00\" \/>\n<meta property=\"og:image\" content=\"https:\/\/www.musikzeitung.ch\/wp-content\/uploads\/2024\/01\/240112kklick.jpg\" \/>\n\t<meta property=\"og:image:width\" content=\"1246\" \/>\n\t<meta property=\"og:image:height\" content=\"620\" \/>\n\t<meta property=\"og:image:type\" content=\"image\/jpeg\" \/>\n<meta name=\"author\" content=\"Wolfgang B\u00f6hler\" \/>\n<meta name=\"twitter:card\" content=\"summary_large_image\" \/>\n<meta name=\"twitter:creator\" content=\"@smusikzeitung\" \/>\n<meta name=\"twitter:site\" content=\"@smusikzeitung\" \/>\n<meta name=\"twitter:label1\" content=\"Scritto da\" \/>\n\t<meta name=\"twitter:data1\" content=\"Wolfgang B\u00f6hler\" \/>\n\t<meta name=\"twitter:label2\" content=\"Tempo di lettura stimato\" \/>\n\t<meta name=\"twitter:data2\" content=\"2 minuti\" \/>\n<script type=\"application\/ld+json\" class=\"yoast-schema-graph\">{\"@context\":\"https:\\\/\\\/schema.org\",\"@graph\":[{\"@type\":\"Article\",\"@id\":\"https:\\\/\\\/www.musikzeitung.ch\\\/news\\\/2024\\\/01\\\/neue-geschaeftsfuehrung-fuer-kklick#article\",\"isPartOf\":{\"@id\":\"https:\\\/\\\/www.musikzeitung.ch\\\/news\\\/2024\\\/01\\\/neue-geschaeftsfuehrung-fuer-kklick\"},\"author\":{\"name\":\"Wolfgang B\u00f6hler\",\"@id\":\"https:\\\/\\\/www.musikzeitung.ch\\\/#\\\/schema\\\/person\\\/0da4fb82d243f1252850a35d0e87cf0c\"},\"headline\":\"Neue Gesch\u00e4ftsf\u00fchrung f\u00fcr kklick\",\"datePublished\":\"2024-01-12T12:24:45+00:00\",\"dateModified\":\"2024-01-15T14:39:48+00:00\",\"mainEntityOfPage\":{\"@id\":\"https:\\\/\\\/www.musikzeitung.ch\\\/news\\\/2024\\\/01\\\/neue-geschaeftsfuehrung-fuer-kklick\"},\"wordCount\":288,\"publisher\":{\"@id\":\"https:\\\/\\\/www.musikzeitung.ch\\\/#organization\"},\"image\":{\"@id\":\"https:\\\/\\\/www.musikzeitung.ch\\\/news\\\/2024\\\/01\\\/neue-geschaeftsfuehrung-fuer-kklick#primaryimage\"},\"thumbnailUrl\":\"https:\\\/\\\/www.musikzeitung.ch\\\/wp-content\\\/uploads\\\/2024\\\/01\\\/240112kklick.jpg\",\"keywords\":[\"kklick\",\"Kulturvermittlung\"],\"articleSection\":[\"News\"],\"inLanguage\":\"it-IT\"},{\"@type\":\"WebPage\",\"@id\":\"https:\\\/\\\/www.musikzeitung.ch\\\/news\\\/2024\\\/01\\\/neue-geschaeftsfuehrung-fuer-kklick\",\"url\":\"https:\\\/\\\/www.musikzeitung.ch\\\/news\\\/2024\\\/01\\\/neue-geschaeftsfuehrung-fuer-kklick\",\"name\":\"Neue Gesch\u00e4ftsf\u00fchrung f\u00fcr kklick - Schweizer Musikzeitung\",\"isPartOf\":{\"@id\":\"https:\\\/\\\/www.musikzeitung.ch\\\/#website\"},\"primaryImageOfPage\":{\"@id\":\"https:\\\/\\\/www.musikzeitung.ch\\\/news\\\/2024\\\/01\\\/neue-geschaeftsfuehrung-fuer-kklick#primaryimage\"},\"image\":{\"@id\":\"https:\\\/\\\/www.musikzeitung.ch\\\/news\\\/2024\\\/01\\\/neue-geschaeftsfuehrung-fuer-kklick#primaryimage\"},\"thumbnailUrl\":\"https:\\\/\\\/www.musikzeitung.ch\\\/wp-content\\\/uploads\\\/2024\\\/01\\\/240112kklick.jpg\",\"datePublished\":\"2024-01-12T12:24:45+00:00\",\"dateModified\":\"2024-01-15T14:39:48+00:00\",\"description\":\"\u00abkklick\u00bb, ein Kooperationsprojekt der \u00c4mter f\u00fcr Kultur der Kantone Appenzell Ausserrhoden, Glarus, St. Gallen und Thurgau erh\u00e4lt eine neue Gesch\u00e4ftsf\u00fchrung.\",\"breadcrumb\":{\"@id\":\"https:\\\/\\\/www.musikzeitung.ch\\\/news\\\/2024\\\/01\\\/neue-geschaeftsfuehrung-fuer-kklick#breadcrumb\"},\"inLanguage\":\"it-IT\",\"potentialAction\":[{\"@type\":\"ReadAction\",\"target\":[\"https:\\\/\\\/www.musikzeitung.ch\\\/news\\\/2024\\\/01\\\/neue-geschaeftsfuehrung-fuer-kklick\"]}]},{\"@type\":\"ImageObject\",\"inLanguage\":\"it-IT\",\"@id\":\"https:\\\/\\\/www.musikzeitung.ch\\\/news\\\/2024\\\/01\\\/neue-geschaeftsfuehrung-fuer-kklick#primaryimage\",\"url\":\"https:\\\/\\\/www.musikzeitung.ch\\\/wp-content\\\/uploads\\\/2024\\\/01\\\/240112kklick.jpg\",\"contentUrl\":\"https:\\\/\\\/www.musikzeitung.ch\\\/wp-content\\\/uploads\\\/2024\\\/01\\\/240112kklick.jpg\",\"width\":1246,\"height\":620,\"caption\":\"V.l.n.r.: Jan Rutishauser, Kati Michalk, Richi K\u00fcttel, Rebecca C. Schnyder. (Bild: zVg)\"},{\"@type\":\"BreadcrumbList\",\"@id\":\"https:\\\/\\\/www.musikzeitung.ch\\\/news\\\/2024\\\/01\\\/neue-geschaeftsfuehrung-fuer-kklick#breadcrumb\",\"itemListElement\":[{\"@type\":\"ListItem\",\"position\":1,\"name\":\"Home\",\"item\":\"https:\\\/\\\/www.musikzeitung.ch\\\/\"},{\"@type\":\"ListItem\",\"position\":2,\"name\":\"Neue Gesch\u00e4ftsf\u00fchrung f\u00fcr kklick\"}]},{\"@type\":\"WebSite\",\"@id\":\"https:\\\/\\\/www.musikzeitung.ch\\\/#website\",\"url\":\"https:\\\/\\\/www.musikzeitung.ch\\\/\",\"name\":\"Schweizer Musikzeitung\",\"description\":\"Die f\u00fchrende sparten\u00fcbergreifende Monatszeitung in der Schweiz f\u00fcr musikalische Fragen.\",\"publisher\":{\"@id\":\"https:\\\/\\\/www.musikzeitung.ch\\\/#organization\"},\"potentialAction\":[{\"@type\":\"SearchAction\",\"target\":{\"@type\":\"EntryPoint\",\"urlTemplate\":\"https:\\\/\\\/www.musikzeitung.ch\\\/?s={search_term_string}\"},\"query-input\":{\"@type\":\"PropertyValueSpecification\",\"valueRequired\":true,\"valueName\":\"search_term_string\"}}],\"inLanguage\":\"it-IT\"},{\"@type\":\"Organization\",\"@id\":\"https:\\\/\\\/www.musikzeitung.ch\\\/#organization\",\"name\":\"Schweizer Musikzeitung\",\"url\":\"https:\\\/\\\/www.musikzeitung.ch\\\/\",\"logo\":{\"@type\":\"ImageObject\",\"inLanguage\":\"it-IT\",\"@id\":\"https:\\\/\\\/www.musikzeitung.ch\\\/#\\\/schema\\\/logo\\\/image\\\/\",\"url\":\"https:\\\/\\\/www.musikzeitung.ch\\\/wp-content\\\/uploads\\\/2023\\\/01\\\/SMZ_Schriftzug_Sprache.png\",\"contentUrl\":\"https:\\\/\\\/www.musikzeitung.ch\\\/wp-content\\\/uploads\\\/2023\\\/01\\\/SMZ_Schriftzug_Sprache.png\",\"width\":1400,\"height\":279,\"caption\":\"Schweizer Musikzeitung\"},\"image\":{\"@id\":\"https:\\\/\\\/www.musikzeitung.ch\\\/#\\\/schema\\\/logo\\\/image\\\/\"},\"sameAs\":[\"https:\\\/\\\/www.facebook.com\\\/SchweizerMusikzeitung\\\/\",\"https:\\\/\\\/x.com\\\/smusikzeitung\",\"https:\\\/\\\/www.instagram.com\\\/musikzeitung.ch\\\/\"]},{\"@type\":\"Person\",\"@id\":\"https:\\\/\\\/www.musikzeitung.ch\\\/#\\\/schema\\\/person\\\/0da4fb82d243f1252850a35d0e87cf0c\",\"name\":\"Wolfgang B\u00f6hler\",\"image\":{\"@type\":\"ImageObject\",\"inLanguage\":\"it-IT\",\"@id\":\"https:\\\/\\\/www.musikzeitung.ch\\\/wp-content\\\/uploads\\\/2023\\\/01\\\/boehler_portraet_web-e1674139782246-96x96.jpg\",\"url\":\"https:\\\/\\\/www.musikzeitung.ch\\\/wp-content\\\/uploads\\\/2023\\\/01\\\/boehler_portraet_web-e1674139782246-96x96.jpg\",\"contentUrl\":\"https:\\\/\\\/www.musikzeitung.ch\\\/wp-content\\\/uploads\\\/2023\\\/01\\\/boehler_portraet_web-e1674139782246-96x96.jpg\",\"caption\":\"Wolfgang B\u00f6hler\"},\"sameAs\":[\"http:\\\/\\\/www.manacanto.ch\",\"https:\\\/\\\/www.facebook.com\\\/wolfgang.bohler.75\"],\"url\":\"https:\\\/\\\/www.musikzeitung.ch\\\/it\\\/author\\\/wolfgang-boehler\"}]}<\/script>\n<!-- \/ Yoast SEO plugin. -->","yoast_head_json":{"title":"Neue Gesch\u00e4ftsf\u00fchrung f\u00fcr kklick - Schweizer Musikzeitung","description":"\"kklick\", un progetto di cooperazione tra gli uffici culturali dei cantoni di Appenzello Esterno, Glarona, San Gallo e Turgovia, ha un nuovo team di gestione.","robots":{"index":"index","follow":"follow","max-snippet":"max-snippet:-1","max-image-preview":"max-image-preview:large","max-video-preview":"max-video-preview:-1"},"canonical":"https:\/\/www.musikzeitung.ch\/it\/news\/2024\/01\/neue-geschaeftsfuehrung-fuer-kklick\/","og_locale":"it_IT","og_type":"article","og_title":"Neue Gesch\u00e4ftsf\u00fchrung f\u00fcr kklick - Schweizer Musikzeitung","og_description":"\u00abkklick\u00bb, ein Kooperationsprojekt der \u00c4mter f\u00fcr Kultur der Kantone Appenzell Ausserrhoden, Glarus, St. Gallen und Thurgau erh\u00e4lt eine neue Gesch\u00e4ftsf\u00fchrung.","og_url":"https:\/\/www.musikzeitung.ch\/it\/news\/2024\/01\/neue-geschaeftsfuehrung-fuer-kklick\/","og_site_name":"Schweizer Musikzeitung","article_publisher":"https:\/\/www.facebook.com\/SchweizerMusikzeitung\/","article_author":"https:\/\/www.facebook.com\/wolfgang.bohler.75","article_published_time":"2024-01-12T12:24:45+00:00","article_modified_time":"2024-01-15T14:39:48+00:00","og_image":[{"width":1246,"height":620,"url":"https:\/\/www.musikzeitung.ch\/wp-content\/uploads\/2024\/01\/240112kklick.jpg","type":"image\/jpeg"}],"author":"Wolfgang B\u00f6hler","twitter_card":"summary_large_image","twitter_creator":"@smusikzeitung","twitter_site":"@smusikzeitung","twitter_misc":{"Scritto da":"Wolfgang B\u00f6hler","Tempo di lettura stimato":"2 minuti"},"schema":{"@context":"https:\/\/schema.org","@graph":[{"@type":"Article","@id":"https:\/\/www.musikzeitung.ch\/news\/2024\/01\/neue-geschaeftsfuehrung-fuer-kklick#article","isPartOf":{"@id":"https:\/\/www.musikzeitung.ch\/news\/2024\/01\/neue-geschaeftsfuehrung-fuer-kklick"},"author":{"name":"Wolfgang B\u00f6hler","@id":"https:\/\/www.musikzeitung.ch\/#\/schema\/person\/0da4fb82d243f1252850a35d0e87cf0c"},"headline":"Neue Gesch\u00e4ftsf\u00fchrung f\u00fcr kklick","datePublished":"2024-01-12T12:24:45+00:00","dateModified":"2024-01-15T14:39:48+00:00","mainEntityOfPage":{"@id":"https:\/\/www.musikzeitung.ch\/news\/2024\/01\/neue-geschaeftsfuehrung-fuer-kklick"},"wordCount":288,"publisher":{"@id":"https:\/\/www.musikzeitung.ch\/#organization"},"image":{"@id":"https:\/\/www.musikzeitung.ch\/news\/2024\/01\/neue-geschaeftsfuehrung-fuer-kklick#primaryimage"},"thumbnailUrl":"https:\/\/www.musikzeitung.ch\/wp-content\/uploads\/2024\/01\/240112kklick.jpg","keywords":["kklick","Kulturvermittlung"],"articleSection":["News"],"inLanguage":"it-IT"},{"@type":"WebPage","@id":"https:\/\/www.musikzeitung.ch\/news\/2024\/01\/neue-geschaeftsfuehrung-fuer-kklick","url":"https:\/\/www.musikzeitung.ch\/news\/2024\/01\/neue-geschaeftsfuehrung-fuer-kklick","name":"Neue Gesch\u00e4ftsf\u00fchrung f\u00fcr kklick - Schweizer Musikzeitung","isPartOf":{"@id":"https:\/\/www.musikzeitung.ch\/#website"},"primaryImageOfPage":{"@id":"https:\/\/www.musikzeitung.ch\/news\/2024\/01\/neue-geschaeftsfuehrung-fuer-kklick#primaryimage"},"image":{"@id":"https:\/\/www.musikzeitung.ch\/news\/2024\/01\/neue-geschaeftsfuehrung-fuer-kklick#primaryimage"},"thumbnailUrl":"https:\/\/www.musikzeitung.ch\/wp-content\/uploads\/2024\/01\/240112kklick.jpg","datePublished":"2024-01-12T12:24:45+00:00","dateModified":"2024-01-15T14:39:48+00:00","description":"\"kklick\", un progetto di cooperazione tra gli uffici culturali dei cantoni di Appenzello Esterno, Glarona, San Gallo e Turgovia, ha un nuovo team di gestione.","breadcrumb":{"@id":"https:\/\/www.musikzeitung.ch\/news\/2024\/01\/neue-geschaeftsfuehrung-fuer-kklick#breadcrumb"},"inLanguage":"it-IT","potentialAction":[{"@type":"ReadAction","target":["https:\/\/www.musikzeitung.ch\/news\/2024\/01\/neue-geschaeftsfuehrung-fuer-kklick"]}]},{"@type":"ImageObject","inLanguage":"it-IT","@id":"https:\/\/www.musikzeitung.ch\/news\/2024\/01\/neue-geschaeftsfuehrung-fuer-kklick#primaryimage","url":"https:\/\/www.musikzeitung.ch\/wp-content\/uploads\/2024\/01\/240112kklick.jpg","contentUrl":"https:\/\/www.musikzeitung.ch\/wp-content\/uploads\/2024\/01\/240112kklick.jpg","width":1246,"height":620,"caption":"V.l.n.r.: Jan Rutishauser, Kati Michalk, Richi K\u00fcttel, Rebecca C. Schnyder. (Bild: zVg)"},{"@type":"BreadcrumbList","@id":"https:\/\/www.musikzeitung.ch\/news\/2024\/01\/neue-geschaeftsfuehrung-fuer-kklick#breadcrumb","itemListElement":[{"@type":"ListItem","position":1,"name":"Home","item":"https:\/\/www.musikzeitung.ch\/"},{"@type":"ListItem","position":2,"name":"Neue Gesch\u00e4ftsf\u00fchrung f\u00fcr kklick"}]},{"@type":"WebSite","@id":"https:\/\/www.musikzeitung.ch\/#website","url":"https:\/\/www.musikzeitung.ch\/","name":"Giornale musicale svizzero","description":"Il principale mensile interdisciplinare della Svizzera per le questioni musicali.","publisher":{"@id":"https:\/\/www.musikzeitung.ch\/#organization"},"potentialAction":[{"@type":"SearchAction","target":{"@type":"EntryPoint","urlTemplate":"https:\/\/www.musikzeitung.ch\/?s={search_term_string}"},"query-input":{"@type":"PropertyValueSpecification","valueRequired":true,"valueName":"search_term_string"}}],"inLanguage":"it-IT"},{"@type":"Organization","@id":"https:\/\/www.musikzeitung.ch\/#organization","name":"Giornale musicale svizzero","url":"https:\/\/www.musikzeitung.ch\/","logo":{"@type":"ImageObject","inLanguage":"it-IT","@id":"https:\/\/www.musikzeitung.ch\/#\/schema\/logo\/image\/","url":"https:\/\/www.musikzeitung.ch\/wp-content\/uploads\/2023\/01\/SMZ_Schriftzug_Sprache.png","contentUrl":"https:\/\/www.musikzeitung.ch\/wp-content\/uploads\/2023\/01\/SMZ_Schriftzug_Sprache.png","width":1400,"height":279,"caption":"Schweizer Musikzeitung"},"image":{"@id":"https:\/\/www.musikzeitung.ch\/#\/schema\/logo\/image\/"},"sameAs":["https:\/\/www.facebook.com\/SchweizerMusikzeitung\/","https:\/\/x.com\/smusikzeitung","https:\/\/www.instagram.com\/musikzeitung.ch\/"]},{"@type":"Person","@id":"https:\/\/www.musikzeitung.ch\/#\/schema\/person\/0da4fb82d243f1252850a35d0e87cf0c","name":"Wolfgang B\u00f6hler","image":{"@type":"ImageObject","inLanguage":"it-IT","@id":"https:\/\/www.musikzeitung.ch\/wp-content\/uploads\/2023\/01\/boehler_portraet_web-e1674139782246-96x96.jpg","url":"https:\/\/www.musikzeitung.ch\/wp-content\/uploads\/2023\/01\/boehler_portraet_web-e1674139782246-96x96.jpg","contentUrl":"https:\/\/www.musikzeitung.ch\/wp-content\/uploads\/2023\/01\/boehler_portraet_web-e1674139782246-96x96.jpg","caption":"Wolfgang B\u00f6hler"},"sameAs":["http:\/\/www.manacanto.ch","https:\/\/www.facebook.com\/wolfgang.bohler.75"],"url":"https:\/\/www.musikzeitung.ch\/it\/author\/wolfgang-boehler"}]}},"publishpress_future_workflow_manual_trigger":{"enabledWorkflows":[]},"_links":{"self":[{"href":"https:\/\/www.musikzeitung.ch\/it\/wp-json\/wp\/v2\/posts\/50706","targetHints":{"allow":["GET"]}}],"collection":[{"href":"https:\/\/www.musikzeitung.ch\/it\/wp-json\/wp\/v2\/posts"}],"about":[{"href":"https:\/\/www.musikzeitung.ch\/it\/wp-json\/wp\/v2\/types\/post"}],"author":[{"embeddable":true,"href":"https:\/\/www.musikzeitung.ch\/it\/wp-json\/wp\/v2\/users\/30"}],"replies":[{"embeddable":true,"href":"https:\/\/www.musikzeitung.ch\/it\/wp-json\/wp\/v2\/comments?post=50706"}],"version-history":[{"count":1,"href":"https:\/\/www.musikzeitung.ch\/it\/wp-json\/wp\/v2\/posts\/50706\/revisions"}],"predecessor-version":[{"id":50708,"href":"https:\/\/www.musikzeitung.ch\/it\/wp-json\/wp\/v2\/posts\/50706\/revisions\/50708"}],"wp:featuredmedia":[{"embeddable":true,"href":"https:\/\/www.musikzeitung.ch\/it\/wp-json\/wp\/v2\/media\/50707"}],"wp:attachment":[{"href":"https:\/\/www.musikzeitung.ch\/it\/wp-json\/wp\/v2\/media?parent=50706"}],"wp:term":[{"taxonomy":"category","embeddable":true,"href":"https:\/\/www.musikzeitung.ch\/it\/wp-json\/wp\/v2\/categories?post=50706"},{"taxonomy":"post_tag","embeddable":true,"href":"https:\/\/www.musikzeitung.ch\/it\/wp-json\/wp\/v2\/tags?post=50706"}],"curies":[{"name":"wp","href":"https:\/\/api.w.org\/{rel}","templated":true}]}}