{"id":50923,"date":"2024-01-24T11:34:01","date_gmt":"2024-01-24T10:34:01","guid":{"rendered":"https:\/\/www.musikzeitung.ch\/?p=50923"},"modified":"2024-01-24T15:11:01","modified_gmt":"2024-01-24T14:11:01","slug":"brun-brunner","status":"publish","type":"post","link":"https:\/\/www.musikzeitung.ch\/it\/rezensionen\/tontraeger-rezensionen\/2024\/01\/brun-brunner","title":{"rendered":"Escursioni atmosferiche con violoncello e organo"},"content":{"rendered":"<figure id=\"attachment_50924\" aria-describedby=\"caption-attachment-50924\" style=\"width: 2832px\" class=\"wp-caption alignnone\"><img loading=\"lazy\" decoding=\"async\" class=\"wp-image-50924 size-full\" src=\"https:\/\/www.musikzeitung.ch\/wp-content\/uploads\/2024\/01\/Albin_Brun_Kristina_Brunner\u00a9MarkusWild-WIM_7664_print.jpg\" alt=\"\" width=\"2832\" height=\"2015\" srcset=\"https:\/\/www.musikzeitung.ch\/wp-content\/uploads\/2024\/01\/Albin_Brun_Kristina_Brunner\u00a9MarkusWild-WIM_7664_print.jpg 1400w, https:\/\/www.musikzeitung.ch\/wp-content\/uploads\/2024\/01\/Albin_Brun_Kristina_Brunner\u00a9MarkusWild-WIM_7664_print-300x213.jpg 300w, https:\/\/www.musikzeitung.ch\/wp-content\/uploads\/2024\/01\/Albin_Brun_Kristina_Brunner\u00a9MarkusWild-WIM_7664_print-1024x729.jpg 1024w, https:\/\/www.musikzeitung.ch\/wp-content\/uploads\/2024\/01\/Albin_Brun_Kristina_Brunner\u00a9MarkusWild-WIM_7664_print-768x546.jpg 768w, https:\/\/www.musikzeitung.ch\/wp-content\/uploads\/2024\/01\/Albin_Brun_Kristina_Brunner\u00a9MarkusWild-WIM_7664_print-1536x1093.jpg 1536w, https:\/\/www.musikzeitung.ch\/wp-content\/uploads\/2024\/01\/Albin_Brun_Kristina_Brunner\u00a9MarkusWild-WIM_7664_print-2048x1457.jpg 2048w, https:\/\/www.musikzeitung.ch\/wp-content\/uploads\/2024\/01\/Albin_Brun_Kristina_Brunner\u00a9MarkusWild-WIM_7664_print-246x175.jpg 246w, https:\/\/www.musikzeitung.ch\/wp-content\/uploads\/2024\/01\/Albin_Brun_Kristina_Brunner\u00a9MarkusWild-WIM_7664_print-492x350.jpg 492w, https:\/\/www.musikzeitung.ch\/wp-content\/uploads\/2024\/01\/Albin_Brun_Kristina_Brunner\u00a9MarkusWild-WIM_7664_print-1124x800.jpg 1124w, https:\/\/www.musikzeitung.ch\/wp-content\/uploads\/2024\/01\/Albin_Brun_Kristina_Brunner\u00a9MarkusWild-WIM_7664_print-920x655.jpg 920w\" sizes=\"auto, (max-width: 2832px) 100vw, 2832px\" \/><figcaption id=\"caption-attachment-50924\" class=\"wp-caption-text\">Kristina Brunner e Albin Brun. Foto: \u00a9 Markus Wild<\/figcaption><\/figure>\n<p>Sebbene Albin Brun (*1959) e Kristina Brunner (*1993) provengano da generazioni diverse, sono impegnati in una visione comune: Sia il lucernese che la cantante bernese sono desiderosi di sviluppare costantemente la musica popolare svizzera. Mentre Brun, che ha vinto il Premio svizzero di musica 2017, \u00e8 considerato una delle figure chiave tra il jazz e la musica popolare contemporanea, Brunner si \u00e8 fatta conoscere grazie ai suoi virtuosismi al violoncello e allo Schwyzer\u00f6rgeli.<\/p>\n<p>Dopo essersi conosciuti alla Scuola di Musica di Lucerna, i due hanno iniziato a lavorare insieme nel 2017. Il duo prova settimanalmente, sviluppando una densa poesia sonora ed elaborando una musica da camera splendidamente sofisticata. Il loro debutto \u00e8 previsto per il 2020, <em>Midnang<\/em>Brun e Brunner sono ora <em>Entroterra<\/em> seguire. Un album composto da 13 composizioni originali che, oltre a una strumentazione ridotta, offre anche escursioni atmosferiche e melodie sempre diverse.<\/p>\n<p>Anche se l'apertura si presenta <em>Fex<\/em> inizialmente vivace, ma il brano si trasforma presto in motivi pi\u00f9 contemplativi, che sembrano essere guidati in particolare da un desiderio senza nome. In canzoni come <em>Shovidar! <\/em>o <em>Aube<\/em> diventa chiaro che la nostalgia e la nostalgia di casa sono in agguato dietro l'angolo. Il risultato \u00e8 uno stato d'animo che va dal malinconico al sognante e che \u00e8 toccante per tutto il tempo.<\/p>\n<p>Brun e Brunner si divertono a utilizzare combinazioni variabili di strumenti: A volte violoncello e organo suonano l'uno intorno all'altro, altre volte due organi si adescano a vicenda. Il risultato \u00e8 convincente. <em>Schratteflue<\/em> per esempio, attinge alla malinconia e testimonia la vicinanza alpina, mentre la <em>W., il pesce<\/em> si dimostra correlato alla chanson. Con <em>Entroterra<\/em> Brun e Brunner hanno realizzato un album cos\u00ec giocoso, profondo e meraviglioso che vi verr\u00e0 voglia di riascoltarlo. <img loading=\"lazy\" decoding=\"async\" class=\"aligncenter wp-image-50926 size-medium\" src=\"https:\/\/www.musikzeitung.ch\/wp-content\/uploads\/2024\/01\/01_02_crit_cd_Gasser-300x269.jpg\" alt=\"\" width=\"300\" height=\"269\" srcset=\"https:\/\/www.musikzeitung.ch\/wp-content\/uploads\/2024\/01\/01_02_crit_cd_Gasser-300x269.jpg 300w, https:\/\/www.musikzeitung.ch\/wp-content\/uploads\/2024\/01\/01_02_crit_cd_Gasser-768x689.jpg 768w, https:\/\/www.musikzeitung.ch\/wp-content\/uploads\/2024\/01\/01_02_crit_cd_Gasser-195x175.jpg 195w, https:\/\/www.musikzeitung.ch\/wp-content\/uploads\/2024\/01\/01_02_crit_cd_Gasser-390x350.jpg 390w, https:\/\/www.musikzeitung.ch\/wp-content\/uploads\/2024\/01\/01_02_crit_cd_Gasser-892x800.jpg 892w, https:\/\/www.musikzeitung.ch\/wp-content\/uploads\/2024\/01\/01_02_crit_cd_Gasser-920x825.jpg 920w, https:\/\/www.musikzeitung.ch\/wp-content\/uploads\/2024\/01\/01_02_crit_cd_Gasser.jpg 1000w\" sizes=\"auto, (max-width: 300px) 100vw, 300px\" \/><\/p>\n<p>&nbsp;<\/p>\n<p>Albin Brun &amp; Kristina Brunner: Innerland. Autoprodotto, <a href=\"http:\/\/www.albinbrun.ch\" target=\"_blank\" rel=\"noopener\">www.albinbrun.ch<\/a><\/p>","protected":false},"excerpt":{"rendered":"<p>Nel loro secondo album, Albin Brun di Lucerna e Kristina Brunner di Berna si sono proposti di fondere ulteriormente le loro rispettive musiche, con risultati esaltanti.<\/p>","protected":false},"author":29,"featured_media":50924,"comment_status":"closed","ping_status":"closed","sticky":false,"template":"","format":"standard","meta":{"_acf_changed":false,"_relevanssi_hide_post":"","_relevanssi_hide_content":"","_relevanssi_pin_for_all":"","_relevanssi_pin_keywords":"","_relevanssi_unpin_keywords":"","_relevanssi_related_keywords":"","_relevanssi_related_include_ids":"","_relevanssi_related_exclude_ids":"","_relevanssi_related_no_append":"","_relevanssi_related_not_related":"","_relevanssi_related_posts":"","_relevanssi_noindex_reason":"","pgc_sgb_lightbox_settings":"","footnotes":""},"categories":[29,1420],"tags":[3588,3589],"class_list":["post-50923","post","type-post","status-publish","format-standard","has-post-thumbnail","hentry","category-rezensionen","category-tontraeger-rezensionen","tag-albin-brun","tag-kristina-brunner"],"acf":[],"yoast_head":"<!-- This site is optimized with the Yoast SEO plugin v27.4 - https:\/\/yoast.com\/product\/yoast-seo-wordpress\/ -->\n<title>Atmosph\u00e4rische Ausfl\u00fcge mit Cello und \u00d6rgeli - Schweizer Musikzeitung<\/title>\n<meta name=\"description\" content=\"Auf ihrem zweiten Album machen sich Albin Brun und Kristina Brunner daran, ihre jeweilige Musik weiter miteinander zu verschmelzen.\" \/>\n<meta name=\"robots\" content=\"index, follow, max-snippet:-1, max-image-preview:large, max-video-preview:-1\" \/>\n<link rel=\"canonical\" href=\"https:\/\/www.musikzeitung.ch\/it\/rezensionen\/tontraeger-rezensionen\/2024\/01\/brun-brunner\/\" \/>\n<meta property=\"og:locale\" content=\"it_IT\" \/>\n<meta property=\"og:type\" content=\"article\" \/>\n<meta property=\"og:title\" content=\"Atmosph\u00e4rische Ausfl\u00fcge mit Cello und \u00d6rgeli - Schweizer Musikzeitung\" \/>\n<meta property=\"og:description\" content=\"Auf ihrem zweiten Album machen sich Albin Brun und Kristina Brunner daran, ihre jeweilige Musik weiter miteinander zu verschmelzen.\" \/>\n<meta property=\"og:url\" content=\"https:\/\/www.musikzeitung.ch\/it\/rezensionen\/tontraeger-rezensionen\/2024\/01\/brun-brunner\/\" \/>\n<meta property=\"og:site_name\" content=\"Schweizer Musikzeitung\" \/>\n<meta property=\"article:publisher\" content=\"https:\/\/www.facebook.com\/SchweizerMusikzeitung\/\" \/>\n<meta property=\"article:published_time\" content=\"2024-01-24T10:34:01+00:00\" \/>\n<meta property=\"article:modified_time\" content=\"2024-01-24T14:11:01+00:00\" \/>\n<meta property=\"og:image\" content=\"https:\/\/www.musikzeitung.ch\/wp-content\/uploads\/2024\/01\/Albin_Brun_Kristina_Brunner\u00a9MarkusWild-WIM_7664_print.jpg\" \/>\n\t<meta property=\"og:image:width\" content=\"1400\" \/>\n\t<meta property=\"og:image:height\" content=\"996\" \/>\n\t<meta property=\"og:image:type\" content=\"image\/jpeg\" \/>\n<meta name=\"author\" content=\"pia.schwab\" \/>\n<meta name=\"twitter:card\" content=\"summary_large_image\" \/>\n<meta name=\"twitter:creator\" content=\"@smusikzeitung\" \/>\n<meta name=\"twitter:site\" content=\"@smusikzeitung\" \/>\n<meta name=\"twitter:label1\" content=\"Scritto da\" \/>\n\t<meta name=\"twitter:data1\" content=\"pia.schwab\" \/>\n\t<meta name=\"twitter:label2\" content=\"Tempo di lettura stimato\" \/>\n\t<meta name=\"twitter:data2\" content=\"3 minuti\" \/>\n<script type=\"application\/ld+json\" class=\"yoast-schema-graph\">{\"@context\":\"https:\\\/\\\/schema.org\",\"@graph\":[{\"@type\":\"Article\",\"@id\":\"https:\\\/\\\/www.musikzeitung.ch\\\/rezensionen\\\/tontraeger-rezensionen\\\/2024\\\/01\\\/brun-brunner#article\",\"isPartOf\":{\"@id\":\"https:\\\/\\\/www.musikzeitung.ch\\\/rezensionen\\\/tontraeger-rezensionen\\\/2024\\\/01\\\/brun-brunner\"},\"author\":{\"name\":\"pia.schwab\",\"@id\":\"https:\\\/\\\/www.musikzeitung.ch\\\/#\\\/schema\\\/person\\\/ea3d7b86bd7157c78c7ddd37f2f82b5b\"},\"headline\":\"Atmosph\u00e4rische Ausfl\u00fcge mit Cello und \u00d6rgeli\",\"datePublished\":\"2024-01-24T10:34:01+00:00\",\"dateModified\":\"2024-01-24T14:11:01+00:00\",\"mainEntityOfPage\":{\"@id\":\"https:\\\/\\\/www.musikzeitung.ch\\\/rezensionen\\\/tontraeger-rezensionen\\\/2024\\\/01\\\/brun-brunner\"},\"wordCount\":315,\"publisher\":{\"@id\":\"https:\\\/\\\/www.musikzeitung.ch\\\/#organization\"},\"image\":{\"@id\":\"https:\\\/\\\/www.musikzeitung.ch\\\/rezensionen\\\/tontraeger-rezensionen\\\/2024\\\/01\\\/brun-brunner#primaryimage\"},\"thumbnailUrl\":\"https:\\\/\\\/www.musikzeitung.ch\\\/wp-content\\\/uploads\\\/2024\\\/01\\\/Albin_Brun_Kristina_Brunner\u00a9MarkusWild-WIM_7664_print.jpg\",\"keywords\":[\"Albin Brun\",\"Kristina Brunner\"],\"articleSection\":[\"Rezensionen\",\"Tontr\u00e4ger\"],\"inLanguage\":\"it-IT\"},{\"@type\":\"WebPage\",\"@id\":\"https:\\\/\\\/www.musikzeitung.ch\\\/rezensionen\\\/tontraeger-rezensionen\\\/2024\\\/01\\\/brun-brunner\",\"url\":\"https:\\\/\\\/www.musikzeitung.ch\\\/rezensionen\\\/tontraeger-rezensionen\\\/2024\\\/01\\\/brun-brunner\",\"name\":\"Atmosph\u00e4rische Ausfl\u00fcge mit Cello und \u00d6rgeli - Schweizer Musikzeitung\",\"isPartOf\":{\"@id\":\"https:\\\/\\\/www.musikzeitung.ch\\\/#website\"},\"primaryImageOfPage\":{\"@id\":\"https:\\\/\\\/www.musikzeitung.ch\\\/rezensionen\\\/tontraeger-rezensionen\\\/2024\\\/01\\\/brun-brunner#primaryimage\"},\"image\":{\"@id\":\"https:\\\/\\\/www.musikzeitung.ch\\\/rezensionen\\\/tontraeger-rezensionen\\\/2024\\\/01\\\/brun-brunner#primaryimage\"},\"thumbnailUrl\":\"https:\\\/\\\/www.musikzeitung.ch\\\/wp-content\\\/uploads\\\/2024\\\/01\\\/Albin_Brun_Kristina_Brunner\u00a9MarkusWild-WIM_7664_print.jpg\",\"datePublished\":\"2024-01-24T10:34:01+00:00\",\"dateModified\":\"2024-01-24T14:11:01+00:00\",\"description\":\"Auf ihrem zweiten Album machen sich Albin Brun und Kristina Brunner daran, ihre jeweilige Musik weiter miteinander zu verschmelzen.\",\"breadcrumb\":{\"@id\":\"https:\\\/\\\/www.musikzeitung.ch\\\/rezensionen\\\/tontraeger-rezensionen\\\/2024\\\/01\\\/brun-brunner#breadcrumb\"},\"inLanguage\":\"it-IT\",\"potentialAction\":[{\"@type\":\"ReadAction\",\"target\":[\"https:\\\/\\\/www.musikzeitung.ch\\\/rezensionen\\\/tontraeger-rezensionen\\\/2024\\\/01\\\/brun-brunner\"]}]},{\"@type\":\"ImageObject\",\"inLanguage\":\"it-IT\",\"@id\":\"https:\\\/\\\/www.musikzeitung.ch\\\/rezensionen\\\/tontraeger-rezensionen\\\/2024\\\/01\\\/brun-brunner#primaryimage\",\"url\":\"https:\\\/\\\/www.musikzeitung.ch\\\/wp-content\\\/uploads\\\/2024\\\/01\\\/Albin_Brun_Kristina_Brunner\u00a9MarkusWild-WIM_7664_print.jpg\",\"contentUrl\":\"https:\\\/\\\/www.musikzeitung.ch\\\/wp-content\\\/uploads\\\/2024\\\/01\\\/Albin_Brun_Kristina_Brunner\u00a9MarkusWild-WIM_7664_print.jpg\",\"width\":1400,\"height\":996},{\"@type\":\"BreadcrumbList\",\"@id\":\"https:\\\/\\\/www.musikzeitung.ch\\\/rezensionen\\\/tontraeger-rezensionen\\\/2024\\\/01\\\/brun-brunner#breadcrumb\",\"itemListElement\":[{\"@type\":\"ListItem\",\"position\":1,\"name\":\"Home\",\"item\":\"https:\\\/\\\/www.musikzeitung.ch\\\/\"},{\"@type\":\"ListItem\",\"position\":2,\"name\":\"Atmosph\u00e4rische Ausfl\u00fcge mit Cello und \u00d6rgeli\"}]},{\"@type\":\"WebSite\",\"@id\":\"https:\\\/\\\/www.musikzeitung.ch\\\/#website\",\"url\":\"https:\\\/\\\/www.musikzeitung.ch\\\/\",\"name\":\"Schweizer Musikzeitung\",\"description\":\"Die f\u00fchrende sparten\u00fcbergreifende Monatszeitung in der Schweiz f\u00fcr musikalische Fragen.\",\"publisher\":{\"@id\":\"https:\\\/\\\/www.musikzeitung.ch\\\/#organization\"},\"potentialAction\":[{\"@type\":\"SearchAction\",\"target\":{\"@type\":\"EntryPoint\",\"urlTemplate\":\"https:\\\/\\\/www.musikzeitung.ch\\\/?s={search_term_string}\"},\"query-input\":{\"@type\":\"PropertyValueSpecification\",\"valueRequired\":true,\"valueName\":\"search_term_string\"}}],\"inLanguage\":\"it-IT\"},{\"@type\":\"Organization\",\"@id\":\"https:\\\/\\\/www.musikzeitung.ch\\\/#organization\",\"name\":\"Schweizer Musikzeitung\",\"url\":\"https:\\\/\\\/www.musikzeitung.ch\\\/\",\"logo\":{\"@type\":\"ImageObject\",\"inLanguage\":\"it-IT\",\"@id\":\"https:\\\/\\\/www.musikzeitung.ch\\\/#\\\/schema\\\/logo\\\/image\\\/\",\"url\":\"https:\\\/\\\/www.musikzeitung.ch\\\/wp-content\\\/uploads\\\/2023\\\/01\\\/SMZ_Schriftzug_Sprache.png\",\"contentUrl\":\"https:\\\/\\\/www.musikzeitung.ch\\\/wp-content\\\/uploads\\\/2023\\\/01\\\/SMZ_Schriftzug_Sprache.png\",\"width\":1400,\"height\":279,\"caption\":\"Schweizer Musikzeitung\"},\"image\":{\"@id\":\"https:\\\/\\\/www.musikzeitung.ch\\\/#\\\/schema\\\/logo\\\/image\\\/\"},\"sameAs\":[\"https:\\\/\\\/www.facebook.com\\\/SchweizerMusikzeitung\\\/\",\"https:\\\/\\\/x.com\\\/smusikzeitung\",\"https:\\\/\\\/www.instagram.com\\\/musikzeitung.ch\\\/\"]},{\"@type\":\"Person\",\"@id\":\"https:\\\/\\\/www.musikzeitung.ch\\\/#\\\/schema\\\/person\\\/ea3d7b86bd7157c78c7ddd37f2f82b5b\",\"name\":\"pia.schwab\",\"image\":{\"@type\":\"ImageObject\",\"inLanguage\":\"it-IT\",\"@id\":\"https:\\\/\\\/secure.gravatar.com\\\/avatar\\\/d39d170de4c2d07e897fbc26cf9d890fc046285c742207b86d8ebabe5fcde2c4?s=96&d=mm&r=g\",\"url\":\"https:\\\/\\\/secure.gravatar.com\\\/avatar\\\/d39d170de4c2d07e897fbc26cf9d890fc046285c742207b86d8ebabe5fcde2c4?s=96&d=mm&r=g\",\"contentUrl\":\"https:\\\/\\\/secure.gravatar.com\\\/avatar\\\/d39d170de4c2d07e897fbc26cf9d890fc046285c742207b86d8ebabe5fcde2c4?s=96&d=mm&r=g\",\"caption\":\"pia.schwab\"},\"url\":\"https:\\\/\\\/www.musikzeitung.ch\\\/it\\\/author\\\/pia-schwab\"}]}<\/script>\n<!-- \/ Yoast SEO plugin. -->","yoast_head_json":{"title":"Escursioni atmosferiche con violoncello e organo - Schweizer Musikzeitung","description":"Con il loro secondo album, Albin Brun e Kristina Brunner hanno deciso di fondere ulteriormente le loro rispettive musiche.","robots":{"index":"index","follow":"follow","max-snippet":"max-snippet:-1","max-image-preview":"max-image-preview:large","max-video-preview":"max-video-preview:-1"},"canonical":"https:\/\/www.musikzeitung.ch\/it\/rezensionen\/tontraeger-rezensionen\/2024\/01\/brun-brunner\/","og_locale":"it_IT","og_type":"article","og_title":"Atmosph\u00e4rische Ausfl\u00fcge mit Cello und \u00d6rgeli - Schweizer Musikzeitung","og_description":"Auf ihrem zweiten Album machen sich Albin Brun und Kristina Brunner daran, ihre jeweilige Musik weiter miteinander zu verschmelzen.","og_url":"https:\/\/www.musikzeitung.ch\/it\/rezensionen\/tontraeger-rezensionen\/2024\/01\/brun-brunner\/","og_site_name":"Schweizer Musikzeitung","article_publisher":"https:\/\/www.facebook.com\/SchweizerMusikzeitung\/","article_published_time":"2024-01-24T10:34:01+00:00","article_modified_time":"2024-01-24T14:11:01+00:00","og_image":[{"width":1400,"height":996,"url":"https:\/\/www.musikzeitung.ch\/wp-content\/uploads\/2024\/01\/Albin_Brun_Kristina_Brunner\u00a9MarkusWild-WIM_7664_print.jpg","type":"image\/jpeg"}],"author":"pia.schwab","twitter_card":"summary_large_image","twitter_creator":"@smusikzeitung","twitter_site":"@smusikzeitung","twitter_misc":{"Scritto da":"pia.schwab","Tempo di lettura stimato":"3 minuti"},"schema":{"@context":"https:\/\/schema.org","@graph":[{"@type":"Article","@id":"https:\/\/www.musikzeitung.ch\/rezensionen\/tontraeger-rezensionen\/2024\/01\/brun-brunner#article","isPartOf":{"@id":"https:\/\/www.musikzeitung.ch\/rezensionen\/tontraeger-rezensionen\/2024\/01\/brun-brunner"},"author":{"name":"pia.schwab","@id":"https:\/\/www.musikzeitung.ch\/#\/schema\/person\/ea3d7b86bd7157c78c7ddd37f2f82b5b"},"headline":"Atmosph\u00e4rische Ausfl\u00fcge mit Cello und \u00d6rgeli","datePublished":"2024-01-24T10:34:01+00:00","dateModified":"2024-01-24T14:11:01+00:00","mainEntityOfPage":{"@id":"https:\/\/www.musikzeitung.ch\/rezensionen\/tontraeger-rezensionen\/2024\/01\/brun-brunner"},"wordCount":315,"publisher":{"@id":"https:\/\/www.musikzeitung.ch\/#organization"},"image":{"@id":"https:\/\/www.musikzeitung.ch\/rezensionen\/tontraeger-rezensionen\/2024\/01\/brun-brunner#primaryimage"},"thumbnailUrl":"https:\/\/www.musikzeitung.ch\/wp-content\/uploads\/2024\/01\/Albin_Brun_Kristina_Brunner\u00a9MarkusWild-WIM_7664_print.jpg","keywords":["Albin Brun","Kristina Brunner"],"articleSection":["Rezensionen","Tontr\u00e4ger"],"inLanguage":"it-IT"},{"@type":"WebPage","@id":"https:\/\/www.musikzeitung.ch\/rezensionen\/tontraeger-rezensionen\/2024\/01\/brun-brunner","url":"https:\/\/www.musikzeitung.ch\/rezensionen\/tontraeger-rezensionen\/2024\/01\/brun-brunner","name":"Escursioni atmosferiche con violoncello e organo - Schweizer Musikzeitung","isPartOf":{"@id":"https:\/\/www.musikzeitung.ch\/#website"},"primaryImageOfPage":{"@id":"https:\/\/www.musikzeitung.ch\/rezensionen\/tontraeger-rezensionen\/2024\/01\/brun-brunner#primaryimage"},"image":{"@id":"https:\/\/www.musikzeitung.ch\/rezensionen\/tontraeger-rezensionen\/2024\/01\/brun-brunner#primaryimage"},"thumbnailUrl":"https:\/\/www.musikzeitung.ch\/wp-content\/uploads\/2024\/01\/Albin_Brun_Kristina_Brunner\u00a9MarkusWild-WIM_7664_print.jpg","datePublished":"2024-01-24T10:34:01+00:00","dateModified":"2024-01-24T14:11:01+00:00","description":"Con il loro secondo album, Albin Brun e Kristina Brunner hanno deciso di fondere ulteriormente le loro rispettive musiche.","breadcrumb":{"@id":"https:\/\/www.musikzeitung.ch\/rezensionen\/tontraeger-rezensionen\/2024\/01\/brun-brunner#breadcrumb"},"inLanguage":"it-IT","potentialAction":[{"@type":"ReadAction","target":["https:\/\/www.musikzeitung.ch\/rezensionen\/tontraeger-rezensionen\/2024\/01\/brun-brunner"]}]},{"@type":"ImageObject","inLanguage":"it-IT","@id":"https:\/\/www.musikzeitung.ch\/rezensionen\/tontraeger-rezensionen\/2024\/01\/brun-brunner#primaryimage","url":"https:\/\/www.musikzeitung.ch\/wp-content\/uploads\/2024\/01\/Albin_Brun_Kristina_Brunner\u00a9MarkusWild-WIM_7664_print.jpg","contentUrl":"https:\/\/www.musikzeitung.ch\/wp-content\/uploads\/2024\/01\/Albin_Brun_Kristina_Brunner\u00a9MarkusWild-WIM_7664_print.jpg","width":1400,"height":996},{"@type":"BreadcrumbList","@id":"https:\/\/www.musikzeitung.ch\/rezensionen\/tontraeger-rezensionen\/2024\/01\/brun-brunner#breadcrumb","itemListElement":[{"@type":"ListItem","position":1,"name":"Home","item":"https:\/\/www.musikzeitung.ch\/"},{"@type":"ListItem","position":2,"name":"Atmosph\u00e4rische Ausfl\u00fcge mit Cello und \u00d6rgeli"}]},{"@type":"WebSite","@id":"https:\/\/www.musikzeitung.ch\/#website","url":"https:\/\/www.musikzeitung.ch\/","name":"Giornale musicale svizzero","description":"Il principale mensile interdisciplinare della Svizzera per le questioni musicali.","publisher":{"@id":"https:\/\/www.musikzeitung.ch\/#organization"},"potentialAction":[{"@type":"SearchAction","target":{"@type":"EntryPoint","urlTemplate":"https:\/\/www.musikzeitung.ch\/?s={search_term_string}"},"query-input":{"@type":"PropertyValueSpecification","valueRequired":true,"valueName":"search_term_string"}}],"inLanguage":"it-IT"},{"@type":"Organization","@id":"https:\/\/www.musikzeitung.ch\/#organization","name":"Giornale musicale svizzero","url":"https:\/\/www.musikzeitung.ch\/","logo":{"@type":"ImageObject","inLanguage":"it-IT","@id":"https:\/\/www.musikzeitung.ch\/#\/schema\/logo\/image\/","url":"https:\/\/www.musikzeitung.ch\/wp-content\/uploads\/2023\/01\/SMZ_Schriftzug_Sprache.png","contentUrl":"https:\/\/www.musikzeitung.ch\/wp-content\/uploads\/2023\/01\/SMZ_Schriftzug_Sprache.png","width":1400,"height":279,"caption":"Schweizer Musikzeitung"},"image":{"@id":"https:\/\/www.musikzeitung.ch\/#\/schema\/logo\/image\/"},"sameAs":["https:\/\/www.facebook.com\/SchweizerMusikzeitung\/","https:\/\/x.com\/smusikzeitung","https:\/\/www.instagram.com\/musikzeitung.ch\/"]},{"@type":"Person","@id":"https:\/\/www.musikzeitung.ch\/#\/schema\/person\/ea3d7b86bd7157c78c7ddd37f2f82b5b","name":"pia.schwab","image":{"@type":"ImageObject","inLanguage":"it-IT","@id":"https:\/\/secure.gravatar.com\/avatar\/d39d170de4c2d07e897fbc26cf9d890fc046285c742207b86d8ebabe5fcde2c4?s=96&d=mm&r=g","url":"https:\/\/secure.gravatar.com\/avatar\/d39d170de4c2d07e897fbc26cf9d890fc046285c742207b86d8ebabe5fcde2c4?s=96&d=mm&r=g","contentUrl":"https:\/\/secure.gravatar.com\/avatar\/d39d170de4c2d07e897fbc26cf9d890fc046285c742207b86d8ebabe5fcde2c4?s=96&d=mm&r=g","caption":"pia.schwab"},"url":"https:\/\/www.musikzeitung.ch\/it\/author\/pia-schwab"}]}},"publishpress_future_workflow_manual_trigger":{"enabledWorkflows":[]},"_links":{"self":[{"href":"https:\/\/www.musikzeitung.ch\/it\/wp-json\/wp\/v2\/posts\/50923","targetHints":{"allow":["GET"]}}],"collection":[{"href":"https:\/\/www.musikzeitung.ch\/it\/wp-json\/wp\/v2\/posts"}],"about":[{"href":"https:\/\/www.musikzeitung.ch\/it\/wp-json\/wp\/v2\/types\/post"}],"author":[{"embeddable":true,"href":"https:\/\/www.musikzeitung.ch\/it\/wp-json\/wp\/v2\/users\/29"}],"replies":[{"embeddable":true,"href":"https:\/\/www.musikzeitung.ch\/it\/wp-json\/wp\/v2\/comments?post=50923"}],"version-history":[{"count":2,"href":"https:\/\/www.musikzeitung.ch\/it\/wp-json\/wp\/v2\/posts\/50923\/revisions"}],"predecessor-version":[{"id":50930,"href":"https:\/\/www.musikzeitung.ch\/it\/wp-json\/wp\/v2\/posts\/50923\/revisions\/50930"}],"wp:featuredmedia":[{"embeddable":true,"href":"https:\/\/www.musikzeitung.ch\/it\/wp-json\/wp\/v2\/media\/50924"}],"wp:attachment":[{"href":"https:\/\/www.musikzeitung.ch\/it\/wp-json\/wp\/v2\/media?parent=50923"}],"wp:term":[{"taxonomy":"category","embeddable":true,"href":"https:\/\/www.musikzeitung.ch\/it\/wp-json\/wp\/v2\/categories?post=50923"},{"taxonomy":"post_tag","embeddable":true,"href":"https:\/\/www.musikzeitung.ch\/it\/wp-json\/wp\/v2\/tags?post=50923"}],"curies":[{"name":"wp","href":"https:\/\/api.w.org\/{rel}","templated":true}]}}