{"id":5098,"date":"2017-09-27T00:00:00","date_gmt":"2017-09-26T23:00:00","guid":{"rendered":"https:\/\/www.musikzeitung.ch\/allgemein\/basler-kulturpreis-fuer-kaserne-leiterin-schlewitt\/"},"modified":"2017-09-27T00:00:00","modified_gmt":"2017-09-26T23:00:00","slug":"basler-kulturpreis-fuer-kaserne-leiterin-schlewitt","status":"publish","type":"post","link":"https:\/\/www.musikzeitung.ch\/it\/politik\/2017\/09\/basler-kulturpreis-fuer-kaserne-leiterin-schlewitt","title":{"rendered":"Premio Basilea per la cultura al direttore della Kaserne Schlewitt"},"content":{"rendered":"<figure style=\"width: 1200px\" class=\"wp-caption alignnone\"><img decoding=\"async\" class=\"size-full\" src=\"https:\/\/www.musikzeitung.ch\/wp-content\/uploads\/2023\/01\/170927schlewitt.jpg\" alt=\"\" \/><figcaption class=\"wp-caption-text\">Carena Schlewitt (Foto: Eleni Kougionis)<\/figcaption><\/figure>\n<div class='text-section'>\n<p>Secondo il Cantone, Carena Schlewitt \"come personalit\u00e0 ha avuto un effetto unificante e integrativo con la Kaserne Basel sul sito della caserma e nella citt\u00e0\". \u00c8 riuscita a creare una scena teatrale e di danza indipendente riconosciuta a livello nazionale e a preservare la Kaserne Basel come la pi\u00f9 importante sala da concerto per la musica popolare della Svizzera nord-occidentale, oltre a posizionare il Festival teatrale di Basilea come un importante festival internazionale in Svizzera.<\/p>\n<p>Carena Schlewitt, nata a Lipsia, ha studiato teatro all'Universit\u00e0 Humboldt di Berlino e ha lavorato all'Accademia delle Arti di Berlino Est, al Podewil e al Festival Theater der Welt di Berlino. Ha lavorato come drammaturga e vice direttore artistico al Forum Freies Theater di D\u00fcsseldorf e come curatrice teatrale e vice direttore artistico al Theater Hebbel am Ufer di Berlino. Nel 2018 assumer\u00e0 la direzione di Hellerau - Centro europeo per le arti di Dresda.<\/p>\n<p>Il Premio Basilea per la Cultura sar\u00e0 assegnato quest'anno per la 45a volta. La giuria del premio 2017 \u00e8 composta da Peter Bl\u00e4uer, direttore della Liste Art Fair Basel; Vadim Jendreyko, regista e produttore; Marc Krebs, redattore per la cultura, bz Basellandschaftliche Zeitung; Ellinor Landmann, redattore per l'arte e la societ\u00e0, Radio SRF2Kultur; Felix Meyer, direttore della Fondazione Paul Sacher; Manuela Waeber, redattrice freelance, Jeannette Voirol, responsabile delle istituzioni culturali, Dipartimento della Cultura (presidente).<br \/> \u00a0<\/p>\n<\/div>","protected":false},"excerpt":{"rendered":"<p><strong>Carena Schlewitt, direttrice artistica della Kaserne Basel, \u00e8 stata insignita del Premio Cultura 2017 di Basilea, del valore di 20.000 franchi. La Kaserne Basel \u00e8 considerata la pi\u00f9 importante sede di concerti di musica popolare della Svizzera nord-occidentale. <\/strong><\/p>","protected":false},"author":1,"featured_media":5099,"comment_status":"open","ping_status":"open","sticky":false,"template":"","format":"standard","meta":{"_acf_changed":false,"_relevanssi_hide_post":"","_relevanssi_hide_content":"","_relevanssi_pin_for_all":"","_relevanssi_pin_keywords":"","_relevanssi_unpin_keywords":"","_relevanssi_related_keywords":"","_relevanssi_related_include_ids":"","_relevanssi_related_exclude_ids":"","_relevanssi_related_no_append":"","_relevanssi_related_not_related":"","_relevanssi_related_posts":"","_relevanssi_noindex_reason":"","pgc_sgb_lightbox_settings":"","footnotes":""},"categories":[1081,767],"tags":[],"class_list":["post-5098","post","type-post","status-publish","format-standard","has-post-thumbnail","hentry","category-kantone-und-gemeinden","category-politik"],"acf":[],"yoast_head":"<!-- This site is optimized with the Yoast SEO plugin v27.5 - https:\/\/yoast.com\/product\/yoast-seo-wordpress\/ -->\n<title>Basler Kulturpreis f\u00fcr Kaserne-Leiterin Schlewitt - Schweizer Musikzeitung<\/title>\n<meta name=\"robots\" content=\"index, follow, max-snippet:-1, max-image-preview:large, max-video-preview:-1\" \/>\n<link rel=\"canonical\" href=\"https:\/\/www.musikzeitung.ch\/it\/politik\/2017\/09\/basler-kulturpreis-fuer-kaserne-leiterin-schlewitt\/\" \/>\n<meta property=\"og:locale\" content=\"it_IT\" \/>\n<meta property=\"og:type\" content=\"article\" \/>\n<meta property=\"og:title\" content=\"Basler Kulturpreis f\u00fcr Kaserne-Leiterin Schlewitt - Schweizer Musikzeitung\" \/>\n<meta property=\"og:description\" content=\"Carena Schlewitt, die k\u00fcnstlerische Leiterin der Kaserne Basel, erh\u00e4lt den mit 20&#039;000 Franken dotierten Basler Kulturpreis 2017. Die Kaserne Basel gilt unter anderem als wichtigstes Konzerthaus f\u00fcr Popul\u00e4rmusik in der Nordwestschweiz.\" \/>\n<meta property=\"og:url\" content=\"https:\/\/www.musikzeitung.ch\/it\/politik\/2017\/09\/basler-kulturpreis-fuer-kaserne-leiterin-schlewitt\/\" \/>\n<meta property=\"og:site_name\" content=\"Schweizer Musikzeitung\" \/>\n<meta property=\"article:publisher\" content=\"https:\/\/www.facebook.com\/SchweizerMusikzeitung\/\" \/>\n<meta property=\"article:published_time\" content=\"2017-09-26T23:00:00+00:00\" \/>\n<meta property=\"og:image\" content=\"https:\/\/www.musikzeitung.ch\/wp-content\/uploads\/2023\/01\/170927schlewitt.jpg\" \/>\n\t<meta property=\"og:image:width\" content=\"554\" \/>\n\t<meta property=\"og:image:height\" content=\"446\" \/>\n\t<meta property=\"og:image:type\" content=\"image\/jpeg\" \/>\n<meta name=\"author\" content=\"Musikzeitung-Redaktion\" \/>\n<meta name=\"twitter:card\" content=\"summary_large_image\" \/>\n<meta name=\"twitter:creator\" content=\"@smusikzeitung\" \/>\n<meta name=\"twitter:site\" content=\"@smusikzeitung\" \/>\n<meta name=\"twitter:label1\" content=\"Scritto da\" \/>\n\t<meta name=\"twitter:data1\" content=\"Musikzeitung-Redaktion\" \/>\n\t<meta name=\"twitter:label2\" content=\"Tempo di lettura stimato\" \/>\n\t<meta name=\"twitter:data2\" content=\"1 minuto\" \/>\n<script type=\"application\/ld+json\" class=\"yoast-schema-graph\">{\"@context\":\"https:\\\/\\\/schema.org\",\"@graph\":[{\"@type\":\"Article\",\"@id\":\"https:\\\/\\\/www.musikzeitung.ch\\\/politik\\\/2017\\\/09\\\/basler-kulturpreis-fuer-kaserne-leiterin-schlewitt#article\",\"isPartOf\":{\"@id\":\"https:\\\/\\\/www.musikzeitung.ch\\\/politik\\\/2017\\\/09\\\/basler-kulturpreis-fuer-kaserne-leiterin-schlewitt\"},\"author\":{\"name\":\"Musikzeitung-Redaktion\",\"@id\":\"https:\\\/\\\/www.musikzeitung.ch\\\/#\\\/schema\\\/person\\\/b2fd892c800856270b9dcc6001265712\"},\"headline\":\"Basler Kulturpreis f\u00fcr Kaserne-Leiterin Schlewitt\",\"datePublished\":\"2017-09-26T23:00:00+00:00\",\"mainEntityOfPage\":{\"@id\":\"https:\\\/\\\/www.musikzeitung.ch\\\/politik\\\/2017\\\/09\\\/basler-kulturpreis-fuer-kaserne-leiterin-schlewitt\"},\"wordCount\":225,\"commentCount\":0,\"publisher\":{\"@id\":\"https:\\\/\\\/www.musikzeitung.ch\\\/#organization\"},\"image\":{\"@id\":\"https:\\\/\\\/www.musikzeitung.ch\\\/politik\\\/2017\\\/09\\\/basler-kulturpreis-fuer-kaserne-leiterin-schlewitt#primaryimage\"},\"thumbnailUrl\":\"https:\\\/\\\/www.musikzeitung.ch\\\/wp-content\\\/uploads\\\/2023\\\/01\\\/170927schlewitt.jpg\",\"articleSection\":[\"Kantone und Gemeinden\",\"Politik\"],\"inLanguage\":\"it-IT\"},{\"@type\":\"WebPage\",\"@id\":\"https:\\\/\\\/www.musikzeitung.ch\\\/politik\\\/2017\\\/09\\\/basler-kulturpreis-fuer-kaserne-leiterin-schlewitt\",\"url\":\"https:\\\/\\\/www.musikzeitung.ch\\\/politik\\\/2017\\\/09\\\/basler-kulturpreis-fuer-kaserne-leiterin-schlewitt\",\"name\":\"Basler Kulturpreis f\u00fcr Kaserne-Leiterin Schlewitt - Schweizer Musikzeitung\",\"isPartOf\":{\"@id\":\"https:\\\/\\\/www.musikzeitung.ch\\\/#website\"},\"primaryImageOfPage\":{\"@id\":\"https:\\\/\\\/www.musikzeitung.ch\\\/politik\\\/2017\\\/09\\\/basler-kulturpreis-fuer-kaserne-leiterin-schlewitt#primaryimage\"},\"image\":{\"@id\":\"https:\\\/\\\/www.musikzeitung.ch\\\/politik\\\/2017\\\/09\\\/basler-kulturpreis-fuer-kaserne-leiterin-schlewitt#primaryimage\"},\"thumbnailUrl\":\"https:\\\/\\\/www.musikzeitung.ch\\\/wp-content\\\/uploads\\\/2023\\\/01\\\/170927schlewitt.jpg\",\"datePublished\":\"2017-09-26T23:00:00+00:00\",\"breadcrumb\":{\"@id\":\"https:\\\/\\\/www.musikzeitung.ch\\\/politik\\\/2017\\\/09\\\/basler-kulturpreis-fuer-kaserne-leiterin-schlewitt#breadcrumb\"},\"inLanguage\":\"it-IT\",\"potentialAction\":[{\"@type\":\"ReadAction\",\"target\":[\"https:\\\/\\\/www.musikzeitung.ch\\\/politik\\\/2017\\\/09\\\/basler-kulturpreis-fuer-kaserne-leiterin-schlewitt\"]}]},{\"@type\":\"ImageObject\",\"inLanguage\":\"it-IT\",\"@id\":\"https:\\\/\\\/www.musikzeitung.ch\\\/politik\\\/2017\\\/09\\\/basler-kulturpreis-fuer-kaserne-leiterin-schlewitt#primaryimage\",\"url\":\"https:\\\/\\\/www.musikzeitung.ch\\\/wp-content\\\/uploads\\\/2023\\\/01\\\/170927schlewitt.jpg\",\"contentUrl\":\"https:\\\/\\\/www.musikzeitung.ch\\\/wp-content\\\/uploads\\\/2023\\\/01\\\/170927schlewitt.jpg\",\"width\":554,\"height\":446},{\"@type\":\"BreadcrumbList\",\"@id\":\"https:\\\/\\\/www.musikzeitung.ch\\\/politik\\\/2017\\\/09\\\/basler-kulturpreis-fuer-kaserne-leiterin-schlewitt#breadcrumb\",\"itemListElement\":[{\"@type\":\"ListItem\",\"position\":1,\"name\":\"Home\",\"item\":\"https:\\\/\\\/www.musikzeitung.ch\\\/\"},{\"@type\":\"ListItem\",\"position\":2,\"name\":\"Basler Kulturpreis f\u00fcr Kaserne-Leiterin Schlewitt\"}]},{\"@type\":\"WebSite\",\"@id\":\"https:\\\/\\\/www.musikzeitung.ch\\\/#website\",\"url\":\"https:\\\/\\\/www.musikzeitung.ch\\\/\",\"name\":\"Schweizer Musikzeitung\",\"description\":\"Die f\u00fchrende sparten\u00fcbergreifende Monatszeitung in der Schweiz f\u00fcr musikalische Fragen.\",\"publisher\":{\"@id\":\"https:\\\/\\\/www.musikzeitung.ch\\\/#organization\"},\"potentialAction\":[{\"@type\":\"SearchAction\",\"target\":{\"@type\":\"EntryPoint\",\"urlTemplate\":\"https:\\\/\\\/www.musikzeitung.ch\\\/?s={search_term_string}\"},\"query-input\":{\"@type\":\"PropertyValueSpecification\",\"valueRequired\":true,\"valueName\":\"search_term_string\"}}],\"inLanguage\":\"it-IT\"},{\"@type\":\"Organization\",\"@id\":\"https:\\\/\\\/www.musikzeitung.ch\\\/#organization\",\"name\":\"Schweizer Musikzeitung\",\"url\":\"https:\\\/\\\/www.musikzeitung.ch\\\/\",\"logo\":{\"@type\":\"ImageObject\",\"inLanguage\":\"it-IT\",\"@id\":\"https:\\\/\\\/www.musikzeitung.ch\\\/#\\\/schema\\\/logo\\\/image\\\/\",\"url\":\"https:\\\/\\\/www.musikzeitung.ch\\\/wp-content\\\/uploads\\\/2023\\\/01\\\/SMZ_Schriftzug_Sprache.png\",\"contentUrl\":\"https:\\\/\\\/www.musikzeitung.ch\\\/wp-content\\\/uploads\\\/2023\\\/01\\\/SMZ_Schriftzug_Sprache.png\",\"width\":1400,\"height\":279,\"caption\":\"Schweizer Musikzeitung\"},\"image\":{\"@id\":\"https:\\\/\\\/www.musikzeitung.ch\\\/#\\\/schema\\\/logo\\\/image\\\/\"},\"sameAs\":[\"https:\\\/\\\/www.facebook.com\\\/SchweizerMusikzeitung\\\/\",\"https:\\\/\\\/x.com\\\/smusikzeitung\",\"https:\\\/\\\/www.instagram.com\\\/musikzeitung.ch\\\/\"]},{\"@type\":\"Person\",\"@id\":\"https:\\\/\\\/www.musikzeitung.ch\\\/#\\\/schema\\\/person\\\/b2fd892c800856270b9dcc6001265712\",\"name\":\"Musikzeitung-Redaktion\",\"image\":{\"@type\":\"ImageObject\",\"inLanguage\":\"it-IT\",\"@id\":\"https:\\\/\\\/www.musikzeitung.ch\\\/wp-content\\\/uploads\\\/2022\\\/05\\\/usericon_musikzeitung-96x96.jpg\",\"url\":\"https:\\\/\\\/www.musikzeitung.ch\\\/wp-content\\\/uploads\\\/2022\\\/05\\\/usericon_musikzeitung-96x96.jpg\",\"contentUrl\":\"https:\\\/\\\/www.musikzeitung.ch\\\/wp-content\\\/uploads\\\/2022\\\/05\\\/usericon_musikzeitung-96x96.jpg\",\"caption\":\"Musikzeitung-Redaktion\"},\"url\":\"https:\\\/\\\/www.musikzeitung.ch\\\/it\\\/author\\\/admin\"}]}<\/script>\n<!-- \/ Yoast SEO plugin. -->","yoast_head_json":{"title":"Basler Kulturpreis f\u00fcr Kaserne-Leiterin Schlewitt - Schweizer Musikzeitung","robots":{"index":"index","follow":"follow","max-snippet":"max-snippet:-1","max-image-preview":"max-image-preview:large","max-video-preview":"max-video-preview:-1"},"canonical":"https:\/\/www.musikzeitung.ch\/it\/politik\/2017\/09\/basler-kulturpreis-fuer-kaserne-leiterin-schlewitt\/","og_locale":"it_IT","og_type":"article","og_title":"Basler Kulturpreis f\u00fcr Kaserne-Leiterin Schlewitt - Schweizer Musikzeitung","og_description":"Carena Schlewitt, die k\u00fcnstlerische Leiterin der Kaserne Basel, erh\u00e4lt den mit 20'000 Franken dotierten Basler Kulturpreis 2017. Die Kaserne Basel gilt unter anderem als wichtigstes Konzerthaus f\u00fcr Popul\u00e4rmusik in der Nordwestschweiz.","og_url":"https:\/\/www.musikzeitung.ch\/it\/politik\/2017\/09\/basler-kulturpreis-fuer-kaserne-leiterin-schlewitt\/","og_site_name":"Schweizer Musikzeitung","article_publisher":"https:\/\/www.facebook.com\/SchweizerMusikzeitung\/","article_published_time":"2017-09-26T23:00:00+00:00","og_image":[{"width":554,"height":446,"url":"https:\/\/www.musikzeitung.ch\/wp-content\/uploads\/2023\/01\/170927schlewitt.jpg","type":"image\/jpeg"}],"author":"Musikzeitung-Redaktion","twitter_card":"summary_large_image","twitter_creator":"@smusikzeitung","twitter_site":"@smusikzeitung","twitter_misc":{"Scritto da":"Musikzeitung-Redaktion","Tempo di lettura stimato":"1 minuto"},"schema":{"@context":"https:\/\/schema.org","@graph":[{"@type":"Article","@id":"https:\/\/www.musikzeitung.ch\/politik\/2017\/09\/basler-kulturpreis-fuer-kaserne-leiterin-schlewitt#article","isPartOf":{"@id":"https:\/\/www.musikzeitung.ch\/politik\/2017\/09\/basler-kulturpreis-fuer-kaserne-leiterin-schlewitt"},"author":{"name":"Musikzeitung-Redaktion","@id":"https:\/\/www.musikzeitung.ch\/#\/schema\/person\/b2fd892c800856270b9dcc6001265712"},"headline":"Basler Kulturpreis f\u00fcr Kaserne-Leiterin Schlewitt","datePublished":"2017-09-26T23:00:00+00:00","mainEntityOfPage":{"@id":"https:\/\/www.musikzeitung.ch\/politik\/2017\/09\/basler-kulturpreis-fuer-kaserne-leiterin-schlewitt"},"wordCount":225,"commentCount":0,"publisher":{"@id":"https:\/\/www.musikzeitung.ch\/#organization"},"image":{"@id":"https:\/\/www.musikzeitung.ch\/politik\/2017\/09\/basler-kulturpreis-fuer-kaserne-leiterin-schlewitt#primaryimage"},"thumbnailUrl":"https:\/\/www.musikzeitung.ch\/wp-content\/uploads\/2023\/01\/170927schlewitt.jpg","articleSection":["Kantone und Gemeinden","Politik"],"inLanguage":"it-IT"},{"@type":"WebPage","@id":"https:\/\/www.musikzeitung.ch\/politik\/2017\/09\/basler-kulturpreis-fuer-kaserne-leiterin-schlewitt","url":"https:\/\/www.musikzeitung.ch\/politik\/2017\/09\/basler-kulturpreis-fuer-kaserne-leiterin-schlewitt","name":"Basler Kulturpreis f\u00fcr Kaserne-Leiterin Schlewitt - Schweizer Musikzeitung","isPartOf":{"@id":"https:\/\/www.musikzeitung.ch\/#website"},"primaryImageOfPage":{"@id":"https:\/\/www.musikzeitung.ch\/politik\/2017\/09\/basler-kulturpreis-fuer-kaserne-leiterin-schlewitt#primaryimage"},"image":{"@id":"https:\/\/www.musikzeitung.ch\/politik\/2017\/09\/basler-kulturpreis-fuer-kaserne-leiterin-schlewitt#primaryimage"},"thumbnailUrl":"https:\/\/www.musikzeitung.ch\/wp-content\/uploads\/2023\/01\/170927schlewitt.jpg","datePublished":"2017-09-26T23:00:00+00:00","breadcrumb":{"@id":"https:\/\/www.musikzeitung.ch\/politik\/2017\/09\/basler-kulturpreis-fuer-kaserne-leiterin-schlewitt#breadcrumb"},"inLanguage":"it-IT","potentialAction":[{"@type":"ReadAction","target":["https:\/\/www.musikzeitung.ch\/politik\/2017\/09\/basler-kulturpreis-fuer-kaserne-leiterin-schlewitt"]}]},{"@type":"ImageObject","inLanguage":"it-IT","@id":"https:\/\/www.musikzeitung.ch\/politik\/2017\/09\/basler-kulturpreis-fuer-kaserne-leiterin-schlewitt#primaryimage","url":"https:\/\/www.musikzeitung.ch\/wp-content\/uploads\/2023\/01\/170927schlewitt.jpg","contentUrl":"https:\/\/www.musikzeitung.ch\/wp-content\/uploads\/2023\/01\/170927schlewitt.jpg","width":554,"height":446},{"@type":"BreadcrumbList","@id":"https:\/\/www.musikzeitung.ch\/politik\/2017\/09\/basler-kulturpreis-fuer-kaserne-leiterin-schlewitt#breadcrumb","itemListElement":[{"@type":"ListItem","position":1,"name":"Home","item":"https:\/\/www.musikzeitung.ch\/"},{"@type":"ListItem","position":2,"name":"Basler Kulturpreis f\u00fcr Kaserne-Leiterin Schlewitt"}]},{"@type":"WebSite","@id":"https:\/\/www.musikzeitung.ch\/#website","url":"https:\/\/www.musikzeitung.ch\/","name":"Giornale musicale svizzero","description":"Il principale mensile interdisciplinare della Svizzera per le questioni musicali.","publisher":{"@id":"https:\/\/www.musikzeitung.ch\/#organization"},"potentialAction":[{"@type":"SearchAction","target":{"@type":"EntryPoint","urlTemplate":"https:\/\/www.musikzeitung.ch\/?s={search_term_string}"},"query-input":{"@type":"PropertyValueSpecification","valueRequired":true,"valueName":"search_term_string"}}],"inLanguage":"it-IT"},{"@type":"Organization","@id":"https:\/\/www.musikzeitung.ch\/#organization","name":"Giornale musicale svizzero","url":"https:\/\/www.musikzeitung.ch\/","logo":{"@type":"ImageObject","inLanguage":"it-IT","@id":"https:\/\/www.musikzeitung.ch\/#\/schema\/logo\/image\/","url":"https:\/\/www.musikzeitung.ch\/wp-content\/uploads\/2023\/01\/SMZ_Schriftzug_Sprache.png","contentUrl":"https:\/\/www.musikzeitung.ch\/wp-content\/uploads\/2023\/01\/SMZ_Schriftzug_Sprache.png","width":1400,"height":279,"caption":"Schweizer Musikzeitung"},"image":{"@id":"https:\/\/www.musikzeitung.ch\/#\/schema\/logo\/image\/"},"sameAs":["https:\/\/www.facebook.com\/SchweizerMusikzeitung\/","https:\/\/x.com\/smusikzeitung","https:\/\/www.instagram.com\/musikzeitung.ch\/"]},{"@type":"Person","@id":"https:\/\/www.musikzeitung.ch\/#\/schema\/person\/b2fd892c800856270b9dcc6001265712","name":"Redazione Musikzeitung","image":{"@type":"ImageObject","inLanguage":"it-IT","@id":"https:\/\/www.musikzeitung.ch\/wp-content\/uploads\/2022\/05\/usericon_musikzeitung-96x96.jpg","url":"https:\/\/www.musikzeitung.ch\/wp-content\/uploads\/2022\/05\/usericon_musikzeitung-96x96.jpg","contentUrl":"https:\/\/www.musikzeitung.ch\/wp-content\/uploads\/2022\/05\/usericon_musikzeitung-96x96.jpg","caption":"Musikzeitung-Redaktion"},"url":"https:\/\/www.musikzeitung.ch\/it\/author\/admin"}]}},"publishpress_future_workflow_manual_trigger":{"enabledWorkflows":[]},"_links":{"self":[{"href":"https:\/\/www.musikzeitung.ch\/it\/wp-json\/wp\/v2\/posts\/5098","targetHints":{"allow":["GET"]}}],"collection":[{"href":"https:\/\/www.musikzeitung.ch\/it\/wp-json\/wp\/v2\/posts"}],"about":[{"href":"https:\/\/www.musikzeitung.ch\/it\/wp-json\/wp\/v2\/types\/post"}],"author":[{"embeddable":true,"href":"https:\/\/www.musikzeitung.ch\/it\/wp-json\/wp\/v2\/users\/1"}],"replies":[{"embeddable":true,"href":"https:\/\/www.musikzeitung.ch\/it\/wp-json\/wp\/v2\/comments?post=5098"}],"version-history":[{"count":0,"href":"https:\/\/www.musikzeitung.ch\/it\/wp-json\/wp\/v2\/posts\/5098\/revisions"}],"wp:featuredmedia":[{"embeddable":true,"href":"https:\/\/www.musikzeitung.ch\/it\/wp-json\/wp\/v2\/media\/5099"}],"wp:attachment":[{"href":"https:\/\/www.musikzeitung.ch\/it\/wp-json\/wp\/v2\/media?parent=5098"}],"wp:term":[{"taxonomy":"category","embeddable":true,"href":"https:\/\/www.musikzeitung.ch\/it\/wp-json\/wp\/v2\/categories?post=5098"},{"taxonomy":"post_tag","embeddable":true,"href":"https:\/\/www.musikzeitung.ch\/it\/wp-json\/wp\/v2\/tags?post=5098"}],"curies":[{"name":"wp","href":"https:\/\/api.w.org\/{rel}","templated":true}]}}