{"id":51551,"date":"2024-01-29T12:40:38","date_gmt":"2024-01-29T11:40:38","guid":{"rendered":"https:\/\/www.musikzeitung.ch\/?p=51551"},"modified":"2024-02-05T14:31:27","modified_gmt":"2024-02-05T13:31:27","slug":"mehr-musikerstellen-in-deutschen-berufsorchestern","status":"publish","type":"post","link":"https:\/\/www.musikzeitung.ch\/it\/news\/2024\/01\/mehr-musikerstellen-in-deutschen-berufsorchestern","title":{"rendered":"Pi\u00f9 posti da musicista nelle orchestre professionali tedesche"},"content":{"rendered":"<figure id=\"attachment_51556\" aria-describedby=\"caption-attachment-51556\" style=\"width: 660px\" class=\"wp-caption aligncenter\"><img loading=\"lazy\" decoding=\"async\" class=\"wp-image-51556\" src=\"https:\/\/www.musikzeitung.ch\/wp-content\/uploads\/2024\/01\/240129orchester.jpg\" alt=\"\" width=\"660\" height=\"383\" srcset=\"https:\/\/www.musikzeitung.ch\/wp-content\/uploads\/2024\/01\/240129orchester.jpg 991w, https:\/\/www.musikzeitung.ch\/wp-content\/uploads\/2024\/01\/240129orchester-300x174.jpg 300w, https:\/\/www.musikzeitung.ch\/wp-content\/uploads\/2024\/01\/240129orchester-768x446.jpg 768w, https:\/\/www.musikzeitung.ch\/wp-content\/uploads\/2024\/01\/240129orchester-302x175.jpg 302w, https:\/\/www.musikzeitung.ch\/wp-content\/uploads\/2024\/01\/240129orchester-603x350.jpg 603w, https:\/\/www.musikzeitung.ch\/wp-content\/uploads\/2024\/01\/240129orchester-920x534.jpg 920w\" sizes=\"auto, (max-width: 660px) 100vw, 660px\" \/><figcaption id=\"caption-attachment-51556\" class=\"wp-caption-text\">Orchestra sinfonica di Gottinga (Immagine: Wikimedia\/Jean11)<\/figcaption><\/figure>\n<p>Secondo un comunicato stampa dell'Associazione tedesca per la musica e le orchestre (Deutsche Musik- und Orchestervereinigung unisono), il numero di posizioni riconosciute per i musicisti nelle 129 orchestre professionali \u00e8 leggermente aumentato a 9770,65 posizioni. Nel 2022 sono state segnalate ancora 9749 posizioni. La situazione delle orchestre professionali in Germania si \u00e8 ampiamente consolidata dopo decenni di adeguamenti strutturali. Nel 1992 c'erano ancora 168 orchestre. Tuttavia, \"le crescenti incertezze relative al finanziamento dell'emittenza pubblica\" sono fonte di preoccupazione. Queste riguardano il futuro di tutte le orchestre radiofoniche, compresi i sette cori radiofonici e le quattro big band.<\/p>\n<p>Il 36% segnala un peggioramento della situazione del reclutamento negli ultimi dieci anni. Anche l'impegno richiesto \u00e8 in aumento: solo poco meno del 21% delle orchestre riesce a coprire i posti vacanti con una sola procedura di candidatura. Il 36% ha bisogno di 12 mesi o pi\u00f9 per coprire un posto vacante.<\/p>\n<p><strong>Per saperne di pi\u00f9:<\/strong><br \/>\n<a href=\"https:\/\/uni-sono.org\/presse_meldungen\/mehr-musikerstellen-in-deutschen-berufsorchestern\/\">https:\/\/uni-sono.org\/presse_meldungen\/mehr-musikerstellen-in-deutschen-berufsorchestern\/<\/a><\/p>\n<p>&nbsp;<\/p>","protected":false},"excerpt":{"rendered":"<p>Il numero di posizioni permanenti nelle 129 orchestre professionali tedesche \u00e8 leggermente aumentato. Tuttavia, la met\u00e0 degli ensemble ha problemi a coprire le posizioni in modo tempestivo.<\/p>","protected":false},"author":30,"featured_media":51556,"comment_status":"closed","ping_status":"closed","sticky":false,"template":"","format":"standard","meta":{"_acf_changed":false,"_relevanssi_hide_post":"","_relevanssi_hide_content":"","_relevanssi_pin_for_all":"","_relevanssi_pin_keywords":"","_relevanssi_unpin_keywords":"","_relevanssi_related_keywords":"","_relevanssi_related_include_ids":"","_relevanssi_related_exclude_ids":"","_relevanssi_related_no_append":"","_relevanssi_related_not_related":"","_relevanssi_related_posts":"","_relevanssi_noindex_reason":"","pgc_sgb_lightbox_settings":"","footnotes":""},"categories":[27],"tags":[3634],"class_list":["post-51551","post","type-post","status-publish","format-standard","has-post-thumbnail","hentry","category-news","tag-deutschen-musik-und-orchestervereinigung"],"acf":[],"yoast_head":"<!-- This site is optimized with the Yoast SEO plugin v27.4 - https:\/\/yoast.com\/product\/yoast-seo-wordpress\/ -->\n<title>Mehr Musikerstellen in deutschen Berufsorchestern - Schweizer Musikzeitung<\/title>\n<meta name=\"description\" content=\"Die Zahl der Planstellen in deutschen Berufsorchestern ist leicht gestiegen. Die H\u00e4lfte der Ensembles haben Probleme, ihre Stellen zeitnah zu besetzen.\" \/>\n<meta name=\"robots\" content=\"index, follow, max-snippet:-1, max-image-preview:large, max-video-preview:-1\" \/>\n<link rel=\"canonical\" href=\"https:\/\/www.musikzeitung.ch\/it\/news\/2024\/01\/mehr-musikerstellen-in-deutschen-berufsorchestern\/\" \/>\n<meta property=\"og:locale\" content=\"it_IT\" \/>\n<meta property=\"og:type\" content=\"article\" \/>\n<meta property=\"og:title\" content=\"Mehr Musikerstellen in deutschen Berufsorchestern - Schweizer Musikzeitung\" \/>\n<meta property=\"og:description\" content=\"Die Zahl der Planstellen in deutschen Berufsorchestern ist leicht gestiegen. Die H\u00e4lfte der Ensembles haben Probleme, ihre Stellen zeitnah zu besetzen.\" \/>\n<meta property=\"og:url\" content=\"https:\/\/www.musikzeitung.ch\/it\/news\/2024\/01\/mehr-musikerstellen-in-deutschen-berufsorchestern\/\" \/>\n<meta property=\"og:site_name\" content=\"Schweizer Musikzeitung\" \/>\n<meta property=\"article:publisher\" content=\"https:\/\/www.facebook.com\/SchweizerMusikzeitung\/\" \/>\n<meta property=\"article:author\" content=\"https:\/\/www.facebook.com\/wolfgang.bohler.75\" \/>\n<meta property=\"article:published_time\" content=\"2024-01-29T11:40:38+00:00\" \/>\n<meta property=\"article:modified_time\" content=\"2024-02-05T13:31:27+00:00\" \/>\n<meta property=\"og:image\" content=\"https:\/\/www.musikzeitung.ch\/wp-content\/uploads\/2024\/01\/240129orchester.jpg\" \/>\n\t<meta property=\"og:image:width\" content=\"991\" \/>\n\t<meta property=\"og:image:height\" content=\"575\" \/>\n\t<meta property=\"og:image:type\" content=\"image\/jpeg\" \/>\n<meta name=\"author\" content=\"Wolfgang B\u00f6hler\" \/>\n<meta name=\"twitter:card\" content=\"summary_large_image\" \/>\n<meta name=\"twitter:creator\" content=\"@smusikzeitung\" \/>\n<meta name=\"twitter:site\" content=\"@smusikzeitung\" \/>\n<meta name=\"twitter:label1\" content=\"Scritto da\" \/>\n\t<meta name=\"twitter:data1\" content=\"Wolfgang B\u00f6hler\" \/>\n\t<meta name=\"twitter:label2\" content=\"Tempo di lettura stimato\" \/>\n\t<meta name=\"twitter:data2\" content=\"2 minuti\" \/>\n<script type=\"application\/ld+json\" class=\"yoast-schema-graph\">{\"@context\":\"https:\\\/\\\/schema.org\",\"@graph\":[{\"@type\":\"Article\",\"@id\":\"https:\\\/\\\/www.musikzeitung.ch\\\/news\\\/2024\\\/01\\\/mehr-musikerstellen-in-deutschen-berufsorchestern#article\",\"isPartOf\":{\"@id\":\"https:\\\/\\\/www.musikzeitung.ch\\\/news\\\/2024\\\/01\\\/mehr-musikerstellen-in-deutschen-berufsorchestern\"},\"author\":{\"name\":\"Wolfgang B\u00f6hler\",\"@id\":\"https:\\\/\\\/www.musikzeitung.ch\\\/#\\\/schema\\\/person\\\/0da4fb82d243f1252850a35d0e87cf0c\"},\"headline\":\"Mehr Musikerstellen in deutschen Berufsorchestern\",\"datePublished\":\"2024-01-29T11:40:38+00:00\",\"dateModified\":\"2024-02-05T13:31:27+00:00\",\"mainEntityOfPage\":{\"@id\":\"https:\\\/\\\/www.musikzeitung.ch\\\/news\\\/2024\\\/01\\\/mehr-musikerstellen-in-deutschen-berufsorchestern\"},\"wordCount\":141,\"publisher\":{\"@id\":\"https:\\\/\\\/www.musikzeitung.ch\\\/#organization\"},\"image\":{\"@id\":\"https:\\\/\\\/www.musikzeitung.ch\\\/news\\\/2024\\\/01\\\/mehr-musikerstellen-in-deutschen-berufsorchestern#primaryimage\"},\"thumbnailUrl\":\"https:\\\/\\\/www.musikzeitung.ch\\\/wp-content\\\/uploads\\\/2024\\\/01\\\/240129orchester.jpg\",\"keywords\":[\"Deutschen Musik- und Orchestervereinigung\"],\"articleSection\":[\"News\"],\"inLanguage\":\"it-IT\"},{\"@type\":\"WebPage\",\"@id\":\"https:\\\/\\\/www.musikzeitung.ch\\\/news\\\/2024\\\/01\\\/mehr-musikerstellen-in-deutschen-berufsorchestern\",\"url\":\"https:\\\/\\\/www.musikzeitung.ch\\\/news\\\/2024\\\/01\\\/mehr-musikerstellen-in-deutschen-berufsorchestern\",\"name\":\"Mehr Musikerstellen in deutschen Berufsorchestern - Schweizer Musikzeitung\",\"isPartOf\":{\"@id\":\"https:\\\/\\\/www.musikzeitung.ch\\\/#website\"},\"primaryImageOfPage\":{\"@id\":\"https:\\\/\\\/www.musikzeitung.ch\\\/news\\\/2024\\\/01\\\/mehr-musikerstellen-in-deutschen-berufsorchestern#primaryimage\"},\"image\":{\"@id\":\"https:\\\/\\\/www.musikzeitung.ch\\\/news\\\/2024\\\/01\\\/mehr-musikerstellen-in-deutschen-berufsorchestern#primaryimage\"},\"thumbnailUrl\":\"https:\\\/\\\/www.musikzeitung.ch\\\/wp-content\\\/uploads\\\/2024\\\/01\\\/240129orchester.jpg\",\"datePublished\":\"2024-01-29T11:40:38+00:00\",\"dateModified\":\"2024-02-05T13:31:27+00:00\",\"description\":\"Die Zahl der Planstellen in deutschen Berufsorchestern ist leicht gestiegen. Die H\u00e4lfte der Ensembles haben Probleme, ihre Stellen zeitnah zu besetzen.\",\"breadcrumb\":{\"@id\":\"https:\\\/\\\/www.musikzeitung.ch\\\/news\\\/2024\\\/01\\\/mehr-musikerstellen-in-deutschen-berufsorchestern#breadcrumb\"},\"inLanguage\":\"it-IT\",\"potentialAction\":[{\"@type\":\"ReadAction\",\"target\":[\"https:\\\/\\\/www.musikzeitung.ch\\\/news\\\/2024\\\/01\\\/mehr-musikerstellen-in-deutschen-berufsorchestern\"]}]},{\"@type\":\"ImageObject\",\"inLanguage\":\"it-IT\",\"@id\":\"https:\\\/\\\/www.musikzeitung.ch\\\/news\\\/2024\\\/01\\\/mehr-musikerstellen-in-deutschen-berufsorchestern#primaryimage\",\"url\":\"https:\\\/\\\/www.musikzeitung.ch\\\/wp-content\\\/uploads\\\/2024\\\/01\\\/240129orchester.jpg\",\"contentUrl\":\"https:\\\/\\\/www.musikzeitung.ch\\\/wp-content\\\/uploads\\\/2024\\\/01\\\/240129orchester.jpg\",\"width\":991,\"height\":575,\"caption\":\"G\u00f6ttinger Symphonie Orchester (Bild: Wikimedia\\\/Jean11)\"},{\"@type\":\"BreadcrumbList\",\"@id\":\"https:\\\/\\\/www.musikzeitung.ch\\\/news\\\/2024\\\/01\\\/mehr-musikerstellen-in-deutschen-berufsorchestern#breadcrumb\",\"itemListElement\":[{\"@type\":\"ListItem\",\"position\":1,\"name\":\"Home\",\"item\":\"https:\\\/\\\/www.musikzeitung.ch\\\/\"},{\"@type\":\"ListItem\",\"position\":2,\"name\":\"Mehr Musikerstellen in deutschen Berufsorchestern\"}]},{\"@type\":\"WebSite\",\"@id\":\"https:\\\/\\\/www.musikzeitung.ch\\\/#website\",\"url\":\"https:\\\/\\\/www.musikzeitung.ch\\\/\",\"name\":\"Schweizer Musikzeitung\",\"description\":\"Die f\u00fchrende sparten\u00fcbergreifende Monatszeitung in der Schweiz f\u00fcr musikalische Fragen.\",\"publisher\":{\"@id\":\"https:\\\/\\\/www.musikzeitung.ch\\\/#organization\"},\"potentialAction\":[{\"@type\":\"SearchAction\",\"target\":{\"@type\":\"EntryPoint\",\"urlTemplate\":\"https:\\\/\\\/www.musikzeitung.ch\\\/?s={search_term_string}\"},\"query-input\":{\"@type\":\"PropertyValueSpecification\",\"valueRequired\":true,\"valueName\":\"search_term_string\"}}],\"inLanguage\":\"it-IT\"},{\"@type\":\"Organization\",\"@id\":\"https:\\\/\\\/www.musikzeitung.ch\\\/#organization\",\"name\":\"Schweizer Musikzeitung\",\"url\":\"https:\\\/\\\/www.musikzeitung.ch\\\/\",\"logo\":{\"@type\":\"ImageObject\",\"inLanguage\":\"it-IT\",\"@id\":\"https:\\\/\\\/www.musikzeitung.ch\\\/#\\\/schema\\\/logo\\\/image\\\/\",\"url\":\"https:\\\/\\\/www.musikzeitung.ch\\\/wp-content\\\/uploads\\\/2023\\\/01\\\/SMZ_Schriftzug_Sprache.png\",\"contentUrl\":\"https:\\\/\\\/www.musikzeitung.ch\\\/wp-content\\\/uploads\\\/2023\\\/01\\\/SMZ_Schriftzug_Sprache.png\",\"width\":1400,\"height\":279,\"caption\":\"Schweizer Musikzeitung\"},\"image\":{\"@id\":\"https:\\\/\\\/www.musikzeitung.ch\\\/#\\\/schema\\\/logo\\\/image\\\/\"},\"sameAs\":[\"https:\\\/\\\/www.facebook.com\\\/SchweizerMusikzeitung\\\/\",\"https:\\\/\\\/x.com\\\/smusikzeitung\",\"https:\\\/\\\/www.instagram.com\\\/musikzeitung.ch\\\/\"]},{\"@type\":\"Person\",\"@id\":\"https:\\\/\\\/www.musikzeitung.ch\\\/#\\\/schema\\\/person\\\/0da4fb82d243f1252850a35d0e87cf0c\",\"name\":\"Wolfgang B\u00f6hler\",\"image\":{\"@type\":\"ImageObject\",\"inLanguage\":\"it-IT\",\"@id\":\"https:\\\/\\\/www.musikzeitung.ch\\\/wp-content\\\/uploads\\\/2023\\\/01\\\/boehler_portraet_web-e1674139782246-96x96.jpg\",\"url\":\"https:\\\/\\\/www.musikzeitung.ch\\\/wp-content\\\/uploads\\\/2023\\\/01\\\/boehler_portraet_web-e1674139782246-96x96.jpg\",\"contentUrl\":\"https:\\\/\\\/www.musikzeitung.ch\\\/wp-content\\\/uploads\\\/2023\\\/01\\\/boehler_portraet_web-e1674139782246-96x96.jpg\",\"caption\":\"Wolfgang B\u00f6hler\"},\"sameAs\":[\"http:\\\/\\\/www.manacanto.ch\",\"https:\\\/\\\/www.facebook.com\\\/wolfgang.bohler.75\"],\"url\":\"https:\\\/\\\/www.musikzeitung.ch\\\/it\\\/author\\\/wolfgang-boehler\"}]}<\/script>\n<!-- \/ Yoast SEO plugin. -->","yoast_head_json":{"title":"Mehr Musikerstellen in deutschen Berufsorchestern - Schweizer Musikzeitung","description":"Die Zahl der Planstellen in deutschen Berufsorchestern ist leicht gestiegen. Die H\u00e4lfte der Ensembles haben Probleme, ihre Stellen zeitnah zu besetzen.","robots":{"index":"index","follow":"follow","max-snippet":"max-snippet:-1","max-image-preview":"max-image-preview:large","max-video-preview":"max-video-preview:-1"},"canonical":"https:\/\/www.musikzeitung.ch\/it\/news\/2024\/01\/mehr-musikerstellen-in-deutschen-berufsorchestern\/","og_locale":"it_IT","og_type":"article","og_title":"Mehr Musikerstellen in deutschen Berufsorchestern - Schweizer Musikzeitung","og_description":"Die Zahl der Planstellen in deutschen Berufsorchestern ist leicht gestiegen. Die H\u00e4lfte der Ensembles haben Probleme, ihre Stellen zeitnah zu besetzen.","og_url":"https:\/\/www.musikzeitung.ch\/it\/news\/2024\/01\/mehr-musikerstellen-in-deutschen-berufsorchestern\/","og_site_name":"Schweizer Musikzeitung","article_publisher":"https:\/\/www.facebook.com\/SchweizerMusikzeitung\/","article_author":"https:\/\/www.facebook.com\/wolfgang.bohler.75","article_published_time":"2024-01-29T11:40:38+00:00","article_modified_time":"2024-02-05T13:31:27+00:00","og_image":[{"width":991,"height":575,"url":"https:\/\/www.musikzeitung.ch\/wp-content\/uploads\/2024\/01\/240129orchester.jpg","type":"image\/jpeg"}],"author":"Wolfgang B\u00f6hler","twitter_card":"summary_large_image","twitter_creator":"@smusikzeitung","twitter_site":"@smusikzeitung","twitter_misc":{"Scritto da":"Wolfgang B\u00f6hler","Tempo di lettura stimato":"2 minuti"},"schema":{"@context":"https:\/\/schema.org","@graph":[{"@type":"Article","@id":"https:\/\/www.musikzeitung.ch\/news\/2024\/01\/mehr-musikerstellen-in-deutschen-berufsorchestern#article","isPartOf":{"@id":"https:\/\/www.musikzeitung.ch\/news\/2024\/01\/mehr-musikerstellen-in-deutschen-berufsorchestern"},"author":{"name":"Wolfgang B\u00f6hler","@id":"https:\/\/www.musikzeitung.ch\/#\/schema\/person\/0da4fb82d243f1252850a35d0e87cf0c"},"headline":"Mehr Musikerstellen in deutschen Berufsorchestern","datePublished":"2024-01-29T11:40:38+00:00","dateModified":"2024-02-05T13:31:27+00:00","mainEntityOfPage":{"@id":"https:\/\/www.musikzeitung.ch\/news\/2024\/01\/mehr-musikerstellen-in-deutschen-berufsorchestern"},"wordCount":141,"publisher":{"@id":"https:\/\/www.musikzeitung.ch\/#organization"},"image":{"@id":"https:\/\/www.musikzeitung.ch\/news\/2024\/01\/mehr-musikerstellen-in-deutschen-berufsorchestern#primaryimage"},"thumbnailUrl":"https:\/\/www.musikzeitung.ch\/wp-content\/uploads\/2024\/01\/240129orchester.jpg","keywords":["Deutschen Musik- und Orchestervereinigung"],"articleSection":["News"],"inLanguage":"it-IT"},{"@type":"WebPage","@id":"https:\/\/www.musikzeitung.ch\/news\/2024\/01\/mehr-musikerstellen-in-deutschen-berufsorchestern","url":"https:\/\/www.musikzeitung.ch\/news\/2024\/01\/mehr-musikerstellen-in-deutschen-berufsorchestern","name":"Mehr Musikerstellen in deutschen Berufsorchestern - Schweizer Musikzeitung","isPartOf":{"@id":"https:\/\/www.musikzeitung.ch\/#website"},"primaryImageOfPage":{"@id":"https:\/\/www.musikzeitung.ch\/news\/2024\/01\/mehr-musikerstellen-in-deutschen-berufsorchestern#primaryimage"},"image":{"@id":"https:\/\/www.musikzeitung.ch\/news\/2024\/01\/mehr-musikerstellen-in-deutschen-berufsorchestern#primaryimage"},"thumbnailUrl":"https:\/\/www.musikzeitung.ch\/wp-content\/uploads\/2024\/01\/240129orchester.jpg","datePublished":"2024-01-29T11:40:38+00:00","dateModified":"2024-02-05T13:31:27+00:00","description":"Die Zahl der Planstellen in deutschen Berufsorchestern ist leicht gestiegen. Die H\u00e4lfte der Ensembles haben Probleme, ihre Stellen zeitnah zu besetzen.","breadcrumb":{"@id":"https:\/\/www.musikzeitung.ch\/news\/2024\/01\/mehr-musikerstellen-in-deutschen-berufsorchestern#breadcrumb"},"inLanguage":"it-IT","potentialAction":[{"@type":"ReadAction","target":["https:\/\/www.musikzeitung.ch\/news\/2024\/01\/mehr-musikerstellen-in-deutschen-berufsorchestern"]}]},{"@type":"ImageObject","inLanguage":"it-IT","@id":"https:\/\/www.musikzeitung.ch\/news\/2024\/01\/mehr-musikerstellen-in-deutschen-berufsorchestern#primaryimage","url":"https:\/\/www.musikzeitung.ch\/wp-content\/uploads\/2024\/01\/240129orchester.jpg","contentUrl":"https:\/\/www.musikzeitung.ch\/wp-content\/uploads\/2024\/01\/240129orchester.jpg","width":991,"height":575,"caption":"G\u00f6ttinger Symphonie Orchester (Bild: Wikimedia\/Jean11)"},{"@type":"BreadcrumbList","@id":"https:\/\/www.musikzeitung.ch\/news\/2024\/01\/mehr-musikerstellen-in-deutschen-berufsorchestern#breadcrumb","itemListElement":[{"@type":"ListItem","position":1,"name":"Home","item":"https:\/\/www.musikzeitung.ch\/"},{"@type":"ListItem","position":2,"name":"Mehr Musikerstellen in deutschen Berufsorchestern"}]},{"@type":"WebSite","@id":"https:\/\/www.musikzeitung.ch\/#website","url":"https:\/\/www.musikzeitung.ch\/","name":"Giornale musicale svizzero","description":"Il principale mensile interdisciplinare della Svizzera per le questioni musicali.","publisher":{"@id":"https:\/\/www.musikzeitung.ch\/#organization"},"potentialAction":[{"@type":"SearchAction","target":{"@type":"EntryPoint","urlTemplate":"https:\/\/www.musikzeitung.ch\/?s={search_term_string}"},"query-input":{"@type":"PropertyValueSpecification","valueRequired":true,"valueName":"search_term_string"}}],"inLanguage":"it-IT"},{"@type":"Organization","@id":"https:\/\/www.musikzeitung.ch\/#organization","name":"Giornale musicale svizzero","url":"https:\/\/www.musikzeitung.ch\/","logo":{"@type":"ImageObject","inLanguage":"it-IT","@id":"https:\/\/www.musikzeitung.ch\/#\/schema\/logo\/image\/","url":"https:\/\/www.musikzeitung.ch\/wp-content\/uploads\/2023\/01\/SMZ_Schriftzug_Sprache.png","contentUrl":"https:\/\/www.musikzeitung.ch\/wp-content\/uploads\/2023\/01\/SMZ_Schriftzug_Sprache.png","width":1400,"height":279,"caption":"Schweizer Musikzeitung"},"image":{"@id":"https:\/\/www.musikzeitung.ch\/#\/schema\/logo\/image\/"},"sameAs":["https:\/\/www.facebook.com\/SchweizerMusikzeitung\/","https:\/\/x.com\/smusikzeitung","https:\/\/www.instagram.com\/musikzeitung.ch\/"]},{"@type":"Person","@id":"https:\/\/www.musikzeitung.ch\/#\/schema\/person\/0da4fb82d243f1252850a35d0e87cf0c","name":"Wolfgang B\u00f6hler","image":{"@type":"ImageObject","inLanguage":"it-IT","@id":"https:\/\/www.musikzeitung.ch\/wp-content\/uploads\/2023\/01\/boehler_portraet_web-e1674139782246-96x96.jpg","url":"https:\/\/www.musikzeitung.ch\/wp-content\/uploads\/2023\/01\/boehler_portraet_web-e1674139782246-96x96.jpg","contentUrl":"https:\/\/www.musikzeitung.ch\/wp-content\/uploads\/2023\/01\/boehler_portraet_web-e1674139782246-96x96.jpg","caption":"Wolfgang B\u00f6hler"},"sameAs":["http:\/\/www.manacanto.ch","https:\/\/www.facebook.com\/wolfgang.bohler.75"],"url":"https:\/\/www.musikzeitung.ch\/it\/author\/wolfgang-boehler"}]}},"publishpress_future_workflow_manual_trigger":{"enabledWorkflows":[]},"_links":{"self":[{"href":"https:\/\/www.musikzeitung.ch\/it\/wp-json\/wp\/v2\/posts\/51551","targetHints":{"allow":["GET"]}}],"collection":[{"href":"https:\/\/www.musikzeitung.ch\/it\/wp-json\/wp\/v2\/posts"}],"about":[{"href":"https:\/\/www.musikzeitung.ch\/it\/wp-json\/wp\/v2\/types\/post"}],"author":[{"embeddable":true,"href":"https:\/\/www.musikzeitung.ch\/it\/wp-json\/wp\/v2\/users\/30"}],"replies":[{"embeddable":true,"href":"https:\/\/www.musikzeitung.ch\/it\/wp-json\/wp\/v2\/comments?post=51551"}],"version-history":[{"count":2,"href":"https:\/\/www.musikzeitung.ch\/it\/wp-json\/wp\/v2\/posts\/51551\/revisions"}],"predecessor-version":[{"id":51558,"href":"https:\/\/www.musikzeitung.ch\/it\/wp-json\/wp\/v2\/posts\/51551\/revisions\/51558"}],"wp:featuredmedia":[{"embeddable":true,"href":"https:\/\/www.musikzeitung.ch\/it\/wp-json\/wp\/v2\/media\/51556"}],"wp:attachment":[{"href":"https:\/\/www.musikzeitung.ch\/it\/wp-json\/wp\/v2\/media?parent=51551"}],"wp:term":[{"taxonomy":"category","embeddable":true,"href":"https:\/\/www.musikzeitung.ch\/it\/wp-json\/wp\/v2\/categories?post=51551"},{"taxonomy":"post_tag","embeddable":true,"href":"https:\/\/www.musikzeitung.ch\/it\/wp-json\/wp\/v2\/tags?post=51551"}],"curies":[{"name":"wp","href":"https:\/\/api.w.org\/{rel}","templated":true}]}}