{"id":51652,"date":"2024-02-06T08:45:12","date_gmt":"2024-02-06T07:45:12","guid":{"rendered":"https:\/\/www.musikzeitung.ch\/?p=51652"},"modified":"2024-02-06T09:45:27","modified_gmt":"2024-02-06T08:45:27","slug":"basler-studierende-dominieren-rahnpreis","status":"publish","type":"post","link":"https:\/\/www.musikzeitung.ch\/it\/news\/2024\/02\/basler-studierende-dominieren-rahnpreis","title":{"rendered":"Gli studenti di Basilea dominano il premio della pista"},"content":{"rendered":"<figure id=\"attachment_51653\" aria-describedby=\"caption-attachment-51653\" style=\"width: 644px\" class=\"wp-caption aligncenter\"><img loading=\"lazy\" decoding=\"async\" class=\"wp-image-51653\" src=\"https:\/\/www.musikzeitung.ch\/wp-content\/uploads\/2024\/02\/240206rahn.jpg\" alt=\"\" width=\"644\" height=\"411\" srcset=\"https:\/\/www.musikzeitung.ch\/wp-content\/uploads\/2024\/02\/240206rahn.jpg 1400w, https:\/\/www.musikzeitung.ch\/wp-content\/uploads\/2024\/02\/240206rahn-300x192.jpg 300w, https:\/\/www.musikzeitung.ch\/wp-content\/uploads\/2024\/02\/240206rahn-1024x654.jpg 1024w, https:\/\/www.musikzeitung.ch\/wp-content\/uploads\/2024\/02\/240206rahn-768x491.jpg 768w, https:\/\/www.musikzeitung.ch\/wp-content\/uploads\/2024\/02\/240206rahn-1536x981.jpg 1536w, https:\/\/www.musikzeitung.ch\/wp-content\/uploads\/2024\/02\/240206rahn-2048x1308.jpg 2048w, https:\/\/www.musikzeitung.ch\/wp-content\/uploads\/2024\/02\/240206rahn-274x175.jpg 274w, https:\/\/www.musikzeitung.ch\/wp-content\/uploads\/2024\/02\/240206rahn-548x350.jpg 548w, https:\/\/www.musikzeitung.ch\/wp-content\/uploads\/2024\/02\/240206rahn-1252x800.jpg 1252w, https:\/\/www.musikzeitung.ch\/wp-content\/uploads\/2024\/02\/240206rahn-920x588.jpg 920w\" sizes=\"auto, (max-width: 644px) 100vw, 644px\" \/><figcaption id=\"caption-attachment-51653\" class=\"wp-caption-text\">f.l.t.r.: Laura Mota Pello, Francesco Granata, Manoush Ruken Toth, Zhiqiao Zhang<\/figcaption><\/figure>\n<p>Il concorso pianistico ha ricevuto 27 candidature da tutto il mondo. Dieci giovani talenti sono stati ammessi alla finale dalla giuria e quattro sono stati premiati. I vincitori del primo e del secondo premio si esibiranno come solisti al KKL di Lucerna. Il primo premio \u00e8 dotato di 12.000 franchi, il secondo di 8.000 franchi e il terzo di 4.000 franchi.<\/p>\n<p>Il primo premio \u00e8 stato vinto da Laura Mota Pello (Spagna), il secondo da Francesco Granata (Italia) e il terzo \u00e8 stato assegnato ex aequo a Manoush Ruken Toth (Svizzera) e Zhiqiao Zhang (Cina).<\/p>\n<p>Da oltre 45 anni l'associazione Rahn Kulturfonds assegna il Premio musicale Rahn per promuovere gli studenti delle accademie musicali svizzere. Il concorso viene organizzato ogni due anni, alternando pianoforte e strumenti ad arco.<\/p>","protected":false},"excerpt":{"rendered":"<p>Laura Mota, Francesco Granata, Manoush Ruken Toth e Zhiqiao Zhang, tutti studenti dell'Universit\u00e0 di Musica di Basilea, indirizzo Musica Classica, si sono aggiudicati i primi tre posti del Rahn Music Prize di quest'anno.<\/p>","protected":false},"author":30,"featured_media":51653,"comment_status":"closed","ping_status":"closed","sticky":false,"template":"","format":"standard","meta":{"_acf_changed":false,"_relevanssi_hide_post":"","_relevanssi_hide_content":"","_relevanssi_pin_for_all":"","_relevanssi_pin_keywords":"","_relevanssi_unpin_keywords":"","_relevanssi_related_keywords":"","_relevanssi_related_include_ids":"","_relevanssi_related_exclude_ids":"","_relevanssi_related_no_append":"","_relevanssi_related_not_related":"","_relevanssi_related_posts":"","_relevanssi_noindex_reason":"","pgc_sgb_lightbox_settings":"","footnotes":""},"categories":[27],"tags":[3637],"class_list":["post-51652","post","type-post","status-publish","format-standard","has-post-thumbnail","hentry","category-news","tag-rahn-musikpreis"],"acf":[],"yoast_head":"<!-- This site is optimized with the Yoast SEO plugin v27.4 - https:\/\/yoast.com\/product\/yoast-seo-wordpress\/ -->\n<title>Basler Studierende dominieren Rahnpreis - Schweizer Musikzeitung<\/title>\n<meta name=\"description\" content=\"Laura Mota, Francesco Granata und Manoush Ruken Toth sowie Zhiqiao Zhang belegen beim diesj\u00e4hrigen Rahn Musikpreis die ersten drei Pl\u00e4tze.\" \/>\n<meta name=\"robots\" content=\"index, follow, max-snippet:-1, max-image-preview:large, max-video-preview:-1\" \/>\n<link rel=\"canonical\" href=\"https:\/\/www.musikzeitung.ch\/it\/news\/2024\/02\/basler-studierende-dominieren-rahnpreis\/\" \/>\n<meta property=\"og:locale\" content=\"it_IT\" \/>\n<meta property=\"og:type\" content=\"article\" \/>\n<meta property=\"og:title\" content=\"Basler Studierende dominieren Rahnpreis - Schweizer Musikzeitung\" \/>\n<meta property=\"og:description\" content=\"Laura Mota, Francesco Granata und Manoush Ruken Toth sowie Zhiqiao Zhang belegen beim diesj\u00e4hrigen Rahn Musikpreis die ersten drei Pl\u00e4tze.\" \/>\n<meta property=\"og:url\" content=\"https:\/\/www.musikzeitung.ch\/it\/news\/2024\/02\/basler-studierende-dominieren-rahnpreis\/\" \/>\n<meta property=\"og:site_name\" content=\"Schweizer Musikzeitung\" \/>\n<meta property=\"article:publisher\" content=\"https:\/\/www.facebook.com\/SchweizerMusikzeitung\/\" \/>\n<meta property=\"article:author\" content=\"https:\/\/www.facebook.com\/wolfgang.bohler.75\" \/>\n<meta property=\"article:published_time\" content=\"2024-02-06T07:45:12+00:00\" \/>\n<meta property=\"article:modified_time\" content=\"2024-02-06T08:45:27+00:00\" \/>\n<meta property=\"og:image\" content=\"https:\/\/www.musikzeitung.ch\/wp-content\/uploads\/2024\/02\/240206rahn.jpg\" \/>\n\t<meta property=\"og:image:width\" content=\"1400\" \/>\n\t<meta property=\"og:image:height\" content=\"894\" \/>\n\t<meta property=\"og:image:type\" content=\"image\/jpeg\" \/>\n<meta name=\"author\" content=\"Wolfgang B\u00f6hler\" \/>\n<meta name=\"twitter:card\" content=\"summary_large_image\" \/>\n<meta name=\"twitter:creator\" content=\"@smusikzeitung\" \/>\n<meta name=\"twitter:site\" content=\"@smusikzeitung\" \/>\n<meta name=\"twitter:label1\" content=\"Scritto da\" \/>\n\t<meta name=\"twitter:data1\" content=\"Wolfgang B\u00f6hler\" \/>\n\t<meta name=\"twitter:label2\" content=\"Tempo di lettura stimato\" \/>\n\t<meta name=\"twitter:data2\" content=\"2 minuti\" \/>\n<script type=\"application\/ld+json\" class=\"yoast-schema-graph\">{\"@context\":\"https:\\\/\\\/schema.org\",\"@graph\":[{\"@type\":\"Article\",\"@id\":\"https:\\\/\\\/www.musikzeitung.ch\\\/news\\\/2024\\\/02\\\/basler-studierende-dominieren-rahnpreis#article\",\"isPartOf\":{\"@id\":\"https:\\\/\\\/www.musikzeitung.ch\\\/news\\\/2024\\\/02\\\/basler-studierende-dominieren-rahnpreis\"},\"author\":{\"name\":\"Wolfgang B\u00f6hler\",\"@id\":\"https:\\\/\\\/www.musikzeitung.ch\\\/#\\\/schema\\\/person\\\/0da4fb82d243f1252850a35d0e87cf0c\"},\"headline\":\"Basler Studierende dominieren Rahnpreis\",\"datePublished\":\"2024-02-06T07:45:12+00:00\",\"dateModified\":\"2024-02-06T08:45:27+00:00\",\"mainEntityOfPage\":{\"@id\":\"https:\\\/\\\/www.musikzeitung.ch\\\/news\\\/2024\\\/02\\\/basler-studierende-dominieren-rahnpreis\"},\"wordCount\":144,\"publisher\":{\"@id\":\"https:\\\/\\\/www.musikzeitung.ch\\\/#organization\"},\"image\":{\"@id\":\"https:\\\/\\\/www.musikzeitung.ch\\\/news\\\/2024\\\/02\\\/basler-studierende-dominieren-rahnpreis#primaryimage\"},\"thumbnailUrl\":\"https:\\\/\\\/www.musikzeitung.ch\\\/wp-content\\\/uploads\\\/2024\\\/02\\\/240206rahn.jpg\",\"keywords\":[\"Rahn Musikpreis\"],\"articleSection\":[\"News\"],\"inLanguage\":\"it-IT\"},{\"@type\":\"WebPage\",\"@id\":\"https:\\\/\\\/www.musikzeitung.ch\\\/news\\\/2024\\\/02\\\/basler-studierende-dominieren-rahnpreis\",\"url\":\"https:\\\/\\\/www.musikzeitung.ch\\\/news\\\/2024\\\/02\\\/basler-studierende-dominieren-rahnpreis\",\"name\":\"Basler Studierende dominieren Rahnpreis - Schweizer Musikzeitung\",\"isPartOf\":{\"@id\":\"https:\\\/\\\/www.musikzeitung.ch\\\/#website\"},\"primaryImageOfPage\":{\"@id\":\"https:\\\/\\\/www.musikzeitung.ch\\\/news\\\/2024\\\/02\\\/basler-studierende-dominieren-rahnpreis#primaryimage\"},\"image\":{\"@id\":\"https:\\\/\\\/www.musikzeitung.ch\\\/news\\\/2024\\\/02\\\/basler-studierende-dominieren-rahnpreis#primaryimage\"},\"thumbnailUrl\":\"https:\\\/\\\/www.musikzeitung.ch\\\/wp-content\\\/uploads\\\/2024\\\/02\\\/240206rahn.jpg\",\"datePublished\":\"2024-02-06T07:45:12+00:00\",\"dateModified\":\"2024-02-06T08:45:27+00:00\",\"description\":\"Laura Mota, Francesco Granata und Manoush Ruken Toth sowie Zhiqiao Zhang belegen beim diesj\u00e4hrigen Rahn Musikpreis die ersten drei Pl\u00e4tze.\",\"breadcrumb\":{\"@id\":\"https:\\\/\\\/www.musikzeitung.ch\\\/news\\\/2024\\\/02\\\/basler-studierende-dominieren-rahnpreis#breadcrumb\"},\"inLanguage\":\"it-IT\",\"potentialAction\":[{\"@type\":\"ReadAction\",\"target\":[\"https:\\\/\\\/www.musikzeitung.ch\\\/news\\\/2024\\\/02\\\/basler-studierende-dominieren-rahnpreis\"]}]},{\"@type\":\"ImageObject\",\"inLanguage\":\"it-IT\",\"@id\":\"https:\\\/\\\/www.musikzeitung.ch\\\/news\\\/2024\\\/02\\\/basler-studierende-dominieren-rahnpreis#primaryimage\",\"url\":\"https:\\\/\\\/www.musikzeitung.ch\\\/wp-content\\\/uploads\\\/2024\\\/02\\\/240206rahn.jpg\",\"contentUrl\":\"https:\\\/\\\/www.musikzeitung.ch\\\/wp-content\\\/uploads\\\/2024\\\/02\\\/240206rahn.jpg\",\"width\":1400,\"height\":894,\"caption\":\"v.l.n.r.: Laura Mota Pello, Francesco Granata, Manoush Ruken Toth, Zhiqiao Zhang\"},{\"@type\":\"BreadcrumbList\",\"@id\":\"https:\\\/\\\/www.musikzeitung.ch\\\/news\\\/2024\\\/02\\\/basler-studierende-dominieren-rahnpreis#breadcrumb\",\"itemListElement\":[{\"@type\":\"ListItem\",\"position\":1,\"name\":\"Home\",\"item\":\"https:\\\/\\\/www.musikzeitung.ch\\\/\"},{\"@type\":\"ListItem\",\"position\":2,\"name\":\"Basler Studierende dominieren Rahnpreis\"}]},{\"@type\":\"WebSite\",\"@id\":\"https:\\\/\\\/www.musikzeitung.ch\\\/#website\",\"url\":\"https:\\\/\\\/www.musikzeitung.ch\\\/\",\"name\":\"Schweizer Musikzeitung\",\"description\":\"Die f\u00fchrende sparten\u00fcbergreifende Monatszeitung in der Schweiz f\u00fcr musikalische Fragen.\",\"publisher\":{\"@id\":\"https:\\\/\\\/www.musikzeitung.ch\\\/#organization\"},\"potentialAction\":[{\"@type\":\"SearchAction\",\"target\":{\"@type\":\"EntryPoint\",\"urlTemplate\":\"https:\\\/\\\/www.musikzeitung.ch\\\/?s={search_term_string}\"},\"query-input\":{\"@type\":\"PropertyValueSpecification\",\"valueRequired\":true,\"valueName\":\"search_term_string\"}}],\"inLanguage\":\"it-IT\"},{\"@type\":\"Organization\",\"@id\":\"https:\\\/\\\/www.musikzeitung.ch\\\/#organization\",\"name\":\"Schweizer Musikzeitung\",\"url\":\"https:\\\/\\\/www.musikzeitung.ch\\\/\",\"logo\":{\"@type\":\"ImageObject\",\"inLanguage\":\"it-IT\",\"@id\":\"https:\\\/\\\/www.musikzeitung.ch\\\/#\\\/schema\\\/logo\\\/image\\\/\",\"url\":\"https:\\\/\\\/www.musikzeitung.ch\\\/wp-content\\\/uploads\\\/2023\\\/01\\\/SMZ_Schriftzug_Sprache.png\",\"contentUrl\":\"https:\\\/\\\/www.musikzeitung.ch\\\/wp-content\\\/uploads\\\/2023\\\/01\\\/SMZ_Schriftzug_Sprache.png\",\"width\":1400,\"height\":279,\"caption\":\"Schweizer Musikzeitung\"},\"image\":{\"@id\":\"https:\\\/\\\/www.musikzeitung.ch\\\/#\\\/schema\\\/logo\\\/image\\\/\"},\"sameAs\":[\"https:\\\/\\\/www.facebook.com\\\/SchweizerMusikzeitung\\\/\",\"https:\\\/\\\/x.com\\\/smusikzeitung\",\"https:\\\/\\\/www.instagram.com\\\/musikzeitung.ch\\\/\"]},{\"@type\":\"Person\",\"@id\":\"https:\\\/\\\/www.musikzeitung.ch\\\/#\\\/schema\\\/person\\\/0da4fb82d243f1252850a35d0e87cf0c\",\"name\":\"Wolfgang B\u00f6hler\",\"image\":{\"@type\":\"ImageObject\",\"inLanguage\":\"it-IT\",\"@id\":\"https:\\\/\\\/www.musikzeitung.ch\\\/wp-content\\\/uploads\\\/2023\\\/01\\\/boehler_portraet_web-e1674139782246-96x96.jpg\",\"url\":\"https:\\\/\\\/www.musikzeitung.ch\\\/wp-content\\\/uploads\\\/2023\\\/01\\\/boehler_portraet_web-e1674139782246-96x96.jpg\",\"contentUrl\":\"https:\\\/\\\/www.musikzeitung.ch\\\/wp-content\\\/uploads\\\/2023\\\/01\\\/boehler_portraet_web-e1674139782246-96x96.jpg\",\"caption\":\"Wolfgang B\u00f6hler\"},\"sameAs\":[\"http:\\\/\\\/www.manacanto.ch\",\"https:\\\/\\\/www.facebook.com\\\/wolfgang.bohler.75\"],\"url\":\"https:\\\/\\\/www.musikzeitung.ch\\\/it\\\/author\\\/wolfgang-boehler\"}]}<\/script>\n<!-- \/ Yoast SEO plugin. -->","yoast_head_json":{"title":"Basler Studierende dominieren Rahnpreis - Schweizer Musikzeitung","description":"Laura Mota, Francesco Granata und Manoush Ruken Toth sowie Zhiqiao Zhang belegen beim diesj\u00e4hrigen Rahn Musikpreis die ersten drei Pl\u00e4tze.","robots":{"index":"index","follow":"follow","max-snippet":"max-snippet:-1","max-image-preview":"max-image-preview:large","max-video-preview":"max-video-preview:-1"},"canonical":"https:\/\/www.musikzeitung.ch\/it\/news\/2024\/02\/basler-studierende-dominieren-rahnpreis\/","og_locale":"it_IT","og_type":"article","og_title":"Basler Studierende dominieren Rahnpreis - Schweizer Musikzeitung","og_description":"Laura Mota, Francesco Granata und Manoush Ruken Toth sowie Zhiqiao Zhang belegen beim diesj\u00e4hrigen Rahn Musikpreis die ersten drei Pl\u00e4tze.","og_url":"https:\/\/www.musikzeitung.ch\/it\/news\/2024\/02\/basler-studierende-dominieren-rahnpreis\/","og_site_name":"Schweizer Musikzeitung","article_publisher":"https:\/\/www.facebook.com\/SchweizerMusikzeitung\/","article_author":"https:\/\/www.facebook.com\/wolfgang.bohler.75","article_published_time":"2024-02-06T07:45:12+00:00","article_modified_time":"2024-02-06T08:45:27+00:00","og_image":[{"width":1400,"height":894,"url":"https:\/\/www.musikzeitung.ch\/wp-content\/uploads\/2024\/02\/240206rahn.jpg","type":"image\/jpeg"}],"author":"Wolfgang B\u00f6hler","twitter_card":"summary_large_image","twitter_creator":"@smusikzeitung","twitter_site":"@smusikzeitung","twitter_misc":{"Scritto da":"Wolfgang B\u00f6hler","Tempo di lettura stimato":"2 minuti"},"schema":{"@context":"https:\/\/schema.org","@graph":[{"@type":"Article","@id":"https:\/\/www.musikzeitung.ch\/news\/2024\/02\/basler-studierende-dominieren-rahnpreis#article","isPartOf":{"@id":"https:\/\/www.musikzeitung.ch\/news\/2024\/02\/basler-studierende-dominieren-rahnpreis"},"author":{"name":"Wolfgang B\u00f6hler","@id":"https:\/\/www.musikzeitung.ch\/#\/schema\/person\/0da4fb82d243f1252850a35d0e87cf0c"},"headline":"Basler Studierende dominieren Rahnpreis","datePublished":"2024-02-06T07:45:12+00:00","dateModified":"2024-02-06T08:45:27+00:00","mainEntityOfPage":{"@id":"https:\/\/www.musikzeitung.ch\/news\/2024\/02\/basler-studierende-dominieren-rahnpreis"},"wordCount":144,"publisher":{"@id":"https:\/\/www.musikzeitung.ch\/#organization"},"image":{"@id":"https:\/\/www.musikzeitung.ch\/news\/2024\/02\/basler-studierende-dominieren-rahnpreis#primaryimage"},"thumbnailUrl":"https:\/\/www.musikzeitung.ch\/wp-content\/uploads\/2024\/02\/240206rahn.jpg","keywords":["Rahn Musikpreis"],"articleSection":["News"],"inLanguage":"it-IT"},{"@type":"WebPage","@id":"https:\/\/www.musikzeitung.ch\/news\/2024\/02\/basler-studierende-dominieren-rahnpreis","url":"https:\/\/www.musikzeitung.ch\/news\/2024\/02\/basler-studierende-dominieren-rahnpreis","name":"Basler Studierende dominieren Rahnpreis - Schweizer Musikzeitung","isPartOf":{"@id":"https:\/\/www.musikzeitung.ch\/#website"},"primaryImageOfPage":{"@id":"https:\/\/www.musikzeitung.ch\/news\/2024\/02\/basler-studierende-dominieren-rahnpreis#primaryimage"},"image":{"@id":"https:\/\/www.musikzeitung.ch\/news\/2024\/02\/basler-studierende-dominieren-rahnpreis#primaryimage"},"thumbnailUrl":"https:\/\/www.musikzeitung.ch\/wp-content\/uploads\/2024\/02\/240206rahn.jpg","datePublished":"2024-02-06T07:45:12+00:00","dateModified":"2024-02-06T08:45:27+00:00","description":"Laura Mota, Francesco Granata und Manoush Ruken Toth sowie Zhiqiao Zhang belegen beim diesj\u00e4hrigen Rahn Musikpreis die ersten drei Pl\u00e4tze.","breadcrumb":{"@id":"https:\/\/www.musikzeitung.ch\/news\/2024\/02\/basler-studierende-dominieren-rahnpreis#breadcrumb"},"inLanguage":"it-IT","potentialAction":[{"@type":"ReadAction","target":["https:\/\/www.musikzeitung.ch\/news\/2024\/02\/basler-studierende-dominieren-rahnpreis"]}]},{"@type":"ImageObject","inLanguage":"it-IT","@id":"https:\/\/www.musikzeitung.ch\/news\/2024\/02\/basler-studierende-dominieren-rahnpreis#primaryimage","url":"https:\/\/www.musikzeitung.ch\/wp-content\/uploads\/2024\/02\/240206rahn.jpg","contentUrl":"https:\/\/www.musikzeitung.ch\/wp-content\/uploads\/2024\/02\/240206rahn.jpg","width":1400,"height":894,"caption":"v.l.n.r.: Laura Mota Pello, Francesco Granata, Manoush Ruken Toth, Zhiqiao Zhang"},{"@type":"BreadcrumbList","@id":"https:\/\/www.musikzeitung.ch\/news\/2024\/02\/basler-studierende-dominieren-rahnpreis#breadcrumb","itemListElement":[{"@type":"ListItem","position":1,"name":"Home","item":"https:\/\/www.musikzeitung.ch\/"},{"@type":"ListItem","position":2,"name":"Basler Studierende dominieren Rahnpreis"}]},{"@type":"WebSite","@id":"https:\/\/www.musikzeitung.ch\/#website","url":"https:\/\/www.musikzeitung.ch\/","name":"Giornale musicale svizzero","description":"Il principale mensile interdisciplinare della Svizzera per le questioni musicali.","publisher":{"@id":"https:\/\/www.musikzeitung.ch\/#organization"},"potentialAction":[{"@type":"SearchAction","target":{"@type":"EntryPoint","urlTemplate":"https:\/\/www.musikzeitung.ch\/?s={search_term_string}"},"query-input":{"@type":"PropertyValueSpecification","valueRequired":true,"valueName":"search_term_string"}}],"inLanguage":"it-IT"},{"@type":"Organization","@id":"https:\/\/www.musikzeitung.ch\/#organization","name":"Giornale musicale svizzero","url":"https:\/\/www.musikzeitung.ch\/","logo":{"@type":"ImageObject","inLanguage":"it-IT","@id":"https:\/\/www.musikzeitung.ch\/#\/schema\/logo\/image\/","url":"https:\/\/www.musikzeitung.ch\/wp-content\/uploads\/2023\/01\/SMZ_Schriftzug_Sprache.png","contentUrl":"https:\/\/www.musikzeitung.ch\/wp-content\/uploads\/2023\/01\/SMZ_Schriftzug_Sprache.png","width":1400,"height":279,"caption":"Schweizer Musikzeitung"},"image":{"@id":"https:\/\/www.musikzeitung.ch\/#\/schema\/logo\/image\/"},"sameAs":["https:\/\/www.facebook.com\/SchweizerMusikzeitung\/","https:\/\/x.com\/smusikzeitung","https:\/\/www.instagram.com\/musikzeitung.ch\/"]},{"@type":"Person","@id":"https:\/\/www.musikzeitung.ch\/#\/schema\/person\/0da4fb82d243f1252850a35d0e87cf0c","name":"Wolfgang B\u00f6hler","image":{"@type":"ImageObject","inLanguage":"it-IT","@id":"https:\/\/www.musikzeitung.ch\/wp-content\/uploads\/2023\/01\/boehler_portraet_web-e1674139782246-96x96.jpg","url":"https:\/\/www.musikzeitung.ch\/wp-content\/uploads\/2023\/01\/boehler_portraet_web-e1674139782246-96x96.jpg","contentUrl":"https:\/\/www.musikzeitung.ch\/wp-content\/uploads\/2023\/01\/boehler_portraet_web-e1674139782246-96x96.jpg","caption":"Wolfgang B\u00f6hler"},"sameAs":["http:\/\/www.manacanto.ch","https:\/\/www.facebook.com\/wolfgang.bohler.75"],"url":"https:\/\/www.musikzeitung.ch\/it\/author\/wolfgang-boehler"}]}},"publishpress_future_workflow_manual_trigger":{"enabledWorkflows":[]},"_links":{"self":[{"href":"https:\/\/www.musikzeitung.ch\/it\/wp-json\/wp\/v2\/posts\/51652","targetHints":{"allow":["GET"]}}],"collection":[{"href":"https:\/\/www.musikzeitung.ch\/it\/wp-json\/wp\/v2\/posts"}],"about":[{"href":"https:\/\/www.musikzeitung.ch\/it\/wp-json\/wp\/v2\/types\/post"}],"author":[{"embeddable":true,"href":"https:\/\/www.musikzeitung.ch\/it\/wp-json\/wp\/v2\/users\/30"}],"replies":[{"embeddable":true,"href":"https:\/\/www.musikzeitung.ch\/it\/wp-json\/wp\/v2\/comments?post=51652"}],"version-history":[{"count":6,"href":"https:\/\/www.musikzeitung.ch\/it\/wp-json\/wp\/v2\/posts\/51652\/revisions"}],"predecessor-version":[{"id":51663,"href":"https:\/\/www.musikzeitung.ch\/it\/wp-json\/wp\/v2\/posts\/51652\/revisions\/51663"}],"wp:featuredmedia":[{"embeddable":true,"href":"https:\/\/www.musikzeitung.ch\/it\/wp-json\/wp\/v2\/media\/51653"}],"wp:attachment":[{"href":"https:\/\/www.musikzeitung.ch\/it\/wp-json\/wp\/v2\/media?parent=51652"}],"wp:term":[{"taxonomy":"category","embeddable":true,"href":"https:\/\/www.musikzeitung.ch\/it\/wp-json\/wp\/v2\/categories?post=51652"},{"taxonomy":"post_tag","embeddable":true,"href":"https:\/\/www.musikzeitung.ch\/it\/wp-json\/wp\/v2\/tags?post=51652"}],"curies":[{"name":"wp","href":"https:\/\/api.w.org\/{rel}","templated":true}]}}