{"id":51673,"date":"2024-02-07T08:33:58","date_gmt":"2024-02-07T07:33:58","guid":{"rendered":"https:\/\/www.musikzeitung.ch\/?p=51673"},"modified":"2024-02-28T14:27:02","modified_gmt":"2024-02-28T13:27:02","slug":"tod-des-cellisten-antonio-lysy","status":"publish","type":"post","link":"https:\/\/www.musikzeitung.ch\/it\/news\/2024\/02\/tod-des-cellisten-antonio-lysy","title":{"rendered":"Morte del violoncellista Antonio Lysy"},"content":{"rendered":"<figure id=\"attachment_51674\" aria-describedby=\"caption-attachment-51674\" style=\"width: 759px\" class=\"wp-caption aligncenter\"><img loading=\"lazy\" decoding=\"async\" class=\"size-full wp-image-51674\" src=\"https:\/\/www.musikzeitung.ch\/wp-content\/uploads\/2024\/02\/240207lysy.jpg\" alt=\"\" width=\"759\" height=\"531\" srcset=\"https:\/\/www.musikzeitung.ch\/wp-content\/uploads\/2024\/02\/240207lysy.jpg 759w, https:\/\/www.musikzeitung.ch\/wp-content\/uploads\/2024\/02\/240207lysy-300x210.jpg 300w, https:\/\/www.musikzeitung.ch\/wp-content\/uploads\/2024\/02\/240207lysy-250x175.jpg 250w, https:\/\/www.musikzeitung.ch\/wp-content\/uploads\/2024\/02\/240207lysy-500x350.jpg 500w\" sizes=\"auto, (max-width: 759px) 100vw, 759px\" \/><figcaption id=\"caption-attachment-51674\" class=\"wp-caption-text\">Antonio Lysy (Immagine: fotogramma video di Youtube)<\/figcaption><\/figure>\n<p>Nel 2003, Lysy ha assunto la cattedra di violoncello presso l'Universit\u00e0 della California a Los Angeles. Prima di trasferirsi negli Stati Uniti, ha ricoperto una cattedra alla McGill University di Montr\u00e9al. \u00c8 stato anche professore ospite presso l'Accademia Internazionale di Musica Menuhin in Svizzera per diversi anni. Ha vissuto con la sua famiglia a Los Angeles.<\/p>\n<p>Tra i progetti pi\u00f9 recenti di Lysy figurano un recital solistico di Bach alla Galleria degli Uffizi di Firenze, due programmi con Vladimir Ashkenazy e i suoi figli a Lugano, un concerto con l'American Youth Symphony Orchestra a Los Angeles e una tourn\u00e9e negli Stati Uniti, in Canada, in Italia e in Argentina con lo spettacolo \"Te Amo, Argentina\".<\/p>\n<p>Articolo in <a href=\"https:\/\/www.thestrad.com\/news\/cellist-antonio-lysy-has-died\/17593.article\" target=\"_blank\" rel=\"noopener\">Lo Strad<\/a><\/p>","protected":false},"excerpt":{"rendered":"<p>Antonio Lysy, figlio di Alberto Lysy, fondatore dell'Accademia Menuhin di Gstaad e direttore dell'educazione musicale dell'Universit\u00e0 della California, \u00e8 morto dopo una breve malattia.  <\/p>","protected":false},"author":30,"featured_media":51674,"comment_status":"closed","ping_status":"closed","sticky":false,"template":"","format":"standard","meta":{"_acf_changed":false,"_relevanssi_hide_post":"","_relevanssi_hide_content":"","_relevanssi_pin_for_all":"","_relevanssi_pin_keywords":"","_relevanssi_unpin_keywords":"","_relevanssi_related_keywords":"","_relevanssi_related_include_ids":"","_relevanssi_related_exclude_ids":"","_relevanssi_related_no_append":"","_relevanssi_related_not_related":"","_relevanssi_related_posts":"","_relevanssi_noindex_reason":"","pgc_sgb_lightbox_settings":"","footnotes":""},"categories":[27,1624],"tags":[3646],"class_list":["post-51673","post","type-post","status-publish","format-standard","has-post-thumbnail","hentry","category-news","category-personen","tag-antonio-lysy"],"acf":[],"yoast_head":"<!-- This site is optimized with the Yoast SEO plugin v27.4 - https:\/\/yoast.com\/product\/yoast-seo-wordpress\/ -->\n<title>Tod des Cellisten Antonio Lysy - Schweizer Musikzeitung<\/title>\n<meta name=\"description\" content=\"Antonio Lysy, Sohn Alberto Lysys, des Gr\u00fcnders der Menuhin Akademie und Leiter der Musikausbildung an der University of California, ist verstorben.\" \/>\n<meta name=\"robots\" content=\"index, follow, max-snippet:-1, max-image-preview:large, max-video-preview:-1\" \/>\n<link rel=\"canonical\" href=\"https:\/\/www.musikzeitung.ch\/it\/news\/2024\/02\/tod-des-cellisten-antonio-lysy\/\" \/>\n<meta property=\"og:locale\" content=\"it_IT\" \/>\n<meta property=\"og:type\" content=\"article\" \/>\n<meta property=\"og:title\" content=\"Tod des Cellisten Antonio Lysy - Schweizer Musikzeitung\" \/>\n<meta property=\"og:description\" content=\"Antonio Lysy, Sohn Alberto Lysys, des Gr\u00fcnders der Menuhin Akademie und Leiter der Musikausbildung an der University of California, ist verstorben.\" \/>\n<meta property=\"og:url\" content=\"https:\/\/www.musikzeitung.ch\/it\/news\/2024\/02\/tod-des-cellisten-antonio-lysy\/\" \/>\n<meta property=\"og:site_name\" content=\"Schweizer Musikzeitung\" \/>\n<meta property=\"article:publisher\" content=\"https:\/\/www.facebook.com\/SchweizerMusikzeitung\/\" \/>\n<meta property=\"article:author\" content=\"https:\/\/www.facebook.com\/wolfgang.bohler.75\" \/>\n<meta property=\"article:published_time\" content=\"2024-02-07T07:33:58+00:00\" \/>\n<meta property=\"article:modified_time\" content=\"2024-02-28T13:27:02+00:00\" \/>\n<meta property=\"og:image\" content=\"https:\/\/www.musikzeitung.ch\/wp-content\/uploads\/2024\/02\/240207lysy.jpg\" \/>\n\t<meta property=\"og:image:width\" content=\"759\" \/>\n\t<meta property=\"og:image:height\" content=\"531\" \/>\n\t<meta property=\"og:image:type\" content=\"image\/jpeg\" \/>\n<meta name=\"author\" content=\"Wolfgang B\u00f6hler\" \/>\n<meta name=\"twitter:card\" content=\"summary_large_image\" \/>\n<meta name=\"twitter:creator\" content=\"@smusikzeitung\" \/>\n<meta name=\"twitter:site\" content=\"@smusikzeitung\" \/>\n<meta name=\"twitter:label1\" content=\"Scritto da\" \/>\n\t<meta name=\"twitter:data1\" content=\"Wolfgang B\u00f6hler\" \/>\n\t<meta name=\"twitter:label2\" content=\"Tempo di lettura stimato\" \/>\n\t<meta name=\"twitter:data2\" content=\"2 minuti\" \/>\n<script type=\"application\/ld+json\" class=\"yoast-schema-graph\">{\"@context\":\"https:\\\/\\\/schema.org\",\"@graph\":[{\"@type\":\"Article\",\"@id\":\"https:\\\/\\\/www.musikzeitung.ch\\\/news\\\/2024\\\/02\\\/tod-des-cellisten-antonio-lysy#article\",\"isPartOf\":{\"@id\":\"https:\\\/\\\/www.musikzeitung.ch\\\/news\\\/2024\\\/02\\\/tod-des-cellisten-antonio-lysy\"},\"author\":{\"name\":\"Wolfgang B\u00f6hler\",\"@id\":\"https:\\\/\\\/www.musikzeitung.ch\\\/#\\\/schema\\\/person\\\/0da4fb82d243f1252850a35d0e87cf0c\"},\"headline\":\"Tod des Cellisten Antonio Lysy\",\"datePublished\":\"2024-02-07T07:33:58+00:00\",\"dateModified\":\"2024-02-28T13:27:02+00:00\",\"mainEntityOfPage\":{\"@id\":\"https:\\\/\\\/www.musikzeitung.ch\\\/news\\\/2024\\\/02\\\/tod-des-cellisten-antonio-lysy\"},\"wordCount\":129,\"publisher\":{\"@id\":\"https:\\\/\\\/www.musikzeitung.ch\\\/#organization\"},\"image\":{\"@id\":\"https:\\\/\\\/www.musikzeitung.ch\\\/news\\\/2024\\\/02\\\/tod-des-cellisten-antonio-lysy#primaryimage\"},\"thumbnailUrl\":\"https:\\\/\\\/www.musikzeitung.ch\\\/wp-content\\\/uploads\\\/2024\\\/02\\\/240207lysy.jpg\",\"keywords\":[\"Antonio Lysy\"],\"articleSection\":[\"News\",\"Personen\"],\"inLanguage\":\"it-IT\"},{\"@type\":\"WebPage\",\"@id\":\"https:\\\/\\\/www.musikzeitung.ch\\\/news\\\/2024\\\/02\\\/tod-des-cellisten-antonio-lysy\",\"url\":\"https:\\\/\\\/www.musikzeitung.ch\\\/news\\\/2024\\\/02\\\/tod-des-cellisten-antonio-lysy\",\"name\":\"Tod des Cellisten Antonio Lysy - Schweizer Musikzeitung\",\"isPartOf\":{\"@id\":\"https:\\\/\\\/www.musikzeitung.ch\\\/#website\"},\"primaryImageOfPage\":{\"@id\":\"https:\\\/\\\/www.musikzeitung.ch\\\/news\\\/2024\\\/02\\\/tod-des-cellisten-antonio-lysy#primaryimage\"},\"image\":{\"@id\":\"https:\\\/\\\/www.musikzeitung.ch\\\/news\\\/2024\\\/02\\\/tod-des-cellisten-antonio-lysy#primaryimage\"},\"thumbnailUrl\":\"https:\\\/\\\/www.musikzeitung.ch\\\/wp-content\\\/uploads\\\/2024\\\/02\\\/240207lysy.jpg\",\"datePublished\":\"2024-02-07T07:33:58+00:00\",\"dateModified\":\"2024-02-28T13:27:02+00:00\",\"description\":\"Antonio Lysy, Sohn Alberto Lysys, des Gr\u00fcnders der Menuhin Akademie und Leiter der Musikausbildung an der University of California, ist verstorben.\",\"breadcrumb\":{\"@id\":\"https:\\\/\\\/www.musikzeitung.ch\\\/news\\\/2024\\\/02\\\/tod-des-cellisten-antonio-lysy#breadcrumb\"},\"inLanguage\":\"it-IT\",\"potentialAction\":[{\"@type\":\"ReadAction\",\"target\":[\"https:\\\/\\\/www.musikzeitung.ch\\\/news\\\/2024\\\/02\\\/tod-des-cellisten-antonio-lysy\"]}]},{\"@type\":\"ImageObject\",\"inLanguage\":\"it-IT\",\"@id\":\"https:\\\/\\\/www.musikzeitung.ch\\\/news\\\/2024\\\/02\\\/tod-des-cellisten-antonio-lysy#primaryimage\",\"url\":\"https:\\\/\\\/www.musikzeitung.ch\\\/wp-content\\\/uploads\\\/2024\\\/02\\\/240207lysy.jpg\",\"contentUrl\":\"https:\\\/\\\/www.musikzeitung.ch\\\/wp-content\\\/uploads\\\/2024\\\/02\\\/240207lysy.jpg\",\"width\":759,\"height\":531,\"caption\":\"Antonio Lysy (Bild: Youtube-Videostill)\"},{\"@type\":\"BreadcrumbList\",\"@id\":\"https:\\\/\\\/www.musikzeitung.ch\\\/news\\\/2024\\\/02\\\/tod-des-cellisten-antonio-lysy#breadcrumb\",\"itemListElement\":[{\"@type\":\"ListItem\",\"position\":1,\"name\":\"Home\",\"item\":\"https:\\\/\\\/www.musikzeitung.ch\\\/\"},{\"@type\":\"ListItem\",\"position\":2,\"name\":\"Tod des Cellisten Antonio Lysy\"}]},{\"@type\":\"WebSite\",\"@id\":\"https:\\\/\\\/www.musikzeitung.ch\\\/#website\",\"url\":\"https:\\\/\\\/www.musikzeitung.ch\\\/\",\"name\":\"Schweizer Musikzeitung\",\"description\":\"Die f\u00fchrende sparten\u00fcbergreifende Monatszeitung in der Schweiz f\u00fcr musikalische Fragen.\",\"publisher\":{\"@id\":\"https:\\\/\\\/www.musikzeitung.ch\\\/#organization\"},\"potentialAction\":[{\"@type\":\"SearchAction\",\"target\":{\"@type\":\"EntryPoint\",\"urlTemplate\":\"https:\\\/\\\/www.musikzeitung.ch\\\/?s={search_term_string}\"},\"query-input\":{\"@type\":\"PropertyValueSpecification\",\"valueRequired\":true,\"valueName\":\"search_term_string\"}}],\"inLanguage\":\"it-IT\"},{\"@type\":\"Organization\",\"@id\":\"https:\\\/\\\/www.musikzeitung.ch\\\/#organization\",\"name\":\"Schweizer Musikzeitung\",\"url\":\"https:\\\/\\\/www.musikzeitung.ch\\\/\",\"logo\":{\"@type\":\"ImageObject\",\"inLanguage\":\"it-IT\",\"@id\":\"https:\\\/\\\/www.musikzeitung.ch\\\/#\\\/schema\\\/logo\\\/image\\\/\",\"url\":\"https:\\\/\\\/www.musikzeitung.ch\\\/wp-content\\\/uploads\\\/2023\\\/01\\\/SMZ_Schriftzug_Sprache.png\",\"contentUrl\":\"https:\\\/\\\/www.musikzeitung.ch\\\/wp-content\\\/uploads\\\/2023\\\/01\\\/SMZ_Schriftzug_Sprache.png\",\"width\":1400,\"height\":279,\"caption\":\"Schweizer Musikzeitung\"},\"image\":{\"@id\":\"https:\\\/\\\/www.musikzeitung.ch\\\/#\\\/schema\\\/logo\\\/image\\\/\"},\"sameAs\":[\"https:\\\/\\\/www.facebook.com\\\/SchweizerMusikzeitung\\\/\",\"https:\\\/\\\/x.com\\\/smusikzeitung\",\"https:\\\/\\\/www.instagram.com\\\/musikzeitung.ch\\\/\"]},{\"@type\":\"Person\",\"@id\":\"https:\\\/\\\/www.musikzeitung.ch\\\/#\\\/schema\\\/person\\\/0da4fb82d243f1252850a35d0e87cf0c\",\"name\":\"Wolfgang B\u00f6hler\",\"image\":{\"@type\":\"ImageObject\",\"inLanguage\":\"it-IT\",\"@id\":\"https:\\\/\\\/www.musikzeitung.ch\\\/wp-content\\\/uploads\\\/2023\\\/01\\\/boehler_portraet_web-e1674139782246-96x96.jpg\",\"url\":\"https:\\\/\\\/www.musikzeitung.ch\\\/wp-content\\\/uploads\\\/2023\\\/01\\\/boehler_portraet_web-e1674139782246-96x96.jpg\",\"contentUrl\":\"https:\\\/\\\/www.musikzeitung.ch\\\/wp-content\\\/uploads\\\/2023\\\/01\\\/boehler_portraet_web-e1674139782246-96x96.jpg\",\"caption\":\"Wolfgang B\u00f6hler\"},\"sameAs\":[\"http:\\\/\\\/www.manacanto.ch\",\"https:\\\/\\\/www.facebook.com\\\/wolfgang.bohler.75\"],\"url\":\"https:\\\/\\\/www.musikzeitung.ch\\\/it\\\/author\\\/wolfgang-boehler\"}]}<\/script>\n<!-- \/ Yoast SEO plugin. -->","yoast_head_json":{"title":"Morte del violoncellista Antonio Lysy - Schweizer Musikzeitung","description":"\u00c8 morto Antonio Lysy, figlio di Alberto Lysy, fondatore della Menuhin Academy e direttore dell'educazione musicale dell'Universit\u00e0 della California.","robots":{"index":"index","follow":"follow","max-snippet":"max-snippet:-1","max-image-preview":"max-image-preview:large","max-video-preview":"max-video-preview:-1"},"canonical":"https:\/\/www.musikzeitung.ch\/it\/news\/2024\/02\/tod-des-cellisten-antonio-lysy\/","og_locale":"it_IT","og_type":"article","og_title":"Tod des Cellisten Antonio Lysy - Schweizer Musikzeitung","og_description":"Antonio Lysy, Sohn Alberto Lysys, des Gr\u00fcnders der Menuhin Akademie und Leiter der Musikausbildung an der University of California, ist verstorben.","og_url":"https:\/\/www.musikzeitung.ch\/it\/news\/2024\/02\/tod-des-cellisten-antonio-lysy\/","og_site_name":"Schweizer Musikzeitung","article_publisher":"https:\/\/www.facebook.com\/SchweizerMusikzeitung\/","article_author":"https:\/\/www.facebook.com\/wolfgang.bohler.75","article_published_time":"2024-02-07T07:33:58+00:00","article_modified_time":"2024-02-28T13:27:02+00:00","og_image":[{"width":759,"height":531,"url":"https:\/\/www.musikzeitung.ch\/wp-content\/uploads\/2024\/02\/240207lysy.jpg","type":"image\/jpeg"}],"author":"Wolfgang B\u00f6hler","twitter_card":"summary_large_image","twitter_creator":"@smusikzeitung","twitter_site":"@smusikzeitung","twitter_misc":{"Scritto da":"Wolfgang B\u00f6hler","Tempo di lettura stimato":"2 minuti"},"schema":{"@context":"https:\/\/schema.org","@graph":[{"@type":"Article","@id":"https:\/\/www.musikzeitung.ch\/news\/2024\/02\/tod-des-cellisten-antonio-lysy#article","isPartOf":{"@id":"https:\/\/www.musikzeitung.ch\/news\/2024\/02\/tod-des-cellisten-antonio-lysy"},"author":{"name":"Wolfgang B\u00f6hler","@id":"https:\/\/www.musikzeitung.ch\/#\/schema\/person\/0da4fb82d243f1252850a35d0e87cf0c"},"headline":"Tod des Cellisten Antonio Lysy","datePublished":"2024-02-07T07:33:58+00:00","dateModified":"2024-02-28T13:27:02+00:00","mainEntityOfPage":{"@id":"https:\/\/www.musikzeitung.ch\/news\/2024\/02\/tod-des-cellisten-antonio-lysy"},"wordCount":129,"publisher":{"@id":"https:\/\/www.musikzeitung.ch\/#organization"},"image":{"@id":"https:\/\/www.musikzeitung.ch\/news\/2024\/02\/tod-des-cellisten-antonio-lysy#primaryimage"},"thumbnailUrl":"https:\/\/www.musikzeitung.ch\/wp-content\/uploads\/2024\/02\/240207lysy.jpg","keywords":["Antonio Lysy"],"articleSection":["News","Personen"],"inLanguage":"it-IT"},{"@type":"WebPage","@id":"https:\/\/www.musikzeitung.ch\/news\/2024\/02\/tod-des-cellisten-antonio-lysy","url":"https:\/\/www.musikzeitung.ch\/news\/2024\/02\/tod-des-cellisten-antonio-lysy","name":"Morte del violoncellista Antonio Lysy - Schweizer Musikzeitung","isPartOf":{"@id":"https:\/\/www.musikzeitung.ch\/#website"},"primaryImageOfPage":{"@id":"https:\/\/www.musikzeitung.ch\/news\/2024\/02\/tod-des-cellisten-antonio-lysy#primaryimage"},"image":{"@id":"https:\/\/www.musikzeitung.ch\/news\/2024\/02\/tod-des-cellisten-antonio-lysy#primaryimage"},"thumbnailUrl":"https:\/\/www.musikzeitung.ch\/wp-content\/uploads\/2024\/02\/240207lysy.jpg","datePublished":"2024-02-07T07:33:58+00:00","dateModified":"2024-02-28T13:27:02+00:00","description":"\u00c8 morto Antonio Lysy, figlio di Alberto Lysy, fondatore della Menuhin Academy e direttore dell'educazione musicale dell'Universit\u00e0 della California.","breadcrumb":{"@id":"https:\/\/www.musikzeitung.ch\/news\/2024\/02\/tod-des-cellisten-antonio-lysy#breadcrumb"},"inLanguage":"it-IT","potentialAction":[{"@type":"ReadAction","target":["https:\/\/www.musikzeitung.ch\/news\/2024\/02\/tod-des-cellisten-antonio-lysy"]}]},{"@type":"ImageObject","inLanguage":"it-IT","@id":"https:\/\/www.musikzeitung.ch\/news\/2024\/02\/tod-des-cellisten-antonio-lysy#primaryimage","url":"https:\/\/www.musikzeitung.ch\/wp-content\/uploads\/2024\/02\/240207lysy.jpg","contentUrl":"https:\/\/www.musikzeitung.ch\/wp-content\/uploads\/2024\/02\/240207lysy.jpg","width":759,"height":531,"caption":"Antonio Lysy (Bild: Youtube-Videostill)"},{"@type":"BreadcrumbList","@id":"https:\/\/www.musikzeitung.ch\/news\/2024\/02\/tod-des-cellisten-antonio-lysy#breadcrumb","itemListElement":[{"@type":"ListItem","position":1,"name":"Home","item":"https:\/\/www.musikzeitung.ch\/"},{"@type":"ListItem","position":2,"name":"Tod des Cellisten Antonio Lysy"}]},{"@type":"WebSite","@id":"https:\/\/www.musikzeitung.ch\/#website","url":"https:\/\/www.musikzeitung.ch\/","name":"Giornale musicale svizzero","description":"Il principale mensile interdisciplinare della Svizzera per le questioni musicali.","publisher":{"@id":"https:\/\/www.musikzeitung.ch\/#organization"},"potentialAction":[{"@type":"SearchAction","target":{"@type":"EntryPoint","urlTemplate":"https:\/\/www.musikzeitung.ch\/?s={search_term_string}"},"query-input":{"@type":"PropertyValueSpecification","valueRequired":true,"valueName":"search_term_string"}}],"inLanguage":"it-IT"},{"@type":"Organization","@id":"https:\/\/www.musikzeitung.ch\/#organization","name":"Giornale musicale svizzero","url":"https:\/\/www.musikzeitung.ch\/","logo":{"@type":"ImageObject","inLanguage":"it-IT","@id":"https:\/\/www.musikzeitung.ch\/#\/schema\/logo\/image\/","url":"https:\/\/www.musikzeitung.ch\/wp-content\/uploads\/2023\/01\/SMZ_Schriftzug_Sprache.png","contentUrl":"https:\/\/www.musikzeitung.ch\/wp-content\/uploads\/2023\/01\/SMZ_Schriftzug_Sprache.png","width":1400,"height":279,"caption":"Schweizer Musikzeitung"},"image":{"@id":"https:\/\/www.musikzeitung.ch\/#\/schema\/logo\/image\/"},"sameAs":["https:\/\/www.facebook.com\/SchweizerMusikzeitung\/","https:\/\/x.com\/smusikzeitung","https:\/\/www.instagram.com\/musikzeitung.ch\/"]},{"@type":"Person","@id":"https:\/\/www.musikzeitung.ch\/#\/schema\/person\/0da4fb82d243f1252850a35d0e87cf0c","name":"Wolfgang B\u00f6hler","image":{"@type":"ImageObject","inLanguage":"it-IT","@id":"https:\/\/www.musikzeitung.ch\/wp-content\/uploads\/2023\/01\/boehler_portraet_web-e1674139782246-96x96.jpg","url":"https:\/\/www.musikzeitung.ch\/wp-content\/uploads\/2023\/01\/boehler_portraet_web-e1674139782246-96x96.jpg","contentUrl":"https:\/\/www.musikzeitung.ch\/wp-content\/uploads\/2023\/01\/boehler_portraet_web-e1674139782246-96x96.jpg","caption":"Wolfgang B\u00f6hler"},"sameAs":["http:\/\/www.manacanto.ch","https:\/\/www.facebook.com\/wolfgang.bohler.75"],"url":"https:\/\/www.musikzeitung.ch\/it\/author\/wolfgang-boehler"}]}},"publishpress_future_workflow_manual_trigger":{"enabledWorkflows":[]},"_links":{"self":[{"href":"https:\/\/www.musikzeitung.ch\/it\/wp-json\/wp\/v2\/posts\/51673","targetHints":{"allow":["GET"]}}],"collection":[{"href":"https:\/\/www.musikzeitung.ch\/it\/wp-json\/wp\/v2\/posts"}],"about":[{"href":"https:\/\/www.musikzeitung.ch\/it\/wp-json\/wp\/v2\/types\/post"}],"author":[{"embeddable":true,"href":"https:\/\/www.musikzeitung.ch\/it\/wp-json\/wp\/v2\/users\/30"}],"replies":[{"embeddable":true,"href":"https:\/\/www.musikzeitung.ch\/it\/wp-json\/wp\/v2\/comments?post=51673"}],"version-history":[{"count":5,"href":"https:\/\/www.musikzeitung.ch\/it\/wp-json\/wp\/v2\/posts\/51673\/revisions"}],"predecessor-version":[{"id":51680,"href":"https:\/\/www.musikzeitung.ch\/it\/wp-json\/wp\/v2\/posts\/51673\/revisions\/51680"}],"wp:featuredmedia":[{"embeddable":true,"href":"https:\/\/www.musikzeitung.ch\/it\/wp-json\/wp\/v2\/media\/51674"}],"wp:attachment":[{"href":"https:\/\/www.musikzeitung.ch\/it\/wp-json\/wp\/v2\/media?parent=51673"}],"wp:term":[{"taxonomy":"category","embeddable":true,"href":"https:\/\/www.musikzeitung.ch\/it\/wp-json\/wp\/v2\/categories?post=51673"},{"taxonomy":"post_tag","embeddable":true,"href":"https:\/\/www.musikzeitung.ch\/it\/wp-json\/wp\/v2\/tags?post=51673"}],"curies":[{"name":"wp","href":"https:\/\/api.w.org\/{rel}","templated":true}]}}