{"id":51725,"date":"2024-02-08T08:17:26","date_gmt":"2024-02-08T07:17:26","guid":{"rendered":"https:\/\/www.musikzeitung.ch\/?p=51725"},"modified":"2024-02-28T14:25:51","modified_gmt":"2024-02-28T13:25:51","slug":"musikhochschule-frankfurt-ehrt-christoph-eschenbach","status":"publish","type":"post","link":"https:\/\/www.musikzeitung.ch\/it\/news\/2024\/02\/musikhochschule-frankfurt-ehrt-christoph-eschenbach","title":{"rendered":"L'Universit\u00e0 della Musica di Francoforte rende omaggio a Christoph Eschenbach"},"content":{"rendered":"<figure id=\"attachment_51726\" aria-describedby=\"caption-attachment-51726\" style=\"width: 677px\" class=\"wp-caption alignnone\"><img loading=\"lazy\" decoding=\"async\" class=\"wp-image-51726\" src=\"https:\/\/www.musikzeitung.ch\/wp-content\/uploads\/2024\/02\/240208eschenbach.jpg\" alt=\"\" width=\"677\" height=\"449\" srcset=\"https:\/\/www.musikzeitung.ch\/wp-content\/uploads\/2024\/02\/240208eschenbach.jpg 1062w, https:\/\/www.musikzeitung.ch\/wp-content\/uploads\/2024\/02\/240208eschenbach-300x199.jpg 300w, https:\/\/www.musikzeitung.ch\/wp-content\/uploads\/2024\/02\/240208eschenbach-1024x680.jpg 1024w, https:\/\/www.musikzeitung.ch\/wp-content\/uploads\/2024\/02\/240208eschenbach-768x510.jpg 768w, https:\/\/www.musikzeitung.ch\/wp-content\/uploads\/2024\/02\/240208eschenbach-264x175.jpg 264w, https:\/\/www.musikzeitung.ch\/wp-content\/uploads\/2024\/02\/240208eschenbach-527x350.jpg 527w, https:\/\/www.musikzeitung.ch\/wp-content\/uploads\/2024\/02\/240208eschenbach-920x611.jpg 920w\" sizes=\"auto, (max-width: 677px) 100vw, 677px\" \/><figcaption id=\"caption-attachment-51726\" class=\"wp-caption-text\">(Immagine: HfMDK\/Marvin Fuchs)<\/figcaption><\/figure>\n<p>Secondo il comunicato stampa della HfMDK, l'universit\u00e0 onora cos\u00ec \"in particolare lo straordinario impegno di Eschenbach nei confronti dei giovani artisti, dello sviluppo dei talenti e delle pi\u00f9 diverse forme pedagogiche e didattiche di educazione musicale\". Come momento culminante del programma musicale, gli studenti della HfMDK e dell'Accademia di Kronberg, sotto la direzione di Christoph Eschenbach, hanno presentato congiuntamente l'opera <em>Musica da camera n. 1<\/em> di Paul Hindemith.<\/p>\n<p>Nato a Breslau nel 1940, Eschenbach ha vinto il Concorso pianistico internazionale Clara Haskil di Lucerna nel 1965 ed \u00e8 stato direttore principale dell'Orchestra della Tonhalle di Zurigo dal 1982 al 1985.<\/p>\n<p>Christoph Eschenbach \u00e8 strettamente legato ai corsi di laurea e master gestiti congiuntamente dall'Accademia di Kronberg e dalla HfMDK. Oltre al suo lavoro come consulente artistico e docente presso l'Accademia di Kronberg, \u00e8 ospite regolare dell'Orchestra Sinfonica della Radio di Francoforte e dal 2016 \u00e8 il vincitore del Premio Paul Hindemith della citt\u00e0 di Hanau.<\/p>","protected":false},"excerpt":{"rendered":"<p>L'Universit\u00e0 di Musica e Arti dello Spettacolo di Francoforte (HfMDK) ha conferito a Christoph Eschenbach un dottorato honoris causa. <\/p>","protected":false},"author":30,"featured_media":51726,"comment_status":"closed","ping_status":"closed","sticky":false,"template":"","format":"standard","meta":{"_acf_changed":false,"_relevanssi_hide_post":"","_relevanssi_hide_content":"","_relevanssi_pin_for_all":"","_relevanssi_pin_keywords":"","_relevanssi_unpin_keywords":"","_relevanssi_related_keywords":"","_relevanssi_related_include_ids":"","_relevanssi_related_exclude_ids":"","_relevanssi_related_no_append":"","_relevanssi_related_not_related":"","_relevanssi_related_posts":"","_relevanssi_noindex_reason":"","pgc_sgb_lightbox_settings":"","footnotes":""},"categories":[27,1624],"tags":[3547,3647],"class_list":["post-51725","post","type-post","status-publish","format-standard","has-post-thumbnail","hentry","category-news","category-personen","tag-christoph-eschenbach","tag-hochschule-fuer-musik-und-darstellende-kunst-frankfurt"],"acf":[],"yoast_head":"<!-- This site is optimized with the Yoast SEO plugin v27.4 - https:\/\/yoast.com\/product\/yoast-seo-wordpress\/ -->\n<title>Musikhochschule Frankfurt ehrt Christoph Eschenbach - Schweizer Musikzeitung<\/title>\n<meta name=\"description\" content=\"Die Hochschule f\u00fcr Musik und Darstellende Kunst Frankfurt (HfMDK) hat Christoph Eschenbach den akademischen Grad der Ehrendoktorw\u00fcrde verliehen.\" \/>\n<meta name=\"robots\" content=\"index, follow, max-snippet:-1, max-image-preview:large, max-video-preview:-1\" \/>\n<link rel=\"canonical\" href=\"https:\/\/www.musikzeitung.ch\/it\/news\/2024\/02\/musikhochschule-frankfurt-ehrt-christoph-eschenbach\/\" \/>\n<meta property=\"og:locale\" content=\"it_IT\" \/>\n<meta property=\"og:type\" content=\"article\" \/>\n<meta property=\"og:title\" content=\"Musikhochschule Frankfurt ehrt Christoph Eschenbach - Schweizer Musikzeitung\" \/>\n<meta property=\"og:description\" content=\"Die Hochschule f\u00fcr Musik und Darstellende Kunst Frankfurt (HfMDK) hat Christoph Eschenbach den akademischen Grad der Ehrendoktorw\u00fcrde verliehen.\" \/>\n<meta property=\"og:url\" content=\"https:\/\/www.musikzeitung.ch\/it\/news\/2024\/02\/musikhochschule-frankfurt-ehrt-christoph-eschenbach\/\" \/>\n<meta property=\"og:site_name\" content=\"Schweizer Musikzeitung\" \/>\n<meta property=\"article:publisher\" content=\"https:\/\/www.facebook.com\/SchweizerMusikzeitung\/\" \/>\n<meta property=\"article:author\" content=\"https:\/\/www.facebook.com\/wolfgang.bohler.75\" \/>\n<meta property=\"article:published_time\" content=\"2024-02-08T07:17:26+00:00\" \/>\n<meta property=\"article:modified_time\" content=\"2024-02-28T13:25:51+00:00\" \/>\n<meta property=\"og:image\" content=\"https:\/\/www.musikzeitung.ch\/wp-content\/uploads\/2024\/02\/240208eschenbach.jpg\" \/>\n\t<meta property=\"og:image:width\" content=\"1062\" \/>\n\t<meta property=\"og:image:height\" content=\"705\" \/>\n\t<meta property=\"og:image:type\" content=\"image\/jpeg\" \/>\n<meta name=\"author\" content=\"Wolfgang B\u00f6hler\" \/>\n<meta name=\"twitter:card\" content=\"summary_large_image\" \/>\n<meta name=\"twitter:creator\" content=\"@smusikzeitung\" \/>\n<meta name=\"twitter:site\" content=\"@smusikzeitung\" \/>\n<meta name=\"twitter:label1\" content=\"Scritto da\" \/>\n\t<meta name=\"twitter:data1\" content=\"Wolfgang B\u00f6hler\" \/>\n\t<meta name=\"twitter:label2\" content=\"Tempo di lettura stimato\" \/>\n\t<meta name=\"twitter:data2\" content=\"2 minuti\" \/>\n<script type=\"application\/ld+json\" class=\"yoast-schema-graph\">{\"@context\":\"https:\\\/\\\/schema.org\",\"@graph\":[{\"@type\":\"Article\",\"@id\":\"https:\\\/\\\/www.musikzeitung.ch\\\/news\\\/2024\\\/02\\\/musikhochschule-frankfurt-ehrt-christoph-eschenbach#article\",\"isPartOf\":{\"@id\":\"https:\\\/\\\/www.musikzeitung.ch\\\/news\\\/2024\\\/02\\\/musikhochschule-frankfurt-ehrt-christoph-eschenbach\"},\"author\":{\"name\":\"Wolfgang B\u00f6hler\",\"@id\":\"https:\\\/\\\/www.musikzeitung.ch\\\/#\\\/schema\\\/person\\\/0da4fb82d243f1252850a35d0e87cf0c\"},\"headline\":\"Musikhochschule Frankfurt ehrt Christoph Eschenbach\",\"datePublished\":\"2024-02-08T07:17:26+00:00\",\"dateModified\":\"2024-02-28T13:25:51+00:00\",\"mainEntityOfPage\":{\"@id\":\"https:\\\/\\\/www.musikzeitung.ch\\\/news\\\/2024\\\/02\\\/musikhochschule-frankfurt-ehrt-christoph-eschenbach\"},\"wordCount\":149,\"publisher\":{\"@id\":\"https:\\\/\\\/www.musikzeitung.ch\\\/#organization\"},\"image\":{\"@id\":\"https:\\\/\\\/www.musikzeitung.ch\\\/news\\\/2024\\\/02\\\/musikhochschule-frankfurt-ehrt-christoph-eschenbach#primaryimage\"},\"thumbnailUrl\":\"https:\\\/\\\/www.musikzeitung.ch\\\/wp-content\\\/uploads\\\/2024\\\/02\\\/240208eschenbach.jpg\",\"keywords\":[\"Christoph Eschenbach\",\"Hochschule f\u00fcr Musik und Darstellende Kunst Frankfurt\"],\"articleSection\":[\"News\",\"Personen\"],\"inLanguage\":\"it-IT\"},{\"@type\":\"WebPage\",\"@id\":\"https:\\\/\\\/www.musikzeitung.ch\\\/news\\\/2024\\\/02\\\/musikhochschule-frankfurt-ehrt-christoph-eschenbach\",\"url\":\"https:\\\/\\\/www.musikzeitung.ch\\\/news\\\/2024\\\/02\\\/musikhochschule-frankfurt-ehrt-christoph-eschenbach\",\"name\":\"Musikhochschule Frankfurt ehrt Christoph Eschenbach - Schweizer Musikzeitung\",\"isPartOf\":{\"@id\":\"https:\\\/\\\/www.musikzeitung.ch\\\/#website\"},\"primaryImageOfPage\":{\"@id\":\"https:\\\/\\\/www.musikzeitung.ch\\\/news\\\/2024\\\/02\\\/musikhochschule-frankfurt-ehrt-christoph-eschenbach#primaryimage\"},\"image\":{\"@id\":\"https:\\\/\\\/www.musikzeitung.ch\\\/news\\\/2024\\\/02\\\/musikhochschule-frankfurt-ehrt-christoph-eschenbach#primaryimage\"},\"thumbnailUrl\":\"https:\\\/\\\/www.musikzeitung.ch\\\/wp-content\\\/uploads\\\/2024\\\/02\\\/240208eschenbach.jpg\",\"datePublished\":\"2024-02-08T07:17:26+00:00\",\"dateModified\":\"2024-02-28T13:25:51+00:00\",\"description\":\"Die Hochschule f\u00fcr Musik und Darstellende Kunst Frankfurt (HfMDK) hat Christoph Eschenbach den akademischen Grad der Ehrendoktorw\u00fcrde verliehen.\",\"breadcrumb\":{\"@id\":\"https:\\\/\\\/www.musikzeitung.ch\\\/news\\\/2024\\\/02\\\/musikhochschule-frankfurt-ehrt-christoph-eschenbach#breadcrumb\"},\"inLanguage\":\"it-IT\",\"potentialAction\":[{\"@type\":\"ReadAction\",\"target\":[\"https:\\\/\\\/www.musikzeitung.ch\\\/news\\\/2024\\\/02\\\/musikhochschule-frankfurt-ehrt-christoph-eschenbach\"]}]},{\"@type\":\"ImageObject\",\"inLanguage\":\"it-IT\",\"@id\":\"https:\\\/\\\/www.musikzeitung.ch\\\/news\\\/2024\\\/02\\\/musikhochschule-frankfurt-ehrt-christoph-eschenbach#primaryimage\",\"url\":\"https:\\\/\\\/www.musikzeitung.ch\\\/wp-content\\\/uploads\\\/2024\\\/02\\\/240208eschenbach.jpg\",\"contentUrl\":\"https:\\\/\\\/www.musikzeitung.ch\\\/wp-content\\\/uploads\\\/2024\\\/02\\\/240208eschenbach.jpg\",\"width\":1062,\"height\":705,\"caption\":\"(Bild: HfMDK\\\/Marvin Fuchs)\"},{\"@type\":\"BreadcrumbList\",\"@id\":\"https:\\\/\\\/www.musikzeitung.ch\\\/news\\\/2024\\\/02\\\/musikhochschule-frankfurt-ehrt-christoph-eschenbach#breadcrumb\",\"itemListElement\":[{\"@type\":\"ListItem\",\"position\":1,\"name\":\"Home\",\"item\":\"https:\\\/\\\/www.musikzeitung.ch\\\/\"},{\"@type\":\"ListItem\",\"position\":2,\"name\":\"Musikhochschule Frankfurt ehrt Christoph Eschenbach\"}]},{\"@type\":\"WebSite\",\"@id\":\"https:\\\/\\\/www.musikzeitung.ch\\\/#website\",\"url\":\"https:\\\/\\\/www.musikzeitung.ch\\\/\",\"name\":\"Schweizer Musikzeitung\",\"description\":\"Die f\u00fchrende sparten\u00fcbergreifende Monatszeitung in der Schweiz f\u00fcr musikalische Fragen.\",\"publisher\":{\"@id\":\"https:\\\/\\\/www.musikzeitung.ch\\\/#organization\"},\"potentialAction\":[{\"@type\":\"SearchAction\",\"target\":{\"@type\":\"EntryPoint\",\"urlTemplate\":\"https:\\\/\\\/www.musikzeitung.ch\\\/?s={search_term_string}\"},\"query-input\":{\"@type\":\"PropertyValueSpecification\",\"valueRequired\":true,\"valueName\":\"search_term_string\"}}],\"inLanguage\":\"it-IT\"},{\"@type\":\"Organization\",\"@id\":\"https:\\\/\\\/www.musikzeitung.ch\\\/#organization\",\"name\":\"Schweizer Musikzeitung\",\"url\":\"https:\\\/\\\/www.musikzeitung.ch\\\/\",\"logo\":{\"@type\":\"ImageObject\",\"inLanguage\":\"it-IT\",\"@id\":\"https:\\\/\\\/www.musikzeitung.ch\\\/#\\\/schema\\\/logo\\\/image\\\/\",\"url\":\"https:\\\/\\\/www.musikzeitung.ch\\\/wp-content\\\/uploads\\\/2023\\\/01\\\/SMZ_Schriftzug_Sprache.png\",\"contentUrl\":\"https:\\\/\\\/www.musikzeitung.ch\\\/wp-content\\\/uploads\\\/2023\\\/01\\\/SMZ_Schriftzug_Sprache.png\",\"width\":1400,\"height\":279,\"caption\":\"Schweizer Musikzeitung\"},\"image\":{\"@id\":\"https:\\\/\\\/www.musikzeitung.ch\\\/#\\\/schema\\\/logo\\\/image\\\/\"},\"sameAs\":[\"https:\\\/\\\/www.facebook.com\\\/SchweizerMusikzeitung\\\/\",\"https:\\\/\\\/x.com\\\/smusikzeitung\",\"https:\\\/\\\/www.instagram.com\\\/musikzeitung.ch\\\/\"]},{\"@type\":\"Person\",\"@id\":\"https:\\\/\\\/www.musikzeitung.ch\\\/#\\\/schema\\\/person\\\/0da4fb82d243f1252850a35d0e87cf0c\",\"name\":\"Wolfgang B\u00f6hler\",\"image\":{\"@type\":\"ImageObject\",\"inLanguage\":\"it-IT\",\"@id\":\"https:\\\/\\\/www.musikzeitung.ch\\\/wp-content\\\/uploads\\\/2023\\\/01\\\/boehler_portraet_web-e1674139782246-96x96.jpg\",\"url\":\"https:\\\/\\\/www.musikzeitung.ch\\\/wp-content\\\/uploads\\\/2023\\\/01\\\/boehler_portraet_web-e1674139782246-96x96.jpg\",\"contentUrl\":\"https:\\\/\\\/www.musikzeitung.ch\\\/wp-content\\\/uploads\\\/2023\\\/01\\\/boehler_portraet_web-e1674139782246-96x96.jpg\",\"caption\":\"Wolfgang B\u00f6hler\"},\"sameAs\":[\"http:\\\/\\\/www.manacanto.ch\",\"https:\\\/\\\/www.facebook.com\\\/wolfgang.bohler.75\"],\"url\":\"https:\\\/\\\/www.musikzeitung.ch\\\/it\\\/author\\\/wolfgang-boehler\"}]}<\/script>\n<!-- \/ Yoast SEO plugin. -->","yoast_head_json":{"title":"L'Universit\u00e0 della Musica di Francoforte onora Christoph Eschenbach - Schweizer Musikzeitung","description":"L'Universit\u00e0 di Musica e Arti dello Spettacolo di Francoforte (HfMDK) ha conferito a Christoph Eschenbach un dottorato honoris causa.","robots":{"index":"index","follow":"follow","max-snippet":"max-snippet:-1","max-image-preview":"max-image-preview:large","max-video-preview":"max-video-preview:-1"},"canonical":"https:\/\/www.musikzeitung.ch\/it\/news\/2024\/02\/musikhochschule-frankfurt-ehrt-christoph-eschenbach\/","og_locale":"it_IT","og_type":"article","og_title":"Musikhochschule Frankfurt ehrt Christoph Eschenbach - Schweizer Musikzeitung","og_description":"Die Hochschule f\u00fcr Musik und Darstellende Kunst Frankfurt (HfMDK) hat Christoph Eschenbach den akademischen Grad der Ehrendoktorw\u00fcrde verliehen.","og_url":"https:\/\/www.musikzeitung.ch\/it\/news\/2024\/02\/musikhochschule-frankfurt-ehrt-christoph-eschenbach\/","og_site_name":"Schweizer Musikzeitung","article_publisher":"https:\/\/www.facebook.com\/SchweizerMusikzeitung\/","article_author":"https:\/\/www.facebook.com\/wolfgang.bohler.75","article_published_time":"2024-02-08T07:17:26+00:00","article_modified_time":"2024-02-28T13:25:51+00:00","og_image":[{"width":1062,"height":705,"url":"https:\/\/www.musikzeitung.ch\/wp-content\/uploads\/2024\/02\/240208eschenbach.jpg","type":"image\/jpeg"}],"author":"Wolfgang B\u00f6hler","twitter_card":"summary_large_image","twitter_creator":"@smusikzeitung","twitter_site":"@smusikzeitung","twitter_misc":{"Scritto da":"Wolfgang B\u00f6hler","Tempo di lettura stimato":"2 minuti"},"schema":{"@context":"https:\/\/schema.org","@graph":[{"@type":"Article","@id":"https:\/\/www.musikzeitung.ch\/news\/2024\/02\/musikhochschule-frankfurt-ehrt-christoph-eschenbach#article","isPartOf":{"@id":"https:\/\/www.musikzeitung.ch\/news\/2024\/02\/musikhochschule-frankfurt-ehrt-christoph-eschenbach"},"author":{"name":"Wolfgang B\u00f6hler","@id":"https:\/\/www.musikzeitung.ch\/#\/schema\/person\/0da4fb82d243f1252850a35d0e87cf0c"},"headline":"Musikhochschule Frankfurt ehrt Christoph Eschenbach","datePublished":"2024-02-08T07:17:26+00:00","dateModified":"2024-02-28T13:25:51+00:00","mainEntityOfPage":{"@id":"https:\/\/www.musikzeitung.ch\/news\/2024\/02\/musikhochschule-frankfurt-ehrt-christoph-eschenbach"},"wordCount":149,"publisher":{"@id":"https:\/\/www.musikzeitung.ch\/#organization"},"image":{"@id":"https:\/\/www.musikzeitung.ch\/news\/2024\/02\/musikhochschule-frankfurt-ehrt-christoph-eschenbach#primaryimage"},"thumbnailUrl":"https:\/\/www.musikzeitung.ch\/wp-content\/uploads\/2024\/02\/240208eschenbach.jpg","keywords":["Christoph Eschenbach","Hochschule f\u00fcr Musik und Darstellende Kunst Frankfurt"],"articleSection":["News","Personen"],"inLanguage":"it-IT"},{"@type":"WebPage","@id":"https:\/\/www.musikzeitung.ch\/news\/2024\/02\/musikhochschule-frankfurt-ehrt-christoph-eschenbach","url":"https:\/\/www.musikzeitung.ch\/news\/2024\/02\/musikhochschule-frankfurt-ehrt-christoph-eschenbach","name":"L'Universit\u00e0 della Musica di Francoforte onora Christoph Eschenbach - Schweizer Musikzeitung","isPartOf":{"@id":"https:\/\/www.musikzeitung.ch\/#website"},"primaryImageOfPage":{"@id":"https:\/\/www.musikzeitung.ch\/news\/2024\/02\/musikhochschule-frankfurt-ehrt-christoph-eschenbach#primaryimage"},"image":{"@id":"https:\/\/www.musikzeitung.ch\/news\/2024\/02\/musikhochschule-frankfurt-ehrt-christoph-eschenbach#primaryimage"},"thumbnailUrl":"https:\/\/www.musikzeitung.ch\/wp-content\/uploads\/2024\/02\/240208eschenbach.jpg","datePublished":"2024-02-08T07:17:26+00:00","dateModified":"2024-02-28T13:25:51+00:00","description":"L'Universit\u00e0 di Musica e Arti dello Spettacolo di Francoforte (HfMDK) ha conferito a Christoph Eschenbach un dottorato honoris causa.","breadcrumb":{"@id":"https:\/\/www.musikzeitung.ch\/news\/2024\/02\/musikhochschule-frankfurt-ehrt-christoph-eschenbach#breadcrumb"},"inLanguage":"it-IT","potentialAction":[{"@type":"ReadAction","target":["https:\/\/www.musikzeitung.ch\/news\/2024\/02\/musikhochschule-frankfurt-ehrt-christoph-eschenbach"]}]},{"@type":"ImageObject","inLanguage":"it-IT","@id":"https:\/\/www.musikzeitung.ch\/news\/2024\/02\/musikhochschule-frankfurt-ehrt-christoph-eschenbach#primaryimage","url":"https:\/\/www.musikzeitung.ch\/wp-content\/uploads\/2024\/02\/240208eschenbach.jpg","contentUrl":"https:\/\/www.musikzeitung.ch\/wp-content\/uploads\/2024\/02\/240208eschenbach.jpg","width":1062,"height":705,"caption":"(Bild: HfMDK\/Marvin Fuchs)"},{"@type":"BreadcrumbList","@id":"https:\/\/www.musikzeitung.ch\/news\/2024\/02\/musikhochschule-frankfurt-ehrt-christoph-eschenbach#breadcrumb","itemListElement":[{"@type":"ListItem","position":1,"name":"Home","item":"https:\/\/www.musikzeitung.ch\/"},{"@type":"ListItem","position":2,"name":"Musikhochschule Frankfurt ehrt Christoph Eschenbach"}]},{"@type":"WebSite","@id":"https:\/\/www.musikzeitung.ch\/#website","url":"https:\/\/www.musikzeitung.ch\/","name":"Giornale musicale svizzero","description":"Il principale mensile interdisciplinare della Svizzera per le questioni musicali.","publisher":{"@id":"https:\/\/www.musikzeitung.ch\/#organization"},"potentialAction":[{"@type":"SearchAction","target":{"@type":"EntryPoint","urlTemplate":"https:\/\/www.musikzeitung.ch\/?s={search_term_string}"},"query-input":{"@type":"PropertyValueSpecification","valueRequired":true,"valueName":"search_term_string"}}],"inLanguage":"it-IT"},{"@type":"Organization","@id":"https:\/\/www.musikzeitung.ch\/#organization","name":"Giornale musicale svizzero","url":"https:\/\/www.musikzeitung.ch\/","logo":{"@type":"ImageObject","inLanguage":"it-IT","@id":"https:\/\/www.musikzeitung.ch\/#\/schema\/logo\/image\/","url":"https:\/\/www.musikzeitung.ch\/wp-content\/uploads\/2023\/01\/SMZ_Schriftzug_Sprache.png","contentUrl":"https:\/\/www.musikzeitung.ch\/wp-content\/uploads\/2023\/01\/SMZ_Schriftzug_Sprache.png","width":1400,"height":279,"caption":"Schweizer Musikzeitung"},"image":{"@id":"https:\/\/www.musikzeitung.ch\/#\/schema\/logo\/image\/"},"sameAs":["https:\/\/www.facebook.com\/SchweizerMusikzeitung\/","https:\/\/x.com\/smusikzeitung","https:\/\/www.instagram.com\/musikzeitung.ch\/"]},{"@type":"Person","@id":"https:\/\/www.musikzeitung.ch\/#\/schema\/person\/0da4fb82d243f1252850a35d0e87cf0c","name":"Wolfgang B\u00f6hler","image":{"@type":"ImageObject","inLanguage":"it-IT","@id":"https:\/\/www.musikzeitung.ch\/wp-content\/uploads\/2023\/01\/boehler_portraet_web-e1674139782246-96x96.jpg","url":"https:\/\/www.musikzeitung.ch\/wp-content\/uploads\/2023\/01\/boehler_portraet_web-e1674139782246-96x96.jpg","contentUrl":"https:\/\/www.musikzeitung.ch\/wp-content\/uploads\/2023\/01\/boehler_portraet_web-e1674139782246-96x96.jpg","caption":"Wolfgang B\u00f6hler"},"sameAs":["http:\/\/www.manacanto.ch","https:\/\/www.facebook.com\/wolfgang.bohler.75"],"url":"https:\/\/www.musikzeitung.ch\/it\/author\/wolfgang-boehler"}]}},"publishpress_future_workflow_manual_trigger":{"enabledWorkflows":[]},"_links":{"self":[{"href":"https:\/\/www.musikzeitung.ch\/it\/wp-json\/wp\/v2\/posts\/51725","targetHints":{"allow":["GET"]}}],"collection":[{"href":"https:\/\/www.musikzeitung.ch\/it\/wp-json\/wp\/v2\/posts"}],"about":[{"href":"https:\/\/www.musikzeitung.ch\/it\/wp-json\/wp\/v2\/types\/post"}],"author":[{"embeddable":true,"href":"https:\/\/www.musikzeitung.ch\/it\/wp-json\/wp\/v2\/users\/30"}],"replies":[{"embeddable":true,"href":"https:\/\/www.musikzeitung.ch\/it\/wp-json\/wp\/v2\/comments?post=51725"}],"version-history":[{"count":4,"href":"https:\/\/www.musikzeitung.ch\/it\/wp-json\/wp\/v2\/posts\/51725\/revisions"}],"predecessor-version":[{"id":51734,"href":"https:\/\/www.musikzeitung.ch\/it\/wp-json\/wp\/v2\/posts\/51725\/revisions\/51734"}],"wp:featuredmedia":[{"embeddable":true,"href":"https:\/\/www.musikzeitung.ch\/it\/wp-json\/wp\/v2\/media\/51726"}],"wp:attachment":[{"href":"https:\/\/www.musikzeitung.ch\/it\/wp-json\/wp\/v2\/media?parent=51725"}],"wp:term":[{"taxonomy":"category","embeddable":true,"href":"https:\/\/www.musikzeitung.ch\/it\/wp-json\/wp\/v2\/categories?post=51725"},{"taxonomy":"post_tag","embeddable":true,"href":"https:\/\/www.musikzeitung.ch\/it\/wp-json\/wp\/v2\/tags?post=51725"}],"curies":[{"name":"wp","href":"https:\/\/api.w.org\/{rel}","templated":true}]}}