{"id":5174,"date":"2017-03-17T00:00:00","date_gmt":"2017-03-16T23:00:00","guid":{"rendered":"https:\/\/www.musikzeitung.ch\/allgemein\/kanton-st-gallen-zeichnet-drei-musiker-aus\/"},"modified":"2017-03-17T00:00:00","modified_gmt":"2017-03-16T23:00:00","slug":"kanton-st-gallen-zeichnet-drei-musiker-aus","status":"publish","type":"post","link":"https:\/\/www.musikzeitung.ch\/it\/politik\/2017\/03\/kanton-st-gallen-zeichnet-drei-musiker-aus","title":{"rendered":"Il Cantone di San Gallo premia tre musicisti"},"content":{"rendered":"<figure style=\"width: 1200px\" class=\"wp-caption alignnone\"><img decoding=\"async\" class=\"size-full\" src=\"https:\/\/www.musikzeitung.ch\/wp-content\/uploads\/2023\/01\/wv.jpg\" alt=\"\" \/><figcaption class=\"wp-caption-text\">Willi Valotti (Immagine: zvg)<\/figcaption><\/figure>\n<div class='text-section'>\n<p>Il fisarmonicista Goran Kova\u010devi\u0107 \u00e8 nato a Sciaffusa nel 1971. Ha studiato al Conservatorio di Winterthur e all'Universit\u00e0 Statale di Musica di Trossingen ed \u00e8 stato premiato in diversi concorsi internazionali; nel 2013 ha ottenuto una borsa di studio a Roma dal Cantone di San Gallo. Vive con la sua famiglia a Engelburg, vicino a San Gallo.<\/p>\n<p>Willi Valotti \u00e8 uno degli innovatori della musica popolare svizzera: dal suo primo gruppo, gli \"Echo vom Hemberg\", all'ex \"Kapelle Heirassa\", all'\"Alderbuebe\", che ha contribuito a formare per 52 anni, all'\"item Quartett\" e alla \"Willis Wyberkapelle\". Valotti si \u00e8 formato come insegnante di fisarmonica a Winterthur e ha studiato armonia con Max Lang, contrabbasso a Zurigo e arrangiamento e composizione a Sciaffusa. <\/p>\n<p>Il premio per la sponsorizzazione va allo scrittore, giornalista e musicista Fr\u00e9d\u00e9ric Zwicker, classe 1983, che ha attirato l'attenzione nel 2016 con il suo romanzo d'esordio \"Hier k\u00f6nnen Sie im Kreis gehen!\". Dal punto di vista politico, \u00e8 il cantante della band Knuts Koffer, che ha scritto una canzone contro l'iniziativa per l'applicazione della legge, nonch\u00e9 un giornalista che scrive sul sessismo all'Openair di San Gallo e sul razzismo latente nella scena del wrestling.<br \/> \u00a0<\/p>\n<\/div>","protected":false},"excerpt":{"rendered":"<p><strong>La Fondazione culturale di San Gallo premia Goran Kova\u010devi\u0107 e Willi Valotti con un premio di riconoscimento di 15.000 franchi ciascuno. Inoltre, la Fondazione onora lo scrittore e musicista Fr\u00e9d\u00e9ric Zwicker con un premio di sponsorizzazione del valore di 10.000 franchi.<\/strong><\/p>","protected":false},"author":1,"featured_media":5175,"comment_status":"open","ping_status":"open","sticky":false,"template":"","format":"standard","meta":{"_acf_changed":false,"_relevanssi_hide_post":"","_relevanssi_hide_content":"","_relevanssi_pin_for_all":"","_relevanssi_pin_keywords":"","_relevanssi_unpin_keywords":"","_relevanssi_related_keywords":"","_relevanssi_related_include_ids":"","_relevanssi_related_exclude_ids":"","_relevanssi_related_no_append":"","_relevanssi_related_not_related":"","_relevanssi_related_posts":"","_relevanssi_noindex_reason":"","pgc_sgb_lightbox_settings":"","footnotes":""},"categories":[1081,767],"tags":[],"class_list":["post-5174","post","type-post","status-publish","format-standard","has-post-thumbnail","hentry","category-kantone-und-gemeinden","category-politik"],"acf":[],"yoast_head":"<!-- This site is optimized with the Yoast SEO plugin v27.5 - https:\/\/yoast.com\/product\/yoast-seo-wordpress\/ -->\n<title>Kanton St.Gallen zeichnet drei Musiker aus - Schweizer Musikzeitung<\/title>\n<meta name=\"robots\" content=\"index, follow, max-snippet:-1, max-image-preview:large, max-video-preview:-1\" \/>\n<link rel=\"canonical\" href=\"https:\/\/www.musikzeitung.ch\/it\/politik\/2017\/03\/kanton-st-gallen-zeichnet-drei-musiker-aus\/\" \/>\n<meta property=\"og:locale\" content=\"it_IT\" \/>\n<meta property=\"og:type\" content=\"article\" \/>\n<meta property=\"og:title\" content=\"Kanton St.Gallen zeichnet drei Musiker aus - Schweizer Musikzeitung\" \/>\n<meta property=\"og:description\" content=\"Die St.Gallische Kulturstiftung spricht Goran Kova\u010devi\u0107 und Willi Valotti je einen mit 15&#039;000 Franken dotierten Anerkennungspreis zu. Den Schriftsteller und Musiker Fr\u00e9d\u00e9ric Zwicker ehrt er mit einem mit 10&#039;000 Franken dotierten F\u00f6rderpreis.\" \/>\n<meta property=\"og:url\" content=\"https:\/\/www.musikzeitung.ch\/it\/politik\/2017\/03\/kanton-st-gallen-zeichnet-drei-musiker-aus\/\" \/>\n<meta property=\"og:site_name\" content=\"Schweizer Musikzeitung\" \/>\n<meta property=\"article:publisher\" content=\"https:\/\/www.facebook.com\/SchweizerMusikzeitung\/\" \/>\n<meta property=\"article:published_time\" content=\"2017-03-16T23:00:00+00:00\" \/>\n<meta property=\"og:image\" content=\"https:\/\/www.musikzeitung.ch\/wp-content\/uploads\/2023\/01\/wv.jpg\" \/>\n\t<meta property=\"og:image:width\" content=\"554\" \/>\n\t<meta property=\"og:image:height\" content=\"401\" \/>\n\t<meta property=\"og:image:type\" content=\"image\/jpeg\" \/>\n<meta name=\"author\" content=\"Musikzeitung-Redaktion\" \/>\n<meta name=\"twitter:card\" content=\"summary_large_image\" \/>\n<meta name=\"twitter:creator\" content=\"@smusikzeitung\" \/>\n<meta name=\"twitter:site\" content=\"@smusikzeitung\" \/>\n<meta name=\"twitter:label1\" content=\"Scritto da\" \/>\n\t<meta name=\"twitter:data1\" content=\"Musikzeitung-Redaktion\" \/>\n\t<meta name=\"twitter:label2\" content=\"Tempo di lettura stimato\" \/>\n\t<meta name=\"twitter:data2\" content=\"1 minuto\" \/>\n<script type=\"application\/ld+json\" class=\"yoast-schema-graph\">{\"@context\":\"https:\\\/\\\/schema.org\",\"@graph\":[{\"@type\":\"Article\",\"@id\":\"https:\\\/\\\/www.musikzeitung.ch\\\/politik\\\/2017\\\/03\\\/kanton-st-gallen-zeichnet-drei-musiker-aus#article\",\"isPartOf\":{\"@id\":\"https:\\\/\\\/www.musikzeitung.ch\\\/politik\\\/2017\\\/03\\\/kanton-st-gallen-zeichnet-drei-musiker-aus\"},\"author\":{\"name\":\"Musikzeitung-Redaktion\",\"@id\":\"https:\\\/\\\/www.musikzeitung.ch\\\/#\\\/schema\\\/person\\\/b2fd892c800856270b9dcc6001265712\"},\"headline\":\"Kanton St.Gallen zeichnet drei Musiker aus\",\"datePublished\":\"2017-03-16T23:00:00+00:00\",\"mainEntityOfPage\":{\"@id\":\"https:\\\/\\\/www.musikzeitung.ch\\\/politik\\\/2017\\\/03\\\/kanton-st-gallen-zeichnet-drei-musiker-aus\"},\"wordCount\":203,\"commentCount\":0,\"publisher\":{\"@id\":\"https:\\\/\\\/www.musikzeitung.ch\\\/#organization\"},\"image\":{\"@id\":\"https:\\\/\\\/www.musikzeitung.ch\\\/politik\\\/2017\\\/03\\\/kanton-st-gallen-zeichnet-drei-musiker-aus#primaryimage\"},\"thumbnailUrl\":\"https:\\\/\\\/www.musikzeitung.ch\\\/wp-content\\\/uploads\\\/2023\\\/01\\\/wv.jpg\",\"articleSection\":[\"Kantone und Gemeinden\",\"Politik\"],\"inLanguage\":\"it-IT\"},{\"@type\":\"WebPage\",\"@id\":\"https:\\\/\\\/www.musikzeitung.ch\\\/politik\\\/2017\\\/03\\\/kanton-st-gallen-zeichnet-drei-musiker-aus\",\"url\":\"https:\\\/\\\/www.musikzeitung.ch\\\/politik\\\/2017\\\/03\\\/kanton-st-gallen-zeichnet-drei-musiker-aus\",\"name\":\"Kanton St.Gallen zeichnet drei Musiker aus - Schweizer Musikzeitung\",\"isPartOf\":{\"@id\":\"https:\\\/\\\/www.musikzeitung.ch\\\/#website\"},\"primaryImageOfPage\":{\"@id\":\"https:\\\/\\\/www.musikzeitung.ch\\\/politik\\\/2017\\\/03\\\/kanton-st-gallen-zeichnet-drei-musiker-aus#primaryimage\"},\"image\":{\"@id\":\"https:\\\/\\\/www.musikzeitung.ch\\\/politik\\\/2017\\\/03\\\/kanton-st-gallen-zeichnet-drei-musiker-aus#primaryimage\"},\"thumbnailUrl\":\"https:\\\/\\\/www.musikzeitung.ch\\\/wp-content\\\/uploads\\\/2023\\\/01\\\/wv.jpg\",\"datePublished\":\"2017-03-16T23:00:00+00:00\",\"breadcrumb\":{\"@id\":\"https:\\\/\\\/www.musikzeitung.ch\\\/politik\\\/2017\\\/03\\\/kanton-st-gallen-zeichnet-drei-musiker-aus#breadcrumb\"},\"inLanguage\":\"it-IT\",\"potentialAction\":[{\"@type\":\"ReadAction\",\"target\":[\"https:\\\/\\\/www.musikzeitung.ch\\\/politik\\\/2017\\\/03\\\/kanton-st-gallen-zeichnet-drei-musiker-aus\"]}]},{\"@type\":\"ImageObject\",\"inLanguage\":\"it-IT\",\"@id\":\"https:\\\/\\\/www.musikzeitung.ch\\\/politik\\\/2017\\\/03\\\/kanton-st-gallen-zeichnet-drei-musiker-aus#primaryimage\",\"url\":\"https:\\\/\\\/www.musikzeitung.ch\\\/wp-content\\\/uploads\\\/2023\\\/01\\\/wv.jpg\",\"contentUrl\":\"https:\\\/\\\/www.musikzeitung.ch\\\/wp-content\\\/uploads\\\/2023\\\/01\\\/wv.jpg\",\"width\":554,\"height\":401},{\"@type\":\"BreadcrumbList\",\"@id\":\"https:\\\/\\\/www.musikzeitung.ch\\\/politik\\\/2017\\\/03\\\/kanton-st-gallen-zeichnet-drei-musiker-aus#breadcrumb\",\"itemListElement\":[{\"@type\":\"ListItem\",\"position\":1,\"name\":\"Home\",\"item\":\"https:\\\/\\\/www.musikzeitung.ch\\\/\"},{\"@type\":\"ListItem\",\"position\":2,\"name\":\"Kanton St.Gallen zeichnet drei Musiker aus\"}]},{\"@type\":\"WebSite\",\"@id\":\"https:\\\/\\\/www.musikzeitung.ch\\\/#website\",\"url\":\"https:\\\/\\\/www.musikzeitung.ch\\\/\",\"name\":\"Schweizer Musikzeitung\",\"description\":\"Die f\u00fchrende sparten\u00fcbergreifende Monatszeitung in der Schweiz f\u00fcr musikalische Fragen.\",\"publisher\":{\"@id\":\"https:\\\/\\\/www.musikzeitung.ch\\\/#organization\"},\"potentialAction\":[{\"@type\":\"SearchAction\",\"target\":{\"@type\":\"EntryPoint\",\"urlTemplate\":\"https:\\\/\\\/www.musikzeitung.ch\\\/?s={search_term_string}\"},\"query-input\":{\"@type\":\"PropertyValueSpecification\",\"valueRequired\":true,\"valueName\":\"search_term_string\"}}],\"inLanguage\":\"it-IT\"},{\"@type\":\"Organization\",\"@id\":\"https:\\\/\\\/www.musikzeitung.ch\\\/#organization\",\"name\":\"Schweizer Musikzeitung\",\"url\":\"https:\\\/\\\/www.musikzeitung.ch\\\/\",\"logo\":{\"@type\":\"ImageObject\",\"inLanguage\":\"it-IT\",\"@id\":\"https:\\\/\\\/www.musikzeitung.ch\\\/#\\\/schema\\\/logo\\\/image\\\/\",\"url\":\"https:\\\/\\\/www.musikzeitung.ch\\\/wp-content\\\/uploads\\\/2023\\\/01\\\/SMZ_Schriftzug_Sprache.png\",\"contentUrl\":\"https:\\\/\\\/www.musikzeitung.ch\\\/wp-content\\\/uploads\\\/2023\\\/01\\\/SMZ_Schriftzug_Sprache.png\",\"width\":1400,\"height\":279,\"caption\":\"Schweizer Musikzeitung\"},\"image\":{\"@id\":\"https:\\\/\\\/www.musikzeitung.ch\\\/#\\\/schema\\\/logo\\\/image\\\/\"},\"sameAs\":[\"https:\\\/\\\/www.facebook.com\\\/SchweizerMusikzeitung\\\/\",\"https:\\\/\\\/x.com\\\/smusikzeitung\",\"https:\\\/\\\/www.instagram.com\\\/musikzeitung.ch\\\/\"]},{\"@type\":\"Person\",\"@id\":\"https:\\\/\\\/www.musikzeitung.ch\\\/#\\\/schema\\\/person\\\/b2fd892c800856270b9dcc6001265712\",\"name\":\"Musikzeitung-Redaktion\",\"image\":{\"@type\":\"ImageObject\",\"inLanguage\":\"it-IT\",\"@id\":\"https:\\\/\\\/www.musikzeitung.ch\\\/wp-content\\\/uploads\\\/2022\\\/05\\\/usericon_musikzeitung-96x96.jpg\",\"url\":\"https:\\\/\\\/www.musikzeitung.ch\\\/wp-content\\\/uploads\\\/2022\\\/05\\\/usericon_musikzeitung-96x96.jpg\",\"contentUrl\":\"https:\\\/\\\/www.musikzeitung.ch\\\/wp-content\\\/uploads\\\/2022\\\/05\\\/usericon_musikzeitung-96x96.jpg\",\"caption\":\"Musikzeitung-Redaktion\"},\"url\":\"https:\\\/\\\/www.musikzeitung.ch\\\/it\\\/author\\\/admin\"}]}<\/script>\n<!-- \/ Yoast SEO plugin. -->","yoast_head_json":{"title":"Kanton St.Gallen zeichnet drei Musiker aus - Schweizer Musikzeitung","robots":{"index":"index","follow":"follow","max-snippet":"max-snippet:-1","max-image-preview":"max-image-preview:large","max-video-preview":"max-video-preview:-1"},"canonical":"https:\/\/www.musikzeitung.ch\/it\/politik\/2017\/03\/kanton-st-gallen-zeichnet-drei-musiker-aus\/","og_locale":"it_IT","og_type":"article","og_title":"Kanton St.Gallen zeichnet drei Musiker aus - Schweizer Musikzeitung","og_description":"Die St.Gallische Kulturstiftung spricht Goran Kova\u010devi\u0107 und Willi Valotti je einen mit 15'000 Franken dotierten Anerkennungspreis zu. Den Schriftsteller und Musiker Fr\u00e9d\u00e9ric Zwicker ehrt er mit einem mit 10'000 Franken dotierten F\u00f6rderpreis.","og_url":"https:\/\/www.musikzeitung.ch\/it\/politik\/2017\/03\/kanton-st-gallen-zeichnet-drei-musiker-aus\/","og_site_name":"Schweizer Musikzeitung","article_publisher":"https:\/\/www.facebook.com\/SchweizerMusikzeitung\/","article_published_time":"2017-03-16T23:00:00+00:00","og_image":[{"width":554,"height":401,"url":"https:\/\/www.musikzeitung.ch\/wp-content\/uploads\/2023\/01\/wv.jpg","type":"image\/jpeg"}],"author":"Musikzeitung-Redaktion","twitter_card":"summary_large_image","twitter_creator":"@smusikzeitung","twitter_site":"@smusikzeitung","twitter_misc":{"Scritto da":"Musikzeitung-Redaktion","Tempo di lettura stimato":"1 minuto"},"schema":{"@context":"https:\/\/schema.org","@graph":[{"@type":"Article","@id":"https:\/\/www.musikzeitung.ch\/politik\/2017\/03\/kanton-st-gallen-zeichnet-drei-musiker-aus#article","isPartOf":{"@id":"https:\/\/www.musikzeitung.ch\/politik\/2017\/03\/kanton-st-gallen-zeichnet-drei-musiker-aus"},"author":{"name":"Musikzeitung-Redaktion","@id":"https:\/\/www.musikzeitung.ch\/#\/schema\/person\/b2fd892c800856270b9dcc6001265712"},"headline":"Kanton St.Gallen zeichnet drei Musiker aus","datePublished":"2017-03-16T23:00:00+00:00","mainEntityOfPage":{"@id":"https:\/\/www.musikzeitung.ch\/politik\/2017\/03\/kanton-st-gallen-zeichnet-drei-musiker-aus"},"wordCount":203,"commentCount":0,"publisher":{"@id":"https:\/\/www.musikzeitung.ch\/#organization"},"image":{"@id":"https:\/\/www.musikzeitung.ch\/politik\/2017\/03\/kanton-st-gallen-zeichnet-drei-musiker-aus#primaryimage"},"thumbnailUrl":"https:\/\/www.musikzeitung.ch\/wp-content\/uploads\/2023\/01\/wv.jpg","articleSection":["Kantone und Gemeinden","Politik"],"inLanguage":"it-IT"},{"@type":"WebPage","@id":"https:\/\/www.musikzeitung.ch\/politik\/2017\/03\/kanton-st-gallen-zeichnet-drei-musiker-aus","url":"https:\/\/www.musikzeitung.ch\/politik\/2017\/03\/kanton-st-gallen-zeichnet-drei-musiker-aus","name":"Kanton St.Gallen zeichnet drei Musiker aus - Schweizer Musikzeitung","isPartOf":{"@id":"https:\/\/www.musikzeitung.ch\/#website"},"primaryImageOfPage":{"@id":"https:\/\/www.musikzeitung.ch\/politik\/2017\/03\/kanton-st-gallen-zeichnet-drei-musiker-aus#primaryimage"},"image":{"@id":"https:\/\/www.musikzeitung.ch\/politik\/2017\/03\/kanton-st-gallen-zeichnet-drei-musiker-aus#primaryimage"},"thumbnailUrl":"https:\/\/www.musikzeitung.ch\/wp-content\/uploads\/2023\/01\/wv.jpg","datePublished":"2017-03-16T23:00:00+00:00","breadcrumb":{"@id":"https:\/\/www.musikzeitung.ch\/politik\/2017\/03\/kanton-st-gallen-zeichnet-drei-musiker-aus#breadcrumb"},"inLanguage":"it-IT","potentialAction":[{"@type":"ReadAction","target":["https:\/\/www.musikzeitung.ch\/politik\/2017\/03\/kanton-st-gallen-zeichnet-drei-musiker-aus"]}]},{"@type":"ImageObject","inLanguage":"it-IT","@id":"https:\/\/www.musikzeitung.ch\/politik\/2017\/03\/kanton-st-gallen-zeichnet-drei-musiker-aus#primaryimage","url":"https:\/\/www.musikzeitung.ch\/wp-content\/uploads\/2023\/01\/wv.jpg","contentUrl":"https:\/\/www.musikzeitung.ch\/wp-content\/uploads\/2023\/01\/wv.jpg","width":554,"height":401},{"@type":"BreadcrumbList","@id":"https:\/\/www.musikzeitung.ch\/politik\/2017\/03\/kanton-st-gallen-zeichnet-drei-musiker-aus#breadcrumb","itemListElement":[{"@type":"ListItem","position":1,"name":"Home","item":"https:\/\/www.musikzeitung.ch\/"},{"@type":"ListItem","position":2,"name":"Kanton St.Gallen zeichnet drei Musiker aus"}]},{"@type":"WebSite","@id":"https:\/\/www.musikzeitung.ch\/#website","url":"https:\/\/www.musikzeitung.ch\/","name":"Giornale musicale svizzero","description":"Il principale mensile interdisciplinare della Svizzera per le questioni musicali.","publisher":{"@id":"https:\/\/www.musikzeitung.ch\/#organization"},"potentialAction":[{"@type":"SearchAction","target":{"@type":"EntryPoint","urlTemplate":"https:\/\/www.musikzeitung.ch\/?s={search_term_string}"},"query-input":{"@type":"PropertyValueSpecification","valueRequired":true,"valueName":"search_term_string"}}],"inLanguage":"it-IT"},{"@type":"Organization","@id":"https:\/\/www.musikzeitung.ch\/#organization","name":"Giornale musicale svizzero","url":"https:\/\/www.musikzeitung.ch\/","logo":{"@type":"ImageObject","inLanguage":"it-IT","@id":"https:\/\/www.musikzeitung.ch\/#\/schema\/logo\/image\/","url":"https:\/\/www.musikzeitung.ch\/wp-content\/uploads\/2023\/01\/SMZ_Schriftzug_Sprache.png","contentUrl":"https:\/\/www.musikzeitung.ch\/wp-content\/uploads\/2023\/01\/SMZ_Schriftzug_Sprache.png","width":1400,"height":279,"caption":"Schweizer Musikzeitung"},"image":{"@id":"https:\/\/www.musikzeitung.ch\/#\/schema\/logo\/image\/"},"sameAs":["https:\/\/www.facebook.com\/SchweizerMusikzeitung\/","https:\/\/x.com\/smusikzeitung","https:\/\/www.instagram.com\/musikzeitung.ch\/"]},{"@type":"Person","@id":"https:\/\/www.musikzeitung.ch\/#\/schema\/person\/b2fd892c800856270b9dcc6001265712","name":"Redazione Musikzeitung","image":{"@type":"ImageObject","inLanguage":"it-IT","@id":"https:\/\/www.musikzeitung.ch\/wp-content\/uploads\/2022\/05\/usericon_musikzeitung-96x96.jpg","url":"https:\/\/www.musikzeitung.ch\/wp-content\/uploads\/2022\/05\/usericon_musikzeitung-96x96.jpg","contentUrl":"https:\/\/www.musikzeitung.ch\/wp-content\/uploads\/2022\/05\/usericon_musikzeitung-96x96.jpg","caption":"Musikzeitung-Redaktion"},"url":"https:\/\/www.musikzeitung.ch\/it\/author\/admin"}]}},"publishpress_future_workflow_manual_trigger":{"enabledWorkflows":[]},"_links":{"self":[{"href":"https:\/\/www.musikzeitung.ch\/it\/wp-json\/wp\/v2\/posts\/5174","targetHints":{"allow":["GET"]}}],"collection":[{"href":"https:\/\/www.musikzeitung.ch\/it\/wp-json\/wp\/v2\/posts"}],"about":[{"href":"https:\/\/www.musikzeitung.ch\/it\/wp-json\/wp\/v2\/types\/post"}],"author":[{"embeddable":true,"href":"https:\/\/www.musikzeitung.ch\/it\/wp-json\/wp\/v2\/users\/1"}],"replies":[{"embeddable":true,"href":"https:\/\/www.musikzeitung.ch\/it\/wp-json\/wp\/v2\/comments?post=5174"}],"version-history":[{"count":0,"href":"https:\/\/www.musikzeitung.ch\/it\/wp-json\/wp\/v2\/posts\/5174\/revisions"}],"wp:featuredmedia":[{"embeddable":true,"href":"https:\/\/www.musikzeitung.ch\/it\/wp-json\/wp\/v2\/media\/5175"}],"wp:attachment":[{"href":"https:\/\/www.musikzeitung.ch\/it\/wp-json\/wp\/v2\/media?parent=5174"}],"wp:term":[{"taxonomy":"category","embeddable":true,"href":"https:\/\/www.musikzeitung.ch\/it\/wp-json\/wp\/v2\/categories?post=5174"},{"taxonomy":"post_tag","embeddable":true,"href":"https:\/\/www.musikzeitung.ch\/it\/wp-json\/wp\/v2\/tags?post=5174"}],"curies":[{"name":"wp","href":"https:\/\/api.w.org\/{rel}","templated":true}]}}