{"id":51763,"date":"2024-02-09T08:05:55","date_gmt":"2024-02-09T07:05:55","guid":{"rendered":"https:\/\/www.musikzeitung.ch\/?p=51763"},"modified":"2024-02-09T12:08:09","modified_gmt":"2024-02-09T11:08:09","slug":"neue-proberaeume-in-lausanne","status":"publish","type":"post","link":"https:\/\/www.musikzeitung.ch\/it\/news\/2024\/02\/neue-proberaeume-in-lausanne","title":{"rendered":"Nuove sale prova a Losanna"},"content":{"rendered":"<figure id=\"attachment_51764\" aria-describedby=\"caption-attachment-51764\" style=\"width: 654px\" class=\"wp-caption aligncenter\"><img loading=\"lazy\" decoding=\"async\" class=\"wp-image-51764\" src=\"https:\/\/www.musikzeitung.ch\/wp-content\/uploads\/2024\/02\/240209lausanne.jpg\" alt=\"\" width=\"654\" height=\"399\" srcset=\"https:\/\/www.musikzeitung.ch\/wp-content\/uploads\/2024\/02\/240209lausanne.jpg 911w, https:\/\/www.musikzeitung.ch\/wp-content\/uploads\/2024\/02\/240209lausanne-300x183.jpg 300w, https:\/\/www.musikzeitung.ch\/wp-content\/uploads\/2024\/02\/240209lausanne-768x469.jpg 768w, https:\/\/www.musikzeitung.ch\/wp-content\/uploads\/2024\/02\/240209lausanne-287x175.jpg 287w, https:\/\/www.musikzeitung.ch\/wp-content\/uploads\/2024\/02\/240209lausanne-573x350.jpg 573w\" sizes=\"auto, (max-width: 654px) 100vw, 654px\" \/><figcaption id=\"caption-attachment-51764\" class=\"wp-caption-text\">Losanna (Immagine: alterVista\/Wikimedia Commons)<\/figcaption><\/figure>\n<p>Un recente sondaggio condotto dalla citt\u00e0 di Losanna ha rivelato che i circa 200 gruppi teatrali indipendenti del Cantone di Vaud faticano a trovare spazi per le prove adatti e a prezzi accessibili. La citt\u00e0 e il Cantone di Vaud hanno quindi deciso di mettere a disposizione congiuntamente due nuove sale prova a Losanna su base permanente. Il piano di occupazione e la gestione amministrativa e tecnica saranno affidati all'associazione Les Compagnies Vaudoises.<\/p>\n<p>La Salle du Martinet, di 200 metri quadrati, sar\u00e0 ristrutturata e dotata di attrezzature sceniche e tecniche per soddisfare le esigenze delle prove. Sar\u00e0 accessibile principalmente al Petit Th\u00e9\u00e2tre e ai gruppi teatrali indipendenti del Vaud a una tariffa preferenziale. L'allestimento della sala \u00e8 stato possibile grazie a una sovvenzione di 50.000 franchi della Citt\u00e0 di Losanna, che garantisce anche il funzionamento del progetto attraverso una sovvenzione annuale di 30.000 franchi con una garanzia di deficit di 20.000 franchi. La sala 5bis di 45 metri quadrati, creata nell'ambito delle misure Covid, pu\u00f2 essere utilizzata gratuitamente per la ricerca e il brainstorming.<\/p>","protected":false},"excerpt":{"rendered":"<p>Il Cantone di Vaud e la citt\u00e0 di Losanna mettono a disposizione di ensemble indipendenti due nuove sale prova. Sono gestite dall'associazione Les Compagnies Vaudoises.<\/p>","protected":false},"author":30,"featured_media":51764,"comment_status":"closed","ping_status":"closed","sticky":false,"template":"","format":"standard","meta":{"_acf_changed":false,"_relevanssi_hide_post":"","_relevanssi_hide_content":"","_relevanssi_pin_for_all":"","_relevanssi_pin_keywords":"","_relevanssi_unpin_keywords":"","_relevanssi_related_keywords":"","_relevanssi_related_include_ids":"","_relevanssi_related_exclude_ids":"","_relevanssi_related_no_append":"","_relevanssi_related_not_related":"","_relevanssi_related_posts":"","_relevanssi_noindex_reason":"","pgc_sgb_lightbox_settings":"","footnotes":""},"categories":[27],"tags":[3655,3656],"class_list":["post-51763","post","type-post","status-publish","format-standard","has-post-thumbnail","hentry","category-news","tag-lausanne","tag-proberaeume"],"acf":[],"yoast_head":"<!-- This site is optimized with the Yoast SEO plugin v27.4 - https:\/\/yoast.com\/product\/yoast-seo-wordpress\/ -->\n<title>Neue Probenr\u00e4ume in Lausanne - Schweizer Musikzeitung<\/title>\n<meta name=\"description\" content=\"Der Kanton Waadt und die Stadt Lausanne stellen unabh\u00e4ngigen Ensembles zwei neue Probenr\u00e4ume zur Verf\u00fcgung.\" \/>\n<meta name=\"robots\" content=\"index, follow, max-snippet:-1, max-image-preview:large, max-video-preview:-1\" \/>\n<link rel=\"canonical\" href=\"https:\/\/www.musikzeitung.ch\/it\/news\/2024\/02\/neue-proberaeume-in-lausanne\/\" \/>\n<meta property=\"og:locale\" content=\"it_IT\" \/>\n<meta property=\"og:type\" content=\"article\" \/>\n<meta property=\"og:title\" content=\"Neue Probenr\u00e4ume in Lausanne - Schweizer Musikzeitung\" \/>\n<meta property=\"og:description\" content=\"Der Kanton Waadt und die Stadt Lausanne stellen unabh\u00e4ngigen Ensembles zwei neue Probenr\u00e4ume zur Verf\u00fcgung.\" \/>\n<meta property=\"og:url\" content=\"https:\/\/www.musikzeitung.ch\/it\/news\/2024\/02\/neue-proberaeume-in-lausanne\/\" \/>\n<meta property=\"og:site_name\" content=\"Schweizer Musikzeitung\" \/>\n<meta property=\"article:publisher\" content=\"https:\/\/www.facebook.com\/SchweizerMusikzeitung\/\" \/>\n<meta property=\"article:author\" content=\"https:\/\/www.facebook.com\/wolfgang.bohler.75\" \/>\n<meta property=\"article:published_time\" content=\"2024-02-09T07:05:55+00:00\" \/>\n<meta property=\"article:modified_time\" content=\"2024-02-09T11:08:09+00:00\" \/>\n<meta property=\"og:image\" content=\"https:\/\/www.musikzeitung.ch\/wp-content\/uploads\/2024\/02\/240209lausanne.jpg\" \/>\n\t<meta property=\"og:image:width\" content=\"911\" \/>\n\t<meta property=\"og:image:height\" content=\"556\" \/>\n\t<meta property=\"og:image:type\" content=\"image\/jpeg\" \/>\n<meta name=\"author\" content=\"Wolfgang B\u00f6hler\" \/>\n<meta name=\"twitter:card\" content=\"summary_large_image\" \/>\n<meta name=\"twitter:creator\" content=\"@smusikzeitung\" \/>\n<meta name=\"twitter:site\" content=\"@smusikzeitung\" \/>\n<meta name=\"twitter:label1\" content=\"Scritto da\" \/>\n\t<meta name=\"twitter:data1\" content=\"Wolfgang B\u00f6hler\" \/>\n\t<meta name=\"twitter:label2\" content=\"Tempo di lettura stimato\" \/>\n\t<meta name=\"twitter:data2\" content=\"2 minuti\" \/>\n<script type=\"application\/ld+json\" class=\"yoast-schema-graph\">{\"@context\":\"https:\\\/\\\/schema.org\",\"@graph\":[{\"@type\":\"Article\",\"@id\":\"https:\\\/\\\/www.musikzeitung.ch\\\/news\\\/2024\\\/02\\\/neue-proberaeume-in-lausanne#article\",\"isPartOf\":{\"@id\":\"https:\\\/\\\/www.musikzeitung.ch\\\/news\\\/2024\\\/02\\\/neue-proberaeume-in-lausanne\"},\"author\":{\"name\":\"Wolfgang B\u00f6hler\",\"@id\":\"https:\\\/\\\/www.musikzeitung.ch\\\/#\\\/schema\\\/person\\\/0da4fb82d243f1252850a35d0e87cf0c\"},\"headline\":\"Neue Probenr\u00e4ume in Lausanne\",\"datePublished\":\"2024-02-09T07:05:55+00:00\",\"dateModified\":\"2024-02-09T11:08:09+00:00\",\"mainEntityOfPage\":{\"@id\":\"https:\\\/\\\/www.musikzeitung.ch\\\/news\\\/2024\\\/02\\\/neue-proberaeume-in-lausanne\"},\"wordCount\":192,\"publisher\":{\"@id\":\"https:\\\/\\\/www.musikzeitung.ch\\\/#organization\"},\"image\":{\"@id\":\"https:\\\/\\\/www.musikzeitung.ch\\\/news\\\/2024\\\/02\\\/neue-proberaeume-in-lausanne#primaryimage\"},\"thumbnailUrl\":\"https:\\\/\\\/www.musikzeitung.ch\\\/wp-content\\\/uploads\\\/2024\\\/02\\\/240209lausanne.jpg\",\"keywords\":[\"Lausanne\",\"Prober\u00e4ume\"],\"articleSection\":[\"News\"],\"inLanguage\":\"it-IT\"},{\"@type\":\"WebPage\",\"@id\":\"https:\\\/\\\/www.musikzeitung.ch\\\/news\\\/2024\\\/02\\\/neue-proberaeume-in-lausanne\",\"url\":\"https:\\\/\\\/www.musikzeitung.ch\\\/news\\\/2024\\\/02\\\/neue-proberaeume-in-lausanne\",\"name\":\"Neue Probenr\u00e4ume in Lausanne - Schweizer Musikzeitung\",\"isPartOf\":{\"@id\":\"https:\\\/\\\/www.musikzeitung.ch\\\/#website\"},\"primaryImageOfPage\":{\"@id\":\"https:\\\/\\\/www.musikzeitung.ch\\\/news\\\/2024\\\/02\\\/neue-proberaeume-in-lausanne#primaryimage\"},\"image\":{\"@id\":\"https:\\\/\\\/www.musikzeitung.ch\\\/news\\\/2024\\\/02\\\/neue-proberaeume-in-lausanne#primaryimage\"},\"thumbnailUrl\":\"https:\\\/\\\/www.musikzeitung.ch\\\/wp-content\\\/uploads\\\/2024\\\/02\\\/240209lausanne.jpg\",\"datePublished\":\"2024-02-09T07:05:55+00:00\",\"dateModified\":\"2024-02-09T11:08:09+00:00\",\"description\":\"Der Kanton Waadt und die Stadt Lausanne stellen unabh\u00e4ngigen Ensembles zwei neue Probenr\u00e4ume zur Verf\u00fcgung.\",\"breadcrumb\":{\"@id\":\"https:\\\/\\\/www.musikzeitung.ch\\\/news\\\/2024\\\/02\\\/neue-proberaeume-in-lausanne#breadcrumb\"},\"inLanguage\":\"it-IT\",\"potentialAction\":[{\"@type\":\"ReadAction\",\"target\":[\"https:\\\/\\\/www.musikzeitung.ch\\\/news\\\/2024\\\/02\\\/neue-proberaeume-in-lausanne\"]}]},{\"@type\":\"ImageObject\",\"inLanguage\":\"it-IT\",\"@id\":\"https:\\\/\\\/www.musikzeitung.ch\\\/news\\\/2024\\\/02\\\/neue-proberaeume-in-lausanne#primaryimage\",\"url\":\"https:\\\/\\\/www.musikzeitung.ch\\\/wp-content\\\/uploads\\\/2024\\\/02\\\/240209lausanne.jpg\",\"contentUrl\":\"https:\\\/\\\/www.musikzeitung.ch\\\/wp-content\\\/uploads\\\/2024\\\/02\\\/240209lausanne.jpg\",\"width\":911,\"height\":556,\"caption\":\"Lausanne (Bild: alterVista\\\/Wikimedia Commons)\"},{\"@type\":\"BreadcrumbList\",\"@id\":\"https:\\\/\\\/www.musikzeitung.ch\\\/news\\\/2024\\\/02\\\/neue-proberaeume-in-lausanne#breadcrumb\",\"itemListElement\":[{\"@type\":\"ListItem\",\"position\":1,\"name\":\"Home\",\"item\":\"https:\\\/\\\/www.musikzeitung.ch\\\/\"},{\"@type\":\"ListItem\",\"position\":2,\"name\":\"Neue Probenr\u00e4ume in Lausanne\"}]},{\"@type\":\"WebSite\",\"@id\":\"https:\\\/\\\/www.musikzeitung.ch\\\/#website\",\"url\":\"https:\\\/\\\/www.musikzeitung.ch\\\/\",\"name\":\"Schweizer Musikzeitung\",\"description\":\"Die f\u00fchrende sparten\u00fcbergreifende Monatszeitung in der Schweiz f\u00fcr musikalische Fragen.\",\"publisher\":{\"@id\":\"https:\\\/\\\/www.musikzeitung.ch\\\/#organization\"},\"potentialAction\":[{\"@type\":\"SearchAction\",\"target\":{\"@type\":\"EntryPoint\",\"urlTemplate\":\"https:\\\/\\\/www.musikzeitung.ch\\\/?s={search_term_string}\"},\"query-input\":{\"@type\":\"PropertyValueSpecification\",\"valueRequired\":true,\"valueName\":\"search_term_string\"}}],\"inLanguage\":\"it-IT\"},{\"@type\":\"Organization\",\"@id\":\"https:\\\/\\\/www.musikzeitung.ch\\\/#organization\",\"name\":\"Schweizer Musikzeitung\",\"url\":\"https:\\\/\\\/www.musikzeitung.ch\\\/\",\"logo\":{\"@type\":\"ImageObject\",\"inLanguage\":\"it-IT\",\"@id\":\"https:\\\/\\\/www.musikzeitung.ch\\\/#\\\/schema\\\/logo\\\/image\\\/\",\"url\":\"https:\\\/\\\/www.musikzeitung.ch\\\/wp-content\\\/uploads\\\/2023\\\/01\\\/SMZ_Schriftzug_Sprache.png\",\"contentUrl\":\"https:\\\/\\\/www.musikzeitung.ch\\\/wp-content\\\/uploads\\\/2023\\\/01\\\/SMZ_Schriftzug_Sprache.png\",\"width\":1400,\"height\":279,\"caption\":\"Schweizer Musikzeitung\"},\"image\":{\"@id\":\"https:\\\/\\\/www.musikzeitung.ch\\\/#\\\/schema\\\/logo\\\/image\\\/\"},\"sameAs\":[\"https:\\\/\\\/www.facebook.com\\\/SchweizerMusikzeitung\\\/\",\"https:\\\/\\\/x.com\\\/smusikzeitung\",\"https:\\\/\\\/www.instagram.com\\\/musikzeitung.ch\\\/\"]},{\"@type\":\"Person\",\"@id\":\"https:\\\/\\\/www.musikzeitung.ch\\\/#\\\/schema\\\/person\\\/0da4fb82d243f1252850a35d0e87cf0c\",\"name\":\"Wolfgang B\u00f6hler\",\"image\":{\"@type\":\"ImageObject\",\"inLanguage\":\"it-IT\",\"@id\":\"https:\\\/\\\/www.musikzeitung.ch\\\/wp-content\\\/uploads\\\/2023\\\/01\\\/boehler_portraet_web-e1674139782246-96x96.jpg\",\"url\":\"https:\\\/\\\/www.musikzeitung.ch\\\/wp-content\\\/uploads\\\/2023\\\/01\\\/boehler_portraet_web-e1674139782246-96x96.jpg\",\"contentUrl\":\"https:\\\/\\\/www.musikzeitung.ch\\\/wp-content\\\/uploads\\\/2023\\\/01\\\/boehler_portraet_web-e1674139782246-96x96.jpg\",\"caption\":\"Wolfgang B\u00f6hler\"},\"sameAs\":[\"http:\\\/\\\/www.manacanto.ch\",\"https:\\\/\\\/www.facebook.com\\\/wolfgang.bohler.75\"],\"url\":\"https:\\\/\\\/www.musikzeitung.ch\\\/it\\\/author\\\/wolfgang-boehler\"}]}<\/script>\n<!-- \/ Yoast SEO plugin. -->","yoast_head_json":{"title":"Neue Probenr\u00e4ume in Lausanne - Schweizer Musikzeitung","description":"Der Kanton Waadt und die Stadt Lausanne stellen unabh\u00e4ngigen Ensembles zwei neue Probenr\u00e4ume zur Verf\u00fcgung.","robots":{"index":"index","follow":"follow","max-snippet":"max-snippet:-1","max-image-preview":"max-image-preview:large","max-video-preview":"max-video-preview:-1"},"canonical":"https:\/\/www.musikzeitung.ch\/it\/news\/2024\/02\/neue-proberaeume-in-lausanne\/","og_locale":"it_IT","og_type":"article","og_title":"Neue Probenr\u00e4ume in Lausanne - Schweizer Musikzeitung","og_description":"Der Kanton Waadt und die Stadt Lausanne stellen unabh\u00e4ngigen Ensembles zwei neue Probenr\u00e4ume zur Verf\u00fcgung.","og_url":"https:\/\/www.musikzeitung.ch\/it\/news\/2024\/02\/neue-proberaeume-in-lausanne\/","og_site_name":"Schweizer Musikzeitung","article_publisher":"https:\/\/www.facebook.com\/SchweizerMusikzeitung\/","article_author":"https:\/\/www.facebook.com\/wolfgang.bohler.75","article_published_time":"2024-02-09T07:05:55+00:00","article_modified_time":"2024-02-09T11:08:09+00:00","og_image":[{"width":911,"height":556,"url":"https:\/\/www.musikzeitung.ch\/wp-content\/uploads\/2024\/02\/240209lausanne.jpg","type":"image\/jpeg"}],"author":"Wolfgang B\u00f6hler","twitter_card":"summary_large_image","twitter_creator":"@smusikzeitung","twitter_site":"@smusikzeitung","twitter_misc":{"Scritto da":"Wolfgang B\u00f6hler","Tempo di lettura stimato":"2 minuti"},"schema":{"@context":"https:\/\/schema.org","@graph":[{"@type":"Article","@id":"https:\/\/www.musikzeitung.ch\/news\/2024\/02\/neue-proberaeume-in-lausanne#article","isPartOf":{"@id":"https:\/\/www.musikzeitung.ch\/news\/2024\/02\/neue-proberaeume-in-lausanne"},"author":{"name":"Wolfgang B\u00f6hler","@id":"https:\/\/www.musikzeitung.ch\/#\/schema\/person\/0da4fb82d243f1252850a35d0e87cf0c"},"headline":"Neue Probenr\u00e4ume in Lausanne","datePublished":"2024-02-09T07:05:55+00:00","dateModified":"2024-02-09T11:08:09+00:00","mainEntityOfPage":{"@id":"https:\/\/www.musikzeitung.ch\/news\/2024\/02\/neue-proberaeume-in-lausanne"},"wordCount":192,"publisher":{"@id":"https:\/\/www.musikzeitung.ch\/#organization"},"image":{"@id":"https:\/\/www.musikzeitung.ch\/news\/2024\/02\/neue-proberaeume-in-lausanne#primaryimage"},"thumbnailUrl":"https:\/\/www.musikzeitung.ch\/wp-content\/uploads\/2024\/02\/240209lausanne.jpg","keywords":["Lausanne","Prober\u00e4ume"],"articleSection":["News"],"inLanguage":"it-IT"},{"@type":"WebPage","@id":"https:\/\/www.musikzeitung.ch\/news\/2024\/02\/neue-proberaeume-in-lausanne","url":"https:\/\/www.musikzeitung.ch\/news\/2024\/02\/neue-proberaeume-in-lausanne","name":"Neue Probenr\u00e4ume in Lausanne - Schweizer Musikzeitung","isPartOf":{"@id":"https:\/\/www.musikzeitung.ch\/#website"},"primaryImageOfPage":{"@id":"https:\/\/www.musikzeitung.ch\/news\/2024\/02\/neue-proberaeume-in-lausanne#primaryimage"},"image":{"@id":"https:\/\/www.musikzeitung.ch\/news\/2024\/02\/neue-proberaeume-in-lausanne#primaryimage"},"thumbnailUrl":"https:\/\/www.musikzeitung.ch\/wp-content\/uploads\/2024\/02\/240209lausanne.jpg","datePublished":"2024-02-09T07:05:55+00:00","dateModified":"2024-02-09T11:08:09+00:00","description":"Der Kanton Waadt und die Stadt Lausanne stellen unabh\u00e4ngigen Ensembles zwei neue Probenr\u00e4ume zur Verf\u00fcgung.","breadcrumb":{"@id":"https:\/\/www.musikzeitung.ch\/news\/2024\/02\/neue-proberaeume-in-lausanne#breadcrumb"},"inLanguage":"it-IT","potentialAction":[{"@type":"ReadAction","target":["https:\/\/www.musikzeitung.ch\/news\/2024\/02\/neue-proberaeume-in-lausanne"]}]},{"@type":"ImageObject","inLanguage":"it-IT","@id":"https:\/\/www.musikzeitung.ch\/news\/2024\/02\/neue-proberaeume-in-lausanne#primaryimage","url":"https:\/\/www.musikzeitung.ch\/wp-content\/uploads\/2024\/02\/240209lausanne.jpg","contentUrl":"https:\/\/www.musikzeitung.ch\/wp-content\/uploads\/2024\/02\/240209lausanne.jpg","width":911,"height":556,"caption":"Lausanne (Bild: alterVista\/Wikimedia Commons)"},{"@type":"BreadcrumbList","@id":"https:\/\/www.musikzeitung.ch\/news\/2024\/02\/neue-proberaeume-in-lausanne#breadcrumb","itemListElement":[{"@type":"ListItem","position":1,"name":"Home","item":"https:\/\/www.musikzeitung.ch\/"},{"@type":"ListItem","position":2,"name":"Neue Probenr\u00e4ume in Lausanne"}]},{"@type":"WebSite","@id":"https:\/\/www.musikzeitung.ch\/#website","url":"https:\/\/www.musikzeitung.ch\/","name":"Giornale musicale svizzero","description":"Il principale mensile interdisciplinare della Svizzera per le questioni musicali.","publisher":{"@id":"https:\/\/www.musikzeitung.ch\/#organization"},"potentialAction":[{"@type":"SearchAction","target":{"@type":"EntryPoint","urlTemplate":"https:\/\/www.musikzeitung.ch\/?s={search_term_string}"},"query-input":{"@type":"PropertyValueSpecification","valueRequired":true,"valueName":"search_term_string"}}],"inLanguage":"it-IT"},{"@type":"Organization","@id":"https:\/\/www.musikzeitung.ch\/#organization","name":"Giornale musicale svizzero","url":"https:\/\/www.musikzeitung.ch\/","logo":{"@type":"ImageObject","inLanguage":"it-IT","@id":"https:\/\/www.musikzeitung.ch\/#\/schema\/logo\/image\/","url":"https:\/\/www.musikzeitung.ch\/wp-content\/uploads\/2023\/01\/SMZ_Schriftzug_Sprache.png","contentUrl":"https:\/\/www.musikzeitung.ch\/wp-content\/uploads\/2023\/01\/SMZ_Schriftzug_Sprache.png","width":1400,"height":279,"caption":"Schweizer Musikzeitung"},"image":{"@id":"https:\/\/www.musikzeitung.ch\/#\/schema\/logo\/image\/"},"sameAs":["https:\/\/www.facebook.com\/SchweizerMusikzeitung\/","https:\/\/x.com\/smusikzeitung","https:\/\/www.instagram.com\/musikzeitung.ch\/"]},{"@type":"Person","@id":"https:\/\/www.musikzeitung.ch\/#\/schema\/person\/0da4fb82d243f1252850a35d0e87cf0c","name":"Wolfgang B\u00f6hler","image":{"@type":"ImageObject","inLanguage":"it-IT","@id":"https:\/\/www.musikzeitung.ch\/wp-content\/uploads\/2023\/01\/boehler_portraet_web-e1674139782246-96x96.jpg","url":"https:\/\/www.musikzeitung.ch\/wp-content\/uploads\/2023\/01\/boehler_portraet_web-e1674139782246-96x96.jpg","contentUrl":"https:\/\/www.musikzeitung.ch\/wp-content\/uploads\/2023\/01\/boehler_portraet_web-e1674139782246-96x96.jpg","caption":"Wolfgang B\u00f6hler"},"sameAs":["http:\/\/www.manacanto.ch","https:\/\/www.facebook.com\/wolfgang.bohler.75"],"url":"https:\/\/www.musikzeitung.ch\/it\/author\/wolfgang-boehler"}]}},"publishpress_future_workflow_manual_trigger":{"enabledWorkflows":[]},"_links":{"self":[{"href":"https:\/\/www.musikzeitung.ch\/it\/wp-json\/wp\/v2\/posts\/51763","targetHints":{"allow":["GET"]}}],"collection":[{"href":"https:\/\/www.musikzeitung.ch\/it\/wp-json\/wp\/v2\/posts"}],"about":[{"href":"https:\/\/www.musikzeitung.ch\/it\/wp-json\/wp\/v2\/types\/post"}],"author":[{"embeddable":true,"href":"https:\/\/www.musikzeitung.ch\/it\/wp-json\/wp\/v2\/users\/30"}],"replies":[{"embeddable":true,"href":"https:\/\/www.musikzeitung.ch\/it\/wp-json\/wp\/v2\/comments?post=51763"}],"version-history":[{"count":5,"href":"https:\/\/www.musikzeitung.ch\/it\/wp-json\/wp\/v2\/posts\/51763\/revisions"}],"predecessor-version":[{"id":51778,"href":"https:\/\/www.musikzeitung.ch\/it\/wp-json\/wp\/v2\/posts\/51763\/revisions\/51778"}],"wp:featuredmedia":[{"embeddable":true,"href":"https:\/\/www.musikzeitung.ch\/it\/wp-json\/wp\/v2\/media\/51764"}],"wp:attachment":[{"href":"https:\/\/www.musikzeitung.ch\/it\/wp-json\/wp\/v2\/media?parent=51763"}],"wp:term":[{"taxonomy":"category","embeddable":true,"href":"https:\/\/www.musikzeitung.ch\/it\/wp-json\/wp\/v2\/categories?post=51763"},{"taxonomy":"post_tag","embeddable":true,"href":"https:\/\/www.musikzeitung.ch\/it\/wp-json\/wp\/v2\/tags?post=51763"}],"curies":[{"name":"wp","href":"https:\/\/api.w.org\/{rel}","templated":true}]}}