{"id":5180,"date":"2017-03-07T00:00:00","date_gmt":"2017-03-06T23:00:00","guid":{"rendered":"https:\/\/www.musikzeitung.ch\/allgemein\/zuercher-festspielpreis-2017-geht-an-von-matt\/"},"modified":"2017-03-07T00:00:00","modified_gmt":"2017-03-06T23:00:00","slug":"zuercher-festspielpreis-2017-geht-an-von-matt","status":"publish","type":"post","link":"https:\/\/www.musikzeitung.ch\/it\/politik\/2017\/03\/zuercher-festspielpreis-2017-geht-an-von-matt","title":{"rendered":"Il Premio del Festival di Zurigo 2017 va a von Matt"},"content":{"rendered":"<figure style=\"width: 1200px\" class=\"wp-caption alignnone\"><img decoding=\"async\" class=\"size-full\" src=\"https:\/\/www.musikzeitung.ch\/wp-content\/uploads\/2023\/01\/1700307vonmatt.jpg\" alt=\"\" \/><figcaption class=\"wp-caption-text\">Peter von Matt (Foto: Yvonne B\u00f6hler)<\/figcaption><\/figure>\n<div class='text-section'>\n<p>Il Comitato artistico del Festival di Zurigo, composto dai direttori dello Schauspielhaus, dell'Opernhaus, del Kunsthaus e dell'Orchestra della Tonhalle di Zurigo, ha deciso di assegnare il Premio del Festival di Zurigo 2017 al germanista e scrittore Peter von Matt. Il premio interdisciplinare, dotato di 50.000 franchi svizzeri e reso possibile dal Fondo B\u00e4r-Kaelin della Fondazione del Festival di Zurigo, riconosce i risultati eccezionali nella vita culturale di Zurigo.<\/p>\n<p>Il Premio del Festival di Zurigo \u00e8 reso possibile dal Fondo B\u00e4r-Kaelin della Fondazione del Festival di Zurigo e riconosce i risultati eccezionali nella vita culturale di Zurigo. Nel 2017 sar\u00e0 assegnato per l'undicesima volta. La giuria \u00e8 composta dalla Commissione artistica del Festival di Zurigo. Mentre in precedenza il premio veniva assegnato nell'ambito dello Zurich Festival, la cerimonia di premiazione del 2017 si svolger\u00e0 per la prima volta nell'anno preparatorio tra due edizioni del Festival. <\/p>\n<p>Vincitori precedenti: 2007 Heinz Holliger, 2008 Luc Bondy, 2009 Peter Stein, 2010 Gy\u00f6rgy Kurt\u00e1g, 2011 Matti Salminen, 2012 Heinz Spoerli, 2013 Pipilotti Rist, 2014 Fritz Senn, 2015 Anna Viebrock, 2016 Sophie Hunger.<\/p>\n<\/div>","protected":false},"excerpt":{"rendered":"<p><strong>Lo studioso tedesco Peter von Matt, che quest'anno compie 80 anni, ricever\u00e0 il Premio del Festival di Zurigo 2017, dotato di 50.000 franchi svizzeri, in riconoscimento dei \"suoi servizi come mediatore culturale e per la sua eccezionale opera letteraria\". <\/strong><\/p>","protected":false},"author":1,"featured_media":5181,"comment_status":"open","ping_status":"open","sticky":false,"template":"","format":"standard","meta":{"_acf_changed":false,"_relevanssi_hide_post":"","_relevanssi_hide_content":"","_relevanssi_pin_for_all":"","_relevanssi_pin_keywords":"","_relevanssi_unpin_keywords":"","_relevanssi_related_keywords":"","_relevanssi_related_include_ids":"","_relevanssi_related_exclude_ids":"","_relevanssi_related_no_append":"","_relevanssi_related_not_related":"","_relevanssi_related_posts":"","_relevanssi_noindex_reason":"","pgc_sgb_lightbox_settings":"","footnotes":""},"categories":[1081,767],"tags":[],"class_list":["post-5180","post","type-post","status-publish","format-standard","has-post-thumbnail","hentry","category-kantone-und-gemeinden","category-politik"],"acf":[],"yoast_head":"<!-- This site is optimized with the Yoast SEO plugin v27.5 - https:\/\/yoast.com\/product\/yoast-seo-wordpress\/ -->\n<title>Z\u00fcrcher Festspielpreis 2017 geht an von Matt - Schweizer Musikzeitung<\/title>\n<meta name=\"robots\" content=\"index, follow, max-snippet:-1, max-image-preview:large, max-video-preview:-1\" \/>\n<link rel=\"canonical\" href=\"https:\/\/www.musikzeitung.ch\/it\/politik\/2017\/03\/zuercher-festspielpreis-2017-geht-an-von-matt\/\" \/>\n<meta property=\"og:locale\" content=\"it_IT\" \/>\n<meta property=\"og:type\" content=\"article\" \/>\n<meta property=\"og:title\" content=\"Z\u00fcrcher Festspielpreis 2017 geht an von Matt - Schweizer Musikzeitung\" \/>\n<meta property=\"og:description\" content=\"Der Germanist Peter von Matt, der dieses Jahr 80 Jahre alt wird, erh\u00e4lt den mit 50\u2018000 Franken dotierten Z\u00fcrcher Festspielpreis 2017. Die K\u00fcnstlerische Kommission w\u00fcrdigt ihn damit f\u00fcr \u00abseine Verdienste als Kulturvermittler als auch f\u00fcr sein grossartiges literarisches Werk\u00bb.\" \/>\n<meta property=\"og:url\" content=\"https:\/\/www.musikzeitung.ch\/it\/politik\/2017\/03\/zuercher-festspielpreis-2017-geht-an-von-matt\/\" \/>\n<meta property=\"og:site_name\" content=\"Schweizer Musikzeitung\" \/>\n<meta property=\"article:publisher\" content=\"https:\/\/www.facebook.com\/SchweizerMusikzeitung\/\" \/>\n<meta property=\"article:published_time\" content=\"2017-03-06T23:00:00+00:00\" \/>\n<meta property=\"og:image\" content=\"https:\/\/www.musikzeitung.ch\/wp-content\/uploads\/2023\/01\/1700307vonmatt.jpg\" \/>\n\t<meta property=\"og:image:width\" content=\"554\" \/>\n\t<meta property=\"og:image:height\" content=\"463\" \/>\n\t<meta property=\"og:image:type\" content=\"image\/jpeg\" \/>\n<meta name=\"author\" content=\"Musikzeitung-Redaktion\" \/>\n<meta name=\"twitter:card\" content=\"summary_large_image\" \/>\n<meta name=\"twitter:creator\" content=\"@smusikzeitung\" \/>\n<meta name=\"twitter:site\" content=\"@smusikzeitung\" \/>\n<meta name=\"twitter:label1\" content=\"Scritto da\" \/>\n\t<meta name=\"twitter:data1\" content=\"Musikzeitung-Redaktion\" \/>\n\t<meta name=\"twitter:label2\" content=\"Tempo di lettura stimato\" \/>\n\t<meta name=\"twitter:data2\" content=\"1 minuto\" \/>\n<script type=\"application\/ld+json\" class=\"yoast-schema-graph\">{\"@context\":\"https:\\\/\\\/schema.org\",\"@graph\":[{\"@type\":\"Article\",\"@id\":\"https:\\\/\\\/www.musikzeitung.ch\\\/politik\\\/2017\\\/03\\\/zuercher-festspielpreis-2017-geht-an-von-matt#article\",\"isPartOf\":{\"@id\":\"https:\\\/\\\/www.musikzeitung.ch\\\/politik\\\/2017\\\/03\\\/zuercher-festspielpreis-2017-geht-an-von-matt\"},\"author\":{\"name\":\"Musikzeitung-Redaktion\",\"@id\":\"https:\\\/\\\/www.musikzeitung.ch\\\/#\\\/schema\\\/person\\\/b2fd892c800856270b9dcc6001265712\"},\"headline\":\"Z\u00fcrcher Festspielpreis 2017 geht an von Matt\",\"datePublished\":\"2017-03-06T23:00:00+00:00\",\"mainEntityOfPage\":{\"@id\":\"https:\\\/\\\/www.musikzeitung.ch\\\/politik\\\/2017\\\/03\\\/zuercher-festspielpreis-2017-geht-an-von-matt\"},\"wordCount\":175,\"commentCount\":0,\"publisher\":{\"@id\":\"https:\\\/\\\/www.musikzeitung.ch\\\/#organization\"},\"image\":{\"@id\":\"https:\\\/\\\/www.musikzeitung.ch\\\/politik\\\/2017\\\/03\\\/zuercher-festspielpreis-2017-geht-an-von-matt#primaryimage\"},\"thumbnailUrl\":\"https:\\\/\\\/www.musikzeitung.ch\\\/wp-content\\\/uploads\\\/2023\\\/01\\\/1700307vonmatt.jpg\",\"articleSection\":[\"Kantone und Gemeinden\",\"Politik\"],\"inLanguage\":\"it-IT\"},{\"@type\":\"WebPage\",\"@id\":\"https:\\\/\\\/www.musikzeitung.ch\\\/politik\\\/2017\\\/03\\\/zuercher-festspielpreis-2017-geht-an-von-matt\",\"url\":\"https:\\\/\\\/www.musikzeitung.ch\\\/politik\\\/2017\\\/03\\\/zuercher-festspielpreis-2017-geht-an-von-matt\",\"name\":\"Z\u00fcrcher Festspielpreis 2017 geht an von Matt - Schweizer Musikzeitung\",\"isPartOf\":{\"@id\":\"https:\\\/\\\/www.musikzeitung.ch\\\/#website\"},\"primaryImageOfPage\":{\"@id\":\"https:\\\/\\\/www.musikzeitung.ch\\\/politik\\\/2017\\\/03\\\/zuercher-festspielpreis-2017-geht-an-von-matt#primaryimage\"},\"image\":{\"@id\":\"https:\\\/\\\/www.musikzeitung.ch\\\/politik\\\/2017\\\/03\\\/zuercher-festspielpreis-2017-geht-an-von-matt#primaryimage\"},\"thumbnailUrl\":\"https:\\\/\\\/www.musikzeitung.ch\\\/wp-content\\\/uploads\\\/2023\\\/01\\\/1700307vonmatt.jpg\",\"datePublished\":\"2017-03-06T23:00:00+00:00\",\"breadcrumb\":{\"@id\":\"https:\\\/\\\/www.musikzeitung.ch\\\/politik\\\/2017\\\/03\\\/zuercher-festspielpreis-2017-geht-an-von-matt#breadcrumb\"},\"inLanguage\":\"it-IT\",\"potentialAction\":[{\"@type\":\"ReadAction\",\"target\":[\"https:\\\/\\\/www.musikzeitung.ch\\\/politik\\\/2017\\\/03\\\/zuercher-festspielpreis-2017-geht-an-von-matt\"]}]},{\"@type\":\"ImageObject\",\"inLanguage\":\"it-IT\",\"@id\":\"https:\\\/\\\/www.musikzeitung.ch\\\/politik\\\/2017\\\/03\\\/zuercher-festspielpreis-2017-geht-an-von-matt#primaryimage\",\"url\":\"https:\\\/\\\/www.musikzeitung.ch\\\/wp-content\\\/uploads\\\/2023\\\/01\\\/1700307vonmatt.jpg\",\"contentUrl\":\"https:\\\/\\\/www.musikzeitung.ch\\\/wp-content\\\/uploads\\\/2023\\\/01\\\/1700307vonmatt.jpg\",\"width\":554,\"height\":463},{\"@type\":\"BreadcrumbList\",\"@id\":\"https:\\\/\\\/www.musikzeitung.ch\\\/politik\\\/2017\\\/03\\\/zuercher-festspielpreis-2017-geht-an-von-matt#breadcrumb\",\"itemListElement\":[{\"@type\":\"ListItem\",\"position\":1,\"name\":\"Home\",\"item\":\"https:\\\/\\\/www.musikzeitung.ch\\\/\"},{\"@type\":\"ListItem\",\"position\":2,\"name\":\"Z\u00fcrcher Festspielpreis 2017 geht an von Matt\"}]},{\"@type\":\"WebSite\",\"@id\":\"https:\\\/\\\/www.musikzeitung.ch\\\/#website\",\"url\":\"https:\\\/\\\/www.musikzeitung.ch\\\/\",\"name\":\"Schweizer Musikzeitung\",\"description\":\"Die f\u00fchrende sparten\u00fcbergreifende Monatszeitung in der Schweiz f\u00fcr musikalische Fragen.\",\"publisher\":{\"@id\":\"https:\\\/\\\/www.musikzeitung.ch\\\/#organization\"},\"potentialAction\":[{\"@type\":\"SearchAction\",\"target\":{\"@type\":\"EntryPoint\",\"urlTemplate\":\"https:\\\/\\\/www.musikzeitung.ch\\\/?s={search_term_string}\"},\"query-input\":{\"@type\":\"PropertyValueSpecification\",\"valueRequired\":true,\"valueName\":\"search_term_string\"}}],\"inLanguage\":\"it-IT\"},{\"@type\":\"Organization\",\"@id\":\"https:\\\/\\\/www.musikzeitung.ch\\\/#organization\",\"name\":\"Schweizer Musikzeitung\",\"url\":\"https:\\\/\\\/www.musikzeitung.ch\\\/\",\"logo\":{\"@type\":\"ImageObject\",\"inLanguage\":\"it-IT\",\"@id\":\"https:\\\/\\\/www.musikzeitung.ch\\\/#\\\/schema\\\/logo\\\/image\\\/\",\"url\":\"https:\\\/\\\/www.musikzeitung.ch\\\/wp-content\\\/uploads\\\/2023\\\/01\\\/SMZ_Schriftzug_Sprache.png\",\"contentUrl\":\"https:\\\/\\\/www.musikzeitung.ch\\\/wp-content\\\/uploads\\\/2023\\\/01\\\/SMZ_Schriftzug_Sprache.png\",\"width\":1400,\"height\":279,\"caption\":\"Schweizer Musikzeitung\"},\"image\":{\"@id\":\"https:\\\/\\\/www.musikzeitung.ch\\\/#\\\/schema\\\/logo\\\/image\\\/\"},\"sameAs\":[\"https:\\\/\\\/www.facebook.com\\\/SchweizerMusikzeitung\\\/\",\"https:\\\/\\\/x.com\\\/smusikzeitung\",\"https:\\\/\\\/www.instagram.com\\\/musikzeitung.ch\\\/\"]},{\"@type\":\"Person\",\"@id\":\"https:\\\/\\\/www.musikzeitung.ch\\\/#\\\/schema\\\/person\\\/b2fd892c800856270b9dcc6001265712\",\"name\":\"Musikzeitung-Redaktion\",\"image\":{\"@type\":\"ImageObject\",\"inLanguage\":\"it-IT\",\"@id\":\"https:\\\/\\\/www.musikzeitung.ch\\\/wp-content\\\/uploads\\\/2022\\\/05\\\/usericon_musikzeitung-96x96.jpg\",\"url\":\"https:\\\/\\\/www.musikzeitung.ch\\\/wp-content\\\/uploads\\\/2022\\\/05\\\/usericon_musikzeitung-96x96.jpg\",\"contentUrl\":\"https:\\\/\\\/www.musikzeitung.ch\\\/wp-content\\\/uploads\\\/2022\\\/05\\\/usericon_musikzeitung-96x96.jpg\",\"caption\":\"Musikzeitung-Redaktion\"},\"url\":\"https:\\\/\\\/www.musikzeitung.ch\\\/it\\\/author\\\/admin\"}]}<\/script>\n<!-- \/ Yoast SEO plugin. -->","yoast_head_json":{"title":"Z\u00fcrcher Festspielpreis 2017 geht an von Matt - Schweizer Musikzeitung","robots":{"index":"index","follow":"follow","max-snippet":"max-snippet:-1","max-image-preview":"max-image-preview:large","max-video-preview":"max-video-preview:-1"},"canonical":"https:\/\/www.musikzeitung.ch\/it\/politik\/2017\/03\/zuercher-festspielpreis-2017-geht-an-von-matt\/","og_locale":"it_IT","og_type":"article","og_title":"Z\u00fcrcher Festspielpreis 2017 geht an von Matt - Schweizer Musikzeitung","og_description":"Der Germanist Peter von Matt, der dieses Jahr 80 Jahre alt wird, erh\u00e4lt den mit 50\u2018000 Franken dotierten Z\u00fcrcher Festspielpreis 2017. Die K\u00fcnstlerische Kommission w\u00fcrdigt ihn damit f\u00fcr \u00abseine Verdienste als Kulturvermittler als auch f\u00fcr sein grossartiges literarisches Werk\u00bb.","og_url":"https:\/\/www.musikzeitung.ch\/it\/politik\/2017\/03\/zuercher-festspielpreis-2017-geht-an-von-matt\/","og_site_name":"Schweizer Musikzeitung","article_publisher":"https:\/\/www.facebook.com\/SchweizerMusikzeitung\/","article_published_time":"2017-03-06T23:00:00+00:00","og_image":[{"width":554,"height":463,"url":"https:\/\/www.musikzeitung.ch\/wp-content\/uploads\/2023\/01\/1700307vonmatt.jpg","type":"image\/jpeg"}],"author":"Musikzeitung-Redaktion","twitter_card":"summary_large_image","twitter_creator":"@smusikzeitung","twitter_site":"@smusikzeitung","twitter_misc":{"Scritto da":"Musikzeitung-Redaktion","Tempo di lettura stimato":"1 minuto"},"schema":{"@context":"https:\/\/schema.org","@graph":[{"@type":"Article","@id":"https:\/\/www.musikzeitung.ch\/politik\/2017\/03\/zuercher-festspielpreis-2017-geht-an-von-matt#article","isPartOf":{"@id":"https:\/\/www.musikzeitung.ch\/politik\/2017\/03\/zuercher-festspielpreis-2017-geht-an-von-matt"},"author":{"name":"Musikzeitung-Redaktion","@id":"https:\/\/www.musikzeitung.ch\/#\/schema\/person\/b2fd892c800856270b9dcc6001265712"},"headline":"Z\u00fcrcher Festspielpreis 2017 geht an von Matt","datePublished":"2017-03-06T23:00:00+00:00","mainEntityOfPage":{"@id":"https:\/\/www.musikzeitung.ch\/politik\/2017\/03\/zuercher-festspielpreis-2017-geht-an-von-matt"},"wordCount":175,"commentCount":0,"publisher":{"@id":"https:\/\/www.musikzeitung.ch\/#organization"},"image":{"@id":"https:\/\/www.musikzeitung.ch\/politik\/2017\/03\/zuercher-festspielpreis-2017-geht-an-von-matt#primaryimage"},"thumbnailUrl":"https:\/\/www.musikzeitung.ch\/wp-content\/uploads\/2023\/01\/1700307vonmatt.jpg","articleSection":["Kantone und Gemeinden","Politik"],"inLanguage":"it-IT"},{"@type":"WebPage","@id":"https:\/\/www.musikzeitung.ch\/politik\/2017\/03\/zuercher-festspielpreis-2017-geht-an-von-matt","url":"https:\/\/www.musikzeitung.ch\/politik\/2017\/03\/zuercher-festspielpreis-2017-geht-an-von-matt","name":"Z\u00fcrcher Festspielpreis 2017 geht an von Matt - Schweizer Musikzeitung","isPartOf":{"@id":"https:\/\/www.musikzeitung.ch\/#website"},"primaryImageOfPage":{"@id":"https:\/\/www.musikzeitung.ch\/politik\/2017\/03\/zuercher-festspielpreis-2017-geht-an-von-matt#primaryimage"},"image":{"@id":"https:\/\/www.musikzeitung.ch\/politik\/2017\/03\/zuercher-festspielpreis-2017-geht-an-von-matt#primaryimage"},"thumbnailUrl":"https:\/\/www.musikzeitung.ch\/wp-content\/uploads\/2023\/01\/1700307vonmatt.jpg","datePublished":"2017-03-06T23:00:00+00:00","breadcrumb":{"@id":"https:\/\/www.musikzeitung.ch\/politik\/2017\/03\/zuercher-festspielpreis-2017-geht-an-von-matt#breadcrumb"},"inLanguage":"it-IT","potentialAction":[{"@type":"ReadAction","target":["https:\/\/www.musikzeitung.ch\/politik\/2017\/03\/zuercher-festspielpreis-2017-geht-an-von-matt"]}]},{"@type":"ImageObject","inLanguage":"it-IT","@id":"https:\/\/www.musikzeitung.ch\/politik\/2017\/03\/zuercher-festspielpreis-2017-geht-an-von-matt#primaryimage","url":"https:\/\/www.musikzeitung.ch\/wp-content\/uploads\/2023\/01\/1700307vonmatt.jpg","contentUrl":"https:\/\/www.musikzeitung.ch\/wp-content\/uploads\/2023\/01\/1700307vonmatt.jpg","width":554,"height":463},{"@type":"BreadcrumbList","@id":"https:\/\/www.musikzeitung.ch\/politik\/2017\/03\/zuercher-festspielpreis-2017-geht-an-von-matt#breadcrumb","itemListElement":[{"@type":"ListItem","position":1,"name":"Home","item":"https:\/\/www.musikzeitung.ch\/"},{"@type":"ListItem","position":2,"name":"Z\u00fcrcher Festspielpreis 2017 geht an von Matt"}]},{"@type":"WebSite","@id":"https:\/\/www.musikzeitung.ch\/#website","url":"https:\/\/www.musikzeitung.ch\/","name":"Giornale musicale svizzero","description":"Il principale mensile interdisciplinare della Svizzera per le questioni musicali.","publisher":{"@id":"https:\/\/www.musikzeitung.ch\/#organization"},"potentialAction":[{"@type":"SearchAction","target":{"@type":"EntryPoint","urlTemplate":"https:\/\/www.musikzeitung.ch\/?s={search_term_string}"},"query-input":{"@type":"PropertyValueSpecification","valueRequired":true,"valueName":"search_term_string"}}],"inLanguage":"it-IT"},{"@type":"Organization","@id":"https:\/\/www.musikzeitung.ch\/#organization","name":"Giornale musicale svizzero","url":"https:\/\/www.musikzeitung.ch\/","logo":{"@type":"ImageObject","inLanguage":"it-IT","@id":"https:\/\/www.musikzeitung.ch\/#\/schema\/logo\/image\/","url":"https:\/\/www.musikzeitung.ch\/wp-content\/uploads\/2023\/01\/SMZ_Schriftzug_Sprache.png","contentUrl":"https:\/\/www.musikzeitung.ch\/wp-content\/uploads\/2023\/01\/SMZ_Schriftzug_Sprache.png","width":1400,"height":279,"caption":"Schweizer Musikzeitung"},"image":{"@id":"https:\/\/www.musikzeitung.ch\/#\/schema\/logo\/image\/"},"sameAs":["https:\/\/www.facebook.com\/SchweizerMusikzeitung\/","https:\/\/x.com\/smusikzeitung","https:\/\/www.instagram.com\/musikzeitung.ch\/"]},{"@type":"Person","@id":"https:\/\/www.musikzeitung.ch\/#\/schema\/person\/b2fd892c800856270b9dcc6001265712","name":"Redazione Musikzeitung","image":{"@type":"ImageObject","inLanguage":"it-IT","@id":"https:\/\/www.musikzeitung.ch\/wp-content\/uploads\/2022\/05\/usericon_musikzeitung-96x96.jpg","url":"https:\/\/www.musikzeitung.ch\/wp-content\/uploads\/2022\/05\/usericon_musikzeitung-96x96.jpg","contentUrl":"https:\/\/www.musikzeitung.ch\/wp-content\/uploads\/2022\/05\/usericon_musikzeitung-96x96.jpg","caption":"Musikzeitung-Redaktion"},"url":"https:\/\/www.musikzeitung.ch\/it\/author\/admin"}]}},"publishpress_future_workflow_manual_trigger":{"enabledWorkflows":[]},"_links":{"self":[{"href":"https:\/\/www.musikzeitung.ch\/it\/wp-json\/wp\/v2\/posts\/5180","targetHints":{"allow":["GET"]}}],"collection":[{"href":"https:\/\/www.musikzeitung.ch\/it\/wp-json\/wp\/v2\/posts"}],"about":[{"href":"https:\/\/www.musikzeitung.ch\/it\/wp-json\/wp\/v2\/types\/post"}],"author":[{"embeddable":true,"href":"https:\/\/www.musikzeitung.ch\/it\/wp-json\/wp\/v2\/users\/1"}],"replies":[{"embeddable":true,"href":"https:\/\/www.musikzeitung.ch\/it\/wp-json\/wp\/v2\/comments?post=5180"}],"version-history":[{"count":0,"href":"https:\/\/www.musikzeitung.ch\/it\/wp-json\/wp\/v2\/posts\/5180\/revisions"}],"wp:featuredmedia":[{"embeddable":true,"href":"https:\/\/www.musikzeitung.ch\/it\/wp-json\/wp\/v2\/media\/5181"}],"wp:attachment":[{"href":"https:\/\/www.musikzeitung.ch\/it\/wp-json\/wp\/v2\/media?parent=5180"}],"wp:term":[{"taxonomy":"category","embeddable":true,"href":"https:\/\/www.musikzeitung.ch\/it\/wp-json\/wp\/v2\/categories?post=5180"},{"taxonomy":"post_tag","embeddable":true,"href":"https:\/\/www.musikzeitung.ch\/it\/wp-json\/wp\/v2\/tags?post=5180"}],"curies":[{"name":"wp","href":"https:\/\/api.w.org\/{rel}","templated":true}]}}