{"id":5212,"date":"2016-11-15T00:00:00","date_gmt":"2016-11-14T23:00:00","guid":{"rendered":"https:\/\/www.musikzeitung.ch\/allgemein\/drohende-abwaertsspirale\/"},"modified":"2016-11-15T00:00:00","modified_gmt":"2016-11-14T23:00:00","slug":"drohende-abwaertsspirale","status":"publish","type":"post","link":"https:\/\/www.musikzeitung.ch\/it\/politik\/2016\/11\/drohende-abwaertsspirale","title":{"rendered":"Spirale discendente imminente"},"content":{"rendered":"<figure style=\"width: 1200px\" class=\"wp-caption alignnone\"><img decoding=\"async\" class=\"size-full\" src=\"https:\/\/www.musikzeitung.ch\/wp-content\/uploads\/2023\/01\/lso_WEB.jpg\" alt=\"\" \/><figcaption class=\"wp-caption-text\">Concerto di ringraziamento il 13 novembre per i sostenitori della petizione \"S\u00ec all'orchestra sinfonica\". Foto: Ingo H\u00f6hn<\/figcaption><\/figure>\n<div class='text-section'>\n<p>Nel settembre di quest'anno, il governo del Cantone di Lucerna ha approvato il \"pacchetto risparmio\". Il termine ha perso da tempo il suo sapore eufemistico. Anche il titolo ufficiale del dossier di 160 pagine, \"Programma di consolidamento 2017 (KP17)\", non pu\u00f2 nascondere il fatto che questo pacchetto contiene una buona dose di esplosivo. L'intento del KP17 \u00e8 quello di equilibrare il bilancio finanziario del Cantone di Lucerna a medio termine. Per i prossimi tre anni si prevede un deficit di circa 520 milioni di franchi. Le misure di riduzione dei costi proposte riguardano molti settori. Non si fermano nemmeno all'istruzione e alla cultura. Le scuole di musica, le universit\u00e0 e le grandi organizzazioni culturali, tra cui in particolare le <a href='http:\/\/www.sinfonieorchester.ch'>Orchestra Sinfonica di Lucerna <\/a>(LSO), ne sarebbero interessati. <br \/> A prima vista, il KP17 pu\u00f2 sembrare un tentativo di raggruppare un gran numero di requisiti in un compromesso pragmatico e idealizzato. Tuttavia, su di esso pende la spada di Damocle, fedele al motto: Guai a chi osa disfare il pacchetto messo insieme dal Consiglio di Governo! Mentre la resistenza cresceva tra la popolazione dopo la pubblicazione del dossier il 6 settembre 2016, il direttore delle finanze cantonali, non appartenente al partito e affiliato al PLR, ha messo in guardia in particolare i comuni, il personale docente e gli operatori culturali dal rappresentare i propri interessi senza tenere d'occhio il bilancio complessivo in sofferenza. L'avvertimento \u00e8 comprensibilmente svanito nel vento. In primo luogo, non si tratta principalmente dei loro interessi e, in secondo luogo, il sistema politico \u00e8 praticamente predestinato alla resistenza. A met\u00e0 ottobre, i Comuni a maggioranza civica hanno minacciato un referendum se il Consiglio cantonale avesse imposto ai Comuni gli oneri aggiuntivi previsti dal PK17. In realt\u00e0, nella riunione del 7 novembre, la maggioranza del Parlamento ha accolto i Comuni e ha tolto 70 milioni di franchi dal pacchetto di risparmi.<\/p>\n<\/div>\n<div>\n<h3 class=''><span>Prova di forza del partito politico<\/span><\/h3>\n<\/div>\n<div class='text-section'>\n<p>Nella sessione di novembre del Parlamento cantonale \u00e8 stato anche il turno delle scuole di musica. Dopo un approfondito dibattito, \u00e8 stato deciso il dimezzamento del contributo cantonale pro capite alle scuole di musica comunali. 84 parlamentari si sono espressi a favore e 29 contro. La misura \u00e8 stata respinta all'unanimit\u00e0 esclusivamente dal PS e dai Verdi. Inoltre, 8 deputati del CVP su 29 hanno votato contro la misura. Il provvedimento \u00e8 destinato ad alleggerire il bilancio cantonale di 3,6 milioni di franchi nei prossimi tre anni. I partiti di sinistra avevano messo in guardia contro la riduzione dei costi, affermando che l'aumento delle tasse scolastiche avrebbe reso pi\u00f9 difficile per tutti l'accesso alle lezioni di musica. L'argomentazione principale dei liberali \u00e8 stata che le lezioni di musica potevano essere pagate da coloro che ci tenevano davvero. Dietro a tutto questo c'\u00e8 il solito schema: il centro-destra accoglie le misure di austerit\u00e0 in linea di principio, mentre quelli di sinistra non vogliono ridurre i servizi ma denunciano la politica di bassa tassazione. Lo stesso CVP ha dovuto ammettere che la strategia della bassa tassazione era una proposta perdente. L'SVP, invece, si batte con forza contro l'aumento delle tasse. Chiunque abbia ragione in questa disputa tra partiti, la LSO non \u00e8 certo responsabile dello squilibrio finanziario del bilancio cantonale.<\/p>\n<\/div>\n<div>\n<h3 class=''><span>Una maggiore autosufficienza non \u00e8 possibile<\/span><\/h3>\n<\/div>\n<div class='text-section'>\n<p>Rispetto al resto della Svizzera, il grado di autosufficienza della LSO \u00e8 da record, grazie all'ingegnosa collaborazione tra pubblico e privato (partenariato pubblico-privato). In cifre, ci\u00f2 si esprime come segue: la LSO guadagna 3,5 milioni dalla vendita dei biglietti, mentre altri 3,5 milioni provengono dal settore privato. La LSO riceve 4 milioni come compenso per la sua seconda identit\u00e0 di orchestra lirica del Teatro di Lucerna. Il finanziamento pubblico della LSO come orchestra sinfonica e residente del KKL ammonta a 3 milioni di franchi. In termini economici: Per ogni franco di tasse versate direttamente, la LSO ottiene un valore aggiunto di oltre il 330%, poich\u00e9 con 3 milioni di finanziamento di base viene offerto un prodotto di 10 milioni (esclusi i servizi del teatro). Questo valore \u00e8 indice di un'azione estremamente economica. Il Consiglio di Stato ha tagliato i 3 milioni di sovvenzioni necessarie per questo, le fondamenta per cos\u00ec dire, anche se non direttamente: tutte le principali istituzioni culturali, tra cui il Festival di Lucerna, il Teatro di Lucerna, il Museo d'Arte e il Museo dei Trasporti oltre alla LSO, ricevono il sostegno pubblico attraverso un'associazione speciale. Il KP17 prevede tagli di 1,2 milioni al contributo cantonale all'associazione di scopo. Noccioline, si potrebbe pensare. Tuttavia, la riduzione di 1,2 milioni da parte del Cantone comporterebbe anche una riduzione del contributo comunale all'associazione di scopo. Invece dei precedenti 3 milioni, la LSO riceverebbe solo 2,5 milioni dalle casse pubbliche. Uno sforzo enorme. Numa Bischof Ullmann, direttrice della LSO, sottolinea che sarebbe impossibile compensare l'ammanco con entrate di sponsorizzazione ancora pi\u00f9 elevate. \"Anche i politici concordano sul fatto che la quantit\u00e0 di denaro privato che mobilitiamo non pu\u00f2 essere aumentata ulteriormente\". Gli sponsor rappresentano gi\u00e0 un certo fattore di incertezza. Inoltre, una riduzione delle sovvenzioni metterebbe a rischio anche i contributi privati. Wolfgang Rihm, amico intimo dell'orchestra da molti anni, ha descritto in modo appropriato questo effetto domino: \"Finora c'\u00e8 stata una sottile interazione tra finanziamenti pubblici e privati. Tuttavia, il finanziamento privato \u00e8 motivato solo se la fondazione sostenuta dal pubblico \u00e8 sana. Il finanziamento privato verrebbe meno se le importanti forze di auto-rinnovamento venissero decimate dal ritiro dei fondi pubblici dall'istituzione culturale da sostenere. In termini concreti: un'organizzazione culturale pubblica come un'orchestra appassisce al suo interno se i posti non possono pi\u00f9 essere occupati in modo ottimale. Quando i programmi devono essere gradualmente mantenuti sempre pi\u00f9 convenzionali. Quando non \u00e8 pi\u00f9 possibile invitare i migliori solisti e direttori ospiti. Lentamente, insidiosamente, passo dopo passo, il fascino di un tale ensemble scompare. Sar\u00e0 ancora in grado di produrre una 'cucina casalinga', per cos\u00ec dire, ma non avr\u00e0 pi\u00f9 un ruolo nell'arena nazionale\". Bischof sa che la cucina casalinga esclude la promozione dell'eccellenza. \"Il nostro approccio di finanziamento richiede un alto profilo artistico\".<\/p>\n<\/div>\n<div>\n<h3 class=''><span>Effetto boomerang<\/span><\/h3>\n<\/div>\n<div class='text-section'>\n<p>La conseguenza a medio termine sarebbe un deficit fino a 4 milioni di euro se non si concretizzasse alcun finanziamento privato. Partendo dal presupposto che i politici e il pubblico vogliono mantenere l'orchestra, il deficit verrebbe scaricato sulle casse pubbliche. I politici otterrebbero cos\u00ec il risultato opposto a quello desiderato. E se la LSO dovesse ridurre il suo programma di concerti per spendere meno? Sarebbe controproducente, dice Bischof, poich\u00e9 ogni progetto genera i margini di contribuzione vitali attraverso gli introiti dei biglietti e l'acquisizione di sponsor. \"Per noi guadagnare ancora meno significherebbe semplicemente non essere in grado di coprire i costi fissi\". Anche l'opzione inversa, ovvero aumentare le entrate attraverso un maggior numero di offerte, sarebbe fuori discussione. \"Abbiamo raggiunto da tempo i limiti della nostra capacit\u00e0\", afferma il direttore artistico. Non si possono imporre ai musicisti nemmeno pi\u00f9 servizi. Anche Beat Santschi, presidente della SMV, ritiene inaccettabile lo scenario di riduzione dei costi: \"Un'ulteriore riduzione \u00e8 inaccettabile per i datori di lavoro responsabili di 70 grandi musicisti professionisti! Nell'interesse delle generazioni future, il finanziamento sano dell'orchestra deve essere garantito a lungo termine e non ridotto, perch\u00e9 un'orchestra che \u00e8 stata tagliata a morte non torner\u00e0 mai pi\u00f9!\"<\/p>\n<p>I pericoli si nascondono altrove: i cantoni vicini potrebbero vedersi legittimati a ridurre i loro pagamenti di perequazione al cantone in cui si trovano. Solo di recente, il PLR argoviese ha chiesto che il Cantone si ritirasse dalla perequazione intercantonale degli oneri culturali. Il governo cantonale argoviese ha dato il via libera, ma il pericolo non \u00e8 ancora scongiurato. Un alto rappresentante del CVP ha commentato: \"Come residente di Zugo, mi piace assistere ai concerti dell'Orchestra Sinfonica di Lucerna e del Teatro di Lucerna. Sono quindi convinto di sostenere la perequazione degli oneri culturali. Ma attenzione: se Lucerna taglia il proprio sostegno finanziario, gli altri cantoni seguiranno il suo esempio. Vorrei evitare di indebolire Lucerna come centro culturale\".<\/p>\n<\/div>\n<div>\n<h3 class=''><span>Cosa succede dopo?<\/span><\/h3>\n<\/div>\n<div class='text-section'>\n<p>Il 12 dicembre, il Consiglio cantonale voter\u00e0 sulla proposta di risparmio del Consiglio di governo. Le probabilit\u00e0 che venga respinta non sono scarse. L'orchestra sta facendo tutto il possibile per sensibilizzare l'opinione pubblica sul fatto che costa al contribuente il minimo di tutte le orchestre professionali svizzere. (Il fatto che l'LSO non sia affatto interessata a sottoquotare la concorrenza si spiega con il contesto qui descritto). Allo stesso tempo, l'ambiente competitivo dell'orchestra residente del KKL, dove le orchestre pi\u00f9 importanti del mondo sono in costante contatto, richiede prestazioni sempre al top. Dovrebbe essere nell'interesse di tutti proteggere dall'erosione i pilastri portanti della tensione tra disciplina economica e massimi standard artistici.<\/p>\n<p>Lucerna vuole davvero un'orchestra? Questa domanda non \u00e8 un tab\u00f9 per Bischof, nella misura in cui vuole avviare una discussione aperta e onesta sull'esecuzione. Le sue parole si mescolano a una leggera avversione per i dibattiti che riguardano solo il mantenimento di ci\u00f2 che \u00e8 cresciuto storicamente per il proprio interesse. In risposta alla domanda (retorica?) se Lucerna sia o meno un luogo di produzione di un'opera. <em>a tutti<\/em> vorrebbe avere un'orchestra, ne seguono altre due per lui: <em>Cosa<\/em> che tipo di orchestra vuole la regione? E<em> quanto<\/em> dovrebbe costare? In questo modo, la LSO non risponde ai tagli lineari dei costi con una protesta ottusa, ma con un atteggiamento che invita a uno scambio di idee. Il rischio di una risposta negativa alla prima domanda \u00e8 prossimo allo zero. Questo \u00e8 pi\u00f9 che suggerito dal concerto di ringraziamento molto ben frequentato della LSO il 13 novembre al KKL, in cui i musicisti non solo si sono esibiti senza compenso, ma anche senza il loro direttore principale. I suoi impegni non gli hanno permesso di dirigere il concerto, che era stato organizzato con poco preavviso, come avrebbe voluto.  La LSO ha superato la sfida a pieni voti. Che questa meravigliosa serata di concerti sia foriera di un buon esito della votazione! <br \/> \u00a0<\/p>\n<\/div>\n<div>\n<blockquote class='text-section'>\n<h4>Link alla petizione online<\/h4>\n<p>\u00a0<\/p>\n<p>\u00a0<\/p>\n<p><a href='http:\/\/www.ja-zum-sinfonieorchester.ch'><strong>www.ja-zum-sinfonieorchester.ch<\/strong><\/a><\/p>\n<\/blockquote>\n<\/div>","protected":false},"excerpt":{"rendered":"<p><strong>Se il governo far\u00e0 la sua parte, l'Orchestra Sinfonica di Lucerna dovr\u00e0 risparmiare a partire dal 2018. Le conseguenze sarebbero devastanti.<\/strong><\/p>","protected":false},"author":1,"featured_media":5213,"comment_status":"open","ping_status":"open","sticky":false,"template":"","format":"standard","meta":{"_acf_changed":false,"_relevanssi_hide_post":"","_relevanssi_hide_content":"","_relevanssi_pin_for_all":"","_relevanssi_pin_keywords":"","_relevanssi_unpin_keywords":"","_relevanssi_related_keywords":"","_relevanssi_related_include_ids":"","_relevanssi_related_exclude_ids":"","_relevanssi_related_no_append":"","_relevanssi_related_not_related":"","_relevanssi_related_posts":"","_relevanssi_noindex_reason":"","pgc_sgb_lightbox_settings":"","footnotes":""},"categories":[1081,767],"tags":[],"class_list":["post-5212","post","type-post","status-publish","format-standard","has-post-thumbnail","hentry","category-kantone-und-gemeinden","category-politik"],"acf":[],"yoast_head":"<!-- This site is optimized with the Yoast SEO plugin v27.5 - https:\/\/yoast.com\/product\/yoast-seo-wordpress\/ -->\n<title>Drohende Abw\u00e4rtsspirale - Schweizer Musikzeitung<\/title>\n<meta name=\"robots\" content=\"index, follow, max-snippet:-1, max-image-preview:large, max-video-preview:-1\" \/>\n<link rel=\"canonical\" href=\"https:\/\/www.musikzeitung.ch\/it\/politik\/2016\/11\/drohende-abwaertsspirale\/\" \/>\n<meta property=\"og:locale\" content=\"it_IT\" \/>\n<meta property=\"og:type\" content=\"article\" \/>\n<meta property=\"og:title\" content=\"Drohende Abw\u00e4rtsspirale - Schweizer Musikzeitung\" \/>\n<meta property=\"og:description\" content=\"Ginge es nach den Pl\u00e4nen der Regierung, soll am Luzerner Sinfonieorchester ab 2018 gespart werden. Die Folgen w\u00e4ren verheerend.\" \/>\n<meta property=\"og:url\" content=\"https:\/\/www.musikzeitung.ch\/it\/politik\/2016\/11\/drohende-abwaertsspirale\/\" \/>\n<meta property=\"og:site_name\" content=\"Schweizer Musikzeitung\" \/>\n<meta property=\"article:publisher\" content=\"https:\/\/www.facebook.com\/SchweizerMusikzeitung\/\" \/>\n<meta property=\"article:published_time\" content=\"2016-11-14T23:00:00+00:00\" \/>\n<meta property=\"og:image\" content=\"https:\/\/www.musikzeitung.ch\/wp-content\/uploads\/2023\/01\/lso_WEB.jpg\" \/>\n\t<meta property=\"og:image:width\" content=\"554\" \/>\n\t<meta property=\"og:image:height\" content=\"369\" \/>\n\t<meta property=\"og:image:type\" content=\"image\/jpeg\" \/>\n<meta name=\"author\" content=\"Musikzeitung-Redaktion\" \/>\n<meta name=\"twitter:card\" content=\"summary_large_image\" \/>\n<meta name=\"twitter:creator\" content=\"@smusikzeitung\" \/>\n<meta name=\"twitter:site\" content=\"@smusikzeitung\" \/>\n<meta name=\"twitter:label1\" content=\"Scritto da\" \/>\n\t<meta name=\"twitter:data1\" content=\"Musikzeitung-Redaktion\" \/>\n\t<meta name=\"twitter:label2\" content=\"Tempo di lettura stimato\" \/>\n\t<meta name=\"twitter:data2\" content=\"8 minuti\" \/>\n<script type=\"application\/ld+json\" class=\"yoast-schema-graph\">{\"@context\":\"https:\\\/\\\/schema.org\",\"@graph\":[{\"@type\":\"Article\",\"@id\":\"https:\\\/\\\/www.musikzeitung.ch\\\/politik\\\/2016\\\/11\\\/drohende-abwaertsspirale#article\",\"isPartOf\":{\"@id\":\"https:\\\/\\\/www.musikzeitung.ch\\\/politik\\\/2016\\\/11\\\/drohende-abwaertsspirale\"},\"author\":{\"name\":\"Musikzeitung-Redaktion\",\"@id\":\"https:\\\/\\\/www.musikzeitung.ch\\\/#\\\/schema\\\/person\\\/b2fd892c800856270b9dcc6001265712\"},\"headline\":\"Drohende Abw\u00e4rtsspirale\",\"datePublished\":\"2016-11-14T23:00:00+00:00\",\"mainEntityOfPage\":{\"@id\":\"https:\\\/\\\/www.musikzeitung.ch\\\/politik\\\/2016\\\/11\\\/drohende-abwaertsspirale\"},\"wordCount\":1562,\"commentCount\":0,\"publisher\":{\"@id\":\"https:\\\/\\\/www.musikzeitung.ch\\\/#organization\"},\"image\":{\"@id\":\"https:\\\/\\\/www.musikzeitung.ch\\\/politik\\\/2016\\\/11\\\/drohende-abwaertsspirale#primaryimage\"},\"thumbnailUrl\":\"https:\\\/\\\/www.musikzeitung.ch\\\/wp-content\\\/uploads\\\/2023\\\/01\\\/lso_WEB.jpg\",\"articleSection\":[\"Kantone und Gemeinden\",\"Politik\"],\"inLanguage\":\"it-IT\"},{\"@type\":\"WebPage\",\"@id\":\"https:\\\/\\\/www.musikzeitung.ch\\\/politik\\\/2016\\\/11\\\/drohende-abwaertsspirale\",\"url\":\"https:\\\/\\\/www.musikzeitung.ch\\\/politik\\\/2016\\\/11\\\/drohende-abwaertsspirale\",\"name\":\"Drohende Abw\u00e4rtsspirale - Schweizer Musikzeitung\",\"isPartOf\":{\"@id\":\"https:\\\/\\\/www.musikzeitung.ch\\\/#website\"},\"primaryImageOfPage\":{\"@id\":\"https:\\\/\\\/www.musikzeitung.ch\\\/politik\\\/2016\\\/11\\\/drohende-abwaertsspirale#primaryimage\"},\"image\":{\"@id\":\"https:\\\/\\\/www.musikzeitung.ch\\\/politik\\\/2016\\\/11\\\/drohende-abwaertsspirale#primaryimage\"},\"thumbnailUrl\":\"https:\\\/\\\/www.musikzeitung.ch\\\/wp-content\\\/uploads\\\/2023\\\/01\\\/lso_WEB.jpg\",\"datePublished\":\"2016-11-14T23:00:00+00:00\",\"breadcrumb\":{\"@id\":\"https:\\\/\\\/www.musikzeitung.ch\\\/politik\\\/2016\\\/11\\\/drohende-abwaertsspirale#breadcrumb\"},\"inLanguage\":\"it-IT\",\"potentialAction\":[{\"@type\":\"ReadAction\",\"target\":[\"https:\\\/\\\/www.musikzeitung.ch\\\/politik\\\/2016\\\/11\\\/drohende-abwaertsspirale\"]}]},{\"@type\":\"ImageObject\",\"inLanguage\":\"it-IT\",\"@id\":\"https:\\\/\\\/www.musikzeitung.ch\\\/politik\\\/2016\\\/11\\\/drohende-abwaertsspirale#primaryimage\",\"url\":\"https:\\\/\\\/www.musikzeitung.ch\\\/wp-content\\\/uploads\\\/2023\\\/01\\\/lso_WEB.jpg\",\"contentUrl\":\"https:\\\/\\\/www.musikzeitung.ch\\\/wp-content\\\/uploads\\\/2023\\\/01\\\/lso_WEB.jpg\",\"width\":554,\"height\":369},{\"@type\":\"BreadcrumbList\",\"@id\":\"https:\\\/\\\/www.musikzeitung.ch\\\/politik\\\/2016\\\/11\\\/drohende-abwaertsspirale#breadcrumb\",\"itemListElement\":[{\"@type\":\"ListItem\",\"position\":1,\"name\":\"Home\",\"item\":\"https:\\\/\\\/www.musikzeitung.ch\\\/\"},{\"@type\":\"ListItem\",\"position\":2,\"name\":\"Drohende Abw\u00e4rtsspirale\"}]},{\"@type\":\"WebSite\",\"@id\":\"https:\\\/\\\/www.musikzeitung.ch\\\/#website\",\"url\":\"https:\\\/\\\/www.musikzeitung.ch\\\/\",\"name\":\"Schweizer Musikzeitung\",\"description\":\"Die f\u00fchrende sparten\u00fcbergreifende Monatszeitung in der Schweiz f\u00fcr musikalische Fragen.\",\"publisher\":{\"@id\":\"https:\\\/\\\/www.musikzeitung.ch\\\/#organization\"},\"potentialAction\":[{\"@type\":\"SearchAction\",\"target\":{\"@type\":\"EntryPoint\",\"urlTemplate\":\"https:\\\/\\\/www.musikzeitung.ch\\\/?s={search_term_string}\"},\"query-input\":{\"@type\":\"PropertyValueSpecification\",\"valueRequired\":true,\"valueName\":\"search_term_string\"}}],\"inLanguage\":\"it-IT\"},{\"@type\":\"Organization\",\"@id\":\"https:\\\/\\\/www.musikzeitung.ch\\\/#organization\",\"name\":\"Schweizer Musikzeitung\",\"url\":\"https:\\\/\\\/www.musikzeitung.ch\\\/\",\"logo\":{\"@type\":\"ImageObject\",\"inLanguage\":\"it-IT\",\"@id\":\"https:\\\/\\\/www.musikzeitung.ch\\\/#\\\/schema\\\/logo\\\/image\\\/\",\"url\":\"https:\\\/\\\/www.musikzeitung.ch\\\/wp-content\\\/uploads\\\/2023\\\/01\\\/SMZ_Schriftzug_Sprache.png\",\"contentUrl\":\"https:\\\/\\\/www.musikzeitung.ch\\\/wp-content\\\/uploads\\\/2023\\\/01\\\/SMZ_Schriftzug_Sprache.png\",\"width\":1400,\"height\":279,\"caption\":\"Schweizer Musikzeitung\"},\"image\":{\"@id\":\"https:\\\/\\\/www.musikzeitung.ch\\\/#\\\/schema\\\/logo\\\/image\\\/\"},\"sameAs\":[\"https:\\\/\\\/www.facebook.com\\\/SchweizerMusikzeitung\\\/\",\"https:\\\/\\\/x.com\\\/smusikzeitung\",\"https:\\\/\\\/www.instagram.com\\\/musikzeitung.ch\\\/\"]},{\"@type\":\"Person\",\"@id\":\"https:\\\/\\\/www.musikzeitung.ch\\\/#\\\/schema\\\/person\\\/b2fd892c800856270b9dcc6001265712\",\"name\":\"Musikzeitung-Redaktion\",\"image\":{\"@type\":\"ImageObject\",\"inLanguage\":\"it-IT\",\"@id\":\"https:\\\/\\\/www.musikzeitung.ch\\\/wp-content\\\/uploads\\\/2022\\\/05\\\/usericon_musikzeitung-96x96.jpg\",\"url\":\"https:\\\/\\\/www.musikzeitung.ch\\\/wp-content\\\/uploads\\\/2022\\\/05\\\/usericon_musikzeitung-96x96.jpg\",\"contentUrl\":\"https:\\\/\\\/www.musikzeitung.ch\\\/wp-content\\\/uploads\\\/2022\\\/05\\\/usericon_musikzeitung-96x96.jpg\",\"caption\":\"Musikzeitung-Redaktion\"},\"url\":\"https:\\\/\\\/www.musikzeitung.ch\\\/it\\\/author\\\/admin\"}]}<\/script>\n<!-- \/ Yoast SEO plugin. -->","yoast_head_json":{"title":"Drohende Abw\u00e4rtsspirale - Schweizer Musikzeitung","robots":{"index":"index","follow":"follow","max-snippet":"max-snippet:-1","max-image-preview":"max-image-preview:large","max-video-preview":"max-video-preview:-1"},"canonical":"https:\/\/www.musikzeitung.ch\/it\/politik\/2016\/11\/drohende-abwaertsspirale\/","og_locale":"it_IT","og_type":"article","og_title":"Drohende Abw\u00e4rtsspirale - Schweizer Musikzeitung","og_description":"Ginge es nach den Pl\u00e4nen der Regierung, soll am Luzerner Sinfonieorchester ab 2018 gespart werden. Die Folgen w\u00e4ren verheerend.","og_url":"https:\/\/www.musikzeitung.ch\/it\/politik\/2016\/11\/drohende-abwaertsspirale\/","og_site_name":"Schweizer Musikzeitung","article_publisher":"https:\/\/www.facebook.com\/SchweizerMusikzeitung\/","article_published_time":"2016-11-14T23:00:00+00:00","og_image":[{"width":554,"height":369,"url":"https:\/\/www.musikzeitung.ch\/wp-content\/uploads\/2023\/01\/lso_WEB.jpg","type":"image\/jpeg"}],"author":"Musikzeitung-Redaktion","twitter_card":"summary_large_image","twitter_creator":"@smusikzeitung","twitter_site":"@smusikzeitung","twitter_misc":{"Scritto da":"Musikzeitung-Redaktion","Tempo di lettura stimato":"8 minuti"},"schema":{"@context":"https:\/\/schema.org","@graph":[{"@type":"Article","@id":"https:\/\/www.musikzeitung.ch\/politik\/2016\/11\/drohende-abwaertsspirale#article","isPartOf":{"@id":"https:\/\/www.musikzeitung.ch\/politik\/2016\/11\/drohende-abwaertsspirale"},"author":{"name":"Musikzeitung-Redaktion","@id":"https:\/\/www.musikzeitung.ch\/#\/schema\/person\/b2fd892c800856270b9dcc6001265712"},"headline":"Drohende Abw\u00e4rtsspirale","datePublished":"2016-11-14T23:00:00+00:00","mainEntityOfPage":{"@id":"https:\/\/www.musikzeitung.ch\/politik\/2016\/11\/drohende-abwaertsspirale"},"wordCount":1562,"commentCount":0,"publisher":{"@id":"https:\/\/www.musikzeitung.ch\/#organization"},"image":{"@id":"https:\/\/www.musikzeitung.ch\/politik\/2016\/11\/drohende-abwaertsspirale#primaryimage"},"thumbnailUrl":"https:\/\/www.musikzeitung.ch\/wp-content\/uploads\/2023\/01\/lso_WEB.jpg","articleSection":["Kantone und Gemeinden","Politik"],"inLanguage":"it-IT"},{"@type":"WebPage","@id":"https:\/\/www.musikzeitung.ch\/politik\/2016\/11\/drohende-abwaertsspirale","url":"https:\/\/www.musikzeitung.ch\/politik\/2016\/11\/drohende-abwaertsspirale","name":"Drohende Abw\u00e4rtsspirale - Schweizer Musikzeitung","isPartOf":{"@id":"https:\/\/www.musikzeitung.ch\/#website"},"primaryImageOfPage":{"@id":"https:\/\/www.musikzeitung.ch\/politik\/2016\/11\/drohende-abwaertsspirale#primaryimage"},"image":{"@id":"https:\/\/www.musikzeitung.ch\/politik\/2016\/11\/drohende-abwaertsspirale#primaryimage"},"thumbnailUrl":"https:\/\/www.musikzeitung.ch\/wp-content\/uploads\/2023\/01\/lso_WEB.jpg","datePublished":"2016-11-14T23:00:00+00:00","breadcrumb":{"@id":"https:\/\/www.musikzeitung.ch\/politik\/2016\/11\/drohende-abwaertsspirale#breadcrumb"},"inLanguage":"it-IT","potentialAction":[{"@type":"ReadAction","target":["https:\/\/www.musikzeitung.ch\/politik\/2016\/11\/drohende-abwaertsspirale"]}]},{"@type":"ImageObject","inLanguage":"it-IT","@id":"https:\/\/www.musikzeitung.ch\/politik\/2016\/11\/drohende-abwaertsspirale#primaryimage","url":"https:\/\/www.musikzeitung.ch\/wp-content\/uploads\/2023\/01\/lso_WEB.jpg","contentUrl":"https:\/\/www.musikzeitung.ch\/wp-content\/uploads\/2023\/01\/lso_WEB.jpg","width":554,"height":369},{"@type":"BreadcrumbList","@id":"https:\/\/www.musikzeitung.ch\/politik\/2016\/11\/drohende-abwaertsspirale#breadcrumb","itemListElement":[{"@type":"ListItem","position":1,"name":"Home","item":"https:\/\/www.musikzeitung.ch\/"},{"@type":"ListItem","position":2,"name":"Drohende Abw\u00e4rtsspirale"}]},{"@type":"WebSite","@id":"https:\/\/www.musikzeitung.ch\/#website","url":"https:\/\/www.musikzeitung.ch\/","name":"Giornale musicale svizzero","description":"Il principale mensile interdisciplinare della Svizzera per le questioni musicali.","publisher":{"@id":"https:\/\/www.musikzeitung.ch\/#organization"},"potentialAction":[{"@type":"SearchAction","target":{"@type":"EntryPoint","urlTemplate":"https:\/\/www.musikzeitung.ch\/?s={search_term_string}"},"query-input":{"@type":"PropertyValueSpecification","valueRequired":true,"valueName":"search_term_string"}}],"inLanguage":"it-IT"},{"@type":"Organization","@id":"https:\/\/www.musikzeitung.ch\/#organization","name":"Giornale musicale svizzero","url":"https:\/\/www.musikzeitung.ch\/","logo":{"@type":"ImageObject","inLanguage":"it-IT","@id":"https:\/\/www.musikzeitung.ch\/#\/schema\/logo\/image\/","url":"https:\/\/www.musikzeitung.ch\/wp-content\/uploads\/2023\/01\/SMZ_Schriftzug_Sprache.png","contentUrl":"https:\/\/www.musikzeitung.ch\/wp-content\/uploads\/2023\/01\/SMZ_Schriftzug_Sprache.png","width":1400,"height":279,"caption":"Schweizer Musikzeitung"},"image":{"@id":"https:\/\/www.musikzeitung.ch\/#\/schema\/logo\/image\/"},"sameAs":["https:\/\/www.facebook.com\/SchweizerMusikzeitung\/","https:\/\/x.com\/smusikzeitung","https:\/\/www.instagram.com\/musikzeitung.ch\/"]},{"@type":"Person","@id":"https:\/\/www.musikzeitung.ch\/#\/schema\/person\/b2fd892c800856270b9dcc6001265712","name":"Redazione Musikzeitung","image":{"@type":"ImageObject","inLanguage":"it-IT","@id":"https:\/\/www.musikzeitung.ch\/wp-content\/uploads\/2022\/05\/usericon_musikzeitung-96x96.jpg","url":"https:\/\/www.musikzeitung.ch\/wp-content\/uploads\/2022\/05\/usericon_musikzeitung-96x96.jpg","contentUrl":"https:\/\/www.musikzeitung.ch\/wp-content\/uploads\/2022\/05\/usericon_musikzeitung-96x96.jpg","caption":"Musikzeitung-Redaktion"},"url":"https:\/\/www.musikzeitung.ch\/it\/author\/admin"}]}},"publishpress_future_workflow_manual_trigger":{"enabledWorkflows":[]},"_links":{"self":[{"href":"https:\/\/www.musikzeitung.ch\/it\/wp-json\/wp\/v2\/posts\/5212","targetHints":{"allow":["GET"]}}],"collection":[{"href":"https:\/\/www.musikzeitung.ch\/it\/wp-json\/wp\/v2\/posts"}],"about":[{"href":"https:\/\/www.musikzeitung.ch\/it\/wp-json\/wp\/v2\/types\/post"}],"author":[{"embeddable":true,"href":"https:\/\/www.musikzeitung.ch\/it\/wp-json\/wp\/v2\/users\/1"}],"replies":[{"embeddable":true,"href":"https:\/\/www.musikzeitung.ch\/it\/wp-json\/wp\/v2\/comments?post=5212"}],"version-history":[{"count":0,"href":"https:\/\/www.musikzeitung.ch\/it\/wp-json\/wp\/v2\/posts\/5212\/revisions"}],"wp:featuredmedia":[{"embeddable":true,"href":"https:\/\/www.musikzeitung.ch\/it\/wp-json\/wp\/v2\/media\/5213"}],"wp:attachment":[{"href":"https:\/\/www.musikzeitung.ch\/it\/wp-json\/wp\/v2\/media?parent=5212"}],"wp:term":[{"taxonomy":"category","embeddable":true,"href":"https:\/\/www.musikzeitung.ch\/it\/wp-json\/wp\/v2\/categories?post=5212"},{"taxonomy":"post_tag","embeddable":true,"href":"https:\/\/www.musikzeitung.ch\/it\/wp-json\/wp\/v2\/tags?post=5212"}],"curies":[{"name":"wp","href":"https:\/\/api.w.org\/{rel}","templated":true}]}}