{"id":5214,"date":"2016-11-14T00:00:00","date_gmt":"2016-11-13T23:00:00","guid":{"rendered":"https:\/\/www.musikzeitung.ch\/allgemein\/luzerner-gastpreis-fuer-bluegrass-veranstalter\/"},"modified":"2016-11-14T00:00:00","modified_gmt":"2016-11-13T23:00:00","slug":"luzerner-gastpreis-fuer-bluegrass-veranstalter","status":"publish","type":"post","link":"https:\/\/www.musikzeitung.ch\/it\/politik\/2016\/11\/luzerner-gastpreis-fuer-bluegrass-veranstalter","title":{"rendered":"Premio ospite a Lucerna per l'organizzatore di bluegrass"},"content":{"rendered":"<figure style=\"width: 1200px\" class=\"wp-caption alignnone\"><img decoding=\"async\" class=\"size-full\" src=\"https:\/\/www.musikzeitung.ch\/wp-content\/uploads\/2023\/01\/161114steffen.jpg\" alt=\"\" \/><figcaption class=\"wp-caption-text\">Bruno Steffen (Immagine: zvg)<\/figcaption><\/figure>\n<div class='text-section'>\n<p>Quello che \u00e8 iniziato nel 1997 con un concerto una tantum, dal 2000 si \u00e8 trasformato in un vero e proprio festival ed \u00e8 diventato parte integrante della scena svizzera, secondo il rapporto della giuria. Il Bluegrass Festival \u00e8 una storia di successo che \u00e8 il risultato di 19 anni di lavoro volontario di Bruno Steffens.<\/p>\n<p>Anno dopo anno, Steffen, supportato dal suo comitato organizzativo di volontari, riesce a lanciare un festival sul terreno del Museo Burgrain di Alberswil che ha un richiamo regionale, nazionale e persino europeo.<\/p>\n<p>Il premio per gli ospiti viene assegnato ogni anno nell'ambito del concorso per le borse di lavoro e premia persone o gruppi che danno un contributo particolare alla vita culturale del Cantone di Lucerna. Bruno Steffen ha ricevuto il premio dal Commissario alla Cultura del Cantone di Lucerna Stefan S\u00e4gesser durante la cerimonia di premiazione di venerd\u00ec 11 novembre 2016.<\/p>\n<p>Nel 2016, il Cantone ha lanciato il suo primo programma di finanziamento selettivo della produzione. Nella categoria musica sono state presentate 21 domande. Le sovvenzioni sono state assegnate a Studer Fredy (\"Solowerk\", 30.000 franchi) e a Blind Butcher, Aregger Christian e Bucher Roland (\"ALAWALAWA\", 20.000 franchi).<\/p>\n<p> \u00a0<\/p>\n<\/div>","protected":false},"excerpt":{"rendered":"<p><strong>La Commissione per la Concorrenza del Cantone di Lucerna premia Bruno Steffen per il suo pluriennale impegno volontario a favore della scena bluegrass svizzera e, in particolare, dell'annuale Bluegrass Festival Willisau con un premio di 15.000 franchi svizzeri.<\/strong><\/p>","protected":false},"author":1,"featured_media":5215,"comment_status":"open","ping_status":"open","sticky":false,"template":"","format":"standard","meta":{"_acf_changed":false,"_relevanssi_hide_post":"","_relevanssi_hide_content":"","_relevanssi_pin_for_all":"","_relevanssi_pin_keywords":"","_relevanssi_unpin_keywords":"","_relevanssi_related_keywords":"","_relevanssi_related_include_ids":"","_relevanssi_related_exclude_ids":"","_relevanssi_related_no_append":"","_relevanssi_related_not_related":"","_relevanssi_related_posts":"","_relevanssi_noindex_reason":"","pgc_sgb_lightbox_settings":"","footnotes":""},"categories":[1081,767],"tags":[],"class_list":["post-5214","post","type-post","status-publish","format-standard","has-post-thumbnail","hentry","category-kantone-und-gemeinden","category-politik"],"acf":[],"yoast_head":"<!-- This site is optimized with the Yoast SEO plugin v27.5 - https:\/\/yoast.com\/product\/yoast-seo-wordpress\/ -->\n<title>Luzerner Gastpreis f\u00fcr Bluegrass-Veranstalter - Schweizer Musikzeitung<\/title>\n<meta name=\"robots\" content=\"index, follow, max-snippet:-1, max-image-preview:large, max-video-preview:-1\" \/>\n<link rel=\"canonical\" href=\"https:\/\/www.musikzeitung.ch\/it\/politik\/2016\/11\/luzerner-gastpreis-fuer-bluegrass-veranstalter\/\" \/>\n<meta property=\"og:locale\" content=\"it_IT\" \/>\n<meta property=\"og:type\" content=\"article\" \/>\n<meta property=\"og:title\" content=\"Luzerner Gastpreis f\u00fcr Bluegrass-Veranstalter - Schweizer Musikzeitung\" \/>\n<meta property=\"og:description\" content=\"Die Wettbewerbskommission des Kantons Luzern ehrt Bruno Steffen f\u00fcr seine langj\u00e4hrige ehrenamtliche Arbeit f\u00fcr die Schweizer Bluegrass-Szene und insbesondere f\u00fcr das j\u00e4hrlich stattfindende Bluegrass Festival Willisau mit einem mit 15&#039;000 Franken dotierten Gastpreis.\" \/>\n<meta property=\"og:url\" content=\"https:\/\/www.musikzeitung.ch\/it\/politik\/2016\/11\/luzerner-gastpreis-fuer-bluegrass-veranstalter\/\" \/>\n<meta property=\"og:site_name\" content=\"Schweizer Musikzeitung\" \/>\n<meta property=\"article:publisher\" content=\"https:\/\/www.facebook.com\/SchweizerMusikzeitung\/\" \/>\n<meta property=\"article:published_time\" content=\"2016-11-13T23:00:00+00:00\" \/>\n<meta property=\"og:image\" content=\"https:\/\/www.musikzeitung.ch\/wp-content\/uploads\/2023\/01\/161114steffen.jpg\" \/>\n\t<meta property=\"og:image:width\" content=\"554\" \/>\n\t<meta property=\"og:image:height\" content=\"429\" \/>\n\t<meta property=\"og:image:type\" content=\"image\/jpeg\" \/>\n<meta name=\"author\" content=\"Musikzeitung-Redaktion\" \/>\n<meta name=\"twitter:card\" content=\"summary_large_image\" \/>\n<meta name=\"twitter:creator\" content=\"@smusikzeitung\" \/>\n<meta name=\"twitter:site\" content=\"@smusikzeitung\" \/>\n<meta name=\"twitter:label1\" content=\"Scritto da\" \/>\n\t<meta name=\"twitter:data1\" content=\"Musikzeitung-Redaktion\" \/>\n\t<meta name=\"twitter:label2\" content=\"Tempo di lettura stimato\" \/>\n\t<meta name=\"twitter:data2\" content=\"1 minuto\" \/>\n<script type=\"application\/ld+json\" class=\"yoast-schema-graph\">{\"@context\":\"https:\\\/\\\/schema.org\",\"@graph\":[{\"@type\":\"Article\",\"@id\":\"https:\\\/\\\/www.musikzeitung.ch\\\/politik\\\/2016\\\/11\\\/luzerner-gastpreis-fuer-bluegrass-veranstalter#article\",\"isPartOf\":{\"@id\":\"https:\\\/\\\/www.musikzeitung.ch\\\/politik\\\/2016\\\/11\\\/luzerner-gastpreis-fuer-bluegrass-veranstalter\"},\"author\":{\"name\":\"Musikzeitung-Redaktion\",\"@id\":\"https:\\\/\\\/www.musikzeitung.ch\\\/#\\\/schema\\\/person\\\/b2fd892c800856270b9dcc6001265712\"},\"headline\":\"Luzerner Gastpreis f\u00fcr Bluegrass-Veranstalter\",\"datePublished\":\"2016-11-13T23:00:00+00:00\",\"mainEntityOfPage\":{\"@id\":\"https:\\\/\\\/www.musikzeitung.ch\\\/politik\\\/2016\\\/11\\\/luzerner-gastpreis-fuer-bluegrass-veranstalter\"},\"wordCount\":177,\"commentCount\":0,\"publisher\":{\"@id\":\"https:\\\/\\\/www.musikzeitung.ch\\\/#organization\"},\"image\":{\"@id\":\"https:\\\/\\\/www.musikzeitung.ch\\\/politik\\\/2016\\\/11\\\/luzerner-gastpreis-fuer-bluegrass-veranstalter#primaryimage\"},\"thumbnailUrl\":\"https:\\\/\\\/www.musikzeitung.ch\\\/wp-content\\\/uploads\\\/2023\\\/01\\\/161114steffen.jpg\",\"articleSection\":[\"Kantone und Gemeinden\",\"Politik\"],\"inLanguage\":\"it-IT\"},{\"@type\":\"WebPage\",\"@id\":\"https:\\\/\\\/www.musikzeitung.ch\\\/politik\\\/2016\\\/11\\\/luzerner-gastpreis-fuer-bluegrass-veranstalter\",\"url\":\"https:\\\/\\\/www.musikzeitung.ch\\\/politik\\\/2016\\\/11\\\/luzerner-gastpreis-fuer-bluegrass-veranstalter\",\"name\":\"Luzerner Gastpreis f\u00fcr Bluegrass-Veranstalter - Schweizer Musikzeitung\",\"isPartOf\":{\"@id\":\"https:\\\/\\\/www.musikzeitung.ch\\\/#website\"},\"primaryImageOfPage\":{\"@id\":\"https:\\\/\\\/www.musikzeitung.ch\\\/politik\\\/2016\\\/11\\\/luzerner-gastpreis-fuer-bluegrass-veranstalter#primaryimage\"},\"image\":{\"@id\":\"https:\\\/\\\/www.musikzeitung.ch\\\/politik\\\/2016\\\/11\\\/luzerner-gastpreis-fuer-bluegrass-veranstalter#primaryimage\"},\"thumbnailUrl\":\"https:\\\/\\\/www.musikzeitung.ch\\\/wp-content\\\/uploads\\\/2023\\\/01\\\/161114steffen.jpg\",\"datePublished\":\"2016-11-13T23:00:00+00:00\",\"breadcrumb\":{\"@id\":\"https:\\\/\\\/www.musikzeitung.ch\\\/politik\\\/2016\\\/11\\\/luzerner-gastpreis-fuer-bluegrass-veranstalter#breadcrumb\"},\"inLanguage\":\"it-IT\",\"potentialAction\":[{\"@type\":\"ReadAction\",\"target\":[\"https:\\\/\\\/www.musikzeitung.ch\\\/politik\\\/2016\\\/11\\\/luzerner-gastpreis-fuer-bluegrass-veranstalter\"]}]},{\"@type\":\"ImageObject\",\"inLanguage\":\"it-IT\",\"@id\":\"https:\\\/\\\/www.musikzeitung.ch\\\/politik\\\/2016\\\/11\\\/luzerner-gastpreis-fuer-bluegrass-veranstalter#primaryimage\",\"url\":\"https:\\\/\\\/www.musikzeitung.ch\\\/wp-content\\\/uploads\\\/2023\\\/01\\\/161114steffen.jpg\",\"contentUrl\":\"https:\\\/\\\/www.musikzeitung.ch\\\/wp-content\\\/uploads\\\/2023\\\/01\\\/161114steffen.jpg\",\"width\":554,\"height\":429},{\"@type\":\"BreadcrumbList\",\"@id\":\"https:\\\/\\\/www.musikzeitung.ch\\\/politik\\\/2016\\\/11\\\/luzerner-gastpreis-fuer-bluegrass-veranstalter#breadcrumb\",\"itemListElement\":[{\"@type\":\"ListItem\",\"position\":1,\"name\":\"Home\",\"item\":\"https:\\\/\\\/www.musikzeitung.ch\\\/\"},{\"@type\":\"ListItem\",\"position\":2,\"name\":\"Luzerner Gastpreis f\u00fcr Bluegrass-Veranstalter\"}]},{\"@type\":\"WebSite\",\"@id\":\"https:\\\/\\\/www.musikzeitung.ch\\\/#website\",\"url\":\"https:\\\/\\\/www.musikzeitung.ch\\\/\",\"name\":\"Schweizer Musikzeitung\",\"description\":\"Die f\u00fchrende sparten\u00fcbergreifende Monatszeitung in der Schweiz f\u00fcr musikalische Fragen.\",\"publisher\":{\"@id\":\"https:\\\/\\\/www.musikzeitung.ch\\\/#organization\"},\"potentialAction\":[{\"@type\":\"SearchAction\",\"target\":{\"@type\":\"EntryPoint\",\"urlTemplate\":\"https:\\\/\\\/www.musikzeitung.ch\\\/?s={search_term_string}\"},\"query-input\":{\"@type\":\"PropertyValueSpecification\",\"valueRequired\":true,\"valueName\":\"search_term_string\"}}],\"inLanguage\":\"it-IT\"},{\"@type\":\"Organization\",\"@id\":\"https:\\\/\\\/www.musikzeitung.ch\\\/#organization\",\"name\":\"Schweizer Musikzeitung\",\"url\":\"https:\\\/\\\/www.musikzeitung.ch\\\/\",\"logo\":{\"@type\":\"ImageObject\",\"inLanguage\":\"it-IT\",\"@id\":\"https:\\\/\\\/www.musikzeitung.ch\\\/#\\\/schema\\\/logo\\\/image\\\/\",\"url\":\"https:\\\/\\\/www.musikzeitung.ch\\\/wp-content\\\/uploads\\\/2023\\\/01\\\/SMZ_Schriftzug_Sprache.png\",\"contentUrl\":\"https:\\\/\\\/www.musikzeitung.ch\\\/wp-content\\\/uploads\\\/2023\\\/01\\\/SMZ_Schriftzug_Sprache.png\",\"width\":1400,\"height\":279,\"caption\":\"Schweizer Musikzeitung\"},\"image\":{\"@id\":\"https:\\\/\\\/www.musikzeitung.ch\\\/#\\\/schema\\\/logo\\\/image\\\/\"},\"sameAs\":[\"https:\\\/\\\/www.facebook.com\\\/SchweizerMusikzeitung\\\/\",\"https:\\\/\\\/x.com\\\/smusikzeitung\",\"https:\\\/\\\/www.instagram.com\\\/musikzeitung.ch\\\/\"]},{\"@type\":\"Person\",\"@id\":\"https:\\\/\\\/www.musikzeitung.ch\\\/#\\\/schema\\\/person\\\/b2fd892c800856270b9dcc6001265712\",\"name\":\"Musikzeitung-Redaktion\",\"image\":{\"@type\":\"ImageObject\",\"inLanguage\":\"it-IT\",\"@id\":\"https:\\\/\\\/www.musikzeitung.ch\\\/wp-content\\\/uploads\\\/2022\\\/05\\\/usericon_musikzeitung-96x96.jpg\",\"url\":\"https:\\\/\\\/www.musikzeitung.ch\\\/wp-content\\\/uploads\\\/2022\\\/05\\\/usericon_musikzeitung-96x96.jpg\",\"contentUrl\":\"https:\\\/\\\/www.musikzeitung.ch\\\/wp-content\\\/uploads\\\/2022\\\/05\\\/usericon_musikzeitung-96x96.jpg\",\"caption\":\"Musikzeitung-Redaktion\"},\"url\":\"https:\\\/\\\/www.musikzeitung.ch\\\/it\\\/author\\\/admin\"}]}<\/script>\n<!-- \/ Yoast SEO plugin. -->","yoast_head_json":{"title":"Luzerner Gastpreis f\u00fcr Bluegrass-Veranstalter - Schweizer Musikzeitung","robots":{"index":"index","follow":"follow","max-snippet":"max-snippet:-1","max-image-preview":"max-image-preview:large","max-video-preview":"max-video-preview:-1"},"canonical":"https:\/\/www.musikzeitung.ch\/it\/politik\/2016\/11\/luzerner-gastpreis-fuer-bluegrass-veranstalter\/","og_locale":"it_IT","og_type":"article","og_title":"Luzerner Gastpreis f\u00fcr Bluegrass-Veranstalter - Schweizer Musikzeitung","og_description":"Die Wettbewerbskommission des Kantons Luzern ehrt Bruno Steffen f\u00fcr seine langj\u00e4hrige ehrenamtliche Arbeit f\u00fcr die Schweizer Bluegrass-Szene und insbesondere f\u00fcr das j\u00e4hrlich stattfindende Bluegrass Festival Willisau mit einem mit 15'000 Franken dotierten Gastpreis.","og_url":"https:\/\/www.musikzeitung.ch\/it\/politik\/2016\/11\/luzerner-gastpreis-fuer-bluegrass-veranstalter\/","og_site_name":"Schweizer Musikzeitung","article_publisher":"https:\/\/www.facebook.com\/SchweizerMusikzeitung\/","article_published_time":"2016-11-13T23:00:00+00:00","og_image":[{"width":554,"height":429,"url":"https:\/\/www.musikzeitung.ch\/wp-content\/uploads\/2023\/01\/161114steffen.jpg","type":"image\/jpeg"}],"author":"Musikzeitung-Redaktion","twitter_card":"summary_large_image","twitter_creator":"@smusikzeitung","twitter_site":"@smusikzeitung","twitter_misc":{"Scritto da":"Musikzeitung-Redaktion","Tempo di lettura stimato":"1 minuto"},"schema":{"@context":"https:\/\/schema.org","@graph":[{"@type":"Article","@id":"https:\/\/www.musikzeitung.ch\/politik\/2016\/11\/luzerner-gastpreis-fuer-bluegrass-veranstalter#article","isPartOf":{"@id":"https:\/\/www.musikzeitung.ch\/politik\/2016\/11\/luzerner-gastpreis-fuer-bluegrass-veranstalter"},"author":{"name":"Musikzeitung-Redaktion","@id":"https:\/\/www.musikzeitung.ch\/#\/schema\/person\/b2fd892c800856270b9dcc6001265712"},"headline":"Luzerner Gastpreis f\u00fcr Bluegrass-Veranstalter","datePublished":"2016-11-13T23:00:00+00:00","mainEntityOfPage":{"@id":"https:\/\/www.musikzeitung.ch\/politik\/2016\/11\/luzerner-gastpreis-fuer-bluegrass-veranstalter"},"wordCount":177,"commentCount":0,"publisher":{"@id":"https:\/\/www.musikzeitung.ch\/#organization"},"image":{"@id":"https:\/\/www.musikzeitung.ch\/politik\/2016\/11\/luzerner-gastpreis-fuer-bluegrass-veranstalter#primaryimage"},"thumbnailUrl":"https:\/\/www.musikzeitung.ch\/wp-content\/uploads\/2023\/01\/161114steffen.jpg","articleSection":["Kantone und Gemeinden","Politik"],"inLanguage":"it-IT"},{"@type":"WebPage","@id":"https:\/\/www.musikzeitung.ch\/politik\/2016\/11\/luzerner-gastpreis-fuer-bluegrass-veranstalter","url":"https:\/\/www.musikzeitung.ch\/politik\/2016\/11\/luzerner-gastpreis-fuer-bluegrass-veranstalter","name":"Luzerner Gastpreis f\u00fcr Bluegrass-Veranstalter - Schweizer Musikzeitung","isPartOf":{"@id":"https:\/\/www.musikzeitung.ch\/#website"},"primaryImageOfPage":{"@id":"https:\/\/www.musikzeitung.ch\/politik\/2016\/11\/luzerner-gastpreis-fuer-bluegrass-veranstalter#primaryimage"},"image":{"@id":"https:\/\/www.musikzeitung.ch\/politik\/2016\/11\/luzerner-gastpreis-fuer-bluegrass-veranstalter#primaryimage"},"thumbnailUrl":"https:\/\/www.musikzeitung.ch\/wp-content\/uploads\/2023\/01\/161114steffen.jpg","datePublished":"2016-11-13T23:00:00+00:00","breadcrumb":{"@id":"https:\/\/www.musikzeitung.ch\/politik\/2016\/11\/luzerner-gastpreis-fuer-bluegrass-veranstalter#breadcrumb"},"inLanguage":"it-IT","potentialAction":[{"@type":"ReadAction","target":["https:\/\/www.musikzeitung.ch\/politik\/2016\/11\/luzerner-gastpreis-fuer-bluegrass-veranstalter"]}]},{"@type":"ImageObject","inLanguage":"it-IT","@id":"https:\/\/www.musikzeitung.ch\/politik\/2016\/11\/luzerner-gastpreis-fuer-bluegrass-veranstalter#primaryimage","url":"https:\/\/www.musikzeitung.ch\/wp-content\/uploads\/2023\/01\/161114steffen.jpg","contentUrl":"https:\/\/www.musikzeitung.ch\/wp-content\/uploads\/2023\/01\/161114steffen.jpg","width":554,"height":429},{"@type":"BreadcrumbList","@id":"https:\/\/www.musikzeitung.ch\/politik\/2016\/11\/luzerner-gastpreis-fuer-bluegrass-veranstalter#breadcrumb","itemListElement":[{"@type":"ListItem","position":1,"name":"Home","item":"https:\/\/www.musikzeitung.ch\/"},{"@type":"ListItem","position":2,"name":"Luzerner Gastpreis f\u00fcr Bluegrass-Veranstalter"}]},{"@type":"WebSite","@id":"https:\/\/www.musikzeitung.ch\/#website","url":"https:\/\/www.musikzeitung.ch\/","name":"Giornale musicale svizzero","description":"Il principale mensile interdisciplinare della Svizzera per le questioni musicali.","publisher":{"@id":"https:\/\/www.musikzeitung.ch\/#organization"},"potentialAction":[{"@type":"SearchAction","target":{"@type":"EntryPoint","urlTemplate":"https:\/\/www.musikzeitung.ch\/?s={search_term_string}"},"query-input":{"@type":"PropertyValueSpecification","valueRequired":true,"valueName":"search_term_string"}}],"inLanguage":"it-IT"},{"@type":"Organization","@id":"https:\/\/www.musikzeitung.ch\/#organization","name":"Giornale musicale svizzero","url":"https:\/\/www.musikzeitung.ch\/","logo":{"@type":"ImageObject","inLanguage":"it-IT","@id":"https:\/\/www.musikzeitung.ch\/#\/schema\/logo\/image\/","url":"https:\/\/www.musikzeitung.ch\/wp-content\/uploads\/2023\/01\/SMZ_Schriftzug_Sprache.png","contentUrl":"https:\/\/www.musikzeitung.ch\/wp-content\/uploads\/2023\/01\/SMZ_Schriftzug_Sprache.png","width":1400,"height":279,"caption":"Schweizer Musikzeitung"},"image":{"@id":"https:\/\/www.musikzeitung.ch\/#\/schema\/logo\/image\/"},"sameAs":["https:\/\/www.facebook.com\/SchweizerMusikzeitung\/","https:\/\/x.com\/smusikzeitung","https:\/\/www.instagram.com\/musikzeitung.ch\/"]},{"@type":"Person","@id":"https:\/\/www.musikzeitung.ch\/#\/schema\/person\/b2fd892c800856270b9dcc6001265712","name":"Redazione Musikzeitung","image":{"@type":"ImageObject","inLanguage":"it-IT","@id":"https:\/\/www.musikzeitung.ch\/wp-content\/uploads\/2022\/05\/usericon_musikzeitung-96x96.jpg","url":"https:\/\/www.musikzeitung.ch\/wp-content\/uploads\/2022\/05\/usericon_musikzeitung-96x96.jpg","contentUrl":"https:\/\/www.musikzeitung.ch\/wp-content\/uploads\/2022\/05\/usericon_musikzeitung-96x96.jpg","caption":"Musikzeitung-Redaktion"},"url":"https:\/\/www.musikzeitung.ch\/it\/author\/admin"}]}},"publishpress_future_workflow_manual_trigger":{"enabledWorkflows":[]},"_links":{"self":[{"href":"https:\/\/www.musikzeitung.ch\/it\/wp-json\/wp\/v2\/posts\/5214","targetHints":{"allow":["GET"]}}],"collection":[{"href":"https:\/\/www.musikzeitung.ch\/it\/wp-json\/wp\/v2\/posts"}],"about":[{"href":"https:\/\/www.musikzeitung.ch\/it\/wp-json\/wp\/v2\/types\/post"}],"author":[{"embeddable":true,"href":"https:\/\/www.musikzeitung.ch\/it\/wp-json\/wp\/v2\/users\/1"}],"replies":[{"embeddable":true,"href":"https:\/\/www.musikzeitung.ch\/it\/wp-json\/wp\/v2\/comments?post=5214"}],"version-history":[{"count":0,"href":"https:\/\/www.musikzeitung.ch\/it\/wp-json\/wp\/v2\/posts\/5214\/revisions"}],"wp:featuredmedia":[{"embeddable":true,"href":"https:\/\/www.musikzeitung.ch\/it\/wp-json\/wp\/v2\/media\/5215"}],"wp:attachment":[{"href":"https:\/\/www.musikzeitung.ch\/it\/wp-json\/wp\/v2\/media?parent=5214"}],"wp:term":[{"taxonomy":"category","embeddable":true,"href":"https:\/\/www.musikzeitung.ch\/it\/wp-json\/wp\/v2\/categories?post=5214"},{"taxonomy":"post_tag","embeddable":true,"href":"https:\/\/www.musikzeitung.ch\/it\/wp-json\/wp\/v2\/tags?post=5214"}],"curies":[{"name":"wp","href":"https:\/\/api.w.org\/{rel}","templated":true}]}}