{"id":52476,"date":"2024-03-02T15:10:26","date_gmt":"2024-03-02T14:10:26","guid":{"rendered":"https:\/\/www.musikzeitung.ch\/?p=52476"},"modified":"2024-03-04T15:33:53","modified_gmt":"2024-03-04T14:33:53","slug":"schoellhorn","status":"publish","type":"post","link":"https:\/\/www.musikzeitung.ch\/it\/rezensionen\/buecher-rezensionen\/2024\/03\/schoellhorn","title":{"rendered":"La musica dell'appropriazione"},"content":{"rendered":"<figure id=\"attachment_52477\" aria-describedby=\"caption-attachment-52477\" style=\"width: 1939px\" class=\"wp-caption alignnone\"><img loading=\"lazy\" decoding=\"async\" class=\"wp-image-52477 size-full\" src=\"https:\/\/www.musikzeitung.ch\/wp-content\/uploads\/2024\/02\/Schoellhorn_340211408.jpg\" alt=\"\" width=\"1939\" height=\"1240\" srcset=\"https:\/\/www.musikzeitung.ch\/wp-content\/uploads\/2024\/02\/Schoellhorn_340211408.jpg 1400w, https:\/\/www.musikzeitung.ch\/wp-content\/uploads\/2024\/02\/Schoellhorn_340211408-300x192.jpg 300w, https:\/\/www.musikzeitung.ch\/wp-content\/uploads\/2024\/02\/Schoellhorn_340211408-1024x655.jpg 1024w, https:\/\/www.musikzeitung.ch\/wp-content\/uploads\/2024\/02\/Schoellhorn_340211408-768x491.jpg 768w, https:\/\/www.musikzeitung.ch\/wp-content\/uploads\/2024\/02\/Schoellhorn_340211408-1536x982.jpg 1536w, https:\/\/www.musikzeitung.ch\/wp-content\/uploads\/2024\/02\/Schoellhorn_340211408-274x175.jpg 274w, https:\/\/www.musikzeitung.ch\/wp-content\/uploads\/2024\/02\/Schoellhorn_340211408-547x350.jpg 547w, https:\/\/www.musikzeitung.ch\/wp-content\/uploads\/2024\/02\/Schoellhorn_340211408-1251x800.jpg 1251w, https:\/\/www.musikzeitung.ch\/wp-content\/uploads\/2024\/02\/Schoellhorn_340211408-920x588.jpg 920w\" sizes=\"auto, (max-width: 1939px) 100vw, 1939px\" \/><figcaption id=\"caption-attachment-52477\" class=\"wp-caption-text\">Immagine: PantherMediaSeller\/depositphotos.com<\/figcaption><\/figure>\n<p>Nella sua musica, il compositore tedesco Johannes Sch\u00f6llhorn (*1962) ha ripetutamente esplorato la musica di altri, trascrivendola e trasformandola, facendo musica sulla musica, come Bach e Ravel, Purcell e Satie e, meravigliosamente, Gabriel Faur\u00e9. Diversi di questi brani si trovano nel doppio CD <em>S\u00e9rigrafie<\/em> (bastille musique 20).<\/p>\n<p>Sch\u00f6llhorn stesso \u00e8 quindi un esperto di appropriazione e trasformazione. La dialettica di questo approccio \u00e8 anche l'oggetto del suo libro di 500 pagine, una raccolta di testi pi\u00f9 brevi, in parte sciolti ma internamente coerenti. La conquista del mondo \u00e8 al centro, cos\u00ec come la musica che l'accompagna, che \u00e8 sempre stata un'appropriazione, persino un furto - e un ordinamento: ecco perch\u00e9 mappa, orologio e spartito giocano il ruolo principale nel titolo.<\/p>\n<p>La nostra cultura europea ha fatto proprio il globo con l'aiuto di questi strumenti. Sch\u00f6llhorn segue queste tracce, fino alla stampa e attraverso i mari, nella pittura e nella tecnica compositiva, nel passato e nel futuro. E poich\u00e9 ha un orizzonte ampio, c'\u00e8 molto da imparare da lui. Il libro sembra scritto in fretta e si legge anche velocemente. Questa spontaneit\u00e0 \u00e8 rinfrescante, piena di brio, a volte l'autore \u00e8 preso dalla rabbia, a volte i pensieri corrono selvaggi e confusi, perch\u00e9 Sch\u00f6llhorn si avventura in territori sconosciuti con l'aiuto di una buona letteratura secondaria.<\/p>\n<p>L'intera opera non \u00e8 sistematica, non raggruppa le cose, ma espone dei fili che possono essere ricondotti a un punto centrale. Ci sono alcune lacune che si vorrebbero colmare, altre che si vorrebbero conoscere meglio, e spesso si hanno obiezioni durante la lettura, molte in realt\u00e0, ma dovrebbero andare bene. Perch\u00e9 il libro \u00e8 stimolante e, nonostante i dubbi e la disperazione, non ci lascia senza speranza, perch\u00e9 \"la musica pu\u00f2 sempre fare una cosa: confortarci\".<img loading=\"lazy\" decoding=\"async\" class=\"aligncenter wp-image-52483 size-medium\" src=\"https:\/\/www.musikzeitung.ch\/wp-content\/uploads\/2024\/03\/Meyer_Schoellhorn-214x300.jpg\" alt=\"\" width=\"214\" height=\"300\" srcset=\"https:\/\/www.musikzeitung.ch\/wp-content\/uploads\/2024\/03\/Meyer_Schoellhorn-214x300.jpg 214w, https:\/\/www.musikzeitung.ch\/wp-content\/uploads\/2024\/03\/Meyer_Schoellhorn-125x175.jpg 125w, https:\/\/www.musikzeitung.ch\/wp-content\/uploads\/2024\/03\/Meyer_Schoellhorn-249x350.jpg 249w, https:\/\/www.musikzeitung.ch\/wp-content\/uploads\/2024\/03\/Meyer_Schoellhorn-300x421.jpg 300w, https:\/\/www.musikzeitung.ch\/wp-content\/uploads\/2024\/03\/Meyer_Schoellhorn.jpg 546w\" sizes=\"auto, (max-width: 214px) 100vw, 214px\" \/><\/p>\n<p><em>Johannes Sch\u00f6llhorn: Mappa, orologio e partitura. Variationen und Volten \u00fcber Eroberung und ihre Begleitmusik, a cura di Rainer Nonnenmann, 512 p., \u20ac 24,00, MusikTexte, Colonia 2022, ISBN 978-3-982467-0-2<\/em><\/p>","protected":false},"excerpt":{"rendered":"<p>Con la mappa, l'orologio e la partitura al centro delle sue riflessioni, Johannes Sch\u00f6llhorn scrive della conquista e della musica che l'accompagna.  <\/p>","protected":false},"author":29,"featured_media":52477,"comment_status":"closed","ping_status":"closed","sticky":false,"template":"","format":"standard","meta":{"_acf_changed":false,"_relevanssi_hide_post":"","_relevanssi_hide_content":"","_relevanssi_pin_for_all":"","_relevanssi_pin_keywords":"","_relevanssi_unpin_keywords":"","_relevanssi_related_keywords":"","_relevanssi_related_include_ids":"","_relevanssi_related_exclude_ids":"","_relevanssi_related_no_append":"","_relevanssi_related_not_related":"","_relevanssi_related_posts":"","_relevanssi_noindex_reason":"","pgc_sgb_lightbox_settings":"","footnotes":""},"categories":[1214,29],"tags":[3725,3724],"class_list":["post-52476","post","type-post","status-publish","format-standard","has-post-thumbnail","hentry","category-buecher-rezensionen","category-rezensionen","tag-eroberung","tag-johannes-schoellhorn"],"acf":[],"yoast_head":"<!-- This site is optimized with the Yoast SEO plugin v27.4 - https:\/\/yoast.com\/product\/yoast-seo-wordpress\/ -->\n<title>Die Musik der Aneignung - Schweizer Musikzeitung<\/title>\n<meta name=\"description\" content=\"Mit Karte, Uhr und Partitur im Zentrum seiner Betrachtungen schreibt Johannes Sch\u00f6llhorn \u00fcber Eroberung und die dazugeh\u00f6rige Musik.\" \/>\n<meta name=\"robots\" content=\"index, follow, max-snippet:-1, max-image-preview:large, max-video-preview:-1\" \/>\n<link rel=\"canonical\" href=\"https:\/\/www.musikzeitung.ch\/it\/rezensionen\/buecher-rezensionen\/2024\/03\/schoellhorn\/\" \/>\n<meta property=\"og:locale\" content=\"it_IT\" \/>\n<meta property=\"og:type\" content=\"article\" \/>\n<meta property=\"og:title\" content=\"Die Musik der Aneignung - Schweizer Musikzeitung\" \/>\n<meta property=\"og:description\" content=\"Mit Karte, Uhr und Partitur im Zentrum seiner Betrachtungen schreibt Johannes Sch\u00f6llhorn \u00fcber Eroberung und die dazugeh\u00f6rige Musik.\" \/>\n<meta property=\"og:url\" content=\"https:\/\/www.musikzeitung.ch\/it\/rezensionen\/buecher-rezensionen\/2024\/03\/schoellhorn\/\" \/>\n<meta property=\"og:site_name\" content=\"Schweizer Musikzeitung\" \/>\n<meta property=\"article:publisher\" content=\"https:\/\/www.facebook.com\/SchweizerMusikzeitung\/\" \/>\n<meta property=\"article:published_time\" content=\"2024-03-02T14:10:26+00:00\" \/>\n<meta property=\"article:modified_time\" content=\"2024-03-04T14:33:53+00:00\" \/>\n<meta property=\"og:image\" content=\"https:\/\/www.musikzeitung.ch\/wp-content\/uploads\/2024\/02\/Schoellhorn_340211408.jpg\" \/>\n\t<meta property=\"og:image:width\" content=\"1400\" \/>\n\t<meta property=\"og:image:height\" content=\"895\" \/>\n\t<meta property=\"og:image:type\" content=\"image\/jpeg\" \/>\n<meta name=\"author\" content=\"pia.schwab\" \/>\n<meta name=\"twitter:card\" content=\"summary_large_image\" \/>\n<meta name=\"twitter:creator\" content=\"@smusikzeitung\" \/>\n<meta name=\"twitter:site\" content=\"@smusikzeitung\" \/>\n<meta name=\"twitter:label1\" content=\"Scritto da\" \/>\n\t<meta name=\"twitter:data1\" content=\"pia.schwab\" \/>\n\t<meta name=\"twitter:label2\" content=\"Tempo di lettura stimato\" \/>\n\t<meta name=\"twitter:data2\" content=\"3 minuti\" \/>\n<script type=\"application\/ld+json\" class=\"yoast-schema-graph\">{\"@context\":\"https:\\\/\\\/schema.org\",\"@graph\":[{\"@type\":\"Article\",\"@id\":\"https:\\\/\\\/www.musikzeitung.ch\\\/rezensionen\\\/buecher-rezensionen\\\/2024\\\/03\\\/schoellhorn#article\",\"isPartOf\":{\"@id\":\"https:\\\/\\\/www.musikzeitung.ch\\\/rezensionen\\\/buecher-rezensionen\\\/2024\\\/03\\\/schoellhorn\"},\"author\":{\"name\":\"pia.schwab\",\"@id\":\"https:\\\/\\\/www.musikzeitung.ch\\\/#\\\/schema\\\/person\\\/ea3d7b86bd7157c78c7ddd37f2f82b5b\"},\"headline\":\"Die Musik der Aneignung\",\"datePublished\":\"2024-03-02T14:10:26+00:00\",\"dateModified\":\"2024-03-04T14:33:53+00:00\",\"mainEntityOfPage\":{\"@id\":\"https:\\\/\\\/www.musikzeitung.ch\\\/rezensionen\\\/buecher-rezensionen\\\/2024\\\/03\\\/schoellhorn\"},\"wordCount\":338,\"publisher\":{\"@id\":\"https:\\\/\\\/www.musikzeitung.ch\\\/#organization\"},\"image\":{\"@id\":\"https:\\\/\\\/www.musikzeitung.ch\\\/rezensionen\\\/buecher-rezensionen\\\/2024\\\/03\\\/schoellhorn#primaryimage\"},\"thumbnailUrl\":\"https:\\\/\\\/www.musikzeitung.ch\\\/wp-content\\\/uploads\\\/2024\\\/02\\\/Schoellhorn_340211408.jpg\",\"keywords\":[\"Eroberung\",\"Johannes Sch\u00f6llhorn\"],\"articleSection\":[\"B\u00fccher\",\"Rezensionen\"],\"inLanguage\":\"it-IT\"},{\"@type\":\"WebPage\",\"@id\":\"https:\\\/\\\/www.musikzeitung.ch\\\/rezensionen\\\/buecher-rezensionen\\\/2024\\\/03\\\/schoellhorn\",\"url\":\"https:\\\/\\\/www.musikzeitung.ch\\\/rezensionen\\\/buecher-rezensionen\\\/2024\\\/03\\\/schoellhorn\",\"name\":\"Die Musik der Aneignung - Schweizer Musikzeitung\",\"isPartOf\":{\"@id\":\"https:\\\/\\\/www.musikzeitung.ch\\\/#website\"},\"primaryImageOfPage\":{\"@id\":\"https:\\\/\\\/www.musikzeitung.ch\\\/rezensionen\\\/buecher-rezensionen\\\/2024\\\/03\\\/schoellhorn#primaryimage\"},\"image\":{\"@id\":\"https:\\\/\\\/www.musikzeitung.ch\\\/rezensionen\\\/buecher-rezensionen\\\/2024\\\/03\\\/schoellhorn#primaryimage\"},\"thumbnailUrl\":\"https:\\\/\\\/www.musikzeitung.ch\\\/wp-content\\\/uploads\\\/2024\\\/02\\\/Schoellhorn_340211408.jpg\",\"datePublished\":\"2024-03-02T14:10:26+00:00\",\"dateModified\":\"2024-03-04T14:33:53+00:00\",\"description\":\"Mit Karte, Uhr und Partitur im Zentrum seiner Betrachtungen schreibt Johannes Sch\u00f6llhorn \u00fcber Eroberung und die dazugeh\u00f6rige Musik.\",\"breadcrumb\":{\"@id\":\"https:\\\/\\\/www.musikzeitung.ch\\\/rezensionen\\\/buecher-rezensionen\\\/2024\\\/03\\\/schoellhorn#breadcrumb\"},\"inLanguage\":\"it-IT\",\"potentialAction\":[{\"@type\":\"ReadAction\",\"target\":[\"https:\\\/\\\/www.musikzeitung.ch\\\/rezensionen\\\/buecher-rezensionen\\\/2024\\\/03\\\/schoellhorn\"]}]},{\"@type\":\"ImageObject\",\"inLanguage\":\"it-IT\",\"@id\":\"https:\\\/\\\/www.musikzeitung.ch\\\/rezensionen\\\/buecher-rezensionen\\\/2024\\\/03\\\/schoellhorn#primaryimage\",\"url\":\"https:\\\/\\\/www.musikzeitung.ch\\\/wp-content\\\/uploads\\\/2024\\\/02\\\/Schoellhorn_340211408.jpg\",\"contentUrl\":\"https:\\\/\\\/www.musikzeitung.ch\\\/wp-content\\\/uploads\\\/2024\\\/02\\\/Schoellhorn_340211408.jpg\",\"width\":1400,\"height\":895},{\"@type\":\"BreadcrumbList\",\"@id\":\"https:\\\/\\\/www.musikzeitung.ch\\\/rezensionen\\\/buecher-rezensionen\\\/2024\\\/03\\\/schoellhorn#breadcrumb\",\"itemListElement\":[{\"@type\":\"ListItem\",\"position\":1,\"name\":\"Home\",\"item\":\"https:\\\/\\\/www.musikzeitung.ch\\\/\"},{\"@type\":\"ListItem\",\"position\":2,\"name\":\"Die Musik der Aneignung\"}]},{\"@type\":\"WebSite\",\"@id\":\"https:\\\/\\\/www.musikzeitung.ch\\\/#website\",\"url\":\"https:\\\/\\\/www.musikzeitung.ch\\\/\",\"name\":\"Schweizer Musikzeitung\",\"description\":\"Die f\u00fchrende sparten\u00fcbergreifende Monatszeitung in der Schweiz f\u00fcr musikalische Fragen.\",\"publisher\":{\"@id\":\"https:\\\/\\\/www.musikzeitung.ch\\\/#organization\"},\"potentialAction\":[{\"@type\":\"SearchAction\",\"target\":{\"@type\":\"EntryPoint\",\"urlTemplate\":\"https:\\\/\\\/www.musikzeitung.ch\\\/?s={search_term_string}\"},\"query-input\":{\"@type\":\"PropertyValueSpecification\",\"valueRequired\":true,\"valueName\":\"search_term_string\"}}],\"inLanguage\":\"it-IT\"},{\"@type\":\"Organization\",\"@id\":\"https:\\\/\\\/www.musikzeitung.ch\\\/#organization\",\"name\":\"Schweizer Musikzeitung\",\"url\":\"https:\\\/\\\/www.musikzeitung.ch\\\/\",\"logo\":{\"@type\":\"ImageObject\",\"inLanguage\":\"it-IT\",\"@id\":\"https:\\\/\\\/www.musikzeitung.ch\\\/#\\\/schema\\\/logo\\\/image\\\/\",\"url\":\"https:\\\/\\\/www.musikzeitung.ch\\\/wp-content\\\/uploads\\\/2023\\\/01\\\/SMZ_Schriftzug_Sprache.png\",\"contentUrl\":\"https:\\\/\\\/www.musikzeitung.ch\\\/wp-content\\\/uploads\\\/2023\\\/01\\\/SMZ_Schriftzug_Sprache.png\",\"width\":1400,\"height\":279,\"caption\":\"Schweizer Musikzeitung\"},\"image\":{\"@id\":\"https:\\\/\\\/www.musikzeitung.ch\\\/#\\\/schema\\\/logo\\\/image\\\/\"},\"sameAs\":[\"https:\\\/\\\/www.facebook.com\\\/SchweizerMusikzeitung\\\/\",\"https:\\\/\\\/x.com\\\/smusikzeitung\",\"https:\\\/\\\/www.instagram.com\\\/musikzeitung.ch\\\/\"]},{\"@type\":\"Person\",\"@id\":\"https:\\\/\\\/www.musikzeitung.ch\\\/#\\\/schema\\\/person\\\/ea3d7b86bd7157c78c7ddd37f2f82b5b\",\"name\":\"pia.schwab\",\"image\":{\"@type\":\"ImageObject\",\"inLanguage\":\"it-IT\",\"@id\":\"https:\\\/\\\/secure.gravatar.com\\\/avatar\\\/d39d170de4c2d07e897fbc26cf9d890fc046285c742207b86d8ebabe5fcde2c4?s=96&d=mm&r=g\",\"url\":\"https:\\\/\\\/secure.gravatar.com\\\/avatar\\\/d39d170de4c2d07e897fbc26cf9d890fc046285c742207b86d8ebabe5fcde2c4?s=96&d=mm&r=g\",\"contentUrl\":\"https:\\\/\\\/secure.gravatar.com\\\/avatar\\\/d39d170de4c2d07e897fbc26cf9d890fc046285c742207b86d8ebabe5fcde2c4?s=96&d=mm&r=g\",\"caption\":\"pia.schwab\"},\"url\":\"https:\\\/\\\/www.musikzeitung.ch\\\/it\\\/author\\\/pia-schwab\"}]}<\/script>\n<!-- \/ Yoast SEO plugin. -->","yoast_head_json":{"title":"La musica dell'appropriazione - Schweizer Musikzeitung","description":"Con la mappa, l'orologio e la partitura al centro delle sue riflessioni, Johannes Sch\u00f6llhorn scrive della conquista e della musica che l'accompagna.","robots":{"index":"index","follow":"follow","max-snippet":"max-snippet:-1","max-image-preview":"max-image-preview:large","max-video-preview":"max-video-preview:-1"},"canonical":"https:\/\/www.musikzeitung.ch\/it\/rezensionen\/buecher-rezensionen\/2024\/03\/schoellhorn\/","og_locale":"it_IT","og_type":"article","og_title":"Die Musik der Aneignung - Schweizer Musikzeitung","og_description":"Mit Karte, Uhr und Partitur im Zentrum seiner Betrachtungen schreibt Johannes Sch\u00f6llhorn \u00fcber Eroberung und die dazugeh\u00f6rige Musik.","og_url":"https:\/\/www.musikzeitung.ch\/it\/rezensionen\/buecher-rezensionen\/2024\/03\/schoellhorn\/","og_site_name":"Schweizer Musikzeitung","article_publisher":"https:\/\/www.facebook.com\/SchweizerMusikzeitung\/","article_published_time":"2024-03-02T14:10:26+00:00","article_modified_time":"2024-03-04T14:33:53+00:00","og_image":[{"width":1400,"height":895,"url":"https:\/\/www.musikzeitung.ch\/wp-content\/uploads\/2024\/02\/Schoellhorn_340211408.jpg","type":"image\/jpeg"}],"author":"pia.schwab","twitter_card":"summary_large_image","twitter_creator":"@smusikzeitung","twitter_site":"@smusikzeitung","twitter_misc":{"Scritto da":"pia.schwab","Tempo di lettura stimato":"3 minuti"},"schema":{"@context":"https:\/\/schema.org","@graph":[{"@type":"Article","@id":"https:\/\/www.musikzeitung.ch\/rezensionen\/buecher-rezensionen\/2024\/03\/schoellhorn#article","isPartOf":{"@id":"https:\/\/www.musikzeitung.ch\/rezensionen\/buecher-rezensionen\/2024\/03\/schoellhorn"},"author":{"name":"pia.schwab","@id":"https:\/\/www.musikzeitung.ch\/#\/schema\/person\/ea3d7b86bd7157c78c7ddd37f2f82b5b"},"headline":"Die Musik der Aneignung","datePublished":"2024-03-02T14:10:26+00:00","dateModified":"2024-03-04T14:33:53+00:00","mainEntityOfPage":{"@id":"https:\/\/www.musikzeitung.ch\/rezensionen\/buecher-rezensionen\/2024\/03\/schoellhorn"},"wordCount":338,"publisher":{"@id":"https:\/\/www.musikzeitung.ch\/#organization"},"image":{"@id":"https:\/\/www.musikzeitung.ch\/rezensionen\/buecher-rezensionen\/2024\/03\/schoellhorn#primaryimage"},"thumbnailUrl":"https:\/\/www.musikzeitung.ch\/wp-content\/uploads\/2024\/02\/Schoellhorn_340211408.jpg","keywords":["Eroberung","Johannes Sch\u00f6llhorn"],"articleSection":["B\u00fccher","Rezensionen"],"inLanguage":"it-IT"},{"@type":"WebPage","@id":"https:\/\/www.musikzeitung.ch\/rezensionen\/buecher-rezensionen\/2024\/03\/schoellhorn","url":"https:\/\/www.musikzeitung.ch\/rezensionen\/buecher-rezensionen\/2024\/03\/schoellhorn","name":"La musica dell'appropriazione - Schweizer Musikzeitung","isPartOf":{"@id":"https:\/\/www.musikzeitung.ch\/#website"},"primaryImageOfPage":{"@id":"https:\/\/www.musikzeitung.ch\/rezensionen\/buecher-rezensionen\/2024\/03\/schoellhorn#primaryimage"},"image":{"@id":"https:\/\/www.musikzeitung.ch\/rezensionen\/buecher-rezensionen\/2024\/03\/schoellhorn#primaryimage"},"thumbnailUrl":"https:\/\/www.musikzeitung.ch\/wp-content\/uploads\/2024\/02\/Schoellhorn_340211408.jpg","datePublished":"2024-03-02T14:10:26+00:00","dateModified":"2024-03-04T14:33:53+00:00","description":"Con la mappa, l'orologio e la partitura al centro delle sue riflessioni, Johannes Sch\u00f6llhorn scrive della conquista e della musica che l'accompagna.","breadcrumb":{"@id":"https:\/\/www.musikzeitung.ch\/rezensionen\/buecher-rezensionen\/2024\/03\/schoellhorn#breadcrumb"},"inLanguage":"it-IT","potentialAction":[{"@type":"ReadAction","target":["https:\/\/www.musikzeitung.ch\/rezensionen\/buecher-rezensionen\/2024\/03\/schoellhorn"]}]},{"@type":"ImageObject","inLanguage":"it-IT","@id":"https:\/\/www.musikzeitung.ch\/rezensionen\/buecher-rezensionen\/2024\/03\/schoellhorn#primaryimage","url":"https:\/\/www.musikzeitung.ch\/wp-content\/uploads\/2024\/02\/Schoellhorn_340211408.jpg","contentUrl":"https:\/\/www.musikzeitung.ch\/wp-content\/uploads\/2024\/02\/Schoellhorn_340211408.jpg","width":1400,"height":895},{"@type":"BreadcrumbList","@id":"https:\/\/www.musikzeitung.ch\/rezensionen\/buecher-rezensionen\/2024\/03\/schoellhorn#breadcrumb","itemListElement":[{"@type":"ListItem","position":1,"name":"Home","item":"https:\/\/www.musikzeitung.ch\/"},{"@type":"ListItem","position":2,"name":"Die Musik der Aneignung"}]},{"@type":"WebSite","@id":"https:\/\/www.musikzeitung.ch\/#website","url":"https:\/\/www.musikzeitung.ch\/","name":"Giornale musicale svizzero","description":"Il principale mensile interdisciplinare della Svizzera per le questioni musicali.","publisher":{"@id":"https:\/\/www.musikzeitung.ch\/#organization"},"potentialAction":[{"@type":"SearchAction","target":{"@type":"EntryPoint","urlTemplate":"https:\/\/www.musikzeitung.ch\/?s={search_term_string}"},"query-input":{"@type":"PropertyValueSpecification","valueRequired":true,"valueName":"search_term_string"}}],"inLanguage":"it-IT"},{"@type":"Organization","@id":"https:\/\/www.musikzeitung.ch\/#organization","name":"Giornale musicale svizzero","url":"https:\/\/www.musikzeitung.ch\/","logo":{"@type":"ImageObject","inLanguage":"it-IT","@id":"https:\/\/www.musikzeitung.ch\/#\/schema\/logo\/image\/","url":"https:\/\/www.musikzeitung.ch\/wp-content\/uploads\/2023\/01\/SMZ_Schriftzug_Sprache.png","contentUrl":"https:\/\/www.musikzeitung.ch\/wp-content\/uploads\/2023\/01\/SMZ_Schriftzug_Sprache.png","width":1400,"height":279,"caption":"Schweizer Musikzeitung"},"image":{"@id":"https:\/\/www.musikzeitung.ch\/#\/schema\/logo\/image\/"},"sameAs":["https:\/\/www.facebook.com\/SchweizerMusikzeitung\/","https:\/\/x.com\/smusikzeitung","https:\/\/www.instagram.com\/musikzeitung.ch\/"]},{"@type":"Person","@id":"https:\/\/www.musikzeitung.ch\/#\/schema\/person\/ea3d7b86bd7157c78c7ddd37f2f82b5b","name":"pia.schwab","image":{"@type":"ImageObject","inLanguage":"it-IT","@id":"https:\/\/secure.gravatar.com\/avatar\/d39d170de4c2d07e897fbc26cf9d890fc046285c742207b86d8ebabe5fcde2c4?s=96&d=mm&r=g","url":"https:\/\/secure.gravatar.com\/avatar\/d39d170de4c2d07e897fbc26cf9d890fc046285c742207b86d8ebabe5fcde2c4?s=96&d=mm&r=g","contentUrl":"https:\/\/secure.gravatar.com\/avatar\/d39d170de4c2d07e897fbc26cf9d890fc046285c742207b86d8ebabe5fcde2c4?s=96&d=mm&r=g","caption":"pia.schwab"},"url":"https:\/\/www.musikzeitung.ch\/it\/author\/pia-schwab"}]}},"publishpress_future_workflow_manual_trigger":{"enabledWorkflows":[]},"_links":{"self":[{"href":"https:\/\/www.musikzeitung.ch\/it\/wp-json\/wp\/v2\/posts\/52476","targetHints":{"allow":["GET"]}}],"collection":[{"href":"https:\/\/www.musikzeitung.ch\/it\/wp-json\/wp\/v2\/posts"}],"about":[{"href":"https:\/\/www.musikzeitung.ch\/it\/wp-json\/wp\/v2\/types\/post"}],"author":[{"embeddable":true,"href":"https:\/\/www.musikzeitung.ch\/it\/wp-json\/wp\/v2\/users\/29"}],"replies":[{"embeddable":true,"href":"https:\/\/www.musikzeitung.ch\/it\/wp-json\/wp\/v2\/comments?post=52476"}],"version-history":[{"count":2,"href":"https:\/\/www.musikzeitung.ch\/it\/wp-json\/wp\/v2\/posts\/52476\/revisions"}],"predecessor-version":[{"id":52484,"href":"https:\/\/www.musikzeitung.ch\/it\/wp-json\/wp\/v2\/posts\/52476\/revisions\/52484"}],"wp:featuredmedia":[{"embeddable":true,"href":"https:\/\/www.musikzeitung.ch\/it\/wp-json\/wp\/v2\/media\/52477"}],"wp:attachment":[{"href":"https:\/\/www.musikzeitung.ch\/it\/wp-json\/wp\/v2\/media?parent=52476"}],"wp:term":[{"taxonomy":"category","embeddable":true,"href":"https:\/\/www.musikzeitung.ch\/it\/wp-json\/wp\/v2\/categories?post=52476"},{"taxonomy":"post_tag","embeddable":true,"href":"https:\/\/www.musikzeitung.ch\/it\/wp-json\/wp\/v2\/tags?post=52476"}],"curies":[{"name":"wp","href":"https:\/\/api.w.org\/{rel}","templated":true}]}}