{"id":52485,"date":"2024-03-04T15:22:31","date_gmt":"2024-03-04T14:22:31","guid":{"rendered":"https:\/\/www.musikzeitung.ch\/?p=52485"},"modified":"2024-03-04T15:37:40","modified_gmt":"2024-03-04T14:37:40","slug":"e-bass-spielen-mit-dem-plektrum","status":"publish","type":"post","link":"https:\/\/www.musikzeitung.ch\/it\/rezensionen\/noten-rezensionen\/2024\/03\/e-bass-spielen-mit-dem-plektrum","title":{"rendered":"Suonare il basso elettrico con il plettro"},"content":{"rendered":"<figure id=\"attachment_52493\" aria-describedby=\"caption-attachment-52493\" style=\"width: 2000px\" class=\"wp-caption alignnone\"><img loading=\"lazy\" decoding=\"async\" class=\"wp-image-52493 size-full\" src=\"https:\/\/www.musikzeitung.ch\/wp-content\/uploads\/2024\/02\/Plektrum_467469246_L.jpg\" alt=\"\" width=\"2000\" height=\"1125\" srcset=\"https:\/\/www.musikzeitung.ch\/wp-content\/uploads\/2024\/02\/Plektrum_467469246_L.jpg 1400w, https:\/\/www.musikzeitung.ch\/wp-content\/uploads\/2024\/02\/Plektrum_467469246_L-300x169.jpg 300w, https:\/\/www.musikzeitung.ch\/wp-content\/uploads\/2024\/02\/Plektrum_467469246_L-1024x576.jpg 1024w, https:\/\/www.musikzeitung.ch\/wp-content\/uploads\/2024\/02\/Plektrum_467469246_L-768x432.jpg 768w, https:\/\/www.musikzeitung.ch\/wp-content\/uploads\/2024\/02\/Plektrum_467469246_L-1536x864.jpg 1536w, https:\/\/www.musikzeitung.ch\/wp-content\/uploads\/2024\/02\/Plektrum_467469246_L-311x175.jpg 311w, https:\/\/www.musikzeitung.ch\/wp-content\/uploads\/2024\/02\/Plektrum_467469246_L-622x350.jpg 622w, https:\/\/www.musikzeitung.ch\/wp-content\/uploads\/2024\/02\/Plektrum_467469246_L-1422x800.jpg 1422w, https:\/\/www.musikzeitung.ch\/wp-content\/uploads\/2024\/02\/Plektrum_467469246_L-920x518.jpg 920w\" sizes=\"auto, (max-width: 2000px) 100vw, 2000px\" \/><figcaption id=\"caption-attachment-52493\" class=\"wp-caption-text\">Foto: wachiwit\/depositphotos.com<\/figcaption><\/figure>\n<p>Sul treno a due piani c'\u00e8 chi siede sempre in alto e chi in basso. Ci sono bambini Migros e bambini Coop. Anche il lupo ha amici e nemici. Dividiamo molti aspetti della nostra vita in \"o\" o \"o\". Eppure un po' pi\u00f9 di diversit\u00e0 ci farebbe un gran bene. Non solo come societ\u00e0, ma anche quando si suona il basso elettrico. Sono le piccole cose che ce lo fanno capire. In questo caso, la piccola cosa ha una dimensione di circa 3 x 3 centimetri e si chiama plettro.<\/p>\n<p>La maggior parte dei bassisti suona esclusivamente con le dita o con un plettro. L'altra tecnica viene semplicemente ignorata, se non addirittura svalutata. Per me, questa impronta ha portato a un vero e proprio risveglio quando ho trascorso un po' di tempo con il plettro. Non \u00e8 solo un mondo diverso, \u00e8 un'aggiunta meravigliosa al mio modo di suonare. Ma come funziona esattamente? Come posso praticarlo correttamente e chi pu\u00f2 darmi qualche consiglio su come iniziare?<\/p>\n<p>Come sempre, potete provare voi stessi. A un certo punto prenderete confidenza con il fuoco e allora non sar\u00e0 pi\u00f9 cos\u00ec difficile con il plettro. Ma con il libro <em>Basso a plettro<\/em> di Christoph Herder, il successo arriva un po' pi\u00f9 velocemente. E non lo rende complicato. Fa luce sul mondo del plettro con un approccio serio, d\u00e0 consigli, organizza gli aspetti tecnici e fornisce materiale per la pratica. Gli esercizi, fondamentalmente semplici, si basano l'uno sull'altro e aiutano sia i principianti sia coloro che hanno appena iniziato. La pratica sar\u00e0 ricompensata da affascinanti (nuovi) paesaggi sonori e da un solido know-how tecnico.<\/p>\n<p>L'unico svantaggio: i sussidi didattici per il basso a plettro sono ancora affascinanti prodotti di nicchia. \u00c8 il caso anche di questo, che risale al 2020 e viene fornito con file MP3 su CD. Ma se riuscite ancora a trovare un lettore di dischi da qualche parte, potete anche utilizzare i nitidi solchi per il play-along.<img loading=\"lazy\" decoding=\"async\" class=\"aligncenter wp-image-52496 size-medium\" src=\"https:\/\/www.musikzeitung.ch\/wp-content\/uploads\/2024\/02\/03_crit_note_Jenny-213x300.jpg\" alt=\"\" width=\"213\" height=\"300\" srcset=\"https:\/\/www.musikzeitung.ch\/wp-content\/uploads\/2024\/02\/03_crit_note_Jenny-213x300.jpg 213w, https:\/\/www.musikzeitung.ch\/wp-content\/uploads\/2024\/02\/03_crit_note_Jenny-124x175.jpg 124w, https:\/\/www.musikzeitung.ch\/wp-content\/uploads\/2024\/02\/03_crit_note_Jenny-248x350.jpg 248w, https:\/\/www.musikzeitung.ch\/wp-content\/uploads\/2024\/02\/03_crit_note_Jenny-568x800.jpg 568w, https:\/\/www.musikzeitung.ch\/wp-content\/uploads\/2024\/02\/03_crit_note_Jenny-300x423.jpg 300w, https:\/\/www.musikzeitung.ch\/wp-content\/uploads\/2024\/02\/03_crit_note_Jenny.jpg 591w\" sizes=\"auto, (max-width: 213px) 100vw, 213px\" \/><\/p>\n<p><em>Christoph Herder: Basso a plettro per quattro e cinque corde, Tutto ci\u00f2 che serve per il <\/em><em>Tecnica del plettro<\/em><em> deve sapere!, con CD e <\/em><em>Plettro<\/em><em>, 128 p., n. d'ordine 20287G, \u20ac 23,95, Alfred Music, Colonia <\/em><\/p>","protected":false},"excerpt":{"rendered":"<p>Il sussidio didattico di Christoph Herder offre istruzioni chiare e apre nuovi mondi sonori. <\/p>","protected":false},"author":29,"featured_media":52493,"comment_status":"closed","ping_status":"closed","sticky":false,"template":"","format":"standard","meta":{"_acf_changed":false,"_relevanssi_hide_post":"","_relevanssi_hide_content":"","_relevanssi_pin_for_all":"","_relevanssi_pin_keywords":"","_relevanssi_unpin_keywords":"","_relevanssi_related_keywords":"","_relevanssi_related_include_ids":"","_relevanssi_related_exclude_ids":"","_relevanssi_related_no_append":"","_relevanssi_related_not_related":"","_relevanssi_related_posts":"","_relevanssi_noindex_reason":"","pgc_sgb_lightbox_settings":"","footnotes":""},"categories":[1316,29],"tags":[3728,3727,3726],"class_list":["post-52485","post","type-post","status-publish","format-standard","has-post-thumbnail","hentry","category-noten-rezensionen","category-rezensionen","tag-christoph-herder","tag-e-bass","tag-plektrum"],"acf":[],"yoast_head":"<!-- This site is optimized with the Yoast SEO plugin v27.4 - https:\/\/yoast.com\/product\/yoast-seo-wordpress\/ -->\n<title>E-Bass spielen mit dem Plektrum - Schweizer Musikzeitung<\/title>\n<meta name=\"description\" content=\"Das Lehrmittel von Christoph Herder bietet klare Anleitungen und er\u00f6ffnet neue Klangwelten.\" \/>\n<meta name=\"robots\" content=\"index, follow, max-snippet:-1, max-image-preview:large, max-video-preview:-1\" \/>\n<link rel=\"canonical\" href=\"https:\/\/www.musikzeitung.ch\/it\/rezensionen\/noten-rezensionen\/2024\/03\/e-bass-spielen-mit-dem-plektrum\/\" \/>\n<meta property=\"og:locale\" content=\"it_IT\" \/>\n<meta property=\"og:type\" content=\"article\" \/>\n<meta property=\"og:title\" content=\"E-Bass spielen mit dem Plektrum - Schweizer Musikzeitung\" \/>\n<meta property=\"og:description\" content=\"Das Lehrmittel von Christoph Herder bietet klare Anleitungen und er\u00f6ffnet neue Klangwelten.\" \/>\n<meta property=\"og:url\" content=\"https:\/\/www.musikzeitung.ch\/it\/rezensionen\/noten-rezensionen\/2024\/03\/e-bass-spielen-mit-dem-plektrum\/\" \/>\n<meta property=\"og:site_name\" content=\"Schweizer Musikzeitung\" \/>\n<meta property=\"article:publisher\" content=\"https:\/\/www.facebook.com\/SchweizerMusikzeitung\/\" \/>\n<meta property=\"article:published_time\" content=\"2024-03-04T14:22:31+00:00\" \/>\n<meta property=\"article:modified_time\" content=\"2024-03-04T14:37:40+00:00\" \/>\n<meta property=\"og:image\" content=\"https:\/\/www.musikzeitung.ch\/wp-content\/uploads\/2024\/02\/Plektrum_467469246_L.jpg\" \/>\n\t<meta property=\"og:image:width\" content=\"1400\" \/>\n\t<meta property=\"og:image:height\" content=\"788\" \/>\n\t<meta property=\"og:image:type\" content=\"image\/jpeg\" \/>\n<meta name=\"author\" content=\"pia.schwab\" \/>\n<meta name=\"twitter:card\" content=\"summary_large_image\" \/>\n<meta name=\"twitter:creator\" content=\"@smusikzeitung\" \/>\n<meta name=\"twitter:site\" content=\"@smusikzeitung\" \/>\n<meta name=\"twitter:label1\" content=\"Scritto da\" \/>\n\t<meta name=\"twitter:data1\" content=\"pia.schwab\" \/>\n\t<meta name=\"twitter:label2\" content=\"Tempo di lettura stimato\" \/>\n\t<meta name=\"twitter:data2\" content=\"3 minuti\" \/>\n<script type=\"application\/ld+json\" class=\"yoast-schema-graph\">{\"@context\":\"https:\\\/\\\/schema.org\",\"@graph\":[{\"@type\":\"Article\",\"@id\":\"https:\\\/\\\/www.musikzeitung.ch\\\/rezensionen\\\/noten-rezensionen\\\/2024\\\/03\\\/e-bass-spielen-mit-dem-plektrum#article\",\"isPartOf\":{\"@id\":\"https:\\\/\\\/www.musikzeitung.ch\\\/rezensionen\\\/noten-rezensionen\\\/2024\\\/03\\\/e-bass-spielen-mit-dem-plektrum\"},\"author\":{\"name\":\"pia.schwab\",\"@id\":\"https:\\\/\\\/www.musikzeitung.ch\\\/#\\\/schema\\\/person\\\/ea3d7b86bd7157c78c7ddd37f2f82b5b\"},\"headline\":\"E-Bass spielen mit dem Plektrum\",\"datePublished\":\"2024-03-04T14:22:31+00:00\",\"dateModified\":\"2024-03-04T14:37:40+00:00\",\"mainEntityOfPage\":{\"@id\":\"https:\\\/\\\/www.musikzeitung.ch\\\/rezensionen\\\/noten-rezensionen\\\/2024\\\/03\\\/e-bass-spielen-mit-dem-plektrum\"},\"wordCount\":343,\"publisher\":{\"@id\":\"https:\\\/\\\/www.musikzeitung.ch\\\/#organization\"},\"image\":{\"@id\":\"https:\\\/\\\/www.musikzeitung.ch\\\/rezensionen\\\/noten-rezensionen\\\/2024\\\/03\\\/e-bass-spielen-mit-dem-plektrum#primaryimage\"},\"thumbnailUrl\":\"https:\\\/\\\/www.musikzeitung.ch\\\/wp-content\\\/uploads\\\/2024\\\/02\\\/Plektrum_467469246_L.jpg\",\"keywords\":[\"Christoph Herder\",\"E-Bass\",\"Plektrum\"],\"articleSection\":[\"Noten\",\"Rezensionen\"],\"inLanguage\":\"it-IT\"},{\"@type\":\"WebPage\",\"@id\":\"https:\\\/\\\/www.musikzeitung.ch\\\/rezensionen\\\/noten-rezensionen\\\/2024\\\/03\\\/e-bass-spielen-mit-dem-plektrum\",\"url\":\"https:\\\/\\\/www.musikzeitung.ch\\\/rezensionen\\\/noten-rezensionen\\\/2024\\\/03\\\/e-bass-spielen-mit-dem-plektrum\",\"name\":\"E-Bass spielen mit dem Plektrum - Schweizer Musikzeitung\",\"isPartOf\":{\"@id\":\"https:\\\/\\\/www.musikzeitung.ch\\\/#website\"},\"primaryImageOfPage\":{\"@id\":\"https:\\\/\\\/www.musikzeitung.ch\\\/rezensionen\\\/noten-rezensionen\\\/2024\\\/03\\\/e-bass-spielen-mit-dem-plektrum#primaryimage\"},\"image\":{\"@id\":\"https:\\\/\\\/www.musikzeitung.ch\\\/rezensionen\\\/noten-rezensionen\\\/2024\\\/03\\\/e-bass-spielen-mit-dem-plektrum#primaryimage\"},\"thumbnailUrl\":\"https:\\\/\\\/www.musikzeitung.ch\\\/wp-content\\\/uploads\\\/2024\\\/02\\\/Plektrum_467469246_L.jpg\",\"datePublished\":\"2024-03-04T14:22:31+00:00\",\"dateModified\":\"2024-03-04T14:37:40+00:00\",\"description\":\"Das Lehrmittel von Christoph Herder bietet klare Anleitungen und er\u00f6ffnet neue Klangwelten.\",\"breadcrumb\":{\"@id\":\"https:\\\/\\\/www.musikzeitung.ch\\\/rezensionen\\\/noten-rezensionen\\\/2024\\\/03\\\/e-bass-spielen-mit-dem-plektrum#breadcrumb\"},\"inLanguage\":\"it-IT\",\"potentialAction\":[{\"@type\":\"ReadAction\",\"target\":[\"https:\\\/\\\/www.musikzeitung.ch\\\/rezensionen\\\/noten-rezensionen\\\/2024\\\/03\\\/e-bass-spielen-mit-dem-plektrum\"]}]},{\"@type\":\"ImageObject\",\"inLanguage\":\"it-IT\",\"@id\":\"https:\\\/\\\/www.musikzeitung.ch\\\/rezensionen\\\/noten-rezensionen\\\/2024\\\/03\\\/e-bass-spielen-mit-dem-plektrum#primaryimage\",\"url\":\"https:\\\/\\\/www.musikzeitung.ch\\\/wp-content\\\/uploads\\\/2024\\\/02\\\/Plektrum_467469246_L.jpg\",\"contentUrl\":\"https:\\\/\\\/www.musikzeitung.ch\\\/wp-content\\\/uploads\\\/2024\\\/02\\\/Plektrum_467469246_L.jpg\",\"width\":1400,\"height\":788},{\"@type\":\"BreadcrumbList\",\"@id\":\"https:\\\/\\\/www.musikzeitung.ch\\\/rezensionen\\\/noten-rezensionen\\\/2024\\\/03\\\/e-bass-spielen-mit-dem-plektrum#breadcrumb\",\"itemListElement\":[{\"@type\":\"ListItem\",\"position\":1,\"name\":\"Home\",\"item\":\"https:\\\/\\\/www.musikzeitung.ch\\\/\"},{\"@type\":\"ListItem\",\"position\":2,\"name\":\"E-Bass spielen mit dem Plektrum\"}]},{\"@type\":\"WebSite\",\"@id\":\"https:\\\/\\\/www.musikzeitung.ch\\\/#website\",\"url\":\"https:\\\/\\\/www.musikzeitung.ch\\\/\",\"name\":\"Schweizer Musikzeitung\",\"description\":\"Die f\u00fchrende sparten\u00fcbergreifende Monatszeitung in der Schweiz f\u00fcr musikalische Fragen.\",\"publisher\":{\"@id\":\"https:\\\/\\\/www.musikzeitung.ch\\\/#organization\"},\"potentialAction\":[{\"@type\":\"SearchAction\",\"target\":{\"@type\":\"EntryPoint\",\"urlTemplate\":\"https:\\\/\\\/www.musikzeitung.ch\\\/?s={search_term_string}\"},\"query-input\":{\"@type\":\"PropertyValueSpecification\",\"valueRequired\":true,\"valueName\":\"search_term_string\"}}],\"inLanguage\":\"it-IT\"},{\"@type\":\"Organization\",\"@id\":\"https:\\\/\\\/www.musikzeitung.ch\\\/#organization\",\"name\":\"Schweizer Musikzeitung\",\"url\":\"https:\\\/\\\/www.musikzeitung.ch\\\/\",\"logo\":{\"@type\":\"ImageObject\",\"inLanguage\":\"it-IT\",\"@id\":\"https:\\\/\\\/www.musikzeitung.ch\\\/#\\\/schema\\\/logo\\\/image\\\/\",\"url\":\"https:\\\/\\\/www.musikzeitung.ch\\\/wp-content\\\/uploads\\\/2023\\\/01\\\/SMZ_Schriftzug_Sprache.png\",\"contentUrl\":\"https:\\\/\\\/www.musikzeitung.ch\\\/wp-content\\\/uploads\\\/2023\\\/01\\\/SMZ_Schriftzug_Sprache.png\",\"width\":1400,\"height\":279,\"caption\":\"Schweizer Musikzeitung\"},\"image\":{\"@id\":\"https:\\\/\\\/www.musikzeitung.ch\\\/#\\\/schema\\\/logo\\\/image\\\/\"},\"sameAs\":[\"https:\\\/\\\/www.facebook.com\\\/SchweizerMusikzeitung\\\/\",\"https:\\\/\\\/x.com\\\/smusikzeitung\",\"https:\\\/\\\/www.instagram.com\\\/musikzeitung.ch\\\/\"]},{\"@type\":\"Person\",\"@id\":\"https:\\\/\\\/www.musikzeitung.ch\\\/#\\\/schema\\\/person\\\/ea3d7b86bd7157c78c7ddd37f2f82b5b\",\"name\":\"pia.schwab\",\"image\":{\"@type\":\"ImageObject\",\"inLanguage\":\"it-IT\",\"@id\":\"https:\\\/\\\/secure.gravatar.com\\\/avatar\\\/d39d170de4c2d07e897fbc26cf9d890fc046285c742207b86d8ebabe5fcde2c4?s=96&d=mm&r=g\",\"url\":\"https:\\\/\\\/secure.gravatar.com\\\/avatar\\\/d39d170de4c2d07e897fbc26cf9d890fc046285c742207b86d8ebabe5fcde2c4?s=96&d=mm&r=g\",\"contentUrl\":\"https:\\\/\\\/secure.gravatar.com\\\/avatar\\\/d39d170de4c2d07e897fbc26cf9d890fc046285c742207b86d8ebabe5fcde2c4?s=96&d=mm&r=g\",\"caption\":\"pia.schwab\"},\"url\":\"https:\\\/\\\/www.musikzeitung.ch\\\/it\\\/author\\\/pia-schwab\"}]}<\/script>\n<!-- \/ Yoast SEO plugin. -->","yoast_head_json":{"title":"Suonare il basso elettrico con un plettro - Schweizer Musikzeitung","description":"Il sussidio didattico di Christoph Herder offre istruzioni chiare e apre nuovi mondi sonori.","robots":{"index":"index","follow":"follow","max-snippet":"max-snippet:-1","max-image-preview":"max-image-preview:large","max-video-preview":"max-video-preview:-1"},"canonical":"https:\/\/www.musikzeitung.ch\/it\/rezensionen\/noten-rezensionen\/2024\/03\/e-bass-spielen-mit-dem-plektrum\/","og_locale":"it_IT","og_type":"article","og_title":"E-Bass spielen mit dem Plektrum - Schweizer Musikzeitung","og_description":"Das Lehrmittel von Christoph Herder bietet klare Anleitungen und er\u00f6ffnet neue Klangwelten.","og_url":"https:\/\/www.musikzeitung.ch\/it\/rezensionen\/noten-rezensionen\/2024\/03\/e-bass-spielen-mit-dem-plektrum\/","og_site_name":"Schweizer Musikzeitung","article_publisher":"https:\/\/www.facebook.com\/SchweizerMusikzeitung\/","article_published_time":"2024-03-04T14:22:31+00:00","article_modified_time":"2024-03-04T14:37:40+00:00","og_image":[{"width":1400,"height":788,"url":"https:\/\/www.musikzeitung.ch\/wp-content\/uploads\/2024\/02\/Plektrum_467469246_L.jpg","type":"image\/jpeg"}],"author":"pia.schwab","twitter_card":"summary_large_image","twitter_creator":"@smusikzeitung","twitter_site":"@smusikzeitung","twitter_misc":{"Scritto da":"pia.schwab","Tempo di lettura stimato":"3 minuti"},"schema":{"@context":"https:\/\/schema.org","@graph":[{"@type":"Article","@id":"https:\/\/www.musikzeitung.ch\/rezensionen\/noten-rezensionen\/2024\/03\/e-bass-spielen-mit-dem-plektrum#article","isPartOf":{"@id":"https:\/\/www.musikzeitung.ch\/rezensionen\/noten-rezensionen\/2024\/03\/e-bass-spielen-mit-dem-plektrum"},"author":{"name":"pia.schwab","@id":"https:\/\/www.musikzeitung.ch\/#\/schema\/person\/ea3d7b86bd7157c78c7ddd37f2f82b5b"},"headline":"E-Bass spielen mit dem Plektrum","datePublished":"2024-03-04T14:22:31+00:00","dateModified":"2024-03-04T14:37:40+00:00","mainEntityOfPage":{"@id":"https:\/\/www.musikzeitung.ch\/rezensionen\/noten-rezensionen\/2024\/03\/e-bass-spielen-mit-dem-plektrum"},"wordCount":343,"publisher":{"@id":"https:\/\/www.musikzeitung.ch\/#organization"},"image":{"@id":"https:\/\/www.musikzeitung.ch\/rezensionen\/noten-rezensionen\/2024\/03\/e-bass-spielen-mit-dem-plektrum#primaryimage"},"thumbnailUrl":"https:\/\/www.musikzeitung.ch\/wp-content\/uploads\/2024\/02\/Plektrum_467469246_L.jpg","keywords":["Christoph Herder","E-Bass","Plektrum"],"articleSection":["Noten","Rezensionen"],"inLanguage":"it-IT"},{"@type":"WebPage","@id":"https:\/\/www.musikzeitung.ch\/rezensionen\/noten-rezensionen\/2024\/03\/e-bass-spielen-mit-dem-plektrum","url":"https:\/\/www.musikzeitung.ch\/rezensionen\/noten-rezensionen\/2024\/03\/e-bass-spielen-mit-dem-plektrum","name":"Suonare il basso elettrico con un plettro - Schweizer Musikzeitung","isPartOf":{"@id":"https:\/\/www.musikzeitung.ch\/#website"},"primaryImageOfPage":{"@id":"https:\/\/www.musikzeitung.ch\/rezensionen\/noten-rezensionen\/2024\/03\/e-bass-spielen-mit-dem-plektrum#primaryimage"},"image":{"@id":"https:\/\/www.musikzeitung.ch\/rezensionen\/noten-rezensionen\/2024\/03\/e-bass-spielen-mit-dem-plektrum#primaryimage"},"thumbnailUrl":"https:\/\/www.musikzeitung.ch\/wp-content\/uploads\/2024\/02\/Plektrum_467469246_L.jpg","datePublished":"2024-03-04T14:22:31+00:00","dateModified":"2024-03-04T14:37:40+00:00","description":"Il sussidio didattico di Christoph Herder offre istruzioni chiare e apre nuovi mondi sonori.","breadcrumb":{"@id":"https:\/\/www.musikzeitung.ch\/rezensionen\/noten-rezensionen\/2024\/03\/e-bass-spielen-mit-dem-plektrum#breadcrumb"},"inLanguage":"it-IT","potentialAction":[{"@type":"ReadAction","target":["https:\/\/www.musikzeitung.ch\/rezensionen\/noten-rezensionen\/2024\/03\/e-bass-spielen-mit-dem-plektrum"]}]},{"@type":"ImageObject","inLanguage":"it-IT","@id":"https:\/\/www.musikzeitung.ch\/rezensionen\/noten-rezensionen\/2024\/03\/e-bass-spielen-mit-dem-plektrum#primaryimage","url":"https:\/\/www.musikzeitung.ch\/wp-content\/uploads\/2024\/02\/Plektrum_467469246_L.jpg","contentUrl":"https:\/\/www.musikzeitung.ch\/wp-content\/uploads\/2024\/02\/Plektrum_467469246_L.jpg","width":1400,"height":788},{"@type":"BreadcrumbList","@id":"https:\/\/www.musikzeitung.ch\/rezensionen\/noten-rezensionen\/2024\/03\/e-bass-spielen-mit-dem-plektrum#breadcrumb","itemListElement":[{"@type":"ListItem","position":1,"name":"Home","item":"https:\/\/www.musikzeitung.ch\/"},{"@type":"ListItem","position":2,"name":"E-Bass spielen mit dem Plektrum"}]},{"@type":"WebSite","@id":"https:\/\/www.musikzeitung.ch\/#website","url":"https:\/\/www.musikzeitung.ch\/","name":"Giornale musicale svizzero","description":"Il principale mensile interdisciplinare della Svizzera per le questioni musicali.","publisher":{"@id":"https:\/\/www.musikzeitung.ch\/#organization"},"potentialAction":[{"@type":"SearchAction","target":{"@type":"EntryPoint","urlTemplate":"https:\/\/www.musikzeitung.ch\/?s={search_term_string}"},"query-input":{"@type":"PropertyValueSpecification","valueRequired":true,"valueName":"search_term_string"}}],"inLanguage":"it-IT"},{"@type":"Organization","@id":"https:\/\/www.musikzeitung.ch\/#organization","name":"Giornale musicale svizzero","url":"https:\/\/www.musikzeitung.ch\/","logo":{"@type":"ImageObject","inLanguage":"it-IT","@id":"https:\/\/www.musikzeitung.ch\/#\/schema\/logo\/image\/","url":"https:\/\/www.musikzeitung.ch\/wp-content\/uploads\/2023\/01\/SMZ_Schriftzug_Sprache.png","contentUrl":"https:\/\/www.musikzeitung.ch\/wp-content\/uploads\/2023\/01\/SMZ_Schriftzug_Sprache.png","width":1400,"height":279,"caption":"Schweizer Musikzeitung"},"image":{"@id":"https:\/\/www.musikzeitung.ch\/#\/schema\/logo\/image\/"},"sameAs":["https:\/\/www.facebook.com\/SchweizerMusikzeitung\/","https:\/\/x.com\/smusikzeitung","https:\/\/www.instagram.com\/musikzeitung.ch\/"]},{"@type":"Person","@id":"https:\/\/www.musikzeitung.ch\/#\/schema\/person\/ea3d7b86bd7157c78c7ddd37f2f82b5b","name":"pia.schwab","image":{"@type":"ImageObject","inLanguage":"it-IT","@id":"https:\/\/secure.gravatar.com\/avatar\/d39d170de4c2d07e897fbc26cf9d890fc046285c742207b86d8ebabe5fcde2c4?s=96&d=mm&r=g","url":"https:\/\/secure.gravatar.com\/avatar\/d39d170de4c2d07e897fbc26cf9d890fc046285c742207b86d8ebabe5fcde2c4?s=96&d=mm&r=g","contentUrl":"https:\/\/secure.gravatar.com\/avatar\/d39d170de4c2d07e897fbc26cf9d890fc046285c742207b86d8ebabe5fcde2c4?s=96&d=mm&r=g","caption":"pia.schwab"},"url":"https:\/\/www.musikzeitung.ch\/it\/author\/pia-schwab"}]}},"publishpress_future_workflow_manual_trigger":{"enabledWorkflows":[]},"_links":{"self":[{"href":"https:\/\/www.musikzeitung.ch\/it\/wp-json\/wp\/v2\/posts\/52485","targetHints":{"allow":["GET"]}}],"collection":[{"href":"https:\/\/www.musikzeitung.ch\/it\/wp-json\/wp\/v2\/posts"}],"about":[{"href":"https:\/\/www.musikzeitung.ch\/it\/wp-json\/wp\/v2\/types\/post"}],"author":[{"embeddable":true,"href":"https:\/\/www.musikzeitung.ch\/it\/wp-json\/wp\/v2\/users\/29"}],"replies":[{"embeddable":true,"href":"https:\/\/www.musikzeitung.ch\/it\/wp-json\/wp\/v2\/comments?post=52485"}],"version-history":[{"count":2,"href":"https:\/\/www.musikzeitung.ch\/it\/wp-json\/wp\/v2\/posts\/52485\/revisions"}],"predecessor-version":[{"id":52860,"href":"https:\/\/www.musikzeitung.ch\/it\/wp-json\/wp\/v2\/posts\/52485\/revisions\/52860"}],"wp:featuredmedia":[{"embeddable":true,"href":"https:\/\/www.musikzeitung.ch\/it\/wp-json\/wp\/v2\/media\/52493"}],"wp:attachment":[{"href":"https:\/\/www.musikzeitung.ch\/it\/wp-json\/wp\/v2\/media?parent=52485"}],"wp:term":[{"taxonomy":"category","embeddable":true,"href":"https:\/\/www.musikzeitung.ch\/it\/wp-json\/wp\/v2\/categories?post=52485"},{"taxonomy":"post_tag","embeddable":true,"href":"https:\/\/www.musikzeitung.ch\/it\/wp-json\/wp\/v2\/tags?post=52485"}],"curies":[{"name":"wp","href":"https:\/\/api.w.org\/{rel}","templated":true}]}}