{"id":52705,"date":"2024-03-01T06:28:04","date_gmt":"2024-03-01T05:28:04","guid":{"rendered":"https:\/\/www.musikzeitung.ch\/?p=52705"},"modified":"2024-03-01T08:33:53","modified_gmt":"2024-03-01T07:33:53","slug":"audiovisuelles-kulturgut-obwaldens-erfasst","status":"publish","type":"post","link":"https:\/\/www.musikzeitung.ch\/it\/news\/2024\/03\/audiovisuelles-kulturgut-obwaldens-erfasst","title":{"rendered":"Beni culturali audiovisivi di Obvaldo registrati"},"content":{"rendered":"<figure id=\"attachment_52706\" aria-describedby=\"caption-attachment-52706\" style=\"width: 1461px\" class=\"wp-caption alignnone\"><img loading=\"lazy\" decoding=\"async\" class=\"size-full wp-image-52706\" src=\"https:\/\/www.musikzeitung.ch\/wp-content\/uploads\/2024\/03\/240301juiz.jpg\" alt=\"\" width=\"1461\" height=\"851\" srcset=\"https:\/\/www.musikzeitung.ch\/wp-content\/uploads\/2024\/03\/240301juiz.jpg 1461w, https:\/\/www.musikzeitung.ch\/wp-content\/uploads\/2024\/03\/240301juiz-300x175.jpg 300w, https:\/\/www.musikzeitung.ch\/wp-content\/uploads\/2024\/03\/240301juiz-1024x596.jpg 1024w, https:\/\/www.musikzeitung.ch\/wp-content\/uploads\/2024\/03\/240301juiz-768x447.jpg 768w, https:\/\/www.musikzeitung.ch\/wp-content\/uploads\/2024\/03\/240301juiz-601x350.jpg 601w, https:\/\/www.musikzeitung.ch\/wp-content\/uploads\/2024\/03\/240301juiz-1373x800.jpg 1373w, https:\/\/www.musikzeitung.ch\/wp-content\/uploads\/2024\/03\/240301juiz-920x536.jpg 920w, https:\/\/www.musikzeitung.ch\/wp-content\/uploads\/2024\/03\/240301juiz-1400x815.jpg 1400w\" sizes=\"auto, (max-width: 1461px) 100vw, 1461px\" \/><figcaption id=\"caption-attachment-52706\" class=\"wp-caption-text\">Immagine: naturjodler.ch<\/figcaption><\/figure>\n<p>Nell'ambito di un'ampia indagine condotta presso istituzioni culturali, comuni, aziende, associazioni e privati, sono state censite 69 collezioni per un totale di circa 1,3 milioni di supporti audiovisivi. All'indagine hanno partecipato l'Ufficio della cultura e dello sport, l'Archivio di Stato e Memoriav, il centro di competenza per la conservazione del patrimonio culturale audiovisivo della Svizzera. Quest'ultimo, per conto dell'Ufficio federale della cultura (UFC) e in collaborazione con i Cantoni, redige una panoramica del patrimonio audiovisivo in tutte le regioni del Paese.<\/p>\n<p>Tra gli altri, vengono catalogati i fondi di Edi Gasser della Fondazione Unterwaldner Naturjuiz e gli archivi musicali di privati di Sarnen e Alpnach.  L'inventario generale risultante dal progetto \u00e8 gestito e mantenuto dall'Archivio di Stato. L'inventario non \u00e8 vincolante per i proprietari o le istituzioni. Come suggerisce il nome, ha lo scopo di fornire una panoramica del paesaggio culturale audiovisivo dell'Obvaldo e di evidenziare i fondi di interesse pubblico. L'inventario generale del Cantone di Obvaldo pu\u00f2 essere scaricato in forma anonima.<\/p>\n<p><strong>Per saperne di pi\u00f9:<\/strong> <a href=\"https:\/\/www.ow.ch\/dienstleistungen\/8593\" target=\"_blank\" rel=\"noopener\">https:\/\/www.ow.ch\/dienstleistungen\/8593<\/a><\/p>","protected":false},"excerpt":{"rendered":"<p>Il Cantone di Obvaldo ha redatto un inventario generale del suo patrimonio audiovisivo, che comprende la collezione di jodel naturali del \"ricercatore di Juiz\" Edi Gasser.<\/p>","protected":false},"author":30,"featured_media":52706,"comment_status":"closed","ping_status":"closed","sticky":false,"template":"","format":"standard","meta":{"_acf_changed":false,"_relevanssi_hide_post":"","_relevanssi_hide_content":"","_relevanssi_pin_for_all":"","_relevanssi_pin_keywords":"","_relevanssi_unpin_keywords":"","_relevanssi_related_keywords":"","_relevanssi_related_include_ids":"","_relevanssi_related_exclude_ids":"","_relevanssi_related_no_append":"","_relevanssi_related_not_related":"","_relevanssi_related_posts":"","_relevanssi_noindex_reason":"","pgc_sgb_lightbox_settings":"","footnotes":""},"categories":[27],"tags":[3752,3751],"class_list":["post-52705","post","type-post","status-publish","format-standard","has-post-thumbnail","hentry","category-news","tag-audiovisuelles-kulturerbe","tag-kanton-obwalden"],"acf":[],"yoast_head":"<!-- This site is optimized with the Yoast SEO plugin v27.4 - https:\/\/yoast.com\/product\/yoast-seo-wordpress\/ -->\n<title>Audiovisuelles Kulturgut Obwaldens erfasst - Schweizer Musikzeitung<\/title>\n<meta name=\"description\" content=\"Der Kanton hat ein \u00dcbersichtsinventar zu seinem audiovisuellen Erbe erstellt, unter anderem zur Naturjodel-Sammlung des \u00abJuiz-Forschers\u00bb Edi Gasser.\" \/>\n<meta name=\"robots\" content=\"index, follow, max-snippet:-1, max-image-preview:large, max-video-preview:-1\" \/>\n<link rel=\"canonical\" href=\"https:\/\/www.musikzeitung.ch\/it\/news\/2024\/03\/audiovisuelles-kulturgut-obwaldens-erfasst\/\" \/>\n<meta property=\"og:locale\" content=\"it_IT\" \/>\n<meta property=\"og:type\" content=\"article\" \/>\n<meta property=\"og:title\" content=\"Audiovisuelles Kulturgut Obwaldens erfasst - Schweizer Musikzeitung\" \/>\n<meta property=\"og:description\" content=\"Der Kanton hat ein \u00dcbersichtsinventar zu seinem audiovisuellen Erbe erstellt, unter anderem zur Naturjodel-Sammlung des \u00abJuiz-Forschers\u00bb Edi Gasser.\" \/>\n<meta property=\"og:url\" content=\"https:\/\/www.musikzeitung.ch\/it\/news\/2024\/03\/audiovisuelles-kulturgut-obwaldens-erfasst\/\" \/>\n<meta property=\"og:site_name\" content=\"Schweizer Musikzeitung\" \/>\n<meta property=\"article:publisher\" content=\"https:\/\/www.facebook.com\/SchweizerMusikzeitung\/\" \/>\n<meta property=\"article:author\" content=\"https:\/\/www.facebook.com\/wolfgang.bohler.75\" \/>\n<meta property=\"article:published_time\" content=\"2024-03-01T05:28:04+00:00\" \/>\n<meta property=\"article:modified_time\" content=\"2024-03-01T07:33:53+00:00\" \/>\n<meta property=\"og:image\" content=\"https:\/\/www.musikzeitung.ch\/wp-content\/uploads\/2024\/03\/240301juiz.jpg\" \/>\n\t<meta property=\"og:image:width\" content=\"1461\" \/>\n\t<meta property=\"og:image:height\" content=\"851\" \/>\n\t<meta property=\"og:image:type\" content=\"image\/jpeg\" \/>\n<meta name=\"author\" content=\"Wolfgang B\u00f6hler\" \/>\n<meta name=\"twitter:card\" content=\"summary_large_image\" \/>\n<meta name=\"twitter:creator\" content=\"@smusikzeitung\" \/>\n<meta name=\"twitter:site\" content=\"@smusikzeitung\" \/>\n<meta name=\"twitter:label1\" content=\"Scritto da\" \/>\n\t<meta name=\"twitter:data1\" content=\"Wolfgang B\u00f6hler\" \/>\n\t<meta name=\"twitter:label2\" content=\"Tempo di lettura stimato\" \/>\n\t<meta name=\"twitter:data2\" content=\"2 minuti\" \/>\n<script type=\"application\/ld+json\" class=\"yoast-schema-graph\">{\"@context\":\"https:\\\/\\\/schema.org\",\"@graph\":[{\"@type\":\"Article\",\"@id\":\"https:\\\/\\\/www.musikzeitung.ch\\\/news\\\/2024\\\/03\\\/audiovisuelles-kulturgut-obwaldens-erfasst#article\",\"isPartOf\":{\"@id\":\"https:\\\/\\\/www.musikzeitung.ch\\\/news\\\/2024\\\/03\\\/audiovisuelles-kulturgut-obwaldens-erfasst\"},\"author\":{\"name\":\"Wolfgang B\u00f6hler\",\"@id\":\"https:\\\/\\\/www.musikzeitung.ch\\\/#\\\/schema\\\/person\\\/0da4fb82d243f1252850a35d0e87cf0c\"},\"headline\":\"Audiovisuelles Kulturgut Obwaldens erfasst\",\"datePublished\":\"2024-03-01T05:28:04+00:00\",\"dateModified\":\"2024-03-01T07:33:53+00:00\",\"mainEntityOfPage\":{\"@id\":\"https:\\\/\\\/www.musikzeitung.ch\\\/news\\\/2024\\\/03\\\/audiovisuelles-kulturgut-obwaldens-erfasst\"},\"wordCount\":170,\"publisher\":{\"@id\":\"https:\\\/\\\/www.musikzeitung.ch\\\/#organization\"},\"image\":{\"@id\":\"https:\\\/\\\/www.musikzeitung.ch\\\/news\\\/2024\\\/03\\\/audiovisuelles-kulturgut-obwaldens-erfasst#primaryimage\"},\"thumbnailUrl\":\"https:\\\/\\\/www.musikzeitung.ch\\\/wp-content\\\/uploads\\\/2024\\\/03\\\/240301juiz.jpg\",\"keywords\":[\"Audiovisuelles Kulturerbe\",\"Kanton Obwalden\"],\"articleSection\":[\"News\"],\"inLanguage\":\"it-IT\"},{\"@type\":\"WebPage\",\"@id\":\"https:\\\/\\\/www.musikzeitung.ch\\\/news\\\/2024\\\/03\\\/audiovisuelles-kulturgut-obwaldens-erfasst\",\"url\":\"https:\\\/\\\/www.musikzeitung.ch\\\/news\\\/2024\\\/03\\\/audiovisuelles-kulturgut-obwaldens-erfasst\",\"name\":\"Audiovisuelles Kulturgut Obwaldens erfasst - Schweizer Musikzeitung\",\"isPartOf\":{\"@id\":\"https:\\\/\\\/www.musikzeitung.ch\\\/#website\"},\"primaryImageOfPage\":{\"@id\":\"https:\\\/\\\/www.musikzeitung.ch\\\/news\\\/2024\\\/03\\\/audiovisuelles-kulturgut-obwaldens-erfasst#primaryimage\"},\"image\":{\"@id\":\"https:\\\/\\\/www.musikzeitung.ch\\\/news\\\/2024\\\/03\\\/audiovisuelles-kulturgut-obwaldens-erfasst#primaryimage\"},\"thumbnailUrl\":\"https:\\\/\\\/www.musikzeitung.ch\\\/wp-content\\\/uploads\\\/2024\\\/03\\\/240301juiz.jpg\",\"datePublished\":\"2024-03-01T05:28:04+00:00\",\"dateModified\":\"2024-03-01T07:33:53+00:00\",\"description\":\"Der Kanton hat ein \u00dcbersichtsinventar zu seinem audiovisuellen Erbe erstellt, unter anderem zur Naturjodel-Sammlung des \u00abJuiz-Forschers\u00bb Edi Gasser.\",\"breadcrumb\":{\"@id\":\"https:\\\/\\\/www.musikzeitung.ch\\\/news\\\/2024\\\/03\\\/audiovisuelles-kulturgut-obwaldens-erfasst#breadcrumb\"},\"inLanguage\":\"it-IT\",\"potentialAction\":[{\"@type\":\"ReadAction\",\"target\":[\"https:\\\/\\\/www.musikzeitung.ch\\\/news\\\/2024\\\/03\\\/audiovisuelles-kulturgut-obwaldens-erfasst\"]}]},{\"@type\":\"ImageObject\",\"inLanguage\":\"it-IT\",\"@id\":\"https:\\\/\\\/www.musikzeitung.ch\\\/news\\\/2024\\\/03\\\/audiovisuelles-kulturgut-obwaldens-erfasst#primaryimage\",\"url\":\"https:\\\/\\\/www.musikzeitung.ch\\\/wp-content\\\/uploads\\\/2024\\\/03\\\/240301juiz.jpg\",\"contentUrl\":\"https:\\\/\\\/www.musikzeitung.ch\\\/wp-content\\\/uploads\\\/2024\\\/03\\\/240301juiz.jpg\",\"width\":1461,\"height\":851,\"caption\":\"Bild: naturjodler.ch\"},{\"@type\":\"BreadcrumbList\",\"@id\":\"https:\\\/\\\/www.musikzeitung.ch\\\/news\\\/2024\\\/03\\\/audiovisuelles-kulturgut-obwaldens-erfasst#breadcrumb\",\"itemListElement\":[{\"@type\":\"ListItem\",\"position\":1,\"name\":\"Home\",\"item\":\"https:\\\/\\\/www.musikzeitung.ch\\\/\"},{\"@type\":\"ListItem\",\"position\":2,\"name\":\"Audiovisuelles Kulturgut Obwaldens erfasst\"}]},{\"@type\":\"WebSite\",\"@id\":\"https:\\\/\\\/www.musikzeitung.ch\\\/#website\",\"url\":\"https:\\\/\\\/www.musikzeitung.ch\\\/\",\"name\":\"Schweizer Musikzeitung\",\"description\":\"Die f\u00fchrende sparten\u00fcbergreifende Monatszeitung in der Schweiz f\u00fcr musikalische Fragen.\",\"publisher\":{\"@id\":\"https:\\\/\\\/www.musikzeitung.ch\\\/#organization\"},\"potentialAction\":[{\"@type\":\"SearchAction\",\"target\":{\"@type\":\"EntryPoint\",\"urlTemplate\":\"https:\\\/\\\/www.musikzeitung.ch\\\/?s={search_term_string}\"},\"query-input\":{\"@type\":\"PropertyValueSpecification\",\"valueRequired\":true,\"valueName\":\"search_term_string\"}}],\"inLanguage\":\"it-IT\"},{\"@type\":\"Organization\",\"@id\":\"https:\\\/\\\/www.musikzeitung.ch\\\/#organization\",\"name\":\"Schweizer Musikzeitung\",\"url\":\"https:\\\/\\\/www.musikzeitung.ch\\\/\",\"logo\":{\"@type\":\"ImageObject\",\"inLanguage\":\"it-IT\",\"@id\":\"https:\\\/\\\/www.musikzeitung.ch\\\/#\\\/schema\\\/logo\\\/image\\\/\",\"url\":\"https:\\\/\\\/www.musikzeitung.ch\\\/wp-content\\\/uploads\\\/2023\\\/01\\\/SMZ_Schriftzug_Sprache.png\",\"contentUrl\":\"https:\\\/\\\/www.musikzeitung.ch\\\/wp-content\\\/uploads\\\/2023\\\/01\\\/SMZ_Schriftzug_Sprache.png\",\"width\":1400,\"height\":279,\"caption\":\"Schweizer Musikzeitung\"},\"image\":{\"@id\":\"https:\\\/\\\/www.musikzeitung.ch\\\/#\\\/schema\\\/logo\\\/image\\\/\"},\"sameAs\":[\"https:\\\/\\\/www.facebook.com\\\/SchweizerMusikzeitung\\\/\",\"https:\\\/\\\/x.com\\\/smusikzeitung\",\"https:\\\/\\\/www.instagram.com\\\/musikzeitung.ch\\\/\"]},{\"@type\":\"Person\",\"@id\":\"https:\\\/\\\/www.musikzeitung.ch\\\/#\\\/schema\\\/person\\\/0da4fb82d243f1252850a35d0e87cf0c\",\"name\":\"Wolfgang B\u00f6hler\",\"image\":{\"@type\":\"ImageObject\",\"inLanguage\":\"it-IT\",\"@id\":\"https:\\\/\\\/www.musikzeitung.ch\\\/wp-content\\\/uploads\\\/2023\\\/01\\\/boehler_portraet_web-e1674139782246-96x96.jpg\",\"url\":\"https:\\\/\\\/www.musikzeitung.ch\\\/wp-content\\\/uploads\\\/2023\\\/01\\\/boehler_portraet_web-e1674139782246-96x96.jpg\",\"contentUrl\":\"https:\\\/\\\/www.musikzeitung.ch\\\/wp-content\\\/uploads\\\/2023\\\/01\\\/boehler_portraet_web-e1674139782246-96x96.jpg\",\"caption\":\"Wolfgang B\u00f6hler\"},\"sameAs\":[\"http:\\\/\\\/www.manacanto.ch\",\"https:\\\/\\\/www.facebook.com\\\/wolfgang.bohler.75\"],\"url\":\"https:\\\/\\\/www.musikzeitung.ch\\\/it\\\/author\\\/wolfgang-boehler\"}]}<\/script>\n<!-- \/ Yoast SEO plugin. -->","yoast_head_json":{"title":"Audiovisuelles Kulturgut Obwaldens erfasst - Schweizer Musikzeitung","description":"Der Kanton hat ein \u00dcbersichtsinventar zu seinem audiovisuellen Erbe erstellt, unter anderem zur Naturjodel-Sammlung des \u00abJuiz-Forschers\u00bb Edi Gasser.","robots":{"index":"index","follow":"follow","max-snippet":"max-snippet:-1","max-image-preview":"max-image-preview:large","max-video-preview":"max-video-preview:-1"},"canonical":"https:\/\/www.musikzeitung.ch\/it\/news\/2024\/03\/audiovisuelles-kulturgut-obwaldens-erfasst\/","og_locale":"it_IT","og_type":"article","og_title":"Audiovisuelles Kulturgut Obwaldens erfasst - Schweizer Musikzeitung","og_description":"Der Kanton hat ein \u00dcbersichtsinventar zu seinem audiovisuellen Erbe erstellt, unter anderem zur Naturjodel-Sammlung des \u00abJuiz-Forschers\u00bb Edi Gasser.","og_url":"https:\/\/www.musikzeitung.ch\/it\/news\/2024\/03\/audiovisuelles-kulturgut-obwaldens-erfasst\/","og_site_name":"Schweizer Musikzeitung","article_publisher":"https:\/\/www.facebook.com\/SchweizerMusikzeitung\/","article_author":"https:\/\/www.facebook.com\/wolfgang.bohler.75","article_published_time":"2024-03-01T05:28:04+00:00","article_modified_time":"2024-03-01T07:33:53+00:00","og_image":[{"width":1461,"height":851,"url":"https:\/\/www.musikzeitung.ch\/wp-content\/uploads\/2024\/03\/240301juiz.jpg","type":"image\/jpeg"}],"author":"Wolfgang B\u00f6hler","twitter_card":"summary_large_image","twitter_creator":"@smusikzeitung","twitter_site":"@smusikzeitung","twitter_misc":{"Scritto da":"Wolfgang B\u00f6hler","Tempo di lettura stimato":"2 minuti"},"schema":{"@context":"https:\/\/schema.org","@graph":[{"@type":"Article","@id":"https:\/\/www.musikzeitung.ch\/news\/2024\/03\/audiovisuelles-kulturgut-obwaldens-erfasst#article","isPartOf":{"@id":"https:\/\/www.musikzeitung.ch\/news\/2024\/03\/audiovisuelles-kulturgut-obwaldens-erfasst"},"author":{"name":"Wolfgang B\u00f6hler","@id":"https:\/\/www.musikzeitung.ch\/#\/schema\/person\/0da4fb82d243f1252850a35d0e87cf0c"},"headline":"Audiovisuelles Kulturgut Obwaldens erfasst","datePublished":"2024-03-01T05:28:04+00:00","dateModified":"2024-03-01T07:33:53+00:00","mainEntityOfPage":{"@id":"https:\/\/www.musikzeitung.ch\/news\/2024\/03\/audiovisuelles-kulturgut-obwaldens-erfasst"},"wordCount":170,"publisher":{"@id":"https:\/\/www.musikzeitung.ch\/#organization"},"image":{"@id":"https:\/\/www.musikzeitung.ch\/news\/2024\/03\/audiovisuelles-kulturgut-obwaldens-erfasst#primaryimage"},"thumbnailUrl":"https:\/\/www.musikzeitung.ch\/wp-content\/uploads\/2024\/03\/240301juiz.jpg","keywords":["Audiovisuelles Kulturerbe","Kanton Obwalden"],"articleSection":["News"],"inLanguage":"it-IT"},{"@type":"WebPage","@id":"https:\/\/www.musikzeitung.ch\/news\/2024\/03\/audiovisuelles-kulturgut-obwaldens-erfasst","url":"https:\/\/www.musikzeitung.ch\/news\/2024\/03\/audiovisuelles-kulturgut-obwaldens-erfasst","name":"Audiovisuelles Kulturgut Obwaldens erfasst - Schweizer Musikzeitung","isPartOf":{"@id":"https:\/\/www.musikzeitung.ch\/#website"},"primaryImageOfPage":{"@id":"https:\/\/www.musikzeitung.ch\/news\/2024\/03\/audiovisuelles-kulturgut-obwaldens-erfasst#primaryimage"},"image":{"@id":"https:\/\/www.musikzeitung.ch\/news\/2024\/03\/audiovisuelles-kulturgut-obwaldens-erfasst#primaryimage"},"thumbnailUrl":"https:\/\/www.musikzeitung.ch\/wp-content\/uploads\/2024\/03\/240301juiz.jpg","datePublished":"2024-03-01T05:28:04+00:00","dateModified":"2024-03-01T07:33:53+00:00","description":"Der Kanton hat ein \u00dcbersichtsinventar zu seinem audiovisuellen Erbe erstellt, unter anderem zur Naturjodel-Sammlung des \u00abJuiz-Forschers\u00bb Edi Gasser.","breadcrumb":{"@id":"https:\/\/www.musikzeitung.ch\/news\/2024\/03\/audiovisuelles-kulturgut-obwaldens-erfasst#breadcrumb"},"inLanguage":"it-IT","potentialAction":[{"@type":"ReadAction","target":["https:\/\/www.musikzeitung.ch\/news\/2024\/03\/audiovisuelles-kulturgut-obwaldens-erfasst"]}]},{"@type":"ImageObject","inLanguage":"it-IT","@id":"https:\/\/www.musikzeitung.ch\/news\/2024\/03\/audiovisuelles-kulturgut-obwaldens-erfasst#primaryimage","url":"https:\/\/www.musikzeitung.ch\/wp-content\/uploads\/2024\/03\/240301juiz.jpg","contentUrl":"https:\/\/www.musikzeitung.ch\/wp-content\/uploads\/2024\/03\/240301juiz.jpg","width":1461,"height":851,"caption":"Bild: naturjodler.ch"},{"@type":"BreadcrumbList","@id":"https:\/\/www.musikzeitung.ch\/news\/2024\/03\/audiovisuelles-kulturgut-obwaldens-erfasst#breadcrumb","itemListElement":[{"@type":"ListItem","position":1,"name":"Home","item":"https:\/\/www.musikzeitung.ch\/"},{"@type":"ListItem","position":2,"name":"Audiovisuelles Kulturgut Obwaldens erfasst"}]},{"@type":"WebSite","@id":"https:\/\/www.musikzeitung.ch\/#website","url":"https:\/\/www.musikzeitung.ch\/","name":"Giornale musicale svizzero","description":"Il principale mensile interdisciplinare della Svizzera per le questioni musicali.","publisher":{"@id":"https:\/\/www.musikzeitung.ch\/#organization"},"potentialAction":[{"@type":"SearchAction","target":{"@type":"EntryPoint","urlTemplate":"https:\/\/www.musikzeitung.ch\/?s={search_term_string}"},"query-input":{"@type":"PropertyValueSpecification","valueRequired":true,"valueName":"search_term_string"}}],"inLanguage":"it-IT"},{"@type":"Organization","@id":"https:\/\/www.musikzeitung.ch\/#organization","name":"Giornale musicale svizzero","url":"https:\/\/www.musikzeitung.ch\/","logo":{"@type":"ImageObject","inLanguage":"it-IT","@id":"https:\/\/www.musikzeitung.ch\/#\/schema\/logo\/image\/","url":"https:\/\/www.musikzeitung.ch\/wp-content\/uploads\/2023\/01\/SMZ_Schriftzug_Sprache.png","contentUrl":"https:\/\/www.musikzeitung.ch\/wp-content\/uploads\/2023\/01\/SMZ_Schriftzug_Sprache.png","width":1400,"height":279,"caption":"Schweizer Musikzeitung"},"image":{"@id":"https:\/\/www.musikzeitung.ch\/#\/schema\/logo\/image\/"},"sameAs":["https:\/\/www.facebook.com\/SchweizerMusikzeitung\/","https:\/\/x.com\/smusikzeitung","https:\/\/www.instagram.com\/musikzeitung.ch\/"]},{"@type":"Person","@id":"https:\/\/www.musikzeitung.ch\/#\/schema\/person\/0da4fb82d243f1252850a35d0e87cf0c","name":"Wolfgang B\u00f6hler","image":{"@type":"ImageObject","inLanguage":"it-IT","@id":"https:\/\/www.musikzeitung.ch\/wp-content\/uploads\/2023\/01\/boehler_portraet_web-e1674139782246-96x96.jpg","url":"https:\/\/www.musikzeitung.ch\/wp-content\/uploads\/2023\/01\/boehler_portraet_web-e1674139782246-96x96.jpg","contentUrl":"https:\/\/www.musikzeitung.ch\/wp-content\/uploads\/2023\/01\/boehler_portraet_web-e1674139782246-96x96.jpg","caption":"Wolfgang B\u00f6hler"},"sameAs":["http:\/\/www.manacanto.ch","https:\/\/www.facebook.com\/wolfgang.bohler.75"],"url":"https:\/\/www.musikzeitung.ch\/it\/author\/wolfgang-boehler"}]}},"publishpress_future_workflow_manual_trigger":{"enabledWorkflows":[]},"_links":{"self":[{"href":"https:\/\/www.musikzeitung.ch\/it\/wp-json\/wp\/v2\/posts\/52705","targetHints":{"allow":["GET"]}}],"collection":[{"href":"https:\/\/www.musikzeitung.ch\/it\/wp-json\/wp\/v2\/posts"}],"about":[{"href":"https:\/\/www.musikzeitung.ch\/it\/wp-json\/wp\/v2\/types\/post"}],"author":[{"embeddable":true,"href":"https:\/\/www.musikzeitung.ch\/it\/wp-json\/wp\/v2\/users\/30"}],"replies":[{"embeddable":true,"href":"https:\/\/www.musikzeitung.ch\/it\/wp-json\/wp\/v2\/comments?post=52705"}],"version-history":[{"count":4,"href":"https:\/\/www.musikzeitung.ch\/it\/wp-json\/wp\/v2\/posts\/52705\/revisions"}],"predecessor-version":[{"id":52710,"href":"https:\/\/www.musikzeitung.ch\/it\/wp-json\/wp\/v2\/posts\/52705\/revisions\/52710"}],"wp:featuredmedia":[{"embeddable":true,"href":"https:\/\/www.musikzeitung.ch\/it\/wp-json\/wp\/v2\/media\/52706"}],"wp:attachment":[{"href":"https:\/\/www.musikzeitung.ch\/it\/wp-json\/wp\/v2\/media?parent=52705"}],"wp:term":[{"taxonomy":"category","embeddable":true,"href":"https:\/\/www.musikzeitung.ch\/it\/wp-json\/wp\/v2\/categories?post=52705"},{"taxonomy":"post_tag","embeddable":true,"href":"https:\/\/www.musikzeitung.ch\/it\/wp-json\/wp\/v2\/tags?post=52705"}],"curies":[{"name":"wp","href":"https:\/\/api.w.org\/{rel}","templated":true}]}}