{"id":5291,"date":"2016-05-02T00:00:00","date_gmt":"2016-05-01T23:00:00","guid":{"rendered":"https:\/\/www.musikzeitung.ch\/allgemein\/st-gallen-greift-andre-meier-unter-die-arme\/"},"modified":"2016-05-02T00:00:00","modified_gmt":"2016-05-01T23:00:00","slug":"st-gallen-greift-andre-meier-unter-die-arme","status":"publish","type":"post","link":"https:\/\/www.musikzeitung.ch\/it\/politik\/2016\/05\/st-gallen-greift-andre-meier-unter-die-arme","title":{"rendered":"Il San Gallo d\u00e0 una mano ad Andr\u00e9 Meier"},"content":{"rendered":"<figure style=\"width: 1200px\" class=\"wp-caption alignnone\"><img decoding=\"async\" class=\"size-full\" src=\"https:\/\/www.musikzeitung.ch\/wp-content\/uploads\/2023\/01\/745018_original_R_B_by_Erich-Westendarp_pixelio.de_.jpg\" alt=\"\" \/><figcaption class=\"wp-caption-text\">Foto: Erich Westendarp\/pixelio.de<\/figcaption><\/figure>\n<div class='text-section'>\n<p>Andr\u00e9 Meier, nato nel 1974, ha studiato tromba, composizione e improvvisazione all'Accademia di Musica di Basilea. Ha completato vari corsi di perfezionamento in composizione assistita da computer. Oltre a lavorare come insegnante di musica al Conservatorio di Winterthur, si dedica principalmente alla musica nuova e improvvisata. Suona nel duo Thand con l'ingegnere elettronico Thomas Peter e si esibisce anche come musicista freelance sia come solista che in musica da camera.<\/p>\n<p>In un progetto di ricerca\/composizione, Meier esplorer\u00e0 a fondo la composizione assistita dal computer e svilupper\u00e0 musica strumentale il cui testo\/gramma musicale \u00e8 generato da algoritmi. I cosiddetti bot non banali, che egli stesso adatta o programma, servono come punto di partenza. Nel nuovo lavoro, queste decisioni sono destinate a generare nuove realt\u00e0 sonore. Ci\u00f2 che l'ascoltatore percepisce alla fine non \u00e8 un pezzo composto originariamente, ma il risultato delle decisioni musicali dei bot.<\/p>\n<p>Oltre a Meier, riceveranno borse di lavoro i seguenti artisti: Il fotografo Michael Bodenmann, l'artista visiva Annina Thomann, Rotes Velo Tanzkompanie\/Hella Immler sotto la direzione di Exequiel Barreras e il regista Ninian Green.<\/p>\n<\/div>","protected":false},"excerpt":{"rendered":"<p><strong>La Citt\u00e0 di San Gallo assegna sei borse di studio di 10.000 franchi svizzeri ciascuna per il 2016. In totale sono state valutate 33 domande di tutte le discipline. Nella musica, il trombettista e compositore Andr\u00e9 Meier beneficer\u00e0 della borsa di studio.<\/strong><\/p>","protected":false},"author":1,"featured_media":5292,"comment_status":"open","ping_status":"open","sticky":false,"template":"","format":"standard","meta":{"_acf_changed":false,"_relevanssi_hide_post":"","_relevanssi_hide_content":"","_relevanssi_pin_for_all":"","_relevanssi_pin_keywords":"","_relevanssi_unpin_keywords":"","_relevanssi_related_keywords":"","_relevanssi_related_include_ids":"","_relevanssi_related_exclude_ids":"","_relevanssi_related_no_append":"","_relevanssi_related_not_related":"","_relevanssi_related_posts":"","_relevanssi_noindex_reason":"","pgc_sgb_lightbox_settings":"","footnotes":""},"categories":[1081,767],"tags":[],"class_list":["post-5291","post","type-post","status-publish","format-standard","has-post-thumbnail","hentry","category-kantone-und-gemeinden","category-politik"],"acf":[],"yoast_head":"<!-- This site is optimized with the Yoast SEO plugin v27.5 - https:\/\/yoast.com\/product\/yoast-seo-wordpress\/ -->\n<title>St. Gallen greift Andr\u00e9 Meier unter die Arme - Schweizer Musikzeitung<\/title>\n<meta name=\"robots\" content=\"index, follow, max-snippet:-1, max-image-preview:large, max-video-preview:-1\" \/>\n<link rel=\"canonical\" href=\"https:\/\/www.musikzeitung.ch\/it\/politik\/2016\/05\/st-gallen-greift-andre-meier-unter-die-arme\/\" \/>\n<meta property=\"og:locale\" content=\"it_IT\" \/>\n<meta property=\"og:type\" content=\"article\" \/>\n<meta property=\"og:title\" content=\"St. Gallen greift Andr\u00e9 Meier unter die Arme - Schweizer Musikzeitung\" \/>\n<meta property=\"og:description\" content=\"Die Stadt St.Gallen vergibt 2016 sechs Werkbeitr\u00e4ge in der H\u00f6he von je CHF 10\u2018000. Insgesamt sind 33 Bewerbungen aus allen Sparten beurteilt worden. In der Musik kommt der Trompeter und Komponist Andr\u00e9 Meier in den Genuss der F\u00f6rderung.\" \/>\n<meta property=\"og:url\" content=\"https:\/\/www.musikzeitung.ch\/it\/politik\/2016\/05\/st-gallen-greift-andre-meier-unter-die-arme\/\" \/>\n<meta property=\"og:site_name\" content=\"Schweizer Musikzeitung\" \/>\n<meta property=\"article:publisher\" content=\"https:\/\/www.facebook.com\/SchweizerMusikzeitung\/\" \/>\n<meta property=\"article:published_time\" content=\"2016-05-01T23:00:00+00:00\" \/>\n<meta property=\"og:image\" content=\"https:\/\/www.musikzeitung.ch\/wp-content\/uploads\/2023\/01\/745018_original_R_B_by_Erich-Westendarp_pixelio.de_.jpg\" \/>\n\t<meta property=\"og:image:width\" content=\"554\" \/>\n\t<meta property=\"og:image:height\" content=\"415\" \/>\n\t<meta property=\"og:image:type\" content=\"image\/jpeg\" \/>\n<meta name=\"author\" content=\"Musikzeitung-Redaktion\" \/>\n<meta name=\"twitter:card\" content=\"summary_large_image\" \/>\n<meta name=\"twitter:creator\" content=\"@smusikzeitung\" \/>\n<meta name=\"twitter:site\" content=\"@smusikzeitung\" \/>\n<meta name=\"twitter:label1\" content=\"Scritto da\" \/>\n\t<meta name=\"twitter:data1\" content=\"Musikzeitung-Redaktion\" \/>\n\t<meta name=\"twitter:label2\" content=\"Tempo di lettura stimato\" \/>\n\t<meta name=\"twitter:data2\" content=\"1 minuto\" \/>\n<script type=\"application\/ld+json\" class=\"yoast-schema-graph\">{\"@context\":\"https:\\\/\\\/schema.org\",\"@graph\":[{\"@type\":\"Article\",\"@id\":\"https:\\\/\\\/www.musikzeitung.ch\\\/politik\\\/2016\\\/05\\\/st-gallen-greift-andre-meier-unter-die-arme#article\",\"isPartOf\":{\"@id\":\"https:\\\/\\\/www.musikzeitung.ch\\\/politik\\\/2016\\\/05\\\/st-gallen-greift-andre-meier-unter-die-arme\"},\"author\":{\"name\":\"Musikzeitung-Redaktion\",\"@id\":\"https:\\\/\\\/www.musikzeitung.ch\\\/#\\\/schema\\\/person\\\/b2fd892c800856270b9dcc6001265712\"},\"headline\":\"St. Gallen greift Andr\u00e9 Meier unter die Arme\",\"datePublished\":\"2016-05-01T23:00:00+00:00\",\"mainEntityOfPage\":{\"@id\":\"https:\\\/\\\/www.musikzeitung.ch\\\/politik\\\/2016\\\/05\\\/st-gallen-greift-andre-meier-unter-die-arme\"},\"wordCount\":186,\"commentCount\":0,\"publisher\":{\"@id\":\"https:\\\/\\\/www.musikzeitung.ch\\\/#organization\"},\"image\":{\"@id\":\"https:\\\/\\\/www.musikzeitung.ch\\\/politik\\\/2016\\\/05\\\/st-gallen-greift-andre-meier-unter-die-arme#primaryimage\"},\"thumbnailUrl\":\"https:\\\/\\\/www.musikzeitung.ch\\\/wp-content\\\/uploads\\\/2023\\\/01\\\/745018_original_R_B_by_Erich-Westendarp_pixelio.de_.jpg\",\"articleSection\":[\"Kantone und Gemeinden\",\"Politik\"],\"inLanguage\":\"it-IT\"},{\"@type\":\"WebPage\",\"@id\":\"https:\\\/\\\/www.musikzeitung.ch\\\/politik\\\/2016\\\/05\\\/st-gallen-greift-andre-meier-unter-die-arme\",\"url\":\"https:\\\/\\\/www.musikzeitung.ch\\\/politik\\\/2016\\\/05\\\/st-gallen-greift-andre-meier-unter-die-arme\",\"name\":\"St. Gallen greift Andr\u00e9 Meier unter die Arme - Schweizer Musikzeitung\",\"isPartOf\":{\"@id\":\"https:\\\/\\\/www.musikzeitung.ch\\\/#website\"},\"primaryImageOfPage\":{\"@id\":\"https:\\\/\\\/www.musikzeitung.ch\\\/politik\\\/2016\\\/05\\\/st-gallen-greift-andre-meier-unter-die-arme#primaryimage\"},\"image\":{\"@id\":\"https:\\\/\\\/www.musikzeitung.ch\\\/politik\\\/2016\\\/05\\\/st-gallen-greift-andre-meier-unter-die-arme#primaryimage\"},\"thumbnailUrl\":\"https:\\\/\\\/www.musikzeitung.ch\\\/wp-content\\\/uploads\\\/2023\\\/01\\\/745018_original_R_B_by_Erich-Westendarp_pixelio.de_.jpg\",\"datePublished\":\"2016-05-01T23:00:00+00:00\",\"breadcrumb\":{\"@id\":\"https:\\\/\\\/www.musikzeitung.ch\\\/politik\\\/2016\\\/05\\\/st-gallen-greift-andre-meier-unter-die-arme#breadcrumb\"},\"inLanguage\":\"it-IT\",\"potentialAction\":[{\"@type\":\"ReadAction\",\"target\":[\"https:\\\/\\\/www.musikzeitung.ch\\\/politik\\\/2016\\\/05\\\/st-gallen-greift-andre-meier-unter-die-arme\"]}]},{\"@type\":\"ImageObject\",\"inLanguage\":\"it-IT\",\"@id\":\"https:\\\/\\\/www.musikzeitung.ch\\\/politik\\\/2016\\\/05\\\/st-gallen-greift-andre-meier-unter-die-arme#primaryimage\",\"url\":\"https:\\\/\\\/www.musikzeitung.ch\\\/wp-content\\\/uploads\\\/2023\\\/01\\\/745018_original_R_B_by_Erich-Westendarp_pixelio.de_.jpg\",\"contentUrl\":\"https:\\\/\\\/www.musikzeitung.ch\\\/wp-content\\\/uploads\\\/2023\\\/01\\\/745018_original_R_B_by_Erich-Westendarp_pixelio.de_.jpg\",\"width\":554,\"height\":415},{\"@type\":\"BreadcrumbList\",\"@id\":\"https:\\\/\\\/www.musikzeitung.ch\\\/politik\\\/2016\\\/05\\\/st-gallen-greift-andre-meier-unter-die-arme#breadcrumb\",\"itemListElement\":[{\"@type\":\"ListItem\",\"position\":1,\"name\":\"Home\",\"item\":\"https:\\\/\\\/www.musikzeitung.ch\\\/\"},{\"@type\":\"ListItem\",\"position\":2,\"name\":\"St. Gallen greift Andr\u00e9 Meier unter die Arme\"}]},{\"@type\":\"WebSite\",\"@id\":\"https:\\\/\\\/www.musikzeitung.ch\\\/#website\",\"url\":\"https:\\\/\\\/www.musikzeitung.ch\\\/\",\"name\":\"Schweizer Musikzeitung\",\"description\":\"Die f\u00fchrende sparten\u00fcbergreifende Monatszeitung in der Schweiz f\u00fcr musikalische Fragen.\",\"publisher\":{\"@id\":\"https:\\\/\\\/www.musikzeitung.ch\\\/#organization\"},\"potentialAction\":[{\"@type\":\"SearchAction\",\"target\":{\"@type\":\"EntryPoint\",\"urlTemplate\":\"https:\\\/\\\/www.musikzeitung.ch\\\/?s={search_term_string}\"},\"query-input\":{\"@type\":\"PropertyValueSpecification\",\"valueRequired\":true,\"valueName\":\"search_term_string\"}}],\"inLanguage\":\"it-IT\"},{\"@type\":\"Organization\",\"@id\":\"https:\\\/\\\/www.musikzeitung.ch\\\/#organization\",\"name\":\"Schweizer Musikzeitung\",\"url\":\"https:\\\/\\\/www.musikzeitung.ch\\\/\",\"logo\":{\"@type\":\"ImageObject\",\"inLanguage\":\"it-IT\",\"@id\":\"https:\\\/\\\/www.musikzeitung.ch\\\/#\\\/schema\\\/logo\\\/image\\\/\",\"url\":\"https:\\\/\\\/www.musikzeitung.ch\\\/wp-content\\\/uploads\\\/2023\\\/01\\\/SMZ_Schriftzug_Sprache.png\",\"contentUrl\":\"https:\\\/\\\/www.musikzeitung.ch\\\/wp-content\\\/uploads\\\/2023\\\/01\\\/SMZ_Schriftzug_Sprache.png\",\"width\":1400,\"height\":279,\"caption\":\"Schweizer Musikzeitung\"},\"image\":{\"@id\":\"https:\\\/\\\/www.musikzeitung.ch\\\/#\\\/schema\\\/logo\\\/image\\\/\"},\"sameAs\":[\"https:\\\/\\\/www.facebook.com\\\/SchweizerMusikzeitung\\\/\",\"https:\\\/\\\/x.com\\\/smusikzeitung\",\"https:\\\/\\\/www.instagram.com\\\/musikzeitung.ch\\\/\"]},{\"@type\":\"Person\",\"@id\":\"https:\\\/\\\/www.musikzeitung.ch\\\/#\\\/schema\\\/person\\\/b2fd892c800856270b9dcc6001265712\",\"name\":\"Musikzeitung-Redaktion\",\"image\":{\"@type\":\"ImageObject\",\"inLanguage\":\"it-IT\",\"@id\":\"https:\\\/\\\/www.musikzeitung.ch\\\/wp-content\\\/uploads\\\/2022\\\/05\\\/usericon_musikzeitung-96x96.jpg\",\"url\":\"https:\\\/\\\/www.musikzeitung.ch\\\/wp-content\\\/uploads\\\/2022\\\/05\\\/usericon_musikzeitung-96x96.jpg\",\"contentUrl\":\"https:\\\/\\\/www.musikzeitung.ch\\\/wp-content\\\/uploads\\\/2022\\\/05\\\/usericon_musikzeitung-96x96.jpg\",\"caption\":\"Musikzeitung-Redaktion\"},\"url\":\"https:\\\/\\\/www.musikzeitung.ch\\\/it\\\/author\\\/admin\"}]}<\/script>\n<!-- \/ Yoast SEO plugin. -->","yoast_head_json":{"title":"San Gallo d\u00e0 una mano ad Andr\u00e9 Meier - Schweizer Musikzeitung","robots":{"index":"index","follow":"follow","max-snippet":"max-snippet:-1","max-image-preview":"max-image-preview:large","max-video-preview":"max-video-preview:-1"},"canonical":"https:\/\/www.musikzeitung.ch\/it\/politik\/2016\/05\/st-gallen-greift-andre-meier-unter-die-arme\/","og_locale":"it_IT","og_type":"article","og_title":"St. Gallen greift Andr\u00e9 Meier unter die Arme - Schweizer Musikzeitung","og_description":"Die Stadt St.Gallen vergibt 2016 sechs Werkbeitr\u00e4ge in der H\u00f6he von je CHF 10\u2018000. Insgesamt sind 33 Bewerbungen aus allen Sparten beurteilt worden. In der Musik kommt der Trompeter und Komponist Andr\u00e9 Meier in den Genuss der F\u00f6rderung.","og_url":"https:\/\/www.musikzeitung.ch\/it\/politik\/2016\/05\/st-gallen-greift-andre-meier-unter-die-arme\/","og_site_name":"Schweizer Musikzeitung","article_publisher":"https:\/\/www.facebook.com\/SchweizerMusikzeitung\/","article_published_time":"2016-05-01T23:00:00+00:00","og_image":[{"width":554,"height":415,"url":"https:\/\/www.musikzeitung.ch\/wp-content\/uploads\/2023\/01\/745018_original_R_B_by_Erich-Westendarp_pixelio.de_.jpg","type":"image\/jpeg"}],"author":"Musikzeitung-Redaktion","twitter_card":"summary_large_image","twitter_creator":"@smusikzeitung","twitter_site":"@smusikzeitung","twitter_misc":{"Scritto da":"Musikzeitung-Redaktion","Tempo di lettura stimato":"1 minuto"},"schema":{"@context":"https:\/\/schema.org","@graph":[{"@type":"Article","@id":"https:\/\/www.musikzeitung.ch\/politik\/2016\/05\/st-gallen-greift-andre-meier-unter-die-arme#article","isPartOf":{"@id":"https:\/\/www.musikzeitung.ch\/politik\/2016\/05\/st-gallen-greift-andre-meier-unter-die-arme"},"author":{"name":"Musikzeitung-Redaktion","@id":"https:\/\/www.musikzeitung.ch\/#\/schema\/person\/b2fd892c800856270b9dcc6001265712"},"headline":"St. Gallen greift Andr\u00e9 Meier unter die Arme","datePublished":"2016-05-01T23:00:00+00:00","mainEntityOfPage":{"@id":"https:\/\/www.musikzeitung.ch\/politik\/2016\/05\/st-gallen-greift-andre-meier-unter-die-arme"},"wordCount":186,"commentCount":0,"publisher":{"@id":"https:\/\/www.musikzeitung.ch\/#organization"},"image":{"@id":"https:\/\/www.musikzeitung.ch\/politik\/2016\/05\/st-gallen-greift-andre-meier-unter-die-arme#primaryimage"},"thumbnailUrl":"https:\/\/www.musikzeitung.ch\/wp-content\/uploads\/2023\/01\/745018_original_R_B_by_Erich-Westendarp_pixelio.de_.jpg","articleSection":["Kantone und Gemeinden","Politik"],"inLanguage":"it-IT"},{"@type":"WebPage","@id":"https:\/\/www.musikzeitung.ch\/politik\/2016\/05\/st-gallen-greift-andre-meier-unter-die-arme","url":"https:\/\/www.musikzeitung.ch\/politik\/2016\/05\/st-gallen-greift-andre-meier-unter-die-arme","name":"San Gallo d\u00e0 una mano ad Andr\u00e9 Meier - Schweizer Musikzeitung","isPartOf":{"@id":"https:\/\/www.musikzeitung.ch\/#website"},"primaryImageOfPage":{"@id":"https:\/\/www.musikzeitung.ch\/politik\/2016\/05\/st-gallen-greift-andre-meier-unter-die-arme#primaryimage"},"image":{"@id":"https:\/\/www.musikzeitung.ch\/politik\/2016\/05\/st-gallen-greift-andre-meier-unter-die-arme#primaryimage"},"thumbnailUrl":"https:\/\/www.musikzeitung.ch\/wp-content\/uploads\/2023\/01\/745018_original_R_B_by_Erich-Westendarp_pixelio.de_.jpg","datePublished":"2016-05-01T23:00:00+00:00","breadcrumb":{"@id":"https:\/\/www.musikzeitung.ch\/politik\/2016\/05\/st-gallen-greift-andre-meier-unter-die-arme#breadcrumb"},"inLanguage":"it-IT","potentialAction":[{"@type":"ReadAction","target":["https:\/\/www.musikzeitung.ch\/politik\/2016\/05\/st-gallen-greift-andre-meier-unter-die-arme"]}]},{"@type":"ImageObject","inLanguage":"it-IT","@id":"https:\/\/www.musikzeitung.ch\/politik\/2016\/05\/st-gallen-greift-andre-meier-unter-die-arme#primaryimage","url":"https:\/\/www.musikzeitung.ch\/wp-content\/uploads\/2023\/01\/745018_original_R_B_by_Erich-Westendarp_pixelio.de_.jpg","contentUrl":"https:\/\/www.musikzeitung.ch\/wp-content\/uploads\/2023\/01\/745018_original_R_B_by_Erich-Westendarp_pixelio.de_.jpg","width":554,"height":415},{"@type":"BreadcrumbList","@id":"https:\/\/www.musikzeitung.ch\/politik\/2016\/05\/st-gallen-greift-andre-meier-unter-die-arme#breadcrumb","itemListElement":[{"@type":"ListItem","position":1,"name":"Home","item":"https:\/\/www.musikzeitung.ch\/"},{"@type":"ListItem","position":2,"name":"St. Gallen greift Andr\u00e9 Meier unter die Arme"}]},{"@type":"WebSite","@id":"https:\/\/www.musikzeitung.ch\/#website","url":"https:\/\/www.musikzeitung.ch\/","name":"Giornale musicale svizzero","description":"Il principale mensile interdisciplinare della Svizzera per le questioni musicali.","publisher":{"@id":"https:\/\/www.musikzeitung.ch\/#organization"},"potentialAction":[{"@type":"SearchAction","target":{"@type":"EntryPoint","urlTemplate":"https:\/\/www.musikzeitung.ch\/?s={search_term_string}"},"query-input":{"@type":"PropertyValueSpecification","valueRequired":true,"valueName":"search_term_string"}}],"inLanguage":"it-IT"},{"@type":"Organization","@id":"https:\/\/www.musikzeitung.ch\/#organization","name":"Giornale musicale svizzero","url":"https:\/\/www.musikzeitung.ch\/","logo":{"@type":"ImageObject","inLanguage":"it-IT","@id":"https:\/\/www.musikzeitung.ch\/#\/schema\/logo\/image\/","url":"https:\/\/www.musikzeitung.ch\/wp-content\/uploads\/2023\/01\/SMZ_Schriftzug_Sprache.png","contentUrl":"https:\/\/www.musikzeitung.ch\/wp-content\/uploads\/2023\/01\/SMZ_Schriftzug_Sprache.png","width":1400,"height":279,"caption":"Schweizer Musikzeitung"},"image":{"@id":"https:\/\/www.musikzeitung.ch\/#\/schema\/logo\/image\/"},"sameAs":["https:\/\/www.facebook.com\/SchweizerMusikzeitung\/","https:\/\/x.com\/smusikzeitung","https:\/\/www.instagram.com\/musikzeitung.ch\/"]},{"@type":"Person","@id":"https:\/\/www.musikzeitung.ch\/#\/schema\/person\/b2fd892c800856270b9dcc6001265712","name":"Redazione Musikzeitung","image":{"@type":"ImageObject","inLanguage":"it-IT","@id":"https:\/\/www.musikzeitung.ch\/wp-content\/uploads\/2022\/05\/usericon_musikzeitung-96x96.jpg","url":"https:\/\/www.musikzeitung.ch\/wp-content\/uploads\/2022\/05\/usericon_musikzeitung-96x96.jpg","contentUrl":"https:\/\/www.musikzeitung.ch\/wp-content\/uploads\/2022\/05\/usericon_musikzeitung-96x96.jpg","caption":"Musikzeitung-Redaktion"},"url":"https:\/\/www.musikzeitung.ch\/it\/author\/admin"}]}},"publishpress_future_workflow_manual_trigger":{"enabledWorkflows":[]},"_links":{"self":[{"href":"https:\/\/www.musikzeitung.ch\/it\/wp-json\/wp\/v2\/posts\/5291","targetHints":{"allow":["GET"]}}],"collection":[{"href":"https:\/\/www.musikzeitung.ch\/it\/wp-json\/wp\/v2\/posts"}],"about":[{"href":"https:\/\/www.musikzeitung.ch\/it\/wp-json\/wp\/v2\/types\/post"}],"author":[{"embeddable":true,"href":"https:\/\/www.musikzeitung.ch\/it\/wp-json\/wp\/v2\/users\/1"}],"replies":[{"embeddable":true,"href":"https:\/\/www.musikzeitung.ch\/it\/wp-json\/wp\/v2\/comments?post=5291"}],"version-history":[{"count":0,"href":"https:\/\/www.musikzeitung.ch\/it\/wp-json\/wp\/v2\/posts\/5291\/revisions"}],"wp:featuredmedia":[{"embeddable":true,"href":"https:\/\/www.musikzeitung.ch\/it\/wp-json\/wp\/v2\/media\/5292"}],"wp:attachment":[{"href":"https:\/\/www.musikzeitung.ch\/it\/wp-json\/wp\/v2\/media?parent=5291"}],"wp:term":[{"taxonomy":"category","embeddable":true,"href":"https:\/\/www.musikzeitung.ch\/it\/wp-json\/wp\/v2\/categories?post=5291"},{"taxonomy":"post_tag","embeddable":true,"href":"https:\/\/www.musikzeitung.ch\/it\/wp-json\/wp\/v2\/tags?post=5291"}],"curies":[{"name":"wp","href":"https:\/\/api.w.org\/{rel}","templated":true}]}}