{"id":53160,"date":"2024-03-14T06:09:40","date_gmt":"2024-03-14T05:09:40","guid":{"rendered":"https:\/\/www.musikzeitung.ch\/?p=53160"},"modified":"2024-03-20T09:36:58","modified_gmt":"2024-03-20T08:36:58","slug":"fachinformationsdienst-musikwissenschaft-wird-fortgefuehrt","status":"publish","type":"post","link":"https:\/\/www.musikzeitung.ch\/it\/news\/2024\/03\/fachinformationsdienst-musikwissenschaft-wird-fortgefuehrt","title":{"rendered":"Proseguimento del servizio di informazione specializzata in musicologia"},"content":{"rendered":"<figure id=\"attachment_53161\" aria-describedby=\"caption-attachment-53161\" style=\"width: 489px\" class=\"wp-caption aligncenter\"><img loading=\"lazy\" decoding=\"async\" class=\"wp-image-53161\" src=\"https:\/\/www.musikzeitung.ch\/wp-content\/uploads\/2024\/03\/240314musiconn.jpg\" alt=\"\" width=\"489\" height=\"245\" srcset=\"https:\/\/www.musikzeitung.ch\/wp-content\/uploads\/2024\/03\/240314musiconn.jpg 1400w, https:\/\/www.musikzeitung.ch\/wp-content\/uploads\/2024\/03\/240314musiconn-300x150.jpg 300w, https:\/\/www.musikzeitung.ch\/wp-content\/uploads\/2024\/03\/240314musiconn-1024x513.jpg 1024w, https:\/\/www.musikzeitung.ch\/wp-content\/uploads\/2024\/03\/240314musiconn-768x385.jpg 768w, https:\/\/www.musikzeitung.ch\/wp-content\/uploads\/2024\/03\/240314musiconn-1536x769.jpg 1536w, https:\/\/www.musikzeitung.ch\/wp-content\/uploads\/2024\/03\/240314musiconn-349x175.jpg 349w, https:\/\/www.musikzeitung.ch\/wp-content\/uploads\/2024\/03\/240314musiconn-699x350.jpg 699w, https:\/\/www.musikzeitung.ch\/wp-content\/uploads\/2024\/03\/240314musiconn-1597x800.jpg 1597w, https:\/\/www.musikzeitung.ch\/wp-content\/uploads\/2024\/03\/240314musiconn-920x461.jpg 920w\" sizes=\"auto, (max-width: 489px) 100vw, 489px\" \/><figcaption id=\"caption-attachment-53161\" class=\"wp-caption-text\">(Immagine: sito web di Musiconn)<\/figcaption><\/figure>\n<p>Il volume di finanziamento della quinta fase \u00e8 di circa 2,4 milioni di euro. L'obiettivo del progetto infrastrutturale \u00e8 quello di fornire servizi informativi rilevanti per la ricerca musicologica in Germania. Nei prossimi tre anni, la Bayerische Staatsbibliothek (BSB) e la S\u00e4chsische Landesbibliothek - Staats- und Universit\u00e4tsbibliothek Dresden amplieranno i loro servizi gi\u00e0 consolidati.<\/p>\n<p>Sotto il marchio comune \"musiconn. Per una musicologia in rete\", i servizi esistenti vengono continuamente ampliati e ottimizzati. Tra questi, la fornitura e lo sviluppo tecnico del catalogo online del R\u00e9pertoire International des Sources Musicales (catalogo RISM) presso la BSB. Con oltre 1,5 milioni di fonti musicali, questo strumento di catalogazione \u00e8 il pi\u00f9 autorevole database del suo genere al mondo.<\/p>\n<p><strong>Link:<\/strong> <a href=\"http:\/\/www.musiconn.de\" target=\"_blank\" rel=\"noopener\">www.musiconn.de<\/a><\/p>","protected":false},"excerpt":{"rendered":"<p>Le biblioteche bavaresi e sassoni stanno lanciando la quinta fase del Servizio di informazione specializzata (FID) per la musicologia, un progetto finanziato dalla Fondazione tedesca per la ricerca dal 2014 e ora esteso per altri tre anni. <\/p>","protected":false},"author":30,"featured_media":53161,"comment_status":"closed","ping_status":"closed","sticky":false,"template":"","format":"standard","meta":{"_acf_changed":false,"_relevanssi_hide_post":"","_relevanssi_hide_content":"","_relevanssi_pin_for_all":"","_relevanssi_pin_keywords":"","_relevanssi_unpin_keywords":"","_relevanssi_related_keywords":"","_relevanssi_related_include_ids":"","_relevanssi_related_exclude_ids":"","_relevanssi_related_no_append":"","_relevanssi_related_not_related":"","_relevanssi_related_posts":"","_relevanssi_noindex_reason":"","pgc_sgb_lightbox_settings":"","footnotes":""},"categories":[27],"tags":[3829,3828],"class_list":["post-53160","post","type-post","status-publish","format-standard","has-post-thumbnail","hentry","category-news","tag-fachinformationsdienst-musikwissenschaft","tag-musiconn"],"acf":[],"yoast_head":"<!-- This site is optimized with the Yoast SEO plugin v27.4 - https:\/\/yoast.com\/product\/yoast-seo-wordpress\/ -->\n<title>Fachinformationsdienst Musikwissenschaft wird fortgef\u00fchrt - Schweizer Musikzeitung<\/title>\n<meta name=\"description\" content=\"Bayerische und S\u00e4chsische Bibliotheken starten die f\u00fcnfte Phase des Fachinformationsdienstes (FID) Musikwissenschaft.\" \/>\n<meta name=\"robots\" content=\"index, follow, max-snippet:-1, max-image-preview:large, max-video-preview:-1\" \/>\n<link rel=\"canonical\" href=\"https:\/\/www.musikzeitung.ch\/it\/news\/2024\/03\/fachinformationsdienst-musikwissenschaft-wird-fortgefuehrt\/\" \/>\n<meta property=\"og:locale\" content=\"it_IT\" \/>\n<meta property=\"og:type\" content=\"article\" \/>\n<meta property=\"og:title\" content=\"Fachinformationsdienst Musikwissenschaft wird fortgef\u00fchrt - Schweizer Musikzeitung\" \/>\n<meta property=\"og:description\" content=\"Bayerische und S\u00e4chsische Bibliotheken starten die f\u00fcnfte Phase des Fachinformationsdienstes (FID) Musikwissenschaft.\" \/>\n<meta property=\"og:url\" content=\"https:\/\/www.musikzeitung.ch\/it\/news\/2024\/03\/fachinformationsdienst-musikwissenschaft-wird-fortgefuehrt\/\" \/>\n<meta property=\"og:site_name\" content=\"Schweizer Musikzeitung\" \/>\n<meta property=\"article:publisher\" content=\"https:\/\/www.facebook.com\/SchweizerMusikzeitung\/\" \/>\n<meta property=\"article:author\" content=\"https:\/\/www.facebook.com\/wolfgang.bohler.75\" \/>\n<meta property=\"article:published_time\" content=\"2024-03-14T05:09:40+00:00\" \/>\n<meta property=\"article:modified_time\" content=\"2024-03-20T08:36:58+00:00\" \/>\n<meta property=\"og:image\" content=\"https:\/\/www.musikzeitung.ch\/wp-content\/uploads\/2024\/03\/240314musiconn.jpg\" \/>\n\t<meta property=\"og:image:width\" content=\"1400\" \/>\n\t<meta property=\"og:image:height\" content=\"701\" \/>\n\t<meta property=\"og:image:type\" content=\"image\/jpeg\" \/>\n<meta name=\"author\" content=\"Wolfgang B\u00f6hler\" \/>\n<meta name=\"twitter:card\" content=\"summary_large_image\" \/>\n<meta name=\"twitter:creator\" content=\"@smusikzeitung\" \/>\n<meta name=\"twitter:site\" content=\"@smusikzeitung\" \/>\n<meta name=\"twitter:label1\" content=\"Scritto da\" \/>\n\t<meta name=\"twitter:data1\" content=\"Wolfgang B\u00f6hler\" \/>\n\t<meta name=\"twitter:label2\" content=\"Tempo di lettura stimato\" \/>\n\t<meta name=\"twitter:data2\" content=\"2 minuti\" \/>\n<script type=\"application\/ld+json\" class=\"yoast-schema-graph\">{\"@context\":\"https:\\\/\\\/schema.org\",\"@graph\":[{\"@type\":\"Article\",\"@id\":\"https:\\\/\\\/www.musikzeitung.ch\\\/news\\\/2024\\\/03\\\/fachinformationsdienst-musikwissenschaft-wird-fortgefuehrt#article\",\"isPartOf\":{\"@id\":\"https:\\\/\\\/www.musikzeitung.ch\\\/news\\\/2024\\\/03\\\/fachinformationsdienst-musikwissenschaft-wird-fortgefuehrt\"},\"author\":{\"name\":\"Wolfgang B\u00f6hler\",\"@id\":\"https:\\\/\\\/www.musikzeitung.ch\\\/#\\\/schema\\\/person\\\/0da4fb82d243f1252850a35d0e87cf0c\"},\"headline\":\"Fachinformationsdienst Musikwissenschaft wird fortgef\u00fchrt\",\"datePublished\":\"2024-03-14T05:09:40+00:00\",\"dateModified\":\"2024-03-20T08:36:58+00:00\",\"mainEntityOfPage\":{\"@id\":\"https:\\\/\\\/www.musikzeitung.ch\\\/news\\\/2024\\\/03\\\/fachinformationsdienst-musikwissenschaft-wird-fortgefuehrt\"},\"wordCount\":125,\"publisher\":{\"@id\":\"https:\\\/\\\/www.musikzeitung.ch\\\/#organization\"},\"image\":{\"@id\":\"https:\\\/\\\/www.musikzeitung.ch\\\/news\\\/2024\\\/03\\\/fachinformationsdienst-musikwissenschaft-wird-fortgefuehrt#primaryimage\"},\"thumbnailUrl\":\"https:\\\/\\\/www.musikzeitung.ch\\\/wp-content\\\/uploads\\\/2024\\\/03\\\/240314musiconn.jpg\",\"keywords\":[\"Fachinformationsdienst Musikwissenschaft\",\"Musiconn\"],\"articleSection\":[\"News\"],\"inLanguage\":\"it-IT\"},{\"@type\":\"WebPage\",\"@id\":\"https:\\\/\\\/www.musikzeitung.ch\\\/news\\\/2024\\\/03\\\/fachinformationsdienst-musikwissenschaft-wird-fortgefuehrt\",\"url\":\"https:\\\/\\\/www.musikzeitung.ch\\\/news\\\/2024\\\/03\\\/fachinformationsdienst-musikwissenschaft-wird-fortgefuehrt\",\"name\":\"Fachinformationsdienst Musikwissenschaft wird fortgef\u00fchrt - Schweizer Musikzeitung\",\"isPartOf\":{\"@id\":\"https:\\\/\\\/www.musikzeitung.ch\\\/#website\"},\"primaryImageOfPage\":{\"@id\":\"https:\\\/\\\/www.musikzeitung.ch\\\/news\\\/2024\\\/03\\\/fachinformationsdienst-musikwissenschaft-wird-fortgefuehrt#primaryimage\"},\"image\":{\"@id\":\"https:\\\/\\\/www.musikzeitung.ch\\\/news\\\/2024\\\/03\\\/fachinformationsdienst-musikwissenschaft-wird-fortgefuehrt#primaryimage\"},\"thumbnailUrl\":\"https:\\\/\\\/www.musikzeitung.ch\\\/wp-content\\\/uploads\\\/2024\\\/03\\\/240314musiconn.jpg\",\"datePublished\":\"2024-03-14T05:09:40+00:00\",\"dateModified\":\"2024-03-20T08:36:58+00:00\",\"description\":\"Bayerische und S\u00e4chsische Bibliotheken starten die f\u00fcnfte Phase des Fachinformationsdienstes (FID) Musikwissenschaft.\",\"breadcrumb\":{\"@id\":\"https:\\\/\\\/www.musikzeitung.ch\\\/news\\\/2024\\\/03\\\/fachinformationsdienst-musikwissenschaft-wird-fortgefuehrt#breadcrumb\"},\"inLanguage\":\"it-IT\",\"potentialAction\":[{\"@type\":\"ReadAction\",\"target\":[\"https:\\\/\\\/www.musikzeitung.ch\\\/news\\\/2024\\\/03\\\/fachinformationsdienst-musikwissenschaft-wird-fortgefuehrt\"]}]},{\"@type\":\"ImageObject\",\"inLanguage\":\"it-IT\",\"@id\":\"https:\\\/\\\/www.musikzeitung.ch\\\/news\\\/2024\\\/03\\\/fachinformationsdienst-musikwissenschaft-wird-fortgefuehrt#primaryimage\",\"url\":\"https:\\\/\\\/www.musikzeitung.ch\\\/wp-content\\\/uploads\\\/2024\\\/03\\\/240314musiconn.jpg\",\"contentUrl\":\"https:\\\/\\\/www.musikzeitung.ch\\\/wp-content\\\/uploads\\\/2024\\\/03\\\/240314musiconn.jpg\",\"width\":1400,\"height\":701,\"caption\":\"(Bild: Webseite Musiconn)\"},{\"@type\":\"BreadcrumbList\",\"@id\":\"https:\\\/\\\/www.musikzeitung.ch\\\/news\\\/2024\\\/03\\\/fachinformationsdienst-musikwissenschaft-wird-fortgefuehrt#breadcrumb\",\"itemListElement\":[{\"@type\":\"ListItem\",\"position\":1,\"name\":\"Home\",\"item\":\"https:\\\/\\\/www.musikzeitung.ch\\\/\"},{\"@type\":\"ListItem\",\"position\":2,\"name\":\"Fachinformationsdienst Musikwissenschaft wird fortgef\u00fchrt\"}]},{\"@type\":\"WebSite\",\"@id\":\"https:\\\/\\\/www.musikzeitung.ch\\\/#website\",\"url\":\"https:\\\/\\\/www.musikzeitung.ch\\\/\",\"name\":\"Schweizer Musikzeitung\",\"description\":\"Die f\u00fchrende sparten\u00fcbergreifende Monatszeitung in der Schweiz f\u00fcr musikalische Fragen.\",\"publisher\":{\"@id\":\"https:\\\/\\\/www.musikzeitung.ch\\\/#organization\"},\"potentialAction\":[{\"@type\":\"SearchAction\",\"target\":{\"@type\":\"EntryPoint\",\"urlTemplate\":\"https:\\\/\\\/www.musikzeitung.ch\\\/?s={search_term_string}\"},\"query-input\":{\"@type\":\"PropertyValueSpecification\",\"valueRequired\":true,\"valueName\":\"search_term_string\"}}],\"inLanguage\":\"it-IT\"},{\"@type\":\"Organization\",\"@id\":\"https:\\\/\\\/www.musikzeitung.ch\\\/#organization\",\"name\":\"Schweizer Musikzeitung\",\"url\":\"https:\\\/\\\/www.musikzeitung.ch\\\/\",\"logo\":{\"@type\":\"ImageObject\",\"inLanguage\":\"it-IT\",\"@id\":\"https:\\\/\\\/www.musikzeitung.ch\\\/#\\\/schema\\\/logo\\\/image\\\/\",\"url\":\"https:\\\/\\\/www.musikzeitung.ch\\\/wp-content\\\/uploads\\\/2023\\\/01\\\/SMZ_Schriftzug_Sprache.png\",\"contentUrl\":\"https:\\\/\\\/www.musikzeitung.ch\\\/wp-content\\\/uploads\\\/2023\\\/01\\\/SMZ_Schriftzug_Sprache.png\",\"width\":1400,\"height\":279,\"caption\":\"Schweizer Musikzeitung\"},\"image\":{\"@id\":\"https:\\\/\\\/www.musikzeitung.ch\\\/#\\\/schema\\\/logo\\\/image\\\/\"},\"sameAs\":[\"https:\\\/\\\/www.facebook.com\\\/SchweizerMusikzeitung\\\/\",\"https:\\\/\\\/x.com\\\/smusikzeitung\",\"https:\\\/\\\/www.instagram.com\\\/musikzeitung.ch\\\/\"]},{\"@type\":\"Person\",\"@id\":\"https:\\\/\\\/www.musikzeitung.ch\\\/#\\\/schema\\\/person\\\/0da4fb82d243f1252850a35d0e87cf0c\",\"name\":\"Wolfgang B\u00f6hler\",\"image\":{\"@type\":\"ImageObject\",\"inLanguage\":\"it-IT\",\"@id\":\"https:\\\/\\\/www.musikzeitung.ch\\\/wp-content\\\/uploads\\\/2023\\\/01\\\/boehler_portraet_web-e1674139782246-96x96.jpg\",\"url\":\"https:\\\/\\\/www.musikzeitung.ch\\\/wp-content\\\/uploads\\\/2023\\\/01\\\/boehler_portraet_web-e1674139782246-96x96.jpg\",\"contentUrl\":\"https:\\\/\\\/www.musikzeitung.ch\\\/wp-content\\\/uploads\\\/2023\\\/01\\\/boehler_portraet_web-e1674139782246-96x96.jpg\",\"caption\":\"Wolfgang B\u00f6hler\"},\"sameAs\":[\"http:\\\/\\\/www.manacanto.ch\",\"https:\\\/\\\/www.facebook.com\\\/wolfgang.bohler.75\"],\"url\":\"https:\\\/\\\/www.musikzeitung.ch\\\/it\\\/author\\\/wolfgang-boehler\"}]}<\/script>\n<!-- \/ Yoast SEO plugin. -->","yoast_head_json":{"title":"Fachinformationsdienst Musikwissenschaft wird fortgef\u00fchrt - Schweizer Musikzeitung","description":"Bayerische und S\u00e4chsische Bibliotheken starten die f\u00fcnfte Phase des Fachinformationsdienstes (FID) Musikwissenschaft.","robots":{"index":"index","follow":"follow","max-snippet":"max-snippet:-1","max-image-preview":"max-image-preview:large","max-video-preview":"max-video-preview:-1"},"canonical":"https:\/\/www.musikzeitung.ch\/it\/news\/2024\/03\/fachinformationsdienst-musikwissenschaft-wird-fortgefuehrt\/","og_locale":"it_IT","og_type":"article","og_title":"Fachinformationsdienst Musikwissenschaft wird fortgef\u00fchrt - Schweizer Musikzeitung","og_description":"Bayerische und S\u00e4chsische Bibliotheken starten die f\u00fcnfte Phase des Fachinformationsdienstes (FID) Musikwissenschaft.","og_url":"https:\/\/www.musikzeitung.ch\/it\/news\/2024\/03\/fachinformationsdienst-musikwissenschaft-wird-fortgefuehrt\/","og_site_name":"Schweizer Musikzeitung","article_publisher":"https:\/\/www.facebook.com\/SchweizerMusikzeitung\/","article_author":"https:\/\/www.facebook.com\/wolfgang.bohler.75","article_published_time":"2024-03-14T05:09:40+00:00","article_modified_time":"2024-03-20T08:36:58+00:00","og_image":[{"width":1400,"height":701,"url":"https:\/\/www.musikzeitung.ch\/wp-content\/uploads\/2024\/03\/240314musiconn.jpg","type":"image\/jpeg"}],"author":"Wolfgang B\u00f6hler","twitter_card":"summary_large_image","twitter_creator":"@smusikzeitung","twitter_site":"@smusikzeitung","twitter_misc":{"Scritto da":"Wolfgang B\u00f6hler","Tempo di lettura stimato":"2 minuti"},"schema":{"@context":"https:\/\/schema.org","@graph":[{"@type":"Article","@id":"https:\/\/www.musikzeitung.ch\/news\/2024\/03\/fachinformationsdienst-musikwissenschaft-wird-fortgefuehrt#article","isPartOf":{"@id":"https:\/\/www.musikzeitung.ch\/news\/2024\/03\/fachinformationsdienst-musikwissenschaft-wird-fortgefuehrt"},"author":{"name":"Wolfgang B\u00f6hler","@id":"https:\/\/www.musikzeitung.ch\/#\/schema\/person\/0da4fb82d243f1252850a35d0e87cf0c"},"headline":"Fachinformationsdienst Musikwissenschaft wird fortgef\u00fchrt","datePublished":"2024-03-14T05:09:40+00:00","dateModified":"2024-03-20T08:36:58+00:00","mainEntityOfPage":{"@id":"https:\/\/www.musikzeitung.ch\/news\/2024\/03\/fachinformationsdienst-musikwissenschaft-wird-fortgefuehrt"},"wordCount":125,"publisher":{"@id":"https:\/\/www.musikzeitung.ch\/#organization"},"image":{"@id":"https:\/\/www.musikzeitung.ch\/news\/2024\/03\/fachinformationsdienst-musikwissenschaft-wird-fortgefuehrt#primaryimage"},"thumbnailUrl":"https:\/\/www.musikzeitung.ch\/wp-content\/uploads\/2024\/03\/240314musiconn.jpg","keywords":["Fachinformationsdienst Musikwissenschaft","Musiconn"],"articleSection":["News"],"inLanguage":"it-IT"},{"@type":"WebPage","@id":"https:\/\/www.musikzeitung.ch\/news\/2024\/03\/fachinformationsdienst-musikwissenschaft-wird-fortgefuehrt","url":"https:\/\/www.musikzeitung.ch\/news\/2024\/03\/fachinformationsdienst-musikwissenschaft-wird-fortgefuehrt","name":"Fachinformationsdienst Musikwissenschaft wird fortgef\u00fchrt - Schweizer Musikzeitung","isPartOf":{"@id":"https:\/\/www.musikzeitung.ch\/#website"},"primaryImageOfPage":{"@id":"https:\/\/www.musikzeitung.ch\/news\/2024\/03\/fachinformationsdienst-musikwissenschaft-wird-fortgefuehrt#primaryimage"},"image":{"@id":"https:\/\/www.musikzeitung.ch\/news\/2024\/03\/fachinformationsdienst-musikwissenschaft-wird-fortgefuehrt#primaryimage"},"thumbnailUrl":"https:\/\/www.musikzeitung.ch\/wp-content\/uploads\/2024\/03\/240314musiconn.jpg","datePublished":"2024-03-14T05:09:40+00:00","dateModified":"2024-03-20T08:36:58+00:00","description":"Bayerische und S\u00e4chsische Bibliotheken starten die f\u00fcnfte Phase des Fachinformationsdienstes (FID) Musikwissenschaft.","breadcrumb":{"@id":"https:\/\/www.musikzeitung.ch\/news\/2024\/03\/fachinformationsdienst-musikwissenschaft-wird-fortgefuehrt#breadcrumb"},"inLanguage":"it-IT","potentialAction":[{"@type":"ReadAction","target":["https:\/\/www.musikzeitung.ch\/news\/2024\/03\/fachinformationsdienst-musikwissenschaft-wird-fortgefuehrt"]}]},{"@type":"ImageObject","inLanguage":"it-IT","@id":"https:\/\/www.musikzeitung.ch\/news\/2024\/03\/fachinformationsdienst-musikwissenschaft-wird-fortgefuehrt#primaryimage","url":"https:\/\/www.musikzeitung.ch\/wp-content\/uploads\/2024\/03\/240314musiconn.jpg","contentUrl":"https:\/\/www.musikzeitung.ch\/wp-content\/uploads\/2024\/03\/240314musiconn.jpg","width":1400,"height":701,"caption":"(Bild: Webseite Musiconn)"},{"@type":"BreadcrumbList","@id":"https:\/\/www.musikzeitung.ch\/news\/2024\/03\/fachinformationsdienst-musikwissenschaft-wird-fortgefuehrt#breadcrumb","itemListElement":[{"@type":"ListItem","position":1,"name":"Home","item":"https:\/\/www.musikzeitung.ch\/"},{"@type":"ListItem","position":2,"name":"Fachinformationsdienst Musikwissenschaft wird fortgef\u00fchrt"}]},{"@type":"WebSite","@id":"https:\/\/www.musikzeitung.ch\/#website","url":"https:\/\/www.musikzeitung.ch\/","name":"Giornale musicale svizzero","description":"Il principale mensile interdisciplinare della Svizzera per le questioni musicali.","publisher":{"@id":"https:\/\/www.musikzeitung.ch\/#organization"},"potentialAction":[{"@type":"SearchAction","target":{"@type":"EntryPoint","urlTemplate":"https:\/\/www.musikzeitung.ch\/?s={search_term_string}"},"query-input":{"@type":"PropertyValueSpecification","valueRequired":true,"valueName":"search_term_string"}}],"inLanguage":"it-IT"},{"@type":"Organization","@id":"https:\/\/www.musikzeitung.ch\/#organization","name":"Giornale musicale svizzero","url":"https:\/\/www.musikzeitung.ch\/","logo":{"@type":"ImageObject","inLanguage":"it-IT","@id":"https:\/\/www.musikzeitung.ch\/#\/schema\/logo\/image\/","url":"https:\/\/www.musikzeitung.ch\/wp-content\/uploads\/2023\/01\/SMZ_Schriftzug_Sprache.png","contentUrl":"https:\/\/www.musikzeitung.ch\/wp-content\/uploads\/2023\/01\/SMZ_Schriftzug_Sprache.png","width":1400,"height":279,"caption":"Schweizer Musikzeitung"},"image":{"@id":"https:\/\/www.musikzeitung.ch\/#\/schema\/logo\/image\/"},"sameAs":["https:\/\/www.facebook.com\/SchweizerMusikzeitung\/","https:\/\/x.com\/smusikzeitung","https:\/\/www.instagram.com\/musikzeitung.ch\/"]},{"@type":"Person","@id":"https:\/\/www.musikzeitung.ch\/#\/schema\/person\/0da4fb82d243f1252850a35d0e87cf0c","name":"Wolfgang B\u00f6hler","image":{"@type":"ImageObject","inLanguage":"it-IT","@id":"https:\/\/www.musikzeitung.ch\/wp-content\/uploads\/2023\/01\/boehler_portraet_web-e1674139782246-96x96.jpg","url":"https:\/\/www.musikzeitung.ch\/wp-content\/uploads\/2023\/01\/boehler_portraet_web-e1674139782246-96x96.jpg","contentUrl":"https:\/\/www.musikzeitung.ch\/wp-content\/uploads\/2023\/01\/boehler_portraet_web-e1674139782246-96x96.jpg","caption":"Wolfgang B\u00f6hler"},"sameAs":["http:\/\/www.manacanto.ch","https:\/\/www.facebook.com\/wolfgang.bohler.75"],"url":"https:\/\/www.musikzeitung.ch\/it\/author\/wolfgang-boehler"}]}},"publishpress_future_workflow_manual_trigger":{"enabledWorkflows":[]},"_links":{"self":[{"href":"https:\/\/www.musikzeitung.ch\/it\/wp-json\/wp\/v2\/posts\/53160","targetHints":{"allow":["GET"]}}],"collection":[{"href":"https:\/\/www.musikzeitung.ch\/it\/wp-json\/wp\/v2\/posts"}],"about":[{"href":"https:\/\/www.musikzeitung.ch\/it\/wp-json\/wp\/v2\/types\/post"}],"author":[{"embeddable":true,"href":"https:\/\/www.musikzeitung.ch\/it\/wp-json\/wp\/v2\/users\/30"}],"replies":[{"embeddable":true,"href":"https:\/\/www.musikzeitung.ch\/it\/wp-json\/wp\/v2\/comments?post=53160"}],"version-history":[{"count":3,"href":"https:\/\/www.musikzeitung.ch\/it\/wp-json\/wp\/v2\/posts\/53160\/revisions"}],"predecessor-version":[{"id":53285,"href":"https:\/\/www.musikzeitung.ch\/it\/wp-json\/wp\/v2\/posts\/53160\/revisions\/53285"}],"wp:featuredmedia":[{"embeddable":true,"href":"https:\/\/www.musikzeitung.ch\/it\/wp-json\/wp\/v2\/media\/53161"}],"wp:attachment":[{"href":"https:\/\/www.musikzeitung.ch\/it\/wp-json\/wp\/v2\/media?parent=53160"}],"wp:term":[{"taxonomy":"category","embeddable":true,"href":"https:\/\/www.musikzeitung.ch\/it\/wp-json\/wp\/v2\/categories?post=53160"},{"taxonomy":"post_tag","embeddable":true,"href":"https:\/\/www.musikzeitung.ch\/it\/wp-json\/wp\/v2\/tags?post=53160"}],"curies":[{"name":"wp","href":"https:\/\/api.w.org\/{rel}","templated":true}]}}