{"id":5319,"date":"2016-03-07T00:00:00","date_gmt":"2016-03-06T23:00:00","guid":{"rendered":"https:\/\/www.musikzeitung.ch\/allgemein\/winterthur-veraergert-ueber-musikschulgesetz-aus\/"},"modified":"2016-03-07T00:00:00","modified_gmt":"2016-03-06T23:00:00","slug":"winterthur-veraergert-ueber-musikschulgesetz-aus","status":"publish","type":"post","link":"https:\/\/www.musikzeitung.ch\/it\/politik\/2016\/03\/winterthur-veraergert-ueber-musikschulgesetz-aus","title":{"rendered":"Winterthur irritata per la cancellazione della legge sulla scuola di musica"},"content":{"rendered":"<figure style=\"width: 1200px\" class=\"wp-caption alignnone\"><img decoding=\"async\" class=\"size-full\" src=\"https:\/\/www.musikzeitung.ch\/wp-content\/uploads\/2023\/01\/Stadtrat_Winterthur_0025.jpg\" alt=\"\" \/><figcaption class=\"wp-caption-text\">Consiglio comunale di Winterthur (vedi sotto). Immagine: Peter Sch\u00f6nenberger<\/figcaption><\/figure>\n<div class='text-section'>\n<p>Se il Consiglio cantonale seguir\u00e0 la proposta della commissione, si sottrarr\u00e0 alla sua responsabilit\u00e0 di stabilire condizioni quadro chiare per l'educazione musicale in tutto il Cantone, scrive il consigliere comunale di Winterthur. Inoltre, non rispetterebbe il mandato costituzionale di promuovere la musica giovanile ai sensi dell'art. 67a della Costituzione federale.<\/p>\n<p>Pur ritenendo troppo basso il contributo richiesto per il funzionamento delle scuole di musica, il Comune sostiene la legge sulle scuole di musica come base giuridica. L'attuale ordinanza sulle scuole di musica emanata dal governo cantonale non soddisfa questi requisiti.<\/p>\n<p>Con un <a href='\/de\/politik\/kantone-und-gemeinden\/2016\/03\/kein-musikschulgesetz-fuer-zuerich.html'>Non accettazione della proposta<\/a> Secondo il Comune di Winterthur, il Consiglio cantonale si sottrae alla sua responsabilit\u00e0 di organo legislativo. Come il governo cantonale, anche il Comune \u00e8 convinto che sia necessaria una regolamentazione giuridica cantonale per le lezioni della scuola di musica, da un lato come base per le future decisioni politiche, dall'altro come base per il finanziamento dei programmi della scuola di musica per i bambini provenienti da fuori citt\u00e0 e per dare alle scuole di musica una certa sicurezza di pianificazione.<\/p>\n<p>Inoltre, la legge contiene il mandato costituzionale di rendere l'istruzione musicale accessibile a tutti e di stabilire norme standardizzate per promuovere i musicisti di talento. Il Consiglio comunale sarebbe quindi molto lieto se la maggioranza del Consiglio cantonale sostenesse il progetto di legge, ne discutesse i dettagli e approvasse una risoluzione nell'ambito del dibattito in Consiglio.<\/p>\n<p>Dopo oltre dieci anni di discussioni e nonostante il consenso unanime nel processo di consultazione sulla necessit\u00e0 di una base giuridica per l'educazione musicale in generale e per la promozione dei bambini dotati in particolare, la commissione preliminare del Consiglio cantonale di Zurigo ha deciso di non sostenere il progetto di legge del governo. <br \/> \u00a0<\/p>\n<p><em>Da sinistra a destra: Josef Lisibach, Nicolas Gallad\u00e9, Yvonne Beutler, Stefan Fritschi, Michael K\u00fcnzle, Barbara G\u00fcnthard-Maier, Matthias Gfeller, Ansgar Simon<\/em><\/p>\n<\/div>","protected":false},"excerpt":{"rendered":"<p><strong>La decisione della Commissione per l'educazione e la cultura del Cantone di Zurigo (KBIK) di non entrare nemmeno nel dibattito sulla nuova legge sulle scuole di musica non \u00e8 comprensibile per il Comune di Winterthur. \u00c8 fortemente critico. <\/strong><\/p>","protected":false},"author":1,"featured_media":5320,"comment_status":"open","ping_status":"open","sticky":false,"template":"","format":"standard","meta":{"_acf_changed":false,"_relevanssi_hide_post":"","_relevanssi_hide_content":"","_relevanssi_pin_for_all":"","_relevanssi_pin_keywords":"","_relevanssi_unpin_keywords":"","_relevanssi_related_keywords":"","_relevanssi_related_include_ids":"","_relevanssi_related_exclude_ids":"","_relevanssi_related_no_append":"","_relevanssi_related_not_related":"","_relevanssi_related_posts":"","_relevanssi_noindex_reason":"","pgc_sgb_lightbox_settings":"","footnotes":""},"categories":[1081,767],"tags":[],"class_list":["post-5319","post","type-post","status-publish","format-standard","has-post-thumbnail","hentry","category-kantone-und-gemeinden","category-politik"],"acf":{"author":""},"yoast_head":"<!-- This site is optimized with the Yoast SEO plugin v28.4 - https:\/\/yoast.com\/product\/yoast-seo-wordpress\/ -->\n<title>Winterthur ver\u00e4rgert \u00fcber Musikschulgesetz-Aus - Schweizer Musikzeitung<\/title>\n<meta name=\"robots\" content=\"index, follow, max-snippet:-1, max-image-preview:large, max-video-preview:-1\" \/>\n<link rel=\"canonical\" href=\"https:\/\/www.musikzeitung.ch\/it\/politik\/2016\/03\/winterthur-veraergert-ueber-musikschulgesetz-aus\/\" \/>\n<meta property=\"og:locale\" content=\"it_IT\" \/>\n<meta property=\"og:type\" content=\"article\" \/>\n<meta property=\"og:title\" content=\"Winterthur ver\u00e4rgert \u00fcber Musikschulgesetz-Aus - Schweizer Musikzeitung\" \/>\n<meta property=\"og:description\" content=\"Den Entscheid der Kommission f\u00fcr Bildung und Kultur (KBIK) des Kantons Z\u00fcrich, erst gar nicht auf die Debatte zu einem neuen Musikschulgesetz einzutreten, kann der Winterthurer Stadtrat nicht nachvollziehen. Er \u00fcbt scharfe Kritik.\" \/>\n<meta property=\"og:url\" content=\"https:\/\/www.musikzeitung.ch\/it\/politik\/2016\/03\/winterthur-veraergert-ueber-musikschulgesetz-aus\/\" \/>\n<meta property=\"og:site_name\" content=\"Schweizer Musikzeitung\" \/>\n<meta property=\"article:publisher\" content=\"https:\/\/www.facebook.com\/SchweizerMusikzeitung\/\" \/>\n<meta property=\"article:published_time\" content=\"2016-03-06T23:00:00+00:00\" \/>\n<meta property=\"og:image\" content=\"https:\/\/www.musikzeitung.ch\/wp-content\/uploads\/2023\/01\/Stadtrat_Winterthur_0025.jpg\" \/>\n\t<meta property=\"og:image:width\" content=\"554\" \/>\n\t<meta property=\"og:image:height\" content=\"428\" \/>\n\t<meta property=\"og:image:type\" content=\"image\/jpeg\" \/>\n<meta name=\"author\" content=\"Musikzeitung-Redaktion\" \/>\n<meta name=\"twitter:card\" content=\"summary_large_image\" \/>\n<meta name=\"twitter:creator\" content=\"@smusikzeitung\" \/>\n<meta name=\"twitter:site\" content=\"@smusikzeitung\" \/>\n<meta name=\"twitter:label1\" content=\"Scritto da\" \/>\n\t<meta name=\"twitter:data1\" content=\"Musikzeitung-Redaktion\" \/>\n\t<meta name=\"twitter:label2\" content=\"Tempo di lettura stimato\" \/>\n\t<meta name=\"twitter:data2\" content=\"1 minuto\" \/>\n<script type=\"application\/ld+json\" class=\"yoast-schema-graph\">{\"@context\":\"https:\\\/\\\/schema.org\",\"@graph\":[{\"@type\":\"Article\",\"@id\":\"https:\\\/\\\/www.musikzeitung.ch\\\/politik\\\/2016\\\/03\\\/winterthur-veraergert-ueber-musikschulgesetz-aus#article\",\"isPartOf\":{\"@id\":\"https:\\\/\\\/www.musikzeitung.ch\\\/politik\\\/2016\\\/03\\\/winterthur-veraergert-ueber-musikschulgesetz-aus\"},\"author\":{\"name\":\"Musikzeitung-Redaktion\",\"@id\":\"https:\\\/\\\/www.musikzeitung.ch\\\/#\\\/schema\\\/person\\\/b2fd892c800856270b9dcc6001265712\"},\"headline\":\"Winterthur ver\u00e4rgert \u00fcber Musikschulgesetz-Aus\",\"datePublished\":\"2016-03-06T23:00:00+00:00\",\"mainEntityOfPage\":{\"@id\":\"https:\\\/\\\/www.musikzeitung.ch\\\/politik\\\/2016\\\/03\\\/winterthur-veraergert-ueber-musikschulgesetz-aus\"},\"wordCount\":290,\"commentCount\":0,\"publisher\":{\"@id\":\"https:\\\/\\\/www.musikzeitung.ch\\\/#organization\"},\"image\":{\"@id\":\"https:\\\/\\\/www.musikzeitung.ch\\\/politik\\\/2016\\\/03\\\/winterthur-veraergert-ueber-musikschulgesetz-aus#primaryimage\"},\"thumbnailUrl\":\"https:\\\/\\\/www.musikzeitung.ch\\\/wp-content\\\/uploads\\\/2023\\\/01\\\/Stadtrat_Winterthur_0025.jpg\",\"articleSection\":[\"Kantone und Gemeinden\",\"Politik\"],\"inLanguage\":\"it-IT\"},{\"@type\":\"WebPage\",\"@id\":\"https:\\\/\\\/www.musikzeitung.ch\\\/politik\\\/2016\\\/03\\\/winterthur-veraergert-ueber-musikschulgesetz-aus\",\"url\":\"https:\\\/\\\/www.musikzeitung.ch\\\/politik\\\/2016\\\/03\\\/winterthur-veraergert-ueber-musikschulgesetz-aus\",\"name\":\"Winterthur ver\u00e4rgert \u00fcber Musikschulgesetz-Aus - Schweizer Musikzeitung\",\"isPartOf\":{\"@id\":\"https:\\\/\\\/www.musikzeitung.ch\\\/#website\"},\"primaryImageOfPage\":{\"@id\":\"https:\\\/\\\/www.musikzeitung.ch\\\/politik\\\/2016\\\/03\\\/winterthur-veraergert-ueber-musikschulgesetz-aus#primaryimage\"},\"image\":{\"@id\":\"https:\\\/\\\/www.musikzeitung.ch\\\/politik\\\/2016\\\/03\\\/winterthur-veraergert-ueber-musikschulgesetz-aus#primaryimage\"},\"thumbnailUrl\":\"https:\\\/\\\/www.musikzeitung.ch\\\/wp-content\\\/uploads\\\/2023\\\/01\\\/Stadtrat_Winterthur_0025.jpg\",\"datePublished\":\"2016-03-06T23:00:00+00:00\",\"breadcrumb\":{\"@id\":\"https:\\\/\\\/www.musikzeitung.ch\\\/politik\\\/2016\\\/03\\\/winterthur-veraergert-ueber-musikschulgesetz-aus#breadcrumb\"},\"inLanguage\":\"it-IT\",\"potentialAction\":[{\"@type\":\"ReadAction\",\"target\":[\"https:\\\/\\\/www.musikzeitung.ch\\\/politik\\\/2016\\\/03\\\/winterthur-veraergert-ueber-musikschulgesetz-aus\"]}]},{\"@type\":\"ImageObject\",\"inLanguage\":\"it-IT\",\"@id\":\"https:\\\/\\\/www.musikzeitung.ch\\\/politik\\\/2016\\\/03\\\/winterthur-veraergert-ueber-musikschulgesetz-aus#primaryimage\",\"url\":\"https:\\\/\\\/www.musikzeitung.ch\\\/wp-content\\\/uploads\\\/2023\\\/01\\\/Stadtrat_Winterthur_0025.jpg\",\"contentUrl\":\"https:\\\/\\\/www.musikzeitung.ch\\\/wp-content\\\/uploads\\\/2023\\\/01\\\/Stadtrat_Winterthur_0025.jpg\",\"width\":554,\"height\":428},{\"@type\":\"BreadcrumbList\",\"@id\":\"https:\\\/\\\/www.musikzeitung.ch\\\/politik\\\/2016\\\/03\\\/winterthur-veraergert-ueber-musikschulgesetz-aus#breadcrumb\",\"itemListElement\":[{\"@type\":\"ListItem\",\"position\":1,\"name\":\"Home\",\"item\":\"https:\\\/\\\/www.musikzeitung.ch\\\/\"},{\"@type\":\"ListItem\",\"position\":2,\"name\":\"Winterthur ver\u00e4rgert \u00fcber Musikschulgesetz-Aus\"}]},{\"@type\":\"WebSite\",\"@id\":\"https:\\\/\\\/www.musikzeitung.ch\\\/#website\",\"url\":\"https:\\\/\\\/www.musikzeitung.ch\\\/\",\"name\":\"Schweizer Musikzeitung\",\"description\":\"Die f\u00fchrende sparten\u00fcbergreifende Monatszeitung in der Schweiz f\u00fcr musikalische Fragen.\",\"publisher\":{\"@id\":\"https:\\\/\\\/www.musikzeitung.ch\\\/#organization\"},\"potentialAction\":[{\"@type\":\"SearchAction\",\"target\":{\"@type\":\"EntryPoint\",\"urlTemplate\":\"https:\\\/\\\/www.musikzeitung.ch\\\/?s={search_term_string}\"},\"query-input\":{\"@type\":\"PropertyValueSpecification\",\"valueRequired\":true,\"valueName\":\"search_term_string\"}}],\"inLanguage\":\"it-IT\"},{\"@type\":\"Organization\",\"@id\":\"https:\\\/\\\/www.musikzeitung.ch\\\/#organization\",\"name\":\"Schweizer Musikzeitung\",\"url\":\"https:\\\/\\\/www.musikzeitung.ch\\\/\",\"logo\":{\"@type\":\"ImageObject\",\"inLanguage\":\"it-IT\",\"@id\":\"https:\\\/\\\/www.musikzeitung.ch\\\/#\\\/schema\\\/logo\\\/image\\\/\",\"url\":\"https:\\\/\\\/www.musikzeitung.ch\\\/wp-content\\\/uploads\\\/2023\\\/01\\\/SMZ_Schriftzug_Sprache.png\",\"contentUrl\":\"https:\\\/\\\/www.musikzeitung.ch\\\/wp-content\\\/uploads\\\/2023\\\/01\\\/SMZ_Schriftzug_Sprache.png\",\"width\":1400,\"height\":279,\"caption\":\"Schweizer Musikzeitung\"},\"image\":{\"@id\":\"https:\\\/\\\/www.musikzeitung.ch\\\/#\\\/schema\\\/logo\\\/image\\\/\"},\"sameAs\":[\"https:\\\/\\\/www.facebook.com\\\/SchweizerMusikzeitung\\\/\",\"https:\\\/\\\/x.com\\\/smusikzeitung\",\"https:\\\/\\\/www.instagram.com\\\/musikzeitung.ch\\\/\"]},{\"@type\":\"Person\",\"@id\":\"https:\\\/\\\/www.musikzeitung.ch\\\/#\\\/schema\\\/person\\\/b2fd892c800856270b9dcc6001265712\",\"name\":\"Musikzeitung-Redaktion\",\"image\":{\"@type\":\"ImageObject\",\"inLanguage\":\"it-IT\",\"@id\":\"https:\\\/\\\/www.musikzeitung.ch\\\/wp-content\\\/uploads\\\/2022\\\/05\\\/usericon_musikzeitung-96x96.jpg\",\"url\":\"https:\\\/\\\/www.musikzeitung.ch\\\/wp-content\\\/uploads\\\/2022\\\/05\\\/usericon_musikzeitung-96x96.jpg\",\"contentUrl\":\"https:\\\/\\\/www.musikzeitung.ch\\\/wp-content\\\/uploads\\\/2022\\\/05\\\/usericon_musikzeitung-96x96.jpg\",\"caption\":\"Musikzeitung-Redaktion\"},\"url\":\"https:\\\/\\\/www.musikzeitung.ch\\\/it\\\/author\\\/admin\"}]}<\/script>\n<!-- \/ Yoast SEO plugin. -->","yoast_head_json":{"title":"Winterthur insoddisfatta della bocciatura della legge sulle scuole di musica - Schweizer Musikzeitung","robots":{"index":"index","follow":"follow","max-snippet":"max-snippet:-1","max-image-preview":"max-image-preview:large","max-video-preview":"max-video-preview:-1"},"canonical":"https:\/\/www.musikzeitung.ch\/it\/politik\/2016\/03\/winterthur-veraergert-ueber-musikschulgesetz-aus\/","og_locale":"it_IT","og_type":"article","og_title":"Winterthur ver\u00e4rgert \u00fcber Musikschulgesetz-Aus - Schweizer Musikzeitung","og_description":"Den Entscheid der Kommission f\u00fcr Bildung und Kultur (KBIK) des Kantons Z\u00fcrich, erst gar nicht auf die Debatte zu einem neuen Musikschulgesetz einzutreten, kann der Winterthurer Stadtrat nicht nachvollziehen. Er \u00fcbt scharfe Kritik.","og_url":"https:\/\/www.musikzeitung.ch\/it\/politik\/2016\/03\/winterthur-veraergert-ueber-musikschulgesetz-aus\/","og_site_name":"Schweizer Musikzeitung","article_publisher":"https:\/\/www.facebook.com\/SchweizerMusikzeitung\/","article_published_time":"2016-03-06T23:00:00+00:00","og_image":[{"width":554,"height":428,"url":"https:\/\/www.musikzeitung.ch\/wp-content\/uploads\/2023\/01\/Stadtrat_Winterthur_0025.jpg","type":"image\/jpeg"}],"author":"Musikzeitung-Redaktion","twitter_card":"summary_large_image","twitter_creator":"@smusikzeitung","twitter_site":"@smusikzeitung","twitter_misc":{"Scritto da":"Musikzeitung-Redaktion","Tempo di lettura stimato":"1 minuto"},"schema":{"@context":"https:\/\/schema.org","@graph":[{"@type":"Article","@id":"https:\/\/www.musikzeitung.ch\/politik\/2016\/03\/winterthur-veraergert-ueber-musikschulgesetz-aus#article","isPartOf":{"@id":"https:\/\/www.musikzeitung.ch\/politik\/2016\/03\/winterthur-veraergert-ueber-musikschulgesetz-aus"},"author":{"name":"Musikzeitung-Redaktion","@id":"https:\/\/www.musikzeitung.ch\/#\/schema\/person\/b2fd892c800856270b9dcc6001265712"},"headline":"Winterthur ver\u00e4rgert \u00fcber Musikschulgesetz-Aus","datePublished":"2016-03-06T23:00:00+00:00","mainEntityOfPage":{"@id":"https:\/\/www.musikzeitung.ch\/politik\/2016\/03\/winterthur-veraergert-ueber-musikschulgesetz-aus"},"wordCount":290,"commentCount":0,"publisher":{"@id":"https:\/\/www.musikzeitung.ch\/#organization"},"image":{"@id":"https:\/\/www.musikzeitung.ch\/politik\/2016\/03\/winterthur-veraergert-ueber-musikschulgesetz-aus#primaryimage"},"thumbnailUrl":"https:\/\/www.musikzeitung.ch\/wp-content\/uploads\/2023\/01\/Stadtrat_Winterthur_0025.jpg","articleSection":["Kantone und Gemeinden","Politik"],"inLanguage":"it-IT"},{"@type":"WebPage","@id":"https:\/\/www.musikzeitung.ch\/politik\/2016\/03\/winterthur-veraergert-ueber-musikschulgesetz-aus","url":"https:\/\/www.musikzeitung.ch\/politik\/2016\/03\/winterthur-veraergert-ueber-musikschulgesetz-aus","name":"Winterthur insoddisfatta della bocciatura della legge sulle scuole di musica - Schweizer Musikzeitung","isPartOf":{"@id":"https:\/\/www.musikzeitung.ch\/#website"},"primaryImageOfPage":{"@id":"https:\/\/www.musikzeitung.ch\/politik\/2016\/03\/winterthur-veraergert-ueber-musikschulgesetz-aus#primaryimage"},"image":{"@id":"https:\/\/www.musikzeitung.ch\/politik\/2016\/03\/winterthur-veraergert-ueber-musikschulgesetz-aus#primaryimage"},"thumbnailUrl":"https:\/\/www.musikzeitung.ch\/wp-content\/uploads\/2023\/01\/Stadtrat_Winterthur_0025.jpg","datePublished":"2016-03-06T23:00:00+00:00","breadcrumb":{"@id":"https:\/\/www.musikzeitung.ch\/politik\/2016\/03\/winterthur-veraergert-ueber-musikschulgesetz-aus#breadcrumb"},"inLanguage":"it-IT","potentialAction":[{"@type":"ReadAction","target":["https:\/\/www.musikzeitung.ch\/politik\/2016\/03\/winterthur-veraergert-ueber-musikschulgesetz-aus"]}]},{"@type":"ImageObject","inLanguage":"it-IT","@id":"https:\/\/www.musikzeitung.ch\/politik\/2016\/03\/winterthur-veraergert-ueber-musikschulgesetz-aus#primaryimage","url":"https:\/\/www.musikzeitung.ch\/wp-content\/uploads\/2023\/01\/Stadtrat_Winterthur_0025.jpg","contentUrl":"https:\/\/www.musikzeitung.ch\/wp-content\/uploads\/2023\/01\/Stadtrat_Winterthur_0025.jpg","width":554,"height":428},{"@type":"BreadcrumbList","@id":"https:\/\/www.musikzeitung.ch\/politik\/2016\/03\/winterthur-veraergert-ueber-musikschulgesetz-aus#breadcrumb","itemListElement":[{"@type":"ListItem","position":1,"name":"Home","item":"https:\/\/www.musikzeitung.ch\/"},{"@type":"ListItem","position":2,"name":"Winterthur ver\u00e4rgert \u00fcber Musikschulgesetz-Aus"}]},{"@type":"WebSite","@id":"https:\/\/www.musikzeitung.ch\/#website","url":"https:\/\/www.musikzeitung.ch\/","name":"Giornale musicale svizzero","description":"Il principale mensile interdisciplinare della Svizzera per le questioni musicali.","publisher":{"@id":"https:\/\/www.musikzeitung.ch\/#organization"},"potentialAction":[{"@type":"SearchAction","target":{"@type":"EntryPoint","urlTemplate":"https:\/\/www.musikzeitung.ch\/?s={search_term_string}"},"query-input":{"@type":"PropertyValueSpecification","valueRequired":true,"valueName":"search_term_string"}}],"inLanguage":"it-IT"},{"@type":"Organization","@id":"https:\/\/www.musikzeitung.ch\/#organization","name":"Giornale musicale svizzero","url":"https:\/\/www.musikzeitung.ch\/","logo":{"@type":"ImageObject","inLanguage":"it-IT","@id":"https:\/\/www.musikzeitung.ch\/#\/schema\/logo\/image\/","url":"https:\/\/www.musikzeitung.ch\/wp-content\/uploads\/2023\/01\/SMZ_Schriftzug_Sprache.png","contentUrl":"https:\/\/www.musikzeitung.ch\/wp-content\/uploads\/2023\/01\/SMZ_Schriftzug_Sprache.png","width":1400,"height":279,"caption":"Schweizer Musikzeitung"},"image":{"@id":"https:\/\/www.musikzeitung.ch\/#\/schema\/logo\/image\/"},"sameAs":["https:\/\/www.facebook.com\/SchweizerMusikzeitung\/","https:\/\/x.com\/smusikzeitung","https:\/\/www.instagram.com\/musikzeitung.ch\/"]},{"@type":"Person","@id":"https:\/\/www.musikzeitung.ch\/#\/schema\/person\/b2fd892c800856270b9dcc6001265712","name":"Redazione Musikzeitung","image":{"@type":"ImageObject","inLanguage":"it-IT","@id":"https:\/\/www.musikzeitung.ch\/wp-content\/uploads\/2022\/05\/usericon_musikzeitung-96x96.jpg","url":"https:\/\/www.musikzeitung.ch\/wp-content\/uploads\/2022\/05\/usericon_musikzeitung-96x96.jpg","contentUrl":"https:\/\/www.musikzeitung.ch\/wp-content\/uploads\/2022\/05\/usericon_musikzeitung-96x96.jpg","caption":"Musikzeitung-Redaktion"},"url":"https:\/\/www.musikzeitung.ch\/it\/author\/admin"}]}},"publishpress_future_workflow_manual_trigger":{"enabledWorkflows":[]},"_links":{"self":[{"href":"https:\/\/www.musikzeitung.ch\/it\/wp-json\/wp\/v2\/posts\/5319","targetHints":{"allow":["GET"]}}],"collection":[{"href":"https:\/\/www.musikzeitung.ch\/it\/wp-json\/wp\/v2\/posts"}],"about":[{"href":"https:\/\/www.musikzeitung.ch\/it\/wp-json\/wp\/v2\/types\/post"}],"author":[{"embeddable":true,"href":"https:\/\/www.musikzeitung.ch\/it\/wp-json\/wp\/v2\/users\/1"}],"replies":[{"embeddable":true,"href":"https:\/\/www.musikzeitung.ch\/it\/wp-json\/wp\/v2\/comments?post=5319"}],"version-history":[{"count":0,"href":"https:\/\/www.musikzeitung.ch\/it\/wp-json\/wp\/v2\/posts\/5319\/revisions"}],"wp:featuredmedia":[{"embeddable":true,"href":"https:\/\/www.musikzeitung.ch\/it\/wp-json\/wp\/v2\/media\/5320"}],"wp:attachment":[{"href":"https:\/\/www.musikzeitung.ch\/it\/wp-json\/wp\/v2\/media?parent=5319"}],"wp:term":[{"taxonomy":"category","embeddable":true,"href":"https:\/\/www.musikzeitung.ch\/it\/wp-json\/wp\/v2\/categories?post=5319"},{"taxonomy":"post_tag","embeddable":true,"href":"https:\/\/www.musikzeitung.ch\/it\/wp-json\/wp\/v2\/tags?post=5319"}],"curies":[{"name":"wp","href":"https:\/\/api.w.org\/{rel}","templated":true}]}}