{"id":53315,"date":"2024-03-22T11:32:25","date_gmt":"2024-03-22T10:32:25","guid":{"rendered":"https:\/\/www.musikzeitung.ch\/?p=53315"},"modified":"2024-03-22T16:23:35","modified_gmt":"2024-03-22T15:23:35","slug":"simon-gaudenz-verlaengert-vertrag-in-jena","status":"publish","type":"post","link":"https:\/\/www.musikzeitung.ch\/it\/news\/2024\/03\/simon-gaudenz-verlaengert-vertrag-in-jena","title":{"rendered":"Simon Gaudenz prolunga il contratto a Jena"},"content":{"rendered":"<figure id=\"attachment_53316\" aria-describedby=\"caption-attachment-53316\" style=\"width: 714px\" class=\"wp-caption aligncenter\"><img loading=\"lazy\" decoding=\"async\" class=\"wp-image-53316\" src=\"https:\/\/www.musikzeitung.ch\/wp-content\/uploads\/2024\/03\/240322gaudenz.jpg\" alt=\"\" width=\"714\" height=\"483\" srcset=\"https:\/\/www.musikzeitung.ch\/wp-content\/uploads\/2024\/03\/240322gaudenz.jpg 994w, https:\/\/www.musikzeitung.ch\/wp-content\/uploads\/2024\/03\/240322gaudenz-300x203.jpg 300w, https:\/\/www.musikzeitung.ch\/wp-content\/uploads\/2024\/03\/240322gaudenz-768x519.jpg 768w, https:\/\/www.musikzeitung.ch\/wp-content\/uploads\/2024\/03\/240322gaudenz-259x175.jpg 259w, https:\/\/www.musikzeitung.ch\/wp-content\/uploads\/2024\/03\/240322gaudenz-518x350.jpg 518w, https:\/\/www.musikzeitung.ch\/wp-content\/uploads\/2024\/03\/240322gaudenz-920x622.jpg 920w\" sizes=\"auto, (max-width: 714px) 100vw, 714px\" \/><figcaption id=\"caption-attachment-53316\" class=\"wp-caption-text\">Simon Gaudenz (Immagine: Lucia Hunziker)<\/figcaption><\/figure>\n<p>Gaudenz \u00e8 Direttore musicale generale dell'Orchestra Filarmonica di Jena, la pi\u00f9 grande orchestra da concerto della Turingia, dalla stagione 2018\/19. Dopo i primi incarichi come Direttore principale del Collegium Musicum di Basilea e in precedenza come membro fondatore e Direttore artistico della Camerata variabile di Basilea, nel 2010 \u00e8 stato nominato Direttore principale ospite dell'Orchestra Sinfonica di Odense. Nel 2012 \u00e8 stato nominato direttore principale della Hamburger Camerata, orchestra da camera di lunga tradizione.<\/p>\n<p>Fondata nel 1934 come Orchestra Sinfonica Municipale di Jena, l'Orchestra Filarmonica di Jena ha assunto il nome attuale nel 1969. Sotto l'allora direttore principale G\u00fcnter Blumhagen, che ha lavorato a Jena dal 1967 al 1980, l'orchestra \u00e8 stata anche aumentata fino alle dimensioni attuali. I successori di Blumhagen come direttore musicale generale sono stati Christian Ehwald (1981-1988), Andreas S. Weiser (1990-1998), Andrey Boreyko (1998-2004), Nicholas Milton (2004-2011) e Marc Tardue (2011-2017), prima che Simon Gaudenz assumesse la direzione dell'orchestra nella stagione 2018\/19.<\/p>","protected":false},"excerpt":{"rendered":"<p>Il contratto del direttore d'orchestra svizzero Simon Gaudenz come direttore musicale generale dell'Orchestra Filarmonica di Jena \u00e8 stato esteso fino alla stagione 2028\/29. <\/p>","protected":false},"author":30,"featured_media":53316,"comment_status":"closed","ping_status":"closed","sticky":false,"template":"","format":"standard","meta":{"_acf_changed":false,"_relevanssi_hide_post":"","_relevanssi_hide_content":"","_relevanssi_pin_for_all":"","_relevanssi_pin_keywords":"","_relevanssi_unpin_keywords":"","_relevanssi_related_keywords":"","_relevanssi_related_include_ids":"","_relevanssi_related_exclude_ids":"","_relevanssi_related_no_append":"","_relevanssi_related_not_related":"","_relevanssi_related_posts":"","_relevanssi_noindex_reason":"","pgc_sgb_lightbox_settings":"","footnotes":""},"categories":[27,1624],"tags":[3838,3836],"class_list":["post-53315","post","type-post","status-publish","format-standard","has-post-thumbnail","hentry","category-news","category-personen","tag-jenaer-philharmonie","tag-simon-gaudenz"],"acf":[],"yoast_head":"<!-- This site is optimized with the Yoast SEO plugin v27.4 - https:\/\/yoast.com\/product\/yoast-seo-wordpress\/ -->\n<title>Simon Gaudenz verl\u00e4ngert Vertrag in Jena - Schweizer Musikzeitung<\/title>\n<meta name=\"description\" content=\"Der Vertrag des Schweizer Dirigenten Simon Gaudenz als Generalmusikdirektor der Jenaer Philharmonie wird bis zur Spielzeit 2028\/29 verl\u00e4ngert.\" \/>\n<meta name=\"robots\" content=\"index, follow, max-snippet:-1, max-image-preview:large, max-video-preview:-1\" \/>\n<link rel=\"canonical\" href=\"https:\/\/www.musikzeitung.ch\/it\/news\/2024\/03\/simon-gaudenz-verlaengert-vertrag-in-jena\/\" \/>\n<meta property=\"og:locale\" content=\"it_IT\" \/>\n<meta property=\"og:type\" content=\"article\" \/>\n<meta property=\"og:title\" content=\"Simon Gaudenz verl\u00e4ngert Vertrag in Jena - Schweizer Musikzeitung\" \/>\n<meta property=\"og:description\" content=\"Der Vertrag des Schweizer Dirigenten Simon Gaudenz als Generalmusikdirektor der Jenaer Philharmonie wird bis zur Spielzeit 2028\/29 verl\u00e4ngert.\" \/>\n<meta property=\"og:url\" content=\"https:\/\/www.musikzeitung.ch\/it\/news\/2024\/03\/simon-gaudenz-verlaengert-vertrag-in-jena\/\" \/>\n<meta property=\"og:site_name\" content=\"Schweizer Musikzeitung\" \/>\n<meta property=\"article:publisher\" content=\"https:\/\/www.facebook.com\/SchweizerMusikzeitung\/\" \/>\n<meta property=\"article:author\" content=\"https:\/\/www.facebook.com\/wolfgang.bohler.75\" \/>\n<meta property=\"article:published_time\" content=\"2024-03-22T10:32:25+00:00\" \/>\n<meta property=\"article:modified_time\" content=\"2024-03-22T15:23:35+00:00\" \/>\n<meta property=\"og:image\" content=\"https:\/\/www.musikzeitung.ch\/wp-content\/uploads\/2024\/03\/240322gaudenz.jpg\" \/>\n\t<meta property=\"og:image:width\" content=\"994\" \/>\n\t<meta property=\"og:image:height\" content=\"672\" \/>\n\t<meta property=\"og:image:type\" content=\"image\/jpeg\" \/>\n<meta name=\"author\" content=\"Wolfgang B\u00f6hler\" \/>\n<meta name=\"twitter:card\" content=\"summary_large_image\" \/>\n<meta name=\"twitter:creator\" content=\"@smusikzeitung\" \/>\n<meta name=\"twitter:site\" content=\"@smusikzeitung\" \/>\n<meta name=\"twitter:label1\" content=\"Scritto da\" \/>\n\t<meta name=\"twitter:data1\" content=\"Wolfgang B\u00f6hler\" \/>\n\t<meta name=\"twitter:label2\" content=\"Tempo di lettura stimato\" \/>\n\t<meta name=\"twitter:data2\" content=\"2 minuti\" \/>\n<script type=\"application\/ld+json\" class=\"yoast-schema-graph\">{\"@context\":\"https:\\\/\\\/schema.org\",\"@graph\":[{\"@type\":\"Article\",\"@id\":\"https:\\\/\\\/www.musikzeitung.ch\\\/news\\\/2024\\\/03\\\/simon-gaudenz-verlaengert-vertrag-in-jena#article\",\"isPartOf\":{\"@id\":\"https:\\\/\\\/www.musikzeitung.ch\\\/news\\\/2024\\\/03\\\/simon-gaudenz-verlaengert-vertrag-in-jena\"},\"author\":{\"name\":\"Wolfgang B\u00f6hler\",\"@id\":\"https:\\\/\\\/www.musikzeitung.ch\\\/#\\\/schema\\\/person\\\/0da4fb82d243f1252850a35d0e87cf0c\"},\"headline\":\"Simon Gaudenz verl\u00e4ngert Vertrag in Jena\",\"datePublished\":\"2024-03-22T10:32:25+00:00\",\"dateModified\":\"2024-03-22T15:23:35+00:00\",\"mainEntityOfPage\":{\"@id\":\"https:\\\/\\\/www.musikzeitung.ch\\\/news\\\/2024\\\/03\\\/simon-gaudenz-verlaengert-vertrag-in-jena\"},\"wordCount\":192,\"publisher\":{\"@id\":\"https:\\\/\\\/www.musikzeitung.ch\\\/#organization\"},\"image\":{\"@id\":\"https:\\\/\\\/www.musikzeitung.ch\\\/news\\\/2024\\\/03\\\/simon-gaudenz-verlaengert-vertrag-in-jena#primaryimage\"},\"thumbnailUrl\":\"https:\\\/\\\/www.musikzeitung.ch\\\/wp-content\\\/uploads\\\/2024\\\/03\\\/240322gaudenz.jpg\",\"keywords\":[\"Jenaer Philharmonie\",\"Simon Gaudenz\"],\"articleSection\":[\"News\",\"Personen\"],\"inLanguage\":\"it-IT\"},{\"@type\":\"WebPage\",\"@id\":\"https:\\\/\\\/www.musikzeitung.ch\\\/news\\\/2024\\\/03\\\/simon-gaudenz-verlaengert-vertrag-in-jena\",\"url\":\"https:\\\/\\\/www.musikzeitung.ch\\\/news\\\/2024\\\/03\\\/simon-gaudenz-verlaengert-vertrag-in-jena\",\"name\":\"Simon Gaudenz verl\u00e4ngert Vertrag in Jena - Schweizer Musikzeitung\",\"isPartOf\":{\"@id\":\"https:\\\/\\\/www.musikzeitung.ch\\\/#website\"},\"primaryImageOfPage\":{\"@id\":\"https:\\\/\\\/www.musikzeitung.ch\\\/news\\\/2024\\\/03\\\/simon-gaudenz-verlaengert-vertrag-in-jena#primaryimage\"},\"image\":{\"@id\":\"https:\\\/\\\/www.musikzeitung.ch\\\/news\\\/2024\\\/03\\\/simon-gaudenz-verlaengert-vertrag-in-jena#primaryimage\"},\"thumbnailUrl\":\"https:\\\/\\\/www.musikzeitung.ch\\\/wp-content\\\/uploads\\\/2024\\\/03\\\/240322gaudenz.jpg\",\"datePublished\":\"2024-03-22T10:32:25+00:00\",\"dateModified\":\"2024-03-22T15:23:35+00:00\",\"description\":\"Der Vertrag des Schweizer Dirigenten Simon Gaudenz als Generalmusikdirektor der Jenaer Philharmonie wird bis zur Spielzeit 2028\\\/29 verl\u00e4ngert.\",\"breadcrumb\":{\"@id\":\"https:\\\/\\\/www.musikzeitung.ch\\\/news\\\/2024\\\/03\\\/simon-gaudenz-verlaengert-vertrag-in-jena#breadcrumb\"},\"inLanguage\":\"it-IT\",\"potentialAction\":[{\"@type\":\"ReadAction\",\"target\":[\"https:\\\/\\\/www.musikzeitung.ch\\\/news\\\/2024\\\/03\\\/simon-gaudenz-verlaengert-vertrag-in-jena\"]}]},{\"@type\":\"ImageObject\",\"inLanguage\":\"it-IT\",\"@id\":\"https:\\\/\\\/www.musikzeitung.ch\\\/news\\\/2024\\\/03\\\/simon-gaudenz-verlaengert-vertrag-in-jena#primaryimage\",\"url\":\"https:\\\/\\\/www.musikzeitung.ch\\\/wp-content\\\/uploads\\\/2024\\\/03\\\/240322gaudenz.jpg\",\"contentUrl\":\"https:\\\/\\\/www.musikzeitung.ch\\\/wp-content\\\/uploads\\\/2024\\\/03\\\/240322gaudenz.jpg\",\"width\":994,\"height\":672,\"caption\":\"Simon Gaudenz (Bild: Lucia Hunziker)\"},{\"@type\":\"BreadcrumbList\",\"@id\":\"https:\\\/\\\/www.musikzeitung.ch\\\/news\\\/2024\\\/03\\\/simon-gaudenz-verlaengert-vertrag-in-jena#breadcrumb\",\"itemListElement\":[{\"@type\":\"ListItem\",\"position\":1,\"name\":\"Home\",\"item\":\"https:\\\/\\\/www.musikzeitung.ch\\\/\"},{\"@type\":\"ListItem\",\"position\":2,\"name\":\"Simon Gaudenz verl\u00e4ngert Vertrag in Jena\"}]},{\"@type\":\"WebSite\",\"@id\":\"https:\\\/\\\/www.musikzeitung.ch\\\/#website\",\"url\":\"https:\\\/\\\/www.musikzeitung.ch\\\/\",\"name\":\"Schweizer Musikzeitung\",\"description\":\"Die f\u00fchrende sparten\u00fcbergreifende Monatszeitung in der Schweiz f\u00fcr musikalische Fragen.\",\"publisher\":{\"@id\":\"https:\\\/\\\/www.musikzeitung.ch\\\/#organization\"},\"potentialAction\":[{\"@type\":\"SearchAction\",\"target\":{\"@type\":\"EntryPoint\",\"urlTemplate\":\"https:\\\/\\\/www.musikzeitung.ch\\\/?s={search_term_string}\"},\"query-input\":{\"@type\":\"PropertyValueSpecification\",\"valueRequired\":true,\"valueName\":\"search_term_string\"}}],\"inLanguage\":\"it-IT\"},{\"@type\":\"Organization\",\"@id\":\"https:\\\/\\\/www.musikzeitung.ch\\\/#organization\",\"name\":\"Schweizer Musikzeitung\",\"url\":\"https:\\\/\\\/www.musikzeitung.ch\\\/\",\"logo\":{\"@type\":\"ImageObject\",\"inLanguage\":\"it-IT\",\"@id\":\"https:\\\/\\\/www.musikzeitung.ch\\\/#\\\/schema\\\/logo\\\/image\\\/\",\"url\":\"https:\\\/\\\/www.musikzeitung.ch\\\/wp-content\\\/uploads\\\/2023\\\/01\\\/SMZ_Schriftzug_Sprache.png\",\"contentUrl\":\"https:\\\/\\\/www.musikzeitung.ch\\\/wp-content\\\/uploads\\\/2023\\\/01\\\/SMZ_Schriftzug_Sprache.png\",\"width\":1400,\"height\":279,\"caption\":\"Schweizer Musikzeitung\"},\"image\":{\"@id\":\"https:\\\/\\\/www.musikzeitung.ch\\\/#\\\/schema\\\/logo\\\/image\\\/\"},\"sameAs\":[\"https:\\\/\\\/www.facebook.com\\\/SchweizerMusikzeitung\\\/\",\"https:\\\/\\\/x.com\\\/smusikzeitung\",\"https:\\\/\\\/www.instagram.com\\\/musikzeitung.ch\\\/\"]},{\"@type\":\"Person\",\"@id\":\"https:\\\/\\\/www.musikzeitung.ch\\\/#\\\/schema\\\/person\\\/0da4fb82d243f1252850a35d0e87cf0c\",\"name\":\"Wolfgang B\u00f6hler\",\"image\":{\"@type\":\"ImageObject\",\"inLanguage\":\"it-IT\",\"@id\":\"https:\\\/\\\/www.musikzeitung.ch\\\/wp-content\\\/uploads\\\/2023\\\/01\\\/boehler_portraet_web-e1674139782246-96x96.jpg\",\"url\":\"https:\\\/\\\/www.musikzeitung.ch\\\/wp-content\\\/uploads\\\/2023\\\/01\\\/boehler_portraet_web-e1674139782246-96x96.jpg\",\"contentUrl\":\"https:\\\/\\\/www.musikzeitung.ch\\\/wp-content\\\/uploads\\\/2023\\\/01\\\/boehler_portraet_web-e1674139782246-96x96.jpg\",\"caption\":\"Wolfgang B\u00f6hler\"},\"sameAs\":[\"http:\\\/\\\/www.manacanto.ch\",\"https:\\\/\\\/www.facebook.com\\\/wolfgang.bohler.75\"],\"url\":\"https:\\\/\\\/www.musikzeitung.ch\\\/it\\\/author\\\/wolfgang-boehler\"}]}<\/script>\n<!-- \/ Yoast SEO plugin. -->","yoast_head_json":{"title":"Simon Gaudenz prolunga il contratto a Jena - Schweizer Musikzeitung","description":"Il contratto del direttore d'orchestra svizzero Simon Gaudenz come direttore musicale generale dell'Orchestra Filarmonica di Jena \u00e8 stato esteso fino alla stagione 2028\/29.","robots":{"index":"index","follow":"follow","max-snippet":"max-snippet:-1","max-image-preview":"max-image-preview:large","max-video-preview":"max-video-preview:-1"},"canonical":"https:\/\/www.musikzeitung.ch\/it\/news\/2024\/03\/simon-gaudenz-verlaengert-vertrag-in-jena\/","og_locale":"it_IT","og_type":"article","og_title":"Simon Gaudenz verl\u00e4ngert Vertrag in Jena - Schweizer Musikzeitung","og_description":"Der Vertrag des Schweizer Dirigenten Simon Gaudenz als Generalmusikdirektor der Jenaer Philharmonie wird bis zur Spielzeit 2028\/29 verl\u00e4ngert.","og_url":"https:\/\/www.musikzeitung.ch\/it\/news\/2024\/03\/simon-gaudenz-verlaengert-vertrag-in-jena\/","og_site_name":"Schweizer Musikzeitung","article_publisher":"https:\/\/www.facebook.com\/SchweizerMusikzeitung\/","article_author":"https:\/\/www.facebook.com\/wolfgang.bohler.75","article_published_time":"2024-03-22T10:32:25+00:00","article_modified_time":"2024-03-22T15:23:35+00:00","og_image":[{"width":994,"height":672,"url":"https:\/\/www.musikzeitung.ch\/wp-content\/uploads\/2024\/03\/240322gaudenz.jpg","type":"image\/jpeg"}],"author":"Wolfgang B\u00f6hler","twitter_card":"summary_large_image","twitter_creator":"@smusikzeitung","twitter_site":"@smusikzeitung","twitter_misc":{"Scritto da":"Wolfgang B\u00f6hler","Tempo di lettura stimato":"2 minuti"},"schema":{"@context":"https:\/\/schema.org","@graph":[{"@type":"Article","@id":"https:\/\/www.musikzeitung.ch\/news\/2024\/03\/simon-gaudenz-verlaengert-vertrag-in-jena#article","isPartOf":{"@id":"https:\/\/www.musikzeitung.ch\/news\/2024\/03\/simon-gaudenz-verlaengert-vertrag-in-jena"},"author":{"name":"Wolfgang B\u00f6hler","@id":"https:\/\/www.musikzeitung.ch\/#\/schema\/person\/0da4fb82d243f1252850a35d0e87cf0c"},"headline":"Simon Gaudenz verl\u00e4ngert Vertrag in Jena","datePublished":"2024-03-22T10:32:25+00:00","dateModified":"2024-03-22T15:23:35+00:00","mainEntityOfPage":{"@id":"https:\/\/www.musikzeitung.ch\/news\/2024\/03\/simon-gaudenz-verlaengert-vertrag-in-jena"},"wordCount":192,"publisher":{"@id":"https:\/\/www.musikzeitung.ch\/#organization"},"image":{"@id":"https:\/\/www.musikzeitung.ch\/news\/2024\/03\/simon-gaudenz-verlaengert-vertrag-in-jena#primaryimage"},"thumbnailUrl":"https:\/\/www.musikzeitung.ch\/wp-content\/uploads\/2024\/03\/240322gaudenz.jpg","keywords":["Jenaer Philharmonie","Simon Gaudenz"],"articleSection":["News","Personen"],"inLanguage":"it-IT"},{"@type":"WebPage","@id":"https:\/\/www.musikzeitung.ch\/news\/2024\/03\/simon-gaudenz-verlaengert-vertrag-in-jena","url":"https:\/\/www.musikzeitung.ch\/news\/2024\/03\/simon-gaudenz-verlaengert-vertrag-in-jena","name":"Simon Gaudenz prolunga il contratto a Jena - Schweizer Musikzeitung","isPartOf":{"@id":"https:\/\/www.musikzeitung.ch\/#website"},"primaryImageOfPage":{"@id":"https:\/\/www.musikzeitung.ch\/news\/2024\/03\/simon-gaudenz-verlaengert-vertrag-in-jena#primaryimage"},"image":{"@id":"https:\/\/www.musikzeitung.ch\/news\/2024\/03\/simon-gaudenz-verlaengert-vertrag-in-jena#primaryimage"},"thumbnailUrl":"https:\/\/www.musikzeitung.ch\/wp-content\/uploads\/2024\/03\/240322gaudenz.jpg","datePublished":"2024-03-22T10:32:25+00:00","dateModified":"2024-03-22T15:23:35+00:00","description":"Il contratto del direttore d'orchestra svizzero Simon Gaudenz come direttore musicale generale dell'Orchestra Filarmonica di Jena \u00e8 stato esteso fino alla stagione 2028\/29.","breadcrumb":{"@id":"https:\/\/www.musikzeitung.ch\/news\/2024\/03\/simon-gaudenz-verlaengert-vertrag-in-jena#breadcrumb"},"inLanguage":"it-IT","potentialAction":[{"@type":"ReadAction","target":["https:\/\/www.musikzeitung.ch\/news\/2024\/03\/simon-gaudenz-verlaengert-vertrag-in-jena"]}]},{"@type":"ImageObject","inLanguage":"it-IT","@id":"https:\/\/www.musikzeitung.ch\/news\/2024\/03\/simon-gaudenz-verlaengert-vertrag-in-jena#primaryimage","url":"https:\/\/www.musikzeitung.ch\/wp-content\/uploads\/2024\/03\/240322gaudenz.jpg","contentUrl":"https:\/\/www.musikzeitung.ch\/wp-content\/uploads\/2024\/03\/240322gaudenz.jpg","width":994,"height":672,"caption":"Simon Gaudenz (Bild: Lucia Hunziker)"},{"@type":"BreadcrumbList","@id":"https:\/\/www.musikzeitung.ch\/news\/2024\/03\/simon-gaudenz-verlaengert-vertrag-in-jena#breadcrumb","itemListElement":[{"@type":"ListItem","position":1,"name":"Home","item":"https:\/\/www.musikzeitung.ch\/"},{"@type":"ListItem","position":2,"name":"Simon Gaudenz verl\u00e4ngert Vertrag in Jena"}]},{"@type":"WebSite","@id":"https:\/\/www.musikzeitung.ch\/#website","url":"https:\/\/www.musikzeitung.ch\/","name":"Giornale musicale svizzero","description":"Il principale mensile interdisciplinare della Svizzera per le questioni musicali.","publisher":{"@id":"https:\/\/www.musikzeitung.ch\/#organization"},"potentialAction":[{"@type":"SearchAction","target":{"@type":"EntryPoint","urlTemplate":"https:\/\/www.musikzeitung.ch\/?s={search_term_string}"},"query-input":{"@type":"PropertyValueSpecification","valueRequired":true,"valueName":"search_term_string"}}],"inLanguage":"it-IT"},{"@type":"Organization","@id":"https:\/\/www.musikzeitung.ch\/#organization","name":"Giornale musicale svizzero","url":"https:\/\/www.musikzeitung.ch\/","logo":{"@type":"ImageObject","inLanguage":"it-IT","@id":"https:\/\/www.musikzeitung.ch\/#\/schema\/logo\/image\/","url":"https:\/\/www.musikzeitung.ch\/wp-content\/uploads\/2023\/01\/SMZ_Schriftzug_Sprache.png","contentUrl":"https:\/\/www.musikzeitung.ch\/wp-content\/uploads\/2023\/01\/SMZ_Schriftzug_Sprache.png","width":1400,"height":279,"caption":"Schweizer Musikzeitung"},"image":{"@id":"https:\/\/www.musikzeitung.ch\/#\/schema\/logo\/image\/"},"sameAs":["https:\/\/www.facebook.com\/SchweizerMusikzeitung\/","https:\/\/x.com\/smusikzeitung","https:\/\/www.instagram.com\/musikzeitung.ch\/"]},{"@type":"Person","@id":"https:\/\/www.musikzeitung.ch\/#\/schema\/person\/0da4fb82d243f1252850a35d0e87cf0c","name":"Wolfgang B\u00f6hler","image":{"@type":"ImageObject","inLanguage":"it-IT","@id":"https:\/\/www.musikzeitung.ch\/wp-content\/uploads\/2023\/01\/boehler_portraet_web-e1674139782246-96x96.jpg","url":"https:\/\/www.musikzeitung.ch\/wp-content\/uploads\/2023\/01\/boehler_portraet_web-e1674139782246-96x96.jpg","contentUrl":"https:\/\/www.musikzeitung.ch\/wp-content\/uploads\/2023\/01\/boehler_portraet_web-e1674139782246-96x96.jpg","caption":"Wolfgang B\u00f6hler"},"sameAs":["http:\/\/www.manacanto.ch","https:\/\/www.facebook.com\/wolfgang.bohler.75"],"url":"https:\/\/www.musikzeitung.ch\/it\/author\/wolfgang-boehler"}]}},"publishpress_future_workflow_manual_trigger":{"enabledWorkflows":[]},"_links":{"self":[{"href":"https:\/\/www.musikzeitung.ch\/it\/wp-json\/wp\/v2\/posts\/53315","targetHints":{"allow":["GET"]}}],"collection":[{"href":"https:\/\/www.musikzeitung.ch\/it\/wp-json\/wp\/v2\/posts"}],"about":[{"href":"https:\/\/www.musikzeitung.ch\/it\/wp-json\/wp\/v2\/types\/post"}],"author":[{"embeddable":true,"href":"https:\/\/www.musikzeitung.ch\/it\/wp-json\/wp\/v2\/users\/30"}],"replies":[{"embeddable":true,"href":"https:\/\/www.musikzeitung.ch\/it\/wp-json\/wp\/v2\/comments?post=53315"}],"version-history":[{"count":6,"href":"https:\/\/www.musikzeitung.ch\/it\/wp-json\/wp\/v2\/posts\/53315\/revisions"}],"predecessor-version":[{"id":53330,"href":"https:\/\/www.musikzeitung.ch\/it\/wp-json\/wp\/v2\/posts\/53315\/revisions\/53330"}],"wp:featuredmedia":[{"embeddable":true,"href":"https:\/\/www.musikzeitung.ch\/it\/wp-json\/wp\/v2\/media\/53316"}],"wp:attachment":[{"href":"https:\/\/www.musikzeitung.ch\/it\/wp-json\/wp\/v2\/media?parent=53315"}],"wp:term":[{"taxonomy":"category","embeddable":true,"href":"https:\/\/www.musikzeitung.ch\/it\/wp-json\/wp\/v2\/categories?post=53315"},{"taxonomy":"post_tag","embeddable":true,"href":"https:\/\/www.musikzeitung.ch\/it\/wp-json\/wp\/v2\/tags?post=53315"}],"curies":[{"name":"wp","href":"https:\/\/api.w.org\/{rel}","templated":true}]}}