{"id":53462,"date":"2024-03-27T10:13:45","date_gmt":"2024-03-27T09:13:45","guid":{"rendered":"https:\/\/www.musikzeitung.ch\/?p=53462"},"modified":"2024-03-27T10:27:39","modified_gmt":"2024-03-27T09:27:39","slug":"laesst-sich-musikalitaet-an-den-genen-ablesen","status":"publish","type":"post","link":"https:\/\/www.musikzeitung.ch\/it\/news\/2024\/03\/laesst-sich-musikalitaet-an-den-genen-ablesen","title":{"rendered":"La musicalit\u00e0 pu\u00f2 essere ricondotta ai geni?"},"content":{"rendered":"<figure id=\"attachment_53464\" aria-describedby=\"caption-attachment-53464\" style=\"width: 747px\" class=\"wp-caption aligncenter\"><img loading=\"lazy\" decoding=\"async\" class=\"wp-image-53464\" src=\"https:\/\/www.musikzeitung.ch\/wp-content\/uploads\/2024\/03\/240327beethoven.jpg\" alt=\"\" width=\"747\" height=\"557\" srcset=\"https:\/\/www.musikzeitung.ch\/wp-content\/uploads\/2024\/03\/240327beethoven.jpg 1049w, https:\/\/www.musikzeitung.ch\/wp-content\/uploads\/2024\/03\/240327beethoven-300x224.jpg 300w, https:\/\/www.musikzeitung.ch\/wp-content\/uploads\/2024\/03\/240327beethoven-1024x764.jpg 1024w, https:\/\/www.musikzeitung.ch\/wp-content\/uploads\/2024\/03\/240327beethoven-768x573.jpg 768w, https:\/\/www.musikzeitung.ch\/wp-content\/uploads\/2024\/03\/240327beethoven-234x175.jpg 234w, https:\/\/www.musikzeitung.ch\/wp-content\/uploads\/2024\/03\/240327beethoven-469x350.jpg 469w, https:\/\/www.musikzeitung.ch\/wp-content\/uploads\/2024\/03\/240327beethoven-920x687.jpg 920w\" sizes=\"auto, (max-width: 747px) 100vw, 747px\" \/><figcaption id=\"caption-attachment-53464\" class=\"wp-caption-text\">Collage: MPIEA \/ F. Bernoully<\/figcaption><\/figure>\n<p>Il team, che coinvolge gli Istituti Max Planck per l'Estetica Empirica (MPIEA) di Francoforte sul Meno e per la Psicolinguistica (MPI-PL) di Nimega, ha calcolato un indicatore della predisposizione genetica a un determinato tratto o comportamento, in questo caso la sincronizzazione del battito. L'obiettivo era quello di utilizzare l'esempio per dimostrare quanto sia difficile fare previsioni genetiche per una persona vissuta oltre 200 anni fa. \u00c8 interessante notare che il compositore ha mostrato un indicatore di musicalit\u00e0 non rilevante se confrontato con campioni di popolazione provenienti dal Karolinska Institute svedese e dalla Vanderbilt University statunitense.<\/p>\n<p>Secondo il team, la grande discrepanza tra la previsione basata sul DNA e il genio musicale di Beethoven \u00e8 una lezione preziosa: dimostra che dovremmo essere scettici quando qualcuno afferma che un test genetico pu\u00f2 determinare in modo affidabile se un bambino sar\u00e0 particolarmente dotato nella musica o in un altro settore.<\/p>\n<p><strong>Pubblicazione originale:<\/strong><br \/>\nWesseldijk, L. W., Henechowicz, T. L., Baker, D. J., Bignardi, G., Karlsson, R., Gordon, R. L., Mosing, M. A., Ull\u00e9n, F., &amp; Fisher, S. E. (2024). Note dal genoma di Beethoven. Current Biology, 34(6), R233-R234. <a href=\"https:\/\/doi.org\/10.1016\/j.cub.2024.01.025\" target=\"_blank\" rel=\"noopener\">https:\/\/doi.org\/10.1016\/j.cub.2024.01.025<\/a><\/p>","protected":false},"excerpt":{"rendered":"<p>Un team di ricerca internazionale ha analizzato le sequenze di DNA provenienti da ciocche di capelli di Beethoven alla ricerca di indizi genetici sulla sua musicalit\u00e0.   <\/p>","protected":false},"author":30,"featured_media":53464,"comment_status":"closed","ping_status":"closed","sticky":false,"template":"","format":"standard","meta":{"_acf_changed":false,"_relevanssi_hide_post":"","_relevanssi_hide_content":"","_relevanssi_pin_for_all":"","_relevanssi_pin_keywords":"","_relevanssi_unpin_keywords":"","_relevanssi_related_keywords":"","_relevanssi_related_include_ids":"","_relevanssi_related_exclude_ids":"","_relevanssi_related_no_append":"","_relevanssi_related_not_related":"","_relevanssi_related_posts":"","_relevanssi_noindex_reason":"","pgc_sgb_lightbox_settings":"","footnotes":""},"categories":[27],"tags":[3856,2178,3857],"class_list":["post-53462","post","type-post","status-publish","format-standard","has-post-thumbnail","hentry","category-news","tag-genetik","tag-max-planck-institut-fuer-empirische-aesthetik","tag-musikalitaet"],"acf":[],"yoast_head":"<!-- This site is optimized with the Yoast SEO plugin v27.4 - https:\/\/yoast.com\/product\/yoast-seo-wordpress\/ -->\n<title>L\u00e4sst sich Musikalit\u00e4t an den Genen ablesen? - Schweizer Musikzeitung<\/title>\n<meta name=\"description\" content=\"Ein internationales Forschungsteam hat DNA-Sequenzen aus Beethovens Haarstr\u00e4hnen analysiert, auf der Suche nach genetischen Hnweisen der Musikalit\u00e4t.\" \/>\n<meta name=\"robots\" content=\"index, follow, max-snippet:-1, max-image-preview:large, max-video-preview:-1\" \/>\n<link rel=\"canonical\" href=\"https:\/\/www.musikzeitung.ch\/it\/news\/2024\/03\/laesst-sich-musikalitaet-an-den-genen-ablesen\/\" \/>\n<meta property=\"og:locale\" content=\"it_IT\" \/>\n<meta property=\"og:type\" content=\"article\" \/>\n<meta property=\"og:title\" content=\"L\u00e4sst sich Musikalit\u00e4t an den Genen ablesen? - Schweizer Musikzeitung\" \/>\n<meta property=\"og:description\" content=\"Ein internationales Forschungsteam hat DNA-Sequenzen aus Beethovens Haarstr\u00e4hnen analysiert, auf der Suche nach genetischen Hnweisen der Musikalit\u00e4t.\" \/>\n<meta property=\"og:url\" content=\"https:\/\/www.musikzeitung.ch\/it\/news\/2024\/03\/laesst-sich-musikalitaet-an-den-genen-ablesen\/\" \/>\n<meta property=\"og:site_name\" content=\"Schweizer Musikzeitung\" \/>\n<meta property=\"article:publisher\" content=\"https:\/\/www.facebook.com\/SchweizerMusikzeitung\/\" \/>\n<meta property=\"article:author\" content=\"https:\/\/www.facebook.com\/wolfgang.bohler.75\" \/>\n<meta property=\"article:published_time\" content=\"2024-03-27T09:13:45+00:00\" \/>\n<meta property=\"article:modified_time\" content=\"2024-03-27T09:27:39+00:00\" \/>\n<meta property=\"og:image\" content=\"https:\/\/www.musikzeitung.ch\/wp-content\/uploads\/2024\/03\/240327beethoven.jpg\" \/>\n\t<meta property=\"og:image:width\" content=\"1049\" \/>\n\t<meta property=\"og:image:height\" content=\"783\" \/>\n\t<meta property=\"og:image:type\" content=\"image\/jpeg\" \/>\n<meta name=\"author\" content=\"Wolfgang B\u00f6hler\" \/>\n<meta name=\"twitter:card\" content=\"summary_large_image\" \/>\n<meta name=\"twitter:creator\" content=\"@smusikzeitung\" \/>\n<meta name=\"twitter:site\" content=\"@smusikzeitung\" \/>\n<meta name=\"twitter:label1\" content=\"Scritto da\" \/>\n\t<meta name=\"twitter:data1\" content=\"Wolfgang B\u00f6hler\" \/>\n\t<meta name=\"twitter:label2\" content=\"Tempo di lettura stimato\" \/>\n\t<meta name=\"twitter:data2\" content=\"2 minuti\" \/>\n<script type=\"application\/ld+json\" class=\"yoast-schema-graph\">{\"@context\":\"https:\\\/\\\/schema.org\",\"@graph\":[{\"@type\":\"Article\",\"@id\":\"https:\\\/\\\/www.musikzeitung.ch\\\/news\\\/2024\\\/03\\\/laesst-sich-musikalitaet-an-den-genen-ablesen#article\",\"isPartOf\":{\"@id\":\"https:\\\/\\\/www.musikzeitung.ch\\\/news\\\/2024\\\/03\\\/laesst-sich-musikalitaet-an-den-genen-ablesen\"},\"author\":{\"name\":\"Wolfgang B\u00f6hler\",\"@id\":\"https:\\\/\\\/www.musikzeitung.ch\\\/#\\\/schema\\\/person\\\/0da4fb82d243f1252850a35d0e87cf0c\"},\"headline\":\"L\u00e4sst sich Musikalit\u00e4t an den Genen ablesen?\",\"datePublished\":\"2024-03-27T09:13:45+00:00\",\"dateModified\":\"2024-03-27T09:27:39+00:00\",\"mainEntityOfPage\":{\"@id\":\"https:\\\/\\\/www.musikzeitung.ch\\\/news\\\/2024\\\/03\\\/laesst-sich-musikalitaet-an-den-genen-ablesen\"},\"wordCount\":206,\"publisher\":{\"@id\":\"https:\\\/\\\/www.musikzeitung.ch\\\/#organization\"},\"image\":{\"@id\":\"https:\\\/\\\/www.musikzeitung.ch\\\/news\\\/2024\\\/03\\\/laesst-sich-musikalitaet-an-den-genen-ablesen#primaryimage\"},\"thumbnailUrl\":\"https:\\\/\\\/www.musikzeitung.ch\\\/wp-content\\\/uploads\\\/2024\\\/03\\\/240327beethoven.jpg\",\"keywords\":[\"Genetik\",\"Max-Planck-Institut f\u00fcr empirische \u00c4sthetik\",\"Musikalit\u00e4t\"],\"articleSection\":[\"News\"],\"inLanguage\":\"it-IT\"},{\"@type\":\"WebPage\",\"@id\":\"https:\\\/\\\/www.musikzeitung.ch\\\/news\\\/2024\\\/03\\\/laesst-sich-musikalitaet-an-den-genen-ablesen\",\"url\":\"https:\\\/\\\/www.musikzeitung.ch\\\/news\\\/2024\\\/03\\\/laesst-sich-musikalitaet-an-den-genen-ablesen\",\"name\":\"L\u00e4sst sich Musikalit\u00e4t an den Genen ablesen? - Schweizer Musikzeitung\",\"isPartOf\":{\"@id\":\"https:\\\/\\\/www.musikzeitung.ch\\\/#website\"},\"primaryImageOfPage\":{\"@id\":\"https:\\\/\\\/www.musikzeitung.ch\\\/news\\\/2024\\\/03\\\/laesst-sich-musikalitaet-an-den-genen-ablesen#primaryimage\"},\"image\":{\"@id\":\"https:\\\/\\\/www.musikzeitung.ch\\\/news\\\/2024\\\/03\\\/laesst-sich-musikalitaet-an-den-genen-ablesen#primaryimage\"},\"thumbnailUrl\":\"https:\\\/\\\/www.musikzeitung.ch\\\/wp-content\\\/uploads\\\/2024\\\/03\\\/240327beethoven.jpg\",\"datePublished\":\"2024-03-27T09:13:45+00:00\",\"dateModified\":\"2024-03-27T09:27:39+00:00\",\"description\":\"Ein internationales Forschungsteam hat DNA-Sequenzen aus Beethovens Haarstr\u00e4hnen analysiert, auf der Suche nach genetischen Hnweisen der Musikalit\u00e4t.\",\"breadcrumb\":{\"@id\":\"https:\\\/\\\/www.musikzeitung.ch\\\/news\\\/2024\\\/03\\\/laesst-sich-musikalitaet-an-den-genen-ablesen#breadcrumb\"},\"inLanguage\":\"it-IT\",\"potentialAction\":[{\"@type\":\"ReadAction\",\"target\":[\"https:\\\/\\\/www.musikzeitung.ch\\\/news\\\/2024\\\/03\\\/laesst-sich-musikalitaet-an-den-genen-ablesen\"]}]},{\"@type\":\"ImageObject\",\"inLanguage\":\"it-IT\",\"@id\":\"https:\\\/\\\/www.musikzeitung.ch\\\/news\\\/2024\\\/03\\\/laesst-sich-musikalitaet-an-den-genen-ablesen#primaryimage\",\"url\":\"https:\\\/\\\/www.musikzeitung.ch\\\/wp-content\\\/uploads\\\/2024\\\/03\\\/240327beethoven.jpg\",\"contentUrl\":\"https:\\\/\\\/www.musikzeitung.ch\\\/wp-content\\\/uploads\\\/2024\\\/03\\\/240327beethoven.jpg\",\"width\":1049,\"height\":783,\"caption\":\"Collage: MPIEA \\\/ F. Bernoully\"},{\"@type\":\"BreadcrumbList\",\"@id\":\"https:\\\/\\\/www.musikzeitung.ch\\\/news\\\/2024\\\/03\\\/laesst-sich-musikalitaet-an-den-genen-ablesen#breadcrumb\",\"itemListElement\":[{\"@type\":\"ListItem\",\"position\":1,\"name\":\"Home\",\"item\":\"https:\\\/\\\/www.musikzeitung.ch\\\/\"},{\"@type\":\"ListItem\",\"position\":2,\"name\":\"L\u00e4sst sich Musikalit\u00e4t an den Genen ablesen?\"}]},{\"@type\":\"WebSite\",\"@id\":\"https:\\\/\\\/www.musikzeitung.ch\\\/#website\",\"url\":\"https:\\\/\\\/www.musikzeitung.ch\\\/\",\"name\":\"Schweizer Musikzeitung\",\"description\":\"Die f\u00fchrende sparten\u00fcbergreifende Monatszeitung in der Schweiz f\u00fcr musikalische Fragen.\",\"publisher\":{\"@id\":\"https:\\\/\\\/www.musikzeitung.ch\\\/#organization\"},\"potentialAction\":[{\"@type\":\"SearchAction\",\"target\":{\"@type\":\"EntryPoint\",\"urlTemplate\":\"https:\\\/\\\/www.musikzeitung.ch\\\/?s={search_term_string}\"},\"query-input\":{\"@type\":\"PropertyValueSpecification\",\"valueRequired\":true,\"valueName\":\"search_term_string\"}}],\"inLanguage\":\"it-IT\"},{\"@type\":\"Organization\",\"@id\":\"https:\\\/\\\/www.musikzeitung.ch\\\/#organization\",\"name\":\"Schweizer Musikzeitung\",\"url\":\"https:\\\/\\\/www.musikzeitung.ch\\\/\",\"logo\":{\"@type\":\"ImageObject\",\"inLanguage\":\"it-IT\",\"@id\":\"https:\\\/\\\/www.musikzeitung.ch\\\/#\\\/schema\\\/logo\\\/image\\\/\",\"url\":\"https:\\\/\\\/www.musikzeitung.ch\\\/wp-content\\\/uploads\\\/2023\\\/01\\\/SMZ_Schriftzug_Sprache.png\",\"contentUrl\":\"https:\\\/\\\/www.musikzeitung.ch\\\/wp-content\\\/uploads\\\/2023\\\/01\\\/SMZ_Schriftzug_Sprache.png\",\"width\":1400,\"height\":279,\"caption\":\"Schweizer Musikzeitung\"},\"image\":{\"@id\":\"https:\\\/\\\/www.musikzeitung.ch\\\/#\\\/schema\\\/logo\\\/image\\\/\"},\"sameAs\":[\"https:\\\/\\\/www.facebook.com\\\/SchweizerMusikzeitung\\\/\",\"https:\\\/\\\/x.com\\\/smusikzeitung\",\"https:\\\/\\\/www.instagram.com\\\/musikzeitung.ch\\\/\"]},{\"@type\":\"Person\",\"@id\":\"https:\\\/\\\/www.musikzeitung.ch\\\/#\\\/schema\\\/person\\\/0da4fb82d243f1252850a35d0e87cf0c\",\"name\":\"Wolfgang B\u00f6hler\",\"image\":{\"@type\":\"ImageObject\",\"inLanguage\":\"it-IT\",\"@id\":\"https:\\\/\\\/www.musikzeitung.ch\\\/wp-content\\\/uploads\\\/2023\\\/01\\\/boehler_portraet_web-e1674139782246-96x96.jpg\",\"url\":\"https:\\\/\\\/www.musikzeitung.ch\\\/wp-content\\\/uploads\\\/2023\\\/01\\\/boehler_portraet_web-e1674139782246-96x96.jpg\",\"contentUrl\":\"https:\\\/\\\/www.musikzeitung.ch\\\/wp-content\\\/uploads\\\/2023\\\/01\\\/boehler_portraet_web-e1674139782246-96x96.jpg\",\"caption\":\"Wolfgang B\u00f6hler\"},\"sameAs\":[\"http:\\\/\\\/www.manacanto.ch\",\"https:\\\/\\\/www.facebook.com\\\/wolfgang.bohler.75\"],\"url\":\"https:\\\/\\\/www.musikzeitung.ch\\\/it\\\/author\\\/wolfgang-boehler\"}]}<\/script>\n<!-- \/ Yoast SEO plugin. -->","yoast_head_json":{"title":"L\u00e4sst sich Musikalit\u00e4t an den Genen ablesen? - Schweizer Musikzeitung","description":"Ein internationales Forschungsteam hat DNA-Sequenzen aus Beethovens Haarstr\u00e4hnen analysiert, auf der Suche nach genetischen Hnweisen der Musikalit\u00e4t.","robots":{"index":"index","follow":"follow","max-snippet":"max-snippet:-1","max-image-preview":"max-image-preview:large","max-video-preview":"max-video-preview:-1"},"canonical":"https:\/\/www.musikzeitung.ch\/it\/news\/2024\/03\/laesst-sich-musikalitaet-an-den-genen-ablesen\/","og_locale":"it_IT","og_type":"article","og_title":"L\u00e4sst sich Musikalit\u00e4t an den Genen ablesen? - Schweizer Musikzeitung","og_description":"Ein internationales Forschungsteam hat DNA-Sequenzen aus Beethovens Haarstr\u00e4hnen analysiert, auf der Suche nach genetischen Hnweisen der Musikalit\u00e4t.","og_url":"https:\/\/www.musikzeitung.ch\/it\/news\/2024\/03\/laesst-sich-musikalitaet-an-den-genen-ablesen\/","og_site_name":"Schweizer Musikzeitung","article_publisher":"https:\/\/www.facebook.com\/SchweizerMusikzeitung\/","article_author":"https:\/\/www.facebook.com\/wolfgang.bohler.75","article_published_time":"2024-03-27T09:13:45+00:00","article_modified_time":"2024-03-27T09:27:39+00:00","og_image":[{"width":1049,"height":783,"url":"https:\/\/www.musikzeitung.ch\/wp-content\/uploads\/2024\/03\/240327beethoven.jpg","type":"image\/jpeg"}],"author":"Wolfgang B\u00f6hler","twitter_card":"summary_large_image","twitter_creator":"@smusikzeitung","twitter_site":"@smusikzeitung","twitter_misc":{"Scritto da":"Wolfgang B\u00f6hler","Tempo di lettura stimato":"2 minuti"},"schema":{"@context":"https:\/\/schema.org","@graph":[{"@type":"Article","@id":"https:\/\/www.musikzeitung.ch\/news\/2024\/03\/laesst-sich-musikalitaet-an-den-genen-ablesen#article","isPartOf":{"@id":"https:\/\/www.musikzeitung.ch\/news\/2024\/03\/laesst-sich-musikalitaet-an-den-genen-ablesen"},"author":{"name":"Wolfgang B\u00f6hler","@id":"https:\/\/www.musikzeitung.ch\/#\/schema\/person\/0da4fb82d243f1252850a35d0e87cf0c"},"headline":"L\u00e4sst sich Musikalit\u00e4t an den Genen ablesen?","datePublished":"2024-03-27T09:13:45+00:00","dateModified":"2024-03-27T09:27:39+00:00","mainEntityOfPage":{"@id":"https:\/\/www.musikzeitung.ch\/news\/2024\/03\/laesst-sich-musikalitaet-an-den-genen-ablesen"},"wordCount":206,"publisher":{"@id":"https:\/\/www.musikzeitung.ch\/#organization"},"image":{"@id":"https:\/\/www.musikzeitung.ch\/news\/2024\/03\/laesst-sich-musikalitaet-an-den-genen-ablesen#primaryimage"},"thumbnailUrl":"https:\/\/www.musikzeitung.ch\/wp-content\/uploads\/2024\/03\/240327beethoven.jpg","keywords":["Genetik","Max-Planck-Institut f\u00fcr empirische \u00c4sthetik","Musikalit\u00e4t"],"articleSection":["News"],"inLanguage":"it-IT"},{"@type":"WebPage","@id":"https:\/\/www.musikzeitung.ch\/news\/2024\/03\/laesst-sich-musikalitaet-an-den-genen-ablesen","url":"https:\/\/www.musikzeitung.ch\/news\/2024\/03\/laesst-sich-musikalitaet-an-den-genen-ablesen","name":"L\u00e4sst sich Musikalit\u00e4t an den Genen ablesen? - Schweizer Musikzeitung","isPartOf":{"@id":"https:\/\/www.musikzeitung.ch\/#website"},"primaryImageOfPage":{"@id":"https:\/\/www.musikzeitung.ch\/news\/2024\/03\/laesst-sich-musikalitaet-an-den-genen-ablesen#primaryimage"},"image":{"@id":"https:\/\/www.musikzeitung.ch\/news\/2024\/03\/laesst-sich-musikalitaet-an-den-genen-ablesen#primaryimage"},"thumbnailUrl":"https:\/\/www.musikzeitung.ch\/wp-content\/uploads\/2024\/03\/240327beethoven.jpg","datePublished":"2024-03-27T09:13:45+00:00","dateModified":"2024-03-27T09:27:39+00:00","description":"Ein internationales Forschungsteam hat DNA-Sequenzen aus Beethovens Haarstr\u00e4hnen analysiert, auf der Suche nach genetischen Hnweisen der Musikalit\u00e4t.","breadcrumb":{"@id":"https:\/\/www.musikzeitung.ch\/news\/2024\/03\/laesst-sich-musikalitaet-an-den-genen-ablesen#breadcrumb"},"inLanguage":"it-IT","potentialAction":[{"@type":"ReadAction","target":["https:\/\/www.musikzeitung.ch\/news\/2024\/03\/laesst-sich-musikalitaet-an-den-genen-ablesen"]}]},{"@type":"ImageObject","inLanguage":"it-IT","@id":"https:\/\/www.musikzeitung.ch\/news\/2024\/03\/laesst-sich-musikalitaet-an-den-genen-ablesen#primaryimage","url":"https:\/\/www.musikzeitung.ch\/wp-content\/uploads\/2024\/03\/240327beethoven.jpg","contentUrl":"https:\/\/www.musikzeitung.ch\/wp-content\/uploads\/2024\/03\/240327beethoven.jpg","width":1049,"height":783,"caption":"Collage: MPIEA \/ F. Bernoully"},{"@type":"BreadcrumbList","@id":"https:\/\/www.musikzeitung.ch\/news\/2024\/03\/laesst-sich-musikalitaet-an-den-genen-ablesen#breadcrumb","itemListElement":[{"@type":"ListItem","position":1,"name":"Home","item":"https:\/\/www.musikzeitung.ch\/"},{"@type":"ListItem","position":2,"name":"L\u00e4sst sich Musikalit\u00e4t an den Genen ablesen?"}]},{"@type":"WebSite","@id":"https:\/\/www.musikzeitung.ch\/#website","url":"https:\/\/www.musikzeitung.ch\/","name":"Giornale musicale svizzero","description":"Il principale mensile interdisciplinare della Svizzera per le questioni musicali.","publisher":{"@id":"https:\/\/www.musikzeitung.ch\/#organization"},"potentialAction":[{"@type":"SearchAction","target":{"@type":"EntryPoint","urlTemplate":"https:\/\/www.musikzeitung.ch\/?s={search_term_string}"},"query-input":{"@type":"PropertyValueSpecification","valueRequired":true,"valueName":"search_term_string"}}],"inLanguage":"it-IT"},{"@type":"Organization","@id":"https:\/\/www.musikzeitung.ch\/#organization","name":"Giornale musicale svizzero","url":"https:\/\/www.musikzeitung.ch\/","logo":{"@type":"ImageObject","inLanguage":"it-IT","@id":"https:\/\/www.musikzeitung.ch\/#\/schema\/logo\/image\/","url":"https:\/\/www.musikzeitung.ch\/wp-content\/uploads\/2023\/01\/SMZ_Schriftzug_Sprache.png","contentUrl":"https:\/\/www.musikzeitung.ch\/wp-content\/uploads\/2023\/01\/SMZ_Schriftzug_Sprache.png","width":1400,"height":279,"caption":"Schweizer Musikzeitung"},"image":{"@id":"https:\/\/www.musikzeitung.ch\/#\/schema\/logo\/image\/"},"sameAs":["https:\/\/www.facebook.com\/SchweizerMusikzeitung\/","https:\/\/x.com\/smusikzeitung","https:\/\/www.instagram.com\/musikzeitung.ch\/"]},{"@type":"Person","@id":"https:\/\/www.musikzeitung.ch\/#\/schema\/person\/0da4fb82d243f1252850a35d0e87cf0c","name":"Wolfgang B\u00f6hler","image":{"@type":"ImageObject","inLanguage":"it-IT","@id":"https:\/\/www.musikzeitung.ch\/wp-content\/uploads\/2023\/01\/boehler_portraet_web-e1674139782246-96x96.jpg","url":"https:\/\/www.musikzeitung.ch\/wp-content\/uploads\/2023\/01\/boehler_portraet_web-e1674139782246-96x96.jpg","contentUrl":"https:\/\/www.musikzeitung.ch\/wp-content\/uploads\/2023\/01\/boehler_portraet_web-e1674139782246-96x96.jpg","caption":"Wolfgang B\u00f6hler"},"sameAs":["http:\/\/www.manacanto.ch","https:\/\/www.facebook.com\/wolfgang.bohler.75"],"url":"https:\/\/www.musikzeitung.ch\/it\/author\/wolfgang-boehler"}]}},"publishpress_future_workflow_manual_trigger":{"enabledWorkflows":[]},"_links":{"self":[{"href":"https:\/\/www.musikzeitung.ch\/it\/wp-json\/wp\/v2\/posts\/53462","targetHints":{"allow":["GET"]}}],"collection":[{"href":"https:\/\/www.musikzeitung.ch\/it\/wp-json\/wp\/v2\/posts"}],"about":[{"href":"https:\/\/www.musikzeitung.ch\/it\/wp-json\/wp\/v2\/types\/post"}],"author":[{"embeddable":true,"href":"https:\/\/www.musikzeitung.ch\/it\/wp-json\/wp\/v2\/users\/30"}],"replies":[{"embeddable":true,"href":"https:\/\/www.musikzeitung.ch\/it\/wp-json\/wp\/v2\/comments?post=53462"}],"version-history":[{"count":6,"href":"https:\/\/www.musikzeitung.ch\/it\/wp-json\/wp\/v2\/posts\/53462\/revisions"}],"predecessor-version":[{"id":53487,"href":"https:\/\/www.musikzeitung.ch\/it\/wp-json\/wp\/v2\/posts\/53462\/revisions\/53487"}],"wp:featuredmedia":[{"embeddable":true,"href":"https:\/\/www.musikzeitung.ch\/it\/wp-json\/wp\/v2\/media\/53464"}],"wp:attachment":[{"href":"https:\/\/www.musikzeitung.ch\/it\/wp-json\/wp\/v2\/media?parent=53462"}],"wp:term":[{"taxonomy":"category","embeddable":true,"href":"https:\/\/www.musikzeitung.ch\/it\/wp-json\/wp\/v2\/categories?post=53462"},{"taxonomy":"post_tag","embeddable":true,"href":"https:\/\/www.musikzeitung.ch\/it\/wp-json\/wp\/v2\/tags?post=53462"}],"curies":[{"name":"wp","href":"https:\/\/api.w.org\/{rel}","templated":true}]}}