{"id":53647,"date":"2024-03-28T09:13:23","date_gmt":"2024-03-28T08:13:23","guid":{"rendered":"https:\/\/www.musikzeitung.ch\/?p=53647"},"modified":"2024-03-28T09:49:55","modified_gmt":"2024-03-28T08:49:55","slug":"tod-des-geigers-igor-ozim","status":"publish","type":"post","link":"https:\/\/www.musikzeitung.ch\/it\/news\/2024\/03\/tod-des-geigers-igor-ozim","title":{"rendered":"Morte del violinista Igor Ozim"},"content":{"rendered":"<figure id=\"attachment_53660\" aria-describedby=\"caption-attachment-53660\" style=\"width: 675px\" class=\"wp-caption aligncenter\"><img loading=\"lazy\" decoding=\"async\" class=\"wp-image-53660\" src=\"https:\/\/www.musikzeitung.ch\/wp-content\/uploads\/2024\/03\/240328ozim.jpg\" alt=\"\" width=\"675\" height=\"353\" srcset=\"https:\/\/www.musikzeitung.ch\/wp-content\/uploads\/2024\/03\/240328ozim.jpg 1105w, https:\/\/www.musikzeitung.ch\/wp-content\/uploads\/2024\/03\/240328ozim-300x157.jpg 300w, https:\/\/www.musikzeitung.ch\/wp-content\/uploads\/2024\/03\/240328ozim-1024x536.jpg 1024w, https:\/\/www.musikzeitung.ch\/wp-content\/uploads\/2024\/03\/240328ozim-768x402.jpg 768w, https:\/\/www.musikzeitung.ch\/wp-content\/uploads\/2024\/03\/240328ozim-335x175.jpg 335w, https:\/\/www.musikzeitung.ch\/wp-content\/uploads\/2024\/03\/240328ozim-669x350.jpg 669w, https:\/\/www.musikzeitung.ch\/wp-content\/uploads\/2024\/03\/240328ozim-920x481.jpg 920w\" sizes=\"auto, (max-width: 675px) 100vw, 675px\" \/><figcaption id=\"caption-attachment-53660\" class=\"wp-caption-text\">Igor Ozim (Immagine: fotogramma video di Youtube)<\/figcaption><\/figure>\n<p>Igor Ozim \u00e8 nato a Lubiana (Slovenia) nel 1931 e ha studiato con Max Rostal a Londra, dove ha vinto anche il premio Carl Flesch nel 1951. Nel 1953 ha vinto il concorso ARD. Tra i pi\u00f9 richiesti insegnanti di violino in Europa e nel mondo, ha insegnato alla Hochschule f\u00fcr Musik di Colonia, alla Hochschule f\u00fcr Musik di Berna e, dal 2002, al Mozarteum di Salisburgo.<\/p>\n<p>Il suo repertorio comprende circa 60 concerti per violino e numerose opere di musica da camera. Molte composizioni contemporanee che ha eseguito in prima assoluta sono dedicate a lui. I suoi concerti lo hanno portato a collaborare con le pi\u00f9 importanti orchestre internazionali, come l'Orchestra Filarmonica di Berlino, la London Philharmonic Orchestra, la London Symphony Orchestra, l'Orchestra Filarmonica di Varsavia, l'Orchestra della BBC e numerose orchestre radiofoniche. Tra i suoi allievi a Berna figurano Patricia Kopatchinskaja, Gwendolyn Masin e Primo\u017e Nov\u0161ak.<\/p>","protected":false},"excerpt":{"rendered":"<p>\u00c8 morto all'et\u00e0 di 93 anni il violinista sloveno-austriaco Igor Ozim, che ha insegnato al Conservatorio di Berna e ha svolto un ruolo fondamentale nel plasmare la sua reputazione internazionale. <\/p>","protected":false},"author":30,"featured_media":53660,"comment_status":"closed","ping_status":"closed","sticky":false,"template":"","format":"standard","meta":{"_acf_changed":false,"_relevanssi_hide_post":"","_relevanssi_hide_content":"","_relevanssi_pin_for_all":"","_relevanssi_pin_keywords":"","_relevanssi_unpin_keywords":"","_relevanssi_related_keywords":"","_relevanssi_related_include_ids":"","_relevanssi_related_exclude_ids":"","_relevanssi_related_no_append":"","_relevanssi_related_not_related":"","_relevanssi_related_posts":"","_relevanssi_noindex_reason":"","pgc_sgb_lightbox_settings":"","footnotes":""},"categories":[27,1624],"tags":[3877,3878],"class_list":["post-53647","post","type-post","status-publish","format-standard","has-post-thumbnail","hentry","category-news","category-personen","tag-igor-ozim","tag-konservatorium-bern"],"acf":[],"yoast_head":"<!-- This site is optimized with the Yoast SEO plugin v27.4 - https:\/\/yoast.com\/product\/yoast-seo-wordpress\/ -->\n<title>Tod des Geigers Igor Ozim - Schweizer Musikzeitung<\/title>\n<meta name=\"description\" content=\"Der slowenisch-\u00f6sterreichische Geiger Igor Ozim unterrichtete am Konservatorium Bern und pr\u00e4gte dessen internationalen Ruf massgeblich mit.\" \/>\n<meta name=\"robots\" content=\"index, follow, max-snippet:-1, max-image-preview:large, max-video-preview:-1\" \/>\n<link rel=\"canonical\" href=\"https:\/\/www.musikzeitung.ch\/it\/news\/2024\/03\/tod-des-geigers-igor-ozim\/\" \/>\n<meta property=\"og:locale\" content=\"it_IT\" \/>\n<meta property=\"og:type\" content=\"article\" \/>\n<meta property=\"og:title\" content=\"Tod des Geigers Igor Ozim - Schweizer Musikzeitung\" \/>\n<meta property=\"og:description\" content=\"Der slowenisch-\u00f6sterreichische Geiger Igor Ozim unterrichtete am Konservatorium Bern und pr\u00e4gte dessen internationalen Ruf massgeblich mit.\" \/>\n<meta property=\"og:url\" content=\"https:\/\/www.musikzeitung.ch\/it\/news\/2024\/03\/tod-des-geigers-igor-ozim\/\" \/>\n<meta property=\"og:site_name\" content=\"Schweizer Musikzeitung\" \/>\n<meta property=\"article:publisher\" content=\"https:\/\/www.facebook.com\/SchweizerMusikzeitung\/\" \/>\n<meta property=\"article:author\" content=\"https:\/\/www.facebook.com\/wolfgang.bohler.75\" \/>\n<meta property=\"article:published_time\" content=\"2024-03-28T08:13:23+00:00\" \/>\n<meta property=\"article:modified_time\" content=\"2024-03-28T08:49:55+00:00\" \/>\n<meta property=\"og:image\" content=\"https:\/\/www.musikzeitung.ch\/wp-content\/uploads\/2024\/03\/240328ozim.jpg\" \/>\n\t<meta property=\"og:image:width\" content=\"1105\" \/>\n\t<meta property=\"og:image:height\" content=\"578\" \/>\n\t<meta property=\"og:image:type\" content=\"image\/jpeg\" \/>\n<meta name=\"author\" content=\"Wolfgang B\u00f6hler\" \/>\n<meta name=\"twitter:card\" content=\"summary_large_image\" \/>\n<meta name=\"twitter:creator\" content=\"@smusikzeitung\" \/>\n<meta name=\"twitter:site\" content=\"@smusikzeitung\" \/>\n<meta name=\"twitter:label1\" content=\"Scritto da\" \/>\n\t<meta name=\"twitter:data1\" content=\"Wolfgang B\u00f6hler\" \/>\n\t<meta name=\"twitter:label2\" content=\"Tempo di lettura stimato\" \/>\n\t<meta name=\"twitter:data2\" content=\"2 minuti\" \/>\n<script type=\"application\/ld+json\" class=\"yoast-schema-graph\">{\"@context\":\"https:\\\/\\\/schema.org\",\"@graph\":[{\"@type\":\"Article\",\"@id\":\"https:\\\/\\\/www.musikzeitung.ch\\\/news\\\/2024\\\/03\\\/tod-des-geigers-igor-ozim#article\",\"isPartOf\":{\"@id\":\"https:\\\/\\\/www.musikzeitung.ch\\\/news\\\/2024\\\/03\\\/tod-des-geigers-igor-ozim\"},\"author\":{\"name\":\"Wolfgang B\u00f6hler\",\"@id\":\"https:\\\/\\\/www.musikzeitung.ch\\\/#\\\/schema\\\/person\\\/0da4fb82d243f1252850a35d0e87cf0c\"},\"headline\":\"Tod des Geigers Igor Ozim\",\"datePublished\":\"2024-03-28T08:13:23+00:00\",\"dateModified\":\"2024-03-28T08:49:55+00:00\",\"mainEntityOfPage\":{\"@id\":\"https:\\\/\\\/www.musikzeitung.ch\\\/news\\\/2024\\\/03\\\/tod-des-geigers-igor-ozim\"},\"wordCount\":141,\"publisher\":{\"@id\":\"https:\\\/\\\/www.musikzeitung.ch\\\/#organization\"},\"image\":{\"@id\":\"https:\\\/\\\/www.musikzeitung.ch\\\/news\\\/2024\\\/03\\\/tod-des-geigers-igor-ozim#primaryimage\"},\"thumbnailUrl\":\"https:\\\/\\\/www.musikzeitung.ch\\\/wp-content\\\/uploads\\\/2024\\\/03\\\/240328ozim.jpg\",\"keywords\":[\"Igor Ozim\",\"Konservatorium Bern\"],\"articleSection\":[\"News\",\"Personen\"],\"inLanguage\":\"it-IT\"},{\"@type\":\"WebPage\",\"@id\":\"https:\\\/\\\/www.musikzeitung.ch\\\/news\\\/2024\\\/03\\\/tod-des-geigers-igor-ozim\",\"url\":\"https:\\\/\\\/www.musikzeitung.ch\\\/news\\\/2024\\\/03\\\/tod-des-geigers-igor-ozim\",\"name\":\"Tod des Geigers Igor Ozim - Schweizer Musikzeitung\",\"isPartOf\":{\"@id\":\"https:\\\/\\\/www.musikzeitung.ch\\\/#website\"},\"primaryImageOfPage\":{\"@id\":\"https:\\\/\\\/www.musikzeitung.ch\\\/news\\\/2024\\\/03\\\/tod-des-geigers-igor-ozim#primaryimage\"},\"image\":{\"@id\":\"https:\\\/\\\/www.musikzeitung.ch\\\/news\\\/2024\\\/03\\\/tod-des-geigers-igor-ozim#primaryimage\"},\"thumbnailUrl\":\"https:\\\/\\\/www.musikzeitung.ch\\\/wp-content\\\/uploads\\\/2024\\\/03\\\/240328ozim.jpg\",\"datePublished\":\"2024-03-28T08:13:23+00:00\",\"dateModified\":\"2024-03-28T08:49:55+00:00\",\"description\":\"Der slowenisch-\u00f6sterreichische Geiger Igor Ozim unterrichtete am Konservatorium Bern und pr\u00e4gte dessen internationalen Ruf massgeblich mit.\",\"breadcrumb\":{\"@id\":\"https:\\\/\\\/www.musikzeitung.ch\\\/news\\\/2024\\\/03\\\/tod-des-geigers-igor-ozim#breadcrumb\"},\"inLanguage\":\"it-IT\",\"potentialAction\":[{\"@type\":\"ReadAction\",\"target\":[\"https:\\\/\\\/www.musikzeitung.ch\\\/news\\\/2024\\\/03\\\/tod-des-geigers-igor-ozim\"]}]},{\"@type\":\"ImageObject\",\"inLanguage\":\"it-IT\",\"@id\":\"https:\\\/\\\/www.musikzeitung.ch\\\/news\\\/2024\\\/03\\\/tod-des-geigers-igor-ozim#primaryimage\",\"url\":\"https:\\\/\\\/www.musikzeitung.ch\\\/wp-content\\\/uploads\\\/2024\\\/03\\\/240328ozim.jpg\",\"contentUrl\":\"https:\\\/\\\/www.musikzeitung.ch\\\/wp-content\\\/uploads\\\/2024\\\/03\\\/240328ozim.jpg\",\"width\":1105,\"height\":578,\"caption\":\"Igor Ozim (Bild: Youtube-Videostill)\"},{\"@type\":\"BreadcrumbList\",\"@id\":\"https:\\\/\\\/www.musikzeitung.ch\\\/news\\\/2024\\\/03\\\/tod-des-geigers-igor-ozim#breadcrumb\",\"itemListElement\":[{\"@type\":\"ListItem\",\"position\":1,\"name\":\"Home\",\"item\":\"https:\\\/\\\/www.musikzeitung.ch\\\/\"},{\"@type\":\"ListItem\",\"position\":2,\"name\":\"Tod des Geigers Igor Ozim\"}]},{\"@type\":\"WebSite\",\"@id\":\"https:\\\/\\\/www.musikzeitung.ch\\\/#website\",\"url\":\"https:\\\/\\\/www.musikzeitung.ch\\\/\",\"name\":\"Schweizer Musikzeitung\",\"description\":\"Die f\u00fchrende sparten\u00fcbergreifende Monatszeitung in der Schweiz f\u00fcr musikalische Fragen.\",\"publisher\":{\"@id\":\"https:\\\/\\\/www.musikzeitung.ch\\\/#organization\"},\"potentialAction\":[{\"@type\":\"SearchAction\",\"target\":{\"@type\":\"EntryPoint\",\"urlTemplate\":\"https:\\\/\\\/www.musikzeitung.ch\\\/?s={search_term_string}\"},\"query-input\":{\"@type\":\"PropertyValueSpecification\",\"valueRequired\":true,\"valueName\":\"search_term_string\"}}],\"inLanguage\":\"it-IT\"},{\"@type\":\"Organization\",\"@id\":\"https:\\\/\\\/www.musikzeitung.ch\\\/#organization\",\"name\":\"Schweizer Musikzeitung\",\"url\":\"https:\\\/\\\/www.musikzeitung.ch\\\/\",\"logo\":{\"@type\":\"ImageObject\",\"inLanguage\":\"it-IT\",\"@id\":\"https:\\\/\\\/www.musikzeitung.ch\\\/#\\\/schema\\\/logo\\\/image\\\/\",\"url\":\"https:\\\/\\\/www.musikzeitung.ch\\\/wp-content\\\/uploads\\\/2023\\\/01\\\/SMZ_Schriftzug_Sprache.png\",\"contentUrl\":\"https:\\\/\\\/www.musikzeitung.ch\\\/wp-content\\\/uploads\\\/2023\\\/01\\\/SMZ_Schriftzug_Sprache.png\",\"width\":1400,\"height\":279,\"caption\":\"Schweizer Musikzeitung\"},\"image\":{\"@id\":\"https:\\\/\\\/www.musikzeitung.ch\\\/#\\\/schema\\\/logo\\\/image\\\/\"},\"sameAs\":[\"https:\\\/\\\/www.facebook.com\\\/SchweizerMusikzeitung\\\/\",\"https:\\\/\\\/x.com\\\/smusikzeitung\",\"https:\\\/\\\/www.instagram.com\\\/musikzeitung.ch\\\/\"]},{\"@type\":\"Person\",\"@id\":\"https:\\\/\\\/www.musikzeitung.ch\\\/#\\\/schema\\\/person\\\/0da4fb82d243f1252850a35d0e87cf0c\",\"name\":\"Wolfgang B\u00f6hler\",\"image\":{\"@type\":\"ImageObject\",\"inLanguage\":\"it-IT\",\"@id\":\"https:\\\/\\\/www.musikzeitung.ch\\\/wp-content\\\/uploads\\\/2023\\\/01\\\/boehler_portraet_web-e1674139782246-96x96.jpg\",\"url\":\"https:\\\/\\\/www.musikzeitung.ch\\\/wp-content\\\/uploads\\\/2023\\\/01\\\/boehler_portraet_web-e1674139782246-96x96.jpg\",\"contentUrl\":\"https:\\\/\\\/www.musikzeitung.ch\\\/wp-content\\\/uploads\\\/2023\\\/01\\\/boehler_portraet_web-e1674139782246-96x96.jpg\",\"caption\":\"Wolfgang B\u00f6hler\"},\"sameAs\":[\"http:\\\/\\\/www.manacanto.ch\",\"https:\\\/\\\/www.facebook.com\\\/wolfgang.bohler.75\"],\"url\":\"https:\\\/\\\/www.musikzeitung.ch\\\/it\\\/author\\\/wolfgang-boehler\"}]}<\/script>\n<!-- \/ Yoast SEO plugin. -->","yoast_head_json":{"title":"Morte del violinista Igor Ozim - Schweizer Musikzeitung","description":"Il violinista sloveno-austriaco Igor Ozim ha insegnato al Conservatorio di Berna e ha svolto un ruolo fondamentale nel plasmare la sua reputazione internazionale.","robots":{"index":"index","follow":"follow","max-snippet":"max-snippet:-1","max-image-preview":"max-image-preview:large","max-video-preview":"max-video-preview:-1"},"canonical":"https:\/\/www.musikzeitung.ch\/it\/news\/2024\/03\/tod-des-geigers-igor-ozim\/","og_locale":"it_IT","og_type":"article","og_title":"Tod des Geigers Igor Ozim - Schweizer Musikzeitung","og_description":"Der slowenisch-\u00f6sterreichische Geiger Igor Ozim unterrichtete am Konservatorium Bern und pr\u00e4gte dessen internationalen Ruf massgeblich mit.","og_url":"https:\/\/www.musikzeitung.ch\/it\/news\/2024\/03\/tod-des-geigers-igor-ozim\/","og_site_name":"Schweizer Musikzeitung","article_publisher":"https:\/\/www.facebook.com\/SchweizerMusikzeitung\/","article_author":"https:\/\/www.facebook.com\/wolfgang.bohler.75","article_published_time":"2024-03-28T08:13:23+00:00","article_modified_time":"2024-03-28T08:49:55+00:00","og_image":[{"width":1105,"height":578,"url":"https:\/\/www.musikzeitung.ch\/wp-content\/uploads\/2024\/03\/240328ozim.jpg","type":"image\/jpeg"}],"author":"Wolfgang B\u00f6hler","twitter_card":"summary_large_image","twitter_creator":"@smusikzeitung","twitter_site":"@smusikzeitung","twitter_misc":{"Scritto da":"Wolfgang B\u00f6hler","Tempo di lettura stimato":"2 minuti"},"schema":{"@context":"https:\/\/schema.org","@graph":[{"@type":"Article","@id":"https:\/\/www.musikzeitung.ch\/news\/2024\/03\/tod-des-geigers-igor-ozim#article","isPartOf":{"@id":"https:\/\/www.musikzeitung.ch\/news\/2024\/03\/tod-des-geigers-igor-ozim"},"author":{"name":"Wolfgang B\u00f6hler","@id":"https:\/\/www.musikzeitung.ch\/#\/schema\/person\/0da4fb82d243f1252850a35d0e87cf0c"},"headline":"Tod des Geigers Igor Ozim","datePublished":"2024-03-28T08:13:23+00:00","dateModified":"2024-03-28T08:49:55+00:00","mainEntityOfPage":{"@id":"https:\/\/www.musikzeitung.ch\/news\/2024\/03\/tod-des-geigers-igor-ozim"},"wordCount":141,"publisher":{"@id":"https:\/\/www.musikzeitung.ch\/#organization"},"image":{"@id":"https:\/\/www.musikzeitung.ch\/news\/2024\/03\/tod-des-geigers-igor-ozim#primaryimage"},"thumbnailUrl":"https:\/\/www.musikzeitung.ch\/wp-content\/uploads\/2024\/03\/240328ozim.jpg","keywords":["Igor Ozim","Konservatorium Bern"],"articleSection":["News","Personen"],"inLanguage":"it-IT"},{"@type":"WebPage","@id":"https:\/\/www.musikzeitung.ch\/news\/2024\/03\/tod-des-geigers-igor-ozim","url":"https:\/\/www.musikzeitung.ch\/news\/2024\/03\/tod-des-geigers-igor-ozim","name":"Morte del violinista Igor Ozim - Schweizer Musikzeitung","isPartOf":{"@id":"https:\/\/www.musikzeitung.ch\/#website"},"primaryImageOfPage":{"@id":"https:\/\/www.musikzeitung.ch\/news\/2024\/03\/tod-des-geigers-igor-ozim#primaryimage"},"image":{"@id":"https:\/\/www.musikzeitung.ch\/news\/2024\/03\/tod-des-geigers-igor-ozim#primaryimage"},"thumbnailUrl":"https:\/\/www.musikzeitung.ch\/wp-content\/uploads\/2024\/03\/240328ozim.jpg","datePublished":"2024-03-28T08:13:23+00:00","dateModified":"2024-03-28T08:49:55+00:00","description":"Il violinista sloveno-austriaco Igor Ozim ha insegnato al Conservatorio di Berna e ha svolto un ruolo fondamentale nel plasmare la sua reputazione internazionale.","breadcrumb":{"@id":"https:\/\/www.musikzeitung.ch\/news\/2024\/03\/tod-des-geigers-igor-ozim#breadcrumb"},"inLanguage":"it-IT","potentialAction":[{"@type":"ReadAction","target":["https:\/\/www.musikzeitung.ch\/news\/2024\/03\/tod-des-geigers-igor-ozim"]}]},{"@type":"ImageObject","inLanguage":"it-IT","@id":"https:\/\/www.musikzeitung.ch\/news\/2024\/03\/tod-des-geigers-igor-ozim#primaryimage","url":"https:\/\/www.musikzeitung.ch\/wp-content\/uploads\/2024\/03\/240328ozim.jpg","contentUrl":"https:\/\/www.musikzeitung.ch\/wp-content\/uploads\/2024\/03\/240328ozim.jpg","width":1105,"height":578,"caption":"Igor Ozim (Bild: Youtube-Videostill)"},{"@type":"BreadcrumbList","@id":"https:\/\/www.musikzeitung.ch\/news\/2024\/03\/tod-des-geigers-igor-ozim#breadcrumb","itemListElement":[{"@type":"ListItem","position":1,"name":"Home","item":"https:\/\/www.musikzeitung.ch\/"},{"@type":"ListItem","position":2,"name":"Tod des Geigers Igor Ozim"}]},{"@type":"WebSite","@id":"https:\/\/www.musikzeitung.ch\/#website","url":"https:\/\/www.musikzeitung.ch\/","name":"Giornale musicale svizzero","description":"Il principale mensile interdisciplinare della Svizzera per le questioni musicali.","publisher":{"@id":"https:\/\/www.musikzeitung.ch\/#organization"},"potentialAction":[{"@type":"SearchAction","target":{"@type":"EntryPoint","urlTemplate":"https:\/\/www.musikzeitung.ch\/?s={search_term_string}"},"query-input":{"@type":"PropertyValueSpecification","valueRequired":true,"valueName":"search_term_string"}}],"inLanguage":"it-IT"},{"@type":"Organization","@id":"https:\/\/www.musikzeitung.ch\/#organization","name":"Giornale musicale svizzero","url":"https:\/\/www.musikzeitung.ch\/","logo":{"@type":"ImageObject","inLanguage":"it-IT","@id":"https:\/\/www.musikzeitung.ch\/#\/schema\/logo\/image\/","url":"https:\/\/www.musikzeitung.ch\/wp-content\/uploads\/2023\/01\/SMZ_Schriftzug_Sprache.png","contentUrl":"https:\/\/www.musikzeitung.ch\/wp-content\/uploads\/2023\/01\/SMZ_Schriftzug_Sprache.png","width":1400,"height":279,"caption":"Schweizer Musikzeitung"},"image":{"@id":"https:\/\/www.musikzeitung.ch\/#\/schema\/logo\/image\/"},"sameAs":["https:\/\/www.facebook.com\/SchweizerMusikzeitung\/","https:\/\/x.com\/smusikzeitung","https:\/\/www.instagram.com\/musikzeitung.ch\/"]},{"@type":"Person","@id":"https:\/\/www.musikzeitung.ch\/#\/schema\/person\/0da4fb82d243f1252850a35d0e87cf0c","name":"Wolfgang B\u00f6hler","image":{"@type":"ImageObject","inLanguage":"it-IT","@id":"https:\/\/www.musikzeitung.ch\/wp-content\/uploads\/2023\/01\/boehler_portraet_web-e1674139782246-96x96.jpg","url":"https:\/\/www.musikzeitung.ch\/wp-content\/uploads\/2023\/01\/boehler_portraet_web-e1674139782246-96x96.jpg","contentUrl":"https:\/\/www.musikzeitung.ch\/wp-content\/uploads\/2023\/01\/boehler_portraet_web-e1674139782246-96x96.jpg","caption":"Wolfgang B\u00f6hler"},"sameAs":["http:\/\/www.manacanto.ch","https:\/\/www.facebook.com\/wolfgang.bohler.75"],"url":"https:\/\/www.musikzeitung.ch\/it\/author\/wolfgang-boehler"}]}},"publishpress_future_workflow_manual_trigger":{"enabledWorkflows":[]},"_links":{"self":[{"href":"https:\/\/www.musikzeitung.ch\/it\/wp-json\/wp\/v2\/posts\/53647","targetHints":{"allow":["GET"]}}],"collection":[{"href":"https:\/\/www.musikzeitung.ch\/it\/wp-json\/wp\/v2\/posts"}],"about":[{"href":"https:\/\/www.musikzeitung.ch\/it\/wp-json\/wp\/v2\/types\/post"}],"author":[{"embeddable":true,"href":"https:\/\/www.musikzeitung.ch\/it\/wp-json\/wp\/v2\/users\/30"}],"replies":[{"embeddable":true,"href":"https:\/\/www.musikzeitung.ch\/it\/wp-json\/wp\/v2\/comments?post=53647"}],"version-history":[{"count":3,"href":"https:\/\/www.musikzeitung.ch\/it\/wp-json\/wp\/v2\/posts\/53647\/revisions"}],"predecessor-version":[{"id":53670,"href":"https:\/\/www.musikzeitung.ch\/it\/wp-json\/wp\/v2\/posts\/53647\/revisions\/53670"}],"wp:featuredmedia":[{"embeddable":true,"href":"https:\/\/www.musikzeitung.ch\/it\/wp-json\/wp\/v2\/media\/53660"}],"wp:attachment":[{"href":"https:\/\/www.musikzeitung.ch\/it\/wp-json\/wp\/v2\/media?parent=53647"}],"wp:term":[{"taxonomy":"category","embeddable":true,"href":"https:\/\/www.musikzeitung.ch\/it\/wp-json\/wp\/v2\/categories?post=53647"},{"taxonomy":"post_tag","embeddable":true,"href":"https:\/\/www.musikzeitung.ch\/it\/wp-json\/wp\/v2\/tags?post=53647"}],"curies":[{"name":"wp","href":"https:\/\/api.w.org\/{rel}","templated":true}]}}