{"id":53714,"date":"2024-04-02T10:42:08","date_gmt":"2024-04-02T08:42:08","guid":{"rendered":"https:\/\/www.musikzeitung.ch\/?p=53714"},"modified":"2024-04-02T11:25:40","modified_gmt":"2024-04-02T09:25:40","slug":"dewes-gewinnt-kompositionspreis-des-deutschlandfunks","status":"publish","type":"post","link":"https:\/\/www.musikzeitung.ch\/it\/news\/2024\/04\/dewes-gewinnt-kompositionspreis-des-deutschlandfunks","title":{"rendered":"Dewes vince il premio di composizione Deutschlandfunk"},"content":{"rendered":"<figure id=\"attachment_53716\" aria-describedby=\"caption-attachment-53716\" style=\"width: 894px\" class=\"wp-caption alignnone\"><img loading=\"lazy\" decoding=\"async\" class=\"size-full wp-image-53716\" src=\"https:\/\/www.musikzeitung.ch\/wp-content\/uploads\/2024\/04\/240402dmw.jpg\" alt=\"\" width=\"894\" height=\"557\" srcset=\"https:\/\/www.musikzeitung.ch\/wp-content\/uploads\/2024\/04\/240402dmw.jpg 894w, https:\/\/www.musikzeitung.ch\/wp-content\/uploads\/2024\/04\/240402dmw-300x187.jpg 300w, https:\/\/www.musikzeitung.ch\/wp-content\/uploads\/2024\/04\/240402dmw-768x478.jpg 768w, https:\/\/www.musikzeitung.ch\/wp-content\/uploads\/2024\/04\/240402dmw-281x175.jpg 281w, https:\/\/www.musikzeitung.ch\/wp-content\/uploads\/2024\/04\/240402dmw-562x350.jpg 562w\" sizes=\"auto, (max-width: 894px) 100vw, 894px\" \/><figcaption id=\"caption-attachment-53716\" class=\"wp-caption-text\">Henrik Dewes (Immagine: DMW)<\/figcaption><\/figure>\n<p>Nato a Treviri, il chitarrista e compositore Henrik Dewes ha studiato chitarra a Basilea con Pablo M\u00e1rquez, Andreas von Wangenheim e Maurizio Grandinetti e composizione con Johannes Caspar Walter e Bettina Skrzypczak. Ha inoltre conseguito un diploma di insegnamento in musica scolastica e studi di tedesco a Karlsruhe. Si esibisce regolarmente in duo con Tobias Klich e con la cantante Cosima B\u00fcsing. Si esibisce anche con Borsch4Breakfast attraverso i diversi stili della musica dell'Europa orientale. Il suo ultimo ensemble Metafora esegue brani orchestrali classici e romantici in un modo speciale: \"Umverpackt\" arrangiato per chitarre, violoncello e clarinetto. Come docente, Henrik Dewes insegna presso le Universit\u00e0 di Zurigo e Basilea per la formazione degli insegnanti nel campo della musica, specializzandosi nell'insegnamento della chitarra strumentale.<\/p>\n<p>Dalla sua fondazione nel 1975, il Concorso musicale tedesco \u00e8 il concorso nazionale con la pi\u00f9 ampia offerta di sostegno ai giovani musicisti professionisti. \u00c8 uno dei 13 progetti di finanziamento organizzati dal Consiglio musicale tedesco e si tiene ogni anno, alternativamente a Bonn e in una diversa citt\u00e0 tedesca, con categorie diverse ogni anno.<\/p>","protected":false},"excerpt":{"rendered":"<p>Henrik Dewes, che ha studiato chitarra e composizione all'Universit\u00e0 di Musica di Basilea, ha ricevuto il premio di composizione Deutschlandfunk dal Concorso musicale tedesco.<\/p>","protected":false},"author":30,"featured_media":53716,"comment_status":"closed","ping_status":"closed","sticky":false,"template":"","format":"standard","meta":{"_acf_changed":false,"_relevanssi_hide_post":"","_relevanssi_hide_content":"","_relevanssi_pin_for_all":"","_relevanssi_pin_keywords":"","_relevanssi_unpin_keywords":"","_relevanssi_related_keywords":"","_relevanssi_related_include_ids":"","_relevanssi_related_exclude_ids":"","_relevanssi_related_no_append":"","_relevanssi_related_not_related":"","_relevanssi_related_posts":"","_relevanssi_noindex_reason":"","pgc_sgb_lightbox_settings":"","footnotes":""},"categories":[27],"tags":[3889,3888],"class_list":["post-53714","post","type-post","status-publish","format-standard","has-post-thumbnail","hentry","category-news","tag-deutscher-musikwettbewerb","tag-henrik-dewes"],"acf":[],"yoast_head":"<!-- This site is optimized with the Yoast SEO plugin v27.4 - https:\/\/yoast.com\/product\/yoast-seo-wordpress\/ -->\n<title>Dewes gewinnt Kompositionspreis des Deutschlandfunks - Schweizer Musikzeitung<\/title>\n<meta name=\"description\" content=\"Henrik Dewes ist vom Deutschen Musikwettbewerb mit dem Kompositionspreis des Deutschlandfunks ausgezeichnet worden.\" \/>\n<meta name=\"robots\" content=\"index, follow, max-snippet:-1, max-image-preview:large, max-video-preview:-1\" \/>\n<link rel=\"canonical\" href=\"https:\/\/www.musikzeitung.ch\/it\/news\/2024\/04\/dewes-gewinnt-kompositionspreis-des-deutschlandfunks\/\" \/>\n<meta property=\"og:locale\" content=\"it_IT\" \/>\n<meta property=\"og:type\" content=\"article\" \/>\n<meta property=\"og:title\" content=\"Dewes gewinnt Kompositionspreis des Deutschlandfunks - Schweizer Musikzeitung\" \/>\n<meta property=\"og:description\" content=\"Henrik Dewes ist vom Deutschen Musikwettbewerb mit dem Kompositionspreis des Deutschlandfunks ausgezeichnet worden.\" \/>\n<meta property=\"og:url\" content=\"https:\/\/www.musikzeitung.ch\/it\/news\/2024\/04\/dewes-gewinnt-kompositionspreis-des-deutschlandfunks\/\" \/>\n<meta property=\"og:site_name\" content=\"Schweizer Musikzeitung\" \/>\n<meta property=\"article:publisher\" content=\"https:\/\/www.facebook.com\/SchweizerMusikzeitung\/\" \/>\n<meta property=\"article:author\" content=\"https:\/\/www.facebook.com\/wolfgang.bohler.75\" \/>\n<meta property=\"article:published_time\" content=\"2024-04-02T08:42:08+00:00\" \/>\n<meta property=\"article:modified_time\" content=\"2024-04-02T09:25:40+00:00\" \/>\n<meta property=\"og:image\" content=\"https:\/\/www.musikzeitung.ch\/wp-content\/uploads\/2024\/04\/240402dmw.jpg\" \/>\n\t<meta property=\"og:image:width\" content=\"894\" \/>\n\t<meta property=\"og:image:height\" content=\"557\" \/>\n\t<meta property=\"og:image:type\" content=\"image\/jpeg\" \/>\n<meta name=\"author\" content=\"Wolfgang B\u00f6hler\" \/>\n<meta name=\"twitter:card\" content=\"summary_large_image\" \/>\n<meta name=\"twitter:creator\" content=\"@smusikzeitung\" \/>\n<meta name=\"twitter:site\" content=\"@smusikzeitung\" \/>\n<meta name=\"twitter:label1\" content=\"Scritto da\" \/>\n\t<meta name=\"twitter:data1\" content=\"Wolfgang B\u00f6hler\" \/>\n\t<meta name=\"twitter:label2\" content=\"Tempo di lettura stimato\" \/>\n\t<meta name=\"twitter:data2\" content=\"2 minuti\" \/>\n<script type=\"application\/ld+json\" class=\"yoast-schema-graph\">{\"@context\":\"https:\\\/\\\/schema.org\",\"@graph\":[{\"@type\":\"Article\",\"@id\":\"https:\\\/\\\/www.musikzeitung.ch\\\/news\\\/2024\\\/04\\\/dewes-gewinnt-kompositionspreis-des-deutschlandfunks#article\",\"isPartOf\":{\"@id\":\"https:\\\/\\\/www.musikzeitung.ch\\\/news\\\/2024\\\/04\\\/dewes-gewinnt-kompositionspreis-des-deutschlandfunks\"},\"author\":{\"name\":\"Wolfgang B\u00f6hler\",\"@id\":\"https:\\\/\\\/www.musikzeitung.ch\\\/#\\\/schema\\\/person\\\/0da4fb82d243f1252850a35d0e87cf0c\"},\"headline\":\"Dewes gewinnt Kompositionspreis des Deutschlandfunks\",\"datePublished\":\"2024-04-02T08:42:08+00:00\",\"dateModified\":\"2024-04-02T09:25:40+00:00\",\"mainEntityOfPage\":{\"@id\":\"https:\\\/\\\/www.musikzeitung.ch\\\/news\\\/2024\\\/04\\\/dewes-gewinnt-kompositionspreis-des-deutschlandfunks\"},\"wordCount\":190,\"publisher\":{\"@id\":\"https:\\\/\\\/www.musikzeitung.ch\\\/#organization\"},\"image\":{\"@id\":\"https:\\\/\\\/www.musikzeitung.ch\\\/news\\\/2024\\\/04\\\/dewes-gewinnt-kompositionspreis-des-deutschlandfunks#primaryimage\"},\"thumbnailUrl\":\"https:\\\/\\\/www.musikzeitung.ch\\\/wp-content\\\/uploads\\\/2024\\\/04\\\/240402dmw.jpg\",\"keywords\":[\"Deutscher Musikwettbewerb\",\"Henrik Dewes\"],\"articleSection\":[\"News\"],\"inLanguage\":\"it-IT\"},{\"@type\":\"WebPage\",\"@id\":\"https:\\\/\\\/www.musikzeitung.ch\\\/news\\\/2024\\\/04\\\/dewes-gewinnt-kompositionspreis-des-deutschlandfunks\",\"url\":\"https:\\\/\\\/www.musikzeitung.ch\\\/news\\\/2024\\\/04\\\/dewes-gewinnt-kompositionspreis-des-deutschlandfunks\",\"name\":\"Dewes gewinnt Kompositionspreis des Deutschlandfunks - Schweizer Musikzeitung\",\"isPartOf\":{\"@id\":\"https:\\\/\\\/www.musikzeitung.ch\\\/#website\"},\"primaryImageOfPage\":{\"@id\":\"https:\\\/\\\/www.musikzeitung.ch\\\/news\\\/2024\\\/04\\\/dewes-gewinnt-kompositionspreis-des-deutschlandfunks#primaryimage\"},\"image\":{\"@id\":\"https:\\\/\\\/www.musikzeitung.ch\\\/news\\\/2024\\\/04\\\/dewes-gewinnt-kompositionspreis-des-deutschlandfunks#primaryimage\"},\"thumbnailUrl\":\"https:\\\/\\\/www.musikzeitung.ch\\\/wp-content\\\/uploads\\\/2024\\\/04\\\/240402dmw.jpg\",\"datePublished\":\"2024-04-02T08:42:08+00:00\",\"dateModified\":\"2024-04-02T09:25:40+00:00\",\"description\":\"Henrik Dewes ist vom Deutschen Musikwettbewerb mit dem Kompositionspreis des Deutschlandfunks ausgezeichnet worden.\",\"breadcrumb\":{\"@id\":\"https:\\\/\\\/www.musikzeitung.ch\\\/news\\\/2024\\\/04\\\/dewes-gewinnt-kompositionspreis-des-deutschlandfunks#breadcrumb\"},\"inLanguage\":\"it-IT\",\"potentialAction\":[{\"@type\":\"ReadAction\",\"target\":[\"https:\\\/\\\/www.musikzeitung.ch\\\/news\\\/2024\\\/04\\\/dewes-gewinnt-kompositionspreis-des-deutschlandfunks\"]}]},{\"@type\":\"ImageObject\",\"inLanguage\":\"it-IT\",\"@id\":\"https:\\\/\\\/www.musikzeitung.ch\\\/news\\\/2024\\\/04\\\/dewes-gewinnt-kompositionspreis-des-deutschlandfunks#primaryimage\",\"url\":\"https:\\\/\\\/www.musikzeitung.ch\\\/wp-content\\\/uploads\\\/2024\\\/04\\\/240402dmw.jpg\",\"contentUrl\":\"https:\\\/\\\/www.musikzeitung.ch\\\/wp-content\\\/uploads\\\/2024\\\/04\\\/240402dmw.jpg\",\"width\":894,\"height\":557,\"caption\":\"Henrik Dewes (Bild: DMW)\"},{\"@type\":\"BreadcrumbList\",\"@id\":\"https:\\\/\\\/www.musikzeitung.ch\\\/news\\\/2024\\\/04\\\/dewes-gewinnt-kompositionspreis-des-deutschlandfunks#breadcrumb\",\"itemListElement\":[{\"@type\":\"ListItem\",\"position\":1,\"name\":\"Home\",\"item\":\"https:\\\/\\\/www.musikzeitung.ch\\\/\"},{\"@type\":\"ListItem\",\"position\":2,\"name\":\"Dewes gewinnt Kompositionspreis des Deutschlandfunks\"}]},{\"@type\":\"WebSite\",\"@id\":\"https:\\\/\\\/www.musikzeitung.ch\\\/#website\",\"url\":\"https:\\\/\\\/www.musikzeitung.ch\\\/\",\"name\":\"Schweizer Musikzeitung\",\"description\":\"Die f\u00fchrende sparten\u00fcbergreifende Monatszeitung in der Schweiz f\u00fcr musikalische Fragen.\",\"publisher\":{\"@id\":\"https:\\\/\\\/www.musikzeitung.ch\\\/#organization\"},\"potentialAction\":[{\"@type\":\"SearchAction\",\"target\":{\"@type\":\"EntryPoint\",\"urlTemplate\":\"https:\\\/\\\/www.musikzeitung.ch\\\/?s={search_term_string}\"},\"query-input\":{\"@type\":\"PropertyValueSpecification\",\"valueRequired\":true,\"valueName\":\"search_term_string\"}}],\"inLanguage\":\"it-IT\"},{\"@type\":\"Organization\",\"@id\":\"https:\\\/\\\/www.musikzeitung.ch\\\/#organization\",\"name\":\"Schweizer Musikzeitung\",\"url\":\"https:\\\/\\\/www.musikzeitung.ch\\\/\",\"logo\":{\"@type\":\"ImageObject\",\"inLanguage\":\"it-IT\",\"@id\":\"https:\\\/\\\/www.musikzeitung.ch\\\/#\\\/schema\\\/logo\\\/image\\\/\",\"url\":\"https:\\\/\\\/www.musikzeitung.ch\\\/wp-content\\\/uploads\\\/2023\\\/01\\\/SMZ_Schriftzug_Sprache.png\",\"contentUrl\":\"https:\\\/\\\/www.musikzeitung.ch\\\/wp-content\\\/uploads\\\/2023\\\/01\\\/SMZ_Schriftzug_Sprache.png\",\"width\":1400,\"height\":279,\"caption\":\"Schweizer Musikzeitung\"},\"image\":{\"@id\":\"https:\\\/\\\/www.musikzeitung.ch\\\/#\\\/schema\\\/logo\\\/image\\\/\"},\"sameAs\":[\"https:\\\/\\\/www.facebook.com\\\/SchweizerMusikzeitung\\\/\",\"https:\\\/\\\/x.com\\\/smusikzeitung\",\"https:\\\/\\\/www.instagram.com\\\/musikzeitung.ch\\\/\"]},{\"@type\":\"Person\",\"@id\":\"https:\\\/\\\/www.musikzeitung.ch\\\/#\\\/schema\\\/person\\\/0da4fb82d243f1252850a35d0e87cf0c\",\"name\":\"Wolfgang B\u00f6hler\",\"image\":{\"@type\":\"ImageObject\",\"inLanguage\":\"it-IT\",\"@id\":\"https:\\\/\\\/www.musikzeitung.ch\\\/wp-content\\\/uploads\\\/2023\\\/01\\\/boehler_portraet_web-e1674139782246-96x96.jpg\",\"url\":\"https:\\\/\\\/www.musikzeitung.ch\\\/wp-content\\\/uploads\\\/2023\\\/01\\\/boehler_portraet_web-e1674139782246-96x96.jpg\",\"contentUrl\":\"https:\\\/\\\/www.musikzeitung.ch\\\/wp-content\\\/uploads\\\/2023\\\/01\\\/boehler_portraet_web-e1674139782246-96x96.jpg\",\"caption\":\"Wolfgang B\u00f6hler\"},\"sameAs\":[\"http:\\\/\\\/www.manacanto.ch\",\"https:\\\/\\\/www.facebook.com\\\/wolfgang.bohler.75\"],\"url\":\"https:\\\/\\\/www.musikzeitung.ch\\\/it\\\/author\\\/wolfgang-boehler\"}]}<\/script>\n<!-- \/ Yoast SEO plugin. -->","yoast_head_json":{"title":"Dewes gewinnt Kompositionspreis des Deutschlandfunks - Schweizer Musikzeitung","description":"Henrik Dewes ist vom Deutschen Musikwettbewerb mit dem Kompositionspreis des Deutschlandfunks ausgezeichnet worden.","robots":{"index":"index","follow":"follow","max-snippet":"max-snippet:-1","max-image-preview":"max-image-preview:large","max-video-preview":"max-video-preview:-1"},"canonical":"https:\/\/www.musikzeitung.ch\/it\/news\/2024\/04\/dewes-gewinnt-kompositionspreis-des-deutschlandfunks\/","og_locale":"it_IT","og_type":"article","og_title":"Dewes gewinnt Kompositionspreis des Deutschlandfunks - Schweizer Musikzeitung","og_description":"Henrik Dewes ist vom Deutschen Musikwettbewerb mit dem Kompositionspreis des Deutschlandfunks ausgezeichnet worden.","og_url":"https:\/\/www.musikzeitung.ch\/it\/news\/2024\/04\/dewes-gewinnt-kompositionspreis-des-deutschlandfunks\/","og_site_name":"Schweizer Musikzeitung","article_publisher":"https:\/\/www.facebook.com\/SchweizerMusikzeitung\/","article_author":"https:\/\/www.facebook.com\/wolfgang.bohler.75","article_published_time":"2024-04-02T08:42:08+00:00","article_modified_time":"2024-04-02T09:25:40+00:00","og_image":[{"width":894,"height":557,"url":"https:\/\/www.musikzeitung.ch\/wp-content\/uploads\/2024\/04\/240402dmw.jpg","type":"image\/jpeg"}],"author":"Wolfgang B\u00f6hler","twitter_card":"summary_large_image","twitter_creator":"@smusikzeitung","twitter_site":"@smusikzeitung","twitter_misc":{"Scritto da":"Wolfgang B\u00f6hler","Tempo di lettura stimato":"2 minuti"},"schema":{"@context":"https:\/\/schema.org","@graph":[{"@type":"Article","@id":"https:\/\/www.musikzeitung.ch\/news\/2024\/04\/dewes-gewinnt-kompositionspreis-des-deutschlandfunks#article","isPartOf":{"@id":"https:\/\/www.musikzeitung.ch\/news\/2024\/04\/dewes-gewinnt-kompositionspreis-des-deutschlandfunks"},"author":{"name":"Wolfgang B\u00f6hler","@id":"https:\/\/www.musikzeitung.ch\/#\/schema\/person\/0da4fb82d243f1252850a35d0e87cf0c"},"headline":"Dewes gewinnt Kompositionspreis des Deutschlandfunks","datePublished":"2024-04-02T08:42:08+00:00","dateModified":"2024-04-02T09:25:40+00:00","mainEntityOfPage":{"@id":"https:\/\/www.musikzeitung.ch\/news\/2024\/04\/dewes-gewinnt-kompositionspreis-des-deutschlandfunks"},"wordCount":190,"publisher":{"@id":"https:\/\/www.musikzeitung.ch\/#organization"},"image":{"@id":"https:\/\/www.musikzeitung.ch\/news\/2024\/04\/dewes-gewinnt-kompositionspreis-des-deutschlandfunks#primaryimage"},"thumbnailUrl":"https:\/\/www.musikzeitung.ch\/wp-content\/uploads\/2024\/04\/240402dmw.jpg","keywords":["Deutscher Musikwettbewerb","Henrik Dewes"],"articleSection":["News"],"inLanguage":"it-IT"},{"@type":"WebPage","@id":"https:\/\/www.musikzeitung.ch\/news\/2024\/04\/dewes-gewinnt-kompositionspreis-des-deutschlandfunks","url":"https:\/\/www.musikzeitung.ch\/news\/2024\/04\/dewes-gewinnt-kompositionspreis-des-deutschlandfunks","name":"Dewes gewinnt Kompositionspreis des Deutschlandfunks - Schweizer Musikzeitung","isPartOf":{"@id":"https:\/\/www.musikzeitung.ch\/#website"},"primaryImageOfPage":{"@id":"https:\/\/www.musikzeitung.ch\/news\/2024\/04\/dewes-gewinnt-kompositionspreis-des-deutschlandfunks#primaryimage"},"image":{"@id":"https:\/\/www.musikzeitung.ch\/news\/2024\/04\/dewes-gewinnt-kompositionspreis-des-deutschlandfunks#primaryimage"},"thumbnailUrl":"https:\/\/www.musikzeitung.ch\/wp-content\/uploads\/2024\/04\/240402dmw.jpg","datePublished":"2024-04-02T08:42:08+00:00","dateModified":"2024-04-02T09:25:40+00:00","description":"Henrik Dewes ist vom Deutschen Musikwettbewerb mit dem Kompositionspreis des Deutschlandfunks ausgezeichnet worden.","breadcrumb":{"@id":"https:\/\/www.musikzeitung.ch\/news\/2024\/04\/dewes-gewinnt-kompositionspreis-des-deutschlandfunks#breadcrumb"},"inLanguage":"it-IT","potentialAction":[{"@type":"ReadAction","target":["https:\/\/www.musikzeitung.ch\/news\/2024\/04\/dewes-gewinnt-kompositionspreis-des-deutschlandfunks"]}]},{"@type":"ImageObject","inLanguage":"it-IT","@id":"https:\/\/www.musikzeitung.ch\/news\/2024\/04\/dewes-gewinnt-kompositionspreis-des-deutschlandfunks#primaryimage","url":"https:\/\/www.musikzeitung.ch\/wp-content\/uploads\/2024\/04\/240402dmw.jpg","contentUrl":"https:\/\/www.musikzeitung.ch\/wp-content\/uploads\/2024\/04\/240402dmw.jpg","width":894,"height":557,"caption":"Henrik Dewes (Bild: DMW)"},{"@type":"BreadcrumbList","@id":"https:\/\/www.musikzeitung.ch\/news\/2024\/04\/dewes-gewinnt-kompositionspreis-des-deutschlandfunks#breadcrumb","itemListElement":[{"@type":"ListItem","position":1,"name":"Home","item":"https:\/\/www.musikzeitung.ch\/"},{"@type":"ListItem","position":2,"name":"Dewes gewinnt Kompositionspreis des Deutschlandfunks"}]},{"@type":"WebSite","@id":"https:\/\/www.musikzeitung.ch\/#website","url":"https:\/\/www.musikzeitung.ch\/","name":"Giornale musicale svizzero","description":"Il principale mensile interdisciplinare della Svizzera per le questioni musicali.","publisher":{"@id":"https:\/\/www.musikzeitung.ch\/#organization"},"potentialAction":[{"@type":"SearchAction","target":{"@type":"EntryPoint","urlTemplate":"https:\/\/www.musikzeitung.ch\/?s={search_term_string}"},"query-input":{"@type":"PropertyValueSpecification","valueRequired":true,"valueName":"search_term_string"}}],"inLanguage":"it-IT"},{"@type":"Organization","@id":"https:\/\/www.musikzeitung.ch\/#organization","name":"Giornale musicale svizzero","url":"https:\/\/www.musikzeitung.ch\/","logo":{"@type":"ImageObject","inLanguage":"it-IT","@id":"https:\/\/www.musikzeitung.ch\/#\/schema\/logo\/image\/","url":"https:\/\/www.musikzeitung.ch\/wp-content\/uploads\/2023\/01\/SMZ_Schriftzug_Sprache.png","contentUrl":"https:\/\/www.musikzeitung.ch\/wp-content\/uploads\/2023\/01\/SMZ_Schriftzug_Sprache.png","width":1400,"height":279,"caption":"Schweizer Musikzeitung"},"image":{"@id":"https:\/\/www.musikzeitung.ch\/#\/schema\/logo\/image\/"},"sameAs":["https:\/\/www.facebook.com\/SchweizerMusikzeitung\/","https:\/\/x.com\/smusikzeitung","https:\/\/www.instagram.com\/musikzeitung.ch\/"]},{"@type":"Person","@id":"https:\/\/www.musikzeitung.ch\/#\/schema\/person\/0da4fb82d243f1252850a35d0e87cf0c","name":"Wolfgang B\u00f6hler","image":{"@type":"ImageObject","inLanguage":"it-IT","@id":"https:\/\/www.musikzeitung.ch\/wp-content\/uploads\/2023\/01\/boehler_portraet_web-e1674139782246-96x96.jpg","url":"https:\/\/www.musikzeitung.ch\/wp-content\/uploads\/2023\/01\/boehler_portraet_web-e1674139782246-96x96.jpg","contentUrl":"https:\/\/www.musikzeitung.ch\/wp-content\/uploads\/2023\/01\/boehler_portraet_web-e1674139782246-96x96.jpg","caption":"Wolfgang B\u00f6hler"},"sameAs":["http:\/\/www.manacanto.ch","https:\/\/www.facebook.com\/wolfgang.bohler.75"],"url":"https:\/\/www.musikzeitung.ch\/it\/author\/wolfgang-boehler"}]}},"publishpress_future_workflow_manual_trigger":{"enabledWorkflows":[]},"_links":{"self":[{"href":"https:\/\/www.musikzeitung.ch\/it\/wp-json\/wp\/v2\/posts\/53714","targetHints":{"allow":["GET"]}}],"collection":[{"href":"https:\/\/www.musikzeitung.ch\/it\/wp-json\/wp\/v2\/posts"}],"about":[{"href":"https:\/\/www.musikzeitung.ch\/it\/wp-json\/wp\/v2\/types\/post"}],"author":[{"embeddable":true,"href":"https:\/\/www.musikzeitung.ch\/it\/wp-json\/wp\/v2\/users\/30"}],"replies":[{"embeddable":true,"href":"https:\/\/www.musikzeitung.ch\/it\/wp-json\/wp\/v2\/comments?post=53714"}],"version-history":[{"count":4,"href":"https:\/\/www.musikzeitung.ch\/it\/wp-json\/wp\/v2\/posts\/53714\/revisions"}],"predecessor-version":[{"id":53722,"href":"https:\/\/www.musikzeitung.ch\/it\/wp-json\/wp\/v2\/posts\/53714\/revisions\/53722"}],"wp:featuredmedia":[{"embeddable":true,"href":"https:\/\/www.musikzeitung.ch\/it\/wp-json\/wp\/v2\/media\/53716"}],"wp:attachment":[{"href":"https:\/\/www.musikzeitung.ch\/it\/wp-json\/wp\/v2\/media?parent=53714"}],"wp:term":[{"taxonomy":"category","embeddable":true,"href":"https:\/\/www.musikzeitung.ch\/it\/wp-json\/wp\/v2\/categories?post=53714"},{"taxonomy":"post_tag","embeddable":true,"href":"https:\/\/www.musikzeitung.ch\/it\/wp-json\/wp\/v2\/tags?post=53714"}],"curies":[{"name":"wp","href":"https:\/\/api.w.org\/{rel}","templated":true}]}}