{"id":53838,"date":"2024-04-11T10:44:17","date_gmt":"2024-04-11T08:44:17","guid":{"rendered":"https:\/\/www.musikzeitung.ch\/?p=53838"},"modified":"2024-04-11T15:13:13","modified_gmt":"2024-04-11T13:13:13","slug":"berner-leitungsteam-bleibt-bis-2029","status":"publish","type":"post","link":"https:\/\/www.musikzeitung.ch\/it\/news\/2024\/04\/berner-leitungsteam-bleibt-bis-2029","title":{"rendered":"Il team di gestione di Berna rimane in carica fino al 2029"},"content":{"rendered":"<figure id=\"attachment_53839\" aria-describedby=\"caption-attachment-53839\" style=\"width: 880px\" class=\"wp-caption alignnone\"><img loading=\"lazy\" decoding=\"async\" class=\"size-full wp-image-53839\" src=\"https:\/\/www.musikzeitung.ch\/wp-content\/uploads\/2024\/04\/240411bern.jpg\" alt=\"\" width=\"880\" height=\"659\" srcset=\"https:\/\/www.musikzeitung.ch\/wp-content\/uploads\/2024\/04\/240411bern.jpg 880w, https:\/\/www.musikzeitung.ch\/wp-content\/uploads\/2024\/04\/240411bern-300x225.jpg 300w, https:\/\/www.musikzeitung.ch\/wp-content\/uploads\/2024\/04\/240411bern-768x575.jpg 768w, https:\/\/www.musikzeitung.ch\/wp-content\/uploads\/2024\/04\/240411bern-234x175.jpg 234w, https:\/\/www.musikzeitung.ch\/wp-content\/uploads\/2024\/04\/240411bern-467x350.jpg 467w\" sizes=\"auto, (max-width: 880px) 100vw, 880px\" \/><figcaption id=\"caption-attachment-53839\" class=\"wp-caption-text\">Isabelle Bischof, Roger Vontobel, Florian Scholz e Rainer Karlitschek (Immagine: Florian Spring)<\/figcaption><\/figure>\n<p>Il direttore della cooperativa e direttore principale dell'Opera Nicholas Carter si dimetter\u00e0 nell'estate del 2025 dopo quattro anni a Berna. La direttrice d'orchestra russa Alevtina Ioffe \u00e8 stata nominata nuovo direttore d'orchestra principale dell'Opera a partire dall'estate 2025. Il suo contratto inizier\u00e0 nell'estate del 2025 e avr\u00e0 una durata iniziale di quattro anni. Vive a Berlino dal 2022 e dirige regolarmente alla Komische Oper Berlin, allo Staatstheater Stuttgart e all'Opera di G\u00f6teborg.<\/p>\n<p>Con la nuova produzione di balletto <em>In movimento<\/em> si \u00e8 presentata al pubblico dell'Opera di Zurigo nel dicembre 2022. Nata a Mosca, Alevtina Ioffe ha studiato direzione corale, canto classico e pianoforte, diplomandosi al Conservatorio di Mosca sotto la guida di Vladimir Ponkin. Per dieci anni, fino al 2021, \u00e8 stata direttore musicale del Teatro di Stato dell'Opera e del Balletto per giovani spettatori \"Natalia Sats\" di Mosca. Tra il febbraio 2021 e il luglio 2022 \u00e8 stata direttore musicale del Teatro Mikhailovsky di San Pietroburgo.<\/p>\n<p>Alla fine di febbraio 2024, il B\u00fchnen Bern aveva gi\u00e0 registrato circa 14.000 presenze in pi\u00f9 rispetto allo stesso periodo dell'anno precedente. Secondo il comunicato stampa, questo dato supera in modo significativo anche il livello pre-corona.<\/p>","protected":false},"excerpt":{"rendered":"<p>Il Consiglio di amministrazione del B\u00fchnen Bern ha prorogato i contratti dei suoi dirigenti per altri quattro anni, fino all'estate 2029. Florian Scholz rimarr\u00e0 direttore dei concerti dell'Orchestra Sinfonica di Berna.<\/p>","protected":false},"author":30,"featured_media":53839,"comment_status":"closed","ping_status":"closed","sticky":false,"template":"","format":"standard","meta":{"_acf_changed":false,"_relevanssi_hide_post":"","_relevanssi_hide_content":"","_relevanssi_pin_for_all":"","_relevanssi_pin_keywords":"","_relevanssi_unpin_keywords":"","_relevanssi_related_keywords":"","_relevanssi_related_include_ids":"","_relevanssi_related_exclude_ids":"","_relevanssi_related_no_append":"","_relevanssi_related_not_related":"","_relevanssi_related_posts":"","_relevanssi_noindex_reason":"","pgc_sgb_lightbox_settings":"","footnotes":""},"categories":[27],"tags":[3899,3295],"class_list":["post-53838","post","type-post","status-publish","format-standard","has-post-thumbnail","hentry","category-news","tag-alevtina-ioffe","tag-buehnen-bern"],"acf":[],"yoast_head":"<!-- This site is optimized with the Yoast SEO plugin v27.4 - https:\/\/yoast.com\/product\/yoast-seo-wordpress\/ -->\n<title>Berner Leitungsteam bleibt bis 2029 - Schweizer Musikzeitung<\/title>\n<meta name=\"description\" content=\"Der Stiftungsrat von B\u00fchnen Bern hat die Vertr\u00e4ge seines Leitungsteams bis Sommer 2029 um vier weitere Jahre verl\u00e4ngert.\" \/>\n<meta name=\"robots\" content=\"index, follow, max-snippet:-1, max-image-preview:large, max-video-preview:-1\" \/>\n<link rel=\"canonical\" href=\"https:\/\/www.musikzeitung.ch\/it\/news\/2024\/04\/berner-leitungsteam-bleibt-bis-2029\/\" \/>\n<meta property=\"og:locale\" content=\"it_IT\" \/>\n<meta property=\"og:type\" content=\"article\" \/>\n<meta property=\"og:title\" content=\"Berner Leitungsteam bleibt bis 2029 - Schweizer Musikzeitung\" \/>\n<meta property=\"og:description\" content=\"Der Stiftungsrat von B\u00fchnen Bern hat die Vertr\u00e4ge seines Leitungsteams bis Sommer 2029 um vier weitere Jahre verl\u00e4ngert.\" \/>\n<meta property=\"og:url\" content=\"https:\/\/www.musikzeitung.ch\/it\/news\/2024\/04\/berner-leitungsteam-bleibt-bis-2029\/\" \/>\n<meta property=\"og:site_name\" content=\"Schweizer Musikzeitung\" \/>\n<meta property=\"article:publisher\" content=\"https:\/\/www.facebook.com\/SchweizerMusikzeitung\/\" \/>\n<meta property=\"article:author\" content=\"https:\/\/www.facebook.com\/wolfgang.bohler.75\" \/>\n<meta property=\"article:published_time\" content=\"2024-04-11T08:44:17+00:00\" \/>\n<meta property=\"article:modified_time\" content=\"2024-04-11T13:13:13+00:00\" \/>\n<meta property=\"og:image\" content=\"https:\/\/www.musikzeitung.ch\/wp-content\/uploads\/2024\/04\/240411bern.jpg\" \/>\n\t<meta property=\"og:image:width\" content=\"880\" \/>\n\t<meta property=\"og:image:height\" content=\"659\" \/>\n\t<meta property=\"og:image:type\" content=\"image\/jpeg\" \/>\n<meta name=\"author\" content=\"Wolfgang B\u00f6hler\" \/>\n<meta name=\"twitter:card\" content=\"summary_large_image\" \/>\n<meta name=\"twitter:creator\" content=\"@smusikzeitung\" \/>\n<meta name=\"twitter:site\" content=\"@smusikzeitung\" \/>\n<meta name=\"twitter:label1\" content=\"Scritto da\" \/>\n\t<meta name=\"twitter:data1\" content=\"Wolfgang B\u00f6hler\" \/>\n\t<meta name=\"twitter:label2\" content=\"Tempo di lettura stimato\" \/>\n\t<meta name=\"twitter:data2\" content=\"2 minuti\" \/>\n<script type=\"application\/ld+json\" class=\"yoast-schema-graph\">{\"@context\":\"https:\\\/\\\/schema.org\",\"@graph\":[{\"@type\":\"Article\",\"@id\":\"https:\\\/\\\/www.musikzeitung.ch\\\/news\\\/2024\\\/04\\\/berner-leitungsteam-bleibt-bis-2029#article\",\"isPartOf\":{\"@id\":\"https:\\\/\\\/www.musikzeitung.ch\\\/news\\\/2024\\\/04\\\/berner-leitungsteam-bleibt-bis-2029\"},\"author\":{\"name\":\"Wolfgang B\u00f6hler\",\"@id\":\"https:\\\/\\\/www.musikzeitung.ch\\\/#\\\/schema\\\/person\\\/0da4fb82d243f1252850a35d0e87cf0c\"},\"headline\":\"Berner Leitungsteam bleibt bis 2029\",\"datePublished\":\"2024-04-11T08:44:17+00:00\",\"dateModified\":\"2024-04-11T13:13:13+00:00\",\"mainEntityOfPage\":{\"@id\":\"https:\\\/\\\/www.musikzeitung.ch\\\/news\\\/2024\\\/04\\\/berner-leitungsteam-bleibt-bis-2029\"},\"wordCount\":190,\"publisher\":{\"@id\":\"https:\\\/\\\/www.musikzeitung.ch\\\/#organization\"},\"image\":{\"@id\":\"https:\\\/\\\/www.musikzeitung.ch\\\/news\\\/2024\\\/04\\\/berner-leitungsteam-bleibt-bis-2029#primaryimage\"},\"thumbnailUrl\":\"https:\\\/\\\/www.musikzeitung.ch\\\/wp-content\\\/uploads\\\/2024\\\/04\\\/240411bern.jpg\",\"keywords\":[\"Alevtina Ioffe\",\"B\u00fchnen Bern\"],\"articleSection\":[\"News\"],\"inLanguage\":\"it-IT\"},{\"@type\":\"WebPage\",\"@id\":\"https:\\\/\\\/www.musikzeitung.ch\\\/news\\\/2024\\\/04\\\/berner-leitungsteam-bleibt-bis-2029\",\"url\":\"https:\\\/\\\/www.musikzeitung.ch\\\/news\\\/2024\\\/04\\\/berner-leitungsteam-bleibt-bis-2029\",\"name\":\"Berner Leitungsteam bleibt bis 2029 - Schweizer Musikzeitung\",\"isPartOf\":{\"@id\":\"https:\\\/\\\/www.musikzeitung.ch\\\/#website\"},\"primaryImageOfPage\":{\"@id\":\"https:\\\/\\\/www.musikzeitung.ch\\\/news\\\/2024\\\/04\\\/berner-leitungsteam-bleibt-bis-2029#primaryimage\"},\"image\":{\"@id\":\"https:\\\/\\\/www.musikzeitung.ch\\\/news\\\/2024\\\/04\\\/berner-leitungsteam-bleibt-bis-2029#primaryimage\"},\"thumbnailUrl\":\"https:\\\/\\\/www.musikzeitung.ch\\\/wp-content\\\/uploads\\\/2024\\\/04\\\/240411bern.jpg\",\"datePublished\":\"2024-04-11T08:44:17+00:00\",\"dateModified\":\"2024-04-11T13:13:13+00:00\",\"description\":\"Der Stiftungsrat von B\u00fchnen Bern hat die Vertr\u00e4ge seines Leitungsteams bis Sommer 2029 um vier weitere Jahre verl\u00e4ngert.\",\"breadcrumb\":{\"@id\":\"https:\\\/\\\/www.musikzeitung.ch\\\/news\\\/2024\\\/04\\\/berner-leitungsteam-bleibt-bis-2029#breadcrumb\"},\"inLanguage\":\"it-IT\",\"potentialAction\":[{\"@type\":\"ReadAction\",\"target\":[\"https:\\\/\\\/www.musikzeitung.ch\\\/news\\\/2024\\\/04\\\/berner-leitungsteam-bleibt-bis-2029\"]}]},{\"@type\":\"ImageObject\",\"inLanguage\":\"it-IT\",\"@id\":\"https:\\\/\\\/www.musikzeitung.ch\\\/news\\\/2024\\\/04\\\/berner-leitungsteam-bleibt-bis-2029#primaryimage\",\"url\":\"https:\\\/\\\/www.musikzeitung.ch\\\/wp-content\\\/uploads\\\/2024\\\/04\\\/240411bern.jpg\",\"contentUrl\":\"https:\\\/\\\/www.musikzeitung.ch\\\/wp-content\\\/uploads\\\/2024\\\/04\\\/240411bern.jpg\",\"width\":880,\"height\":659,\"caption\":\"Isabelle Bischof, Roger Vontobel, Florian Scholz und Rainer Karlitschek (Bild: Florian Spring)\"},{\"@type\":\"BreadcrumbList\",\"@id\":\"https:\\\/\\\/www.musikzeitung.ch\\\/news\\\/2024\\\/04\\\/berner-leitungsteam-bleibt-bis-2029#breadcrumb\",\"itemListElement\":[{\"@type\":\"ListItem\",\"position\":1,\"name\":\"Home\",\"item\":\"https:\\\/\\\/www.musikzeitung.ch\\\/\"},{\"@type\":\"ListItem\",\"position\":2,\"name\":\"Berner Leitungsteam bleibt bis 2029\"}]},{\"@type\":\"WebSite\",\"@id\":\"https:\\\/\\\/www.musikzeitung.ch\\\/#website\",\"url\":\"https:\\\/\\\/www.musikzeitung.ch\\\/\",\"name\":\"Schweizer Musikzeitung\",\"description\":\"Die f\u00fchrende sparten\u00fcbergreifende Monatszeitung in der Schweiz f\u00fcr musikalische Fragen.\",\"publisher\":{\"@id\":\"https:\\\/\\\/www.musikzeitung.ch\\\/#organization\"},\"potentialAction\":[{\"@type\":\"SearchAction\",\"target\":{\"@type\":\"EntryPoint\",\"urlTemplate\":\"https:\\\/\\\/www.musikzeitung.ch\\\/?s={search_term_string}\"},\"query-input\":{\"@type\":\"PropertyValueSpecification\",\"valueRequired\":true,\"valueName\":\"search_term_string\"}}],\"inLanguage\":\"it-IT\"},{\"@type\":\"Organization\",\"@id\":\"https:\\\/\\\/www.musikzeitung.ch\\\/#organization\",\"name\":\"Schweizer Musikzeitung\",\"url\":\"https:\\\/\\\/www.musikzeitung.ch\\\/\",\"logo\":{\"@type\":\"ImageObject\",\"inLanguage\":\"it-IT\",\"@id\":\"https:\\\/\\\/www.musikzeitung.ch\\\/#\\\/schema\\\/logo\\\/image\\\/\",\"url\":\"https:\\\/\\\/www.musikzeitung.ch\\\/wp-content\\\/uploads\\\/2023\\\/01\\\/SMZ_Schriftzug_Sprache.png\",\"contentUrl\":\"https:\\\/\\\/www.musikzeitung.ch\\\/wp-content\\\/uploads\\\/2023\\\/01\\\/SMZ_Schriftzug_Sprache.png\",\"width\":1400,\"height\":279,\"caption\":\"Schweizer Musikzeitung\"},\"image\":{\"@id\":\"https:\\\/\\\/www.musikzeitung.ch\\\/#\\\/schema\\\/logo\\\/image\\\/\"},\"sameAs\":[\"https:\\\/\\\/www.facebook.com\\\/SchweizerMusikzeitung\\\/\",\"https:\\\/\\\/x.com\\\/smusikzeitung\",\"https:\\\/\\\/www.instagram.com\\\/musikzeitung.ch\\\/\"]},{\"@type\":\"Person\",\"@id\":\"https:\\\/\\\/www.musikzeitung.ch\\\/#\\\/schema\\\/person\\\/0da4fb82d243f1252850a35d0e87cf0c\",\"name\":\"Wolfgang B\u00f6hler\",\"image\":{\"@type\":\"ImageObject\",\"inLanguage\":\"it-IT\",\"@id\":\"https:\\\/\\\/www.musikzeitung.ch\\\/wp-content\\\/uploads\\\/2023\\\/01\\\/boehler_portraet_web-e1674139782246-96x96.jpg\",\"url\":\"https:\\\/\\\/www.musikzeitung.ch\\\/wp-content\\\/uploads\\\/2023\\\/01\\\/boehler_portraet_web-e1674139782246-96x96.jpg\",\"contentUrl\":\"https:\\\/\\\/www.musikzeitung.ch\\\/wp-content\\\/uploads\\\/2023\\\/01\\\/boehler_portraet_web-e1674139782246-96x96.jpg\",\"caption\":\"Wolfgang B\u00f6hler\"},\"sameAs\":[\"http:\\\/\\\/www.manacanto.ch\",\"https:\\\/\\\/www.facebook.com\\\/wolfgang.bohler.75\"],\"url\":\"https:\\\/\\\/www.musikzeitung.ch\\\/it\\\/author\\\/wolfgang-boehler\"}]}<\/script>\n<!-- \/ Yoast SEO plugin. -->","yoast_head_json":{"title":"Berner Leitungsteam bleibt bis 2029 - Schweizer Musikzeitung","description":"Der Stiftungsrat von B\u00fchnen Bern hat die Vertr\u00e4ge seines Leitungsteams bis Sommer 2029 um vier weitere Jahre verl\u00e4ngert.","robots":{"index":"index","follow":"follow","max-snippet":"max-snippet:-1","max-image-preview":"max-image-preview:large","max-video-preview":"max-video-preview:-1"},"canonical":"https:\/\/www.musikzeitung.ch\/it\/news\/2024\/04\/berner-leitungsteam-bleibt-bis-2029\/","og_locale":"it_IT","og_type":"article","og_title":"Berner Leitungsteam bleibt bis 2029 - Schweizer Musikzeitung","og_description":"Der Stiftungsrat von B\u00fchnen Bern hat die Vertr\u00e4ge seines Leitungsteams bis Sommer 2029 um vier weitere Jahre verl\u00e4ngert.","og_url":"https:\/\/www.musikzeitung.ch\/it\/news\/2024\/04\/berner-leitungsteam-bleibt-bis-2029\/","og_site_name":"Schweizer Musikzeitung","article_publisher":"https:\/\/www.facebook.com\/SchweizerMusikzeitung\/","article_author":"https:\/\/www.facebook.com\/wolfgang.bohler.75","article_published_time":"2024-04-11T08:44:17+00:00","article_modified_time":"2024-04-11T13:13:13+00:00","og_image":[{"width":880,"height":659,"url":"https:\/\/www.musikzeitung.ch\/wp-content\/uploads\/2024\/04\/240411bern.jpg","type":"image\/jpeg"}],"author":"Wolfgang B\u00f6hler","twitter_card":"summary_large_image","twitter_creator":"@smusikzeitung","twitter_site":"@smusikzeitung","twitter_misc":{"Scritto da":"Wolfgang B\u00f6hler","Tempo di lettura stimato":"2 minuti"},"schema":{"@context":"https:\/\/schema.org","@graph":[{"@type":"Article","@id":"https:\/\/www.musikzeitung.ch\/news\/2024\/04\/berner-leitungsteam-bleibt-bis-2029#article","isPartOf":{"@id":"https:\/\/www.musikzeitung.ch\/news\/2024\/04\/berner-leitungsteam-bleibt-bis-2029"},"author":{"name":"Wolfgang B\u00f6hler","@id":"https:\/\/www.musikzeitung.ch\/#\/schema\/person\/0da4fb82d243f1252850a35d0e87cf0c"},"headline":"Berner Leitungsteam bleibt bis 2029","datePublished":"2024-04-11T08:44:17+00:00","dateModified":"2024-04-11T13:13:13+00:00","mainEntityOfPage":{"@id":"https:\/\/www.musikzeitung.ch\/news\/2024\/04\/berner-leitungsteam-bleibt-bis-2029"},"wordCount":190,"publisher":{"@id":"https:\/\/www.musikzeitung.ch\/#organization"},"image":{"@id":"https:\/\/www.musikzeitung.ch\/news\/2024\/04\/berner-leitungsteam-bleibt-bis-2029#primaryimage"},"thumbnailUrl":"https:\/\/www.musikzeitung.ch\/wp-content\/uploads\/2024\/04\/240411bern.jpg","keywords":["Alevtina Ioffe","B\u00fchnen Bern"],"articleSection":["News"],"inLanguage":"it-IT"},{"@type":"WebPage","@id":"https:\/\/www.musikzeitung.ch\/news\/2024\/04\/berner-leitungsteam-bleibt-bis-2029","url":"https:\/\/www.musikzeitung.ch\/news\/2024\/04\/berner-leitungsteam-bleibt-bis-2029","name":"Berner Leitungsteam bleibt bis 2029 - Schweizer Musikzeitung","isPartOf":{"@id":"https:\/\/www.musikzeitung.ch\/#website"},"primaryImageOfPage":{"@id":"https:\/\/www.musikzeitung.ch\/news\/2024\/04\/berner-leitungsteam-bleibt-bis-2029#primaryimage"},"image":{"@id":"https:\/\/www.musikzeitung.ch\/news\/2024\/04\/berner-leitungsteam-bleibt-bis-2029#primaryimage"},"thumbnailUrl":"https:\/\/www.musikzeitung.ch\/wp-content\/uploads\/2024\/04\/240411bern.jpg","datePublished":"2024-04-11T08:44:17+00:00","dateModified":"2024-04-11T13:13:13+00:00","description":"Der Stiftungsrat von B\u00fchnen Bern hat die Vertr\u00e4ge seines Leitungsteams bis Sommer 2029 um vier weitere Jahre verl\u00e4ngert.","breadcrumb":{"@id":"https:\/\/www.musikzeitung.ch\/news\/2024\/04\/berner-leitungsteam-bleibt-bis-2029#breadcrumb"},"inLanguage":"it-IT","potentialAction":[{"@type":"ReadAction","target":["https:\/\/www.musikzeitung.ch\/news\/2024\/04\/berner-leitungsteam-bleibt-bis-2029"]}]},{"@type":"ImageObject","inLanguage":"it-IT","@id":"https:\/\/www.musikzeitung.ch\/news\/2024\/04\/berner-leitungsteam-bleibt-bis-2029#primaryimage","url":"https:\/\/www.musikzeitung.ch\/wp-content\/uploads\/2024\/04\/240411bern.jpg","contentUrl":"https:\/\/www.musikzeitung.ch\/wp-content\/uploads\/2024\/04\/240411bern.jpg","width":880,"height":659,"caption":"Isabelle Bischof, Roger Vontobel, Florian Scholz und Rainer Karlitschek (Bild: Florian Spring)"},{"@type":"BreadcrumbList","@id":"https:\/\/www.musikzeitung.ch\/news\/2024\/04\/berner-leitungsteam-bleibt-bis-2029#breadcrumb","itemListElement":[{"@type":"ListItem","position":1,"name":"Home","item":"https:\/\/www.musikzeitung.ch\/"},{"@type":"ListItem","position":2,"name":"Berner Leitungsteam bleibt bis 2029"}]},{"@type":"WebSite","@id":"https:\/\/www.musikzeitung.ch\/#website","url":"https:\/\/www.musikzeitung.ch\/","name":"Giornale musicale svizzero","description":"Il principale mensile interdisciplinare della Svizzera per le questioni musicali.","publisher":{"@id":"https:\/\/www.musikzeitung.ch\/#organization"},"potentialAction":[{"@type":"SearchAction","target":{"@type":"EntryPoint","urlTemplate":"https:\/\/www.musikzeitung.ch\/?s={search_term_string}"},"query-input":{"@type":"PropertyValueSpecification","valueRequired":true,"valueName":"search_term_string"}}],"inLanguage":"it-IT"},{"@type":"Organization","@id":"https:\/\/www.musikzeitung.ch\/#organization","name":"Giornale musicale svizzero","url":"https:\/\/www.musikzeitung.ch\/","logo":{"@type":"ImageObject","inLanguage":"it-IT","@id":"https:\/\/www.musikzeitung.ch\/#\/schema\/logo\/image\/","url":"https:\/\/www.musikzeitung.ch\/wp-content\/uploads\/2023\/01\/SMZ_Schriftzug_Sprache.png","contentUrl":"https:\/\/www.musikzeitung.ch\/wp-content\/uploads\/2023\/01\/SMZ_Schriftzug_Sprache.png","width":1400,"height":279,"caption":"Schweizer Musikzeitung"},"image":{"@id":"https:\/\/www.musikzeitung.ch\/#\/schema\/logo\/image\/"},"sameAs":["https:\/\/www.facebook.com\/SchweizerMusikzeitung\/","https:\/\/x.com\/smusikzeitung","https:\/\/www.instagram.com\/musikzeitung.ch\/"]},{"@type":"Person","@id":"https:\/\/www.musikzeitung.ch\/#\/schema\/person\/0da4fb82d243f1252850a35d0e87cf0c","name":"Wolfgang B\u00f6hler","image":{"@type":"ImageObject","inLanguage":"it-IT","@id":"https:\/\/www.musikzeitung.ch\/wp-content\/uploads\/2023\/01\/boehler_portraet_web-e1674139782246-96x96.jpg","url":"https:\/\/www.musikzeitung.ch\/wp-content\/uploads\/2023\/01\/boehler_portraet_web-e1674139782246-96x96.jpg","contentUrl":"https:\/\/www.musikzeitung.ch\/wp-content\/uploads\/2023\/01\/boehler_portraet_web-e1674139782246-96x96.jpg","caption":"Wolfgang B\u00f6hler"},"sameAs":["http:\/\/www.manacanto.ch","https:\/\/www.facebook.com\/wolfgang.bohler.75"],"url":"https:\/\/www.musikzeitung.ch\/it\/author\/wolfgang-boehler"}]}},"publishpress_future_workflow_manual_trigger":{"enabledWorkflows":[]},"_links":{"self":[{"href":"https:\/\/www.musikzeitung.ch\/it\/wp-json\/wp\/v2\/posts\/53838","targetHints":{"allow":["GET"]}}],"collection":[{"href":"https:\/\/www.musikzeitung.ch\/it\/wp-json\/wp\/v2\/posts"}],"about":[{"href":"https:\/\/www.musikzeitung.ch\/it\/wp-json\/wp\/v2\/types\/post"}],"author":[{"embeddable":true,"href":"https:\/\/www.musikzeitung.ch\/it\/wp-json\/wp\/v2\/users\/30"}],"replies":[{"embeddable":true,"href":"https:\/\/www.musikzeitung.ch\/it\/wp-json\/wp\/v2\/comments?post=53838"}],"version-history":[{"count":3,"href":"https:\/\/www.musikzeitung.ch\/it\/wp-json\/wp\/v2\/posts\/53838\/revisions"}],"predecessor-version":[{"id":53846,"href":"https:\/\/www.musikzeitung.ch\/it\/wp-json\/wp\/v2\/posts\/53838\/revisions\/53846"}],"wp:featuredmedia":[{"embeddable":true,"href":"https:\/\/www.musikzeitung.ch\/it\/wp-json\/wp\/v2\/media\/53839"}],"wp:attachment":[{"href":"https:\/\/www.musikzeitung.ch\/it\/wp-json\/wp\/v2\/media?parent=53838"}],"wp:term":[{"taxonomy":"category","embeddable":true,"href":"https:\/\/www.musikzeitung.ch\/it\/wp-json\/wp\/v2\/categories?post=53838"},{"taxonomy":"post_tag","embeddable":true,"href":"https:\/\/www.musikzeitung.ch\/it\/wp-json\/wp\/v2\/tags?post=53838"}],"curies":[{"name":"wp","href":"https:\/\/api.w.org\/{rel}","templated":true}]}}