{"id":53930,"date":"2024-04-18T05:58:14","date_gmt":"2024-04-18T03:58:14","guid":{"rendered":"https:\/\/www.musikzeitung.ch\/?p=53930"},"modified":"2024-04-18T10:27:32","modified_gmt":"2024-04-18T08:27:32","slug":"15-eidgenoessisches-volksmusikfest-findet-in-altstaetten-statt","status":"publish","type":"post","link":"https:\/\/www.musikzeitung.ch\/it\/news\/2024\/04\/15-eidgenoessisches-volksmusikfest-findet-in-altstaetten-statt","title":{"rendered":"Il 15\u00b0 Festival federale di musica popolare si svolge ad Altst\u00e4tten"},"content":{"rendered":"<figure id=\"attachment_53931\" aria-describedby=\"caption-attachment-53931\" style=\"width: 768px\" class=\"wp-caption alignnone\"><img loading=\"lazy\" decoding=\"async\" class=\"size-large wp-image-53931\" src=\"https:\/\/www.musikzeitung.ch\/wp-content\/uploads\/2024\/04\/240418dv-1024x542.jpg\" alt=\"\" width=\"768\" height=\"407\" srcset=\"https:\/\/www.musikzeitung.ch\/wp-content\/uploads\/2024\/04\/240418dv-1024x542.jpg 1024w, https:\/\/www.musikzeitung.ch\/wp-content\/uploads\/2024\/04\/240418dv-300x159.jpg 300w, https:\/\/www.musikzeitung.ch\/wp-content\/uploads\/2024\/04\/240418dv-768x407.jpg 768w, https:\/\/www.musikzeitung.ch\/wp-content\/uploads\/2024\/04\/240418dv-331x175.jpg 331w, https:\/\/www.musikzeitung.ch\/wp-content\/uploads\/2024\/04\/240418dv-661x350.jpg 661w, https:\/\/www.musikzeitung.ch\/wp-content\/uploads\/2024\/04\/240418dv-920x487.jpg 920w, https:\/\/www.musikzeitung.ch\/wp-content\/uploads\/2024\/04\/240418dv.jpg 1171w\" sizes=\"auto, (max-width: 768px) 100vw, 768px\" \/><figcaption id=\"caption-attachment-53931\" class=\"wp-caption-text\">Riunione dei delegati dell'Associazione Svizzera di Musica Popolare (VSV) a Muotathal (Immagine: VSV)<\/figcaption><\/figure>\n<p>Il Festival federale di musica popolare (EVMF) \u00e8 il pi\u00f9 grande e importante evento di musica popolare in Svizzera. Ogni quattro anni, il festival riunisce oltre 1.100 musicisti di tutti i generi e circa 50.000-60.000 visitatori provenienti da tutta la Svizzera. L'obiettivo \u00e8 fare musica insieme e coltivare le usanze.<\/p>\n<p>Oltre alla musica gratuita, in tutto il centro di Altst\u00e4tt si terranno anche esibizioni musicali, che saranno giudicate da esperti. Circa 230 spettacoli musicali, tra cui circa 50 esibizioni di giovani musicisti, e una parata attendono gli ospiti.<\/p>\n<p>Nel periodo che precede l'EVMF si svolgeranno diversi eventi e attivit\u00e0 in tutta la Valle del Reno sangallese. La regione sar\u00e0 coinvolta anche durante il festival: Il centro logistico per auto e pullman sull'Allmend ad Altst\u00e4tten sar\u00e0 utilizzato come area di sosta per i numerosi camper e campeggiatori attesi.<\/p>","protected":false},"excerpt":{"rendered":"<p>Il Festival federale di musica popolare, che si svolge ogni quattro anni, si terr\u00e0 per la prossima volta nel 2027 ad Altst\u00e4tten, San Gallo.<\/p>","protected":false},"author":30,"featured_media":53931,"comment_status":"closed","ping_status":"closed","sticky":false,"template":"","format":"standard","meta":{"_acf_changed":false,"_relevanssi_hide_post":"","_relevanssi_hide_content":"","_relevanssi_pin_for_all":"","_relevanssi_pin_keywords":"","_relevanssi_unpin_keywords":"","_relevanssi_related_keywords":"","_relevanssi_related_include_ids":"","_relevanssi_related_exclude_ids":"","_relevanssi_related_no_append":"","_relevanssi_related_not_related":"","_relevanssi_related_posts":"","_relevanssi_noindex_reason":"","pgc_sgb_lightbox_settings":"","footnotes":""},"categories":[27],"tags":[3911,3910],"class_list":["post-53930","post","type-post","status-publish","format-standard","has-post-thumbnail","hentry","category-news","tag-eidgenoessische-volksmusikfest","tag-verband-schweizer-volksmusik"],"acf":[],"yoast_head":"<!-- This site is optimized with the Yoast SEO plugin v27.4 - https:\/\/yoast.com\/product\/yoast-seo-wordpress\/ -->\n<title>15. Eidgen\u00f6ssisches Volksmusikfest findet in Altst\u00e4tten statt - Schweizer Musikzeitung<\/title>\n<meta name=\"description\" content=\"Das Eidgen\u00f6ssische Volksmusikfest, das alle vier Jahre stattfindet, wird 2027 zum n\u00e4chsten Mal durchgef\u00fchrt, und zwar in Altst\u00e4tten\/SG.\" \/>\n<meta name=\"robots\" content=\"index, follow, max-snippet:-1, max-image-preview:large, max-video-preview:-1\" \/>\n<link rel=\"canonical\" href=\"https:\/\/www.musikzeitung.ch\/it\/news\/2024\/04\/15-eidgenoessisches-volksmusikfest-findet-in-altstaetten-statt\/\" \/>\n<meta property=\"og:locale\" content=\"it_IT\" \/>\n<meta property=\"og:type\" content=\"article\" \/>\n<meta property=\"og:title\" content=\"15. Eidgen\u00f6ssisches Volksmusikfest findet in Altst\u00e4tten statt - Schweizer Musikzeitung\" \/>\n<meta property=\"og:description\" content=\"Das Eidgen\u00f6ssische Volksmusikfest, das alle vier Jahre stattfindet, wird 2027 zum n\u00e4chsten Mal durchgef\u00fchrt, und zwar in Altst\u00e4tten\/SG.\" \/>\n<meta property=\"og:url\" content=\"https:\/\/www.musikzeitung.ch\/it\/news\/2024\/04\/15-eidgenoessisches-volksmusikfest-findet-in-altstaetten-statt\/\" \/>\n<meta property=\"og:site_name\" content=\"Schweizer Musikzeitung\" \/>\n<meta property=\"article:publisher\" content=\"https:\/\/www.facebook.com\/SchweizerMusikzeitung\/\" \/>\n<meta property=\"article:author\" content=\"https:\/\/www.facebook.com\/wolfgang.bohler.75\" \/>\n<meta property=\"article:published_time\" content=\"2024-04-18T03:58:14+00:00\" \/>\n<meta property=\"article:modified_time\" content=\"2024-04-18T08:27:32+00:00\" \/>\n<meta property=\"og:image\" content=\"https:\/\/www.musikzeitung.ch\/wp-content\/uploads\/2024\/04\/240418dv.jpg\" \/>\n\t<meta property=\"og:image:width\" content=\"1171\" \/>\n\t<meta property=\"og:image:height\" content=\"620\" \/>\n\t<meta property=\"og:image:type\" content=\"image\/jpeg\" \/>\n<meta name=\"author\" content=\"Wolfgang B\u00f6hler\" \/>\n<meta name=\"twitter:card\" content=\"summary_large_image\" \/>\n<meta name=\"twitter:creator\" content=\"@smusikzeitung\" \/>\n<meta name=\"twitter:site\" content=\"@smusikzeitung\" \/>\n<meta name=\"twitter:label1\" content=\"Scritto da\" \/>\n\t<meta name=\"twitter:data1\" content=\"Wolfgang B\u00f6hler\" \/>\n\t<meta name=\"twitter:label2\" content=\"Tempo di lettura stimato\" \/>\n\t<meta name=\"twitter:data2\" content=\"2 minuti\" \/>\n<script type=\"application\/ld+json\" class=\"yoast-schema-graph\">{\"@context\":\"https:\\\/\\\/schema.org\",\"@graph\":[{\"@type\":\"Article\",\"@id\":\"https:\\\/\\\/www.musikzeitung.ch\\\/news\\\/2024\\\/04\\\/15-eidgenoessisches-volksmusikfest-findet-in-altstaetten-statt#article\",\"isPartOf\":{\"@id\":\"https:\\\/\\\/www.musikzeitung.ch\\\/news\\\/2024\\\/04\\\/15-eidgenoessisches-volksmusikfest-findet-in-altstaetten-statt\"},\"author\":{\"name\":\"Wolfgang B\u00f6hler\",\"@id\":\"https:\\\/\\\/www.musikzeitung.ch\\\/#\\\/schema\\\/person\\\/0da4fb82d243f1252850a35d0e87cf0c\"},\"headline\":\"15. Eidgen\u00f6ssisches Volksmusikfest findet in Altst\u00e4tten statt\",\"datePublished\":\"2024-04-18T03:58:14+00:00\",\"dateModified\":\"2024-04-18T08:27:32+00:00\",\"mainEntityOfPage\":{\"@id\":\"https:\\\/\\\/www.musikzeitung.ch\\\/news\\\/2024\\\/04\\\/15-eidgenoessisches-volksmusikfest-findet-in-altstaetten-statt\"},\"wordCount\":153,\"publisher\":{\"@id\":\"https:\\\/\\\/www.musikzeitung.ch\\\/#organization\"},\"image\":{\"@id\":\"https:\\\/\\\/www.musikzeitung.ch\\\/news\\\/2024\\\/04\\\/15-eidgenoessisches-volksmusikfest-findet-in-altstaetten-statt#primaryimage\"},\"thumbnailUrl\":\"https:\\\/\\\/www.musikzeitung.ch\\\/wp-content\\\/uploads\\\/2024\\\/04\\\/240418dv.jpg\",\"keywords\":[\"Eidgen\u00f6ssische Volksmusikfest\",\"Verband Schweizer Volksmusik\"],\"articleSection\":[\"News\"],\"inLanguage\":\"it-IT\"},{\"@type\":\"WebPage\",\"@id\":\"https:\\\/\\\/www.musikzeitung.ch\\\/news\\\/2024\\\/04\\\/15-eidgenoessisches-volksmusikfest-findet-in-altstaetten-statt\",\"url\":\"https:\\\/\\\/www.musikzeitung.ch\\\/news\\\/2024\\\/04\\\/15-eidgenoessisches-volksmusikfest-findet-in-altstaetten-statt\",\"name\":\"15. Eidgen\u00f6ssisches Volksmusikfest findet in Altst\u00e4tten statt - Schweizer Musikzeitung\",\"isPartOf\":{\"@id\":\"https:\\\/\\\/www.musikzeitung.ch\\\/#website\"},\"primaryImageOfPage\":{\"@id\":\"https:\\\/\\\/www.musikzeitung.ch\\\/news\\\/2024\\\/04\\\/15-eidgenoessisches-volksmusikfest-findet-in-altstaetten-statt#primaryimage\"},\"image\":{\"@id\":\"https:\\\/\\\/www.musikzeitung.ch\\\/news\\\/2024\\\/04\\\/15-eidgenoessisches-volksmusikfest-findet-in-altstaetten-statt#primaryimage\"},\"thumbnailUrl\":\"https:\\\/\\\/www.musikzeitung.ch\\\/wp-content\\\/uploads\\\/2024\\\/04\\\/240418dv.jpg\",\"datePublished\":\"2024-04-18T03:58:14+00:00\",\"dateModified\":\"2024-04-18T08:27:32+00:00\",\"description\":\"Das Eidgen\u00f6ssische Volksmusikfest, das alle vier Jahre stattfindet, wird 2027 zum n\u00e4chsten Mal durchgef\u00fchrt, und zwar in Altst\u00e4tten\\\/SG.\",\"breadcrumb\":{\"@id\":\"https:\\\/\\\/www.musikzeitung.ch\\\/news\\\/2024\\\/04\\\/15-eidgenoessisches-volksmusikfest-findet-in-altstaetten-statt#breadcrumb\"},\"inLanguage\":\"it-IT\",\"potentialAction\":[{\"@type\":\"ReadAction\",\"target\":[\"https:\\\/\\\/www.musikzeitung.ch\\\/news\\\/2024\\\/04\\\/15-eidgenoessisches-volksmusikfest-findet-in-altstaetten-statt\"]}]},{\"@type\":\"ImageObject\",\"inLanguage\":\"it-IT\",\"@id\":\"https:\\\/\\\/www.musikzeitung.ch\\\/news\\\/2024\\\/04\\\/15-eidgenoessisches-volksmusikfest-findet-in-altstaetten-statt#primaryimage\",\"url\":\"https:\\\/\\\/www.musikzeitung.ch\\\/wp-content\\\/uploads\\\/2024\\\/04\\\/240418dv.jpg\",\"contentUrl\":\"https:\\\/\\\/www.musikzeitung.ch\\\/wp-content\\\/uploads\\\/2024\\\/04\\\/240418dv.jpg\",\"width\":1171,\"height\":620,\"caption\":\"Delegiertenversammlung des Verbands Schweizer Volksmusik (VSV) in Muotathal (Bild: VSV)\"},{\"@type\":\"BreadcrumbList\",\"@id\":\"https:\\\/\\\/www.musikzeitung.ch\\\/news\\\/2024\\\/04\\\/15-eidgenoessisches-volksmusikfest-findet-in-altstaetten-statt#breadcrumb\",\"itemListElement\":[{\"@type\":\"ListItem\",\"position\":1,\"name\":\"Home\",\"item\":\"https:\\\/\\\/www.musikzeitung.ch\\\/\"},{\"@type\":\"ListItem\",\"position\":2,\"name\":\"15. Eidgen\u00f6ssisches Volksmusikfest findet in Altst\u00e4tten statt\"}]},{\"@type\":\"WebSite\",\"@id\":\"https:\\\/\\\/www.musikzeitung.ch\\\/#website\",\"url\":\"https:\\\/\\\/www.musikzeitung.ch\\\/\",\"name\":\"Schweizer Musikzeitung\",\"description\":\"Die f\u00fchrende sparten\u00fcbergreifende Monatszeitung in der Schweiz f\u00fcr musikalische Fragen.\",\"publisher\":{\"@id\":\"https:\\\/\\\/www.musikzeitung.ch\\\/#organization\"},\"potentialAction\":[{\"@type\":\"SearchAction\",\"target\":{\"@type\":\"EntryPoint\",\"urlTemplate\":\"https:\\\/\\\/www.musikzeitung.ch\\\/?s={search_term_string}\"},\"query-input\":{\"@type\":\"PropertyValueSpecification\",\"valueRequired\":true,\"valueName\":\"search_term_string\"}}],\"inLanguage\":\"it-IT\"},{\"@type\":\"Organization\",\"@id\":\"https:\\\/\\\/www.musikzeitung.ch\\\/#organization\",\"name\":\"Schweizer Musikzeitung\",\"url\":\"https:\\\/\\\/www.musikzeitung.ch\\\/\",\"logo\":{\"@type\":\"ImageObject\",\"inLanguage\":\"it-IT\",\"@id\":\"https:\\\/\\\/www.musikzeitung.ch\\\/#\\\/schema\\\/logo\\\/image\\\/\",\"url\":\"https:\\\/\\\/www.musikzeitung.ch\\\/wp-content\\\/uploads\\\/2023\\\/01\\\/SMZ_Schriftzug_Sprache.png\",\"contentUrl\":\"https:\\\/\\\/www.musikzeitung.ch\\\/wp-content\\\/uploads\\\/2023\\\/01\\\/SMZ_Schriftzug_Sprache.png\",\"width\":1400,\"height\":279,\"caption\":\"Schweizer Musikzeitung\"},\"image\":{\"@id\":\"https:\\\/\\\/www.musikzeitung.ch\\\/#\\\/schema\\\/logo\\\/image\\\/\"},\"sameAs\":[\"https:\\\/\\\/www.facebook.com\\\/SchweizerMusikzeitung\\\/\",\"https:\\\/\\\/x.com\\\/smusikzeitung\",\"https:\\\/\\\/www.instagram.com\\\/musikzeitung.ch\\\/\"]},{\"@type\":\"Person\",\"@id\":\"https:\\\/\\\/www.musikzeitung.ch\\\/#\\\/schema\\\/person\\\/0da4fb82d243f1252850a35d0e87cf0c\",\"name\":\"Wolfgang B\u00f6hler\",\"image\":{\"@type\":\"ImageObject\",\"inLanguage\":\"it-IT\",\"@id\":\"https:\\\/\\\/www.musikzeitung.ch\\\/wp-content\\\/uploads\\\/2023\\\/01\\\/boehler_portraet_web-e1674139782246-96x96.jpg\",\"url\":\"https:\\\/\\\/www.musikzeitung.ch\\\/wp-content\\\/uploads\\\/2023\\\/01\\\/boehler_portraet_web-e1674139782246-96x96.jpg\",\"contentUrl\":\"https:\\\/\\\/www.musikzeitung.ch\\\/wp-content\\\/uploads\\\/2023\\\/01\\\/boehler_portraet_web-e1674139782246-96x96.jpg\",\"caption\":\"Wolfgang B\u00f6hler\"},\"sameAs\":[\"http:\\\/\\\/www.manacanto.ch\",\"https:\\\/\\\/www.facebook.com\\\/wolfgang.bohler.75\"],\"url\":\"https:\\\/\\\/www.musikzeitung.ch\\\/it\\\/author\\\/wolfgang-boehler\"}]}<\/script>\n<!-- \/ Yoast SEO plugin. -->","yoast_head_json":{"title":"15. Eidgen\u00f6ssisches Volksmusikfest findet in Altst\u00e4tten statt - Schweizer Musikzeitung","description":"Das Eidgen\u00f6ssische Volksmusikfest, das alle vier Jahre stattfindet, wird 2027 zum n\u00e4chsten Mal durchgef\u00fchrt, und zwar in Altst\u00e4tten\/SG.","robots":{"index":"index","follow":"follow","max-snippet":"max-snippet:-1","max-image-preview":"max-image-preview:large","max-video-preview":"max-video-preview:-1"},"canonical":"https:\/\/www.musikzeitung.ch\/it\/news\/2024\/04\/15-eidgenoessisches-volksmusikfest-findet-in-altstaetten-statt\/","og_locale":"it_IT","og_type":"article","og_title":"15. Eidgen\u00f6ssisches Volksmusikfest findet in Altst\u00e4tten statt - Schweizer Musikzeitung","og_description":"Das Eidgen\u00f6ssische Volksmusikfest, das alle vier Jahre stattfindet, wird 2027 zum n\u00e4chsten Mal durchgef\u00fchrt, und zwar in Altst\u00e4tten\/SG.","og_url":"https:\/\/www.musikzeitung.ch\/it\/news\/2024\/04\/15-eidgenoessisches-volksmusikfest-findet-in-altstaetten-statt\/","og_site_name":"Schweizer Musikzeitung","article_publisher":"https:\/\/www.facebook.com\/SchweizerMusikzeitung\/","article_author":"https:\/\/www.facebook.com\/wolfgang.bohler.75","article_published_time":"2024-04-18T03:58:14+00:00","article_modified_time":"2024-04-18T08:27:32+00:00","og_image":[{"width":1171,"height":620,"url":"https:\/\/www.musikzeitung.ch\/wp-content\/uploads\/2024\/04\/240418dv.jpg","type":"image\/jpeg"}],"author":"Wolfgang B\u00f6hler","twitter_card":"summary_large_image","twitter_creator":"@smusikzeitung","twitter_site":"@smusikzeitung","twitter_misc":{"Scritto da":"Wolfgang B\u00f6hler","Tempo di lettura stimato":"2 minuti"},"schema":{"@context":"https:\/\/schema.org","@graph":[{"@type":"Article","@id":"https:\/\/www.musikzeitung.ch\/news\/2024\/04\/15-eidgenoessisches-volksmusikfest-findet-in-altstaetten-statt#article","isPartOf":{"@id":"https:\/\/www.musikzeitung.ch\/news\/2024\/04\/15-eidgenoessisches-volksmusikfest-findet-in-altstaetten-statt"},"author":{"name":"Wolfgang B\u00f6hler","@id":"https:\/\/www.musikzeitung.ch\/#\/schema\/person\/0da4fb82d243f1252850a35d0e87cf0c"},"headline":"15. Eidgen\u00f6ssisches Volksmusikfest findet in Altst\u00e4tten statt","datePublished":"2024-04-18T03:58:14+00:00","dateModified":"2024-04-18T08:27:32+00:00","mainEntityOfPage":{"@id":"https:\/\/www.musikzeitung.ch\/news\/2024\/04\/15-eidgenoessisches-volksmusikfest-findet-in-altstaetten-statt"},"wordCount":153,"publisher":{"@id":"https:\/\/www.musikzeitung.ch\/#organization"},"image":{"@id":"https:\/\/www.musikzeitung.ch\/news\/2024\/04\/15-eidgenoessisches-volksmusikfest-findet-in-altstaetten-statt#primaryimage"},"thumbnailUrl":"https:\/\/www.musikzeitung.ch\/wp-content\/uploads\/2024\/04\/240418dv.jpg","keywords":["Eidgen\u00f6ssische Volksmusikfest","Verband Schweizer Volksmusik"],"articleSection":["News"],"inLanguage":"it-IT"},{"@type":"WebPage","@id":"https:\/\/www.musikzeitung.ch\/news\/2024\/04\/15-eidgenoessisches-volksmusikfest-findet-in-altstaetten-statt","url":"https:\/\/www.musikzeitung.ch\/news\/2024\/04\/15-eidgenoessisches-volksmusikfest-findet-in-altstaetten-statt","name":"15. Eidgen\u00f6ssisches Volksmusikfest findet in Altst\u00e4tten statt - Schweizer Musikzeitung","isPartOf":{"@id":"https:\/\/www.musikzeitung.ch\/#website"},"primaryImageOfPage":{"@id":"https:\/\/www.musikzeitung.ch\/news\/2024\/04\/15-eidgenoessisches-volksmusikfest-findet-in-altstaetten-statt#primaryimage"},"image":{"@id":"https:\/\/www.musikzeitung.ch\/news\/2024\/04\/15-eidgenoessisches-volksmusikfest-findet-in-altstaetten-statt#primaryimage"},"thumbnailUrl":"https:\/\/www.musikzeitung.ch\/wp-content\/uploads\/2024\/04\/240418dv.jpg","datePublished":"2024-04-18T03:58:14+00:00","dateModified":"2024-04-18T08:27:32+00:00","description":"Das Eidgen\u00f6ssische Volksmusikfest, das alle vier Jahre stattfindet, wird 2027 zum n\u00e4chsten Mal durchgef\u00fchrt, und zwar in Altst\u00e4tten\/SG.","breadcrumb":{"@id":"https:\/\/www.musikzeitung.ch\/news\/2024\/04\/15-eidgenoessisches-volksmusikfest-findet-in-altstaetten-statt#breadcrumb"},"inLanguage":"it-IT","potentialAction":[{"@type":"ReadAction","target":["https:\/\/www.musikzeitung.ch\/news\/2024\/04\/15-eidgenoessisches-volksmusikfest-findet-in-altstaetten-statt"]}]},{"@type":"ImageObject","inLanguage":"it-IT","@id":"https:\/\/www.musikzeitung.ch\/news\/2024\/04\/15-eidgenoessisches-volksmusikfest-findet-in-altstaetten-statt#primaryimage","url":"https:\/\/www.musikzeitung.ch\/wp-content\/uploads\/2024\/04\/240418dv.jpg","contentUrl":"https:\/\/www.musikzeitung.ch\/wp-content\/uploads\/2024\/04\/240418dv.jpg","width":1171,"height":620,"caption":"Delegiertenversammlung des Verbands Schweizer Volksmusik (VSV) in Muotathal (Bild: VSV)"},{"@type":"BreadcrumbList","@id":"https:\/\/www.musikzeitung.ch\/news\/2024\/04\/15-eidgenoessisches-volksmusikfest-findet-in-altstaetten-statt#breadcrumb","itemListElement":[{"@type":"ListItem","position":1,"name":"Home","item":"https:\/\/www.musikzeitung.ch\/"},{"@type":"ListItem","position":2,"name":"15. Eidgen\u00f6ssisches Volksmusikfest findet in Altst\u00e4tten statt"}]},{"@type":"WebSite","@id":"https:\/\/www.musikzeitung.ch\/#website","url":"https:\/\/www.musikzeitung.ch\/","name":"Giornale musicale svizzero","description":"Il principale mensile interdisciplinare della Svizzera per le questioni musicali.","publisher":{"@id":"https:\/\/www.musikzeitung.ch\/#organization"},"potentialAction":[{"@type":"SearchAction","target":{"@type":"EntryPoint","urlTemplate":"https:\/\/www.musikzeitung.ch\/?s={search_term_string}"},"query-input":{"@type":"PropertyValueSpecification","valueRequired":true,"valueName":"search_term_string"}}],"inLanguage":"it-IT"},{"@type":"Organization","@id":"https:\/\/www.musikzeitung.ch\/#organization","name":"Giornale musicale svizzero","url":"https:\/\/www.musikzeitung.ch\/","logo":{"@type":"ImageObject","inLanguage":"it-IT","@id":"https:\/\/www.musikzeitung.ch\/#\/schema\/logo\/image\/","url":"https:\/\/www.musikzeitung.ch\/wp-content\/uploads\/2023\/01\/SMZ_Schriftzug_Sprache.png","contentUrl":"https:\/\/www.musikzeitung.ch\/wp-content\/uploads\/2023\/01\/SMZ_Schriftzug_Sprache.png","width":1400,"height":279,"caption":"Schweizer Musikzeitung"},"image":{"@id":"https:\/\/www.musikzeitung.ch\/#\/schema\/logo\/image\/"},"sameAs":["https:\/\/www.facebook.com\/SchweizerMusikzeitung\/","https:\/\/x.com\/smusikzeitung","https:\/\/www.instagram.com\/musikzeitung.ch\/"]},{"@type":"Person","@id":"https:\/\/www.musikzeitung.ch\/#\/schema\/person\/0da4fb82d243f1252850a35d0e87cf0c","name":"Wolfgang B\u00f6hler","image":{"@type":"ImageObject","inLanguage":"it-IT","@id":"https:\/\/www.musikzeitung.ch\/wp-content\/uploads\/2023\/01\/boehler_portraet_web-e1674139782246-96x96.jpg","url":"https:\/\/www.musikzeitung.ch\/wp-content\/uploads\/2023\/01\/boehler_portraet_web-e1674139782246-96x96.jpg","contentUrl":"https:\/\/www.musikzeitung.ch\/wp-content\/uploads\/2023\/01\/boehler_portraet_web-e1674139782246-96x96.jpg","caption":"Wolfgang B\u00f6hler"},"sameAs":["http:\/\/www.manacanto.ch","https:\/\/www.facebook.com\/wolfgang.bohler.75"],"url":"https:\/\/www.musikzeitung.ch\/it\/author\/wolfgang-boehler"}]}},"publishpress_future_workflow_manual_trigger":{"enabledWorkflows":[]},"_links":{"self":[{"href":"https:\/\/www.musikzeitung.ch\/it\/wp-json\/wp\/v2\/posts\/53930","targetHints":{"allow":["GET"]}}],"collection":[{"href":"https:\/\/www.musikzeitung.ch\/it\/wp-json\/wp\/v2\/posts"}],"about":[{"href":"https:\/\/www.musikzeitung.ch\/it\/wp-json\/wp\/v2\/types\/post"}],"author":[{"embeddable":true,"href":"https:\/\/www.musikzeitung.ch\/it\/wp-json\/wp\/v2\/users\/30"}],"replies":[{"embeddable":true,"href":"https:\/\/www.musikzeitung.ch\/it\/wp-json\/wp\/v2\/comments?post=53930"}],"version-history":[{"count":4,"href":"https:\/\/www.musikzeitung.ch\/it\/wp-json\/wp\/v2\/posts\/53930\/revisions"}],"predecessor-version":[{"id":53992,"href":"https:\/\/www.musikzeitung.ch\/it\/wp-json\/wp\/v2\/posts\/53930\/revisions\/53992"}],"wp:featuredmedia":[{"embeddable":true,"href":"https:\/\/www.musikzeitung.ch\/it\/wp-json\/wp\/v2\/media\/53931"}],"wp:attachment":[{"href":"https:\/\/www.musikzeitung.ch\/it\/wp-json\/wp\/v2\/media?parent=53930"}],"wp:term":[{"taxonomy":"category","embeddable":true,"href":"https:\/\/www.musikzeitung.ch\/it\/wp-json\/wp\/v2\/categories?post=53930"},{"taxonomy":"post_tag","embeddable":true,"href":"https:\/\/www.musikzeitung.ch\/it\/wp-json\/wp\/v2\/tags?post=53930"}],"curies":[{"name":"wp","href":"https:\/\/api.w.org\/{rel}","templated":true}]}}