{"id":54039,"date":"2024-04-22T05:58:36","date_gmt":"2024-04-22T03:58:36","guid":{"rendered":"https:\/\/www.musikzeitung.ch\/?p=54039"},"modified":"2024-04-22T15:48:02","modified_gmt":"2024-04-22T13:48:02","slug":"fritz-gerber-award-geht-an-bognar-morais-fernandes-und-villar-martin","status":"publish","type":"post","link":"https:\/\/www.musikzeitung.ch\/it\/news\/2024\/04\/fritz-gerber-award-geht-an-bognar-morais-fernandes-und-villar-martin","title":{"rendered":"Il premio Fritz Gerber va a Bogn\u00e1r, Morais Fernandes e Villar Mart\u00edn"},"content":{"rendered":"<figure id=\"attachment_54040\" aria-describedby=\"caption-attachment-54040\" style=\"width: 768px\" class=\"wp-caption alignnone\"><img loading=\"lazy\" decoding=\"async\" class=\"size-large wp-image-54040\" src=\"https:\/\/www.musikzeitung.ch\/wp-content\/uploads\/2024\/04\/240422fga-1024x576.jpg\" alt=\"\" width=\"768\" height=\"432\" srcset=\"https:\/\/www.musikzeitung.ch\/wp-content\/uploads\/2024\/04\/240422fga-1024x576.jpg 1024w, https:\/\/www.musikzeitung.ch\/wp-content\/uploads\/2024\/04\/240422fga-300x169.jpg 300w, https:\/\/www.musikzeitung.ch\/wp-content\/uploads\/2024\/04\/240422fga-768x432.jpg 768w, https:\/\/www.musikzeitung.ch\/wp-content\/uploads\/2024\/04\/240422fga-311x175.jpg 311w, https:\/\/www.musikzeitung.ch\/wp-content\/uploads\/2024\/04\/240422fga-622x350.jpg 622w, https:\/\/www.musikzeitung.ch\/wp-content\/uploads\/2024\/04\/240422fga-920x518.jpg 920w, https:\/\/www.musikzeitung.ch\/wp-content\/uploads\/2024\/04\/240422fga.jpg 1080w\" sizes=\"auto, (max-width: 768px) 100vw, 768px\" \/><figcaption id=\"caption-attachment-54040\" class=\"wp-caption-text\">(Foto: Itsasne Alzola, Arcos Cano, Reza Kaviani)<\/figcaption><\/figure>\n<p>Phoebe Bogn\u00e1r, nata in Australia nel 1997, ha studiato, tra l'altro, alla Hochschule f\u00fcr Musik Basel e all'International Ensemble Modern Academy (IEMA). La sua pratica musicale \u00e8 caratterizzata da una variet\u00e0 di generi, forme d'arte e discipline, tra cui la gestualit\u00e0, la voce, vari flauti, il teatro e l'elettronica.<\/p>\n<p>Santiago Villar Mart\u00edn \u00e8 nato in Spagna nel 1998. Ha studiato all'Universit\u00e0 di Musica Frederyk Chopin di Varsavia e attualmente studia alla Hochschule f\u00fcr Musik di Basilea. Villar Mart\u00edn si \u00e8 gi\u00e0 esibito con ensemble come lo Studio Musik Fabrik e la Basel Sinfonietta. \u00c8 inoltre cofondatore dell'ensemble sperimentale ICE 3 e dell'ensemble Ex-Sentia.<\/p>\n<p>Nato in Portogallo nel 1999, Francisco Morais Fernandes sta attualmente completando il suo master presso l'Universit\u00e0 delle Arti di Berna (HKB). Ha frequentato masterclass con Katia Veekmans e Piotr Anderszewski, tra gli altri. Morais Fernandes \u00e8 attivo come solista, musicista d'ensemble e orchestrale, oltre che come direttore d'orchestra.<\/p>\n<p>Lanciato nel 2015, il <a href=\"https:\/\/www.lucernefestival.ch\/de\/lucerne-festival-academy\/fritz-gerber-award\" target=\"_blank\" rel=\"noopener\">Premio Fritz Gerber<\/a> viene assegnato tre volte all'anno. Il premio in denaro ammonta a 10.000 franchi svizzeri ciascuno e consente anche la partecipazione alla Lucerne Festival Academy per un importo di 10.000 franchi svizzeri ciascuno. I candidati devono avere la cittadinanza svizzera o vivere in Svizzera da almeno tre anni. Il concorso \u00e8 organizzato dalla Lucerne Festival Academy. La giuria \u00e8 composta da Michael Haefliger, direttore del Lucerne Festival, e dal compositore e direttore d'orchestra Heinz Holliger.<\/p>","protected":false},"excerpt":{"rendered":"<p>Il Premio Fritz Gerber di quest'anno, istituito dalla Fondazione Fritz Gerber e dal Festival di Lucerna, premia la flautista Phoebe Bogn\u00e1r, il pianista Francisco Morais Fernandes e il percussionista Santiago Villar Mart\u00edn.<\/p>","protected":false},"author":30,"featured_media":54040,"comment_status":"closed","ping_status":"closed","sticky":false,"template":"","format":"standard","meta":{"_acf_changed":false,"_relevanssi_hide_post":"","_relevanssi_hide_content":"","_relevanssi_pin_for_all":"","_relevanssi_pin_keywords":"","_relevanssi_unpin_keywords":"","_relevanssi_related_keywords":"","_relevanssi_related_include_ids":"","_relevanssi_related_exclude_ids":"","_relevanssi_related_no_append":"","_relevanssi_related_not_related":"","_relevanssi_related_posts":"","_relevanssi_noindex_reason":"","pgc_sgb_lightbox_settings":"","footnotes":""},"categories":[27],"tags":[3924,2317,3922,3923],"class_list":["post-54039","post","type-post","status-publish","format-standard","has-post-thumbnail","hentry","category-news","tag-francisco-morais-fernandes","tag-fritz-gerber-award","tag-phoebe-bognar","tag-santiago-villar-martin"],"acf":[],"yoast_head":"<!-- This site is optimized with the Yoast SEO plugin v27.4 - https:\/\/yoast.com\/product\/yoast-seo-wordpress\/ -->\n<title>Fritz-Gerber-Award geht an Bogn\u00e1r, Morais Fernandes und Villar Mart\u00edn - Schweizer Musikzeitung<\/title>\n<meta name=\"description\" content=\"Die Fl\u00f6tistin Phoebe Bogn\u00e1r, der Pianist Francisco Morais Fernandes und der Schlagzeuger Santiago Villar Mart\u00edn erhielten den Fritz-Gerber-Award.\" \/>\n<meta name=\"robots\" content=\"index, follow, max-snippet:-1, max-image-preview:large, max-video-preview:-1\" \/>\n<link rel=\"canonical\" href=\"https:\/\/www.musikzeitung.ch\/it\/news\/2024\/04\/fritz-gerber-award-geht-an-bognar-morais-fernandes-und-villar-martin\/\" \/>\n<meta property=\"og:locale\" content=\"it_IT\" \/>\n<meta property=\"og:type\" content=\"article\" \/>\n<meta property=\"og:title\" content=\"Fritz-Gerber-Award geht an Bogn\u00e1r, Morais Fernandes und Villar Mart\u00edn - Schweizer Musikzeitung\" \/>\n<meta property=\"og:description\" content=\"Die Fl\u00f6tistin Phoebe Bogn\u00e1r, der Pianist Francisco Morais Fernandes und der Schlagzeuger Santiago Villar Mart\u00edn erhielten den Fritz-Gerber-Award.\" \/>\n<meta property=\"og:url\" content=\"https:\/\/www.musikzeitung.ch\/it\/news\/2024\/04\/fritz-gerber-award-geht-an-bognar-morais-fernandes-und-villar-martin\/\" \/>\n<meta property=\"og:site_name\" content=\"Schweizer Musikzeitung\" \/>\n<meta property=\"article:publisher\" content=\"https:\/\/www.facebook.com\/SchweizerMusikzeitung\/\" \/>\n<meta property=\"article:author\" content=\"https:\/\/www.facebook.com\/wolfgang.bohler.75\" \/>\n<meta property=\"article:published_time\" content=\"2024-04-22T03:58:36+00:00\" \/>\n<meta property=\"article:modified_time\" content=\"2024-04-22T13:48:02+00:00\" \/>\n<meta property=\"og:image\" content=\"https:\/\/www.musikzeitung.ch\/wp-content\/uploads\/2024\/04\/240422fga.jpg\" \/>\n\t<meta property=\"og:image:width\" content=\"1080\" \/>\n\t<meta property=\"og:image:height\" content=\"608\" \/>\n\t<meta property=\"og:image:type\" content=\"image\/jpeg\" \/>\n<meta name=\"author\" content=\"Wolfgang B\u00f6hler\" \/>\n<meta name=\"twitter:card\" content=\"summary_large_image\" \/>\n<meta name=\"twitter:creator\" content=\"@smusikzeitung\" \/>\n<meta name=\"twitter:site\" content=\"@smusikzeitung\" \/>\n<meta name=\"twitter:label1\" content=\"Scritto da\" \/>\n\t<meta name=\"twitter:data1\" content=\"Wolfgang B\u00f6hler\" \/>\n\t<meta name=\"twitter:label2\" content=\"Tempo di lettura stimato\" \/>\n\t<meta name=\"twitter:data2\" content=\"2 minuti\" \/>\n<script type=\"application\/ld+json\" class=\"yoast-schema-graph\">{\"@context\":\"https:\\\/\\\/schema.org\",\"@graph\":[{\"@type\":\"Article\",\"@id\":\"https:\\\/\\\/www.musikzeitung.ch\\\/news\\\/2024\\\/04\\\/fritz-gerber-award-geht-an-bognar-morais-fernandes-und-villar-martin#article\",\"isPartOf\":{\"@id\":\"https:\\\/\\\/www.musikzeitung.ch\\\/news\\\/2024\\\/04\\\/fritz-gerber-award-geht-an-bognar-morais-fernandes-und-villar-martin\"},\"author\":{\"name\":\"Wolfgang B\u00f6hler\",\"@id\":\"https:\\\/\\\/www.musikzeitung.ch\\\/#\\\/schema\\\/person\\\/0da4fb82d243f1252850a35d0e87cf0c\"},\"headline\":\"Fritz-Gerber-Award geht an Bogn\u00e1r, Morais Fernandes und Villar Mart\u00edn\",\"datePublished\":\"2024-04-22T03:58:36+00:00\",\"dateModified\":\"2024-04-22T13:48:02+00:00\",\"mainEntityOfPage\":{\"@id\":\"https:\\\/\\\/www.musikzeitung.ch\\\/news\\\/2024\\\/04\\\/fritz-gerber-award-geht-an-bognar-morais-fernandes-und-villar-martin\"},\"wordCount\":255,\"publisher\":{\"@id\":\"https:\\\/\\\/www.musikzeitung.ch\\\/#organization\"},\"image\":{\"@id\":\"https:\\\/\\\/www.musikzeitung.ch\\\/news\\\/2024\\\/04\\\/fritz-gerber-award-geht-an-bognar-morais-fernandes-und-villar-martin#primaryimage\"},\"thumbnailUrl\":\"https:\\\/\\\/www.musikzeitung.ch\\\/wp-content\\\/uploads\\\/2024\\\/04\\\/240422fga.jpg\",\"keywords\":[\"Francisco Morais Fernandes\",\"Fritz-Gerber-Award\",\"Phoebe Bogn\u00e1r\",\"Santiago Villar Mart\u00edn\"],\"articleSection\":[\"News\"],\"inLanguage\":\"it-IT\"},{\"@type\":\"WebPage\",\"@id\":\"https:\\\/\\\/www.musikzeitung.ch\\\/news\\\/2024\\\/04\\\/fritz-gerber-award-geht-an-bognar-morais-fernandes-und-villar-martin\",\"url\":\"https:\\\/\\\/www.musikzeitung.ch\\\/news\\\/2024\\\/04\\\/fritz-gerber-award-geht-an-bognar-morais-fernandes-und-villar-martin\",\"name\":\"Fritz-Gerber-Award geht an Bogn\u00e1r, Morais Fernandes und Villar Mart\u00edn - Schweizer Musikzeitung\",\"isPartOf\":{\"@id\":\"https:\\\/\\\/www.musikzeitung.ch\\\/#website\"},\"primaryImageOfPage\":{\"@id\":\"https:\\\/\\\/www.musikzeitung.ch\\\/news\\\/2024\\\/04\\\/fritz-gerber-award-geht-an-bognar-morais-fernandes-und-villar-martin#primaryimage\"},\"image\":{\"@id\":\"https:\\\/\\\/www.musikzeitung.ch\\\/news\\\/2024\\\/04\\\/fritz-gerber-award-geht-an-bognar-morais-fernandes-und-villar-martin#primaryimage\"},\"thumbnailUrl\":\"https:\\\/\\\/www.musikzeitung.ch\\\/wp-content\\\/uploads\\\/2024\\\/04\\\/240422fga.jpg\",\"datePublished\":\"2024-04-22T03:58:36+00:00\",\"dateModified\":\"2024-04-22T13:48:02+00:00\",\"description\":\"Die Fl\u00f6tistin Phoebe Bogn\u00e1r, der Pianist Francisco Morais Fernandes und der Schlagzeuger Santiago Villar Mart\u00edn erhielten den Fritz-Gerber-Award.\",\"breadcrumb\":{\"@id\":\"https:\\\/\\\/www.musikzeitung.ch\\\/news\\\/2024\\\/04\\\/fritz-gerber-award-geht-an-bognar-morais-fernandes-und-villar-martin#breadcrumb\"},\"inLanguage\":\"it-IT\",\"potentialAction\":[{\"@type\":\"ReadAction\",\"target\":[\"https:\\\/\\\/www.musikzeitung.ch\\\/news\\\/2024\\\/04\\\/fritz-gerber-award-geht-an-bognar-morais-fernandes-und-villar-martin\"]}]},{\"@type\":\"ImageObject\",\"inLanguage\":\"it-IT\",\"@id\":\"https:\\\/\\\/www.musikzeitung.ch\\\/news\\\/2024\\\/04\\\/fritz-gerber-award-geht-an-bognar-morais-fernandes-und-villar-martin#primaryimage\",\"url\":\"https:\\\/\\\/www.musikzeitung.ch\\\/wp-content\\\/uploads\\\/2024\\\/04\\\/240422fga.jpg\",\"contentUrl\":\"https:\\\/\\\/www.musikzeitung.ch\\\/wp-content\\\/uploads\\\/2024\\\/04\\\/240422fga.jpg\",\"width\":1080,\"height\":608,\"caption\":\"(Bilder: Itsasne Alzola, Arcos Cano, Reza Kaviani)\"},{\"@type\":\"BreadcrumbList\",\"@id\":\"https:\\\/\\\/www.musikzeitung.ch\\\/news\\\/2024\\\/04\\\/fritz-gerber-award-geht-an-bognar-morais-fernandes-und-villar-martin#breadcrumb\",\"itemListElement\":[{\"@type\":\"ListItem\",\"position\":1,\"name\":\"Home\",\"item\":\"https:\\\/\\\/www.musikzeitung.ch\\\/\"},{\"@type\":\"ListItem\",\"position\":2,\"name\":\"Fritz-Gerber-Award geht an Bogn\u00e1r, Morais Fernandes und Villar Mart\u00edn\"}]},{\"@type\":\"WebSite\",\"@id\":\"https:\\\/\\\/www.musikzeitung.ch\\\/#website\",\"url\":\"https:\\\/\\\/www.musikzeitung.ch\\\/\",\"name\":\"Schweizer Musikzeitung\",\"description\":\"Die f\u00fchrende sparten\u00fcbergreifende Monatszeitung in der Schweiz f\u00fcr musikalische Fragen.\",\"publisher\":{\"@id\":\"https:\\\/\\\/www.musikzeitung.ch\\\/#organization\"},\"potentialAction\":[{\"@type\":\"SearchAction\",\"target\":{\"@type\":\"EntryPoint\",\"urlTemplate\":\"https:\\\/\\\/www.musikzeitung.ch\\\/?s={search_term_string}\"},\"query-input\":{\"@type\":\"PropertyValueSpecification\",\"valueRequired\":true,\"valueName\":\"search_term_string\"}}],\"inLanguage\":\"it-IT\"},{\"@type\":\"Organization\",\"@id\":\"https:\\\/\\\/www.musikzeitung.ch\\\/#organization\",\"name\":\"Schweizer Musikzeitung\",\"url\":\"https:\\\/\\\/www.musikzeitung.ch\\\/\",\"logo\":{\"@type\":\"ImageObject\",\"inLanguage\":\"it-IT\",\"@id\":\"https:\\\/\\\/www.musikzeitung.ch\\\/#\\\/schema\\\/logo\\\/image\\\/\",\"url\":\"https:\\\/\\\/www.musikzeitung.ch\\\/wp-content\\\/uploads\\\/2023\\\/01\\\/SMZ_Schriftzug_Sprache.png\",\"contentUrl\":\"https:\\\/\\\/www.musikzeitung.ch\\\/wp-content\\\/uploads\\\/2023\\\/01\\\/SMZ_Schriftzug_Sprache.png\",\"width\":1400,\"height\":279,\"caption\":\"Schweizer Musikzeitung\"},\"image\":{\"@id\":\"https:\\\/\\\/www.musikzeitung.ch\\\/#\\\/schema\\\/logo\\\/image\\\/\"},\"sameAs\":[\"https:\\\/\\\/www.facebook.com\\\/SchweizerMusikzeitung\\\/\",\"https:\\\/\\\/x.com\\\/smusikzeitung\",\"https:\\\/\\\/www.instagram.com\\\/musikzeitung.ch\\\/\"]},{\"@type\":\"Person\",\"@id\":\"https:\\\/\\\/www.musikzeitung.ch\\\/#\\\/schema\\\/person\\\/0da4fb82d243f1252850a35d0e87cf0c\",\"name\":\"Wolfgang B\u00f6hler\",\"image\":{\"@type\":\"ImageObject\",\"inLanguage\":\"it-IT\",\"@id\":\"https:\\\/\\\/www.musikzeitung.ch\\\/wp-content\\\/uploads\\\/2023\\\/01\\\/boehler_portraet_web-e1674139782246-96x96.jpg\",\"url\":\"https:\\\/\\\/www.musikzeitung.ch\\\/wp-content\\\/uploads\\\/2023\\\/01\\\/boehler_portraet_web-e1674139782246-96x96.jpg\",\"contentUrl\":\"https:\\\/\\\/www.musikzeitung.ch\\\/wp-content\\\/uploads\\\/2023\\\/01\\\/boehler_portraet_web-e1674139782246-96x96.jpg\",\"caption\":\"Wolfgang B\u00f6hler\"},\"sameAs\":[\"http:\\\/\\\/www.manacanto.ch\",\"https:\\\/\\\/www.facebook.com\\\/wolfgang.bohler.75\"],\"url\":\"https:\\\/\\\/www.musikzeitung.ch\\\/it\\\/author\\\/wolfgang-boehler\"}]}<\/script>\n<!-- \/ Yoast SEO plugin. -->","yoast_head_json":{"title":"Il premio Fritz Gerber va a Bogn\u00e1r, Morais Fernandes e Villar Mart\u00edn - Schweizer Musikzeitung","description":"La flautista Phoebe Bogn\u00e1r, il pianista Francisco Morais Fernandes e il percussionista Santiago Villar Mart\u00edn hanno ricevuto il premio Fritz Gerber.","robots":{"index":"index","follow":"follow","max-snippet":"max-snippet:-1","max-image-preview":"max-image-preview:large","max-video-preview":"max-video-preview:-1"},"canonical":"https:\/\/www.musikzeitung.ch\/it\/news\/2024\/04\/fritz-gerber-award-geht-an-bognar-morais-fernandes-und-villar-martin\/","og_locale":"it_IT","og_type":"article","og_title":"Fritz-Gerber-Award geht an Bogn\u00e1r, Morais Fernandes und Villar Mart\u00edn - Schweizer Musikzeitung","og_description":"Die Fl\u00f6tistin Phoebe Bogn\u00e1r, der Pianist Francisco Morais Fernandes und der Schlagzeuger Santiago Villar Mart\u00edn erhielten den Fritz-Gerber-Award.","og_url":"https:\/\/www.musikzeitung.ch\/it\/news\/2024\/04\/fritz-gerber-award-geht-an-bognar-morais-fernandes-und-villar-martin\/","og_site_name":"Schweizer Musikzeitung","article_publisher":"https:\/\/www.facebook.com\/SchweizerMusikzeitung\/","article_author":"https:\/\/www.facebook.com\/wolfgang.bohler.75","article_published_time":"2024-04-22T03:58:36+00:00","article_modified_time":"2024-04-22T13:48:02+00:00","og_image":[{"width":1080,"height":608,"url":"https:\/\/www.musikzeitung.ch\/wp-content\/uploads\/2024\/04\/240422fga.jpg","type":"image\/jpeg"}],"author":"Wolfgang B\u00f6hler","twitter_card":"summary_large_image","twitter_creator":"@smusikzeitung","twitter_site":"@smusikzeitung","twitter_misc":{"Scritto da":"Wolfgang B\u00f6hler","Tempo di lettura stimato":"2 minuti"},"schema":{"@context":"https:\/\/schema.org","@graph":[{"@type":"Article","@id":"https:\/\/www.musikzeitung.ch\/news\/2024\/04\/fritz-gerber-award-geht-an-bognar-morais-fernandes-und-villar-martin#article","isPartOf":{"@id":"https:\/\/www.musikzeitung.ch\/news\/2024\/04\/fritz-gerber-award-geht-an-bognar-morais-fernandes-und-villar-martin"},"author":{"name":"Wolfgang B\u00f6hler","@id":"https:\/\/www.musikzeitung.ch\/#\/schema\/person\/0da4fb82d243f1252850a35d0e87cf0c"},"headline":"Fritz-Gerber-Award geht an Bogn\u00e1r, Morais Fernandes und Villar Mart\u00edn","datePublished":"2024-04-22T03:58:36+00:00","dateModified":"2024-04-22T13:48:02+00:00","mainEntityOfPage":{"@id":"https:\/\/www.musikzeitung.ch\/news\/2024\/04\/fritz-gerber-award-geht-an-bognar-morais-fernandes-und-villar-martin"},"wordCount":255,"publisher":{"@id":"https:\/\/www.musikzeitung.ch\/#organization"},"image":{"@id":"https:\/\/www.musikzeitung.ch\/news\/2024\/04\/fritz-gerber-award-geht-an-bognar-morais-fernandes-und-villar-martin#primaryimage"},"thumbnailUrl":"https:\/\/www.musikzeitung.ch\/wp-content\/uploads\/2024\/04\/240422fga.jpg","keywords":["Francisco Morais Fernandes","Fritz-Gerber-Award","Phoebe Bogn\u00e1r","Santiago Villar Mart\u00edn"],"articleSection":["News"],"inLanguage":"it-IT"},{"@type":"WebPage","@id":"https:\/\/www.musikzeitung.ch\/news\/2024\/04\/fritz-gerber-award-geht-an-bognar-morais-fernandes-und-villar-martin","url":"https:\/\/www.musikzeitung.ch\/news\/2024\/04\/fritz-gerber-award-geht-an-bognar-morais-fernandes-und-villar-martin","name":"Il premio Fritz Gerber va a Bogn\u00e1r, Morais Fernandes e Villar Mart\u00edn - Schweizer Musikzeitung","isPartOf":{"@id":"https:\/\/www.musikzeitung.ch\/#website"},"primaryImageOfPage":{"@id":"https:\/\/www.musikzeitung.ch\/news\/2024\/04\/fritz-gerber-award-geht-an-bognar-morais-fernandes-und-villar-martin#primaryimage"},"image":{"@id":"https:\/\/www.musikzeitung.ch\/news\/2024\/04\/fritz-gerber-award-geht-an-bognar-morais-fernandes-und-villar-martin#primaryimage"},"thumbnailUrl":"https:\/\/www.musikzeitung.ch\/wp-content\/uploads\/2024\/04\/240422fga.jpg","datePublished":"2024-04-22T03:58:36+00:00","dateModified":"2024-04-22T13:48:02+00:00","description":"La flautista Phoebe Bogn\u00e1r, il pianista Francisco Morais Fernandes e il percussionista Santiago Villar Mart\u00edn hanno ricevuto il premio Fritz Gerber.","breadcrumb":{"@id":"https:\/\/www.musikzeitung.ch\/news\/2024\/04\/fritz-gerber-award-geht-an-bognar-morais-fernandes-und-villar-martin#breadcrumb"},"inLanguage":"it-IT","potentialAction":[{"@type":"ReadAction","target":["https:\/\/www.musikzeitung.ch\/news\/2024\/04\/fritz-gerber-award-geht-an-bognar-morais-fernandes-und-villar-martin"]}]},{"@type":"ImageObject","inLanguage":"it-IT","@id":"https:\/\/www.musikzeitung.ch\/news\/2024\/04\/fritz-gerber-award-geht-an-bognar-morais-fernandes-und-villar-martin#primaryimage","url":"https:\/\/www.musikzeitung.ch\/wp-content\/uploads\/2024\/04\/240422fga.jpg","contentUrl":"https:\/\/www.musikzeitung.ch\/wp-content\/uploads\/2024\/04\/240422fga.jpg","width":1080,"height":608,"caption":"(Bilder: Itsasne Alzola, Arcos Cano, Reza Kaviani)"},{"@type":"BreadcrumbList","@id":"https:\/\/www.musikzeitung.ch\/news\/2024\/04\/fritz-gerber-award-geht-an-bognar-morais-fernandes-und-villar-martin#breadcrumb","itemListElement":[{"@type":"ListItem","position":1,"name":"Home","item":"https:\/\/www.musikzeitung.ch\/"},{"@type":"ListItem","position":2,"name":"Fritz-Gerber-Award geht an Bogn\u00e1r, Morais Fernandes und Villar Mart\u00edn"}]},{"@type":"WebSite","@id":"https:\/\/www.musikzeitung.ch\/#website","url":"https:\/\/www.musikzeitung.ch\/","name":"Giornale musicale svizzero","description":"Il principale mensile interdisciplinare della Svizzera per le questioni musicali.","publisher":{"@id":"https:\/\/www.musikzeitung.ch\/#organization"},"potentialAction":[{"@type":"SearchAction","target":{"@type":"EntryPoint","urlTemplate":"https:\/\/www.musikzeitung.ch\/?s={search_term_string}"},"query-input":{"@type":"PropertyValueSpecification","valueRequired":true,"valueName":"search_term_string"}}],"inLanguage":"it-IT"},{"@type":"Organization","@id":"https:\/\/www.musikzeitung.ch\/#organization","name":"Giornale musicale svizzero","url":"https:\/\/www.musikzeitung.ch\/","logo":{"@type":"ImageObject","inLanguage":"it-IT","@id":"https:\/\/www.musikzeitung.ch\/#\/schema\/logo\/image\/","url":"https:\/\/www.musikzeitung.ch\/wp-content\/uploads\/2023\/01\/SMZ_Schriftzug_Sprache.png","contentUrl":"https:\/\/www.musikzeitung.ch\/wp-content\/uploads\/2023\/01\/SMZ_Schriftzug_Sprache.png","width":1400,"height":279,"caption":"Schweizer Musikzeitung"},"image":{"@id":"https:\/\/www.musikzeitung.ch\/#\/schema\/logo\/image\/"},"sameAs":["https:\/\/www.facebook.com\/SchweizerMusikzeitung\/","https:\/\/x.com\/smusikzeitung","https:\/\/www.instagram.com\/musikzeitung.ch\/"]},{"@type":"Person","@id":"https:\/\/www.musikzeitung.ch\/#\/schema\/person\/0da4fb82d243f1252850a35d0e87cf0c","name":"Wolfgang B\u00f6hler","image":{"@type":"ImageObject","inLanguage":"it-IT","@id":"https:\/\/www.musikzeitung.ch\/wp-content\/uploads\/2023\/01\/boehler_portraet_web-e1674139782246-96x96.jpg","url":"https:\/\/www.musikzeitung.ch\/wp-content\/uploads\/2023\/01\/boehler_portraet_web-e1674139782246-96x96.jpg","contentUrl":"https:\/\/www.musikzeitung.ch\/wp-content\/uploads\/2023\/01\/boehler_portraet_web-e1674139782246-96x96.jpg","caption":"Wolfgang B\u00f6hler"},"sameAs":["http:\/\/www.manacanto.ch","https:\/\/www.facebook.com\/wolfgang.bohler.75"],"url":"https:\/\/www.musikzeitung.ch\/it\/author\/wolfgang-boehler"}]}},"publishpress_future_workflow_manual_trigger":{"enabledWorkflows":[]},"_links":{"self":[{"href":"https:\/\/www.musikzeitung.ch\/it\/wp-json\/wp\/v2\/posts\/54039","targetHints":{"allow":["GET"]}}],"collection":[{"href":"https:\/\/www.musikzeitung.ch\/it\/wp-json\/wp\/v2\/posts"}],"about":[{"href":"https:\/\/www.musikzeitung.ch\/it\/wp-json\/wp\/v2\/types\/post"}],"author":[{"embeddable":true,"href":"https:\/\/www.musikzeitung.ch\/it\/wp-json\/wp\/v2\/users\/30"}],"replies":[{"embeddable":true,"href":"https:\/\/www.musikzeitung.ch\/it\/wp-json\/wp\/v2\/comments?post=54039"}],"version-history":[{"count":5,"href":"https:\/\/www.musikzeitung.ch\/it\/wp-json\/wp\/v2\/posts\/54039\/revisions"}],"predecessor-version":[{"id":54059,"href":"https:\/\/www.musikzeitung.ch\/it\/wp-json\/wp\/v2\/posts\/54039\/revisions\/54059"}],"wp:featuredmedia":[{"embeddable":true,"href":"https:\/\/www.musikzeitung.ch\/it\/wp-json\/wp\/v2\/media\/54040"}],"wp:attachment":[{"href":"https:\/\/www.musikzeitung.ch\/it\/wp-json\/wp\/v2\/media?parent=54039"}],"wp:term":[{"taxonomy":"category","embeddable":true,"href":"https:\/\/www.musikzeitung.ch\/it\/wp-json\/wp\/v2\/categories?post=54039"},{"taxonomy":"post_tag","embeddable":true,"href":"https:\/\/www.musikzeitung.ch\/it\/wp-json\/wp\/v2\/tags?post=54039"}],"curies":[{"name":"wp","href":"https:\/\/api.w.org\/{rel}","templated":true}]}}