{"id":54081,"date":"2024-04-23T10:22:46","date_gmt":"2024-04-23T08:22:46","guid":{"rendered":"https:\/\/www.musikzeitung.ch\/?p=54081"},"modified":"2024-04-23T11:29:16","modified_gmt":"2024-04-23T09:29:16","slug":"nationaler-kulturdialog-definiert-kuenstlerloehne","status":"publish","type":"post","link":"https:\/\/www.musikzeitung.ch\/it\/news\/2024\/04\/nationaler-kulturdialog-definiert-kuenstlerloehne","title":{"rendered":"Il dialogo culturale nazionale definisce i salari degli artisti"},"content":{"rendered":"<p><img loading=\"lazy\" decoding=\"async\" class=\"alignnone size-full wp-image-49890\" src=\"https:\/\/www.musikzeitung.ch\/wp-content\/uploads\/2023\/11\/Bundeshaus.jpg\" alt=\"\" width=\"906\" height=\"675\" srcset=\"https:\/\/www.musikzeitung.ch\/wp-content\/uploads\/2023\/11\/Bundeshaus.jpg 906w, https:\/\/www.musikzeitung.ch\/wp-content\/uploads\/2023\/11\/Bundeshaus-300x224.jpg 300w, https:\/\/www.musikzeitung.ch\/wp-content\/uploads\/2023\/11\/Bundeshaus-768x572.jpg 768w, https:\/\/www.musikzeitung.ch\/wp-content\/uploads\/2023\/11\/Bundeshaus-235x175.jpg 235w, https:\/\/www.musikzeitung.ch\/wp-content\/uploads\/2023\/11\/Bundeshaus-470x350.jpg 470w\" sizes=\"auto, (max-width: 906px) 100vw, 906px\" \/><\/p>\n<p>Da un lato, le raccomandazioni per gli enti finanziatori mirano a prendere in considerazione le tariffe guida esistenti nella valutazione delle richieste di finanziamento e ad applicarle a tutte le fasi della creazione culturale. In secondo luogo, le organizzazioni professionali dovrebbero fornire informazioni sui compensi adeguati per gli artisti creativi e aumentare il lavoro di sensibilizzazione.<\/p>\n<p>Nel 2021, il Dialogo culturale nazionale ha istituito un gruppo di lavoro sul tema \"Compensi per gli artisti\". L'obiettivo era quello di sviluppare una prassi coerente per il compenso degli artisti da parte di comuni, citt\u00e0, cantoni e governo federale che tenesse conto degli interessi degli artisti e del loro diritto a un compenso adeguato.<\/p>\n<p><a href=\"https:\/\/www.bak.admin.ch\/dam\/bak\/de\/dokumente\/kulturfoerderung-tanz\/publikationen\/empfehlungen-is-angemessene-entschaedigung-der-kulturschaffenden.pdf.download.pdf\/3.1_Empfehlungen%20iS%20Angemessene%20Entsch%C3%A4digung%20der%20Kulturschaffenden_d.pdf\" target=\"_blank\" rel=\"noopener\">Link alle raccomandazioni<\/a><\/p>","protected":false},"excerpt":{"rendered":"<p>Il Dialogo culturale nazionale ha adottato raccomandazioni e buone pratiche per un'adeguata remunerazione dei professionisti della cultura. <\/p>","protected":false},"author":30,"featured_media":49890,"comment_status":"closed","ping_status":"closed","sticky":false,"template":"","format":"standard","meta":{"_acf_changed":false,"_relevanssi_hide_post":"","_relevanssi_hide_content":"","_relevanssi_pin_for_all":"","_relevanssi_pin_keywords":"","_relevanssi_unpin_keywords":"","_relevanssi_related_keywords":"","_relevanssi_related_include_ids":"","_relevanssi_related_exclude_ids":"","_relevanssi_related_no_append":"","_relevanssi_related_not_related":"","_relevanssi_related_posts":"","_relevanssi_noindex_reason":"","pgc_sgb_lightbox_settings":"","footnotes":""},"categories":[27],"tags":[3926,3925],"class_list":["post-54081","post","type-post","status-publish","format-standard","has-post-thumbnail","hentry","category-news","tag-entschaedigungen","tag-nationaler-kulturdialog"],"acf":[],"yoast_head":"<!-- This site is optimized with the Yoast SEO plugin v27.4 - https:\/\/yoast.com\/product\/yoast-seo-wordpress\/ -->\n<title>Nationaler Kulturdialog definiert K\u00fcnstlerl\u00f6hne - Schweizer Musikzeitung<\/title>\n<meta name=\"description\" content=\"Der Nationale Kulturdialog hat Empfehlungen und Good Practices zur angemessenen Entsch\u00e4digung der Kulturschaffenden verabschiedet.\" \/>\n<meta name=\"robots\" content=\"index, follow, max-snippet:-1, max-image-preview:large, max-video-preview:-1\" \/>\n<link rel=\"canonical\" href=\"https:\/\/www.musikzeitung.ch\/it\/news\/2024\/04\/nationaler-kulturdialog-definiert-kuenstlerloehne\/\" \/>\n<meta property=\"og:locale\" content=\"it_IT\" \/>\n<meta property=\"og:type\" content=\"article\" \/>\n<meta property=\"og:title\" content=\"Nationaler Kulturdialog definiert K\u00fcnstlerl\u00f6hne - Schweizer Musikzeitung\" \/>\n<meta property=\"og:description\" content=\"Der Nationale Kulturdialog hat Empfehlungen und Good Practices zur angemessenen Entsch\u00e4digung der Kulturschaffenden verabschiedet.\" \/>\n<meta property=\"og:url\" content=\"https:\/\/www.musikzeitung.ch\/it\/news\/2024\/04\/nationaler-kulturdialog-definiert-kuenstlerloehne\/\" \/>\n<meta property=\"og:site_name\" content=\"Schweizer Musikzeitung\" \/>\n<meta property=\"article:publisher\" content=\"https:\/\/www.facebook.com\/SchweizerMusikzeitung\/\" \/>\n<meta property=\"article:author\" content=\"https:\/\/www.facebook.com\/wolfgang.bohler.75\" \/>\n<meta property=\"article:published_time\" content=\"2024-04-23T08:22:46+00:00\" \/>\n<meta property=\"article:modified_time\" content=\"2024-04-23T09:29:16+00:00\" \/>\n<meta property=\"og:image\" content=\"https:\/\/www.musikzeitung.ch\/wp-content\/uploads\/2023\/11\/Bundeshaus.jpg\" \/>\n\t<meta property=\"og:image:width\" content=\"906\" \/>\n\t<meta property=\"og:image:height\" content=\"675\" \/>\n\t<meta property=\"og:image:type\" content=\"image\/jpeg\" \/>\n<meta name=\"author\" content=\"Wolfgang B\u00f6hler\" \/>\n<meta name=\"twitter:card\" content=\"summary_large_image\" \/>\n<meta name=\"twitter:creator\" content=\"@smusikzeitung\" \/>\n<meta name=\"twitter:site\" content=\"@smusikzeitung\" \/>\n<meta name=\"twitter:label1\" content=\"Scritto da\" \/>\n\t<meta name=\"twitter:data1\" content=\"Wolfgang B\u00f6hler\" \/>\n\t<meta name=\"twitter:label2\" content=\"Tempo di lettura stimato\" \/>\n\t<meta name=\"twitter:data2\" content=\"1 minuto\" \/>\n<script type=\"application\/ld+json\" class=\"yoast-schema-graph\">{\"@context\":\"https:\\\/\\\/schema.org\",\"@graph\":[{\"@type\":\"Article\",\"@id\":\"https:\\\/\\\/www.musikzeitung.ch\\\/news\\\/2024\\\/04\\\/nationaler-kulturdialog-definiert-kuenstlerloehne#article\",\"isPartOf\":{\"@id\":\"https:\\\/\\\/www.musikzeitung.ch\\\/news\\\/2024\\\/04\\\/nationaler-kulturdialog-definiert-kuenstlerloehne\"},\"author\":{\"name\":\"Wolfgang B\u00f6hler\",\"@id\":\"https:\\\/\\\/www.musikzeitung.ch\\\/#\\\/schema\\\/person\\\/0da4fb82d243f1252850a35d0e87cf0c\"},\"headline\":\"Nationaler Kulturdialog definiert K\u00fcnstlerl\u00f6hne\",\"datePublished\":\"2024-04-23T08:22:46+00:00\",\"dateModified\":\"2024-04-23T09:29:16+00:00\",\"mainEntityOfPage\":{\"@id\":\"https:\\\/\\\/www.musikzeitung.ch\\\/news\\\/2024\\\/04\\\/nationaler-kulturdialog-definiert-kuenstlerloehne\"},\"wordCount\":121,\"publisher\":{\"@id\":\"https:\\\/\\\/www.musikzeitung.ch\\\/#organization\"},\"image\":{\"@id\":\"https:\\\/\\\/www.musikzeitung.ch\\\/news\\\/2024\\\/04\\\/nationaler-kulturdialog-definiert-kuenstlerloehne#primaryimage\"},\"thumbnailUrl\":\"https:\\\/\\\/www.musikzeitung.ch\\\/wp-content\\\/uploads\\\/2023\\\/11\\\/Bundeshaus.jpg\",\"keywords\":[\"Entsch\u00e4digungen\",\"Nationaler Kulturdialog\"],\"articleSection\":[\"News\"],\"inLanguage\":\"it-IT\"},{\"@type\":\"WebPage\",\"@id\":\"https:\\\/\\\/www.musikzeitung.ch\\\/news\\\/2024\\\/04\\\/nationaler-kulturdialog-definiert-kuenstlerloehne\",\"url\":\"https:\\\/\\\/www.musikzeitung.ch\\\/news\\\/2024\\\/04\\\/nationaler-kulturdialog-definiert-kuenstlerloehne\",\"name\":\"Nationaler Kulturdialog definiert K\u00fcnstlerl\u00f6hne - Schweizer Musikzeitung\",\"isPartOf\":{\"@id\":\"https:\\\/\\\/www.musikzeitung.ch\\\/#website\"},\"primaryImageOfPage\":{\"@id\":\"https:\\\/\\\/www.musikzeitung.ch\\\/news\\\/2024\\\/04\\\/nationaler-kulturdialog-definiert-kuenstlerloehne#primaryimage\"},\"image\":{\"@id\":\"https:\\\/\\\/www.musikzeitung.ch\\\/news\\\/2024\\\/04\\\/nationaler-kulturdialog-definiert-kuenstlerloehne#primaryimage\"},\"thumbnailUrl\":\"https:\\\/\\\/www.musikzeitung.ch\\\/wp-content\\\/uploads\\\/2023\\\/11\\\/Bundeshaus.jpg\",\"datePublished\":\"2024-04-23T08:22:46+00:00\",\"dateModified\":\"2024-04-23T09:29:16+00:00\",\"description\":\"Der Nationale Kulturdialog hat Empfehlungen und Good Practices zur angemessenen Entsch\u00e4digung der Kulturschaffenden verabschiedet.\",\"breadcrumb\":{\"@id\":\"https:\\\/\\\/www.musikzeitung.ch\\\/news\\\/2024\\\/04\\\/nationaler-kulturdialog-definiert-kuenstlerloehne#breadcrumb\"},\"inLanguage\":\"it-IT\",\"potentialAction\":[{\"@type\":\"ReadAction\",\"target\":[\"https:\\\/\\\/www.musikzeitung.ch\\\/news\\\/2024\\\/04\\\/nationaler-kulturdialog-definiert-kuenstlerloehne\"]}]},{\"@type\":\"ImageObject\",\"inLanguage\":\"it-IT\",\"@id\":\"https:\\\/\\\/www.musikzeitung.ch\\\/news\\\/2024\\\/04\\\/nationaler-kulturdialog-definiert-kuenstlerloehne#primaryimage\",\"url\":\"https:\\\/\\\/www.musikzeitung.ch\\\/wp-content\\\/uploads\\\/2023\\\/11\\\/Bundeshaus.jpg\",\"contentUrl\":\"https:\\\/\\\/www.musikzeitung.ch\\\/wp-content\\\/uploads\\\/2023\\\/11\\\/Bundeshaus.jpg\",\"width\":906,\"height\":675},{\"@type\":\"BreadcrumbList\",\"@id\":\"https:\\\/\\\/www.musikzeitung.ch\\\/news\\\/2024\\\/04\\\/nationaler-kulturdialog-definiert-kuenstlerloehne#breadcrumb\",\"itemListElement\":[{\"@type\":\"ListItem\",\"position\":1,\"name\":\"Home\",\"item\":\"https:\\\/\\\/www.musikzeitung.ch\\\/\"},{\"@type\":\"ListItem\",\"position\":2,\"name\":\"Nationaler Kulturdialog definiert K\u00fcnstlerl\u00f6hne\"}]},{\"@type\":\"WebSite\",\"@id\":\"https:\\\/\\\/www.musikzeitung.ch\\\/#website\",\"url\":\"https:\\\/\\\/www.musikzeitung.ch\\\/\",\"name\":\"Schweizer Musikzeitung\",\"description\":\"Die f\u00fchrende sparten\u00fcbergreifende Monatszeitung in der Schweiz f\u00fcr musikalische Fragen.\",\"publisher\":{\"@id\":\"https:\\\/\\\/www.musikzeitung.ch\\\/#organization\"},\"potentialAction\":[{\"@type\":\"SearchAction\",\"target\":{\"@type\":\"EntryPoint\",\"urlTemplate\":\"https:\\\/\\\/www.musikzeitung.ch\\\/?s={search_term_string}\"},\"query-input\":{\"@type\":\"PropertyValueSpecification\",\"valueRequired\":true,\"valueName\":\"search_term_string\"}}],\"inLanguage\":\"it-IT\"},{\"@type\":\"Organization\",\"@id\":\"https:\\\/\\\/www.musikzeitung.ch\\\/#organization\",\"name\":\"Schweizer Musikzeitung\",\"url\":\"https:\\\/\\\/www.musikzeitung.ch\\\/\",\"logo\":{\"@type\":\"ImageObject\",\"inLanguage\":\"it-IT\",\"@id\":\"https:\\\/\\\/www.musikzeitung.ch\\\/#\\\/schema\\\/logo\\\/image\\\/\",\"url\":\"https:\\\/\\\/www.musikzeitung.ch\\\/wp-content\\\/uploads\\\/2023\\\/01\\\/SMZ_Schriftzug_Sprache.png\",\"contentUrl\":\"https:\\\/\\\/www.musikzeitung.ch\\\/wp-content\\\/uploads\\\/2023\\\/01\\\/SMZ_Schriftzug_Sprache.png\",\"width\":1400,\"height\":279,\"caption\":\"Schweizer Musikzeitung\"},\"image\":{\"@id\":\"https:\\\/\\\/www.musikzeitung.ch\\\/#\\\/schema\\\/logo\\\/image\\\/\"},\"sameAs\":[\"https:\\\/\\\/www.facebook.com\\\/SchweizerMusikzeitung\\\/\",\"https:\\\/\\\/x.com\\\/smusikzeitung\",\"https:\\\/\\\/www.instagram.com\\\/musikzeitung.ch\\\/\"]},{\"@type\":\"Person\",\"@id\":\"https:\\\/\\\/www.musikzeitung.ch\\\/#\\\/schema\\\/person\\\/0da4fb82d243f1252850a35d0e87cf0c\",\"name\":\"Wolfgang B\u00f6hler\",\"image\":{\"@type\":\"ImageObject\",\"inLanguage\":\"it-IT\",\"@id\":\"https:\\\/\\\/www.musikzeitung.ch\\\/wp-content\\\/uploads\\\/2023\\\/01\\\/boehler_portraet_web-e1674139782246-96x96.jpg\",\"url\":\"https:\\\/\\\/www.musikzeitung.ch\\\/wp-content\\\/uploads\\\/2023\\\/01\\\/boehler_portraet_web-e1674139782246-96x96.jpg\",\"contentUrl\":\"https:\\\/\\\/www.musikzeitung.ch\\\/wp-content\\\/uploads\\\/2023\\\/01\\\/boehler_portraet_web-e1674139782246-96x96.jpg\",\"caption\":\"Wolfgang B\u00f6hler\"},\"sameAs\":[\"http:\\\/\\\/www.manacanto.ch\",\"https:\\\/\\\/www.facebook.com\\\/wolfgang.bohler.75\"],\"url\":\"https:\\\/\\\/www.musikzeitung.ch\\\/it\\\/author\\\/wolfgang-boehler\"}]}<\/script>\n<!-- \/ Yoast SEO plugin. -->","yoast_head_json":{"title":"Nationaler Kulturdialog definiert K\u00fcnstlerl\u00f6hne - Schweizer Musikzeitung","description":"Il Dialogo culturale nazionale ha adottato raccomandazioni e buone pratiche per un'adeguata remunerazione dei professionisti della cultura.","robots":{"index":"index","follow":"follow","max-snippet":"max-snippet:-1","max-image-preview":"max-image-preview:large","max-video-preview":"max-video-preview:-1"},"canonical":"https:\/\/www.musikzeitung.ch\/it\/news\/2024\/04\/nationaler-kulturdialog-definiert-kuenstlerloehne\/","og_locale":"it_IT","og_type":"article","og_title":"Nationaler Kulturdialog definiert K\u00fcnstlerl\u00f6hne - Schweizer Musikzeitung","og_description":"Der Nationale Kulturdialog hat Empfehlungen und Good Practices zur angemessenen Entsch\u00e4digung der Kulturschaffenden verabschiedet.","og_url":"https:\/\/www.musikzeitung.ch\/it\/news\/2024\/04\/nationaler-kulturdialog-definiert-kuenstlerloehne\/","og_site_name":"Schweizer Musikzeitung","article_publisher":"https:\/\/www.facebook.com\/SchweizerMusikzeitung\/","article_author":"https:\/\/www.facebook.com\/wolfgang.bohler.75","article_published_time":"2024-04-23T08:22:46+00:00","article_modified_time":"2024-04-23T09:29:16+00:00","og_image":[{"width":906,"height":675,"url":"https:\/\/www.musikzeitung.ch\/wp-content\/uploads\/2023\/11\/Bundeshaus.jpg","type":"image\/jpeg"}],"author":"Wolfgang B\u00f6hler","twitter_card":"summary_large_image","twitter_creator":"@smusikzeitung","twitter_site":"@smusikzeitung","twitter_misc":{"Scritto da":"Wolfgang B\u00f6hler","Tempo di lettura stimato":"1 minuto"},"schema":{"@context":"https:\/\/schema.org","@graph":[{"@type":"Article","@id":"https:\/\/www.musikzeitung.ch\/news\/2024\/04\/nationaler-kulturdialog-definiert-kuenstlerloehne#article","isPartOf":{"@id":"https:\/\/www.musikzeitung.ch\/news\/2024\/04\/nationaler-kulturdialog-definiert-kuenstlerloehne"},"author":{"name":"Wolfgang B\u00f6hler","@id":"https:\/\/www.musikzeitung.ch\/#\/schema\/person\/0da4fb82d243f1252850a35d0e87cf0c"},"headline":"Nationaler Kulturdialog definiert K\u00fcnstlerl\u00f6hne","datePublished":"2024-04-23T08:22:46+00:00","dateModified":"2024-04-23T09:29:16+00:00","mainEntityOfPage":{"@id":"https:\/\/www.musikzeitung.ch\/news\/2024\/04\/nationaler-kulturdialog-definiert-kuenstlerloehne"},"wordCount":121,"publisher":{"@id":"https:\/\/www.musikzeitung.ch\/#organization"},"image":{"@id":"https:\/\/www.musikzeitung.ch\/news\/2024\/04\/nationaler-kulturdialog-definiert-kuenstlerloehne#primaryimage"},"thumbnailUrl":"https:\/\/www.musikzeitung.ch\/wp-content\/uploads\/2023\/11\/Bundeshaus.jpg","keywords":["Entsch\u00e4digungen","Nationaler Kulturdialog"],"articleSection":["News"],"inLanguage":"it-IT"},{"@type":"WebPage","@id":"https:\/\/www.musikzeitung.ch\/news\/2024\/04\/nationaler-kulturdialog-definiert-kuenstlerloehne","url":"https:\/\/www.musikzeitung.ch\/news\/2024\/04\/nationaler-kulturdialog-definiert-kuenstlerloehne","name":"Nationaler Kulturdialog definiert K\u00fcnstlerl\u00f6hne - Schweizer Musikzeitung","isPartOf":{"@id":"https:\/\/www.musikzeitung.ch\/#website"},"primaryImageOfPage":{"@id":"https:\/\/www.musikzeitung.ch\/news\/2024\/04\/nationaler-kulturdialog-definiert-kuenstlerloehne#primaryimage"},"image":{"@id":"https:\/\/www.musikzeitung.ch\/news\/2024\/04\/nationaler-kulturdialog-definiert-kuenstlerloehne#primaryimage"},"thumbnailUrl":"https:\/\/www.musikzeitung.ch\/wp-content\/uploads\/2023\/11\/Bundeshaus.jpg","datePublished":"2024-04-23T08:22:46+00:00","dateModified":"2024-04-23T09:29:16+00:00","description":"Il Dialogo culturale nazionale ha adottato raccomandazioni e buone pratiche per un'adeguata remunerazione dei professionisti della cultura.","breadcrumb":{"@id":"https:\/\/www.musikzeitung.ch\/news\/2024\/04\/nationaler-kulturdialog-definiert-kuenstlerloehne#breadcrumb"},"inLanguage":"it-IT","potentialAction":[{"@type":"ReadAction","target":["https:\/\/www.musikzeitung.ch\/news\/2024\/04\/nationaler-kulturdialog-definiert-kuenstlerloehne"]}]},{"@type":"ImageObject","inLanguage":"it-IT","@id":"https:\/\/www.musikzeitung.ch\/news\/2024\/04\/nationaler-kulturdialog-definiert-kuenstlerloehne#primaryimage","url":"https:\/\/www.musikzeitung.ch\/wp-content\/uploads\/2023\/11\/Bundeshaus.jpg","contentUrl":"https:\/\/www.musikzeitung.ch\/wp-content\/uploads\/2023\/11\/Bundeshaus.jpg","width":906,"height":675},{"@type":"BreadcrumbList","@id":"https:\/\/www.musikzeitung.ch\/news\/2024\/04\/nationaler-kulturdialog-definiert-kuenstlerloehne#breadcrumb","itemListElement":[{"@type":"ListItem","position":1,"name":"Home","item":"https:\/\/www.musikzeitung.ch\/"},{"@type":"ListItem","position":2,"name":"Nationaler Kulturdialog definiert K\u00fcnstlerl\u00f6hne"}]},{"@type":"WebSite","@id":"https:\/\/www.musikzeitung.ch\/#website","url":"https:\/\/www.musikzeitung.ch\/","name":"Giornale musicale svizzero","description":"Il principale mensile interdisciplinare della Svizzera per le questioni musicali.","publisher":{"@id":"https:\/\/www.musikzeitung.ch\/#organization"},"potentialAction":[{"@type":"SearchAction","target":{"@type":"EntryPoint","urlTemplate":"https:\/\/www.musikzeitung.ch\/?s={search_term_string}"},"query-input":{"@type":"PropertyValueSpecification","valueRequired":true,"valueName":"search_term_string"}}],"inLanguage":"it-IT"},{"@type":"Organization","@id":"https:\/\/www.musikzeitung.ch\/#organization","name":"Giornale musicale svizzero","url":"https:\/\/www.musikzeitung.ch\/","logo":{"@type":"ImageObject","inLanguage":"it-IT","@id":"https:\/\/www.musikzeitung.ch\/#\/schema\/logo\/image\/","url":"https:\/\/www.musikzeitung.ch\/wp-content\/uploads\/2023\/01\/SMZ_Schriftzug_Sprache.png","contentUrl":"https:\/\/www.musikzeitung.ch\/wp-content\/uploads\/2023\/01\/SMZ_Schriftzug_Sprache.png","width":1400,"height":279,"caption":"Schweizer Musikzeitung"},"image":{"@id":"https:\/\/www.musikzeitung.ch\/#\/schema\/logo\/image\/"},"sameAs":["https:\/\/www.facebook.com\/SchweizerMusikzeitung\/","https:\/\/x.com\/smusikzeitung","https:\/\/www.instagram.com\/musikzeitung.ch\/"]},{"@type":"Person","@id":"https:\/\/www.musikzeitung.ch\/#\/schema\/person\/0da4fb82d243f1252850a35d0e87cf0c","name":"Wolfgang B\u00f6hler","image":{"@type":"ImageObject","inLanguage":"it-IT","@id":"https:\/\/www.musikzeitung.ch\/wp-content\/uploads\/2023\/01\/boehler_portraet_web-e1674139782246-96x96.jpg","url":"https:\/\/www.musikzeitung.ch\/wp-content\/uploads\/2023\/01\/boehler_portraet_web-e1674139782246-96x96.jpg","contentUrl":"https:\/\/www.musikzeitung.ch\/wp-content\/uploads\/2023\/01\/boehler_portraet_web-e1674139782246-96x96.jpg","caption":"Wolfgang B\u00f6hler"},"sameAs":["http:\/\/www.manacanto.ch","https:\/\/www.facebook.com\/wolfgang.bohler.75"],"url":"https:\/\/www.musikzeitung.ch\/it\/author\/wolfgang-boehler"}]}},"publishpress_future_workflow_manual_trigger":{"enabledWorkflows":[]},"_links":{"self":[{"href":"https:\/\/www.musikzeitung.ch\/it\/wp-json\/wp\/v2\/posts\/54081","targetHints":{"allow":["GET"]}}],"collection":[{"href":"https:\/\/www.musikzeitung.ch\/it\/wp-json\/wp\/v2\/posts"}],"about":[{"href":"https:\/\/www.musikzeitung.ch\/it\/wp-json\/wp\/v2\/types\/post"}],"author":[{"embeddable":true,"href":"https:\/\/www.musikzeitung.ch\/it\/wp-json\/wp\/v2\/users\/30"}],"replies":[{"embeddable":true,"href":"https:\/\/www.musikzeitung.ch\/it\/wp-json\/wp\/v2\/comments?post=54081"}],"version-history":[{"count":1,"href":"https:\/\/www.musikzeitung.ch\/it\/wp-json\/wp\/v2\/posts\/54081\/revisions"}],"predecessor-version":[{"id":54082,"href":"https:\/\/www.musikzeitung.ch\/it\/wp-json\/wp\/v2\/posts\/54081\/revisions\/54082"}],"wp:featuredmedia":[{"embeddable":true,"href":"https:\/\/www.musikzeitung.ch\/it\/wp-json\/wp\/v2\/media\/49890"}],"wp:attachment":[{"href":"https:\/\/www.musikzeitung.ch\/it\/wp-json\/wp\/v2\/media?parent=54081"}],"wp:term":[{"taxonomy":"category","embeddable":true,"href":"https:\/\/www.musikzeitung.ch\/it\/wp-json\/wp\/v2\/categories?post=54081"},{"taxonomy":"post_tag","embeddable":true,"href":"https:\/\/www.musikzeitung.ch\/it\/wp-json\/wp\/v2\/tags?post=54081"}],"curies":[{"name":"wp","href":"https:\/\/api.w.org\/{rel}","templated":true}]}}