{"id":54152,"date":"2024-05-01T14:38:48","date_gmt":"2024-05-01T12:38:48","guid":{"rendered":"https:\/\/www.musikzeitung.ch\/?p=54152"},"modified":"2024-05-13T17:34:45","modified_gmt":"2024-05-13T15:34:45","slug":"violinschulen","status":"publish","type":"post","link":"https:\/\/www.musikzeitung.ch\/it\/rezensionen\/buecher-rezensionen\/2024\/05\/violinschulen","title":{"rendered":"Scuole di violino in cinque secoli"},"content":{"rendered":"<figure id=\"attachment_54153\" aria-describedby=\"caption-attachment-54153\" style=\"width: 1424px\" class=\"wp-caption alignnone\"><img loading=\"lazy\" decoding=\"async\" class=\"wp-image-54153 size-full\" src=\"https:\/\/www.musikzeitung.ch\/wp-content\/uploads\/2024\/04\/LeopoldMozartPortraitFromViolinschule.jpeg\" alt=\"\" width=\"1424\" height=\"1024\" srcset=\"https:\/\/www.musikzeitung.ch\/wp-content\/uploads\/2024\/04\/LeopoldMozartPortraitFromViolinschule.jpeg 1391w, https:\/\/www.musikzeitung.ch\/wp-content\/uploads\/2024\/04\/LeopoldMozartPortraitFromViolinschule-300x216.jpeg 300w, https:\/\/www.musikzeitung.ch\/wp-content\/uploads\/2024\/04\/LeopoldMozartPortraitFromViolinschule-1024x736.jpeg 1024w, https:\/\/www.musikzeitung.ch\/wp-content\/uploads\/2024\/04\/LeopoldMozartPortraitFromViolinschule-768x552.jpeg 768w, https:\/\/www.musikzeitung.ch\/wp-content\/uploads\/2024\/04\/LeopoldMozartPortraitFromViolinschule-243x175.jpeg 243w, https:\/\/www.musikzeitung.ch\/wp-content\/uploads\/2024\/04\/LeopoldMozartPortraitFromViolinschule-487x350.jpeg 487w, https:\/\/www.musikzeitung.ch\/wp-content\/uploads\/2024\/04\/LeopoldMozartPortraitFromViolinschule-1113x800.jpeg 1113w, https:\/\/www.musikzeitung.ch\/wp-content\/uploads\/2024\/04\/LeopoldMozartPortraitFromViolinschule-920x662.jpeg 920w, https:\/\/www.musikzeitung.ch\/wp-content\/uploads\/2024\/04\/LeopoldMozartPortraitFromViolinschule-1400x1007.jpeg 1400w\" sizes=\"auto, (max-width: 1424px) 100vw, 1424px\" \/><figcaption id=\"caption-attachment-54153\" class=\"wp-caption-text\">Ritratto di Leopold Mozart sulla prima edizione di \"Versuch einer Gr\u00fcndlichen Violinschule\", 1756. Incisione di Jacob Andreas Fridrich dopo Gottfried Eichler il Giovane \/<a href=\"https:\/\/commons.wikimedia.org\/wiki\/File:LeopoldMozartPortraitFromViolinschule.jpg\" target=\"_blank\" rel=\"noopener\">wikimedia commons<\/a><\/figcaption><\/figure>\n<p>Dobbiamo questo enorme lavoro d'amore all'insegnante di violino rumeno Petru Munteanu. In 442 pagine ha raccolto le affermazioni pi\u00f9 importanti di tutte le scuole di violino pubblicate, in modo chiaro e con molti esempi musicali e illustrazioni. Attualmente insegna presso il Centro Leopold Mozart dell'Universit\u00e0 di Augusta. \u00c8 quindi naturale che il libro di Leopold Mozart <em>Scuola di violino approfondita <\/em>\u00e8 al centro delle edizioni del 1769 e del 1789. Gli altri libri di testo vengono confrontati con essi. Si scopre che Leopold Mozart aveva previsto nei minimi dettagli molte cose che sono valide ancora oggi.<\/p>\n<p>Munteanu delinea le peculiarit\u00e0 di ogni scuola violinistica presentate in riquadri grigi, il che \u00e8 molto utile per le innumerevoli e altrimenti ripetitive opinioni dei vari insegnanti. Particolarmente interessante \u00e8 la descrizione della scuola di Carl Guhr, che ha evidenziato in modo oggettivo e dettagliato le peculiarit\u00e0 violinistiche del modo di suonare di Paganini ed \u00e8 stato persino in grado di creare una versione di <em>Nel cor pi\u00f9 non mi sento <\/em>di Paganini.<\/p>\n<p>Nel sesto capitolo, a cui si fa spesso riferimento, \"L'insegnamento del violino e le scuole di violino oggi\", Munteanu pone tre domande a cui cerca di rispondere con l'aiuto di citazioni di esperti (Seiffert, Seling, Eberhardt, Kolneder, Hausegger, Flesch, Galamian...): Chi, cosa e come dobbiamo insegnare? Ho trovato solo alcune riflessioni stimolanti, ma una centrale \u00e8 quella di Carl Adolf Martienssen in risposta alla terza domanda: Nell'apprendimento del linguaggio, ogni bambino \u00e8 un \"bambino prodigio\". \"Il complesso del bambino prodigio \u00e8 psicologicamente l'immediato orientamento della volont\u00e0 della sfera uditiva verso l'obiettivo sonoro... dello strumento da suonare...\". Questo dovrebbe ispirare ogni insegnante a utilizzare questa importante scatola nera!<\/p>\n<p><em><img loading=\"lazy\" decoding=\"async\" class=\"aligncenter wp-image-54155 size-medium\" src=\"https:\/\/www.musikzeitung.ch\/wp-content\/uploads\/2024\/04\/05_crit_buch_Ammann-213x300.jpg\" alt=\"\" width=\"213\" height=\"300\" srcset=\"https:\/\/www.musikzeitung.ch\/wp-content\/uploads\/2024\/04\/05_crit_buch_Ammann-213x300.jpg 213w, https:\/\/www.musikzeitung.ch\/wp-content\/uploads\/2024\/04\/05_crit_buch_Ammann-124x175.jpg 124w, https:\/\/www.musikzeitung.ch\/wp-content\/uploads\/2024\/04\/05_crit_buch_Ammann-248x350.jpg 248w, https:\/\/www.musikzeitung.ch\/wp-content\/uploads\/2024\/04\/05_crit_buch_Ammann-568x800.jpg 568w, https:\/\/www.musikzeitung.ch\/wp-content\/uploads\/2024\/04\/05_crit_buch_Ammann-300x423.jpg 300w, https:\/\/www.musikzeitung.ch\/wp-content\/uploads\/2024\/04\/05_crit_buch_Ammann.jpg 572w\" sizes=\"auto, (max-width: 213px) 100vw, 213px\" \/>Petru Munteanu: I segreti del violino da 500 anni, la scuola di violino di Leopold Mozart nel contesto delle tradizioni di insegnamento del violino, 442 p., \u20ac 49,80, Wissner, Augsburg 2023, ISBN 978-3-95786-306-5<\/em><\/p>","protected":false},"excerpt":{"rendered":"<p>Petru Munteanu offre una panoramica delle opere didattiche per violino fino ai giorni nostri. La \"Gr\u00fcndliche Violinschule\" di Leopold Mozart funge da punto di riferimento. <\/p>","protected":false},"author":29,"featured_media":54153,"comment_status":"closed","ping_status":"closed","sticky":false,"template":"","format":"standard","meta":{"_acf_changed":false,"_relevanssi_hide_post":"","_relevanssi_hide_content":"","_relevanssi_pin_for_all":"","_relevanssi_pin_keywords":"","_relevanssi_unpin_keywords":"","_relevanssi_related_keywords":"","_relevanssi_related_include_ids":"","_relevanssi_related_exclude_ids":"","_relevanssi_related_no_append":"","_relevanssi_related_not_related":"","_relevanssi_related_posts":"","_relevanssi_noindex_reason":"","pgc_sgb_lightbox_settings":"","footnotes":""},"categories":[1214,29],"tags":[3955,3954,3951,3953,3950,3952],"class_list":["post-54152","post","type-post","status-publish","format-standard","has-post-thumbnail","hentry","category-buecher-rezensionen","category-rezensionen","tag-carl-adolf-martienssen","tag-carl-guhr","tag-leopold-mozart","tag-methoden","tag-petru-munteanu","tag-violinschulen"],"acf":[],"yoast_head":"<!-- This site is optimized with the Yoast SEO plugin v27.4 - https:\/\/yoast.com\/product\/yoast-seo-wordpress\/ -->\n<title>Violinschulen \u00fcber f\u00fcnf Jahrhunderte - Schweizer Musikzeitung<\/title>\n<meta name=\"description\" content=\"Petru Munteanu gibt einen \u00dcberblick \u00fcber Lehrwerke f\u00fcr Geige bis heute. Als Referenzpunkt dient ihm Leopold Mozarts \u00abGr\u00fcndliche Violinschule\u00bb.\" \/>\n<meta name=\"robots\" content=\"index, follow, max-snippet:-1, max-image-preview:large, max-video-preview:-1\" \/>\n<link rel=\"canonical\" href=\"https:\/\/www.musikzeitung.ch\/it\/rezensionen\/buecher-rezensionen\/2024\/05\/violinschulen\/\" \/>\n<meta property=\"og:locale\" content=\"it_IT\" \/>\n<meta property=\"og:type\" content=\"article\" \/>\n<meta property=\"og:title\" content=\"Violinschulen \u00fcber f\u00fcnf Jahrhunderte - Schweizer Musikzeitung\" \/>\n<meta property=\"og:description\" content=\"Petru Munteanu gibt einen \u00dcberblick \u00fcber Lehrwerke f\u00fcr Geige bis heute. Als Referenzpunkt dient ihm Leopold Mozarts \u00abGr\u00fcndliche Violinschule\u00bb.\" \/>\n<meta property=\"og:url\" content=\"https:\/\/www.musikzeitung.ch\/it\/rezensionen\/buecher-rezensionen\/2024\/05\/violinschulen\/\" \/>\n<meta property=\"og:site_name\" content=\"Schweizer Musikzeitung\" \/>\n<meta property=\"article:publisher\" content=\"https:\/\/www.facebook.com\/SchweizerMusikzeitung\/\" \/>\n<meta property=\"article:published_time\" content=\"2024-05-01T12:38:48+00:00\" \/>\n<meta property=\"article:modified_time\" content=\"2024-05-13T15:34:45+00:00\" \/>\n<meta property=\"og:image\" content=\"https:\/\/www.musikzeitung.ch\/wp-content\/uploads\/2024\/04\/LeopoldMozartPortraitFromViolinschule.jpeg\" \/>\n\t<meta property=\"og:image:width\" content=\"1391\" \/>\n\t<meta property=\"og:image:height\" content=\"1000\" \/>\n\t<meta property=\"og:image:type\" content=\"image\/jpeg\" \/>\n<meta name=\"author\" content=\"pia.schwab\" \/>\n<meta name=\"twitter:card\" content=\"summary_large_image\" \/>\n<meta name=\"twitter:creator\" content=\"@smusikzeitung\" \/>\n<meta name=\"twitter:site\" content=\"@smusikzeitung\" \/>\n<meta name=\"twitter:label1\" content=\"Scritto da\" \/>\n\t<meta name=\"twitter:data1\" content=\"pia.schwab\" \/>\n\t<meta name=\"twitter:label2\" content=\"Tempo di lettura stimato\" \/>\n\t<meta name=\"twitter:data2\" content=\"3 minuti\" \/>\n<script type=\"application\/ld+json\" class=\"yoast-schema-graph\">{\"@context\":\"https:\\\/\\\/schema.org\",\"@graph\":[{\"@type\":\"Article\",\"@id\":\"https:\\\/\\\/www.musikzeitung.ch\\\/rezensionen\\\/buecher-rezensionen\\\/2024\\\/05\\\/violinschulen#article\",\"isPartOf\":{\"@id\":\"https:\\\/\\\/www.musikzeitung.ch\\\/rezensionen\\\/buecher-rezensionen\\\/2024\\\/05\\\/violinschulen\"},\"author\":{\"name\":\"pia.schwab\",\"@id\":\"https:\\\/\\\/www.musikzeitung.ch\\\/#\\\/schema\\\/person\\\/ea3d7b86bd7157c78c7ddd37f2f82b5b\"},\"headline\":\"Violinschulen \u00fcber f\u00fcnf Jahrhunderte\",\"datePublished\":\"2024-05-01T12:38:48+00:00\",\"dateModified\":\"2024-05-13T15:34:45+00:00\",\"mainEntityOfPage\":{\"@id\":\"https:\\\/\\\/www.musikzeitung.ch\\\/rezensionen\\\/buecher-rezensionen\\\/2024\\\/05\\\/violinschulen\"},\"wordCount\":309,\"publisher\":{\"@id\":\"https:\\\/\\\/www.musikzeitung.ch\\\/#organization\"},\"image\":{\"@id\":\"https:\\\/\\\/www.musikzeitung.ch\\\/rezensionen\\\/buecher-rezensionen\\\/2024\\\/05\\\/violinschulen#primaryimage\"},\"thumbnailUrl\":\"https:\\\/\\\/www.musikzeitung.ch\\\/wp-content\\\/uploads\\\/2024\\\/04\\\/LeopoldMozartPortraitFromViolinschule.jpeg\",\"keywords\":[\"Carl Adolf Martienssen\",\"Carl Guhr\",\"Leopold Mozart\",\"Methoden\",\"Petru Munteanu\",\"Violinschulen\"],\"articleSection\":[\"B\u00fccher\",\"Rezensionen\"],\"inLanguage\":\"it-IT\"},{\"@type\":\"WebPage\",\"@id\":\"https:\\\/\\\/www.musikzeitung.ch\\\/rezensionen\\\/buecher-rezensionen\\\/2024\\\/05\\\/violinschulen\",\"url\":\"https:\\\/\\\/www.musikzeitung.ch\\\/rezensionen\\\/buecher-rezensionen\\\/2024\\\/05\\\/violinschulen\",\"name\":\"Violinschulen \u00fcber f\u00fcnf Jahrhunderte - Schweizer Musikzeitung\",\"isPartOf\":{\"@id\":\"https:\\\/\\\/www.musikzeitung.ch\\\/#website\"},\"primaryImageOfPage\":{\"@id\":\"https:\\\/\\\/www.musikzeitung.ch\\\/rezensionen\\\/buecher-rezensionen\\\/2024\\\/05\\\/violinschulen#primaryimage\"},\"image\":{\"@id\":\"https:\\\/\\\/www.musikzeitung.ch\\\/rezensionen\\\/buecher-rezensionen\\\/2024\\\/05\\\/violinschulen#primaryimage\"},\"thumbnailUrl\":\"https:\\\/\\\/www.musikzeitung.ch\\\/wp-content\\\/uploads\\\/2024\\\/04\\\/LeopoldMozartPortraitFromViolinschule.jpeg\",\"datePublished\":\"2024-05-01T12:38:48+00:00\",\"dateModified\":\"2024-05-13T15:34:45+00:00\",\"description\":\"Petru Munteanu gibt einen \u00dcberblick \u00fcber Lehrwerke f\u00fcr Geige bis heute. Als Referenzpunkt dient ihm Leopold Mozarts \u00abGr\u00fcndliche Violinschule\u00bb.\",\"breadcrumb\":{\"@id\":\"https:\\\/\\\/www.musikzeitung.ch\\\/rezensionen\\\/buecher-rezensionen\\\/2024\\\/05\\\/violinschulen#breadcrumb\"},\"inLanguage\":\"it-IT\",\"potentialAction\":[{\"@type\":\"ReadAction\",\"target\":[\"https:\\\/\\\/www.musikzeitung.ch\\\/rezensionen\\\/buecher-rezensionen\\\/2024\\\/05\\\/violinschulen\"]}]},{\"@type\":\"ImageObject\",\"inLanguage\":\"it-IT\",\"@id\":\"https:\\\/\\\/www.musikzeitung.ch\\\/rezensionen\\\/buecher-rezensionen\\\/2024\\\/05\\\/violinschulen#primaryimage\",\"url\":\"https:\\\/\\\/www.musikzeitung.ch\\\/wp-content\\\/uploads\\\/2024\\\/04\\\/LeopoldMozartPortraitFromViolinschule.jpeg\",\"contentUrl\":\"https:\\\/\\\/www.musikzeitung.ch\\\/wp-content\\\/uploads\\\/2024\\\/04\\\/LeopoldMozartPortraitFromViolinschule.jpeg\",\"width\":1391,\"height\":1000},{\"@type\":\"BreadcrumbList\",\"@id\":\"https:\\\/\\\/www.musikzeitung.ch\\\/rezensionen\\\/buecher-rezensionen\\\/2024\\\/05\\\/violinschulen#breadcrumb\",\"itemListElement\":[{\"@type\":\"ListItem\",\"position\":1,\"name\":\"Home\",\"item\":\"https:\\\/\\\/www.musikzeitung.ch\\\/\"},{\"@type\":\"ListItem\",\"position\":2,\"name\":\"Violinschulen \u00fcber f\u00fcnf Jahrhunderte\"}]},{\"@type\":\"WebSite\",\"@id\":\"https:\\\/\\\/www.musikzeitung.ch\\\/#website\",\"url\":\"https:\\\/\\\/www.musikzeitung.ch\\\/\",\"name\":\"Schweizer Musikzeitung\",\"description\":\"Die f\u00fchrende sparten\u00fcbergreifende Monatszeitung in der Schweiz f\u00fcr musikalische Fragen.\",\"publisher\":{\"@id\":\"https:\\\/\\\/www.musikzeitung.ch\\\/#organization\"},\"potentialAction\":[{\"@type\":\"SearchAction\",\"target\":{\"@type\":\"EntryPoint\",\"urlTemplate\":\"https:\\\/\\\/www.musikzeitung.ch\\\/?s={search_term_string}\"},\"query-input\":{\"@type\":\"PropertyValueSpecification\",\"valueRequired\":true,\"valueName\":\"search_term_string\"}}],\"inLanguage\":\"it-IT\"},{\"@type\":\"Organization\",\"@id\":\"https:\\\/\\\/www.musikzeitung.ch\\\/#organization\",\"name\":\"Schweizer Musikzeitung\",\"url\":\"https:\\\/\\\/www.musikzeitung.ch\\\/\",\"logo\":{\"@type\":\"ImageObject\",\"inLanguage\":\"it-IT\",\"@id\":\"https:\\\/\\\/www.musikzeitung.ch\\\/#\\\/schema\\\/logo\\\/image\\\/\",\"url\":\"https:\\\/\\\/www.musikzeitung.ch\\\/wp-content\\\/uploads\\\/2023\\\/01\\\/SMZ_Schriftzug_Sprache.png\",\"contentUrl\":\"https:\\\/\\\/www.musikzeitung.ch\\\/wp-content\\\/uploads\\\/2023\\\/01\\\/SMZ_Schriftzug_Sprache.png\",\"width\":1400,\"height\":279,\"caption\":\"Schweizer Musikzeitung\"},\"image\":{\"@id\":\"https:\\\/\\\/www.musikzeitung.ch\\\/#\\\/schema\\\/logo\\\/image\\\/\"},\"sameAs\":[\"https:\\\/\\\/www.facebook.com\\\/SchweizerMusikzeitung\\\/\",\"https:\\\/\\\/x.com\\\/smusikzeitung\",\"https:\\\/\\\/www.instagram.com\\\/musikzeitung.ch\\\/\"]},{\"@type\":\"Person\",\"@id\":\"https:\\\/\\\/www.musikzeitung.ch\\\/#\\\/schema\\\/person\\\/ea3d7b86bd7157c78c7ddd37f2f82b5b\",\"name\":\"pia.schwab\",\"image\":{\"@type\":\"ImageObject\",\"inLanguage\":\"it-IT\",\"@id\":\"https:\\\/\\\/secure.gravatar.com\\\/avatar\\\/d39d170de4c2d07e897fbc26cf9d890fc046285c742207b86d8ebabe5fcde2c4?s=96&d=mm&r=g\",\"url\":\"https:\\\/\\\/secure.gravatar.com\\\/avatar\\\/d39d170de4c2d07e897fbc26cf9d890fc046285c742207b86d8ebabe5fcde2c4?s=96&d=mm&r=g\",\"contentUrl\":\"https:\\\/\\\/secure.gravatar.com\\\/avatar\\\/d39d170de4c2d07e897fbc26cf9d890fc046285c742207b86d8ebabe5fcde2c4?s=96&d=mm&r=g\",\"caption\":\"pia.schwab\"},\"url\":\"https:\\\/\\\/www.musikzeitung.ch\\\/it\\\/author\\\/pia-schwab\"}]}<\/script>\n<!-- \/ Yoast SEO plugin. -->","yoast_head_json":{"title":"Scuole di violino in cinque secoli - Schweizer Musikzeitung","description":"Petru Munteanu offre una panoramica delle opere didattiche per violino fino ai giorni nostri. La \"Gr\u00fcndliche Violinschule\" di Leopold Mozart funge da punto di riferimento.","robots":{"index":"index","follow":"follow","max-snippet":"max-snippet:-1","max-image-preview":"max-image-preview:large","max-video-preview":"max-video-preview:-1"},"canonical":"https:\/\/www.musikzeitung.ch\/it\/rezensionen\/buecher-rezensionen\/2024\/05\/violinschulen\/","og_locale":"it_IT","og_type":"article","og_title":"Violinschulen \u00fcber f\u00fcnf Jahrhunderte - Schweizer Musikzeitung","og_description":"Petru Munteanu gibt einen \u00dcberblick \u00fcber Lehrwerke f\u00fcr Geige bis heute. Als Referenzpunkt dient ihm Leopold Mozarts \u00abGr\u00fcndliche Violinschule\u00bb.","og_url":"https:\/\/www.musikzeitung.ch\/it\/rezensionen\/buecher-rezensionen\/2024\/05\/violinschulen\/","og_site_name":"Schweizer Musikzeitung","article_publisher":"https:\/\/www.facebook.com\/SchweizerMusikzeitung\/","article_published_time":"2024-05-01T12:38:48+00:00","article_modified_time":"2024-05-13T15:34:45+00:00","og_image":[{"width":1391,"height":1000,"url":"https:\/\/www.musikzeitung.ch\/wp-content\/uploads\/2024\/04\/LeopoldMozartPortraitFromViolinschule.jpeg","type":"image\/jpeg"}],"author":"pia.schwab","twitter_card":"summary_large_image","twitter_creator":"@smusikzeitung","twitter_site":"@smusikzeitung","twitter_misc":{"Scritto da":"pia.schwab","Tempo di lettura stimato":"3 minuti"},"schema":{"@context":"https:\/\/schema.org","@graph":[{"@type":"Article","@id":"https:\/\/www.musikzeitung.ch\/rezensionen\/buecher-rezensionen\/2024\/05\/violinschulen#article","isPartOf":{"@id":"https:\/\/www.musikzeitung.ch\/rezensionen\/buecher-rezensionen\/2024\/05\/violinschulen"},"author":{"name":"pia.schwab","@id":"https:\/\/www.musikzeitung.ch\/#\/schema\/person\/ea3d7b86bd7157c78c7ddd37f2f82b5b"},"headline":"Violinschulen \u00fcber f\u00fcnf Jahrhunderte","datePublished":"2024-05-01T12:38:48+00:00","dateModified":"2024-05-13T15:34:45+00:00","mainEntityOfPage":{"@id":"https:\/\/www.musikzeitung.ch\/rezensionen\/buecher-rezensionen\/2024\/05\/violinschulen"},"wordCount":309,"publisher":{"@id":"https:\/\/www.musikzeitung.ch\/#organization"},"image":{"@id":"https:\/\/www.musikzeitung.ch\/rezensionen\/buecher-rezensionen\/2024\/05\/violinschulen#primaryimage"},"thumbnailUrl":"https:\/\/www.musikzeitung.ch\/wp-content\/uploads\/2024\/04\/LeopoldMozartPortraitFromViolinschule.jpeg","keywords":["Carl Adolf Martienssen","Carl Guhr","Leopold Mozart","Methoden","Petru Munteanu","Violinschulen"],"articleSection":["B\u00fccher","Rezensionen"],"inLanguage":"it-IT"},{"@type":"WebPage","@id":"https:\/\/www.musikzeitung.ch\/rezensionen\/buecher-rezensionen\/2024\/05\/violinschulen","url":"https:\/\/www.musikzeitung.ch\/rezensionen\/buecher-rezensionen\/2024\/05\/violinschulen","name":"Scuole di violino in cinque secoli - Schweizer Musikzeitung","isPartOf":{"@id":"https:\/\/www.musikzeitung.ch\/#website"},"primaryImageOfPage":{"@id":"https:\/\/www.musikzeitung.ch\/rezensionen\/buecher-rezensionen\/2024\/05\/violinschulen#primaryimage"},"image":{"@id":"https:\/\/www.musikzeitung.ch\/rezensionen\/buecher-rezensionen\/2024\/05\/violinschulen#primaryimage"},"thumbnailUrl":"https:\/\/www.musikzeitung.ch\/wp-content\/uploads\/2024\/04\/LeopoldMozartPortraitFromViolinschule.jpeg","datePublished":"2024-05-01T12:38:48+00:00","dateModified":"2024-05-13T15:34:45+00:00","description":"Petru Munteanu offre una panoramica delle opere didattiche per violino fino ai giorni nostri. La \"Gr\u00fcndliche Violinschule\" di Leopold Mozart funge da punto di riferimento.","breadcrumb":{"@id":"https:\/\/www.musikzeitung.ch\/rezensionen\/buecher-rezensionen\/2024\/05\/violinschulen#breadcrumb"},"inLanguage":"it-IT","potentialAction":[{"@type":"ReadAction","target":["https:\/\/www.musikzeitung.ch\/rezensionen\/buecher-rezensionen\/2024\/05\/violinschulen"]}]},{"@type":"ImageObject","inLanguage":"it-IT","@id":"https:\/\/www.musikzeitung.ch\/rezensionen\/buecher-rezensionen\/2024\/05\/violinschulen#primaryimage","url":"https:\/\/www.musikzeitung.ch\/wp-content\/uploads\/2024\/04\/LeopoldMozartPortraitFromViolinschule.jpeg","contentUrl":"https:\/\/www.musikzeitung.ch\/wp-content\/uploads\/2024\/04\/LeopoldMozartPortraitFromViolinschule.jpeg","width":1391,"height":1000},{"@type":"BreadcrumbList","@id":"https:\/\/www.musikzeitung.ch\/rezensionen\/buecher-rezensionen\/2024\/05\/violinschulen#breadcrumb","itemListElement":[{"@type":"ListItem","position":1,"name":"Home","item":"https:\/\/www.musikzeitung.ch\/"},{"@type":"ListItem","position":2,"name":"Violinschulen \u00fcber f\u00fcnf Jahrhunderte"}]},{"@type":"WebSite","@id":"https:\/\/www.musikzeitung.ch\/#website","url":"https:\/\/www.musikzeitung.ch\/","name":"Giornale musicale svizzero","description":"Il principale mensile interdisciplinare della Svizzera per le questioni musicali.","publisher":{"@id":"https:\/\/www.musikzeitung.ch\/#organization"},"potentialAction":[{"@type":"SearchAction","target":{"@type":"EntryPoint","urlTemplate":"https:\/\/www.musikzeitung.ch\/?s={search_term_string}"},"query-input":{"@type":"PropertyValueSpecification","valueRequired":true,"valueName":"search_term_string"}}],"inLanguage":"it-IT"},{"@type":"Organization","@id":"https:\/\/www.musikzeitung.ch\/#organization","name":"Giornale musicale svizzero","url":"https:\/\/www.musikzeitung.ch\/","logo":{"@type":"ImageObject","inLanguage":"it-IT","@id":"https:\/\/www.musikzeitung.ch\/#\/schema\/logo\/image\/","url":"https:\/\/www.musikzeitung.ch\/wp-content\/uploads\/2023\/01\/SMZ_Schriftzug_Sprache.png","contentUrl":"https:\/\/www.musikzeitung.ch\/wp-content\/uploads\/2023\/01\/SMZ_Schriftzug_Sprache.png","width":1400,"height":279,"caption":"Schweizer Musikzeitung"},"image":{"@id":"https:\/\/www.musikzeitung.ch\/#\/schema\/logo\/image\/"},"sameAs":["https:\/\/www.facebook.com\/SchweizerMusikzeitung\/","https:\/\/x.com\/smusikzeitung","https:\/\/www.instagram.com\/musikzeitung.ch\/"]},{"@type":"Person","@id":"https:\/\/www.musikzeitung.ch\/#\/schema\/person\/ea3d7b86bd7157c78c7ddd37f2f82b5b","name":"pia.schwab","image":{"@type":"ImageObject","inLanguage":"it-IT","@id":"https:\/\/secure.gravatar.com\/avatar\/d39d170de4c2d07e897fbc26cf9d890fc046285c742207b86d8ebabe5fcde2c4?s=96&d=mm&r=g","url":"https:\/\/secure.gravatar.com\/avatar\/d39d170de4c2d07e897fbc26cf9d890fc046285c742207b86d8ebabe5fcde2c4?s=96&d=mm&r=g","contentUrl":"https:\/\/secure.gravatar.com\/avatar\/d39d170de4c2d07e897fbc26cf9d890fc046285c742207b86d8ebabe5fcde2c4?s=96&d=mm&r=g","caption":"pia.schwab"},"url":"https:\/\/www.musikzeitung.ch\/it\/author\/pia-schwab"}]}},"publishpress_future_workflow_manual_trigger":{"enabledWorkflows":[]},"_links":{"self":[{"href":"https:\/\/www.musikzeitung.ch\/it\/wp-json\/wp\/v2\/posts\/54152","targetHints":{"allow":["GET"]}}],"collection":[{"href":"https:\/\/www.musikzeitung.ch\/it\/wp-json\/wp\/v2\/posts"}],"about":[{"href":"https:\/\/www.musikzeitung.ch\/it\/wp-json\/wp\/v2\/types\/post"}],"author":[{"embeddable":true,"href":"https:\/\/www.musikzeitung.ch\/it\/wp-json\/wp\/v2\/users\/29"}],"replies":[{"embeddable":true,"href":"https:\/\/www.musikzeitung.ch\/it\/wp-json\/wp\/v2\/comments?post=54152"}],"version-history":[{"count":3,"href":"https:\/\/www.musikzeitung.ch\/it\/wp-json\/wp\/v2\/posts\/54152\/revisions"}],"predecessor-version":[{"id":54157,"href":"https:\/\/www.musikzeitung.ch\/it\/wp-json\/wp\/v2\/posts\/54152\/revisions\/54157"}],"wp:featuredmedia":[{"embeddable":true,"href":"https:\/\/www.musikzeitung.ch\/it\/wp-json\/wp\/v2\/media\/54153"}],"wp:attachment":[{"href":"https:\/\/www.musikzeitung.ch\/it\/wp-json\/wp\/v2\/media?parent=54152"}],"wp:term":[{"taxonomy":"category","embeddable":true,"href":"https:\/\/www.musikzeitung.ch\/it\/wp-json\/wp\/v2\/categories?post=54152"},{"taxonomy":"post_tag","embeddable":true,"href":"https:\/\/www.musikzeitung.ch\/it\/wp-json\/wp\/v2\/tags?post=54152"}],"curies":[{"name":"wp","href":"https:\/\/api.w.org\/{rel}","templated":true}]}}