{"id":54318,"date":"2024-05-08T16:51:17","date_gmt":"2024-05-08T14:51:17","guid":{"rendered":"https:\/\/www.musikzeitung.ch\/?p=54318"},"modified":"2024-05-13T17:18:23","modified_gmt":"2024-05-13T15:18:23","slug":"reichel","status":"publish","type":"post","link":"https:\/\/www.musikzeitung.ch\/it\/rezensionen\/buecher-rezensionen\/2024\/05\/reichel","title":{"rendered":"Rivoluzionario e romantico bernese"},"content":{"rendered":"<figure id=\"attachment_54457\" aria-describedby=\"caption-attachment-54457\" style=\"width: 2534px\" class=\"wp-caption alignnone\"><img loading=\"lazy\" decoding=\"async\" class=\"wp-image-54457 size-full\" src=\"https:\/\/www.musikzeitung.ch\/wp-content\/uploads\/2024\/05\/Reichel-Adolf-Photo-1-by-Moritz-Vollenweider.jpeg\" alt=\"\" width=\"2534\" height=\"1841\" srcset=\"https:\/\/www.musikzeitung.ch\/wp-content\/uploads\/2024\/05\/Reichel-Adolf-Photo-1-by-Moritz-Vollenweider.jpeg 1376w, https:\/\/www.musikzeitung.ch\/wp-content\/uploads\/2024\/05\/Reichel-Adolf-Photo-1-by-Moritz-Vollenweider-300x218.jpeg 300w, https:\/\/www.musikzeitung.ch\/wp-content\/uploads\/2024\/05\/Reichel-Adolf-Photo-1-by-Moritz-Vollenweider-1024x744.jpeg 1024w, https:\/\/www.musikzeitung.ch\/wp-content\/uploads\/2024\/05\/Reichel-Adolf-Photo-1-by-Moritz-Vollenweider-768x558.jpeg 768w, https:\/\/www.musikzeitung.ch\/wp-content\/uploads\/2024\/05\/Reichel-Adolf-Photo-1-by-Moritz-Vollenweider-1536x1116.jpeg 1536w, https:\/\/www.musikzeitung.ch\/wp-content\/uploads\/2024\/05\/Reichel-Adolf-Photo-1-by-Moritz-Vollenweider-2048x1488.jpeg 2048w, https:\/\/www.musikzeitung.ch\/wp-content\/uploads\/2024\/05\/Reichel-Adolf-Photo-1-by-Moritz-Vollenweider-241x175.jpeg 241w, https:\/\/www.musikzeitung.ch\/wp-content\/uploads\/2024\/05\/Reichel-Adolf-Photo-1-by-Moritz-Vollenweider-482x350.jpeg 482w, https:\/\/www.musikzeitung.ch\/wp-content\/uploads\/2024\/05\/Reichel-Adolf-Photo-1-by-Moritz-Vollenweider-1101x800.jpeg 1101w, https:\/\/www.musikzeitung.ch\/wp-content\/uploads\/2024\/05\/Reichel-Adolf-Photo-1-by-Moritz-Vollenweider-920x668.jpeg 920w, https:\/\/www.musikzeitung.ch\/wp-content\/uploads\/2024\/05\/Reichel-Adolf-Photo-1-by-Moritz-Vollenweider-1400x1017.jpeg 1400w\" sizes=\"auto, (max-width: 2534px) 100vw, 2534px\" \/><figcaption id=\"caption-attachment-54457\" class=\"wp-caption-text\">Adolf Reichel fotografato da Moritz Vollenweider. Immagine: zVg<\/figcaption><\/figure>\n<p>\"Adolf Reichel \u00e8 uno sconosciuto\": cos\u00ec inizia la monografia di Jannis Mallouchos sul direttore d'orchestra, compositore, pianista e pedagogo bernese di origine tedesca. Dopo 652 pagine, l'uomo sconosciuto \u00e8 stato studiato in modo esaustivo come pochi altri suoi colleghi, in un libro erudito che si legge in modo avvincente come un romanzo. Nella letteratura sul primo socialismo e sul Vorm\u00e4rz, Adolf Reichel (1816-1896) \u00e8 da tempo una vecchia conoscenza. Ma anni fa, un manipolo di musicisti (Suzanne Reichel, Adrian Aeschbacher, Stefan Blunier) ha cercato invano di attirare l'attenzione su Reichel come compositore.<\/p>\n<p>Ci sono voluti un compositore e musicologo greco, un professore tedesco, un archivio olandese, un editore austriaco e una coincidenza per riscoprire il musicista svizzero: Mallouchos si \u00e8 imbattuto su Internet nella pronipote di Reichel, che aveva appena rintracciato i manoscritti musicali del suo antenato, andati perduti per decenni.<\/p>\n<h3>Personalit\u00e0 con un'ottima rete di contatti<\/h3>\n<p>Mallouchos ripercorre meticolosamente l'avventuroso percorso di Reichel da buon suddito prussiano a sostenitore di oppositori e rivoluzionari noti alla polizia (che oggi probabilmente dovrebbero sopportare di essere etichettati come \"terroristi\") e infine a sereno repubblicano e cittadino svizzero con cittadinanza dell'Emmental, capostipite di una dinastia che oggi conta sei generazioni di musicisti senza soluzione di continuit\u00e0.<\/p>\n<p>Mallouchos ripercorre gli incontri di Reichel con innumerevoli personalit\u00e0 di rilievo, da Friedrich Schleiermacher ad Alexander Herzen (di cui spos\u00f2 la collega Marija Ern), Georg Herwegh, Fr\u00e9d\u00e9ric Chopin, Pierre-Joseph Proudhon, Karl Marx e il duca Georg II di Saxe-Meiningen, i suoi spostamenti nell'Europa \"rivoluzionaria e romantica\" (John Eliot Gardiner) e la sua lunga amicizia simbiotica con l'anarchico Mikhail Bakunin fino alle pi\u00f9 sottili ramificazioni e relazioni incrociate. L'autore colloca le memorie di Reichel, le sue opere teoriche, le sue lettere e le sue composizioni - musica bella e toccante, scritta in modo conservatore ma molto abile nell'idioma del romanticismo classico tra Beethoven e Schumann - nel contesto storico-intellettuale della loro epoca in modo astuto e consapevole.<\/p>\n<p>Il libro si conclude con l'analisi delle opere, una bibliografia e un elenco delle 279 opere di Reichel, che speriamo di vedere presto pubblicate e riascoltate.<img loading=\"lazy\" decoding=\"async\" class=\"aligncenter wp-image-54320 size-medium\" src=\"https:\/\/www.musikzeitung.ch\/wp-content\/uploads\/2024\/04\/05_crit_buch_Sommerhalder-200x300.jpeg\" alt=\"\" width=\"200\" height=\"300\" srcset=\"https:\/\/www.musikzeitung.ch\/wp-content\/uploads\/2024\/04\/05_crit_buch_Sommerhalder-200x300.jpeg 200w, https:\/\/www.musikzeitung.ch\/wp-content\/uploads\/2024\/04\/05_crit_buch_Sommerhalder-682x1024.jpeg 682w, https:\/\/www.musikzeitung.ch\/wp-content\/uploads\/2024\/04\/05_crit_buch_Sommerhalder-768x1152.jpeg 768w, https:\/\/www.musikzeitung.ch\/wp-content\/uploads\/2024\/04\/05_crit_buch_Sommerhalder-1024x1536.jpeg 1024w, https:\/\/www.musikzeitung.ch\/wp-content\/uploads\/2024\/04\/05_crit_buch_Sommerhalder-117x175.jpeg 117w, https:\/\/www.musikzeitung.ch\/wp-content\/uploads\/2024\/04\/05_crit_buch_Sommerhalder-233x350.jpeg 233w, https:\/\/www.musikzeitung.ch\/wp-content\/uploads\/2024\/04\/05_crit_buch_Sommerhalder-533x800.jpeg 533w, https:\/\/www.musikzeitung.ch\/wp-content\/uploads\/2024\/04\/05_crit_buch_Sommerhalder-920x1380.jpeg 920w, https:\/\/www.musikzeitung.ch\/wp-content\/uploads\/2024\/04\/05_crit_buch_Sommerhalder-300x450.jpeg 300w, https:\/\/www.musikzeitung.ch\/wp-content\/uploads\/2024\/04\/05_crit_buch_Sommerhalder.jpeg 667w\" sizes=\"auto, (max-width: 200px) 100vw, 200px\" \/><\/p>\n<p><em>Jannis Mallouchos: Adolf Reichel (1816-1896), Aspetti politici, storico-culturali, teorico-musicali e compositivi della vita di un musicista, 652 p., \u20ac 80,00, Hollitzer, Vienna 2023, ISBN 978-3-99094-084-6<\/em><\/p>\n<p><em>\u00a0<\/em><\/p>","protected":false},"excerpt":{"rendered":"<p>In una monografia completa, Jannis Mallouchos ripercorre la vita del musicista e confidente di Bakunin Adolf Reichel.<\/p>","protected":false},"author":29,"featured_media":54457,"comment_status":"closed","ping_status":"closed","sticky":false,"template":"","format":"standard","meta":{"_acf_changed":false,"_relevanssi_hide_post":"","_relevanssi_hide_content":"","_relevanssi_pin_for_all":"","_relevanssi_pin_keywords":"","_relevanssi_unpin_keywords":"","_relevanssi_related_keywords":"","_relevanssi_related_include_ids":"","_relevanssi_related_exclude_ids":"","_relevanssi_related_no_append":"","_relevanssi_related_not_related":"","_relevanssi_related_posts":"","_relevanssi_noindex_reason":"","pgc_sgb_lightbox_settings":"","footnotes":""},"categories":[1214,29],"tags":[3986,3988,3987,3989],"class_list":["post-54318","post","type-post","status-publish","format-standard","has-post-thumbnail","hentry","category-buecher-rezensionen","category-rezensionen","tag-adolf-reichel","tag-fruehsozialismus","tag-jannis-mallouchos","tag-michail-bakunin"],"acf":[],"yoast_head":"<!-- This site is optimized with the Yoast SEO plugin v27.4 - https:\/\/yoast.com\/product\/yoast-seo-wordpress\/ -->\n<title>Berner Revolution\u00e4r und Romantiker - Schweizer Musikzeitung<\/title>\n<meta name=\"description\" content=\"In einer umfangreichen Monografie zeichnet Jannis Mallouchos den Lebensweg des Musikers und Bakunin-Vertrauten Adolf Reichel nach.\" \/>\n<meta name=\"robots\" content=\"index, follow, max-snippet:-1, max-image-preview:large, max-video-preview:-1\" \/>\n<link rel=\"canonical\" href=\"https:\/\/www.musikzeitung.ch\/it\/rezensionen\/buecher-rezensionen\/2024\/05\/reichel\/\" \/>\n<meta property=\"og:locale\" content=\"it_IT\" \/>\n<meta property=\"og:type\" content=\"article\" \/>\n<meta property=\"og:title\" content=\"Berner Revolution\u00e4r und Romantiker - Schweizer Musikzeitung\" \/>\n<meta property=\"og:description\" content=\"In einer umfangreichen Monografie zeichnet Jannis Mallouchos den Lebensweg des Musikers und Bakunin-Vertrauten Adolf Reichel nach.\" \/>\n<meta property=\"og:url\" content=\"https:\/\/www.musikzeitung.ch\/it\/rezensionen\/buecher-rezensionen\/2024\/05\/reichel\/\" \/>\n<meta property=\"og:site_name\" content=\"Schweizer Musikzeitung\" \/>\n<meta property=\"article:publisher\" content=\"https:\/\/www.facebook.com\/SchweizerMusikzeitung\/\" \/>\n<meta property=\"article:published_time\" content=\"2024-05-08T14:51:17+00:00\" \/>\n<meta property=\"article:modified_time\" content=\"2024-05-13T15:18:23+00:00\" \/>\n<meta property=\"og:image\" content=\"https:\/\/www.musikzeitung.ch\/wp-content\/uploads\/2024\/05\/Reichel-Adolf-Photo-1-by-Moritz-Vollenweider.jpeg\" \/>\n\t<meta property=\"og:image:width\" content=\"1376\" \/>\n\t<meta property=\"og:image:height\" content=\"1000\" \/>\n\t<meta property=\"og:image:type\" content=\"image\/jpeg\" \/>\n<meta name=\"author\" content=\"pia.schwab\" \/>\n<meta name=\"twitter:card\" content=\"summary_large_image\" \/>\n<meta name=\"twitter:creator\" content=\"@smusikzeitung\" \/>\n<meta name=\"twitter:site\" content=\"@smusikzeitung\" \/>\n<meta name=\"twitter:label1\" content=\"Scritto da\" \/>\n\t<meta name=\"twitter:data1\" content=\"pia.schwab\" \/>\n\t<meta name=\"twitter:label2\" content=\"Tempo di lettura stimato\" \/>\n\t<meta name=\"twitter:data2\" content=\"3 minuti\" \/>\n<script type=\"application\/ld+json\" class=\"yoast-schema-graph\">{\"@context\":\"https:\\\/\\\/schema.org\",\"@graph\":[{\"@type\":\"Article\",\"@id\":\"https:\\\/\\\/www.musikzeitung.ch\\\/rezensionen\\\/buecher-rezensionen\\\/2024\\\/05\\\/reichel#article\",\"isPartOf\":{\"@id\":\"https:\\\/\\\/www.musikzeitung.ch\\\/rezensionen\\\/buecher-rezensionen\\\/2024\\\/05\\\/reichel\"},\"author\":{\"name\":\"pia.schwab\",\"@id\":\"https:\\\/\\\/www.musikzeitung.ch\\\/#\\\/schema\\\/person\\\/ea3d7b86bd7157c78c7ddd37f2f82b5b\"},\"headline\":\"Berner Revolution\u00e4r und Romantiker\",\"datePublished\":\"2024-05-08T14:51:17+00:00\",\"dateModified\":\"2024-05-13T15:18:23+00:00\",\"mainEntityOfPage\":{\"@id\":\"https:\\\/\\\/www.musikzeitung.ch\\\/rezensionen\\\/buecher-rezensionen\\\/2024\\\/05\\\/reichel\"},\"wordCount\":368,\"publisher\":{\"@id\":\"https:\\\/\\\/www.musikzeitung.ch\\\/#organization\"},\"image\":{\"@id\":\"https:\\\/\\\/www.musikzeitung.ch\\\/rezensionen\\\/buecher-rezensionen\\\/2024\\\/05\\\/reichel#primaryimage\"},\"thumbnailUrl\":\"https:\\\/\\\/www.musikzeitung.ch\\\/wp-content\\\/uploads\\\/2024\\\/05\\\/Reichel-Adolf-Photo-1-by-Moritz-Vollenweider.jpeg\",\"keywords\":[\"Adolf Reichel\",\"Fr\u00fchsozialismus\",\"Jannis Mallouchos\",\"Michail Bakunin\"],\"articleSection\":[\"B\u00fccher\",\"Rezensionen\"],\"inLanguage\":\"it-IT\"},{\"@type\":\"WebPage\",\"@id\":\"https:\\\/\\\/www.musikzeitung.ch\\\/rezensionen\\\/buecher-rezensionen\\\/2024\\\/05\\\/reichel\",\"url\":\"https:\\\/\\\/www.musikzeitung.ch\\\/rezensionen\\\/buecher-rezensionen\\\/2024\\\/05\\\/reichel\",\"name\":\"Berner Revolution\u00e4r und Romantiker - Schweizer Musikzeitung\",\"isPartOf\":{\"@id\":\"https:\\\/\\\/www.musikzeitung.ch\\\/#website\"},\"primaryImageOfPage\":{\"@id\":\"https:\\\/\\\/www.musikzeitung.ch\\\/rezensionen\\\/buecher-rezensionen\\\/2024\\\/05\\\/reichel#primaryimage\"},\"image\":{\"@id\":\"https:\\\/\\\/www.musikzeitung.ch\\\/rezensionen\\\/buecher-rezensionen\\\/2024\\\/05\\\/reichel#primaryimage\"},\"thumbnailUrl\":\"https:\\\/\\\/www.musikzeitung.ch\\\/wp-content\\\/uploads\\\/2024\\\/05\\\/Reichel-Adolf-Photo-1-by-Moritz-Vollenweider.jpeg\",\"datePublished\":\"2024-05-08T14:51:17+00:00\",\"dateModified\":\"2024-05-13T15:18:23+00:00\",\"description\":\"In einer umfangreichen Monografie zeichnet Jannis Mallouchos den Lebensweg des Musikers und Bakunin-Vertrauten Adolf Reichel nach.\",\"breadcrumb\":{\"@id\":\"https:\\\/\\\/www.musikzeitung.ch\\\/rezensionen\\\/buecher-rezensionen\\\/2024\\\/05\\\/reichel#breadcrumb\"},\"inLanguage\":\"it-IT\",\"potentialAction\":[{\"@type\":\"ReadAction\",\"target\":[\"https:\\\/\\\/www.musikzeitung.ch\\\/rezensionen\\\/buecher-rezensionen\\\/2024\\\/05\\\/reichel\"]}]},{\"@type\":\"ImageObject\",\"inLanguage\":\"it-IT\",\"@id\":\"https:\\\/\\\/www.musikzeitung.ch\\\/rezensionen\\\/buecher-rezensionen\\\/2024\\\/05\\\/reichel#primaryimage\",\"url\":\"https:\\\/\\\/www.musikzeitung.ch\\\/wp-content\\\/uploads\\\/2024\\\/05\\\/Reichel-Adolf-Photo-1-by-Moritz-Vollenweider.jpeg\",\"contentUrl\":\"https:\\\/\\\/www.musikzeitung.ch\\\/wp-content\\\/uploads\\\/2024\\\/05\\\/Reichel-Adolf-Photo-1-by-Moritz-Vollenweider.jpeg\",\"width\":1376,\"height\":1000},{\"@type\":\"BreadcrumbList\",\"@id\":\"https:\\\/\\\/www.musikzeitung.ch\\\/rezensionen\\\/buecher-rezensionen\\\/2024\\\/05\\\/reichel#breadcrumb\",\"itemListElement\":[{\"@type\":\"ListItem\",\"position\":1,\"name\":\"Home\",\"item\":\"https:\\\/\\\/www.musikzeitung.ch\\\/\"},{\"@type\":\"ListItem\",\"position\":2,\"name\":\"Berner Revolution\u00e4r und Romantiker\"}]},{\"@type\":\"WebSite\",\"@id\":\"https:\\\/\\\/www.musikzeitung.ch\\\/#website\",\"url\":\"https:\\\/\\\/www.musikzeitung.ch\\\/\",\"name\":\"Schweizer Musikzeitung\",\"description\":\"Die f\u00fchrende sparten\u00fcbergreifende Monatszeitung in der Schweiz f\u00fcr musikalische Fragen.\",\"publisher\":{\"@id\":\"https:\\\/\\\/www.musikzeitung.ch\\\/#organization\"},\"potentialAction\":[{\"@type\":\"SearchAction\",\"target\":{\"@type\":\"EntryPoint\",\"urlTemplate\":\"https:\\\/\\\/www.musikzeitung.ch\\\/?s={search_term_string}\"},\"query-input\":{\"@type\":\"PropertyValueSpecification\",\"valueRequired\":true,\"valueName\":\"search_term_string\"}}],\"inLanguage\":\"it-IT\"},{\"@type\":\"Organization\",\"@id\":\"https:\\\/\\\/www.musikzeitung.ch\\\/#organization\",\"name\":\"Schweizer Musikzeitung\",\"url\":\"https:\\\/\\\/www.musikzeitung.ch\\\/\",\"logo\":{\"@type\":\"ImageObject\",\"inLanguage\":\"it-IT\",\"@id\":\"https:\\\/\\\/www.musikzeitung.ch\\\/#\\\/schema\\\/logo\\\/image\\\/\",\"url\":\"https:\\\/\\\/www.musikzeitung.ch\\\/wp-content\\\/uploads\\\/2023\\\/01\\\/SMZ_Schriftzug_Sprache.png\",\"contentUrl\":\"https:\\\/\\\/www.musikzeitung.ch\\\/wp-content\\\/uploads\\\/2023\\\/01\\\/SMZ_Schriftzug_Sprache.png\",\"width\":1400,\"height\":279,\"caption\":\"Schweizer Musikzeitung\"},\"image\":{\"@id\":\"https:\\\/\\\/www.musikzeitung.ch\\\/#\\\/schema\\\/logo\\\/image\\\/\"},\"sameAs\":[\"https:\\\/\\\/www.facebook.com\\\/SchweizerMusikzeitung\\\/\",\"https:\\\/\\\/x.com\\\/smusikzeitung\",\"https:\\\/\\\/www.instagram.com\\\/musikzeitung.ch\\\/\"]},{\"@type\":\"Person\",\"@id\":\"https:\\\/\\\/www.musikzeitung.ch\\\/#\\\/schema\\\/person\\\/ea3d7b86bd7157c78c7ddd37f2f82b5b\",\"name\":\"pia.schwab\",\"image\":{\"@type\":\"ImageObject\",\"inLanguage\":\"it-IT\",\"@id\":\"https:\\\/\\\/secure.gravatar.com\\\/avatar\\\/d39d170de4c2d07e897fbc26cf9d890fc046285c742207b86d8ebabe5fcde2c4?s=96&d=mm&r=g\",\"url\":\"https:\\\/\\\/secure.gravatar.com\\\/avatar\\\/d39d170de4c2d07e897fbc26cf9d890fc046285c742207b86d8ebabe5fcde2c4?s=96&d=mm&r=g\",\"contentUrl\":\"https:\\\/\\\/secure.gravatar.com\\\/avatar\\\/d39d170de4c2d07e897fbc26cf9d890fc046285c742207b86d8ebabe5fcde2c4?s=96&d=mm&r=g\",\"caption\":\"pia.schwab\"},\"url\":\"https:\\\/\\\/www.musikzeitung.ch\\\/it\\\/author\\\/pia-schwab\"}]}<\/script>\n<!-- \/ Yoast SEO plugin. -->","yoast_head_json":{"title":"Rivoluzionario e romantico bernese - Schweizer Musikzeitung","description":"In una monografia completa, Jannis Mallouchos ripercorre la vita del musicista e confidente di Bakunin Adolf Reichel.","robots":{"index":"index","follow":"follow","max-snippet":"max-snippet:-1","max-image-preview":"max-image-preview:large","max-video-preview":"max-video-preview:-1"},"canonical":"https:\/\/www.musikzeitung.ch\/it\/rezensionen\/buecher-rezensionen\/2024\/05\/reichel\/","og_locale":"it_IT","og_type":"article","og_title":"Berner Revolution\u00e4r und Romantiker - Schweizer Musikzeitung","og_description":"In einer umfangreichen Monografie zeichnet Jannis Mallouchos den Lebensweg des Musikers und Bakunin-Vertrauten Adolf Reichel nach.","og_url":"https:\/\/www.musikzeitung.ch\/it\/rezensionen\/buecher-rezensionen\/2024\/05\/reichel\/","og_site_name":"Schweizer Musikzeitung","article_publisher":"https:\/\/www.facebook.com\/SchweizerMusikzeitung\/","article_published_time":"2024-05-08T14:51:17+00:00","article_modified_time":"2024-05-13T15:18:23+00:00","og_image":[{"width":1376,"height":1000,"url":"https:\/\/www.musikzeitung.ch\/wp-content\/uploads\/2024\/05\/Reichel-Adolf-Photo-1-by-Moritz-Vollenweider.jpeg","type":"image\/jpeg"}],"author":"pia.schwab","twitter_card":"summary_large_image","twitter_creator":"@smusikzeitung","twitter_site":"@smusikzeitung","twitter_misc":{"Scritto da":"pia.schwab","Tempo di lettura stimato":"3 minuti"},"schema":{"@context":"https:\/\/schema.org","@graph":[{"@type":"Article","@id":"https:\/\/www.musikzeitung.ch\/rezensionen\/buecher-rezensionen\/2024\/05\/reichel#article","isPartOf":{"@id":"https:\/\/www.musikzeitung.ch\/rezensionen\/buecher-rezensionen\/2024\/05\/reichel"},"author":{"name":"pia.schwab","@id":"https:\/\/www.musikzeitung.ch\/#\/schema\/person\/ea3d7b86bd7157c78c7ddd37f2f82b5b"},"headline":"Berner Revolution\u00e4r und Romantiker","datePublished":"2024-05-08T14:51:17+00:00","dateModified":"2024-05-13T15:18:23+00:00","mainEntityOfPage":{"@id":"https:\/\/www.musikzeitung.ch\/rezensionen\/buecher-rezensionen\/2024\/05\/reichel"},"wordCount":368,"publisher":{"@id":"https:\/\/www.musikzeitung.ch\/#organization"},"image":{"@id":"https:\/\/www.musikzeitung.ch\/rezensionen\/buecher-rezensionen\/2024\/05\/reichel#primaryimage"},"thumbnailUrl":"https:\/\/www.musikzeitung.ch\/wp-content\/uploads\/2024\/05\/Reichel-Adolf-Photo-1-by-Moritz-Vollenweider.jpeg","keywords":["Adolf Reichel","Fr\u00fchsozialismus","Jannis Mallouchos","Michail Bakunin"],"articleSection":["B\u00fccher","Rezensionen"],"inLanguage":"it-IT"},{"@type":"WebPage","@id":"https:\/\/www.musikzeitung.ch\/rezensionen\/buecher-rezensionen\/2024\/05\/reichel","url":"https:\/\/www.musikzeitung.ch\/rezensionen\/buecher-rezensionen\/2024\/05\/reichel","name":"Rivoluzionario e romantico bernese - Schweizer Musikzeitung","isPartOf":{"@id":"https:\/\/www.musikzeitung.ch\/#website"},"primaryImageOfPage":{"@id":"https:\/\/www.musikzeitung.ch\/rezensionen\/buecher-rezensionen\/2024\/05\/reichel#primaryimage"},"image":{"@id":"https:\/\/www.musikzeitung.ch\/rezensionen\/buecher-rezensionen\/2024\/05\/reichel#primaryimage"},"thumbnailUrl":"https:\/\/www.musikzeitung.ch\/wp-content\/uploads\/2024\/05\/Reichel-Adolf-Photo-1-by-Moritz-Vollenweider.jpeg","datePublished":"2024-05-08T14:51:17+00:00","dateModified":"2024-05-13T15:18:23+00:00","description":"In una monografia completa, Jannis Mallouchos ripercorre la vita del musicista e confidente di Bakunin Adolf Reichel.","breadcrumb":{"@id":"https:\/\/www.musikzeitung.ch\/rezensionen\/buecher-rezensionen\/2024\/05\/reichel#breadcrumb"},"inLanguage":"it-IT","potentialAction":[{"@type":"ReadAction","target":["https:\/\/www.musikzeitung.ch\/rezensionen\/buecher-rezensionen\/2024\/05\/reichel"]}]},{"@type":"ImageObject","inLanguage":"it-IT","@id":"https:\/\/www.musikzeitung.ch\/rezensionen\/buecher-rezensionen\/2024\/05\/reichel#primaryimage","url":"https:\/\/www.musikzeitung.ch\/wp-content\/uploads\/2024\/05\/Reichel-Adolf-Photo-1-by-Moritz-Vollenweider.jpeg","contentUrl":"https:\/\/www.musikzeitung.ch\/wp-content\/uploads\/2024\/05\/Reichel-Adolf-Photo-1-by-Moritz-Vollenweider.jpeg","width":1376,"height":1000},{"@type":"BreadcrumbList","@id":"https:\/\/www.musikzeitung.ch\/rezensionen\/buecher-rezensionen\/2024\/05\/reichel#breadcrumb","itemListElement":[{"@type":"ListItem","position":1,"name":"Home","item":"https:\/\/www.musikzeitung.ch\/"},{"@type":"ListItem","position":2,"name":"Berner Revolution\u00e4r und Romantiker"}]},{"@type":"WebSite","@id":"https:\/\/www.musikzeitung.ch\/#website","url":"https:\/\/www.musikzeitung.ch\/","name":"Giornale musicale svizzero","description":"Il principale mensile interdisciplinare della Svizzera per le questioni musicali.","publisher":{"@id":"https:\/\/www.musikzeitung.ch\/#organization"},"potentialAction":[{"@type":"SearchAction","target":{"@type":"EntryPoint","urlTemplate":"https:\/\/www.musikzeitung.ch\/?s={search_term_string}"},"query-input":{"@type":"PropertyValueSpecification","valueRequired":true,"valueName":"search_term_string"}}],"inLanguage":"it-IT"},{"@type":"Organization","@id":"https:\/\/www.musikzeitung.ch\/#organization","name":"Giornale musicale svizzero","url":"https:\/\/www.musikzeitung.ch\/","logo":{"@type":"ImageObject","inLanguage":"it-IT","@id":"https:\/\/www.musikzeitung.ch\/#\/schema\/logo\/image\/","url":"https:\/\/www.musikzeitung.ch\/wp-content\/uploads\/2023\/01\/SMZ_Schriftzug_Sprache.png","contentUrl":"https:\/\/www.musikzeitung.ch\/wp-content\/uploads\/2023\/01\/SMZ_Schriftzug_Sprache.png","width":1400,"height":279,"caption":"Schweizer Musikzeitung"},"image":{"@id":"https:\/\/www.musikzeitung.ch\/#\/schema\/logo\/image\/"},"sameAs":["https:\/\/www.facebook.com\/SchweizerMusikzeitung\/","https:\/\/x.com\/smusikzeitung","https:\/\/www.instagram.com\/musikzeitung.ch\/"]},{"@type":"Person","@id":"https:\/\/www.musikzeitung.ch\/#\/schema\/person\/ea3d7b86bd7157c78c7ddd37f2f82b5b","name":"pia.schwab","image":{"@type":"ImageObject","inLanguage":"it-IT","@id":"https:\/\/secure.gravatar.com\/avatar\/d39d170de4c2d07e897fbc26cf9d890fc046285c742207b86d8ebabe5fcde2c4?s=96&d=mm&r=g","url":"https:\/\/secure.gravatar.com\/avatar\/d39d170de4c2d07e897fbc26cf9d890fc046285c742207b86d8ebabe5fcde2c4?s=96&d=mm&r=g","contentUrl":"https:\/\/secure.gravatar.com\/avatar\/d39d170de4c2d07e897fbc26cf9d890fc046285c742207b86d8ebabe5fcde2c4?s=96&d=mm&r=g","caption":"pia.schwab"},"url":"https:\/\/www.musikzeitung.ch\/it\/author\/pia-schwab"}]}},"publishpress_future_workflow_manual_trigger":{"enabledWorkflows":[]},"_links":{"self":[{"href":"https:\/\/www.musikzeitung.ch\/it\/wp-json\/wp\/v2\/posts\/54318","targetHints":{"allow":["GET"]}}],"collection":[{"href":"https:\/\/www.musikzeitung.ch\/it\/wp-json\/wp\/v2\/posts"}],"about":[{"href":"https:\/\/www.musikzeitung.ch\/it\/wp-json\/wp\/v2\/types\/post"}],"author":[{"embeddable":true,"href":"https:\/\/www.musikzeitung.ch\/it\/wp-json\/wp\/v2\/users\/29"}],"replies":[{"embeddable":true,"href":"https:\/\/www.musikzeitung.ch\/it\/wp-json\/wp\/v2\/comments?post=54318"}],"version-history":[{"count":8,"href":"https:\/\/www.musikzeitung.ch\/it\/wp-json\/wp\/v2\/posts\/54318\/revisions"}],"predecessor-version":[{"id":54458,"href":"https:\/\/www.musikzeitung.ch\/it\/wp-json\/wp\/v2\/posts\/54318\/revisions\/54458"}],"wp:featuredmedia":[{"embeddable":true,"href":"https:\/\/www.musikzeitung.ch\/it\/wp-json\/wp\/v2\/media\/54457"}],"wp:attachment":[{"href":"https:\/\/www.musikzeitung.ch\/it\/wp-json\/wp\/v2\/media?parent=54318"}],"wp:term":[{"taxonomy":"category","embeddable":true,"href":"https:\/\/www.musikzeitung.ch\/it\/wp-json\/wp\/v2\/categories?post=54318"},{"taxonomy":"post_tag","embeddable":true,"href":"https:\/\/www.musikzeitung.ch\/it\/wp-json\/wp\/v2\/tags?post=54318"}],"curies":[{"name":"wp","href":"https:\/\/api.w.org\/{rel}","templated":true}]}}