{"id":54340,"date":"2024-05-06T19:00:41","date_gmt":"2024-05-06T17:00:41","guid":{"rendered":"https:\/\/www.musikzeitung.ch\/?p=54340"},"modified":"2024-05-13T17:23:48","modified_gmt":"2024-05-13T15:23:48","slug":"ella-ronen","status":"publish","type":"post","link":"https:\/\/www.musikzeitung.ch\/it\/rezensionen\/tontraeger-rezensionen\/2024\/05\/ella-ronen","title":{"rendered":"Sotto la pelle"},"content":{"rendered":"<figure id=\"attachment_54343\" aria-describedby=\"caption-attachment-54343\" style=\"width: 933px\" class=\"wp-caption alignnone\"><img loading=\"lazy\" decoding=\"async\" class=\"wp-image-54343 size-full\" src=\"https:\/\/www.musikzeitung.ch\/wp-content\/uploads\/2024\/05\/EllaRonen_PressPic_by_Alessandra-Leimer_Clothes_byLida_Noba.jpg\" alt=\"\" width=\"933\" height=\"622\" srcset=\"https:\/\/www.musikzeitung.ch\/wp-content\/uploads\/2024\/05\/EllaRonen_PressPic_by_Alessandra-Leimer_Clothes_byLida_Noba.jpg 933w, https:\/\/www.musikzeitung.ch\/wp-content\/uploads\/2024\/05\/EllaRonen_PressPic_by_Alessandra-Leimer_Clothes_byLida_Noba-300x200.jpg 300w, https:\/\/www.musikzeitung.ch\/wp-content\/uploads\/2024\/05\/EllaRonen_PressPic_by_Alessandra-Leimer_Clothes_byLida_Noba-600x400.jpg 600w, https:\/\/www.musikzeitung.ch\/wp-content\/uploads\/2024\/05\/EllaRonen_PressPic_by_Alessandra-Leimer_Clothes_byLida_Noba-768x512.jpg 768w, https:\/\/www.musikzeitung.ch\/wp-content\/uploads\/2024\/05\/EllaRonen_PressPic_by_Alessandra-Leimer_Clothes_byLida_Noba-263x175.jpg 263w, https:\/\/www.musikzeitung.ch\/wp-content\/uploads\/2024\/05\/EllaRonen_PressPic_by_Alessandra-Leimer_Clothes_byLida_Noba-525x350.jpg 525w, https:\/\/www.musikzeitung.ch\/wp-content\/uploads\/2024\/05\/EllaRonen_PressPic_by_Alessandra-Leimer_Clothes_byLida_Noba-920x613.jpg 920w\" sizes=\"auto, (max-width: 933px) 100vw, 933px\" \/><figcaption id=\"caption-attachment-54343\" class=\"wp-caption-text\">Ella Ronen. Foto: Alessandra Leimer<\/figcaption><\/figure>\n<p>Non \u00e8 facile superare la canzone che apre questo meraviglioso album. <em>La verit\u00e0 <\/em>racconta la storia autobiografica di una giovane donna. La ragazza inizia una conversazione con un famoso poeta in un bar noto per servire alcolici ai minorenni e viene convinta da lui ad accompagnarlo a casa, dove riesce appena a sfuggire a una grave violenza sessuale. Tuttavia, la canzone non parla tanto di questo quanto della verit\u00e0 che ha raggiunto l'uomo qualche anno fa: \u00c8 stato condannato da un giornale - e da Ella Ronen - per aggressione seriale.<\/p>\n<p>Ella Ronen avvolge questa storia in una melodia che il mini ritornello ellitticamente ricorrente (\"The truth is on its way\"), in combinazione con la vellutata voce di contralto e un sottile arrangiamento di chitarra accentuato da conga e cetra (?), rende davvero indimenticabile. In inglese, l'effetto sarebbe descritto come \"haunting\" (ossessionante) - non riesco a pensare a una traduzione accurata. In ogni caso, ho dovuto <em>La verit\u00e0 <\/em>molte volte prima di riuscire a staccarmi e a lasciarmi coinvolgere dalle restanti nove canzoni.<\/p>\n<p>Per questo \u00e8 ancora pi\u00f9 piacevole poter affermare che il quarto album di Ronen \u00e8 un successo a tutto tondo. Registrato con il produttore americano Sam Cohen (Kevin Morby, Alexandra Savior, ecc.) nel nord dello Stato di New York, il disco \u00e8 <em>La ragazza senza pelle <\/em>un'opera straordinariamente varia e sottile che si concede anche momenti di rabbia (\"Fuck cute\/I'm tired of cute\/cute has never ever served me\"). Ella Ronen \u00e8 cresciuta a Tel Aviv prima di finire a Losanna come studentessa, dove ha registrato il suo album di debutto nel 2014. Ora vive a Zurigo con i suoi due figli ed \u00e8 cofondatrice del collettivo femminista Mino Collective insieme a Brandy Butler e Sarah Palin.<img loading=\"lazy\" decoding=\"async\" class=\"aligncenter wp-image-54344 size-medium\" src=\"https:\/\/www.musikzeitung.ch\/wp-content\/uploads\/2024\/05\/05_crit_cd_Kuenzler-300x300.jpg\" alt=\"\" width=\"300\" height=\"300\" srcset=\"https:\/\/www.musikzeitung.ch\/wp-content\/uploads\/2024\/05\/05_crit_cd_Kuenzler-300x300.jpg 300w, https:\/\/www.musikzeitung.ch\/wp-content\/uploads\/2024\/05\/05_crit_cd_Kuenzler-768x768.jpg 768w, https:\/\/www.musikzeitung.ch\/wp-content\/uploads\/2024\/05\/05_crit_cd_Kuenzler-175x175.jpg 175w, https:\/\/www.musikzeitung.ch\/wp-content\/uploads\/2024\/05\/05_crit_cd_Kuenzler-350x350.jpg 350w, https:\/\/www.musikzeitung.ch\/wp-content\/uploads\/2024\/05\/05_crit_cd_Kuenzler-800x800.jpg 800w, https:\/\/www.musikzeitung.ch\/wp-content\/uploads\/2024\/05\/05_crit_cd_Kuenzler-920x920.jpg 920w, https:\/\/www.musikzeitung.ch\/wp-content\/uploads\/2024\/05\/05_crit_cd_Kuenzler-150x150.jpg 150w, https:\/\/www.musikzeitung.ch\/wp-content\/uploads\/2024\/05\/05_crit_cd_Kuenzler-100x100.jpg 100w, https:\/\/www.musikzeitung.ch\/wp-content\/uploads\/2024\/05\/05_crit_cd_Kuenzler-24x24.jpg 24w, https:\/\/www.musikzeitung.ch\/wp-content\/uploads\/2024\/05\/05_crit_cd_Kuenzler-48x48.jpg 48w, https:\/\/www.musikzeitung.ch\/wp-content\/uploads\/2024\/05\/05_crit_cd_Kuenzler-96x96.jpg 96w, https:\/\/www.musikzeitung.ch\/wp-content\/uploads\/2024\/05\/05_crit_cd_Kuenzler-250x250.jpg 250w, https:\/\/www.musikzeitung.ch\/wp-content\/uploads\/2024\/05\/05_crit_cd_Kuenzler.jpg 1000w\" sizes=\"auto, (max-width: 300px) 100vw, 300px\" \/><\/p>\n<p><em>Ella Ronen: The Girl With No Skin. Irascible Records\/BB*Island<\/em><\/p>\n<p>&nbsp;<\/p>","protected":false},"excerpt":{"rendered":"<p>Il quarto album della cantautrice Ella Ronen ha un inizio brillante e non si appiattisce nelle canzoni successive. <\/p>","protected":false},"author":29,"featured_media":54343,"comment_status":"closed","ping_status":"closed","sticky":false,"template":"","format":"standard","meta":{"_acf_changed":false,"_relevanssi_hide_post":"","_relevanssi_hide_content":"","_relevanssi_pin_for_all":"","_relevanssi_pin_keywords":"","_relevanssi_unpin_keywords":"","_relevanssi_related_keywords":"","_relevanssi_related_include_ids":"","_relevanssi_related_exclude_ids":"","_relevanssi_related_no_append":"","_relevanssi_related_not_related":"","_relevanssi_related_posts":"","_relevanssi_noindex_reason":"","pgc_sgb_lightbox_settings":"","footnotes":""},"categories":[29,1420],"tags":[4002],"class_list":["post-54340","post","type-post","status-publish","format-standard","has-post-thumbnail","hentry","category-rezensionen","category-tontraeger-rezensionen","tag-ella-ronen"],"acf":[],"yoast_head":"<!-- This site is optimized with the Yoast SEO plugin v27.4 - https:\/\/yoast.com\/product\/yoast-seo-wordpress\/ -->\n<title>Unter die Haut - Schweizer Musikzeitung<\/title>\n<meta name=\"description\" content=\"Das vierte Album von Singer\/Songwriter Ella Ronen beginnt fulminant und flacht auch bei den folgenden Liedern nicht ab.\" \/>\n<meta name=\"robots\" content=\"index, follow, max-snippet:-1, max-image-preview:large, max-video-preview:-1\" \/>\n<link rel=\"canonical\" href=\"https:\/\/www.musikzeitung.ch\/it\/rezensionen\/tontraeger-rezensionen\/2024\/05\/ella-ronen\/\" \/>\n<meta property=\"og:locale\" content=\"it_IT\" \/>\n<meta property=\"og:type\" content=\"article\" \/>\n<meta property=\"og:title\" content=\"Unter die Haut - Schweizer Musikzeitung\" \/>\n<meta property=\"og:description\" content=\"Das vierte Album von Singer\/Songwriter Ella Ronen beginnt fulminant und flacht auch bei den folgenden Liedern nicht ab.\" \/>\n<meta property=\"og:url\" content=\"https:\/\/www.musikzeitung.ch\/it\/rezensionen\/tontraeger-rezensionen\/2024\/05\/ella-ronen\/\" \/>\n<meta property=\"og:site_name\" content=\"Schweizer Musikzeitung\" \/>\n<meta property=\"article:publisher\" content=\"https:\/\/www.facebook.com\/SchweizerMusikzeitung\/\" \/>\n<meta property=\"article:published_time\" content=\"2024-05-06T17:00:41+00:00\" \/>\n<meta property=\"article:modified_time\" content=\"2024-05-13T15:23:48+00:00\" \/>\n<meta property=\"og:image\" content=\"https:\/\/www.musikzeitung.ch\/wp-content\/uploads\/2024\/05\/EllaRonen_PressPic_by_Alessandra-Leimer_Clothes_byLida_Noba.jpg\" \/>\n\t<meta property=\"og:image:width\" content=\"933\" \/>\n\t<meta property=\"og:image:height\" content=\"622\" \/>\n\t<meta property=\"og:image:type\" content=\"image\/jpeg\" \/>\n<meta name=\"author\" content=\"pia.schwab\" \/>\n<meta name=\"twitter:card\" content=\"summary_large_image\" \/>\n<meta name=\"twitter:creator\" content=\"@smusikzeitung\" \/>\n<meta name=\"twitter:site\" content=\"@smusikzeitung\" \/>\n<meta name=\"twitter:label1\" content=\"Scritto da\" \/>\n\t<meta name=\"twitter:data1\" content=\"pia.schwab\" \/>\n\t<meta name=\"twitter:label2\" content=\"Tempo di lettura stimato\" \/>\n\t<meta name=\"twitter:data2\" content=\"3 minuti\" \/>\n<script type=\"application\/ld+json\" class=\"yoast-schema-graph\">{\"@context\":\"https:\\\/\\\/schema.org\",\"@graph\":[{\"@type\":\"Article\",\"@id\":\"https:\\\/\\\/www.musikzeitung.ch\\\/rezensionen\\\/tontraeger-rezensionen\\\/2024\\\/05\\\/ella-ronen#article\",\"isPartOf\":{\"@id\":\"https:\\\/\\\/www.musikzeitung.ch\\\/rezensionen\\\/tontraeger-rezensionen\\\/2024\\\/05\\\/ella-ronen\"},\"author\":{\"name\":\"pia.schwab\",\"@id\":\"https:\\\/\\\/www.musikzeitung.ch\\\/#\\\/schema\\\/person\\\/ea3d7b86bd7157c78c7ddd37f2f82b5b\"},\"headline\":\"Unter die Haut\",\"datePublished\":\"2024-05-06T17:00:41+00:00\",\"dateModified\":\"2024-05-13T15:23:48+00:00\",\"mainEntityOfPage\":{\"@id\":\"https:\\\/\\\/www.musikzeitung.ch\\\/rezensionen\\\/tontraeger-rezensionen\\\/2024\\\/05\\\/ella-ronen\"},\"wordCount\":326,\"publisher\":{\"@id\":\"https:\\\/\\\/www.musikzeitung.ch\\\/#organization\"},\"image\":{\"@id\":\"https:\\\/\\\/www.musikzeitung.ch\\\/rezensionen\\\/tontraeger-rezensionen\\\/2024\\\/05\\\/ella-ronen#primaryimage\"},\"thumbnailUrl\":\"https:\\\/\\\/www.musikzeitung.ch\\\/wp-content\\\/uploads\\\/2024\\\/05\\\/EllaRonen_PressPic_by_Alessandra-Leimer_Clothes_byLida_Noba.jpg\",\"keywords\":[\"Ella Ronen\"],\"articleSection\":[\"Rezensionen\",\"Tontr\u00e4ger\"],\"inLanguage\":\"it-IT\"},{\"@type\":\"WebPage\",\"@id\":\"https:\\\/\\\/www.musikzeitung.ch\\\/rezensionen\\\/tontraeger-rezensionen\\\/2024\\\/05\\\/ella-ronen\",\"url\":\"https:\\\/\\\/www.musikzeitung.ch\\\/rezensionen\\\/tontraeger-rezensionen\\\/2024\\\/05\\\/ella-ronen\",\"name\":\"Unter die Haut - Schweizer Musikzeitung\",\"isPartOf\":{\"@id\":\"https:\\\/\\\/www.musikzeitung.ch\\\/#website\"},\"primaryImageOfPage\":{\"@id\":\"https:\\\/\\\/www.musikzeitung.ch\\\/rezensionen\\\/tontraeger-rezensionen\\\/2024\\\/05\\\/ella-ronen#primaryimage\"},\"image\":{\"@id\":\"https:\\\/\\\/www.musikzeitung.ch\\\/rezensionen\\\/tontraeger-rezensionen\\\/2024\\\/05\\\/ella-ronen#primaryimage\"},\"thumbnailUrl\":\"https:\\\/\\\/www.musikzeitung.ch\\\/wp-content\\\/uploads\\\/2024\\\/05\\\/EllaRonen_PressPic_by_Alessandra-Leimer_Clothes_byLida_Noba.jpg\",\"datePublished\":\"2024-05-06T17:00:41+00:00\",\"dateModified\":\"2024-05-13T15:23:48+00:00\",\"description\":\"Das vierte Album von Singer\\\/Songwriter Ella Ronen beginnt fulminant und flacht auch bei den folgenden Liedern nicht ab.\",\"breadcrumb\":{\"@id\":\"https:\\\/\\\/www.musikzeitung.ch\\\/rezensionen\\\/tontraeger-rezensionen\\\/2024\\\/05\\\/ella-ronen#breadcrumb\"},\"inLanguage\":\"it-IT\",\"potentialAction\":[{\"@type\":\"ReadAction\",\"target\":[\"https:\\\/\\\/www.musikzeitung.ch\\\/rezensionen\\\/tontraeger-rezensionen\\\/2024\\\/05\\\/ella-ronen\"]}]},{\"@type\":\"ImageObject\",\"inLanguage\":\"it-IT\",\"@id\":\"https:\\\/\\\/www.musikzeitung.ch\\\/rezensionen\\\/tontraeger-rezensionen\\\/2024\\\/05\\\/ella-ronen#primaryimage\",\"url\":\"https:\\\/\\\/www.musikzeitung.ch\\\/wp-content\\\/uploads\\\/2024\\\/05\\\/EllaRonen_PressPic_by_Alessandra-Leimer_Clothes_byLida_Noba.jpg\",\"contentUrl\":\"https:\\\/\\\/www.musikzeitung.ch\\\/wp-content\\\/uploads\\\/2024\\\/05\\\/EllaRonen_PressPic_by_Alessandra-Leimer_Clothes_byLida_Noba.jpg\",\"width\":933,\"height\":622},{\"@type\":\"BreadcrumbList\",\"@id\":\"https:\\\/\\\/www.musikzeitung.ch\\\/rezensionen\\\/tontraeger-rezensionen\\\/2024\\\/05\\\/ella-ronen#breadcrumb\",\"itemListElement\":[{\"@type\":\"ListItem\",\"position\":1,\"name\":\"Home\",\"item\":\"https:\\\/\\\/www.musikzeitung.ch\\\/\"},{\"@type\":\"ListItem\",\"position\":2,\"name\":\"Unter die Haut\"}]},{\"@type\":\"WebSite\",\"@id\":\"https:\\\/\\\/www.musikzeitung.ch\\\/#website\",\"url\":\"https:\\\/\\\/www.musikzeitung.ch\\\/\",\"name\":\"Schweizer Musikzeitung\",\"description\":\"Die f\u00fchrende sparten\u00fcbergreifende Monatszeitung in der Schweiz f\u00fcr musikalische Fragen.\",\"publisher\":{\"@id\":\"https:\\\/\\\/www.musikzeitung.ch\\\/#organization\"},\"potentialAction\":[{\"@type\":\"SearchAction\",\"target\":{\"@type\":\"EntryPoint\",\"urlTemplate\":\"https:\\\/\\\/www.musikzeitung.ch\\\/?s={search_term_string}\"},\"query-input\":{\"@type\":\"PropertyValueSpecification\",\"valueRequired\":true,\"valueName\":\"search_term_string\"}}],\"inLanguage\":\"it-IT\"},{\"@type\":\"Organization\",\"@id\":\"https:\\\/\\\/www.musikzeitung.ch\\\/#organization\",\"name\":\"Schweizer Musikzeitung\",\"url\":\"https:\\\/\\\/www.musikzeitung.ch\\\/\",\"logo\":{\"@type\":\"ImageObject\",\"inLanguage\":\"it-IT\",\"@id\":\"https:\\\/\\\/www.musikzeitung.ch\\\/#\\\/schema\\\/logo\\\/image\\\/\",\"url\":\"https:\\\/\\\/www.musikzeitung.ch\\\/wp-content\\\/uploads\\\/2023\\\/01\\\/SMZ_Schriftzug_Sprache.png\",\"contentUrl\":\"https:\\\/\\\/www.musikzeitung.ch\\\/wp-content\\\/uploads\\\/2023\\\/01\\\/SMZ_Schriftzug_Sprache.png\",\"width\":1400,\"height\":279,\"caption\":\"Schweizer Musikzeitung\"},\"image\":{\"@id\":\"https:\\\/\\\/www.musikzeitung.ch\\\/#\\\/schema\\\/logo\\\/image\\\/\"},\"sameAs\":[\"https:\\\/\\\/www.facebook.com\\\/SchweizerMusikzeitung\\\/\",\"https:\\\/\\\/x.com\\\/smusikzeitung\",\"https:\\\/\\\/www.instagram.com\\\/musikzeitung.ch\\\/\"]},{\"@type\":\"Person\",\"@id\":\"https:\\\/\\\/www.musikzeitung.ch\\\/#\\\/schema\\\/person\\\/ea3d7b86bd7157c78c7ddd37f2f82b5b\",\"name\":\"pia.schwab\",\"image\":{\"@type\":\"ImageObject\",\"inLanguage\":\"it-IT\",\"@id\":\"https:\\\/\\\/secure.gravatar.com\\\/avatar\\\/d39d170de4c2d07e897fbc26cf9d890fc046285c742207b86d8ebabe5fcde2c4?s=96&d=mm&r=g\",\"url\":\"https:\\\/\\\/secure.gravatar.com\\\/avatar\\\/d39d170de4c2d07e897fbc26cf9d890fc046285c742207b86d8ebabe5fcde2c4?s=96&d=mm&r=g\",\"contentUrl\":\"https:\\\/\\\/secure.gravatar.com\\\/avatar\\\/d39d170de4c2d07e897fbc26cf9d890fc046285c742207b86d8ebabe5fcde2c4?s=96&d=mm&r=g\",\"caption\":\"pia.schwab\"},\"url\":\"https:\\\/\\\/www.musikzeitung.ch\\\/it\\\/author\\\/pia-schwab\"}]}<\/script>\n<!-- \/ Yoast SEO plugin. -->","yoast_head_json":{"title":"Sotto la pelle - Schweizer Musikzeitung","description":"Il quarto album della cantautrice Ella Ronen ha un inizio brillante e non si appiattisce nelle canzoni successive.","robots":{"index":"index","follow":"follow","max-snippet":"max-snippet:-1","max-image-preview":"max-image-preview:large","max-video-preview":"max-video-preview:-1"},"canonical":"https:\/\/www.musikzeitung.ch\/it\/rezensionen\/tontraeger-rezensionen\/2024\/05\/ella-ronen\/","og_locale":"it_IT","og_type":"article","og_title":"Unter die Haut - Schweizer Musikzeitung","og_description":"Das vierte Album von Singer\/Songwriter Ella Ronen beginnt fulminant und flacht auch bei den folgenden Liedern nicht ab.","og_url":"https:\/\/www.musikzeitung.ch\/it\/rezensionen\/tontraeger-rezensionen\/2024\/05\/ella-ronen\/","og_site_name":"Schweizer Musikzeitung","article_publisher":"https:\/\/www.facebook.com\/SchweizerMusikzeitung\/","article_published_time":"2024-05-06T17:00:41+00:00","article_modified_time":"2024-05-13T15:23:48+00:00","og_image":[{"width":933,"height":622,"url":"https:\/\/www.musikzeitung.ch\/wp-content\/uploads\/2024\/05\/EllaRonen_PressPic_by_Alessandra-Leimer_Clothes_byLida_Noba.jpg","type":"image\/jpeg"}],"author":"pia.schwab","twitter_card":"summary_large_image","twitter_creator":"@smusikzeitung","twitter_site":"@smusikzeitung","twitter_misc":{"Scritto da":"pia.schwab","Tempo di lettura stimato":"3 minuti"},"schema":{"@context":"https:\/\/schema.org","@graph":[{"@type":"Article","@id":"https:\/\/www.musikzeitung.ch\/rezensionen\/tontraeger-rezensionen\/2024\/05\/ella-ronen#article","isPartOf":{"@id":"https:\/\/www.musikzeitung.ch\/rezensionen\/tontraeger-rezensionen\/2024\/05\/ella-ronen"},"author":{"name":"pia.schwab","@id":"https:\/\/www.musikzeitung.ch\/#\/schema\/person\/ea3d7b86bd7157c78c7ddd37f2f82b5b"},"headline":"Unter die Haut","datePublished":"2024-05-06T17:00:41+00:00","dateModified":"2024-05-13T15:23:48+00:00","mainEntityOfPage":{"@id":"https:\/\/www.musikzeitung.ch\/rezensionen\/tontraeger-rezensionen\/2024\/05\/ella-ronen"},"wordCount":326,"publisher":{"@id":"https:\/\/www.musikzeitung.ch\/#organization"},"image":{"@id":"https:\/\/www.musikzeitung.ch\/rezensionen\/tontraeger-rezensionen\/2024\/05\/ella-ronen#primaryimage"},"thumbnailUrl":"https:\/\/www.musikzeitung.ch\/wp-content\/uploads\/2024\/05\/EllaRonen_PressPic_by_Alessandra-Leimer_Clothes_byLida_Noba.jpg","keywords":["Ella Ronen"],"articleSection":["Rezensionen","Tontr\u00e4ger"],"inLanguage":"it-IT"},{"@type":"WebPage","@id":"https:\/\/www.musikzeitung.ch\/rezensionen\/tontraeger-rezensionen\/2024\/05\/ella-ronen","url":"https:\/\/www.musikzeitung.ch\/rezensionen\/tontraeger-rezensionen\/2024\/05\/ella-ronen","name":"Sotto la pelle - Schweizer Musikzeitung","isPartOf":{"@id":"https:\/\/www.musikzeitung.ch\/#website"},"primaryImageOfPage":{"@id":"https:\/\/www.musikzeitung.ch\/rezensionen\/tontraeger-rezensionen\/2024\/05\/ella-ronen#primaryimage"},"image":{"@id":"https:\/\/www.musikzeitung.ch\/rezensionen\/tontraeger-rezensionen\/2024\/05\/ella-ronen#primaryimage"},"thumbnailUrl":"https:\/\/www.musikzeitung.ch\/wp-content\/uploads\/2024\/05\/EllaRonen_PressPic_by_Alessandra-Leimer_Clothes_byLida_Noba.jpg","datePublished":"2024-05-06T17:00:41+00:00","dateModified":"2024-05-13T15:23:48+00:00","description":"Il quarto album della cantautrice Ella Ronen ha un inizio brillante e non si appiattisce nelle canzoni successive.","breadcrumb":{"@id":"https:\/\/www.musikzeitung.ch\/rezensionen\/tontraeger-rezensionen\/2024\/05\/ella-ronen#breadcrumb"},"inLanguage":"it-IT","potentialAction":[{"@type":"ReadAction","target":["https:\/\/www.musikzeitung.ch\/rezensionen\/tontraeger-rezensionen\/2024\/05\/ella-ronen"]}]},{"@type":"ImageObject","inLanguage":"it-IT","@id":"https:\/\/www.musikzeitung.ch\/rezensionen\/tontraeger-rezensionen\/2024\/05\/ella-ronen#primaryimage","url":"https:\/\/www.musikzeitung.ch\/wp-content\/uploads\/2024\/05\/EllaRonen_PressPic_by_Alessandra-Leimer_Clothes_byLida_Noba.jpg","contentUrl":"https:\/\/www.musikzeitung.ch\/wp-content\/uploads\/2024\/05\/EllaRonen_PressPic_by_Alessandra-Leimer_Clothes_byLida_Noba.jpg","width":933,"height":622},{"@type":"BreadcrumbList","@id":"https:\/\/www.musikzeitung.ch\/rezensionen\/tontraeger-rezensionen\/2024\/05\/ella-ronen#breadcrumb","itemListElement":[{"@type":"ListItem","position":1,"name":"Home","item":"https:\/\/www.musikzeitung.ch\/"},{"@type":"ListItem","position":2,"name":"Unter die Haut"}]},{"@type":"WebSite","@id":"https:\/\/www.musikzeitung.ch\/#website","url":"https:\/\/www.musikzeitung.ch\/","name":"Giornale musicale svizzero","description":"Il principale mensile interdisciplinare della Svizzera per le questioni musicali.","publisher":{"@id":"https:\/\/www.musikzeitung.ch\/#organization"},"potentialAction":[{"@type":"SearchAction","target":{"@type":"EntryPoint","urlTemplate":"https:\/\/www.musikzeitung.ch\/?s={search_term_string}"},"query-input":{"@type":"PropertyValueSpecification","valueRequired":true,"valueName":"search_term_string"}}],"inLanguage":"it-IT"},{"@type":"Organization","@id":"https:\/\/www.musikzeitung.ch\/#organization","name":"Giornale musicale svizzero","url":"https:\/\/www.musikzeitung.ch\/","logo":{"@type":"ImageObject","inLanguage":"it-IT","@id":"https:\/\/www.musikzeitung.ch\/#\/schema\/logo\/image\/","url":"https:\/\/www.musikzeitung.ch\/wp-content\/uploads\/2023\/01\/SMZ_Schriftzug_Sprache.png","contentUrl":"https:\/\/www.musikzeitung.ch\/wp-content\/uploads\/2023\/01\/SMZ_Schriftzug_Sprache.png","width":1400,"height":279,"caption":"Schweizer Musikzeitung"},"image":{"@id":"https:\/\/www.musikzeitung.ch\/#\/schema\/logo\/image\/"},"sameAs":["https:\/\/www.facebook.com\/SchweizerMusikzeitung\/","https:\/\/x.com\/smusikzeitung","https:\/\/www.instagram.com\/musikzeitung.ch\/"]},{"@type":"Person","@id":"https:\/\/www.musikzeitung.ch\/#\/schema\/person\/ea3d7b86bd7157c78c7ddd37f2f82b5b","name":"pia.schwab","image":{"@type":"ImageObject","inLanguage":"it-IT","@id":"https:\/\/secure.gravatar.com\/avatar\/d39d170de4c2d07e897fbc26cf9d890fc046285c742207b86d8ebabe5fcde2c4?s=96&d=mm&r=g","url":"https:\/\/secure.gravatar.com\/avatar\/d39d170de4c2d07e897fbc26cf9d890fc046285c742207b86d8ebabe5fcde2c4?s=96&d=mm&r=g","contentUrl":"https:\/\/secure.gravatar.com\/avatar\/d39d170de4c2d07e897fbc26cf9d890fc046285c742207b86d8ebabe5fcde2c4?s=96&d=mm&r=g","caption":"pia.schwab"},"url":"https:\/\/www.musikzeitung.ch\/it\/author\/pia-schwab"}]}},"publishpress_future_workflow_manual_trigger":{"enabledWorkflows":[]},"_links":{"self":[{"href":"https:\/\/www.musikzeitung.ch\/it\/wp-json\/wp\/v2\/posts\/54340","targetHints":{"allow":["GET"]}}],"collection":[{"href":"https:\/\/www.musikzeitung.ch\/it\/wp-json\/wp\/v2\/posts"}],"about":[{"href":"https:\/\/www.musikzeitung.ch\/it\/wp-json\/wp\/v2\/types\/post"}],"author":[{"embeddable":true,"href":"https:\/\/www.musikzeitung.ch\/it\/wp-json\/wp\/v2\/users\/29"}],"replies":[{"embeddable":true,"href":"https:\/\/www.musikzeitung.ch\/it\/wp-json\/wp\/v2\/comments?post=54340"}],"version-history":[{"count":3,"href":"https:\/\/www.musikzeitung.ch\/it\/wp-json\/wp\/v2\/posts\/54340\/revisions"}],"predecessor-version":[{"id":54345,"href":"https:\/\/www.musikzeitung.ch\/it\/wp-json\/wp\/v2\/posts\/54340\/revisions\/54345"}],"wp:featuredmedia":[{"embeddable":true,"href":"https:\/\/www.musikzeitung.ch\/it\/wp-json\/wp\/v2\/media\/54343"}],"wp:attachment":[{"href":"https:\/\/www.musikzeitung.ch\/it\/wp-json\/wp\/v2\/media?parent=54340"}],"wp:term":[{"taxonomy":"category","embeddable":true,"href":"https:\/\/www.musikzeitung.ch\/it\/wp-json\/wp\/v2\/categories?post=54340"},{"taxonomy":"post_tag","embeddable":true,"href":"https:\/\/www.musikzeitung.ch\/it\/wp-json\/wp\/v2\/tags?post=54340"}],"curies":[{"name":"wp","href":"https:\/\/api.w.org\/{rel}","templated":true}]}}