{"id":54446,"date":"2024-05-02T11:12:11","date_gmt":"2024-05-02T09:12:11","guid":{"rendered":"https:\/\/www.musikzeitung.ch\/?p=54446"},"modified":"2024-05-13T17:32:44","modified_gmt":"2024-05-13T15:32:44","slug":"auf-der-spur-von-stimmpraeferenzen","status":"publish","type":"post","link":"https:\/\/www.musikzeitung.ch\/it\/news\/2024\/05\/auf-der-spur-von-stimmpraeferenzen","title":{"rendered":"Sulle tracce delle preferenze vocali"},"content":{"rendered":"<figure id=\"attachment_54447\" aria-describedby=\"caption-attachment-54447\" style=\"width: 800px\" class=\"wp-caption alignnone\"><img loading=\"lazy\" decoding=\"async\" class=\"wp-image-54447 size-full\" src=\"https:\/\/www.musikzeitung.ch\/wp-content\/uploads\/2024\/05\/240502mpiea.jpeg\" alt=\"\" width=\"800\" height=\"600\" srcset=\"https:\/\/www.musikzeitung.ch\/wp-content\/uploads\/2024\/05\/240502mpiea.jpeg 800w, https:\/\/www.musikzeitung.ch\/wp-content\/uploads\/2024\/05\/240502mpiea-300x225.jpeg 300w, https:\/\/www.musikzeitung.ch\/wp-content\/uploads\/2024\/05\/240502mpiea-768x576.jpeg 768w, https:\/\/www.musikzeitung.ch\/wp-content\/uploads\/2024\/05\/240502mpiea-233x175.jpeg 233w, https:\/\/www.musikzeitung.ch\/wp-content\/uploads\/2024\/05\/240502mpiea-467x350.jpeg 467w\" sizes=\"auto, (max-width: 800px) 100vw, 800px\" \/><figcaption id=\"caption-attachment-54447\" class=\"wp-caption-text\">Le percezioni personali determinano le preferenze per le voci cantanti. (Immagine: MPIEA \/ F. Bernoully)<\/figcaption><\/figure>\n<p>L'\u00e9quipe ha analizzato in che misura le preferenze personali per determinate voci canore possono essere attribuite a caratteristiche oggettive come la precisione dell'intonazione o il tempo e in che misura la situazione personale o le caratteristiche individuali determinano le preferenze. A tal fine, hanno intervistato 326 persone online e altre 42 nei laboratori dell'Istituto.<\/p>\n<p>Nell'esperimento online introduttivo, un totale di 96 performance vocali a cappella di 16 cantanti esperti sono state valutate in base alle preferenze personali. La valutazione ha mostrato che le preferenze erano ampiamente diffuse e che esistevano grandi differenze individuali nelle preferenze dei soggetti del test. Tuttavia, il team ha anche riscontrato delle somiglianze nelle valutazioni medie, che secondo loro erano dovute, almeno in parte, alle caratteristiche acustiche delle voci stesse.<\/p>\n<p>Tuttavia, questa ipotesi non \u00e8 stata confermata dopo un esame pi\u00f9 approfondito: le caratteristiche acustiche potevano spiegare le valutazioni solo in minima parte. Al contrario, \u00e8 emerso che le preferenze per certe voci erano spiegate dal modo in cui le voci venivano percepite e interpretate dagli ascoltatori stessi.<\/p>\n<p><strong>Pubblicazione originale:<\/strong><br \/>\nBruder, C., Poeppel, D., &amp; Larrouy-Maestri, P. (2024). Caratteristiche percettive (ma non acustiche) predicono le preferenze per la voce cantata. Scientific Reports, 14,8977. <a href=\"https:\/\/doi.org\/10.1038\/s41598-024-58924-9\" target=\"_blank\" rel=\"noopener\">https:\/\/doi.org\/10.1038\/s41598-024-58924-9<\/a><\/p>","protected":false},"excerpt":{"rendered":"<p>Un team di ricerca guidato dal Max Planck Institute for Empirical Aesthetics (MPIEA) di Francoforte sul Meno ha studiato cosa determina le nostre preferenze per le voci cantate. <\/p>","protected":false},"author":30,"featured_media":54447,"comment_status":"closed","ping_status":"closed","sticky":false,"template":"","format":"standard","meta":{"_acf_changed":false,"_relevanssi_hide_post":"","_relevanssi_hide_content":"","_relevanssi_pin_for_all":"","_relevanssi_pin_keywords":"","_relevanssi_unpin_keywords":"","_relevanssi_related_keywords":"","_relevanssi_related_include_ids":"","_relevanssi_related_exclude_ids":"","_relevanssi_related_no_append":"","_relevanssi_related_not_related":"","_relevanssi_related_posts":"","_relevanssi_noindex_reason":"","pgc_sgb_lightbox_settings":"","footnotes":""},"categories":[27],"tags":[2178,4023],"class_list":["post-54446","post","type-post","status-publish","format-standard","has-post-thumbnail","hentry","category-news","tag-max-planck-institut-fuer-empirische-aesthetik","tag-stimmvorlieben"],"acf":[],"yoast_head":"<!-- This site is optimized with the Yoast SEO plugin v27.4 - https:\/\/yoast.com\/product\/yoast-seo-wordpress\/ -->\n<title>Auf der Spur von Stimmpr\u00e4ferenzen - Schweizer Musikzeitung<\/title>\n<meta name=\"description\" content=\"Ein Forschungsteam unter Leitung des Max-Planck-Instituts f\u00fcr empirische \u00c4sthetik hat untersucht, was unsere Vorlieben f\u00fcr Singstimmen ausmacht.\" \/>\n<meta name=\"robots\" content=\"index, follow, max-snippet:-1, max-image-preview:large, max-video-preview:-1\" \/>\n<link rel=\"canonical\" href=\"https:\/\/www.musikzeitung.ch\/it\/news\/2024\/05\/auf-der-spur-von-stimmpraeferenzen\/\" \/>\n<meta property=\"og:locale\" content=\"it_IT\" \/>\n<meta property=\"og:type\" content=\"article\" \/>\n<meta property=\"og:title\" content=\"Auf der Spur von Stimmpr\u00e4ferenzen - Schweizer Musikzeitung\" \/>\n<meta property=\"og:description\" content=\"Ein Forschungsteam unter Leitung des Max-Planck-Instituts f\u00fcr empirische \u00c4sthetik hat untersucht, was unsere Vorlieben f\u00fcr Singstimmen ausmacht.\" \/>\n<meta property=\"og:url\" content=\"https:\/\/www.musikzeitung.ch\/it\/news\/2024\/05\/auf-der-spur-von-stimmpraeferenzen\/\" \/>\n<meta property=\"og:site_name\" content=\"Schweizer Musikzeitung\" \/>\n<meta property=\"article:publisher\" content=\"https:\/\/www.facebook.com\/SchweizerMusikzeitung\/\" \/>\n<meta property=\"article:author\" content=\"https:\/\/www.facebook.com\/wolfgang.bohler.75\" \/>\n<meta property=\"article:published_time\" content=\"2024-05-02T09:12:11+00:00\" \/>\n<meta property=\"article:modified_time\" content=\"2024-05-13T15:32:44+00:00\" \/>\n<meta property=\"og:image\" content=\"https:\/\/www.musikzeitung.ch\/wp-content\/uploads\/2024\/05\/240502mpiea.jpeg\" \/>\n\t<meta property=\"og:image:width\" content=\"800\" \/>\n\t<meta property=\"og:image:height\" content=\"600\" \/>\n\t<meta property=\"og:image:type\" content=\"image\/jpeg\" \/>\n<meta name=\"author\" content=\"Wolfgang B\u00f6hler\" \/>\n<meta name=\"twitter:card\" content=\"summary_large_image\" \/>\n<meta name=\"twitter:creator\" content=\"@smusikzeitung\" \/>\n<meta name=\"twitter:site\" content=\"@smusikzeitung\" \/>\n<meta name=\"twitter:label1\" content=\"Scritto da\" \/>\n\t<meta name=\"twitter:data1\" content=\"Wolfgang B\u00f6hler\" \/>\n\t<meta name=\"twitter:label2\" content=\"Tempo di lettura stimato\" \/>\n\t<meta name=\"twitter:data2\" content=\"2 minuti\" \/>\n<script type=\"application\/ld+json\" class=\"yoast-schema-graph\">{\"@context\":\"https:\\\/\\\/schema.org\",\"@graph\":[{\"@type\":\"Article\",\"@id\":\"https:\\\/\\\/www.musikzeitung.ch\\\/news\\\/2024\\\/05\\\/auf-der-spur-von-stimmpraeferenzen#article\",\"isPartOf\":{\"@id\":\"https:\\\/\\\/www.musikzeitung.ch\\\/news\\\/2024\\\/05\\\/auf-der-spur-von-stimmpraeferenzen\"},\"author\":{\"name\":\"Wolfgang B\u00f6hler\",\"@id\":\"https:\\\/\\\/www.musikzeitung.ch\\\/#\\\/schema\\\/person\\\/0da4fb82d243f1252850a35d0e87cf0c\"},\"headline\":\"Auf der Spur von Stimmpr\u00e4ferenzen\",\"datePublished\":\"2024-05-02T09:12:11+00:00\",\"dateModified\":\"2024-05-13T15:32:44+00:00\",\"mainEntityOfPage\":{\"@id\":\"https:\\\/\\\/www.musikzeitung.ch\\\/news\\\/2024\\\/05\\\/auf-der-spur-von-stimmpraeferenzen\"},\"wordCount\":217,\"publisher\":{\"@id\":\"https:\\\/\\\/www.musikzeitung.ch\\\/#organization\"},\"image\":{\"@id\":\"https:\\\/\\\/www.musikzeitung.ch\\\/news\\\/2024\\\/05\\\/auf-der-spur-von-stimmpraeferenzen#primaryimage\"},\"thumbnailUrl\":\"https:\\\/\\\/www.musikzeitung.ch\\\/wp-content\\\/uploads\\\/2024\\\/05\\\/240502mpiea.jpeg\",\"keywords\":[\"Max-Planck-Institut f\u00fcr empirische \u00c4sthetik\",\"Stimmvorlieben\"],\"articleSection\":[\"News\"],\"inLanguage\":\"it-IT\"},{\"@type\":\"WebPage\",\"@id\":\"https:\\\/\\\/www.musikzeitung.ch\\\/news\\\/2024\\\/05\\\/auf-der-spur-von-stimmpraeferenzen\",\"url\":\"https:\\\/\\\/www.musikzeitung.ch\\\/news\\\/2024\\\/05\\\/auf-der-spur-von-stimmpraeferenzen\",\"name\":\"Auf der Spur von Stimmpr\u00e4ferenzen - Schweizer Musikzeitung\",\"isPartOf\":{\"@id\":\"https:\\\/\\\/www.musikzeitung.ch\\\/#website\"},\"primaryImageOfPage\":{\"@id\":\"https:\\\/\\\/www.musikzeitung.ch\\\/news\\\/2024\\\/05\\\/auf-der-spur-von-stimmpraeferenzen#primaryimage\"},\"image\":{\"@id\":\"https:\\\/\\\/www.musikzeitung.ch\\\/news\\\/2024\\\/05\\\/auf-der-spur-von-stimmpraeferenzen#primaryimage\"},\"thumbnailUrl\":\"https:\\\/\\\/www.musikzeitung.ch\\\/wp-content\\\/uploads\\\/2024\\\/05\\\/240502mpiea.jpeg\",\"datePublished\":\"2024-05-02T09:12:11+00:00\",\"dateModified\":\"2024-05-13T15:32:44+00:00\",\"description\":\"Ein Forschungsteam unter Leitung des Max-Planck-Instituts f\u00fcr empirische \u00c4sthetik hat untersucht, was unsere Vorlieben f\u00fcr Singstimmen ausmacht.\",\"breadcrumb\":{\"@id\":\"https:\\\/\\\/www.musikzeitung.ch\\\/news\\\/2024\\\/05\\\/auf-der-spur-von-stimmpraeferenzen#breadcrumb\"},\"inLanguage\":\"it-IT\",\"potentialAction\":[{\"@type\":\"ReadAction\",\"target\":[\"https:\\\/\\\/www.musikzeitung.ch\\\/news\\\/2024\\\/05\\\/auf-der-spur-von-stimmpraeferenzen\"]}]},{\"@type\":\"ImageObject\",\"inLanguage\":\"it-IT\",\"@id\":\"https:\\\/\\\/www.musikzeitung.ch\\\/news\\\/2024\\\/05\\\/auf-der-spur-von-stimmpraeferenzen#primaryimage\",\"url\":\"https:\\\/\\\/www.musikzeitung.ch\\\/wp-content\\\/uploads\\\/2024\\\/05\\\/240502mpiea.jpeg\",\"contentUrl\":\"https:\\\/\\\/www.musikzeitung.ch\\\/wp-content\\\/uploads\\\/2024\\\/05\\\/240502mpiea.jpeg\",\"width\":800,\"height\":600,\"caption\":\"Pers\u00f6nliche Wahrnehmungen bestimmt Vorlieben f\u00fcr Singstimmen. (Bild: MPIEA \\\/ F. Bernoully)\"},{\"@type\":\"BreadcrumbList\",\"@id\":\"https:\\\/\\\/www.musikzeitung.ch\\\/news\\\/2024\\\/05\\\/auf-der-spur-von-stimmpraeferenzen#breadcrumb\",\"itemListElement\":[{\"@type\":\"ListItem\",\"position\":1,\"name\":\"Home\",\"item\":\"https:\\\/\\\/www.musikzeitung.ch\\\/\"},{\"@type\":\"ListItem\",\"position\":2,\"name\":\"Auf der Spur von Stimmpr\u00e4ferenzen\"}]},{\"@type\":\"WebSite\",\"@id\":\"https:\\\/\\\/www.musikzeitung.ch\\\/#website\",\"url\":\"https:\\\/\\\/www.musikzeitung.ch\\\/\",\"name\":\"Schweizer Musikzeitung\",\"description\":\"Die f\u00fchrende sparten\u00fcbergreifende Monatszeitung in der Schweiz f\u00fcr musikalische Fragen.\",\"publisher\":{\"@id\":\"https:\\\/\\\/www.musikzeitung.ch\\\/#organization\"},\"potentialAction\":[{\"@type\":\"SearchAction\",\"target\":{\"@type\":\"EntryPoint\",\"urlTemplate\":\"https:\\\/\\\/www.musikzeitung.ch\\\/?s={search_term_string}\"},\"query-input\":{\"@type\":\"PropertyValueSpecification\",\"valueRequired\":true,\"valueName\":\"search_term_string\"}}],\"inLanguage\":\"it-IT\"},{\"@type\":\"Organization\",\"@id\":\"https:\\\/\\\/www.musikzeitung.ch\\\/#organization\",\"name\":\"Schweizer Musikzeitung\",\"url\":\"https:\\\/\\\/www.musikzeitung.ch\\\/\",\"logo\":{\"@type\":\"ImageObject\",\"inLanguage\":\"it-IT\",\"@id\":\"https:\\\/\\\/www.musikzeitung.ch\\\/#\\\/schema\\\/logo\\\/image\\\/\",\"url\":\"https:\\\/\\\/www.musikzeitung.ch\\\/wp-content\\\/uploads\\\/2023\\\/01\\\/SMZ_Schriftzug_Sprache.png\",\"contentUrl\":\"https:\\\/\\\/www.musikzeitung.ch\\\/wp-content\\\/uploads\\\/2023\\\/01\\\/SMZ_Schriftzug_Sprache.png\",\"width\":1400,\"height\":279,\"caption\":\"Schweizer Musikzeitung\"},\"image\":{\"@id\":\"https:\\\/\\\/www.musikzeitung.ch\\\/#\\\/schema\\\/logo\\\/image\\\/\"},\"sameAs\":[\"https:\\\/\\\/www.facebook.com\\\/SchweizerMusikzeitung\\\/\",\"https:\\\/\\\/x.com\\\/smusikzeitung\",\"https:\\\/\\\/www.instagram.com\\\/musikzeitung.ch\\\/\"]},{\"@type\":\"Person\",\"@id\":\"https:\\\/\\\/www.musikzeitung.ch\\\/#\\\/schema\\\/person\\\/0da4fb82d243f1252850a35d0e87cf0c\",\"name\":\"Wolfgang B\u00f6hler\",\"image\":{\"@type\":\"ImageObject\",\"inLanguage\":\"it-IT\",\"@id\":\"https:\\\/\\\/www.musikzeitung.ch\\\/wp-content\\\/uploads\\\/2023\\\/01\\\/boehler_portraet_web-e1674139782246-96x96.jpg\",\"url\":\"https:\\\/\\\/www.musikzeitung.ch\\\/wp-content\\\/uploads\\\/2023\\\/01\\\/boehler_portraet_web-e1674139782246-96x96.jpg\",\"contentUrl\":\"https:\\\/\\\/www.musikzeitung.ch\\\/wp-content\\\/uploads\\\/2023\\\/01\\\/boehler_portraet_web-e1674139782246-96x96.jpg\",\"caption\":\"Wolfgang B\u00f6hler\"},\"sameAs\":[\"http:\\\/\\\/www.manacanto.ch\",\"https:\\\/\\\/www.facebook.com\\\/wolfgang.bohler.75\"],\"url\":\"https:\\\/\\\/www.musikzeitung.ch\\\/it\\\/author\\\/wolfgang-boehler\"}]}<\/script>\n<!-- \/ Yoast SEO plugin. -->","yoast_head_json":{"title":"Auf der Spur von Stimmpr\u00e4ferenzen - Schweizer Musikzeitung","description":"Ein Forschungsteam unter Leitung des Max-Planck-Instituts f\u00fcr empirische \u00c4sthetik hat untersucht, was unsere Vorlieben f\u00fcr Singstimmen ausmacht.","robots":{"index":"index","follow":"follow","max-snippet":"max-snippet:-1","max-image-preview":"max-image-preview:large","max-video-preview":"max-video-preview:-1"},"canonical":"https:\/\/www.musikzeitung.ch\/it\/news\/2024\/05\/auf-der-spur-von-stimmpraeferenzen\/","og_locale":"it_IT","og_type":"article","og_title":"Auf der Spur von Stimmpr\u00e4ferenzen - Schweizer Musikzeitung","og_description":"Ein Forschungsteam unter Leitung des Max-Planck-Instituts f\u00fcr empirische \u00c4sthetik hat untersucht, was unsere Vorlieben f\u00fcr Singstimmen ausmacht.","og_url":"https:\/\/www.musikzeitung.ch\/it\/news\/2024\/05\/auf-der-spur-von-stimmpraeferenzen\/","og_site_name":"Schweizer Musikzeitung","article_publisher":"https:\/\/www.facebook.com\/SchweizerMusikzeitung\/","article_author":"https:\/\/www.facebook.com\/wolfgang.bohler.75","article_published_time":"2024-05-02T09:12:11+00:00","article_modified_time":"2024-05-13T15:32:44+00:00","og_image":[{"width":800,"height":600,"url":"https:\/\/www.musikzeitung.ch\/wp-content\/uploads\/2024\/05\/240502mpiea.jpeg","type":"image\/jpeg"}],"author":"Wolfgang B\u00f6hler","twitter_card":"summary_large_image","twitter_creator":"@smusikzeitung","twitter_site":"@smusikzeitung","twitter_misc":{"Scritto da":"Wolfgang B\u00f6hler","Tempo di lettura stimato":"2 minuti"},"schema":{"@context":"https:\/\/schema.org","@graph":[{"@type":"Article","@id":"https:\/\/www.musikzeitung.ch\/news\/2024\/05\/auf-der-spur-von-stimmpraeferenzen#article","isPartOf":{"@id":"https:\/\/www.musikzeitung.ch\/news\/2024\/05\/auf-der-spur-von-stimmpraeferenzen"},"author":{"name":"Wolfgang B\u00f6hler","@id":"https:\/\/www.musikzeitung.ch\/#\/schema\/person\/0da4fb82d243f1252850a35d0e87cf0c"},"headline":"Auf der Spur von Stimmpr\u00e4ferenzen","datePublished":"2024-05-02T09:12:11+00:00","dateModified":"2024-05-13T15:32:44+00:00","mainEntityOfPage":{"@id":"https:\/\/www.musikzeitung.ch\/news\/2024\/05\/auf-der-spur-von-stimmpraeferenzen"},"wordCount":217,"publisher":{"@id":"https:\/\/www.musikzeitung.ch\/#organization"},"image":{"@id":"https:\/\/www.musikzeitung.ch\/news\/2024\/05\/auf-der-spur-von-stimmpraeferenzen#primaryimage"},"thumbnailUrl":"https:\/\/www.musikzeitung.ch\/wp-content\/uploads\/2024\/05\/240502mpiea.jpeg","keywords":["Max-Planck-Institut f\u00fcr empirische \u00c4sthetik","Stimmvorlieben"],"articleSection":["News"],"inLanguage":"it-IT"},{"@type":"WebPage","@id":"https:\/\/www.musikzeitung.ch\/news\/2024\/05\/auf-der-spur-von-stimmpraeferenzen","url":"https:\/\/www.musikzeitung.ch\/news\/2024\/05\/auf-der-spur-von-stimmpraeferenzen","name":"Auf der Spur von Stimmpr\u00e4ferenzen - Schweizer Musikzeitung","isPartOf":{"@id":"https:\/\/www.musikzeitung.ch\/#website"},"primaryImageOfPage":{"@id":"https:\/\/www.musikzeitung.ch\/news\/2024\/05\/auf-der-spur-von-stimmpraeferenzen#primaryimage"},"image":{"@id":"https:\/\/www.musikzeitung.ch\/news\/2024\/05\/auf-der-spur-von-stimmpraeferenzen#primaryimage"},"thumbnailUrl":"https:\/\/www.musikzeitung.ch\/wp-content\/uploads\/2024\/05\/240502mpiea.jpeg","datePublished":"2024-05-02T09:12:11+00:00","dateModified":"2024-05-13T15:32:44+00:00","description":"Ein Forschungsteam unter Leitung des Max-Planck-Instituts f\u00fcr empirische \u00c4sthetik hat untersucht, was unsere Vorlieben f\u00fcr Singstimmen ausmacht.","breadcrumb":{"@id":"https:\/\/www.musikzeitung.ch\/news\/2024\/05\/auf-der-spur-von-stimmpraeferenzen#breadcrumb"},"inLanguage":"it-IT","potentialAction":[{"@type":"ReadAction","target":["https:\/\/www.musikzeitung.ch\/news\/2024\/05\/auf-der-spur-von-stimmpraeferenzen"]}]},{"@type":"ImageObject","inLanguage":"it-IT","@id":"https:\/\/www.musikzeitung.ch\/news\/2024\/05\/auf-der-spur-von-stimmpraeferenzen#primaryimage","url":"https:\/\/www.musikzeitung.ch\/wp-content\/uploads\/2024\/05\/240502mpiea.jpeg","contentUrl":"https:\/\/www.musikzeitung.ch\/wp-content\/uploads\/2024\/05\/240502mpiea.jpeg","width":800,"height":600,"caption":"Pers\u00f6nliche Wahrnehmungen bestimmt Vorlieben f\u00fcr Singstimmen. (Bild: MPIEA \/ F. Bernoully)"},{"@type":"BreadcrumbList","@id":"https:\/\/www.musikzeitung.ch\/news\/2024\/05\/auf-der-spur-von-stimmpraeferenzen#breadcrumb","itemListElement":[{"@type":"ListItem","position":1,"name":"Home","item":"https:\/\/www.musikzeitung.ch\/"},{"@type":"ListItem","position":2,"name":"Auf der Spur von Stimmpr\u00e4ferenzen"}]},{"@type":"WebSite","@id":"https:\/\/www.musikzeitung.ch\/#website","url":"https:\/\/www.musikzeitung.ch\/","name":"Giornale musicale svizzero","description":"Il principale mensile interdisciplinare della Svizzera per le questioni musicali.","publisher":{"@id":"https:\/\/www.musikzeitung.ch\/#organization"},"potentialAction":[{"@type":"SearchAction","target":{"@type":"EntryPoint","urlTemplate":"https:\/\/www.musikzeitung.ch\/?s={search_term_string}"},"query-input":{"@type":"PropertyValueSpecification","valueRequired":true,"valueName":"search_term_string"}}],"inLanguage":"it-IT"},{"@type":"Organization","@id":"https:\/\/www.musikzeitung.ch\/#organization","name":"Giornale musicale svizzero","url":"https:\/\/www.musikzeitung.ch\/","logo":{"@type":"ImageObject","inLanguage":"it-IT","@id":"https:\/\/www.musikzeitung.ch\/#\/schema\/logo\/image\/","url":"https:\/\/www.musikzeitung.ch\/wp-content\/uploads\/2023\/01\/SMZ_Schriftzug_Sprache.png","contentUrl":"https:\/\/www.musikzeitung.ch\/wp-content\/uploads\/2023\/01\/SMZ_Schriftzug_Sprache.png","width":1400,"height":279,"caption":"Schweizer Musikzeitung"},"image":{"@id":"https:\/\/www.musikzeitung.ch\/#\/schema\/logo\/image\/"},"sameAs":["https:\/\/www.facebook.com\/SchweizerMusikzeitung\/","https:\/\/x.com\/smusikzeitung","https:\/\/www.instagram.com\/musikzeitung.ch\/"]},{"@type":"Person","@id":"https:\/\/www.musikzeitung.ch\/#\/schema\/person\/0da4fb82d243f1252850a35d0e87cf0c","name":"Wolfgang B\u00f6hler","image":{"@type":"ImageObject","inLanguage":"it-IT","@id":"https:\/\/www.musikzeitung.ch\/wp-content\/uploads\/2023\/01\/boehler_portraet_web-e1674139782246-96x96.jpg","url":"https:\/\/www.musikzeitung.ch\/wp-content\/uploads\/2023\/01\/boehler_portraet_web-e1674139782246-96x96.jpg","contentUrl":"https:\/\/www.musikzeitung.ch\/wp-content\/uploads\/2023\/01\/boehler_portraet_web-e1674139782246-96x96.jpg","caption":"Wolfgang B\u00f6hler"},"sameAs":["http:\/\/www.manacanto.ch","https:\/\/www.facebook.com\/wolfgang.bohler.75"],"url":"https:\/\/www.musikzeitung.ch\/it\/author\/wolfgang-boehler"}]}},"publishpress_future_workflow_manual_trigger":{"enabledWorkflows":[]},"_links":{"self":[{"href":"https:\/\/www.musikzeitung.ch\/it\/wp-json\/wp\/v2\/posts\/54446","targetHints":{"allow":["GET"]}}],"collection":[{"href":"https:\/\/www.musikzeitung.ch\/it\/wp-json\/wp\/v2\/posts"}],"about":[{"href":"https:\/\/www.musikzeitung.ch\/it\/wp-json\/wp\/v2\/types\/post"}],"author":[{"embeddable":true,"href":"https:\/\/www.musikzeitung.ch\/it\/wp-json\/wp\/v2\/users\/30"}],"replies":[{"embeddable":true,"href":"https:\/\/www.musikzeitung.ch\/it\/wp-json\/wp\/v2\/comments?post=54446"}],"version-history":[{"count":4,"href":"https:\/\/www.musikzeitung.ch\/it\/wp-json\/wp\/v2\/posts\/54446\/revisions"}],"predecessor-version":[{"id":54620,"href":"https:\/\/www.musikzeitung.ch\/it\/wp-json\/wp\/v2\/posts\/54446\/revisions\/54620"}],"wp:featuredmedia":[{"embeddable":true,"href":"https:\/\/www.musikzeitung.ch\/it\/wp-json\/wp\/v2\/media\/54447"}],"wp:attachment":[{"href":"https:\/\/www.musikzeitung.ch\/it\/wp-json\/wp\/v2\/media?parent=54446"}],"wp:term":[{"taxonomy":"category","embeddable":true,"href":"https:\/\/www.musikzeitung.ch\/it\/wp-json\/wp\/v2\/categories?post=54446"},{"taxonomy":"post_tag","embeddable":true,"href":"https:\/\/www.musikzeitung.ch\/it\/wp-json\/wp\/v2\/tags?post=54446"}],"curies":[{"name":"wp","href":"https:\/\/api.w.org\/{rel}","templated":true}]}}