{"id":54850,"date":"2024-05-23T10:21:44","date_gmt":"2024-05-23T08:21:44","guid":{"rendered":"https:\/\/www.musikzeitung.ch\/?p=54850"},"modified":"2024-05-23T16:19:20","modified_gmt":"2024-05-23T14:19:20","slug":"schweizer-grand-prix-musik-2024-geht-an-sol-gabetta","status":"publish","type":"post","link":"https:\/\/www.musikzeitung.ch\/it\/news\/2024\/05\/schweizer-grand-prix-musik-2024-geht-an-sol-gabetta","title":{"rendered":"Il Gran Premio svizzero di musica 2024 va a Sol Gabetta"},"content":{"rendered":"<figure id=\"attachment_40523\" aria-describedby=\"caption-attachment-40523\" style=\"width: 768px\" class=\"wp-caption alignnone\"><img loading=\"lazy\" decoding=\"async\" class=\"wp-image-40523 size-large\" src=\"https:\/\/www.musikzeitung.ch\/wp-content\/uploads\/2023\/02\/2023-02-03_63dcc387a5160_SolGabetta-1024x529.jpg\" alt=\"\" width=\"768\" height=\"397\" srcset=\"https:\/\/www.musikzeitung.ch\/wp-content\/uploads\/2023\/02\/2023-02-03_63dcc387a5160_SolGabetta-1024x529.jpg 1024w, https:\/\/www.musikzeitung.ch\/wp-content\/uploads\/2023\/02\/2023-02-03_63dcc387a5160_SolGabetta-300x155.jpg 300w, https:\/\/www.musikzeitung.ch\/wp-content\/uploads\/2023\/02\/2023-02-03_63dcc387a5160_SolGabetta-768x397.jpg 768w, https:\/\/www.musikzeitung.ch\/wp-content\/uploads\/2023\/02\/2023-02-03_63dcc387a5160_SolGabetta-1536x794.jpg 1536w, https:\/\/www.musikzeitung.ch\/wp-content\/uploads\/2023\/02\/2023-02-03_63dcc387a5160_SolGabetta-339x175.jpg 339w, https:\/\/www.musikzeitung.ch\/wp-content\/uploads\/2023\/02\/2023-02-03_63dcc387a5160_SolGabetta-677x350.jpg 677w, https:\/\/www.musikzeitung.ch\/wp-content\/uploads\/2023\/02\/2023-02-03_63dcc387a5160_SolGabetta-1548x800.jpg 1548w, https:\/\/www.musikzeitung.ch\/wp-content\/uploads\/2023\/02\/2023-02-03_63dcc387a5160_SolGabetta-920x475.jpg 920w, https:\/\/www.musikzeitung.ch\/wp-content\/uploads\/2023\/02\/2023-02-03_63dcc387a5160_SolGabetta.jpg 1400w\" sizes=\"auto, (max-width: 768px) 100vw, 768px\" \/><figcaption id=\"caption-attachment-40523\" class=\"wp-caption-text\">Sol Gabetta (Immagine: zVg)<\/figcaption><\/figure>\n<p>Sol Gabetta \u00e8 nata in Argentina nel 1981 e possiede la cittadinanza svizzera dal 2018. Ha studiato all'Accademia di musica di Basilea e vive da tempo nel comune di Olsberg, nel Canton Argovia. Qui dirige il Festival di musica da camera di Solsberg dalla sua fondazione nel 2006 e insegna all'Accademia di musica di Basilea dal 2005.<\/p>\n<p>Altri premiati sono: Con il compositore Ivo Antognini (Locarno, Ticino), la Svizzera \u00e8 rappresentata a livello internazionale con un riferimento per la composizione corale contemporanea. Simone Aubert (Ginevra) \u00e8 una polistrumentista attiva da oltre 20 anni nella scena sperimentale alternativa ginevrina. Simone Felber (Lucerna) \u00e8 senza dubbio una delle personalit\u00e0 pi\u00f9 interessanti e attive della nuova musica popolare svizzera e, con formazioni come Echo vom Eierstock o iheimisch di Simone Felber, dimostra quanto questo genere possa essere contemporaneo ed emancipato.<\/p>\n<p>Leila Schayegh (Winterthur, Zurigo) \u00e8 un'importante ricercatrice e violinista di musica antica. Tapiwa Svosve (Zurigo) occupa una posizione chiave nel jazz contemporaneo come sassofonista e compositore. Il gruppo Zeal &amp; Ardor (Basilea), guidato da Manuel Gagneux, \u00e8 ampiamente riconosciuto come il fondatore di uno stile musicale che unisce gospel e black metal. Nelle sue opere, Zimoun (Berna) combina in modo impressionante il suono con l'architettura, il movimento con la scultura e l'installazione con gli effetti spaziali.<\/p>\n<p>I premi speciali sono assegnati a istituzioni e attori importanti per il loro contributo alla scena musicale svizzera. Vengono premiati personaggi, locali, etichette o progetti educativi che promuovono attivamente lo status della musica, la promozione della creazione musicale e la diffusione del patrimonio culturale in Svizzera. I Premi speciali Musica 2024 vanno a:<\/p>\n<p>LUFF (Lausanne Underground Film &amp; Music Festival), Smem - Museo e Centro Svizzero degli Strumenti Musicali Elettronici e dei Rituali Somatici: il collettivo e l'etichetta di Basilea \u00e8 composto dai produttori e musicisti Komb\u00e9, Mafou e Mukuna ed \u00e8 diventato una parte importante dell'innovativa scena dei club svizzeri.<\/p>","protected":false},"excerpt":{"rendered":"<p>Sol Gabetta riceve il Gran Premio svizzero di musica 2024, mentre altri premi sono stati assegnati, tra gli altri, a Ivo Antognini, Leila Schayegh, Tapiwa Svosve e Simone Aubert.<\/p>","protected":false},"author":30,"featured_media":40523,"comment_status":"closed","ping_status":"closed","sticky":false,"template":"","format":"standard","meta":{"_acf_changed":false,"_relevanssi_hide_post":"","_relevanssi_hide_content":"","_relevanssi_pin_for_all":"","_relevanssi_pin_keywords":"","_relevanssi_unpin_keywords":"","_relevanssi_related_keywords":"","_relevanssi_related_include_ids":"","_relevanssi_related_exclude_ids":"","_relevanssi_related_no_append":"","_relevanssi_related_not_related":"","_relevanssi_related_posts":"","_relevanssi_noindex_reason":"","pgc_sgb_lightbox_settings":"","footnotes":""},"categories":[27],"tags":[4058,4059],"class_list":["post-54850","post","type-post","status-publish","format-standard","has-post-thumbnail","hentry","category-news","tag-grand-prix-musik-2024","tag-sol-gabetta"],"acf":[],"yoast_head":"<!-- This site is optimized with the Yoast SEO plugin v27.4 - https:\/\/yoast.com\/product\/yoast-seo-wordpress\/ -->\n<title>Schweizer Grand Prix Musik 2024 geht an Sol Gabetta - Schweizer Musikzeitung<\/title>\n<meta name=\"description\" content=\"Sol Gabetta erh\u00e4lt den Schweizer Grand Prix Musik 2024. Weitere Preise gehen u. a. an Ivo Antognini, Leila Schayegh, Tapiwa Svosve und Simone Aubert.\" \/>\n<meta name=\"robots\" content=\"index, follow, max-snippet:-1, max-image-preview:large, max-video-preview:-1\" \/>\n<link rel=\"canonical\" href=\"https:\/\/www.musikzeitung.ch\/it\/news\/2024\/05\/schweizer-grand-prix-musik-2024-geht-an-sol-gabetta\/\" \/>\n<meta property=\"og:locale\" content=\"it_IT\" \/>\n<meta property=\"og:type\" content=\"article\" \/>\n<meta property=\"og:title\" content=\"Schweizer Grand Prix Musik 2024 geht an Sol Gabetta - Schweizer Musikzeitung\" \/>\n<meta property=\"og:description\" content=\"Sol Gabetta erh\u00e4lt den Schweizer Grand Prix Musik 2024. Weitere Preise gehen u. a. an Ivo Antognini, Leila Schayegh, Tapiwa Svosve und Simone Aubert.\" \/>\n<meta property=\"og:url\" content=\"https:\/\/www.musikzeitung.ch\/it\/news\/2024\/05\/schweizer-grand-prix-musik-2024-geht-an-sol-gabetta\/\" \/>\n<meta property=\"og:site_name\" content=\"Schweizer Musikzeitung\" \/>\n<meta property=\"article:publisher\" content=\"https:\/\/www.facebook.com\/SchweizerMusikzeitung\/\" \/>\n<meta property=\"article:author\" content=\"https:\/\/www.facebook.com\/wolfgang.bohler.75\" \/>\n<meta property=\"article:published_time\" content=\"2024-05-23T08:21:44+00:00\" \/>\n<meta property=\"article:modified_time\" content=\"2024-05-23T14:19:20+00:00\" \/>\n<meta property=\"og:image\" content=\"https:\/\/www.musikzeitung.ch\/wp-content\/uploads\/2023\/02\/2023-02-03_63dcc387a5160_SolGabetta.jpg\" \/>\n\t<meta property=\"og:image:width\" content=\"1400\" \/>\n\t<meta property=\"og:image:height\" content=\"723\" \/>\n\t<meta property=\"og:image:type\" content=\"image\/jpeg\" \/>\n<meta name=\"author\" content=\"Wolfgang B\u00f6hler\" \/>\n<meta name=\"twitter:card\" content=\"summary_large_image\" \/>\n<meta name=\"twitter:creator\" content=\"@smusikzeitung\" \/>\n<meta name=\"twitter:site\" content=\"@smusikzeitung\" \/>\n<meta name=\"twitter:label1\" content=\"Scritto da\" \/>\n\t<meta name=\"twitter:data1\" content=\"Wolfgang B\u00f6hler\" \/>\n\t<meta name=\"twitter:label2\" content=\"Tempo di lettura stimato\" \/>\n\t<meta name=\"twitter:data2\" content=\"3 minuti\" \/>\n<script type=\"application\/ld+json\" class=\"yoast-schema-graph\">{\"@context\":\"https:\\\/\\\/schema.org\",\"@graph\":[{\"@type\":\"Article\",\"@id\":\"https:\\\/\\\/www.musikzeitung.ch\\\/news\\\/2024\\\/05\\\/schweizer-grand-prix-musik-2024-geht-an-sol-gabetta#article\",\"isPartOf\":{\"@id\":\"https:\\\/\\\/www.musikzeitung.ch\\\/news\\\/2024\\\/05\\\/schweizer-grand-prix-musik-2024-geht-an-sol-gabetta\"},\"author\":{\"name\":\"Wolfgang B\u00f6hler\",\"@id\":\"https:\\\/\\\/www.musikzeitung.ch\\\/#\\\/schema\\\/person\\\/0da4fb82d243f1252850a35d0e87cf0c\"},\"headline\":\"Schweizer Grand Prix Musik 2024 geht an Sol Gabetta\",\"datePublished\":\"2024-05-23T08:21:44+00:00\",\"dateModified\":\"2024-05-23T14:19:20+00:00\",\"mainEntityOfPage\":{\"@id\":\"https:\\\/\\\/www.musikzeitung.ch\\\/news\\\/2024\\\/05\\\/schweizer-grand-prix-musik-2024-geht-an-sol-gabetta\"},\"wordCount\":329,\"publisher\":{\"@id\":\"https:\\\/\\\/www.musikzeitung.ch\\\/#organization\"},\"image\":{\"@id\":\"https:\\\/\\\/www.musikzeitung.ch\\\/news\\\/2024\\\/05\\\/schweizer-grand-prix-musik-2024-geht-an-sol-gabetta#primaryimage\"},\"thumbnailUrl\":\"https:\\\/\\\/www.musikzeitung.ch\\\/wp-content\\\/uploads\\\/2023\\\/02\\\/2023-02-03_63dcc387a5160_SolGabetta.jpg\",\"keywords\":[\"Grand Prix Musik 2024\",\"Sol Gabetta\"],\"articleSection\":[\"News\"],\"inLanguage\":\"it-IT\"},{\"@type\":\"WebPage\",\"@id\":\"https:\\\/\\\/www.musikzeitung.ch\\\/news\\\/2024\\\/05\\\/schweizer-grand-prix-musik-2024-geht-an-sol-gabetta\",\"url\":\"https:\\\/\\\/www.musikzeitung.ch\\\/news\\\/2024\\\/05\\\/schweizer-grand-prix-musik-2024-geht-an-sol-gabetta\",\"name\":\"Schweizer Grand Prix Musik 2024 geht an Sol Gabetta - Schweizer Musikzeitung\",\"isPartOf\":{\"@id\":\"https:\\\/\\\/www.musikzeitung.ch\\\/#website\"},\"primaryImageOfPage\":{\"@id\":\"https:\\\/\\\/www.musikzeitung.ch\\\/news\\\/2024\\\/05\\\/schweizer-grand-prix-musik-2024-geht-an-sol-gabetta#primaryimage\"},\"image\":{\"@id\":\"https:\\\/\\\/www.musikzeitung.ch\\\/news\\\/2024\\\/05\\\/schweizer-grand-prix-musik-2024-geht-an-sol-gabetta#primaryimage\"},\"thumbnailUrl\":\"https:\\\/\\\/www.musikzeitung.ch\\\/wp-content\\\/uploads\\\/2023\\\/02\\\/2023-02-03_63dcc387a5160_SolGabetta.jpg\",\"datePublished\":\"2024-05-23T08:21:44+00:00\",\"dateModified\":\"2024-05-23T14:19:20+00:00\",\"description\":\"Sol Gabetta erh\u00e4lt den Schweizer Grand Prix Musik 2024. Weitere Preise gehen u. a. an Ivo Antognini, Leila Schayegh, Tapiwa Svosve und Simone Aubert.\",\"breadcrumb\":{\"@id\":\"https:\\\/\\\/www.musikzeitung.ch\\\/news\\\/2024\\\/05\\\/schweizer-grand-prix-musik-2024-geht-an-sol-gabetta#breadcrumb\"},\"inLanguage\":\"it-IT\",\"potentialAction\":[{\"@type\":\"ReadAction\",\"target\":[\"https:\\\/\\\/www.musikzeitung.ch\\\/news\\\/2024\\\/05\\\/schweizer-grand-prix-musik-2024-geht-an-sol-gabetta\"]}]},{\"@type\":\"ImageObject\",\"inLanguage\":\"it-IT\",\"@id\":\"https:\\\/\\\/www.musikzeitung.ch\\\/news\\\/2024\\\/05\\\/schweizer-grand-prix-musik-2024-geht-an-sol-gabetta#primaryimage\",\"url\":\"https:\\\/\\\/www.musikzeitung.ch\\\/wp-content\\\/uploads\\\/2023\\\/02\\\/2023-02-03_63dcc387a5160_SolGabetta.jpg\",\"contentUrl\":\"https:\\\/\\\/www.musikzeitung.ch\\\/wp-content\\\/uploads\\\/2023\\\/02\\\/2023-02-03_63dcc387a5160_SolGabetta.jpg\",\"width\":1400,\"height\":723},{\"@type\":\"BreadcrumbList\",\"@id\":\"https:\\\/\\\/www.musikzeitung.ch\\\/news\\\/2024\\\/05\\\/schweizer-grand-prix-musik-2024-geht-an-sol-gabetta#breadcrumb\",\"itemListElement\":[{\"@type\":\"ListItem\",\"position\":1,\"name\":\"Home\",\"item\":\"https:\\\/\\\/www.musikzeitung.ch\\\/\"},{\"@type\":\"ListItem\",\"position\":2,\"name\":\"Schweizer Grand Prix Musik 2024 geht an Sol Gabetta\"}]},{\"@type\":\"WebSite\",\"@id\":\"https:\\\/\\\/www.musikzeitung.ch\\\/#website\",\"url\":\"https:\\\/\\\/www.musikzeitung.ch\\\/\",\"name\":\"Schweizer Musikzeitung\",\"description\":\"Die f\u00fchrende sparten\u00fcbergreifende Monatszeitung in der Schweiz f\u00fcr musikalische Fragen.\",\"publisher\":{\"@id\":\"https:\\\/\\\/www.musikzeitung.ch\\\/#organization\"},\"potentialAction\":[{\"@type\":\"SearchAction\",\"target\":{\"@type\":\"EntryPoint\",\"urlTemplate\":\"https:\\\/\\\/www.musikzeitung.ch\\\/?s={search_term_string}\"},\"query-input\":{\"@type\":\"PropertyValueSpecification\",\"valueRequired\":true,\"valueName\":\"search_term_string\"}}],\"inLanguage\":\"it-IT\"},{\"@type\":\"Organization\",\"@id\":\"https:\\\/\\\/www.musikzeitung.ch\\\/#organization\",\"name\":\"Schweizer Musikzeitung\",\"url\":\"https:\\\/\\\/www.musikzeitung.ch\\\/\",\"logo\":{\"@type\":\"ImageObject\",\"inLanguage\":\"it-IT\",\"@id\":\"https:\\\/\\\/www.musikzeitung.ch\\\/#\\\/schema\\\/logo\\\/image\\\/\",\"url\":\"https:\\\/\\\/www.musikzeitung.ch\\\/wp-content\\\/uploads\\\/2023\\\/01\\\/SMZ_Schriftzug_Sprache.png\",\"contentUrl\":\"https:\\\/\\\/www.musikzeitung.ch\\\/wp-content\\\/uploads\\\/2023\\\/01\\\/SMZ_Schriftzug_Sprache.png\",\"width\":1400,\"height\":279,\"caption\":\"Schweizer Musikzeitung\"},\"image\":{\"@id\":\"https:\\\/\\\/www.musikzeitung.ch\\\/#\\\/schema\\\/logo\\\/image\\\/\"},\"sameAs\":[\"https:\\\/\\\/www.facebook.com\\\/SchweizerMusikzeitung\\\/\",\"https:\\\/\\\/x.com\\\/smusikzeitung\",\"https:\\\/\\\/www.instagram.com\\\/musikzeitung.ch\\\/\"]},{\"@type\":\"Person\",\"@id\":\"https:\\\/\\\/www.musikzeitung.ch\\\/#\\\/schema\\\/person\\\/0da4fb82d243f1252850a35d0e87cf0c\",\"name\":\"Wolfgang B\u00f6hler\",\"image\":{\"@type\":\"ImageObject\",\"inLanguage\":\"it-IT\",\"@id\":\"https:\\\/\\\/www.musikzeitung.ch\\\/wp-content\\\/uploads\\\/2023\\\/01\\\/boehler_portraet_web-e1674139782246-96x96.jpg\",\"url\":\"https:\\\/\\\/www.musikzeitung.ch\\\/wp-content\\\/uploads\\\/2023\\\/01\\\/boehler_portraet_web-e1674139782246-96x96.jpg\",\"contentUrl\":\"https:\\\/\\\/www.musikzeitung.ch\\\/wp-content\\\/uploads\\\/2023\\\/01\\\/boehler_portraet_web-e1674139782246-96x96.jpg\",\"caption\":\"Wolfgang B\u00f6hler\"},\"sameAs\":[\"http:\\\/\\\/www.manacanto.ch\",\"https:\\\/\\\/www.facebook.com\\\/wolfgang.bohler.75\"],\"url\":\"https:\\\/\\\/www.musikzeitung.ch\\\/it\\\/author\\\/wolfgang-boehler\"}]}<\/script>\n<!-- \/ Yoast SEO plugin. -->","yoast_head_json":{"title":"Schweizer Grand Prix Musik 2024 geht an Sol Gabetta - Schweizer Musikzeitung","description":"Sol Gabetta erh\u00e4lt den Schweizer Grand Prix Musik 2024. Weitere Preise gehen u. a. an Ivo Antognini, Leila Schayegh, Tapiwa Svosve und Simone Aubert.","robots":{"index":"index","follow":"follow","max-snippet":"max-snippet:-1","max-image-preview":"max-image-preview:large","max-video-preview":"max-video-preview:-1"},"canonical":"https:\/\/www.musikzeitung.ch\/it\/news\/2024\/05\/schweizer-grand-prix-musik-2024-geht-an-sol-gabetta\/","og_locale":"it_IT","og_type":"article","og_title":"Schweizer Grand Prix Musik 2024 geht an Sol Gabetta - Schweizer Musikzeitung","og_description":"Sol Gabetta erh\u00e4lt den Schweizer Grand Prix Musik 2024. Weitere Preise gehen u. a. an Ivo Antognini, Leila Schayegh, Tapiwa Svosve und Simone Aubert.","og_url":"https:\/\/www.musikzeitung.ch\/it\/news\/2024\/05\/schweizer-grand-prix-musik-2024-geht-an-sol-gabetta\/","og_site_name":"Schweizer Musikzeitung","article_publisher":"https:\/\/www.facebook.com\/SchweizerMusikzeitung\/","article_author":"https:\/\/www.facebook.com\/wolfgang.bohler.75","article_published_time":"2024-05-23T08:21:44+00:00","article_modified_time":"2024-05-23T14:19:20+00:00","og_image":[{"width":1400,"height":723,"url":"https:\/\/www.musikzeitung.ch\/wp-content\/uploads\/2023\/02\/2023-02-03_63dcc387a5160_SolGabetta.jpg","type":"image\/jpeg"}],"author":"Wolfgang B\u00f6hler","twitter_card":"summary_large_image","twitter_creator":"@smusikzeitung","twitter_site":"@smusikzeitung","twitter_misc":{"Scritto da":"Wolfgang B\u00f6hler","Tempo di lettura stimato":"3 minuti"},"schema":{"@context":"https:\/\/schema.org","@graph":[{"@type":"Article","@id":"https:\/\/www.musikzeitung.ch\/news\/2024\/05\/schweizer-grand-prix-musik-2024-geht-an-sol-gabetta#article","isPartOf":{"@id":"https:\/\/www.musikzeitung.ch\/news\/2024\/05\/schweizer-grand-prix-musik-2024-geht-an-sol-gabetta"},"author":{"name":"Wolfgang B\u00f6hler","@id":"https:\/\/www.musikzeitung.ch\/#\/schema\/person\/0da4fb82d243f1252850a35d0e87cf0c"},"headline":"Schweizer Grand Prix Musik 2024 geht an Sol Gabetta","datePublished":"2024-05-23T08:21:44+00:00","dateModified":"2024-05-23T14:19:20+00:00","mainEntityOfPage":{"@id":"https:\/\/www.musikzeitung.ch\/news\/2024\/05\/schweizer-grand-prix-musik-2024-geht-an-sol-gabetta"},"wordCount":329,"publisher":{"@id":"https:\/\/www.musikzeitung.ch\/#organization"},"image":{"@id":"https:\/\/www.musikzeitung.ch\/news\/2024\/05\/schweizer-grand-prix-musik-2024-geht-an-sol-gabetta#primaryimage"},"thumbnailUrl":"https:\/\/www.musikzeitung.ch\/wp-content\/uploads\/2023\/02\/2023-02-03_63dcc387a5160_SolGabetta.jpg","keywords":["Grand Prix Musik 2024","Sol Gabetta"],"articleSection":["News"],"inLanguage":"it-IT"},{"@type":"WebPage","@id":"https:\/\/www.musikzeitung.ch\/news\/2024\/05\/schweizer-grand-prix-musik-2024-geht-an-sol-gabetta","url":"https:\/\/www.musikzeitung.ch\/news\/2024\/05\/schweizer-grand-prix-musik-2024-geht-an-sol-gabetta","name":"Schweizer Grand Prix Musik 2024 geht an Sol Gabetta - Schweizer Musikzeitung","isPartOf":{"@id":"https:\/\/www.musikzeitung.ch\/#website"},"primaryImageOfPage":{"@id":"https:\/\/www.musikzeitung.ch\/news\/2024\/05\/schweizer-grand-prix-musik-2024-geht-an-sol-gabetta#primaryimage"},"image":{"@id":"https:\/\/www.musikzeitung.ch\/news\/2024\/05\/schweizer-grand-prix-musik-2024-geht-an-sol-gabetta#primaryimage"},"thumbnailUrl":"https:\/\/www.musikzeitung.ch\/wp-content\/uploads\/2023\/02\/2023-02-03_63dcc387a5160_SolGabetta.jpg","datePublished":"2024-05-23T08:21:44+00:00","dateModified":"2024-05-23T14:19:20+00:00","description":"Sol Gabetta erh\u00e4lt den Schweizer Grand Prix Musik 2024. Weitere Preise gehen u. a. an Ivo Antognini, Leila Schayegh, Tapiwa Svosve und Simone Aubert.","breadcrumb":{"@id":"https:\/\/www.musikzeitung.ch\/news\/2024\/05\/schweizer-grand-prix-musik-2024-geht-an-sol-gabetta#breadcrumb"},"inLanguage":"it-IT","potentialAction":[{"@type":"ReadAction","target":["https:\/\/www.musikzeitung.ch\/news\/2024\/05\/schweizer-grand-prix-musik-2024-geht-an-sol-gabetta"]}]},{"@type":"ImageObject","inLanguage":"it-IT","@id":"https:\/\/www.musikzeitung.ch\/news\/2024\/05\/schweizer-grand-prix-musik-2024-geht-an-sol-gabetta#primaryimage","url":"https:\/\/www.musikzeitung.ch\/wp-content\/uploads\/2023\/02\/2023-02-03_63dcc387a5160_SolGabetta.jpg","contentUrl":"https:\/\/www.musikzeitung.ch\/wp-content\/uploads\/2023\/02\/2023-02-03_63dcc387a5160_SolGabetta.jpg","width":1400,"height":723},{"@type":"BreadcrumbList","@id":"https:\/\/www.musikzeitung.ch\/news\/2024\/05\/schweizer-grand-prix-musik-2024-geht-an-sol-gabetta#breadcrumb","itemListElement":[{"@type":"ListItem","position":1,"name":"Home","item":"https:\/\/www.musikzeitung.ch\/"},{"@type":"ListItem","position":2,"name":"Schweizer Grand Prix Musik 2024 geht an Sol Gabetta"}]},{"@type":"WebSite","@id":"https:\/\/www.musikzeitung.ch\/#website","url":"https:\/\/www.musikzeitung.ch\/","name":"Giornale musicale svizzero","description":"Il principale mensile interdisciplinare della Svizzera per le questioni musicali.","publisher":{"@id":"https:\/\/www.musikzeitung.ch\/#organization"},"potentialAction":[{"@type":"SearchAction","target":{"@type":"EntryPoint","urlTemplate":"https:\/\/www.musikzeitung.ch\/?s={search_term_string}"},"query-input":{"@type":"PropertyValueSpecification","valueRequired":true,"valueName":"search_term_string"}}],"inLanguage":"it-IT"},{"@type":"Organization","@id":"https:\/\/www.musikzeitung.ch\/#organization","name":"Giornale musicale svizzero","url":"https:\/\/www.musikzeitung.ch\/","logo":{"@type":"ImageObject","inLanguage":"it-IT","@id":"https:\/\/www.musikzeitung.ch\/#\/schema\/logo\/image\/","url":"https:\/\/www.musikzeitung.ch\/wp-content\/uploads\/2023\/01\/SMZ_Schriftzug_Sprache.png","contentUrl":"https:\/\/www.musikzeitung.ch\/wp-content\/uploads\/2023\/01\/SMZ_Schriftzug_Sprache.png","width":1400,"height":279,"caption":"Schweizer Musikzeitung"},"image":{"@id":"https:\/\/www.musikzeitung.ch\/#\/schema\/logo\/image\/"},"sameAs":["https:\/\/www.facebook.com\/SchweizerMusikzeitung\/","https:\/\/x.com\/smusikzeitung","https:\/\/www.instagram.com\/musikzeitung.ch\/"]},{"@type":"Person","@id":"https:\/\/www.musikzeitung.ch\/#\/schema\/person\/0da4fb82d243f1252850a35d0e87cf0c","name":"Wolfgang B\u00f6hler","image":{"@type":"ImageObject","inLanguage":"it-IT","@id":"https:\/\/www.musikzeitung.ch\/wp-content\/uploads\/2023\/01\/boehler_portraet_web-e1674139782246-96x96.jpg","url":"https:\/\/www.musikzeitung.ch\/wp-content\/uploads\/2023\/01\/boehler_portraet_web-e1674139782246-96x96.jpg","contentUrl":"https:\/\/www.musikzeitung.ch\/wp-content\/uploads\/2023\/01\/boehler_portraet_web-e1674139782246-96x96.jpg","caption":"Wolfgang B\u00f6hler"},"sameAs":["http:\/\/www.manacanto.ch","https:\/\/www.facebook.com\/wolfgang.bohler.75"],"url":"https:\/\/www.musikzeitung.ch\/it\/author\/wolfgang-boehler"}]}},"publishpress_future_workflow_manual_trigger":{"enabledWorkflows":[]},"_links":{"self":[{"href":"https:\/\/www.musikzeitung.ch\/it\/wp-json\/wp\/v2\/posts\/54850","targetHints":{"allow":["GET"]}}],"collection":[{"href":"https:\/\/www.musikzeitung.ch\/it\/wp-json\/wp\/v2\/posts"}],"about":[{"href":"https:\/\/www.musikzeitung.ch\/it\/wp-json\/wp\/v2\/types\/post"}],"author":[{"embeddable":true,"href":"https:\/\/www.musikzeitung.ch\/it\/wp-json\/wp\/v2\/users\/30"}],"replies":[{"embeddable":true,"href":"https:\/\/www.musikzeitung.ch\/it\/wp-json\/wp\/v2\/comments?post=54850"}],"version-history":[{"count":1,"href":"https:\/\/www.musikzeitung.ch\/it\/wp-json\/wp\/v2\/posts\/54850\/revisions"}],"predecessor-version":[{"id":54851,"href":"https:\/\/www.musikzeitung.ch\/it\/wp-json\/wp\/v2\/posts\/54850\/revisions\/54851"}],"wp:featuredmedia":[{"embeddable":true,"href":"https:\/\/www.musikzeitung.ch\/it\/wp-json\/wp\/v2\/media\/40523"}],"wp:attachment":[{"href":"https:\/\/www.musikzeitung.ch\/it\/wp-json\/wp\/v2\/media?parent=54850"}],"wp:term":[{"taxonomy":"category","embeddable":true,"href":"https:\/\/www.musikzeitung.ch\/it\/wp-json\/wp\/v2\/categories?post=54850"},{"taxonomy":"post_tag","embeddable":true,"href":"https:\/\/www.musikzeitung.ch\/it\/wp-json\/wp\/v2\/tags?post=54850"}],"curies":[{"name":"wp","href":"https:\/\/api.w.org\/{rel}","templated":true}]}}