{"id":55268,"date":"2024-06-10T06:59:24","date_gmt":"2024-06-10T04:59:24","guid":{"rendered":"https:\/\/www.musikzeitung.ch\/?p=55268"},"modified":"2024-06-10T10:59:35","modified_gmt":"2024-06-10T08:59:35","slug":"schultsz-wird-chefdirigent-des-collegium-musicum-basel","status":"publish","type":"post","link":"https:\/\/www.musikzeitung.ch\/it\/news\/2024\/06\/schultsz-wird-chefdirigent-des-collegium-musicum-basel","title":{"rendered":"Schultsz diventa direttore principale del Collegium Musicum di Basilea"},"content":{"rendered":"<figure id=\"attachment_55269\" aria-describedby=\"caption-attachment-55269\" style=\"width: 768px\" class=\"wp-caption alignnone\"><img loading=\"lazy\" decoding=\"async\" class=\"wp-image-55269 size-large\" src=\"https:\/\/www.musikzeitung.ch\/wp-content\/uploads\/2024\/06\/240610schultz-1024x704.jpg\" alt=\"\" width=\"768\" height=\"528\" srcset=\"https:\/\/www.musikzeitung.ch\/wp-content\/uploads\/2024\/06\/240610schultz-1024x704.jpg 1024w, https:\/\/www.musikzeitung.ch\/wp-content\/uploads\/2024\/06\/240610schultz-300x206.jpg 300w, https:\/\/www.musikzeitung.ch\/wp-content\/uploads\/2024\/06\/240610schultz-768x528.jpg 768w, https:\/\/www.musikzeitung.ch\/wp-content\/uploads\/2024\/06\/240610schultz-18x12.jpg 18w, https:\/\/www.musikzeitung.ch\/wp-content\/uploads\/2024\/06\/240610schultz-254x175.jpg 254w, https:\/\/www.musikzeitung.ch\/wp-content\/uploads\/2024\/06\/240610schultz-509x350.jpg 509w, https:\/\/www.musikzeitung.ch\/wp-content\/uploads\/2024\/06\/240610schultz-1163x800.jpg 1163w, https:\/\/www.musikzeitung.ch\/wp-content\/uploads\/2024\/06\/240610schultz-920x633.jpg 920w, https:\/\/www.musikzeitung.ch\/wp-content\/uploads\/2024\/06\/240610schultz.jpg 1176w\" sizes=\"auto, (max-width: 768px) 100vw, 768px\" \/><figcaption id=\"caption-attachment-55269\" class=\"wp-caption-text\">Jan Schultsz (Immagine: Marco Borggreve)<\/figcaption><\/figure>\n<p>Nato nel 1965, il <a href=\"http:\/\/www.schultsz.com\" target=\"_blank\" rel=\"noopener\">Jan Schultsz<\/a>inizialmente ha studiato corno e pianoforte nella sua citt\u00e0 natale, Amsterdam, ma anche a Basilea e Losanna, e ha suonato come corno in diverse orchestre. All'inizio degli anni '90 si \u00e8 formato come direttore d'orchestra con Manfred Honeck, Ralf Weikert e Ilya Musin a San Pietroburgo. Vive a Basilea, dove \u00e8 professore all'Universit\u00e0 della Musica. Come direttore ospite, dirige principalmente orchestre in Svizzera, Olanda, Austria, Repubblica Ceca, Ungheria, Cina e Sud America.<\/p>\n<p>\u00c8 stato Kapellmeister alla Norske Opera di Oslo, ha diretto l'Hungarian State Opera di Budapest e l'Op\u00e9ra Royal de Wallonie di Liegi. Per 10 anni \u00e8 stato direttore artistico e direttore principale dell'Orchestre de Chambre de Neuch\u00e2tel. Nel 2000 ha fondato l'Opera St. Moritz, di cui \u00e8 stato direttore artistico fino al 2012. \u00c8 direttore artistico del Festival dell'Engadina dal 2008 e direttore artistico della Schubertiade Riehen dal 2022.<\/p>\n<p>In concomitanza con l'elezione del direttore d'orchestra, il consiglio d'amministrazione del <a href=\"http:\/\/collegiummusicumbasel.ch\/\" target=\"_blank\" rel=\"noopener\">CMB<\/a> il posto di Direttore Principale Ospite \u00e8 stato ricoperto per la prima volta, sempre a partire dalla stagione 24\/25. Benjamin Reiners, direttore musicale generale uscente della capitale dello Stato di Kiel e futuro direttore principale dell'Orchestra Filarmonica Robert Schumann di Chemnitz e GMD del Teatro di Chemnitz, assumer\u00e0 questo ruolo.<\/p>\n<p>&nbsp;<\/p>\n<p>&nbsp;<\/p>","protected":false},"excerpt":{"rendered":"<p> Jan Schultsz, che insegna anche all'Accademia musicale di Basilea, diventer\u00e0 direttore principale del Collegium Musicum Basel (CMB) a partire dalla stagione 2024\/25. Succede a Johannes Schlaefli in questa posizione. Benjamin Reiners diventa direttore ospite.<\/p>","protected":false},"author":30,"featured_media":55269,"comment_status":"closed","ping_status":"closed","sticky":false,"template":"","format":"standard","meta":{"_acf_changed":false,"_relevanssi_hide_post":"","_relevanssi_hide_content":"","_relevanssi_pin_for_all":"","_relevanssi_pin_keywords":"","_relevanssi_unpin_keywords":"","_relevanssi_related_keywords":"","_relevanssi_related_include_ids":"","_relevanssi_related_exclude_ids":"","_relevanssi_related_no_append":"","_relevanssi_related_not_related":"","_relevanssi_related_posts":"","_relevanssi_noindex_reason":"","pgc_sgb_lightbox_settings":"","footnotes":""},"categories":[27],"tags":[4124,4123],"class_list":["post-55268","post","type-post","status-publish","format-standard","has-post-thumbnail","hentry","category-news","tag-collegium-musicum-basel","tag-jan-schultsz"],"acf":[],"yoast_head":"<!-- This site is optimized with the Yoast SEO plugin v27.4 - https:\/\/yoast.com\/product\/yoast-seo-wordpress\/ -->\n<title>Schultsz wird Chefdirigent des Collegium Musicum Basel - Schweizer Musikzeitung<\/title>\n<meta name=\"description\" content=\"Jan Schultsz, der auch an der Musikakademie Basel unterrichtet, wird ab der Saison 2024\/25 Chefdirigent des Collegium Musicum Basel (CMB).\" \/>\n<meta name=\"robots\" content=\"index, follow, max-snippet:-1, max-image-preview:large, max-video-preview:-1\" \/>\n<link rel=\"canonical\" href=\"https:\/\/www.musikzeitung.ch\/it\/news\/2024\/06\/schultsz-wird-chefdirigent-des-collegium-musicum-basel\/\" \/>\n<meta property=\"og:locale\" content=\"it_IT\" \/>\n<meta property=\"og:type\" content=\"article\" \/>\n<meta property=\"og:title\" content=\"Schultsz wird Chefdirigent des Collegium Musicum Basel - Schweizer Musikzeitung\" \/>\n<meta property=\"og:description\" content=\"Jan Schultsz, der auch an der Musikakademie Basel unterrichtet, wird ab der Saison 2024\/25 Chefdirigent des Collegium Musicum Basel (CMB).\" \/>\n<meta property=\"og:url\" content=\"https:\/\/www.musikzeitung.ch\/it\/news\/2024\/06\/schultsz-wird-chefdirigent-des-collegium-musicum-basel\/\" \/>\n<meta property=\"og:site_name\" content=\"Schweizer Musikzeitung\" \/>\n<meta property=\"article:publisher\" content=\"https:\/\/www.facebook.com\/SchweizerMusikzeitung\/\" \/>\n<meta property=\"article:author\" content=\"https:\/\/www.facebook.com\/wolfgang.bohler.75\" \/>\n<meta property=\"article:published_time\" content=\"2024-06-10T04:59:24+00:00\" \/>\n<meta property=\"article:modified_time\" content=\"2024-06-10T08:59:35+00:00\" \/>\n<meta property=\"og:image\" content=\"https:\/\/www.musikzeitung.ch\/wp-content\/uploads\/2024\/06\/240610schultz.jpg\" \/>\n\t<meta property=\"og:image:width\" content=\"1176\" \/>\n\t<meta property=\"og:image:height\" content=\"809\" \/>\n\t<meta property=\"og:image:type\" content=\"image\/jpeg\" \/>\n<meta name=\"author\" content=\"Wolfgang B\u00f6hler\" \/>\n<meta name=\"twitter:card\" content=\"summary_large_image\" \/>\n<meta name=\"twitter:creator\" content=\"@smusikzeitung\" \/>\n<meta name=\"twitter:site\" content=\"@smusikzeitung\" \/>\n<meta name=\"twitter:label1\" content=\"Scritto da\" \/>\n\t<meta name=\"twitter:data1\" content=\"Wolfgang B\u00f6hler\" \/>\n\t<meta name=\"twitter:label2\" content=\"Tempo di lettura stimato\" \/>\n\t<meta name=\"twitter:data2\" content=\"2 minuti\" \/>\n<script type=\"application\/ld+json\" class=\"yoast-schema-graph\">{\"@context\":\"https:\\\/\\\/schema.org\",\"@graph\":[{\"@type\":\"Article\",\"@id\":\"https:\\\/\\\/www.musikzeitung.ch\\\/news\\\/2024\\\/06\\\/schultsz-wird-chefdirigent-des-collegium-musicum-basel#article\",\"isPartOf\":{\"@id\":\"https:\\\/\\\/www.musikzeitung.ch\\\/news\\\/2024\\\/06\\\/schultsz-wird-chefdirigent-des-collegium-musicum-basel\"},\"author\":{\"name\":\"Wolfgang B\u00f6hler\",\"@id\":\"https:\\\/\\\/www.musikzeitung.ch\\\/#\\\/schema\\\/person\\\/0da4fb82d243f1252850a35d0e87cf0c\"},\"headline\":\"Schultsz wird Chefdirigent des Collegium Musicum Basel\",\"datePublished\":\"2024-06-10T04:59:24+00:00\",\"dateModified\":\"2024-06-10T08:59:35+00:00\",\"mainEntityOfPage\":{\"@id\":\"https:\\\/\\\/www.musikzeitung.ch\\\/news\\\/2024\\\/06\\\/schultsz-wird-chefdirigent-des-collegium-musicum-basel\"},\"wordCount\":216,\"publisher\":{\"@id\":\"https:\\\/\\\/www.musikzeitung.ch\\\/#organization\"},\"image\":{\"@id\":\"https:\\\/\\\/www.musikzeitung.ch\\\/news\\\/2024\\\/06\\\/schultsz-wird-chefdirigent-des-collegium-musicum-basel#primaryimage\"},\"thumbnailUrl\":\"https:\\\/\\\/www.musikzeitung.ch\\\/wp-content\\\/uploads\\\/2024\\\/06\\\/240610schultz.jpg\",\"keywords\":[\"Collegium Musicum Basel\",\"Jan Schultsz\"],\"articleSection\":[\"News\"],\"inLanguage\":\"it-IT\"},{\"@type\":\"WebPage\",\"@id\":\"https:\\\/\\\/www.musikzeitung.ch\\\/news\\\/2024\\\/06\\\/schultsz-wird-chefdirigent-des-collegium-musicum-basel\",\"url\":\"https:\\\/\\\/www.musikzeitung.ch\\\/news\\\/2024\\\/06\\\/schultsz-wird-chefdirigent-des-collegium-musicum-basel\",\"name\":\"Schultsz wird Chefdirigent des Collegium Musicum Basel - Schweizer Musikzeitung\",\"isPartOf\":{\"@id\":\"https:\\\/\\\/www.musikzeitung.ch\\\/#website\"},\"primaryImageOfPage\":{\"@id\":\"https:\\\/\\\/www.musikzeitung.ch\\\/news\\\/2024\\\/06\\\/schultsz-wird-chefdirigent-des-collegium-musicum-basel#primaryimage\"},\"image\":{\"@id\":\"https:\\\/\\\/www.musikzeitung.ch\\\/news\\\/2024\\\/06\\\/schultsz-wird-chefdirigent-des-collegium-musicum-basel#primaryimage\"},\"thumbnailUrl\":\"https:\\\/\\\/www.musikzeitung.ch\\\/wp-content\\\/uploads\\\/2024\\\/06\\\/240610schultz.jpg\",\"datePublished\":\"2024-06-10T04:59:24+00:00\",\"dateModified\":\"2024-06-10T08:59:35+00:00\",\"description\":\"Jan Schultsz, der auch an der Musikakademie Basel unterrichtet, wird ab der Saison 2024\\\/25 Chefdirigent des Collegium Musicum Basel (CMB).\",\"breadcrumb\":{\"@id\":\"https:\\\/\\\/www.musikzeitung.ch\\\/news\\\/2024\\\/06\\\/schultsz-wird-chefdirigent-des-collegium-musicum-basel#breadcrumb\"},\"inLanguage\":\"it-IT\",\"potentialAction\":[{\"@type\":\"ReadAction\",\"target\":[\"https:\\\/\\\/www.musikzeitung.ch\\\/news\\\/2024\\\/06\\\/schultsz-wird-chefdirigent-des-collegium-musicum-basel\"]}]},{\"@type\":\"ImageObject\",\"inLanguage\":\"it-IT\",\"@id\":\"https:\\\/\\\/www.musikzeitung.ch\\\/news\\\/2024\\\/06\\\/schultsz-wird-chefdirigent-des-collegium-musicum-basel#primaryimage\",\"url\":\"https:\\\/\\\/www.musikzeitung.ch\\\/wp-content\\\/uploads\\\/2024\\\/06\\\/240610schultz.jpg\",\"contentUrl\":\"https:\\\/\\\/www.musikzeitung.ch\\\/wp-content\\\/uploads\\\/2024\\\/06\\\/240610schultz.jpg\",\"width\":1176,\"height\":809,\"caption\":\"Jan Schultz (Bild: Marco Borggreve)\"},{\"@type\":\"BreadcrumbList\",\"@id\":\"https:\\\/\\\/www.musikzeitung.ch\\\/news\\\/2024\\\/06\\\/schultsz-wird-chefdirigent-des-collegium-musicum-basel#breadcrumb\",\"itemListElement\":[{\"@type\":\"ListItem\",\"position\":1,\"name\":\"Home\",\"item\":\"https:\\\/\\\/www.musikzeitung.ch\\\/\"},{\"@type\":\"ListItem\",\"position\":2,\"name\":\"Schultsz wird Chefdirigent des Collegium Musicum Basel\"}]},{\"@type\":\"WebSite\",\"@id\":\"https:\\\/\\\/www.musikzeitung.ch\\\/#website\",\"url\":\"https:\\\/\\\/www.musikzeitung.ch\\\/\",\"name\":\"Schweizer Musikzeitung\",\"description\":\"Die f\u00fchrende sparten\u00fcbergreifende Monatszeitung in der Schweiz f\u00fcr musikalische Fragen.\",\"publisher\":{\"@id\":\"https:\\\/\\\/www.musikzeitung.ch\\\/#organization\"},\"potentialAction\":[{\"@type\":\"SearchAction\",\"target\":{\"@type\":\"EntryPoint\",\"urlTemplate\":\"https:\\\/\\\/www.musikzeitung.ch\\\/?s={search_term_string}\"},\"query-input\":{\"@type\":\"PropertyValueSpecification\",\"valueRequired\":true,\"valueName\":\"search_term_string\"}}],\"inLanguage\":\"it-IT\"},{\"@type\":\"Organization\",\"@id\":\"https:\\\/\\\/www.musikzeitung.ch\\\/#organization\",\"name\":\"Schweizer Musikzeitung\",\"url\":\"https:\\\/\\\/www.musikzeitung.ch\\\/\",\"logo\":{\"@type\":\"ImageObject\",\"inLanguage\":\"it-IT\",\"@id\":\"https:\\\/\\\/www.musikzeitung.ch\\\/#\\\/schema\\\/logo\\\/image\\\/\",\"url\":\"https:\\\/\\\/www.musikzeitung.ch\\\/wp-content\\\/uploads\\\/2023\\\/01\\\/SMZ_Schriftzug_Sprache.png\",\"contentUrl\":\"https:\\\/\\\/www.musikzeitung.ch\\\/wp-content\\\/uploads\\\/2023\\\/01\\\/SMZ_Schriftzug_Sprache.png\",\"width\":1400,\"height\":279,\"caption\":\"Schweizer Musikzeitung\"},\"image\":{\"@id\":\"https:\\\/\\\/www.musikzeitung.ch\\\/#\\\/schema\\\/logo\\\/image\\\/\"},\"sameAs\":[\"https:\\\/\\\/www.facebook.com\\\/SchweizerMusikzeitung\\\/\",\"https:\\\/\\\/x.com\\\/smusikzeitung\",\"https:\\\/\\\/www.instagram.com\\\/musikzeitung.ch\\\/\"]},{\"@type\":\"Person\",\"@id\":\"https:\\\/\\\/www.musikzeitung.ch\\\/#\\\/schema\\\/person\\\/0da4fb82d243f1252850a35d0e87cf0c\",\"name\":\"Wolfgang B\u00f6hler\",\"image\":{\"@type\":\"ImageObject\",\"inLanguage\":\"it-IT\",\"@id\":\"https:\\\/\\\/www.musikzeitung.ch\\\/wp-content\\\/uploads\\\/2023\\\/01\\\/boehler_portraet_web-e1674139782246-96x96.jpg\",\"url\":\"https:\\\/\\\/www.musikzeitung.ch\\\/wp-content\\\/uploads\\\/2023\\\/01\\\/boehler_portraet_web-e1674139782246-96x96.jpg\",\"contentUrl\":\"https:\\\/\\\/www.musikzeitung.ch\\\/wp-content\\\/uploads\\\/2023\\\/01\\\/boehler_portraet_web-e1674139782246-96x96.jpg\",\"caption\":\"Wolfgang B\u00f6hler\"},\"sameAs\":[\"http:\\\/\\\/www.manacanto.ch\",\"https:\\\/\\\/www.facebook.com\\\/wolfgang.bohler.75\"],\"url\":\"https:\\\/\\\/www.musikzeitung.ch\\\/it\\\/author\\\/wolfgang-boehler\"}]}<\/script>\n<!-- \/ Yoast SEO plugin. -->","yoast_head_json":{"title":"Schultsz wird Chefdirigent des Collegium Musicum Basel - Schweizer Musikzeitung","description":"Jan Schultsz, der auch an der Musikakademie Basel unterrichtet, wird ab der Saison 2024\/25 Chefdirigent des Collegium Musicum Basel (CMB).","robots":{"index":"index","follow":"follow","max-snippet":"max-snippet:-1","max-image-preview":"max-image-preview:large","max-video-preview":"max-video-preview:-1"},"canonical":"https:\/\/www.musikzeitung.ch\/it\/news\/2024\/06\/schultsz-wird-chefdirigent-des-collegium-musicum-basel\/","og_locale":"it_IT","og_type":"article","og_title":"Schultsz wird Chefdirigent des Collegium Musicum Basel - Schweizer Musikzeitung","og_description":"Jan Schultsz, der auch an der Musikakademie Basel unterrichtet, wird ab der Saison 2024\/25 Chefdirigent des Collegium Musicum Basel (CMB).","og_url":"https:\/\/www.musikzeitung.ch\/it\/news\/2024\/06\/schultsz-wird-chefdirigent-des-collegium-musicum-basel\/","og_site_name":"Schweizer Musikzeitung","article_publisher":"https:\/\/www.facebook.com\/SchweizerMusikzeitung\/","article_author":"https:\/\/www.facebook.com\/wolfgang.bohler.75","article_published_time":"2024-06-10T04:59:24+00:00","article_modified_time":"2024-06-10T08:59:35+00:00","og_image":[{"width":1176,"height":809,"url":"https:\/\/www.musikzeitung.ch\/wp-content\/uploads\/2024\/06\/240610schultz.jpg","type":"image\/jpeg"}],"author":"Wolfgang B\u00f6hler","twitter_card":"summary_large_image","twitter_creator":"@smusikzeitung","twitter_site":"@smusikzeitung","twitter_misc":{"Scritto da":"Wolfgang B\u00f6hler","Tempo di lettura stimato":"2 minuti"},"schema":{"@context":"https:\/\/schema.org","@graph":[{"@type":"Article","@id":"https:\/\/www.musikzeitung.ch\/news\/2024\/06\/schultsz-wird-chefdirigent-des-collegium-musicum-basel#article","isPartOf":{"@id":"https:\/\/www.musikzeitung.ch\/news\/2024\/06\/schultsz-wird-chefdirigent-des-collegium-musicum-basel"},"author":{"name":"Wolfgang B\u00f6hler","@id":"https:\/\/www.musikzeitung.ch\/#\/schema\/person\/0da4fb82d243f1252850a35d0e87cf0c"},"headline":"Schultsz wird Chefdirigent des Collegium Musicum Basel","datePublished":"2024-06-10T04:59:24+00:00","dateModified":"2024-06-10T08:59:35+00:00","mainEntityOfPage":{"@id":"https:\/\/www.musikzeitung.ch\/news\/2024\/06\/schultsz-wird-chefdirigent-des-collegium-musicum-basel"},"wordCount":216,"publisher":{"@id":"https:\/\/www.musikzeitung.ch\/#organization"},"image":{"@id":"https:\/\/www.musikzeitung.ch\/news\/2024\/06\/schultsz-wird-chefdirigent-des-collegium-musicum-basel#primaryimage"},"thumbnailUrl":"https:\/\/www.musikzeitung.ch\/wp-content\/uploads\/2024\/06\/240610schultz.jpg","keywords":["Collegium Musicum Basel","Jan Schultsz"],"articleSection":["News"],"inLanguage":"it-IT"},{"@type":"WebPage","@id":"https:\/\/www.musikzeitung.ch\/news\/2024\/06\/schultsz-wird-chefdirigent-des-collegium-musicum-basel","url":"https:\/\/www.musikzeitung.ch\/news\/2024\/06\/schultsz-wird-chefdirigent-des-collegium-musicum-basel","name":"Schultsz wird Chefdirigent des Collegium Musicum Basel - Schweizer Musikzeitung","isPartOf":{"@id":"https:\/\/www.musikzeitung.ch\/#website"},"primaryImageOfPage":{"@id":"https:\/\/www.musikzeitung.ch\/news\/2024\/06\/schultsz-wird-chefdirigent-des-collegium-musicum-basel#primaryimage"},"image":{"@id":"https:\/\/www.musikzeitung.ch\/news\/2024\/06\/schultsz-wird-chefdirigent-des-collegium-musicum-basel#primaryimage"},"thumbnailUrl":"https:\/\/www.musikzeitung.ch\/wp-content\/uploads\/2024\/06\/240610schultz.jpg","datePublished":"2024-06-10T04:59:24+00:00","dateModified":"2024-06-10T08:59:35+00:00","description":"Jan Schultsz, der auch an der Musikakademie Basel unterrichtet, wird ab der Saison 2024\/25 Chefdirigent des Collegium Musicum Basel (CMB).","breadcrumb":{"@id":"https:\/\/www.musikzeitung.ch\/news\/2024\/06\/schultsz-wird-chefdirigent-des-collegium-musicum-basel#breadcrumb"},"inLanguage":"it-IT","potentialAction":[{"@type":"ReadAction","target":["https:\/\/www.musikzeitung.ch\/news\/2024\/06\/schultsz-wird-chefdirigent-des-collegium-musicum-basel"]}]},{"@type":"ImageObject","inLanguage":"it-IT","@id":"https:\/\/www.musikzeitung.ch\/news\/2024\/06\/schultsz-wird-chefdirigent-des-collegium-musicum-basel#primaryimage","url":"https:\/\/www.musikzeitung.ch\/wp-content\/uploads\/2024\/06\/240610schultz.jpg","contentUrl":"https:\/\/www.musikzeitung.ch\/wp-content\/uploads\/2024\/06\/240610schultz.jpg","width":1176,"height":809,"caption":"Jan Schultz (Bild: Marco Borggreve)"},{"@type":"BreadcrumbList","@id":"https:\/\/www.musikzeitung.ch\/news\/2024\/06\/schultsz-wird-chefdirigent-des-collegium-musicum-basel#breadcrumb","itemListElement":[{"@type":"ListItem","position":1,"name":"Home","item":"https:\/\/www.musikzeitung.ch\/"},{"@type":"ListItem","position":2,"name":"Schultsz wird Chefdirigent des Collegium Musicum Basel"}]},{"@type":"WebSite","@id":"https:\/\/www.musikzeitung.ch\/#website","url":"https:\/\/www.musikzeitung.ch\/","name":"Giornale musicale svizzero","description":"Il principale mensile interdisciplinare della Svizzera per le questioni musicali.","publisher":{"@id":"https:\/\/www.musikzeitung.ch\/#organization"},"potentialAction":[{"@type":"SearchAction","target":{"@type":"EntryPoint","urlTemplate":"https:\/\/www.musikzeitung.ch\/?s={search_term_string}"},"query-input":{"@type":"PropertyValueSpecification","valueRequired":true,"valueName":"search_term_string"}}],"inLanguage":"it-IT"},{"@type":"Organization","@id":"https:\/\/www.musikzeitung.ch\/#organization","name":"Giornale musicale svizzero","url":"https:\/\/www.musikzeitung.ch\/","logo":{"@type":"ImageObject","inLanguage":"it-IT","@id":"https:\/\/www.musikzeitung.ch\/#\/schema\/logo\/image\/","url":"https:\/\/www.musikzeitung.ch\/wp-content\/uploads\/2023\/01\/SMZ_Schriftzug_Sprache.png","contentUrl":"https:\/\/www.musikzeitung.ch\/wp-content\/uploads\/2023\/01\/SMZ_Schriftzug_Sprache.png","width":1400,"height":279,"caption":"Schweizer Musikzeitung"},"image":{"@id":"https:\/\/www.musikzeitung.ch\/#\/schema\/logo\/image\/"},"sameAs":["https:\/\/www.facebook.com\/SchweizerMusikzeitung\/","https:\/\/x.com\/smusikzeitung","https:\/\/www.instagram.com\/musikzeitung.ch\/"]},{"@type":"Person","@id":"https:\/\/www.musikzeitung.ch\/#\/schema\/person\/0da4fb82d243f1252850a35d0e87cf0c","name":"Wolfgang B\u00f6hler","image":{"@type":"ImageObject","inLanguage":"it-IT","@id":"https:\/\/www.musikzeitung.ch\/wp-content\/uploads\/2023\/01\/boehler_portraet_web-e1674139782246-96x96.jpg","url":"https:\/\/www.musikzeitung.ch\/wp-content\/uploads\/2023\/01\/boehler_portraet_web-e1674139782246-96x96.jpg","contentUrl":"https:\/\/www.musikzeitung.ch\/wp-content\/uploads\/2023\/01\/boehler_portraet_web-e1674139782246-96x96.jpg","caption":"Wolfgang B\u00f6hler"},"sameAs":["http:\/\/www.manacanto.ch","https:\/\/www.facebook.com\/wolfgang.bohler.75"],"url":"https:\/\/www.musikzeitung.ch\/it\/author\/wolfgang-boehler"}]}},"publishpress_future_workflow_manual_trigger":{"enabledWorkflows":[]},"_links":{"self":[{"href":"https:\/\/www.musikzeitung.ch\/it\/wp-json\/wp\/v2\/posts\/55268","targetHints":{"allow":["GET"]}}],"collection":[{"href":"https:\/\/www.musikzeitung.ch\/it\/wp-json\/wp\/v2\/posts"}],"about":[{"href":"https:\/\/www.musikzeitung.ch\/it\/wp-json\/wp\/v2\/types\/post"}],"author":[{"embeddable":true,"href":"https:\/\/www.musikzeitung.ch\/it\/wp-json\/wp\/v2\/users\/30"}],"replies":[{"embeddable":true,"href":"https:\/\/www.musikzeitung.ch\/it\/wp-json\/wp\/v2\/comments?post=55268"}],"version-history":[{"count":4,"href":"https:\/\/www.musikzeitung.ch\/it\/wp-json\/wp\/v2\/posts\/55268\/revisions"}],"predecessor-version":[{"id":55274,"href":"https:\/\/www.musikzeitung.ch\/it\/wp-json\/wp\/v2\/posts\/55268\/revisions\/55274"}],"wp:featuredmedia":[{"embeddable":true,"href":"https:\/\/www.musikzeitung.ch\/it\/wp-json\/wp\/v2\/media\/55269"}],"wp:attachment":[{"href":"https:\/\/www.musikzeitung.ch\/it\/wp-json\/wp\/v2\/media?parent=55268"}],"wp:term":[{"taxonomy":"category","embeddable":true,"href":"https:\/\/www.musikzeitung.ch\/it\/wp-json\/wp\/v2\/categories?post=55268"},{"taxonomy":"post_tag","embeddable":true,"href":"https:\/\/www.musikzeitung.ch\/it\/wp-json\/wp\/v2\/tags?post=55268"}],"curies":[{"name":"wp","href":"https:\/\/api.w.org\/{rel}","templated":true}]}}