{"id":55322,"date":"2024-06-12T09:37:02","date_gmt":"2024-06-12T07:37:02","guid":{"rendered":"https:\/\/www.musikzeitung.ch\/?p=55322"},"modified":"2024-06-13T08:28:29","modified_gmt":"2024-06-13T06:28:29","slug":"wiener-musikuniversitaet-zeichnet-hkb-dozentin-aus","status":"publish","type":"post","link":"https:\/\/www.musikzeitung.ch\/it\/news\/2024\/06\/wiener-musikuniversitaet-zeichnet-hkb-dozentin-aus","title":{"rendered":"L'Universit\u00e0 di Musica di Vienna premia il docente della HKB"},"content":{"rendered":"<figure id=\"attachment_55323\" aria-describedby=\"caption-attachment-55323\" style=\"width: 900px\" class=\"wp-caption alignnone\"><img loading=\"lazy\" decoding=\"async\" class=\"wp-image-55323 size-full\" src=\"https:\/\/www.musikzeitung.ch\/wp-content\/uploads\/2024\/06\/240612hkb.jpg\" alt=\"\" width=\"900\" height=\"600\" srcset=\"https:\/\/www.musikzeitung.ch\/wp-content\/uploads\/2024\/06\/240612hkb.jpg 900w, https:\/\/www.musikzeitung.ch\/wp-content\/uploads\/2024\/06\/240612hkb-300x200.jpg 300w, https:\/\/www.musikzeitung.ch\/wp-content\/uploads\/2024\/06\/240612hkb-600x400.jpg 600w, https:\/\/www.musikzeitung.ch\/wp-content\/uploads\/2024\/06\/240612hkb-768x512.jpg 768w, https:\/\/www.musikzeitung.ch\/wp-content\/uploads\/2024\/06\/240612hkb-18x12.jpg 18w, https:\/\/www.musikzeitung.ch\/wp-content\/uploads\/2024\/06\/240612hkb-263x175.jpg 263w, https:\/\/www.musikzeitung.ch\/wp-content\/uploads\/2024\/06\/240612hkb-525x350.jpg 525w\" sizes=\"auto, (max-width: 900px) 100vw, 900px\" \/><figcaption id=\"caption-attachment-55323\" class=\"wp-caption-text\">Irena M\u00fcller-Brozovi\u0107 (Immagine: zVg)<\/figcaption><\/figure>\n<p>Il 19 giugno, l'Universit\u00e0 di Musica e Arti dello Spettacolo di Vienna (mdw) conferir\u00e0 per la terza volta il premio Herta &amp; Kurt Blaukopf per le tesi di laurea eccellenti dell'universit\u00e0. Irena M\u00fcller-Brozovi\u0107 sar\u00e0 premiata per la sua tesi \"Il concerto come spazio di risonanza\". La premiata \u00e8 direttrice del Master in Pedagogia musicale dell'Universit\u00e0 delle Arti di Berna (HKB).<\/p>\n<p>La tesi \"Il concerto come spazio di risonanza\" si concentra sulla mediazione musicale di risonanza-affine attraverso un'esperienza intensa e il coinvolgimento. Irena M\u00fcller-Brozovi\u0107 ha studiato come gli educatori musicali possano favorire il coinvolgimento musicale in situazioni concertistiche con esperienze musicali forti, inserendo il tutto in un quadro teorico. La pubblicazione \u00e8 stata cofinanziata dall'HKB ed \u00e8 pubblicata da transcript Verlag.<\/p>\n<p>Il premio Herta &amp; Kurt Blaukopf viene conferito per meriti speciali nel contesto degli studi accademici di dottorato e serve a pubblicizzare i risultati eccezionali.<\/p>","protected":false},"excerpt":{"rendered":"<p>La tesi di laurea \"Il concerto come spazio di risonanza\" della docente HKB Irena M\u00fcller-Brozovi\u0107 \u00e8 stata premiata dall'Universit\u00e0 di Musica e Arti dello Spettacolo di Vienna.<\/p>","protected":false},"author":30,"featured_media":55323,"comment_status":"closed","ping_status":"closed","sticky":false,"template":"","format":"standard","meta":{"_acf_changed":false,"_relevanssi_hide_post":"","_relevanssi_hide_content":"","_relevanssi_pin_for_all":"","_relevanssi_pin_keywords":"","_relevanssi_unpin_keywords":"","_relevanssi_related_keywords":"","_relevanssi_related_include_ids":"","_relevanssi_related_exclude_ids":"","_relevanssi_related_no_append":"","_relevanssi_related_not_related":"","_relevanssi_related_posts":"","_relevanssi_noindex_reason":"","pgc_sgb_lightbox_settings":"","footnotes":""},"categories":[27],"tags":[4129,4128],"class_list":["post-55322","post","type-post","status-publish","format-standard","has-post-thumbnail","hentry","category-news","tag-herta-kurt-blaukopf-award","tag-irena-mueller-brozovic"],"acf":[],"yoast_head":"<!-- This site is optimized with the Yoast SEO plugin v27.4 - https:\/\/yoast.com\/product\/yoast-seo-wordpress\/ -->\n<title>Wiener Musikuniversit\u00e4t zeichnet HKB-Dozentin aus - Schweizer Musikzeitung<\/title>\n<meta name=\"description\" content=\"Die Dissertation \u00abDas Konzert als Resonanzraum\u00bb von Irena M\u00fcller-Brozovi\u0107 ist von der Wiener Musikuniversit\u00e4t ausgezeichnet worden.\" \/>\n<meta name=\"robots\" content=\"index, follow, max-snippet:-1, max-image-preview:large, max-video-preview:-1\" \/>\n<link rel=\"canonical\" href=\"https:\/\/www.musikzeitung.ch\/it\/news\/2024\/06\/wiener-musikuniversitaet-zeichnet-hkb-dozentin-aus\/\" \/>\n<meta property=\"og:locale\" content=\"it_IT\" \/>\n<meta property=\"og:type\" content=\"article\" \/>\n<meta property=\"og:title\" content=\"Wiener Musikuniversit\u00e4t zeichnet HKB-Dozentin aus - Schweizer Musikzeitung\" \/>\n<meta property=\"og:description\" content=\"Die Dissertation \u00abDas Konzert als Resonanzraum\u00bb von Irena M\u00fcller-Brozovi\u0107 ist von der Wiener Musikuniversit\u00e4t ausgezeichnet worden.\" \/>\n<meta property=\"og:url\" content=\"https:\/\/www.musikzeitung.ch\/it\/news\/2024\/06\/wiener-musikuniversitaet-zeichnet-hkb-dozentin-aus\/\" \/>\n<meta property=\"og:site_name\" content=\"Schweizer Musikzeitung\" \/>\n<meta property=\"article:publisher\" content=\"https:\/\/www.facebook.com\/SchweizerMusikzeitung\/\" \/>\n<meta property=\"article:author\" content=\"https:\/\/www.facebook.com\/wolfgang.bohler.75\" \/>\n<meta property=\"article:published_time\" content=\"2024-06-12T07:37:02+00:00\" \/>\n<meta property=\"article:modified_time\" content=\"2024-06-13T06:28:29+00:00\" \/>\n<meta property=\"og:image\" content=\"https:\/\/www.musikzeitung.ch\/wp-content\/uploads\/2024\/06\/240612hkb.jpg\" \/>\n\t<meta property=\"og:image:width\" content=\"900\" \/>\n\t<meta property=\"og:image:height\" content=\"600\" \/>\n\t<meta property=\"og:image:type\" content=\"image\/jpeg\" \/>\n<meta name=\"author\" content=\"Wolfgang B\u00f6hler\" \/>\n<meta name=\"twitter:card\" content=\"summary_large_image\" \/>\n<meta name=\"twitter:creator\" content=\"@smusikzeitung\" \/>\n<meta name=\"twitter:site\" content=\"@smusikzeitung\" \/>\n<meta name=\"twitter:label1\" content=\"Scritto da\" \/>\n\t<meta name=\"twitter:data1\" content=\"Wolfgang B\u00f6hler\" \/>\n\t<meta name=\"twitter:label2\" content=\"Tempo di lettura stimato\" \/>\n\t<meta name=\"twitter:data2\" content=\"2 minuti\" \/>\n<script type=\"application\/ld+json\" class=\"yoast-schema-graph\">{\"@context\":\"https:\\\/\\\/schema.org\",\"@graph\":[{\"@type\":\"Article\",\"@id\":\"https:\\\/\\\/www.musikzeitung.ch\\\/news\\\/2024\\\/06\\\/wiener-musikuniversitaet-zeichnet-hkb-dozentin-aus#article\",\"isPartOf\":{\"@id\":\"https:\\\/\\\/www.musikzeitung.ch\\\/news\\\/2024\\\/06\\\/wiener-musikuniversitaet-zeichnet-hkb-dozentin-aus\"},\"author\":{\"name\":\"Wolfgang B\u00f6hler\",\"@id\":\"https:\\\/\\\/www.musikzeitung.ch\\\/#\\\/schema\\\/person\\\/0da4fb82d243f1252850a35d0e87cf0c\"},\"headline\":\"Wiener Musikuniversit\u00e4t zeichnet HKB-Dozentin aus\",\"datePublished\":\"2024-06-12T07:37:02+00:00\",\"dateModified\":\"2024-06-13T06:28:29+00:00\",\"mainEntityOfPage\":{\"@id\":\"https:\\\/\\\/www.musikzeitung.ch\\\/news\\\/2024\\\/06\\\/wiener-musikuniversitaet-zeichnet-hkb-dozentin-aus\"},\"wordCount\":155,\"publisher\":{\"@id\":\"https:\\\/\\\/www.musikzeitung.ch\\\/#organization\"},\"image\":{\"@id\":\"https:\\\/\\\/www.musikzeitung.ch\\\/news\\\/2024\\\/06\\\/wiener-musikuniversitaet-zeichnet-hkb-dozentin-aus#primaryimage\"},\"thumbnailUrl\":\"https:\\\/\\\/www.musikzeitung.ch\\\/wp-content\\\/uploads\\\/2024\\\/06\\\/240612hkb.jpg\",\"keywords\":[\"Herta &amp; Kurt Blaukopf-Award\",\"Irena M\u00fcller-Brozovi\u0107\"],\"articleSection\":[\"News\"],\"inLanguage\":\"it-IT\"},{\"@type\":\"WebPage\",\"@id\":\"https:\\\/\\\/www.musikzeitung.ch\\\/news\\\/2024\\\/06\\\/wiener-musikuniversitaet-zeichnet-hkb-dozentin-aus\",\"url\":\"https:\\\/\\\/www.musikzeitung.ch\\\/news\\\/2024\\\/06\\\/wiener-musikuniversitaet-zeichnet-hkb-dozentin-aus\",\"name\":\"Wiener Musikuniversit\u00e4t zeichnet HKB-Dozentin aus - Schweizer Musikzeitung\",\"isPartOf\":{\"@id\":\"https:\\\/\\\/www.musikzeitung.ch\\\/#website\"},\"primaryImageOfPage\":{\"@id\":\"https:\\\/\\\/www.musikzeitung.ch\\\/news\\\/2024\\\/06\\\/wiener-musikuniversitaet-zeichnet-hkb-dozentin-aus#primaryimage\"},\"image\":{\"@id\":\"https:\\\/\\\/www.musikzeitung.ch\\\/news\\\/2024\\\/06\\\/wiener-musikuniversitaet-zeichnet-hkb-dozentin-aus#primaryimage\"},\"thumbnailUrl\":\"https:\\\/\\\/www.musikzeitung.ch\\\/wp-content\\\/uploads\\\/2024\\\/06\\\/240612hkb.jpg\",\"datePublished\":\"2024-06-12T07:37:02+00:00\",\"dateModified\":\"2024-06-13T06:28:29+00:00\",\"description\":\"Die Dissertation \u00abDas Konzert als Resonanzraum\u00bb von Irena M\u00fcller-Brozovi\u0107 ist von der Wiener Musikuniversit\u00e4t ausgezeichnet worden.\",\"breadcrumb\":{\"@id\":\"https:\\\/\\\/www.musikzeitung.ch\\\/news\\\/2024\\\/06\\\/wiener-musikuniversitaet-zeichnet-hkb-dozentin-aus#breadcrumb\"},\"inLanguage\":\"it-IT\",\"potentialAction\":[{\"@type\":\"ReadAction\",\"target\":[\"https:\\\/\\\/www.musikzeitung.ch\\\/news\\\/2024\\\/06\\\/wiener-musikuniversitaet-zeichnet-hkb-dozentin-aus\"]}]},{\"@type\":\"ImageObject\",\"inLanguage\":\"it-IT\",\"@id\":\"https:\\\/\\\/www.musikzeitung.ch\\\/news\\\/2024\\\/06\\\/wiener-musikuniversitaet-zeichnet-hkb-dozentin-aus#primaryimage\",\"url\":\"https:\\\/\\\/www.musikzeitung.ch\\\/wp-content\\\/uploads\\\/2024\\\/06\\\/240612hkb.jpg\",\"contentUrl\":\"https:\\\/\\\/www.musikzeitung.ch\\\/wp-content\\\/uploads\\\/2024\\\/06\\\/240612hkb.jpg\",\"width\":900,\"height\":600,\"caption\":\"(Bild: zVg)\"},{\"@type\":\"BreadcrumbList\",\"@id\":\"https:\\\/\\\/www.musikzeitung.ch\\\/news\\\/2024\\\/06\\\/wiener-musikuniversitaet-zeichnet-hkb-dozentin-aus#breadcrumb\",\"itemListElement\":[{\"@type\":\"ListItem\",\"position\":1,\"name\":\"Home\",\"item\":\"https:\\\/\\\/www.musikzeitung.ch\\\/\"},{\"@type\":\"ListItem\",\"position\":2,\"name\":\"Wiener Musikuniversit\u00e4t zeichnet HKB-Dozentin aus\"}]},{\"@type\":\"WebSite\",\"@id\":\"https:\\\/\\\/www.musikzeitung.ch\\\/#website\",\"url\":\"https:\\\/\\\/www.musikzeitung.ch\\\/\",\"name\":\"Schweizer Musikzeitung\",\"description\":\"Die f\u00fchrende sparten\u00fcbergreifende Monatszeitung in der Schweiz f\u00fcr musikalische Fragen.\",\"publisher\":{\"@id\":\"https:\\\/\\\/www.musikzeitung.ch\\\/#organization\"},\"potentialAction\":[{\"@type\":\"SearchAction\",\"target\":{\"@type\":\"EntryPoint\",\"urlTemplate\":\"https:\\\/\\\/www.musikzeitung.ch\\\/?s={search_term_string}\"},\"query-input\":{\"@type\":\"PropertyValueSpecification\",\"valueRequired\":true,\"valueName\":\"search_term_string\"}}],\"inLanguage\":\"it-IT\"},{\"@type\":\"Organization\",\"@id\":\"https:\\\/\\\/www.musikzeitung.ch\\\/#organization\",\"name\":\"Schweizer Musikzeitung\",\"url\":\"https:\\\/\\\/www.musikzeitung.ch\\\/\",\"logo\":{\"@type\":\"ImageObject\",\"inLanguage\":\"it-IT\",\"@id\":\"https:\\\/\\\/www.musikzeitung.ch\\\/#\\\/schema\\\/logo\\\/image\\\/\",\"url\":\"https:\\\/\\\/www.musikzeitung.ch\\\/wp-content\\\/uploads\\\/2023\\\/01\\\/SMZ_Schriftzug_Sprache.png\",\"contentUrl\":\"https:\\\/\\\/www.musikzeitung.ch\\\/wp-content\\\/uploads\\\/2023\\\/01\\\/SMZ_Schriftzug_Sprache.png\",\"width\":1400,\"height\":279,\"caption\":\"Schweizer Musikzeitung\"},\"image\":{\"@id\":\"https:\\\/\\\/www.musikzeitung.ch\\\/#\\\/schema\\\/logo\\\/image\\\/\"},\"sameAs\":[\"https:\\\/\\\/www.facebook.com\\\/SchweizerMusikzeitung\\\/\",\"https:\\\/\\\/x.com\\\/smusikzeitung\",\"https:\\\/\\\/www.instagram.com\\\/musikzeitung.ch\\\/\"]},{\"@type\":\"Person\",\"@id\":\"https:\\\/\\\/www.musikzeitung.ch\\\/#\\\/schema\\\/person\\\/0da4fb82d243f1252850a35d0e87cf0c\",\"name\":\"Wolfgang B\u00f6hler\",\"image\":{\"@type\":\"ImageObject\",\"inLanguage\":\"it-IT\",\"@id\":\"https:\\\/\\\/www.musikzeitung.ch\\\/wp-content\\\/uploads\\\/2023\\\/01\\\/boehler_portraet_web-e1674139782246-96x96.jpg\",\"url\":\"https:\\\/\\\/www.musikzeitung.ch\\\/wp-content\\\/uploads\\\/2023\\\/01\\\/boehler_portraet_web-e1674139782246-96x96.jpg\",\"contentUrl\":\"https:\\\/\\\/www.musikzeitung.ch\\\/wp-content\\\/uploads\\\/2023\\\/01\\\/boehler_portraet_web-e1674139782246-96x96.jpg\",\"caption\":\"Wolfgang B\u00f6hler\"},\"sameAs\":[\"http:\\\/\\\/www.manacanto.ch\",\"https:\\\/\\\/www.facebook.com\\\/wolfgang.bohler.75\"],\"url\":\"https:\\\/\\\/www.musikzeitung.ch\\\/it\\\/author\\\/wolfgang-boehler\"}]}<\/script>\n<!-- \/ Yoast SEO plugin. -->","yoast_head_json":{"title":"Wiener Musikuniversit\u00e4t zeichnet HKB-Dozentin aus - Schweizer Musikzeitung","description":"Die Dissertation \u00abDas Konzert als Resonanzraum\u00bb von Irena M\u00fcller-Brozovi\u0107 ist von der Wiener Musikuniversit\u00e4t ausgezeichnet worden.","robots":{"index":"index","follow":"follow","max-snippet":"max-snippet:-1","max-image-preview":"max-image-preview:large","max-video-preview":"max-video-preview:-1"},"canonical":"https:\/\/www.musikzeitung.ch\/it\/news\/2024\/06\/wiener-musikuniversitaet-zeichnet-hkb-dozentin-aus\/","og_locale":"it_IT","og_type":"article","og_title":"Wiener Musikuniversit\u00e4t zeichnet HKB-Dozentin aus - Schweizer Musikzeitung","og_description":"Die Dissertation \u00abDas Konzert als Resonanzraum\u00bb von Irena M\u00fcller-Brozovi\u0107 ist von der Wiener Musikuniversit\u00e4t ausgezeichnet worden.","og_url":"https:\/\/www.musikzeitung.ch\/it\/news\/2024\/06\/wiener-musikuniversitaet-zeichnet-hkb-dozentin-aus\/","og_site_name":"Schweizer Musikzeitung","article_publisher":"https:\/\/www.facebook.com\/SchweizerMusikzeitung\/","article_author":"https:\/\/www.facebook.com\/wolfgang.bohler.75","article_published_time":"2024-06-12T07:37:02+00:00","article_modified_time":"2024-06-13T06:28:29+00:00","og_image":[{"width":900,"height":600,"url":"https:\/\/www.musikzeitung.ch\/wp-content\/uploads\/2024\/06\/240612hkb.jpg","type":"image\/jpeg"}],"author":"Wolfgang B\u00f6hler","twitter_card":"summary_large_image","twitter_creator":"@smusikzeitung","twitter_site":"@smusikzeitung","twitter_misc":{"Scritto da":"Wolfgang B\u00f6hler","Tempo di lettura stimato":"2 minuti"},"schema":{"@context":"https:\/\/schema.org","@graph":[{"@type":"Article","@id":"https:\/\/www.musikzeitung.ch\/news\/2024\/06\/wiener-musikuniversitaet-zeichnet-hkb-dozentin-aus#article","isPartOf":{"@id":"https:\/\/www.musikzeitung.ch\/news\/2024\/06\/wiener-musikuniversitaet-zeichnet-hkb-dozentin-aus"},"author":{"name":"Wolfgang B\u00f6hler","@id":"https:\/\/www.musikzeitung.ch\/#\/schema\/person\/0da4fb82d243f1252850a35d0e87cf0c"},"headline":"Wiener Musikuniversit\u00e4t zeichnet HKB-Dozentin aus","datePublished":"2024-06-12T07:37:02+00:00","dateModified":"2024-06-13T06:28:29+00:00","mainEntityOfPage":{"@id":"https:\/\/www.musikzeitung.ch\/news\/2024\/06\/wiener-musikuniversitaet-zeichnet-hkb-dozentin-aus"},"wordCount":155,"publisher":{"@id":"https:\/\/www.musikzeitung.ch\/#organization"},"image":{"@id":"https:\/\/www.musikzeitung.ch\/news\/2024\/06\/wiener-musikuniversitaet-zeichnet-hkb-dozentin-aus#primaryimage"},"thumbnailUrl":"https:\/\/www.musikzeitung.ch\/wp-content\/uploads\/2024\/06\/240612hkb.jpg","keywords":["Herta &amp; Kurt Blaukopf-Award","Irena M\u00fcller-Brozovi\u0107"],"articleSection":["News"],"inLanguage":"it-IT"},{"@type":"WebPage","@id":"https:\/\/www.musikzeitung.ch\/news\/2024\/06\/wiener-musikuniversitaet-zeichnet-hkb-dozentin-aus","url":"https:\/\/www.musikzeitung.ch\/news\/2024\/06\/wiener-musikuniversitaet-zeichnet-hkb-dozentin-aus","name":"Wiener Musikuniversit\u00e4t zeichnet HKB-Dozentin aus - Schweizer Musikzeitung","isPartOf":{"@id":"https:\/\/www.musikzeitung.ch\/#website"},"primaryImageOfPage":{"@id":"https:\/\/www.musikzeitung.ch\/news\/2024\/06\/wiener-musikuniversitaet-zeichnet-hkb-dozentin-aus#primaryimage"},"image":{"@id":"https:\/\/www.musikzeitung.ch\/news\/2024\/06\/wiener-musikuniversitaet-zeichnet-hkb-dozentin-aus#primaryimage"},"thumbnailUrl":"https:\/\/www.musikzeitung.ch\/wp-content\/uploads\/2024\/06\/240612hkb.jpg","datePublished":"2024-06-12T07:37:02+00:00","dateModified":"2024-06-13T06:28:29+00:00","description":"Die Dissertation \u00abDas Konzert als Resonanzraum\u00bb von Irena M\u00fcller-Brozovi\u0107 ist von der Wiener Musikuniversit\u00e4t ausgezeichnet worden.","breadcrumb":{"@id":"https:\/\/www.musikzeitung.ch\/news\/2024\/06\/wiener-musikuniversitaet-zeichnet-hkb-dozentin-aus#breadcrumb"},"inLanguage":"it-IT","potentialAction":[{"@type":"ReadAction","target":["https:\/\/www.musikzeitung.ch\/news\/2024\/06\/wiener-musikuniversitaet-zeichnet-hkb-dozentin-aus"]}]},{"@type":"ImageObject","inLanguage":"it-IT","@id":"https:\/\/www.musikzeitung.ch\/news\/2024\/06\/wiener-musikuniversitaet-zeichnet-hkb-dozentin-aus#primaryimage","url":"https:\/\/www.musikzeitung.ch\/wp-content\/uploads\/2024\/06\/240612hkb.jpg","contentUrl":"https:\/\/www.musikzeitung.ch\/wp-content\/uploads\/2024\/06\/240612hkb.jpg","width":900,"height":600,"caption":"(Bild: zVg)"},{"@type":"BreadcrumbList","@id":"https:\/\/www.musikzeitung.ch\/news\/2024\/06\/wiener-musikuniversitaet-zeichnet-hkb-dozentin-aus#breadcrumb","itemListElement":[{"@type":"ListItem","position":1,"name":"Home","item":"https:\/\/www.musikzeitung.ch\/"},{"@type":"ListItem","position":2,"name":"Wiener Musikuniversit\u00e4t zeichnet HKB-Dozentin aus"}]},{"@type":"WebSite","@id":"https:\/\/www.musikzeitung.ch\/#website","url":"https:\/\/www.musikzeitung.ch\/","name":"Giornale musicale svizzero","description":"Il principale mensile interdisciplinare della Svizzera per le questioni musicali.","publisher":{"@id":"https:\/\/www.musikzeitung.ch\/#organization"},"potentialAction":[{"@type":"SearchAction","target":{"@type":"EntryPoint","urlTemplate":"https:\/\/www.musikzeitung.ch\/?s={search_term_string}"},"query-input":{"@type":"PropertyValueSpecification","valueRequired":true,"valueName":"search_term_string"}}],"inLanguage":"it-IT"},{"@type":"Organization","@id":"https:\/\/www.musikzeitung.ch\/#organization","name":"Giornale musicale svizzero","url":"https:\/\/www.musikzeitung.ch\/","logo":{"@type":"ImageObject","inLanguage":"it-IT","@id":"https:\/\/www.musikzeitung.ch\/#\/schema\/logo\/image\/","url":"https:\/\/www.musikzeitung.ch\/wp-content\/uploads\/2023\/01\/SMZ_Schriftzug_Sprache.png","contentUrl":"https:\/\/www.musikzeitung.ch\/wp-content\/uploads\/2023\/01\/SMZ_Schriftzug_Sprache.png","width":1400,"height":279,"caption":"Schweizer Musikzeitung"},"image":{"@id":"https:\/\/www.musikzeitung.ch\/#\/schema\/logo\/image\/"},"sameAs":["https:\/\/www.facebook.com\/SchweizerMusikzeitung\/","https:\/\/x.com\/smusikzeitung","https:\/\/www.instagram.com\/musikzeitung.ch\/"]},{"@type":"Person","@id":"https:\/\/www.musikzeitung.ch\/#\/schema\/person\/0da4fb82d243f1252850a35d0e87cf0c","name":"Wolfgang B\u00f6hler","image":{"@type":"ImageObject","inLanguage":"it-IT","@id":"https:\/\/www.musikzeitung.ch\/wp-content\/uploads\/2023\/01\/boehler_portraet_web-e1674139782246-96x96.jpg","url":"https:\/\/www.musikzeitung.ch\/wp-content\/uploads\/2023\/01\/boehler_portraet_web-e1674139782246-96x96.jpg","contentUrl":"https:\/\/www.musikzeitung.ch\/wp-content\/uploads\/2023\/01\/boehler_portraet_web-e1674139782246-96x96.jpg","caption":"Wolfgang B\u00f6hler"},"sameAs":["http:\/\/www.manacanto.ch","https:\/\/www.facebook.com\/wolfgang.bohler.75"],"url":"https:\/\/www.musikzeitung.ch\/it\/author\/wolfgang-boehler"}]}},"publishpress_future_workflow_manual_trigger":{"enabledWorkflows":[]},"_links":{"self":[{"href":"https:\/\/www.musikzeitung.ch\/it\/wp-json\/wp\/v2\/posts\/55322","targetHints":{"allow":["GET"]}}],"collection":[{"href":"https:\/\/www.musikzeitung.ch\/it\/wp-json\/wp\/v2\/posts"}],"about":[{"href":"https:\/\/www.musikzeitung.ch\/it\/wp-json\/wp\/v2\/types\/post"}],"author":[{"embeddable":true,"href":"https:\/\/www.musikzeitung.ch\/it\/wp-json\/wp\/v2\/users\/30"}],"replies":[{"embeddable":true,"href":"https:\/\/www.musikzeitung.ch\/it\/wp-json\/wp\/v2\/comments?post=55322"}],"version-history":[{"count":1,"href":"https:\/\/www.musikzeitung.ch\/it\/wp-json\/wp\/v2\/posts\/55322\/revisions"}],"predecessor-version":[{"id":55324,"href":"https:\/\/www.musikzeitung.ch\/it\/wp-json\/wp\/v2\/posts\/55322\/revisions\/55324"}],"wp:featuredmedia":[{"embeddable":true,"href":"https:\/\/www.musikzeitung.ch\/it\/wp-json\/wp\/v2\/media\/55323"}],"wp:attachment":[{"href":"https:\/\/www.musikzeitung.ch\/it\/wp-json\/wp\/v2\/media?parent=55322"}],"wp:term":[{"taxonomy":"category","embeddable":true,"href":"https:\/\/www.musikzeitung.ch\/it\/wp-json\/wp\/v2\/categories?post=55322"},{"taxonomy":"post_tag","embeddable":true,"href":"https:\/\/www.musikzeitung.ch\/it\/wp-json\/wp\/v2\/tags?post=55322"}],"curies":[{"name":"wp","href":"https:\/\/api.w.org\/{rel}","templated":true}]}}