{"id":55439,"date":"2024-06-24T10:08:51","date_gmt":"2024-06-24T08:08:51","guid":{"rendered":"https:\/\/www.musikzeitung.ch\/?p=55439"},"modified":"2024-06-24T10:46:59","modified_gmt":"2024-06-24T08:46:59","slug":"prix-serdang-2024-geht-an-alexandra-dovgan","status":"publish","type":"post","link":"https:\/\/www.musikzeitung.ch\/it\/news\/2024\/06\/prix-serdang-2024-geht-an-alexandra-dovgan","title":{"rendered":"Il Premio Serdang 2024 va ad Alexandra Dovgan"},"content":{"rendered":"<figure id=\"attachment_55440\" aria-describedby=\"caption-attachment-55440\" style=\"width: 768px\" class=\"wp-caption alignnone\"><img loading=\"lazy\" decoding=\"async\" class=\"size-large wp-image-55440\" src=\"https:\/\/www.musikzeitung.ch\/wp-content\/uploads\/2024\/06\/240624ps-1024x677.jpg\" alt=\"\" width=\"768\" height=\"508\" srcset=\"https:\/\/www.musikzeitung.ch\/wp-content\/uploads\/2024\/06\/240624ps-1024x677.jpg 1024w, https:\/\/www.musikzeitung.ch\/wp-content\/uploads\/2024\/06\/240624ps-300x198.jpg 300w, https:\/\/www.musikzeitung.ch\/wp-content\/uploads\/2024\/06\/240624ps-768x508.jpg 768w, https:\/\/www.musikzeitung.ch\/wp-content\/uploads\/2024\/06\/240624ps-18x12.jpg 18w, https:\/\/www.musikzeitung.ch\/wp-content\/uploads\/2024\/06\/240624ps-265x175.jpg 265w, https:\/\/www.musikzeitung.ch\/wp-content\/uploads\/2024\/06\/240624ps-529x350.jpg 529w, https:\/\/www.musikzeitung.ch\/wp-content\/uploads\/2024\/06\/240624ps-1210x800.jpg 1210w, https:\/\/www.musikzeitung.ch\/wp-content\/uploads\/2024\/06\/240624ps-920x608.jpg 920w, https:\/\/www.musikzeitung.ch\/wp-content\/uploads\/2024\/06\/240624ps.jpg 1323w\" sizes=\"auto, (max-width: 768px) 100vw, 768px\" \/><figcaption id=\"caption-attachment-55440\" class=\"wp-caption-text\">Alexandra Dovgan (Immagine: Thomas Entzeroth)<\/figcaption><\/figure>\n<p>Alexandra Dovgan, che secondo il comunicato stampa \u00e8 nata nel 2007 in una famiglia di musicisti, ha iniziato lo studio del pianoforte all'et\u00e0 di quattro anni e mezzo e ha superato l'esame di ammissione alla Central Academic Music School di Mosca all'et\u00e0 di cinque anni. Ha vinto numerosi concorsi internazionali, tra cui il Vladimir Krainev Moscow International Piano Competition. All'et\u00e0 di dieci anni \u00e8 stata premiata con il Grand Prix al II Concorso Internazionale di Pianoforte di Mosca. Alexandra si \u00e8 gi\u00e0 esibita alla Philharmonie di Berlino, al Th\u00e9\u00e2tre des Champs-Elys\u00e9es di Parigi e al Concertgebouw di Amsterdam sotto la direzione di Gustavo Dudamel e Paavo J\u00e4rvi.<\/p>\n<p>Il Prix Serdang \u00e8 stato istituito nel 2022 e assegnato a Martin James Bartlett. Ariel Lanyi ha ricevuto il premio nel 2023. \u00c8 dotato di 50.000 franchi svizzeri, non \u00e8 un concorso e non \u00e8 legato ad alcuna condizione. \u00c8 piuttosto un onore, un incentivo e un sostegno per una giovane carriera e un investimento nella creazione artistica. Il pianista Rudolf Buchbinder \u00e8 il curatore del premio.<\/p>","protected":false},"excerpt":{"rendered":"<p>A Soletta, il Prix Serdang, curato da Rudolf Buchbinder e dotato di 50.000 franchi svizzeri, \u00e8 stato assegnato alla pianista Alexandra Dovgan.<\/p>","protected":false},"author":30,"featured_media":55440,"comment_status":"closed","ping_status":"closed","sticky":false,"template":"","format":"standard","meta":{"_acf_changed":false,"_relevanssi_hide_post":"","_relevanssi_hide_content":"","_relevanssi_pin_for_all":"","_relevanssi_pin_keywords":"","_relevanssi_unpin_keywords":"","_relevanssi_related_keywords":"","_relevanssi_related_include_ids":"","_relevanssi_related_exclude_ids":"","_relevanssi_related_no_append":"","_relevanssi_related_not_related":"","_relevanssi_related_posts":"","_relevanssi_noindex_reason":"","pgc_sgb_lightbox_settings":"","footnotes":""},"categories":[27],"tags":[4146,2168],"class_list":["post-55439","post","type-post","status-publish","format-standard","has-post-thumbnail","hentry","category-news","tag-alexandra-dovgan","tag-prix-serdang"],"acf":[],"yoast_head":"<!-- This site is optimized with the Yoast SEO plugin v27.4 - https:\/\/yoast.com\/product\/yoast-seo-wordpress\/ -->\n<title>Prix Serdang 2024 geht an Alexandra Dovgan - Schweizer Musikzeitung<\/title>\n<meta name=\"description\" content=\"In Solothurn ist der von Rudolf Buchbinder kuratierte und mit 50&#039;000 Franken dotierte Prix Serdang an die Pianistin Alexandra Dovgan verliehen worden.\" \/>\n<meta name=\"robots\" content=\"index, follow, max-snippet:-1, max-image-preview:large, max-video-preview:-1\" \/>\n<link rel=\"canonical\" href=\"https:\/\/www.musikzeitung.ch\/it\/news\/2024\/06\/prix-serdang-2024-geht-an-alexandra-dovgan\/\" \/>\n<meta property=\"og:locale\" content=\"it_IT\" \/>\n<meta property=\"og:type\" content=\"article\" \/>\n<meta property=\"og:title\" content=\"Prix Serdang 2024 geht an Alexandra Dovgan - Schweizer Musikzeitung\" \/>\n<meta property=\"og:description\" content=\"In Solothurn ist der von Rudolf Buchbinder kuratierte und mit 50&#039;000 Franken dotierte Prix Serdang an die Pianistin Alexandra Dovgan verliehen worden.\" \/>\n<meta property=\"og:url\" content=\"https:\/\/www.musikzeitung.ch\/it\/news\/2024\/06\/prix-serdang-2024-geht-an-alexandra-dovgan\/\" \/>\n<meta property=\"og:site_name\" content=\"Schweizer Musikzeitung\" \/>\n<meta property=\"article:publisher\" content=\"https:\/\/www.facebook.com\/SchweizerMusikzeitung\/\" \/>\n<meta property=\"article:author\" content=\"https:\/\/www.facebook.com\/wolfgang.bohler.75\" \/>\n<meta property=\"article:published_time\" content=\"2024-06-24T08:08:51+00:00\" \/>\n<meta property=\"article:modified_time\" content=\"2024-06-24T08:46:59+00:00\" \/>\n<meta property=\"og:image\" content=\"https:\/\/www.musikzeitung.ch\/wp-content\/uploads\/2024\/06\/240624ps.jpg\" \/>\n\t<meta property=\"og:image:width\" content=\"1323\" \/>\n\t<meta property=\"og:image:height\" content=\"875\" \/>\n\t<meta property=\"og:image:type\" content=\"image\/jpeg\" \/>\n<meta name=\"author\" content=\"Wolfgang B\u00f6hler\" \/>\n<meta name=\"twitter:card\" content=\"summary_large_image\" \/>\n<meta name=\"twitter:creator\" content=\"@smusikzeitung\" \/>\n<meta name=\"twitter:site\" content=\"@smusikzeitung\" \/>\n<meta name=\"twitter:label1\" content=\"Scritto da\" \/>\n\t<meta name=\"twitter:data1\" content=\"Wolfgang B\u00f6hler\" \/>\n\t<meta name=\"twitter:label2\" content=\"Tempo di lettura stimato\" \/>\n\t<meta name=\"twitter:data2\" content=\"2 minuti\" \/>\n<script type=\"application\/ld+json\" class=\"yoast-schema-graph\">{\"@context\":\"https:\\\/\\\/schema.org\",\"@graph\":[{\"@type\":\"Article\",\"@id\":\"https:\\\/\\\/www.musikzeitung.ch\\\/news\\\/2024\\\/06\\\/prix-serdang-2024-geht-an-alexandra-dovgan#article\",\"isPartOf\":{\"@id\":\"https:\\\/\\\/www.musikzeitung.ch\\\/news\\\/2024\\\/06\\\/prix-serdang-2024-geht-an-alexandra-dovgan\"},\"author\":{\"name\":\"Wolfgang B\u00f6hler\",\"@id\":\"https:\\\/\\\/www.musikzeitung.ch\\\/#\\\/schema\\\/person\\\/0da4fb82d243f1252850a35d0e87cf0c\"},\"headline\":\"Prix Serdang 2024 geht an Alexandra Dovgan\",\"datePublished\":\"2024-06-24T08:08:51+00:00\",\"dateModified\":\"2024-06-24T08:46:59+00:00\",\"mainEntityOfPage\":{\"@id\":\"https:\\\/\\\/www.musikzeitung.ch\\\/news\\\/2024\\\/06\\\/prix-serdang-2024-geht-an-alexandra-dovgan\"},\"wordCount\":170,\"publisher\":{\"@id\":\"https:\\\/\\\/www.musikzeitung.ch\\\/#organization\"},\"image\":{\"@id\":\"https:\\\/\\\/www.musikzeitung.ch\\\/news\\\/2024\\\/06\\\/prix-serdang-2024-geht-an-alexandra-dovgan#primaryimage\"},\"thumbnailUrl\":\"https:\\\/\\\/www.musikzeitung.ch\\\/wp-content\\\/uploads\\\/2024\\\/06\\\/240624ps.jpg\",\"keywords\":[\"Alexandra Dovgan\",\"Prix Serdang\"],\"articleSection\":[\"News\"],\"inLanguage\":\"it-IT\"},{\"@type\":\"WebPage\",\"@id\":\"https:\\\/\\\/www.musikzeitung.ch\\\/news\\\/2024\\\/06\\\/prix-serdang-2024-geht-an-alexandra-dovgan\",\"url\":\"https:\\\/\\\/www.musikzeitung.ch\\\/news\\\/2024\\\/06\\\/prix-serdang-2024-geht-an-alexandra-dovgan\",\"name\":\"Prix Serdang 2024 geht an Alexandra Dovgan - Schweizer Musikzeitung\",\"isPartOf\":{\"@id\":\"https:\\\/\\\/www.musikzeitung.ch\\\/#website\"},\"primaryImageOfPage\":{\"@id\":\"https:\\\/\\\/www.musikzeitung.ch\\\/news\\\/2024\\\/06\\\/prix-serdang-2024-geht-an-alexandra-dovgan#primaryimage\"},\"image\":{\"@id\":\"https:\\\/\\\/www.musikzeitung.ch\\\/news\\\/2024\\\/06\\\/prix-serdang-2024-geht-an-alexandra-dovgan#primaryimage\"},\"thumbnailUrl\":\"https:\\\/\\\/www.musikzeitung.ch\\\/wp-content\\\/uploads\\\/2024\\\/06\\\/240624ps.jpg\",\"datePublished\":\"2024-06-24T08:08:51+00:00\",\"dateModified\":\"2024-06-24T08:46:59+00:00\",\"description\":\"In Solothurn ist der von Rudolf Buchbinder kuratierte und mit 50'000 Franken dotierte Prix Serdang an die Pianistin Alexandra Dovgan verliehen worden.\",\"breadcrumb\":{\"@id\":\"https:\\\/\\\/www.musikzeitung.ch\\\/news\\\/2024\\\/06\\\/prix-serdang-2024-geht-an-alexandra-dovgan#breadcrumb\"},\"inLanguage\":\"it-IT\",\"potentialAction\":[{\"@type\":\"ReadAction\",\"target\":[\"https:\\\/\\\/www.musikzeitung.ch\\\/news\\\/2024\\\/06\\\/prix-serdang-2024-geht-an-alexandra-dovgan\"]}]},{\"@type\":\"ImageObject\",\"inLanguage\":\"it-IT\",\"@id\":\"https:\\\/\\\/www.musikzeitung.ch\\\/news\\\/2024\\\/06\\\/prix-serdang-2024-geht-an-alexandra-dovgan#primaryimage\",\"url\":\"https:\\\/\\\/www.musikzeitung.ch\\\/wp-content\\\/uploads\\\/2024\\\/06\\\/240624ps.jpg\",\"contentUrl\":\"https:\\\/\\\/www.musikzeitung.ch\\\/wp-content\\\/uploads\\\/2024\\\/06\\\/240624ps.jpg\",\"width\":1323,\"height\":875,\"caption\":\"Alexandra Dovgan (Bild: Thomas Entzeroth)\"},{\"@type\":\"BreadcrumbList\",\"@id\":\"https:\\\/\\\/www.musikzeitung.ch\\\/news\\\/2024\\\/06\\\/prix-serdang-2024-geht-an-alexandra-dovgan#breadcrumb\",\"itemListElement\":[{\"@type\":\"ListItem\",\"position\":1,\"name\":\"Home\",\"item\":\"https:\\\/\\\/www.musikzeitung.ch\\\/\"},{\"@type\":\"ListItem\",\"position\":2,\"name\":\"Prix Serdang 2024 geht an Alexandra Dovgan\"}]},{\"@type\":\"WebSite\",\"@id\":\"https:\\\/\\\/www.musikzeitung.ch\\\/#website\",\"url\":\"https:\\\/\\\/www.musikzeitung.ch\\\/\",\"name\":\"Schweizer Musikzeitung\",\"description\":\"Die f\u00fchrende sparten\u00fcbergreifende Monatszeitung in der Schweiz f\u00fcr musikalische Fragen.\",\"publisher\":{\"@id\":\"https:\\\/\\\/www.musikzeitung.ch\\\/#organization\"},\"potentialAction\":[{\"@type\":\"SearchAction\",\"target\":{\"@type\":\"EntryPoint\",\"urlTemplate\":\"https:\\\/\\\/www.musikzeitung.ch\\\/?s={search_term_string}\"},\"query-input\":{\"@type\":\"PropertyValueSpecification\",\"valueRequired\":true,\"valueName\":\"search_term_string\"}}],\"inLanguage\":\"it-IT\"},{\"@type\":\"Organization\",\"@id\":\"https:\\\/\\\/www.musikzeitung.ch\\\/#organization\",\"name\":\"Schweizer Musikzeitung\",\"url\":\"https:\\\/\\\/www.musikzeitung.ch\\\/\",\"logo\":{\"@type\":\"ImageObject\",\"inLanguage\":\"it-IT\",\"@id\":\"https:\\\/\\\/www.musikzeitung.ch\\\/#\\\/schema\\\/logo\\\/image\\\/\",\"url\":\"https:\\\/\\\/www.musikzeitung.ch\\\/wp-content\\\/uploads\\\/2023\\\/01\\\/SMZ_Schriftzug_Sprache.png\",\"contentUrl\":\"https:\\\/\\\/www.musikzeitung.ch\\\/wp-content\\\/uploads\\\/2023\\\/01\\\/SMZ_Schriftzug_Sprache.png\",\"width\":1400,\"height\":279,\"caption\":\"Schweizer Musikzeitung\"},\"image\":{\"@id\":\"https:\\\/\\\/www.musikzeitung.ch\\\/#\\\/schema\\\/logo\\\/image\\\/\"},\"sameAs\":[\"https:\\\/\\\/www.facebook.com\\\/SchweizerMusikzeitung\\\/\",\"https:\\\/\\\/x.com\\\/smusikzeitung\",\"https:\\\/\\\/www.instagram.com\\\/musikzeitung.ch\\\/\"]},{\"@type\":\"Person\",\"@id\":\"https:\\\/\\\/www.musikzeitung.ch\\\/#\\\/schema\\\/person\\\/0da4fb82d243f1252850a35d0e87cf0c\",\"name\":\"Wolfgang B\u00f6hler\",\"image\":{\"@type\":\"ImageObject\",\"inLanguage\":\"it-IT\",\"@id\":\"https:\\\/\\\/www.musikzeitung.ch\\\/wp-content\\\/uploads\\\/2023\\\/01\\\/boehler_portraet_web-e1674139782246-96x96.jpg\",\"url\":\"https:\\\/\\\/www.musikzeitung.ch\\\/wp-content\\\/uploads\\\/2023\\\/01\\\/boehler_portraet_web-e1674139782246-96x96.jpg\",\"contentUrl\":\"https:\\\/\\\/www.musikzeitung.ch\\\/wp-content\\\/uploads\\\/2023\\\/01\\\/boehler_portraet_web-e1674139782246-96x96.jpg\",\"caption\":\"Wolfgang B\u00f6hler\"},\"sameAs\":[\"http:\\\/\\\/www.manacanto.ch\",\"https:\\\/\\\/www.facebook.com\\\/wolfgang.bohler.75\"],\"url\":\"https:\\\/\\\/www.musikzeitung.ch\\\/it\\\/author\\\/wolfgang-boehler\"}]}<\/script>\n<!-- \/ Yoast SEO plugin. -->","yoast_head_json":{"title":"Prix Serdang 2024 geht an Alexandra Dovgan - Schweizer Musikzeitung","description":"A Soletta, il Prix Serdang, curato da Rudolf Buchbinder e dotato di 50.000 franchi, \u00e8 stato assegnato alla pianista Alexandra Dovgan.","robots":{"index":"index","follow":"follow","max-snippet":"max-snippet:-1","max-image-preview":"max-image-preview:large","max-video-preview":"max-video-preview:-1"},"canonical":"https:\/\/www.musikzeitung.ch\/it\/news\/2024\/06\/prix-serdang-2024-geht-an-alexandra-dovgan\/","og_locale":"it_IT","og_type":"article","og_title":"Prix Serdang 2024 geht an Alexandra Dovgan - Schweizer Musikzeitung","og_description":"In Solothurn ist der von Rudolf Buchbinder kuratierte und mit 50'000 Franken dotierte Prix Serdang an die Pianistin Alexandra Dovgan verliehen worden.","og_url":"https:\/\/www.musikzeitung.ch\/it\/news\/2024\/06\/prix-serdang-2024-geht-an-alexandra-dovgan\/","og_site_name":"Schweizer Musikzeitung","article_publisher":"https:\/\/www.facebook.com\/SchweizerMusikzeitung\/","article_author":"https:\/\/www.facebook.com\/wolfgang.bohler.75","article_published_time":"2024-06-24T08:08:51+00:00","article_modified_time":"2024-06-24T08:46:59+00:00","og_image":[{"width":1323,"height":875,"url":"https:\/\/www.musikzeitung.ch\/wp-content\/uploads\/2024\/06\/240624ps.jpg","type":"image\/jpeg"}],"author":"Wolfgang B\u00f6hler","twitter_card":"summary_large_image","twitter_creator":"@smusikzeitung","twitter_site":"@smusikzeitung","twitter_misc":{"Scritto da":"Wolfgang B\u00f6hler","Tempo di lettura stimato":"2 minuti"},"schema":{"@context":"https:\/\/schema.org","@graph":[{"@type":"Article","@id":"https:\/\/www.musikzeitung.ch\/news\/2024\/06\/prix-serdang-2024-geht-an-alexandra-dovgan#article","isPartOf":{"@id":"https:\/\/www.musikzeitung.ch\/news\/2024\/06\/prix-serdang-2024-geht-an-alexandra-dovgan"},"author":{"name":"Wolfgang B\u00f6hler","@id":"https:\/\/www.musikzeitung.ch\/#\/schema\/person\/0da4fb82d243f1252850a35d0e87cf0c"},"headline":"Prix Serdang 2024 geht an Alexandra Dovgan","datePublished":"2024-06-24T08:08:51+00:00","dateModified":"2024-06-24T08:46:59+00:00","mainEntityOfPage":{"@id":"https:\/\/www.musikzeitung.ch\/news\/2024\/06\/prix-serdang-2024-geht-an-alexandra-dovgan"},"wordCount":170,"publisher":{"@id":"https:\/\/www.musikzeitung.ch\/#organization"},"image":{"@id":"https:\/\/www.musikzeitung.ch\/news\/2024\/06\/prix-serdang-2024-geht-an-alexandra-dovgan#primaryimage"},"thumbnailUrl":"https:\/\/www.musikzeitung.ch\/wp-content\/uploads\/2024\/06\/240624ps.jpg","keywords":["Alexandra Dovgan","Prix Serdang"],"articleSection":["News"],"inLanguage":"it-IT"},{"@type":"WebPage","@id":"https:\/\/www.musikzeitung.ch\/news\/2024\/06\/prix-serdang-2024-geht-an-alexandra-dovgan","url":"https:\/\/www.musikzeitung.ch\/news\/2024\/06\/prix-serdang-2024-geht-an-alexandra-dovgan","name":"Prix Serdang 2024 geht an Alexandra Dovgan - Schweizer Musikzeitung","isPartOf":{"@id":"https:\/\/www.musikzeitung.ch\/#website"},"primaryImageOfPage":{"@id":"https:\/\/www.musikzeitung.ch\/news\/2024\/06\/prix-serdang-2024-geht-an-alexandra-dovgan#primaryimage"},"image":{"@id":"https:\/\/www.musikzeitung.ch\/news\/2024\/06\/prix-serdang-2024-geht-an-alexandra-dovgan#primaryimage"},"thumbnailUrl":"https:\/\/www.musikzeitung.ch\/wp-content\/uploads\/2024\/06\/240624ps.jpg","datePublished":"2024-06-24T08:08:51+00:00","dateModified":"2024-06-24T08:46:59+00:00","description":"A Soletta, il Prix Serdang, curato da Rudolf Buchbinder e dotato di 50.000 franchi, \u00e8 stato assegnato alla pianista Alexandra Dovgan.","breadcrumb":{"@id":"https:\/\/www.musikzeitung.ch\/news\/2024\/06\/prix-serdang-2024-geht-an-alexandra-dovgan#breadcrumb"},"inLanguage":"it-IT","potentialAction":[{"@type":"ReadAction","target":["https:\/\/www.musikzeitung.ch\/news\/2024\/06\/prix-serdang-2024-geht-an-alexandra-dovgan"]}]},{"@type":"ImageObject","inLanguage":"it-IT","@id":"https:\/\/www.musikzeitung.ch\/news\/2024\/06\/prix-serdang-2024-geht-an-alexandra-dovgan#primaryimage","url":"https:\/\/www.musikzeitung.ch\/wp-content\/uploads\/2024\/06\/240624ps.jpg","contentUrl":"https:\/\/www.musikzeitung.ch\/wp-content\/uploads\/2024\/06\/240624ps.jpg","width":1323,"height":875,"caption":"Alexandra Dovgan (Bild: Thomas Entzeroth)"},{"@type":"BreadcrumbList","@id":"https:\/\/www.musikzeitung.ch\/news\/2024\/06\/prix-serdang-2024-geht-an-alexandra-dovgan#breadcrumb","itemListElement":[{"@type":"ListItem","position":1,"name":"Home","item":"https:\/\/www.musikzeitung.ch\/"},{"@type":"ListItem","position":2,"name":"Prix Serdang 2024 geht an Alexandra Dovgan"}]},{"@type":"WebSite","@id":"https:\/\/www.musikzeitung.ch\/#website","url":"https:\/\/www.musikzeitung.ch\/","name":"Giornale musicale svizzero","description":"Il principale mensile interdisciplinare della Svizzera per le questioni musicali.","publisher":{"@id":"https:\/\/www.musikzeitung.ch\/#organization"},"potentialAction":[{"@type":"SearchAction","target":{"@type":"EntryPoint","urlTemplate":"https:\/\/www.musikzeitung.ch\/?s={search_term_string}"},"query-input":{"@type":"PropertyValueSpecification","valueRequired":true,"valueName":"search_term_string"}}],"inLanguage":"it-IT"},{"@type":"Organization","@id":"https:\/\/www.musikzeitung.ch\/#organization","name":"Giornale musicale svizzero","url":"https:\/\/www.musikzeitung.ch\/","logo":{"@type":"ImageObject","inLanguage":"it-IT","@id":"https:\/\/www.musikzeitung.ch\/#\/schema\/logo\/image\/","url":"https:\/\/www.musikzeitung.ch\/wp-content\/uploads\/2023\/01\/SMZ_Schriftzug_Sprache.png","contentUrl":"https:\/\/www.musikzeitung.ch\/wp-content\/uploads\/2023\/01\/SMZ_Schriftzug_Sprache.png","width":1400,"height":279,"caption":"Schweizer Musikzeitung"},"image":{"@id":"https:\/\/www.musikzeitung.ch\/#\/schema\/logo\/image\/"},"sameAs":["https:\/\/www.facebook.com\/SchweizerMusikzeitung\/","https:\/\/x.com\/smusikzeitung","https:\/\/www.instagram.com\/musikzeitung.ch\/"]},{"@type":"Person","@id":"https:\/\/www.musikzeitung.ch\/#\/schema\/person\/0da4fb82d243f1252850a35d0e87cf0c","name":"Wolfgang B\u00f6hler","image":{"@type":"ImageObject","inLanguage":"it-IT","@id":"https:\/\/www.musikzeitung.ch\/wp-content\/uploads\/2023\/01\/boehler_portraet_web-e1674139782246-96x96.jpg","url":"https:\/\/www.musikzeitung.ch\/wp-content\/uploads\/2023\/01\/boehler_portraet_web-e1674139782246-96x96.jpg","contentUrl":"https:\/\/www.musikzeitung.ch\/wp-content\/uploads\/2023\/01\/boehler_portraet_web-e1674139782246-96x96.jpg","caption":"Wolfgang B\u00f6hler"},"sameAs":["http:\/\/www.manacanto.ch","https:\/\/www.facebook.com\/wolfgang.bohler.75"],"url":"https:\/\/www.musikzeitung.ch\/it\/author\/wolfgang-boehler"}]}},"publishpress_future_workflow_manual_trigger":{"enabledWorkflows":[]},"_links":{"self":[{"href":"https:\/\/www.musikzeitung.ch\/it\/wp-json\/wp\/v2\/posts\/55439","targetHints":{"allow":["GET"]}}],"collection":[{"href":"https:\/\/www.musikzeitung.ch\/it\/wp-json\/wp\/v2\/posts"}],"about":[{"href":"https:\/\/www.musikzeitung.ch\/it\/wp-json\/wp\/v2\/types\/post"}],"author":[{"embeddable":true,"href":"https:\/\/www.musikzeitung.ch\/it\/wp-json\/wp\/v2\/users\/30"}],"replies":[{"embeddable":true,"href":"https:\/\/www.musikzeitung.ch\/it\/wp-json\/wp\/v2\/comments?post=55439"}],"version-history":[{"count":8,"href":"https:\/\/www.musikzeitung.ch\/it\/wp-json\/wp\/v2\/posts\/55439\/revisions"}],"predecessor-version":[{"id":55450,"href":"https:\/\/www.musikzeitung.ch\/it\/wp-json\/wp\/v2\/posts\/55439\/revisions\/55450"}],"wp:featuredmedia":[{"embeddable":true,"href":"https:\/\/www.musikzeitung.ch\/it\/wp-json\/wp\/v2\/media\/55440"}],"wp:attachment":[{"href":"https:\/\/www.musikzeitung.ch\/it\/wp-json\/wp\/v2\/media?parent=55439"}],"wp:term":[{"taxonomy":"category","embeddable":true,"href":"https:\/\/www.musikzeitung.ch\/it\/wp-json\/wp\/v2\/categories?post=55439"},{"taxonomy":"post_tag","embeddable":true,"href":"https:\/\/www.musikzeitung.ch\/it\/wp-json\/wp\/v2\/tags?post=55439"}],"curies":[{"name":"wp","href":"https:\/\/api.w.org\/{rel}","templated":true}]}}