{"id":55786,"date":"2024-07-04T06:19:41","date_gmt":"2024-07-04T04:19:41","guid":{"rendered":"https:\/\/www.musikzeitung.ch\/?p=55786"},"modified":"2024-07-04T09:30:21","modified_gmt":"2024-07-04T07:30:21","slug":"ravel-ist-alleiniger-autor-des-bolero","status":"publish","type":"post","link":"https:\/\/www.musikzeitung.ch\/it\/news\/2024\/07\/ravel-ist-alleiniger-autor-des-bolero","title":{"rendered":"Ravel \u00e8 l'unico autore del \"Bol\u00e9ro\"."},"content":{"rendered":"<figure id=\"attachment_55787\" aria-describedby=\"caption-attachment-55787\" style=\"width: 717px\" class=\"wp-caption alignnone\"><img loading=\"lazy\" decoding=\"async\" class=\"wp-image-55787 size-full\" src=\"https:\/\/www.musikzeitung.ch\/wp-content\/uploads\/2024\/07\/240704ravel.jpg\" alt=\"\" width=\"717\" height=\"498\" srcset=\"https:\/\/www.musikzeitung.ch\/wp-content\/uploads\/2024\/07\/240704ravel.jpg 717w, https:\/\/www.musikzeitung.ch\/wp-content\/uploads\/2024\/07\/240704ravel-300x208.jpg 300w, https:\/\/www.musikzeitung.ch\/wp-content\/uploads\/2024\/07\/240704ravel-18x12.jpg 18w, https:\/\/www.musikzeitung.ch\/wp-content\/uploads\/2024\/07\/240704ravel-252x175.jpg 252w, https:\/\/www.musikzeitung.ch\/wp-content\/uploads\/2024\/07\/240704ravel-504x350.jpg 504w\" sizes=\"auto, (max-width: 717px) 100vw, 717px\" \/><figcaption id=\"caption-attachment-55787\" class=\"wp-caption-text\">Maurice Ravel (registrazione del 1912)<\/figcaption><\/figure>\n<p>La Soci\u00e9t\u00e9 des auteurs, compositeurs et \u00e9diteurs de Musique (Sacem) accoglie con favore la sentenza del Tribunal judiciaire de Nanterre del 28 giugno 2024 nel procedimento intentato contro di essa dagli eredi di Alexandre Benois e dai successori legali di Maurice Ravel per far dichiarare Alexandre Benois coautore, insieme a Maurice Ravel, dell'opera <em>Bol\u00e9ro<\/em> \u00e8 riconosciuto.<\/p>\n<p>Poich\u00e9 la documentazione presentata dai ricorrenti non dimostrava la sussistenza dei criteri necessari per il riconoscimento di tale coautorialit\u00e0, Sacem aveva di fatto rifiutato di riconoscere la <em>Bol\u00e9ro<\/em> pu\u00f2 essere considerata un'opera congiunta di Maurice Ravel e Alexandre Benois.<\/p>\n<p>Tale riconoscimento avrebbe significato che la durata della protezione del diritto d'autore per quest'opera sarebbe stata estesa fino al 2039 o addirittura al 2051 se, come in seguito sostenuto dalla propriet\u00e0 Ravel, la coreografa Bronislava Nijinska fosse stata anche coautrice dell'opera. <em>Bol\u00e9ros<\/em> sarebbe stato riconosciuto.<\/p>\n<p>Il tribunale di Nanterre ha seguito il ragionamento di Sacem e ha quindi respinto in toto le richieste degli eredi di Ravel e Benois, sia per quanto riguarda il rifiuto di Sacem di riconoscere la presunta coautorialit\u00e0 di Alexandre Benois, sia per quanto riguarda i numerosi errori di cui gli eredi lo accusavano.<\/p>\n<p>&nbsp;<\/p>","protected":false},"excerpt":{"rendered":"<p>Un tribunale di Nanterre ha stabilito che Maurica Ravel \u00e8 l'unico autore del \"Bol\u00e9ro\". Gli eredi del coreografo Alexandre Benois avevano rivendicato la co-autorialit\u00e0 di Benois.<\/p>","protected":false},"author":30,"featured_media":55787,"comment_status":"closed","ping_status":"closed","sticky":false,"template":"","format":"standard","meta":{"_acf_changed":false,"_relevanssi_hide_post":"","_relevanssi_hide_content":"","_relevanssi_pin_for_all":"","_relevanssi_pin_keywords":"","_relevanssi_unpin_keywords":"","_relevanssi_related_keywords":"","_relevanssi_related_include_ids":"","_relevanssi_related_exclude_ids":"","_relevanssi_related_no_append":"","_relevanssi_related_not_related":"","_relevanssi_related_posts":"","_relevanssi_noindex_reason":"","pgc_sgb_lightbox_settings":"","footnotes":""},"categories":[27],"tags":[4182,4181,4180],"class_list":["post-55786","post","type-post","status-publish","format-standard","has-post-thumbnail","hentry","category-news","tag-alexandre-benois","tag-bolero","tag-maurice-ravel"],"acf":[],"yoast_head":"<!-- This site is optimized with the Yoast SEO plugin v27.4 - https:\/\/yoast.com\/product\/yoast-seo-wordpress\/ -->\n<title>Ravel ist alleiniger Autor des \u00abBol\u00e9ro\u00bb - Schweizer Musikzeitung<\/title>\n<meta name=\"description\" content=\"Ein Gericht in Nanterre hat so entschieden. Die Erben des Choreografen Alexandre Benois hatten eine Mitautorschaft Benois&#039; geltend gemacht.\" \/>\n<meta name=\"robots\" content=\"index, follow, max-snippet:-1, max-image-preview:large, max-video-preview:-1\" \/>\n<link rel=\"canonical\" href=\"https:\/\/www.musikzeitung.ch\/it\/news\/2024\/07\/ravel-ist-alleiniger-autor-des-bolero\/\" \/>\n<meta property=\"og:locale\" content=\"it_IT\" \/>\n<meta property=\"og:type\" content=\"article\" \/>\n<meta property=\"og:title\" content=\"Ravel ist alleiniger Autor des \u00abBol\u00e9ro\u00bb - Schweizer Musikzeitung\" \/>\n<meta property=\"og:description\" content=\"Ein Gericht in Nanterre hat so entschieden. Die Erben des Choreografen Alexandre Benois hatten eine Mitautorschaft Benois&#039; geltend gemacht.\" \/>\n<meta property=\"og:url\" content=\"https:\/\/www.musikzeitung.ch\/it\/news\/2024\/07\/ravel-ist-alleiniger-autor-des-bolero\/\" \/>\n<meta property=\"og:site_name\" content=\"Schweizer Musikzeitung\" \/>\n<meta property=\"article:publisher\" content=\"https:\/\/www.facebook.com\/SchweizerMusikzeitung\/\" \/>\n<meta property=\"article:author\" content=\"https:\/\/www.facebook.com\/wolfgang.bohler.75\" \/>\n<meta property=\"article:published_time\" content=\"2024-07-04T04:19:41+00:00\" \/>\n<meta property=\"article:modified_time\" content=\"2024-07-04T07:30:21+00:00\" \/>\n<meta property=\"og:image\" content=\"https:\/\/www.musikzeitung.ch\/wp-content\/uploads\/2024\/07\/240704ravel.jpg\" \/>\n\t<meta property=\"og:image:width\" content=\"717\" \/>\n\t<meta property=\"og:image:height\" content=\"498\" \/>\n\t<meta property=\"og:image:type\" content=\"image\/jpeg\" \/>\n<meta name=\"author\" content=\"Wolfgang B\u00f6hler\" \/>\n<meta name=\"twitter:card\" content=\"summary_large_image\" \/>\n<meta name=\"twitter:creator\" content=\"@smusikzeitung\" \/>\n<meta name=\"twitter:site\" content=\"@smusikzeitung\" \/>\n<meta name=\"twitter:label1\" content=\"Scritto da\" \/>\n\t<meta name=\"twitter:data1\" content=\"Wolfgang B\u00f6hler\" \/>\n\t<meta name=\"twitter:label2\" content=\"Tempo di lettura stimato\" \/>\n\t<meta name=\"twitter:data2\" content=\"2 minuti\" \/>\n<script type=\"application\/ld+json\" class=\"yoast-schema-graph\">{\"@context\":\"https:\\\/\\\/schema.org\",\"@graph\":[{\"@type\":\"Article\",\"@id\":\"https:\\\/\\\/www.musikzeitung.ch\\\/news\\\/2024\\\/07\\\/ravel-ist-alleiniger-autor-des-bolero#article\",\"isPartOf\":{\"@id\":\"https:\\\/\\\/www.musikzeitung.ch\\\/news\\\/2024\\\/07\\\/ravel-ist-alleiniger-autor-des-bolero\"},\"author\":{\"name\":\"Wolfgang B\u00f6hler\",\"@id\":\"https:\\\/\\\/www.musikzeitung.ch\\\/#\\\/schema\\\/person\\\/0da4fb82d243f1252850a35d0e87cf0c\"},\"headline\":\"Ravel ist alleiniger Autor des \u00abBol\u00e9ro\u00bb\",\"datePublished\":\"2024-07-04T04:19:41+00:00\",\"dateModified\":\"2024-07-04T07:30:21+00:00\",\"mainEntityOfPage\":{\"@id\":\"https:\\\/\\\/www.musikzeitung.ch\\\/news\\\/2024\\\/07\\\/ravel-ist-alleiniger-autor-des-bolero\"},\"wordCount\":223,\"publisher\":{\"@id\":\"https:\\\/\\\/www.musikzeitung.ch\\\/#organization\"},\"image\":{\"@id\":\"https:\\\/\\\/www.musikzeitung.ch\\\/news\\\/2024\\\/07\\\/ravel-ist-alleiniger-autor-des-bolero#primaryimage\"},\"thumbnailUrl\":\"https:\\\/\\\/www.musikzeitung.ch\\\/wp-content\\\/uploads\\\/2024\\\/07\\\/240704ravel.jpg\",\"keywords\":[\"Alexandre Benois\",\"Bolero\",\"Maurice Ravel\"],\"articleSection\":[\"News\"],\"inLanguage\":\"it-IT\"},{\"@type\":\"WebPage\",\"@id\":\"https:\\\/\\\/www.musikzeitung.ch\\\/news\\\/2024\\\/07\\\/ravel-ist-alleiniger-autor-des-bolero\",\"url\":\"https:\\\/\\\/www.musikzeitung.ch\\\/news\\\/2024\\\/07\\\/ravel-ist-alleiniger-autor-des-bolero\",\"name\":\"Ravel ist alleiniger Autor des \u00abBol\u00e9ro\u00bb - Schweizer Musikzeitung\",\"isPartOf\":{\"@id\":\"https:\\\/\\\/www.musikzeitung.ch\\\/#website\"},\"primaryImageOfPage\":{\"@id\":\"https:\\\/\\\/www.musikzeitung.ch\\\/news\\\/2024\\\/07\\\/ravel-ist-alleiniger-autor-des-bolero#primaryimage\"},\"image\":{\"@id\":\"https:\\\/\\\/www.musikzeitung.ch\\\/news\\\/2024\\\/07\\\/ravel-ist-alleiniger-autor-des-bolero#primaryimage\"},\"thumbnailUrl\":\"https:\\\/\\\/www.musikzeitung.ch\\\/wp-content\\\/uploads\\\/2024\\\/07\\\/240704ravel.jpg\",\"datePublished\":\"2024-07-04T04:19:41+00:00\",\"dateModified\":\"2024-07-04T07:30:21+00:00\",\"description\":\"Ein Gericht in Nanterre hat so entschieden. Die Erben des Choreografen Alexandre Benois hatten eine Mitautorschaft Benois' geltend gemacht.\",\"breadcrumb\":{\"@id\":\"https:\\\/\\\/www.musikzeitung.ch\\\/news\\\/2024\\\/07\\\/ravel-ist-alleiniger-autor-des-bolero#breadcrumb\"},\"inLanguage\":\"it-IT\",\"potentialAction\":[{\"@type\":\"ReadAction\",\"target\":[\"https:\\\/\\\/www.musikzeitung.ch\\\/news\\\/2024\\\/07\\\/ravel-ist-alleiniger-autor-des-bolero\"]}]},{\"@type\":\"ImageObject\",\"inLanguage\":\"it-IT\",\"@id\":\"https:\\\/\\\/www.musikzeitung.ch\\\/news\\\/2024\\\/07\\\/ravel-ist-alleiniger-autor-des-bolero#primaryimage\",\"url\":\"https:\\\/\\\/www.musikzeitung.ch\\\/wp-content\\\/uploads\\\/2024\\\/07\\\/240704ravel.jpg\",\"contentUrl\":\"https:\\\/\\\/www.musikzeitung.ch\\\/wp-content\\\/uploads\\\/2024\\\/07\\\/240704ravel.jpg\",\"width\":717,\"height\":498,\"caption\":\"Maurice Ravel (Aufnahme von 192)\"},{\"@type\":\"BreadcrumbList\",\"@id\":\"https:\\\/\\\/www.musikzeitung.ch\\\/news\\\/2024\\\/07\\\/ravel-ist-alleiniger-autor-des-bolero#breadcrumb\",\"itemListElement\":[{\"@type\":\"ListItem\",\"position\":1,\"name\":\"Home\",\"item\":\"https:\\\/\\\/www.musikzeitung.ch\\\/\"},{\"@type\":\"ListItem\",\"position\":2,\"name\":\"Ravel ist alleiniger Autor des \u00abBol\u00e9ro\u00bb\"}]},{\"@type\":\"WebSite\",\"@id\":\"https:\\\/\\\/www.musikzeitung.ch\\\/#website\",\"url\":\"https:\\\/\\\/www.musikzeitung.ch\\\/\",\"name\":\"Schweizer Musikzeitung\",\"description\":\"Die f\u00fchrende sparten\u00fcbergreifende Monatszeitung in der Schweiz f\u00fcr musikalische Fragen.\",\"publisher\":{\"@id\":\"https:\\\/\\\/www.musikzeitung.ch\\\/#organization\"},\"potentialAction\":[{\"@type\":\"SearchAction\",\"target\":{\"@type\":\"EntryPoint\",\"urlTemplate\":\"https:\\\/\\\/www.musikzeitung.ch\\\/?s={search_term_string}\"},\"query-input\":{\"@type\":\"PropertyValueSpecification\",\"valueRequired\":true,\"valueName\":\"search_term_string\"}}],\"inLanguage\":\"it-IT\"},{\"@type\":\"Organization\",\"@id\":\"https:\\\/\\\/www.musikzeitung.ch\\\/#organization\",\"name\":\"Schweizer Musikzeitung\",\"url\":\"https:\\\/\\\/www.musikzeitung.ch\\\/\",\"logo\":{\"@type\":\"ImageObject\",\"inLanguage\":\"it-IT\",\"@id\":\"https:\\\/\\\/www.musikzeitung.ch\\\/#\\\/schema\\\/logo\\\/image\\\/\",\"url\":\"https:\\\/\\\/www.musikzeitung.ch\\\/wp-content\\\/uploads\\\/2023\\\/01\\\/SMZ_Schriftzug_Sprache.png\",\"contentUrl\":\"https:\\\/\\\/www.musikzeitung.ch\\\/wp-content\\\/uploads\\\/2023\\\/01\\\/SMZ_Schriftzug_Sprache.png\",\"width\":1400,\"height\":279,\"caption\":\"Schweizer Musikzeitung\"},\"image\":{\"@id\":\"https:\\\/\\\/www.musikzeitung.ch\\\/#\\\/schema\\\/logo\\\/image\\\/\"},\"sameAs\":[\"https:\\\/\\\/www.facebook.com\\\/SchweizerMusikzeitung\\\/\",\"https:\\\/\\\/x.com\\\/smusikzeitung\",\"https:\\\/\\\/www.instagram.com\\\/musikzeitung.ch\\\/\"]},{\"@type\":\"Person\",\"@id\":\"https:\\\/\\\/www.musikzeitung.ch\\\/#\\\/schema\\\/person\\\/0da4fb82d243f1252850a35d0e87cf0c\",\"name\":\"Wolfgang B\u00f6hler\",\"image\":{\"@type\":\"ImageObject\",\"inLanguage\":\"it-IT\",\"@id\":\"https:\\\/\\\/www.musikzeitung.ch\\\/wp-content\\\/uploads\\\/2023\\\/01\\\/boehler_portraet_web-e1674139782246-96x96.jpg\",\"url\":\"https:\\\/\\\/www.musikzeitung.ch\\\/wp-content\\\/uploads\\\/2023\\\/01\\\/boehler_portraet_web-e1674139782246-96x96.jpg\",\"contentUrl\":\"https:\\\/\\\/www.musikzeitung.ch\\\/wp-content\\\/uploads\\\/2023\\\/01\\\/boehler_portraet_web-e1674139782246-96x96.jpg\",\"caption\":\"Wolfgang B\u00f6hler\"},\"sameAs\":[\"http:\\\/\\\/www.manacanto.ch\",\"https:\\\/\\\/www.facebook.com\\\/wolfgang.bohler.75\"],\"url\":\"https:\\\/\\\/www.musikzeitung.ch\\\/it\\\/author\\\/wolfgang-boehler\"}]}<\/script>\n<!-- \/ Yoast SEO plugin. -->","yoast_head_json":{"title":"Ravel ist alleiniger Autor des \u00abBol\u00e9ro\u00bb - Schweizer Musikzeitung","description":"Ein Gericht in Nanterre hat so entschieden. Die Erben des Choreografen Alexandre Benois hatten eine Mitautorschaft Benois' geltend gemacht.","robots":{"index":"index","follow":"follow","max-snippet":"max-snippet:-1","max-image-preview":"max-image-preview:large","max-video-preview":"max-video-preview:-1"},"canonical":"https:\/\/www.musikzeitung.ch\/it\/news\/2024\/07\/ravel-ist-alleiniger-autor-des-bolero\/","og_locale":"it_IT","og_type":"article","og_title":"Ravel ist alleiniger Autor des \u00abBol\u00e9ro\u00bb - Schweizer Musikzeitung","og_description":"Ein Gericht in Nanterre hat so entschieden. Die Erben des Choreografen Alexandre Benois hatten eine Mitautorschaft Benois' geltend gemacht.","og_url":"https:\/\/www.musikzeitung.ch\/it\/news\/2024\/07\/ravel-ist-alleiniger-autor-des-bolero\/","og_site_name":"Schweizer Musikzeitung","article_publisher":"https:\/\/www.facebook.com\/SchweizerMusikzeitung\/","article_author":"https:\/\/www.facebook.com\/wolfgang.bohler.75","article_published_time":"2024-07-04T04:19:41+00:00","article_modified_time":"2024-07-04T07:30:21+00:00","og_image":[{"width":717,"height":498,"url":"https:\/\/www.musikzeitung.ch\/wp-content\/uploads\/2024\/07\/240704ravel.jpg","type":"image\/jpeg"}],"author":"Wolfgang B\u00f6hler","twitter_card":"summary_large_image","twitter_creator":"@smusikzeitung","twitter_site":"@smusikzeitung","twitter_misc":{"Scritto da":"Wolfgang B\u00f6hler","Tempo di lettura stimato":"2 minuti"},"schema":{"@context":"https:\/\/schema.org","@graph":[{"@type":"Article","@id":"https:\/\/www.musikzeitung.ch\/news\/2024\/07\/ravel-ist-alleiniger-autor-des-bolero#article","isPartOf":{"@id":"https:\/\/www.musikzeitung.ch\/news\/2024\/07\/ravel-ist-alleiniger-autor-des-bolero"},"author":{"name":"Wolfgang B\u00f6hler","@id":"https:\/\/www.musikzeitung.ch\/#\/schema\/person\/0da4fb82d243f1252850a35d0e87cf0c"},"headline":"Ravel ist alleiniger Autor des \u00abBol\u00e9ro\u00bb","datePublished":"2024-07-04T04:19:41+00:00","dateModified":"2024-07-04T07:30:21+00:00","mainEntityOfPage":{"@id":"https:\/\/www.musikzeitung.ch\/news\/2024\/07\/ravel-ist-alleiniger-autor-des-bolero"},"wordCount":223,"publisher":{"@id":"https:\/\/www.musikzeitung.ch\/#organization"},"image":{"@id":"https:\/\/www.musikzeitung.ch\/news\/2024\/07\/ravel-ist-alleiniger-autor-des-bolero#primaryimage"},"thumbnailUrl":"https:\/\/www.musikzeitung.ch\/wp-content\/uploads\/2024\/07\/240704ravel.jpg","keywords":["Alexandre Benois","Bolero","Maurice Ravel"],"articleSection":["News"],"inLanguage":"it-IT"},{"@type":"WebPage","@id":"https:\/\/www.musikzeitung.ch\/news\/2024\/07\/ravel-ist-alleiniger-autor-des-bolero","url":"https:\/\/www.musikzeitung.ch\/news\/2024\/07\/ravel-ist-alleiniger-autor-des-bolero","name":"Ravel ist alleiniger Autor des \u00abBol\u00e9ro\u00bb - Schweizer Musikzeitung","isPartOf":{"@id":"https:\/\/www.musikzeitung.ch\/#website"},"primaryImageOfPage":{"@id":"https:\/\/www.musikzeitung.ch\/news\/2024\/07\/ravel-ist-alleiniger-autor-des-bolero#primaryimage"},"image":{"@id":"https:\/\/www.musikzeitung.ch\/news\/2024\/07\/ravel-ist-alleiniger-autor-des-bolero#primaryimage"},"thumbnailUrl":"https:\/\/www.musikzeitung.ch\/wp-content\/uploads\/2024\/07\/240704ravel.jpg","datePublished":"2024-07-04T04:19:41+00:00","dateModified":"2024-07-04T07:30:21+00:00","description":"Ein Gericht in Nanterre hat so entschieden. Die Erben des Choreografen Alexandre Benois hatten eine Mitautorschaft Benois' geltend gemacht.","breadcrumb":{"@id":"https:\/\/www.musikzeitung.ch\/news\/2024\/07\/ravel-ist-alleiniger-autor-des-bolero#breadcrumb"},"inLanguage":"it-IT","potentialAction":[{"@type":"ReadAction","target":["https:\/\/www.musikzeitung.ch\/news\/2024\/07\/ravel-ist-alleiniger-autor-des-bolero"]}]},{"@type":"ImageObject","inLanguage":"it-IT","@id":"https:\/\/www.musikzeitung.ch\/news\/2024\/07\/ravel-ist-alleiniger-autor-des-bolero#primaryimage","url":"https:\/\/www.musikzeitung.ch\/wp-content\/uploads\/2024\/07\/240704ravel.jpg","contentUrl":"https:\/\/www.musikzeitung.ch\/wp-content\/uploads\/2024\/07\/240704ravel.jpg","width":717,"height":498,"caption":"Maurice Ravel (Aufnahme von 192)"},{"@type":"BreadcrumbList","@id":"https:\/\/www.musikzeitung.ch\/news\/2024\/07\/ravel-ist-alleiniger-autor-des-bolero#breadcrumb","itemListElement":[{"@type":"ListItem","position":1,"name":"Home","item":"https:\/\/www.musikzeitung.ch\/"},{"@type":"ListItem","position":2,"name":"Ravel ist alleiniger Autor des \u00abBol\u00e9ro\u00bb"}]},{"@type":"WebSite","@id":"https:\/\/www.musikzeitung.ch\/#website","url":"https:\/\/www.musikzeitung.ch\/","name":"Giornale musicale svizzero","description":"Il principale mensile interdisciplinare della Svizzera per le questioni musicali.","publisher":{"@id":"https:\/\/www.musikzeitung.ch\/#organization"},"potentialAction":[{"@type":"SearchAction","target":{"@type":"EntryPoint","urlTemplate":"https:\/\/www.musikzeitung.ch\/?s={search_term_string}"},"query-input":{"@type":"PropertyValueSpecification","valueRequired":true,"valueName":"search_term_string"}}],"inLanguage":"it-IT"},{"@type":"Organization","@id":"https:\/\/www.musikzeitung.ch\/#organization","name":"Giornale musicale svizzero","url":"https:\/\/www.musikzeitung.ch\/","logo":{"@type":"ImageObject","inLanguage":"it-IT","@id":"https:\/\/www.musikzeitung.ch\/#\/schema\/logo\/image\/","url":"https:\/\/www.musikzeitung.ch\/wp-content\/uploads\/2023\/01\/SMZ_Schriftzug_Sprache.png","contentUrl":"https:\/\/www.musikzeitung.ch\/wp-content\/uploads\/2023\/01\/SMZ_Schriftzug_Sprache.png","width":1400,"height":279,"caption":"Schweizer Musikzeitung"},"image":{"@id":"https:\/\/www.musikzeitung.ch\/#\/schema\/logo\/image\/"},"sameAs":["https:\/\/www.facebook.com\/SchweizerMusikzeitung\/","https:\/\/x.com\/smusikzeitung","https:\/\/www.instagram.com\/musikzeitung.ch\/"]},{"@type":"Person","@id":"https:\/\/www.musikzeitung.ch\/#\/schema\/person\/0da4fb82d243f1252850a35d0e87cf0c","name":"Wolfgang B\u00f6hler","image":{"@type":"ImageObject","inLanguage":"it-IT","@id":"https:\/\/www.musikzeitung.ch\/wp-content\/uploads\/2023\/01\/boehler_portraet_web-e1674139782246-96x96.jpg","url":"https:\/\/www.musikzeitung.ch\/wp-content\/uploads\/2023\/01\/boehler_portraet_web-e1674139782246-96x96.jpg","contentUrl":"https:\/\/www.musikzeitung.ch\/wp-content\/uploads\/2023\/01\/boehler_portraet_web-e1674139782246-96x96.jpg","caption":"Wolfgang B\u00f6hler"},"sameAs":["http:\/\/www.manacanto.ch","https:\/\/www.facebook.com\/wolfgang.bohler.75"],"url":"https:\/\/www.musikzeitung.ch\/it\/author\/wolfgang-boehler"}]}},"publishpress_future_workflow_manual_trigger":{"enabledWorkflows":[]},"_links":{"self":[{"href":"https:\/\/www.musikzeitung.ch\/it\/wp-json\/wp\/v2\/posts\/55786","targetHints":{"allow":["GET"]}}],"collection":[{"href":"https:\/\/www.musikzeitung.ch\/it\/wp-json\/wp\/v2\/posts"}],"about":[{"href":"https:\/\/www.musikzeitung.ch\/it\/wp-json\/wp\/v2\/types\/post"}],"author":[{"embeddable":true,"href":"https:\/\/www.musikzeitung.ch\/it\/wp-json\/wp\/v2\/users\/30"}],"replies":[{"embeddable":true,"href":"https:\/\/www.musikzeitung.ch\/it\/wp-json\/wp\/v2\/comments?post=55786"}],"version-history":[{"count":5,"href":"https:\/\/www.musikzeitung.ch\/it\/wp-json\/wp\/v2\/posts\/55786\/revisions"}],"predecessor-version":[{"id":55792,"href":"https:\/\/www.musikzeitung.ch\/it\/wp-json\/wp\/v2\/posts\/55786\/revisions\/55792"}],"wp:featuredmedia":[{"embeddable":true,"href":"https:\/\/www.musikzeitung.ch\/it\/wp-json\/wp\/v2\/media\/55787"}],"wp:attachment":[{"href":"https:\/\/www.musikzeitung.ch\/it\/wp-json\/wp\/v2\/media?parent=55786"}],"wp:term":[{"taxonomy":"category","embeddable":true,"href":"https:\/\/www.musikzeitung.ch\/it\/wp-json\/wp\/v2\/categories?post=55786"},{"taxonomy":"post_tag","embeddable":true,"href":"https:\/\/www.musikzeitung.ch\/it\/wp-json\/wp\/v2\/tags?post=55786"}],"curies":[{"name":"wp","href":"https:\/\/api.w.org\/{rel}","templated":true}]}}