{"id":56187,"date":"2024-07-25T13:59:59","date_gmt":"2024-07-25T11:59:59","guid":{"rendered":"https:\/\/www.musikzeitung.ch\/?p=56187"},"modified":"2024-07-26T08:46:38","modified_gmt":"2024-07-26T06:46:38","slug":"galindo-quero-folgt-in-bern-auf-dayer","status":"publish","type":"post","link":"https:\/\/www.musikzeitung.ch\/it\/news\/2024\/07\/galindo-quero-folgt-in-bern-auf-dayer","title":{"rendered":"Galindo Quero succede a Dayer a Berna"},"content":{"rendered":"<figure id=\"attachment_56189\" aria-describedby=\"caption-attachment-56189\" style=\"width: 768px\" class=\"wp-caption alignnone\"><img loading=\"lazy\" decoding=\"async\" class=\"size-large wp-image-56189\" src=\"https:\/\/www.musikzeitung.ch\/wp-content\/uploads\/2024\/07\/240725hkb-1024x510.jpg\" alt=\"\" width=\"768\" height=\"383\" srcset=\"https:\/\/www.musikzeitung.ch\/wp-content\/uploads\/2024\/07\/240725hkb-1024x510.jpg 1024w, https:\/\/www.musikzeitung.ch\/wp-content\/uploads\/2024\/07\/240725hkb-300x149.jpg 300w, https:\/\/www.musikzeitung.ch\/wp-content\/uploads\/2024\/07\/240725hkb-768x383.jpg 768w, https:\/\/www.musikzeitung.ch\/wp-content\/uploads\/2024\/07\/240725hkb-1536x765.jpg 1536w, https:\/\/www.musikzeitung.ch\/wp-content\/uploads\/2024\/07\/240725hkb-18x9.jpg 18w, https:\/\/www.musikzeitung.ch\/wp-content\/uploads\/2024\/07\/240725hkb-351x175.jpg 351w, https:\/\/www.musikzeitung.ch\/wp-content\/uploads\/2024\/07\/240725hkb-703x350.jpg 703w, https:\/\/www.musikzeitung.ch\/wp-content\/uploads\/2024\/07\/240725hkb-1600x797.jpg 1600w, https:\/\/www.musikzeitung.ch\/wp-content\/uploads\/2024\/07\/240725hkb-920x458.jpg 920w, https:\/\/www.musikzeitung.ch\/wp-content\/uploads\/2024\/07\/240725hkb.jpg 1400w\" sizes=\"auto, (max-width: 768px) 100vw, 768px\" \/><figcaption id=\"caption-attachment-56189\" class=\"wp-caption-text\">Irene Galindo Quero (Immagine: HKB\/ZVG)<\/figcaption><\/figure>\n<p>Secondo il comunicato stampa della HKB, la compositrice spagnola Irene Galindo Quero, 39 anni, diriger\u00e0 da agosto il programma di Master of Arts in Music Composition, altamente internazionale, e supervisioner\u00e0 anche gli studenti del Bachelor. Grazie alle sue specializzazioni, Irene Galindo Quero \u00e8 perfettamente qualificata per guidare la composizione della HKB in futuro. La sua musica \u00e8 fortemente influenzata dalla letteratura, dalla linguistica e dalle teorie della percezione. Anche il teatro musicale contemporaneo \u00e8 al centro delle sue attivit\u00e0.<\/p>\n<p>Irene Galindo Quero ha completato gli studi di composizione presso il Conservatorio Superior Granada con Pedro Guajardo nel 2007. In qualit\u00e0 di borsista della Fondazione Alexander von Humboldt e di La Caixa-DAAD, ha studiato composizione presso l'Universit\u00e0 di Musica di Friburgo con Cornelius Schwehr e Mathias Spahlinger e ha completato un master con Johannes Sch\u00f6llhorn a Colonia fino al 2014.<\/p>\n<p>Le sue opere sono state eseguite da numerosi ensemble europei, come Ensemble Modern, Trio Catch e EnsembleKollektiv Berlin, e presentate in rinomati festival. Le composizioni di Galindo sono state premiate con diverse borse di studio e premi, come il Berlin-Rheinsberg Composition Prize (2019) e il Composition Prize of the State Capital Stuttgart (2023). Nel 2012 ha trascorso sei mesi a Mumbai come artista in residenza della NRW Art Foundation e del Goethe Institute e da allora studia musica indostana (sarod) con il Pandit Brij Narayan.<\/p>","protected":false},"excerpt":{"rendered":"<p>Dopo oltre vent'anni, il compositore e docente Xavier Dayer lascia l'Universit\u00e0 delle Arti di Berna (HKB). Irene Galindo Quero gli succede nel dipartimento di composizione della facolt\u00e0 di musica.<\/p>","protected":false},"author":30,"featured_media":56189,"comment_status":"closed","ping_status":"closed","sticky":false,"template":"","format":"standard","meta":{"_acf_changed":false,"_relevanssi_hide_post":"","_relevanssi_hide_content":"","_relevanssi_pin_for_all":"","_relevanssi_pin_keywords":"","_relevanssi_unpin_keywords":"","_relevanssi_related_keywords":"","_relevanssi_related_include_ids":"","_relevanssi_related_exclude_ids":"","_relevanssi_related_no_append":"","_relevanssi_related_not_related":"","_relevanssi_related_posts":"","_relevanssi_noindex_reason":"","pgc_sgb_lightbox_settings":"","footnotes":""},"categories":[27],"tags":[1881,4223],"class_list":["post-56187","post","type-post","status-publish","format-standard","has-post-thumbnail","hentry","category-news","tag-hkb","tag-irene-galindo-quero"],"acf":[],"yoast_head":"<!-- This site is optimized with the Yoast SEO plugin v27.4 - https:\/\/yoast.com\/product\/yoast-seo-wordpress\/ -->\n<title>Galindo Quero folgt in Bern auf Dayer - Schweizer Musikzeitung<\/title>\n<meta name=\"description\" content=\"Nach \u00fcber zwanzig Jahren verl\u00e4sst Komponist und Dozent Xavier Dayer die HKB. Seine Nachfolge \u00fcbernimmt Irene Galindo Quero.\" \/>\n<meta name=\"robots\" content=\"index, follow, max-snippet:-1, max-image-preview:large, max-video-preview:-1\" \/>\n<link rel=\"canonical\" href=\"https:\/\/www.musikzeitung.ch\/it\/news\/2024\/07\/galindo-quero-folgt-in-bern-auf-dayer\/\" \/>\n<meta property=\"og:locale\" content=\"it_IT\" \/>\n<meta property=\"og:type\" content=\"article\" \/>\n<meta property=\"og:title\" content=\"Galindo Quero folgt in Bern auf Dayer - Schweizer Musikzeitung\" \/>\n<meta property=\"og:description\" content=\"Nach \u00fcber zwanzig Jahren verl\u00e4sst Komponist und Dozent Xavier Dayer die HKB. Seine Nachfolge \u00fcbernimmt Irene Galindo Quero.\" \/>\n<meta property=\"og:url\" content=\"https:\/\/www.musikzeitung.ch\/it\/news\/2024\/07\/galindo-quero-folgt-in-bern-auf-dayer\/\" \/>\n<meta property=\"og:site_name\" content=\"Schweizer Musikzeitung\" \/>\n<meta property=\"article:publisher\" content=\"https:\/\/www.facebook.com\/SchweizerMusikzeitung\/\" \/>\n<meta property=\"article:author\" content=\"https:\/\/www.facebook.com\/wolfgang.bohler.75\" \/>\n<meta property=\"article:published_time\" content=\"2024-07-25T11:59:59+00:00\" \/>\n<meta property=\"article:modified_time\" content=\"2024-07-26T06:46:38+00:00\" \/>\n<meta property=\"og:image\" content=\"https:\/\/www.musikzeitung.ch\/wp-content\/uploads\/2024\/07\/240725hkb.jpg\" \/>\n\t<meta property=\"og:image:width\" content=\"1400\" \/>\n\t<meta property=\"og:image:height\" content=\"697\" \/>\n\t<meta property=\"og:image:type\" content=\"image\/jpeg\" \/>\n<meta name=\"author\" content=\"Wolfgang B\u00f6hler\" \/>\n<meta name=\"twitter:card\" content=\"summary_large_image\" \/>\n<meta name=\"twitter:creator\" content=\"@smusikzeitung\" \/>\n<meta name=\"twitter:site\" content=\"@smusikzeitung\" \/>\n<meta name=\"twitter:label1\" content=\"Scritto da\" \/>\n\t<meta name=\"twitter:data1\" content=\"Wolfgang B\u00f6hler\" \/>\n\t<meta name=\"twitter:label2\" content=\"Tempo di lettura stimato\" \/>\n\t<meta name=\"twitter:data2\" content=\"2 minuti\" \/>\n<script type=\"application\/ld+json\" class=\"yoast-schema-graph\">{\"@context\":\"https:\\\/\\\/schema.org\",\"@graph\":[{\"@type\":\"Article\",\"@id\":\"https:\\\/\\\/www.musikzeitung.ch\\\/news\\\/2024\\\/07\\\/galindo-quero-folgt-in-bern-auf-dayer#article\",\"isPartOf\":{\"@id\":\"https:\\\/\\\/www.musikzeitung.ch\\\/news\\\/2024\\\/07\\\/galindo-quero-folgt-in-bern-auf-dayer\"},\"author\":{\"name\":\"Wolfgang B\u00f6hler\",\"@id\":\"https:\\\/\\\/www.musikzeitung.ch\\\/#\\\/schema\\\/person\\\/0da4fb82d243f1252850a35d0e87cf0c\"},\"headline\":\"Galindo Quero folgt in Bern auf Dayer\",\"datePublished\":\"2024-07-25T11:59:59+00:00\",\"dateModified\":\"2024-07-26T06:46:38+00:00\",\"mainEntityOfPage\":{\"@id\":\"https:\\\/\\\/www.musikzeitung.ch\\\/news\\\/2024\\\/07\\\/galindo-quero-folgt-in-bern-auf-dayer\"},\"wordCount\":212,\"publisher\":{\"@id\":\"https:\\\/\\\/www.musikzeitung.ch\\\/#organization\"},\"image\":{\"@id\":\"https:\\\/\\\/www.musikzeitung.ch\\\/news\\\/2024\\\/07\\\/galindo-quero-folgt-in-bern-auf-dayer#primaryimage\"},\"thumbnailUrl\":\"https:\\\/\\\/www.musikzeitung.ch\\\/wp-content\\\/uploads\\\/2024\\\/07\\\/240725hkb.jpg\",\"keywords\":[\"HKB\",\"Irene Galindo Quero\"],\"articleSection\":[\"News\"],\"inLanguage\":\"it-IT\"},{\"@type\":\"WebPage\",\"@id\":\"https:\\\/\\\/www.musikzeitung.ch\\\/news\\\/2024\\\/07\\\/galindo-quero-folgt-in-bern-auf-dayer\",\"url\":\"https:\\\/\\\/www.musikzeitung.ch\\\/news\\\/2024\\\/07\\\/galindo-quero-folgt-in-bern-auf-dayer\",\"name\":\"Galindo Quero folgt in Bern auf Dayer - Schweizer Musikzeitung\",\"isPartOf\":{\"@id\":\"https:\\\/\\\/www.musikzeitung.ch\\\/#website\"},\"primaryImageOfPage\":{\"@id\":\"https:\\\/\\\/www.musikzeitung.ch\\\/news\\\/2024\\\/07\\\/galindo-quero-folgt-in-bern-auf-dayer#primaryimage\"},\"image\":{\"@id\":\"https:\\\/\\\/www.musikzeitung.ch\\\/news\\\/2024\\\/07\\\/galindo-quero-folgt-in-bern-auf-dayer#primaryimage\"},\"thumbnailUrl\":\"https:\\\/\\\/www.musikzeitung.ch\\\/wp-content\\\/uploads\\\/2024\\\/07\\\/240725hkb.jpg\",\"datePublished\":\"2024-07-25T11:59:59+00:00\",\"dateModified\":\"2024-07-26T06:46:38+00:00\",\"description\":\"Nach \u00fcber zwanzig Jahren verl\u00e4sst Komponist und Dozent Xavier Dayer die HKB. Seine Nachfolge \u00fcbernimmt Irene Galindo Quero.\",\"breadcrumb\":{\"@id\":\"https:\\\/\\\/www.musikzeitung.ch\\\/news\\\/2024\\\/07\\\/galindo-quero-folgt-in-bern-auf-dayer#breadcrumb\"},\"inLanguage\":\"it-IT\",\"potentialAction\":[{\"@type\":\"ReadAction\",\"target\":[\"https:\\\/\\\/www.musikzeitung.ch\\\/news\\\/2024\\\/07\\\/galindo-quero-folgt-in-bern-auf-dayer\"]}]},{\"@type\":\"ImageObject\",\"inLanguage\":\"it-IT\",\"@id\":\"https:\\\/\\\/www.musikzeitung.ch\\\/news\\\/2024\\\/07\\\/galindo-quero-folgt-in-bern-auf-dayer#primaryimage\",\"url\":\"https:\\\/\\\/www.musikzeitung.ch\\\/wp-content\\\/uploads\\\/2024\\\/07\\\/240725hkb.jpg\",\"contentUrl\":\"https:\\\/\\\/www.musikzeitung.ch\\\/wp-content\\\/uploads\\\/2024\\\/07\\\/240725hkb.jpg\",\"width\":1400,\"height\":697,\"caption\":\"Irene Galindo Quero (Bild: HKB\\\/ZVG)\"},{\"@type\":\"BreadcrumbList\",\"@id\":\"https:\\\/\\\/www.musikzeitung.ch\\\/news\\\/2024\\\/07\\\/galindo-quero-folgt-in-bern-auf-dayer#breadcrumb\",\"itemListElement\":[{\"@type\":\"ListItem\",\"position\":1,\"name\":\"Home\",\"item\":\"https:\\\/\\\/www.musikzeitung.ch\\\/\"},{\"@type\":\"ListItem\",\"position\":2,\"name\":\"Galindo Quero folgt in Bern auf Dayer\"}]},{\"@type\":\"WebSite\",\"@id\":\"https:\\\/\\\/www.musikzeitung.ch\\\/#website\",\"url\":\"https:\\\/\\\/www.musikzeitung.ch\\\/\",\"name\":\"Schweizer Musikzeitung\",\"description\":\"Die f\u00fchrende sparten\u00fcbergreifende Monatszeitung in der Schweiz f\u00fcr musikalische Fragen.\",\"publisher\":{\"@id\":\"https:\\\/\\\/www.musikzeitung.ch\\\/#organization\"},\"potentialAction\":[{\"@type\":\"SearchAction\",\"target\":{\"@type\":\"EntryPoint\",\"urlTemplate\":\"https:\\\/\\\/www.musikzeitung.ch\\\/?s={search_term_string}\"},\"query-input\":{\"@type\":\"PropertyValueSpecification\",\"valueRequired\":true,\"valueName\":\"search_term_string\"}}],\"inLanguage\":\"it-IT\"},{\"@type\":\"Organization\",\"@id\":\"https:\\\/\\\/www.musikzeitung.ch\\\/#organization\",\"name\":\"Schweizer Musikzeitung\",\"url\":\"https:\\\/\\\/www.musikzeitung.ch\\\/\",\"logo\":{\"@type\":\"ImageObject\",\"inLanguage\":\"it-IT\",\"@id\":\"https:\\\/\\\/www.musikzeitung.ch\\\/#\\\/schema\\\/logo\\\/image\\\/\",\"url\":\"https:\\\/\\\/www.musikzeitung.ch\\\/wp-content\\\/uploads\\\/2023\\\/01\\\/SMZ_Schriftzug_Sprache.png\",\"contentUrl\":\"https:\\\/\\\/www.musikzeitung.ch\\\/wp-content\\\/uploads\\\/2023\\\/01\\\/SMZ_Schriftzug_Sprache.png\",\"width\":1400,\"height\":279,\"caption\":\"Schweizer Musikzeitung\"},\"image\":{\"@id\":\"https:\\\/\\\/www.musikzeitung.ch\\\/#\\\/schema\\\/logo\\\/image\\\/\"},\"sameAs\":[\"https:\\\/\\\/www.facebook.com\\\/SchweizerMusikzeitung\\\/\",\"https:\\\/\\\/x.com\\\/smusikzeitung\",\"https:\\\/\\\/www.instagram.com\\\/musikzeitung.ch\\\/\"]},{\"@type\":\"Person\",\"@id\":\"https:\\\/\\\/www.musikzeitung.ch\\\/#\\\/schema\\\/person\\\/0da4fb82d243f1252850a35d0e87cf0c\",\"name\":\"Wolfgang B\u00f6hler\",\"image\":{\"@type\":\"ImageObject\",\"inLanguage\":\"it-IT\",\"@id\":\"https:\\\/\\\/www.musikzeitung.ch\\\/wp-content\\\/uploads\\\/2023\\\/01\\\/boehler_portraet_web-e1674139782246-96x96.jpg\",\"url\":\"https:\\\/\\\/www.musikzeitung.ch\\\/wp-content\\\/uploads\\\/2023\\\/01\\\/boehler_portraet_web-e1674139782246-96x96.jpg\",\"contentUrl\":\"https:\\\/\\\/www.musikzeitung.ch\\\/wp-content\\\/uploads\\\/2023\\\/01\\\/boehler_portraet_web-e1674139782246-96x96.jpg\",\"caption\":\"Wolfgang B\u00f6hler\"},\"sameAs\":[\"http:\\\/\\\/www.manacanto.ch\",\"https:\\\/\\\/www.facebook.com\\\/wolfgang.bohler.75\"],\"url\":\"https:\\\/\\\/www.musikzeitung.ch\\\/it\\\/author\\\/wolfgang-boehler\"}]}<\/script>\n<!-- \/ Yoast SEO plugin. -->","yoast_head_json":{"title":"Galindo Quero succede a Dayer a Berna - Schweizer Musikzeitung","description":"Dopo oltre vent'anni, il compositore e docente Xavier Dayer lascia la HKB. Il suo successore \u00e8 Irene Galindo Quero.","robots":{"index":"index","follow":"follow","max-snippet":"max-snippet:-1","max-image-preview":"max-image-preview:large","max-video-preview":"max-video-preview:-1"},"canonical":"https:\/\/www.musikzeitung.ch\/it\/news\/2024\/07\/galindo-quero-folgt-in-bern-auf-dayer\/","og_locale":"it_IT","og_type":"article","og_title":"Galindo Quero folgt in Bern auf Dayer - Schweizer Musikzeitung","og_description":"Nach \u00fcber zwanzig Jahren verl\u00e4sst Komponist und Dozent Xavier Dayer die HKB. Seine Nachfolge \u00fcbernimmt Irene Galindo Quero.","og_url":"https:\/\/www.musikzeitung.ch\/it\/news\/2024\/07\/galindo-quero-folgt-in-bern-auf-dayer\/","og_site_name":"Schweizer Musikzeitung","article_publisher":"https:\/\/www.facebook.com\/SchweizerMusikzeitung\/","article_author":"https:\/\/www.facebook.com\/wolfgang.bohler.75","article_published_time":"2024-07-25T11:59:59+00:00","article_modified_time":"2024-07-26T06:46:38+00:00","og_image":[{"width":1400,"height":697,"url":"https:\/\/www.musikzeitung.ch\/wp-content\/uploads\/2024\/07\/240725hkb.jpg","type":"image\/jpeg"}],"author":"Wolfgang B\u00f6hler","twitter_card":"summary_large_image","twitter_creator":"@smusikzeitung","twitter_site":"@smusikzeitung","twitter_misc":{"Scritto da":"Wolfgang B\u00f6hler","Tempo di lettura stimato":"2 minuti"},"schema":{"@context":"https:\/\/schema.org","@graph":[{"@type":"Article","@id":"https:\/\/www.musikzeitung.ch\/news\/2024\/07\/galindo-quero-folgt-in-bern-auf-dayer#article","isPartOf":{"@id":"https:\/\/www.musikzeitung.ch\/news\/2024\/07\/galindo-quero-folgt-in-bern-auf-dayer"},"author":{"name":"Wolfgang B\u00f6hler","@id":"https:\/\/www.musikzeitung.ch\/#\/schema\/person\/0da4fb82d243f1252850a35d0e87cf0c"},"headline":"Galindo Quero folgt in Bern auf Dayer","datePublished":"2024-07-25T11:59:59+00:00","dateModified":"2024-07-26T06:46:38+00:00","mainEntityOfPage":{"@id":"https:\/\/www.musikzeitung.ch\/news\/2024\/07\/galindo-quero-folgt-in-bern-auf-dayer"},"wordCount":212,"publisher":{"@id":"https:\/\/www.musikzeitung.ch\/#organization"},"image":{"@id":"https:\/\/www.musikzeitung.ch\/news\/2024\/07\/galindo-quero-folgt-in-bern-auf-dayer#primaryimage"},"thumbnailUrl":"https:\/\/www.musikzeitung.ch\/wp-content\/uploads\/2024\/07\/240725hkb.jpg","keywords":["HKB","Irene Galindo Quero"],"articleSection":["News"],"inLanguage":"it-IT"},{"@type":"WebPage","@id":"https:\/\/www.musikzeitung.ch\/news\/2024\/07\/galindo-quero-folgt-in-bern-auf-dayer","url":"https:\/\/www.musikzeitung.ch\/news\/2024\/07\/galindo-quero-folgt-in-bern-auf-dayer","name":"Galindo Quero succede a Dayer a Berna - Schweizer Musikzeitung","isPartOf":{"@id":"https:\/\/www.musikzeitung.ch\/#website"},"primaryImageOfPage":{"@id":"https:\/\/www.musikzeitung.ch\/news\/2024\/07\/galindo-quero-folgt-in-bern-auf-dayer#primaryimage"},"image":{"@id":"https:\/\/www.musikzeitung.ch\/news\/2024\/07\/galindo-quero-folgt-in-bern-auf-dayer#primaryimage"},"thumbnailUrl":"https:\/\/www.musikzeitung.ch\/wp-content\/uploads\/2024\/07\/240725hkb.jpg","datePublished":"2024-07-25T11:59:59+00:00","dateModified":"2024-07-26T06:46:38+00:00","description":"Dopo oltre vent'anni, il compositore e docente Xavier Dayer lascia la HKB. Il suo successore \u00e8 Irene Galindo Quero.","breadcrumb":{"@id":"https:\/\/www.musikzeitung.ch\/news\/2024\/07\/galindo-quero-folgt-in-bern-auf-dayer#breadcrumb"},"inLanguage":"it-IT","potentialAction":[{"@type":"ReadAction","target":["https:\/\/www.musikzeitung.ch\/news\/2024\/07\/galindo-quero-folgt-in-bern-auf-dayer"]}]},{"@type":"ImageObject","inLanguage":"it-IT","@id":"https:\/\/www.musikzeitung.ch\/news\/2024\/07\/galindo-quero-folgt-in-bern-auf-dayer#primaryimage","url":"https:\/\/www.musikzeitung.ch\/wp-content\/uploads\/2024\/07\/240725hkb.jpg","contentUrl":"https:\/\/www.musikzeitung.ch\/wp-content\/uploads\/2024\/07\/240725hkb.jpg","width":1400,"height":697,"caption":"Irene Galindo Quero (Bild: HKB\/ZVG)"},{"@type":"BreadcrumbList","@id":"https:\/\/www.musikzeitung.ch\/news\/2024\/07\/galindo-quero-folgt-in-bern-auf-dayer#breadcrumb","itemListElement":[{"@type":"ListItem","position":1,"name":"Home","item":"https:\/\/www.musikzeitung.ch\/"},{"@type":"ListItem","position":2,"name":"Galindo Quero folgt in Bern auf Dayer"}]},{"@type":"WebSite","@id":"https:\/\/www.musikzeitung.ch\/#website","url":"https:\/\/www.musikzeitung.ch\/","name":"Giornale musicale svizzero","description":"Il principale mensile interdisciplinare della Svizzera per le questioni musicali.","publisher":{"@id":"https:\/\/www.musikzeitung.ch\/#organization"},"potentialAction":[{"@type":"SearchAction","target":{"@type":"EntryPoint","urlTemplate":"https:\/\/www.musikzeitung.ch\/?s={search_term_string}"},"query-input":{"@type":"PropertyValueSpecification","valueRequired":true,"valueName":"search_term_string"}}],"inLanguage":"it-IT"},{"@type":"Organization","@id":"https:\/\/www.musikzeitung.ch\/#organization","name":"Giornale musicale svizzero","url":"https:\/\/www.musikzeitung.ch\/","logo":{"@type":"ImageObject","inLanguage":"it-IT","@id":"https:\/\/www.musikzeitung.ch\/#\/schema\/logo\/image\/","url":"https:\/\/www.musikzeitung.ch\/wp-content\/uploads\/2023\/01\/SMZ_Schriftzug_Sprache.png","contentUrl":"https:\/\/www.musikzeitung.ch\/wp-content\/uploads\/2023\/01\/SMZ_Schriftzug_Sprache.png","width":1400,"height":279,"caption":"Schweizer Musikzeitung"},"image":{"@id":"https:\/\/www.musikzeitung.ch\/#\/schema\/logo\/image\/"},"sameAs":["https:\/\/www.facebook.com\/SchweizerMusikzeitung\/","https:\/\/x.com\/smusikzeitung","https:\/\/www.instagram.com\/musikzeitung.ch\/"]},{"@type":"Person","@id":"https:\/\/www.musikzeitung.ch\/#\/schema\/person\/0da4fb82d243f1252850a35d0e87cf0c","name":"Wolfgang B\u00f6hler","image":{"@type":"ImageObject","inLanguage":"it-IT","@id":"https:\/\/www.musikzeitung.ch\/wp-content\/uploads\/2023\/01\/boehler_portraet_web-e1674139782246-96x96.jpg","url":"https:\/\/www.musikzeitung.ch\/wp-content\/uploads\/2023\/01\/boehler_portraet_web-e1674139782246-96x96.jpg","contentUrl":"https:\/\/www.musikzeitung.ch\/wp-content\/uploads\/2023\/01\/boehler_portraet_web-e1674139782246-96x96.jpg","caption":"Wolfgang B\u00f6hler"},"sameAs":["http:\/\/www.manacanto.ch","https:\/\/www.facebook.com\/wolfgang.bohler.75"],"url":"https:\/\/www.musikzeitung.ch\/it\/author\/wolfgang-boehler"}]}},"publishpress_future_workflow_manual_trigger":{"enabledWorkflows":[]},"_links":{"self":[{"href":"https:\/\/www.musikzeitung.ch\/it\/wp-json\/wp\/v2\/posts\/56187","targetHints":{"allow":["GET"]}}],"collection":[{"href":"https:\/\/www.musikzeitung.ch\/it\/wp-json\/wp\/v2\/posts"}],"about":[{"href":"https:\/\/www.musikzeitung.ch\/it\/wp-json\/wp\/v2\/types\/post"}],"author":[{"embeddable":true,"href":"https:\/\/www.musikzeitung.ch\/it\/wp-json\/wp\/v2\/users\/30"}],"replies":[{"embeddable":true,"href":"https:\/\/www.musikzeitung.ch\/it\/wp-json\/wp\/v2\/comments?post=56187"}],"version-history":[{"count":3,"href":"https:\/\/www.musikzeitung.ch\/it\/wp-json\/wp\/v2\/posts\/56187\/revisions"}],"predecessor-version":[{"id":56191,"href":"https:\/\/www.musikzeitung.ch\/it\/wp-json\/wp\/v2\/posts\/56187\/revisions\/56191"}],"wp:featuredmedia":[{"embeddable":true,"href":"https:\/\/www.musikzeitung.ch\/it\/wp-json\/wp\/v2\/media\/56189"}],"wp:attachment":[{"href":"https:\/\/www.musikzeitung.ch\/it\/wp-json\/wp\/v2\/media?parent=56187"}],"wp:term":[{"taxonomy":"category","embeddable":true,"href":"https:\/\/www.musikzeitung.ch\/it\/wp-json\/wp\/v2\/categories?post=56187"},{"taxonomy":"post_tag","embeddable":true,"href":"https:\/\/www.musikzeitung.ch\/it\/wp-json\/wp\/v2\/tags?post=56187"}],"curies":[{"name":"wp","href":"https:\/\/api.w.org\/{rel}","templated":true}]}}