{"id":56805,"date":"2024-08-15T08:54:42","date_gmt":"2024-08-15T06:54:42","guid":{"rendered":"https:\/\/www.musikzeitung.ch\/?p=56805"},"modified":"2024-08-19T10:22:23","modified_gmt":"2024-08-19T08:22:23","slug":"drei-auszeichnungen-beim-9-neeme-jaervi-prize","status":"publish","type":"post","link":"https:\/\/www.musikzeitung.ch\/it\/news\/2024\/08\/drei-auszeichnungen-beim-9-neeme-jaervi-prize","title":{"rendered":"Tre riconoscimenti al 9\u00b0 Premio Neeme J\u00e4rvi"},"content":{"rendered":"<figure id=\"attachment_56806\" aria-describedby=\"caption-attachment-56806\" style=\"width: 768px\" class=\"wp-caption alignnone\"><img loading=\"lazy\" decoding=\"async\" class=\"wp-image-56806 size-large\" src=\"https:\/\/www.musikzeitung.ch\/wp-content\/uploads\/2024\/08\/240815jaervi-1024x776.jpg\" alt=\"\" width=\"768\" height=\"582\" srcset=\"https:\/\/www.musikzeitung.ch\/wp-content\/uploads\/2024\/08\/240815jaervi-1024x776.jpg 1024w, https:\/\/www.musikzeitung.ch\/wp-content\/uploads\/2024\/08\/240815jaervi-300x227.jpg 300w, https:\/\/www.musikzeitung.ch\/wp-content\/uploads\/2024\/08\/240815jaervi-768x582.jpg 768w, https:\/\/www.musikzeitung.ch\/wp-content\/uploads\/2024\/08\/240815jaervi-16x12.jpg 16w, https:\/\/www.musikzeitung.ch\/wp-content\/uploads\/2024\/08\/240815jaervi-231x175.jpg 231w, https:\/\/www.musikzeitung.ch\/wp-content\/uploads\/2024\/08\/240815jaervi-462x350.jpg 462w, https:\/\/www.musikzeitung.ch\/wp-content\/uploads\/2024\/08\/240815jaervi-1056x800.jpg 1056w, https:\/\/www.musikzeitung.ch\/wp-content\/uploads\/2024\/08\/240815jaervi-920x697.jpg 920w, https:\/\/www.musikzeitung.ch\/wp-content\/uploads\/2024\/08\/240815jaervi.jpg 1101w\" sizes=\"auto, (max-width: 768px) 100vw, 768px\" \/><figcaption id=\"caption-attachment-56806\" class=\"wp-caption-text\">Da sinistra a destra: Johannes Schl\u00e4fli, Omer Ein Zvi, Aliz\u00e9 L\u00e9hon, Gabriel Pernet, Christoph M\u00fcller (Foto: Theresa Pewal)<\/figcaption><\/figure>\n<p>Nelle ultime due settimane, dieci direttori d'orchestra hanno avuto l'opportunit\u00e0 di lavorare con la Gstaad Festival Orchestra nell'ambito della Gstaad Conducting Academy. Sotto la direzione di Jaap van Zweden, direttore musicale della New York Philharmonic, e di Johannes Schlaefli, professore di direzione d'orchestra all'Universit\u00e0 delle Arti di Zurigo, hanno condotto numerose prove e concerti.<\/p>\n<p>In occasione del concerto finale, tre di loro sono stati insigniti del Premio Neeme J\u00e4rvi: Il direttore d'orchestra israeliano Omer Ein Zvi diriger\u00e0 l'Orchestra Sinfonica di Berna come direttore ospite nella prossima stagione. Grazie alla sua vittoria, Aliz\u00e9 L\u00e9hon sar\u00e0 invitata a far parte del Musikkollegium Winterthur e dell'Orchestra Sinfonica di Basilea. Il direttore d'orchestra svizzero Gabriel Pernet ha ottenuto incarichi di direzione ospite con l'Orchestra Sinfonica di Biel Solothurn, l'Orchestra da Camera di Basilea, la Philharmonie S\u00fcdwestfalen e l'Orchestre de Chambre de Lausanne.<\/p>\n<p>La giuria era composta dal presidente Christoph M\u00fcller (direttore artistico del Gstaad Menuhin Festival &amp; Academy), dai professori della Gstaad Conducting Academy Jaap van Zweden e Johannes Schlaefli, nonch\u00e9 da membri delle orchestre partner e della Gstaad Festival Orchestra.<\/p>","protected":false},"excerpt":{"rendered":"<p>Omer Ein Zvi, Aliz\u00e9 L\u00e9hon e Gabriel Pernet sono i vincitori del 9\u00b0 Premio Neeme J\u00e4rvi, assegnato nell'ambito del Gstaad Menuhin Festival &amp; Academy.<\/p>","protected":false},"author":30,"featured_media":56806,"comment_status":"closed","ping_status":"closed","sticky":false,"template":"","format":"standard","meta":{"_acf_changed":false,"_relevanssi_hide_post":"","_relevanssi_hide_content":"","_relevanssi_pin_for_all":"","_relevanssi_pin_keywords":"","_relevanssi_unpin_keywords":"","_relevanssi_related_keywords":"","_relevanssi_related_include_ids":"","_relevanssi_related_exclude_ids":"","_relevanssi_related_no_append":"","_relevanssi_related_not_related":"","_relevanssi_related_posts":"","_relevanssi_noindex_reason":"","pgc_sgb_lightbox_settings":"","footnotes":""},"categories":[27],"tags":[4243,4244,4159,4240,4241],"class_list":["post-56805","post","type-post","status-publish","format-standard","has-post-thumbnail","hentry","category-news","tag-alize-lehon","tag-gabriel-pernet","tag-gstaad-menuhin-festival-academy","tag-neeme-jaervi-prize","tag-omer-ein-zvi"],"acf":[],"yoast_head":"<!-- This site is optimized with the Yoast SEO plugin v27.4 - https:\/\/yoast.com\/product\/yoast-seo-wordpress\/ -->\n<title>Drei Auszeichnungen beim 9.\u00a0Neeme J\u00e4rvi Prize - Schweizer Musikzeitung<\/title>\n<meta name=\"robots\" content=\"index, follow, max-snippet:-1, max-image-preview:large, max-video-preview:-1\" \/>\n<link rel=\"canonical\" href=\"https:\/\/www.musikzeitung.ch\/it\/news\/2024\/08\/drei-auszeichnungen-beim-9-neeme-jaervi-prize\/\" \/>\n<meta property=\"og:locale\" content=\"it_IT\" \/>\n<meta property=\"og:type\" content=\"article\" \/>\n<meta property=\"og:title\" content=\"Drei Auszeichnungen beim 9.\u00a0Neeme J\u00e4rvi Prize - Schweizer Musikzeitung\" \/>\n<meta property=\"og:description\" content=\"Omer Ein Zvi, Aliz\u00e9 L\u00e9hon und Gabriel Pernet heissen die Ausgezeichneten des 9. Neeme J\u00e4rvi Prize, der im Rahmen der Gstaad Menuhin Festival &amp; Academy vergeben worden ist.\" \/>\n<meta property=\"og:url\" content=\"https:\/\/www.musikzeitung.ch\/it\/news\/2024\/08\/drei-auszeichnungen-beim-9-neeme-jaervi-prize\/\" \/>\n<meta property=\"og:site_name\" content=\"Schweizer Musikzeitung\" \/>\n<meta property=\"article:publisher\" content=\"https:\/\/www.facebook.com\/SchweizerMusikzeitung\/\" \/>\n<meta property=\"article:author\" content=\"https:\/\/www.facebook.com\/wolfgang.bohler.75\" \/>\n<meta property=\"article:published_time\" content=\"2024-08-15T06:54:42+00:00\" \/>\n<meta property=\"article:modified_time\" content=\"2024-08-19T08:22:23+00:00\" \/>\n<meta property=\"og:image\" content=\"https:\/\/www.musikzeitung.ch\/wp-content\/uploads\/2024\/08\/240815jaervi.jpg\" \/>\n\t<meta property=\"og:image:width\" content=\"1101\" \/>\n\t<meta property=\"og:image:height\" content=\"834\" \/>\n\t<meta property=\"og:image:type\" content=\"image\/jpeg\" \/>\n<meta name=\"author\" content=\"Wolfgang B\u00f6hler\" \/>\n<meta name=\"twitter:card\" content=\"summary_large_image\" \/>\n<meta name=\"twitter:creator\" content=\"@smusikzeitung\" \/>\n<meta name=\"twitter:site\" content=\"@smusikzeitung\" \/>\n<meta name=\"twitter:label1\" content=\"Scritto da\" \/>\n\t<meta name=\"twitter:data1\" content=\"Wolfgang B\u00f6hler\" \/>\n\t<meta name=\"twitter:label2\" content=\"Tempo di lettura stimato\" \/>\n\t<meta name=\"twitter:data2\" content=\"2 minuti\" \/>\n<script type=\"application\/ld+json\" class=\"yoast-schema-graph\">{\"@context\":\"https:\\\/\\\/schema.org\",\"@graph\":[{\"@type\":\"Article\",\"@id\":\"https:\\\/\\\/www.musikzeitung.ch\\\/news\\\/2024\\\/08\\\/drei-auszeichnungen-beim-9-neeme-jaervi-prize#article\",\"isPartOf\":{\"@id\":\"https:\\\/\\\/www.musikzeitung.ch\\\/news\\\/2024\\\/08\\\/drei-auszeichnungen-beim-9-neeme-jaervi-prize\"},\"author\":{\"name\":\"Wolfgang B\u00f6hler\",\"@id\":\"https:\\\/\\\/www.musikzeitung.ch\\\/#\\\/schema\\\/person\\\/0da4fb82d243f1252850a35d0e87cf0c\"},\"headline\":\"Drei Auszeichnungen beim 9.\u00a0Neeme J\u00e4rvi Prize\",\"datePublished\":\"2024-08-15T06:54:42+00:00\",\"dateModified\":\"2024-08-19T08:22:23+00:00\",\"mainEntityOfPage\":{\"@id\":\"https:\\\/\\\/www.musikzeitung.ch\\\/news\\\/2024\\\/08\\\/drei-auszeichnungen-beim-9-neeme-jaervi-prize\"},\"wordCount\":204,\"publisher\":{\"@id\":\"https:\\\/\\\/www.musikzeitung.ch\\\/#organization\"},\"image\":{\"@id\":\"https:\\\/\\\/www.musikzeitung.ch\\\/news\\\/2024\\\/08\\\/drei-auszeichnungen-beim-9-neeme-jaervi-prize#primaryimage\"},\"thumbnailUrl\":\"https:\\\/\\\/www.musikzeitung.ch\\\/wp-content\\\/uploads\\\/2024\\\/08\\\/240815jaervi.jpg\",\"keywords\":[\"Aliz\u00e9 L\u00e9hon\",\"Gabriel Pernet\",\"Gstaad Menuhin Festival &amp; Academy\",\"Neeme J\u00e4rvi Prize\",\"Omer Ein Zvi\"],\"articleSection\":[\"News\"],\"inLanguage\":\"it-IT\"},{\"@type\":\"WebPage\",\"@id\":\"https:\\\/\\\/www.musikzeitung.ch\\\/news\\\/2024\\\/08\\\/drei-auszeichnungen-beim-9-neeme-jaervi-prize\",\"url\":\"https:\\\/\\\/www.musikzeitung.ch\\\/news\\\/2024\\\/08\\\/drei-auszeichnungen-beim-9-neeme-jaervi-prize\",\"name\":\"Drei Auszeichnungen beim 9.\u00a0Neeme J\u00e4rvi Prize - Schweizer Musikzeitung\",\"isPartOf\":{\"@id\":\"https:\\\/\\\/www.musikzeitung.ch\\\/#website\"},\"primaryImageOfPage\":{\"@id\":\"https:\\\/\\\/www.musikzeitung.ch\\\/news\\\/2024\\\/08\\\/drei-auszeichnungen-beim-9-neeme-jaervi-prize#primaryimage\"},\"image\":{\"@id\":\"https:\\\/\\\/www.musikzeitung.ch\\\/news\\\/2024\\\/08\\\/drei-auszeichnungen-beim-9-neeme-jaervi-prize#primaryimage\"},\"thumbnailUrl\":\"https:\\\/\\\/www.musikzeitung.ch\\\/wp-content\\\/uploads\\\/2024\\\/08\\\/240815jaervi.jpg\",\"datePublished\":\"2024-08-15T06:54:42+00:00\",\"dateModified\":\"2024-08-19T08:22:23+00:00\",\"breadcrumb\":{\"@id\":\"https:\\\/\\\/www.musikzeitung.ch\\\/news\\\/2024\\\/08\\\/drei-auszeichnungen-beim-9-neeme-jaervi-prize#breadcrumb\"},\"inLanguage\":\"it-IT\",\"potentialAction\":[{\"@type\":\"ReadAction\",\"target\":[\"https:\\\/\\\/www.musikzeitung.ch\\\/news\\\/2024\\\/08\\\/drei-auszeichnungen-beim-9-neeme-jaervi-prize\"]}]},{\"@type\":\"ImageObject\",\"inLanguage\":\"it-IT\",\"@id\":\"https:\\\/\\\/www.musikzeitung.ch\\\/news\\\/2024\\\/08\\\/drei-auszeichnungen-beim-9-neeme-jaervi-prize#primaryimage\",\"url\":\"https:\\\/\\\/www.musikzeitung.ch\\\/wp-content\\\/uploads\\\/2024\\\/08\\\/240815jaervi.jpg\",\"contentUrl\":\"https:\\\/\\\/www.musikzeitung.ch\\\/wp-content\\\/uploads\\\/2024\\\/08\\\/240815jaervi.jpg\",\"width\":1101,\"height\":834,\"caption\":\"v.l.n.r.: Johannes Schl\u00e4fli, Omer Ein Zvi, Aliz\u00e9 L\u00e9hon et Gabriel Pernet, Chritoph M\u00fcller (Bild: Theresa Pewal)\"},{\"@type\":\"BreadcrumbList\",\"@id\":\"https:\\\/\\\/www.musikzeitung.ch\\\/news\\\/2024\\\/08\\\/drei-auszeichnungen-beim-9-neeme-jaervi-prize#breadcrumb\",\"itemListElement\":[{\"@type\":\"ListItem\",\"position\":1,\"name\":\"Home\",\"item\":\"https:\\\/\\\/www.musikzeitung.ch\\\/\"},{\"@type\":\"ListItem\",\"position\":2,\"name\":\"Drei Auszeichnungen beim 9.\u00a0Neeme J\u00e4rvi Prize\"}]},{\"@type\":\"WebSite\",\"@id\":\"https:\\\/\\\/www.musikzeitung.ch\\\/#website\",\"url\":\"https:\\\/\\\/www.musikzeitung.ch\\\/\",\"name\":\"Schweizer Musikzeitung\",\"description\":\"Die f\u00fchrende sparten\u00fcbergreifende Monatszeitung in der Schweiz f\u00fcr musikalische Fragen.\",\"publisher\":{\"@id\":\"https:\\\/\\\/www.musikzeitung.ch\\\/#organization\"},\"potentialAction\":[{\"@type\":\"SearchAction\",\"target\":{\"@type\":\"EntryPoint\",\"urlTemplate\":\"https:\\\/\\\/www.musikzeitung.ch\\\/?s={search_term_string}\"},\"query-input\":{\"@type\":\"PropertyValueSpecification\",\"valueRequired\":true,\"valueName\":\"search_term_string\"}}],\"inLanguage\":\"it-IT\"},{\"@type\":\"Organization\",\"@id\":\"https:\\\/\\\/www.musikzeitung.ch\\\/#organization\",\"name\":\"Schweizer Musikzeitung\",\"url\":\"https:\\\/\\\/www.musikzeitung.ch\\\/\",\"logo\":{\"@type\":\"ImageObject\",\"inLanguage\":\"it-IT\",\"@id\":\"https:\\\/\\\/www.musikzeitung.ch\\\/#\\\/schema\\\/logo\\\/image\\\/\",\"url\":\"https:\\\/\\\/www.musikzeitung.ch\\\/wp-content\\\/uploads\\\/2023\\\/01\\\/SMZ_Schriftzug_Sprache.png\",\"contentUrl\":\"https:\\\/\\\/www.musikzeitung.ch\\\/wp-content\\\/uploads\\\/2023\\\/01\\\/SMZ_Schriftzug_Sprache.png\",\"width\":1400,\"height\":279,\"caption\":\"Schweizer Musikzeitung\"},\"image\":{\"@id\":\"https:\\\/\\\/www.musikzeitung.ch\\\/#\\\/schema\\\/logo\\\/image\\\/\"},\"sameAs\":[\"https:\\\/\\\/www.facebook.com\\\/SchweizerMusikzeitung\\\/\",\"https:\\\/\\\/x.com\\\/smusikzeitung\",\"https:\\\/\\\/www.instagram.com\\\/musikzeitung.ch\\\/\"]},{\"@type\":\"Person\",\"@id\":\"https:\\\/\\\/www.musikzeitung.ch\\\/#\\\/schema\\\/person\\\/0da4fb82d243f1252850a35d0e87cf0c\",\"name\":\"Wolfgang B\u00f6hler\",\"image\":{\"@type\":\"ImageObject\",\"inLanguage\":\"it-IT\",\"@id\":\"https:\\\/\\\/www.musikzeitung.ch\\\/wp-content\\\/uploads\\\/2023\\\/01\\\/boehler_portraet_web-e1674139782246-96x96.jpg\",\"url\":\"https:\\\/\\\/www.musikzeitung.ch\\\/wp-content\\\/uploads\\\/2023\\\/01\\\/boehler_portraet_web-e1674139782246-96x96.jpg\",\"contentUrl\":\"https:\\\/\\\/www.musikzeitung.ch\\\/wp-content\\\/uploads\\\/2023\\\/01\\\/boehler_portraet_web-e1674139782246-96x96.jpg\",\"caption\":\"Wolfgang B\u00f6hler\"},\"sameAs\":[\"http:\\\/\\\/www.manacanto.ch\",\"https:\\\/\\\/www.facebook.com\\\/wolfgang.bohler.75\"],\"url\":\"https:\\\/\\\/www.musikzeitung.ch\\\/it\\\/author\\\/wolfgang-boehler\"}]}<\/script>\n<!-- \/ Yoast SEO plugin. -->","yoast_head_json":{"title":"Drei Auszeichnungen beim 9.\u00a0Neeme J\u00e4rvi Prize - Schweizer Musikzeitung","robots":{"index":"index","follow":"follow","max-snippet":"max-snippet:-1","max-image-preview":"max-image-preview:large","max-video-preview":"max-video-preview:-1"},"canonical":"https:\/\/www.musikzeitung.ch\/it\/news\/2024\/08\/drei-auszeichnungen-beim-9-neeme-jaervi-prize\/","og_locale":"it_IT","og_type":"article","og_title":"Drei Auszeichnungen beim 9.\u00a0Neeme J\u00e4rvi Prize - Schweizer Musikzeitung","og_description":"Omer Ein Zvi, Aliz\u00e9 L\u00e9hon und Gabriel Pernet heissen die Ausgezeichneten des 9. Neeme J\u00e4rvi Prize, der im Rahmen der Gstaad Menuhin Festival & Academy vergeben worden ist.","og_url":"https:\/\/www.musikzeitung.ch\/it\/news\/2024\/08\/drei-auszeichnungen-beim-9-neeme-jaervi-prize\/","og_site_name":"Schweizer Musikzeitung","article_publisher":"https:\/\/www.facebook.com\/SchweizerMusikzeitung\/","article_author":"https:\/\/www.facebook.com\/wolfgang.bohler.75","article_published_time":"2024-08-15T06:54:42+00:00","article_modified_time":"2024-08-19T08:22:23+00:00","og_image":[{"width":1101,"height":834,"url":"https:\/\/www.musikzeitung.ch\/wp-content\/uploads\/2024\/08\/240815jaervi.jpg","type":"image\/jpeg"}],"author":"Wolfgang B\u00f6hler","twitter_card":"summary_large_image","twitter_creator":"@smusikzeitung","twitter_site":"@smusikzeitung","twitter_misc":{"Scritto da":"Wolfgang B\u00f6hler","Tempo di lettura stimato":"2 minuti"},"schema":{"@context":"https:\/\/schema.org","@graph":[{"@type":"Article","@id":"https:\/\/www.musikzeitung.ch\/news\/2024\/08\/drei-auszeichnungen-beim-9-neeme-jaervi-prize#article","isPartOf":{"@id":"https:\/\/www.musikzeitung.ch\/news\/2024\/08\/drei-auszeichnungen-beim-9-neeme-jaervi-prize"},"author":{"name":"Wolfgang B\u00f6hler","@id":"https:\/\/www.musikzeitung.ch\/#\/schema\/person\/0da4fb82d243f1252850a35d0e87cf0c"},"headline":"Drei Auszeichnungen beim 9.\u00a0Neeme J\u00e4rvi Prize","datePublished":"2024-08-15T06:54:42+00:00","dateModified":"2024-08-19T08:22:23+00:00","mainEntityOfPage":{"@id":"https:\/\/www.musikzeitung.ch\/news\/2024\/08\/drei-auszeichnungen-beim-9-neeme-jaervi-prize"},"wordCount":204,"publisher":{"@id":"https:\/\/www.musikzeitung.ch\/#organization"},"image":{"@id":"https:\/\/www.musikzeitung.ch\/news\/2024\/08\/drei-auszeichnungen-beim-9-neeme-jaervi-prize#primaryimage"},"thumbnailUrl":"https:\/\/www.musikzeitung.ch\/wp-content\/uploads\/2024\/08\/240815jaervi.jpg","keywords":["Aliz\u00e9 L\u00e9hon","Gabriel Pernet","Gstaad Menuhin Festival &amp; Academy","Neeme J\u00e4rvi Prize","Omer Ein Zvi"],"articleSection":["News"],"inLanguage":"it-IT"},{"@type":"WebPage","@id":"https:\/\/www.musikzeitung.ch\/news\/2024\/08\/drei-auszeichnungen-beim-9-neeme-jaervi-prize","url":"https:\/\/www.musikzeitung.ch\/news\/2024\/08\/drei-auszeichnungen-beim-9-neeme-jaervi-prize","name":"Drei Auszeichnungen beim 9.\u00a0Neeme J\u00e4rvi Prize - Schweizer Musikzeitung","isPartOf":{"@id":"https:\/\/www.musikzeitung.ch\/#website"},"primaryImageOfPage":{"@id":"https:\/\/www.musikzeitung.ch\/news\/2024\/08\/drei-auszeichnungen-beim-9-neeme-jaervi-prize#primaryimage"},"image":{"@id":"https:\/\/www.musikzeitung.ch\/news\/2024\/08\/drei-auszeichnungen-beim-9-neeme-jaervi-prize#primaryimage"},"thumbnailUrl":"https:\/\/www.musikzeitung.ch\/wp-content\/uploads\/2024\/08\/240815jaervi.jpg","datePublished":"2024-08-15T06:54:42+00:00","dateModified":"2024-08-19T08:22:23+00:00","breadcrumb":{"@id":"https:\/\/www.musikzeitung.ch\/news\/2024\/08\/drei-auszeichnungen-beim-9-neeme-jaervi-prize#breadcrumb"},"inLanguage":"it-IT","potentialAction":[{"@type":"ReadAction","target":["https:\/\/www.musikzeitung.ch\/news\/2024\/08\/drei-auszeichnungen-beim-9-neeme-jaervi-prize"]}]},{"@type":"ImageObject","inLanguage":"it-IT","@id":"https:\/\/www.musikzeitung.ch\/news\/2024\/08\/drei-auszeichnungen-beim-9-neeme-jaervi-prize#primaryimage","url":"https:\/\/www.musikzeitung.ch\/wp-content\/uploads\/2024\/08\/240815jaervi.jpg","contentUrl":"https:\/\/www.musikzeitung.ch\/wp-content\/uploads\/2024\/08\/240815jaervi.jpg","width":1101,"height":834,"caption":"v.l.n.r.: Johannes Schl\u00e4fli, Omer Ein Zvi, Aliz\u00e9 L\u00e9hon et Gabriel Pernet, Chritoph M\u00fcller (Bild: Theresa Pewal)"},{"@type":"BreadcrumbList","@id":"https:\/\/www.musikzeitung.ch\/news\/2024\/08\/drei-auszeichnungen-beim-9-neeme-jaervi-prize#breadcrumb","itemListElement":[{"@type":"ListItem","position":1,"name":"Home","item":"https:\/\/www.musikzeitung.ch\/"},{"@type":"ListItem","position":2,"name":"Drei Auszeichnungen beim 9.\u00a0Neeme J\u00e4rvi Prize"}]},{"@type":"WebSite","@id":"https:\/\/www.musikzeitung.ch\/#website","url":"https:\/\/www.musikzeitung.ch\/","name":"Giornale musicale svizzero","description":"Il principale mensile interdisciplinare della Svizzera per le questioni musicali.","publisher":{"@id":"https:\/\/www.musikzeitung.ch\/#organization"},"potentialAction":[{"@type":"SearchAction","target":{"@type":"EntryPoint","urlTemplate":"https:\/\/www.musikzeitung.ch\/?s={search_term_string}"},"query-input":{"@type":"PropertyValueSpecification","valueRequired":true,"valueName":"search_term_string"}}],"inLanguage":"it-IT"},{"@type":"Organization","@id":"https:\/\/www.musikzeitung.ch\/#organization","name":"Giornale musicale svizzero","url":"https:\/\/www.musikzeitung.ch\/","logo":{"@type":"ImageObject","inLanguage":"it-IT","@id":"https:\/\/www.musikzeitung.ch\/#\/schema\/logo\/image\/","url":"https:\/\/www.musikzeitung.ch\/wp-content\/uploads\/2023\/01\/SMZ_Schriftzug_Sprache.png","contentUrl":"https:\/\/www.musikzeitung.ch\/wp-content\/uploads\/2023\/01\/SMZ_Schriftzug_Sprache.png","width":1400,"height":279,"caption":"Schweizer Musikzeitung"},"image":{"@id":"https:\/\/www.musikzeitung.ch\/#\/schema\/logo\/image\/"},"sameAs":["https:\/\/www.facebook.com\/SchweizerMusikzeitung\/","https:\/\/x.com\/smusikzeitung","https:\/\/www.instagram.com\/musikzeitung.ch\/"]},{"@type":"Person","@id":"https:\/\/www.musikzeitung.ch\/#\/schema\/person\/0da4fb82d243f1252850a35d0e87cf0c","name":"Wolfgang B\u00f6hler","image":{"@type":"ImageObject","inLanguage":"it-IT","@id":"https:\/\/www.musikzeitung.ch\/wp-content\/uploads\/2023\/01\/boehler_portraet_web-e1674139782246-96x96.jpg","url":"https:\/\/www.musikzeitung.ch\/wp-content\/uploads\/2023\/01\/boehler_portraet_web-e1674139782246-96x96.jpg","contentUrl":"https:\/\/www.musikzeitung.ch\/wp-content\/uploads\/2023\/01\/boehler_portraet_web-e1674139782246-96x96.jpg","caption":"Wolfgang B\u00f6hler"},"sameAs":["http:\/\/www.manacanto.ch","https:\/\/www.facebook.com\/wolfgang.bohler.75"],"url":"https:\/\/www.musikzeitung.ch\/it\/author\/wolfgang-boehler"}]}},"publishpress_future_workflow_manual_trigger":{"enabledWorkflows":[]},"_links":{"self":[{"href":"https:\/\/www.musikzeitung.ch\/it\/wp-json\/wp\/v2\/posts\/56805","targetHints":{"allow":["GET"]}}],"collection":[{"href":"https:\/\/www.musikzeitung.ch\/it\/wp-json\/wp\/v2\/posts"}],"about":[{"href":"https:\/\/www.musikzeitung.ch\/it\/wp-json\/wp\/v2\/types\/post"}],"author":[{"embeddable":true,"href":"https:\/\/www.musikzeitung.ch\/it\/wp-json\/wp\/v2\/users\/30"}],"replies":[{"embeddable":true,"href":"https:\/\/www.musikzeitung.ch\/it\/wp-json\/wp\/v2\/comments?post=56805"}],"version-history":[{"count":4,"href":"https:\/\/www.musikzeitung.ch\/it\/wp-json\/wp\/v2\/posts\/56805\/revisions"}],"predecessor-version":[{"id":56867,"href":"https:\/\/www.musikzeitung.ch\/it\/wp-json\/wp\/v2\/posts\/56805\/revisions\/56867"}],"wp:featuredmedia":[{"embeddable":true,"href":"https:\/\/www.musikzeitung.ch\/it\/wp-json\/wp\/v2\/media\/56806"}],"wp:attachment":[{"href":"https:\/\/www.musikzeitung.ch\/it\/wp-json\/wp\/v2\/media?parent=56805"}],"wp:term":[{"taxonomy":"category","embeddable":true,"href":"https:\/\/www.musikzeitung.ch\/it\/wp-json\/wp\/v2\/categories?post=56805"},{"taxonomy":"post_tag","embeddable":true,"href":"https:\/\/www.musikzeitung.ch\/it\/wp-json\/wp\/v2\/tags?post=56805"}],"curies":[{"name":"wp","href":"https:\/\/api.w.org\/{rel}","templated":true}]}}